{"id":83413,"date":"2024-12-09T13:02:49","date_gmt":"2024-12-09T16:02:49","guid":{"rendered":"https:\/\/cleitonpinheiro.com.br\/site\/?p=83413"},"modified":"2024-12-09T13:02:54","modified_gmt":"2024-12-09T16:02:54","slug":"stf-forma-maioria-para-validar-trabalho-intermitente","status":"publish","type":"post","link":"https:\/\/cleitonpinheiro.com.br\/site\/stf-forma-maioria-para-validar-trabalho-intermitente\/","title":{"rendered":"STF forma maioria para validar trabalho intermitente"},"content":{"rendered":"\n<figure class=\"wp-block-image size-large\"><img decoding=\"async\" src=\"https:\/\/cleitonpinheiro.com.br\/site\/wp-content\/uploads\/2024\/10\/stf_1908200967-1024x613.webp\" alt=\"\" class=\"wp-image-81969\"\/><\/figure>\n\n\n\n<p>O Supremo Tribunal Federal (STF) formou na sexta-feira (6) maioria de votos para confirmar a constitucionalidade do contrato de trabalho intermitente, inserido na Consolida\u00e7\u00e3o das Leis do Trabalho (CLT) pela reforma trabalhista de 2017.<img decoding=\"async\" src=\"https:\/\/agenciabrasil.ebc.com.br\/ebc.png?id=1622813&amp;o=node\"><img decoding=\"async\" src=\"https:\/\/agenciabrasil.ebc.com.br\/ebc.gif?id=1622813&amp;o=node\"> Pelo placar de 6 votos a 2, os ministros mantiveram as mudan\u00e7as na legisla\u00e7\u00e3o trabalhista para inserir o modelo de contrata\u00e7\u00e3o.<\/p>\n\n\n\n<p>O caso voltou a ser julgado no plen\u00e1rio virtual da Corte ap\u00f3s ser interrompido em setembro deste ano por um pedido de vista do ministro Cristiano Zanin, que votou nesta sexta-feira pela constitucionalidade da tese.<\/p>\n\n\n\n<p>Al\u00e9m de Zanin, os ministros Nunes Marques, Alexandre de Moraes, Andr\u00e9 Mendon\u00e7a, Luiz Fux e Gilmar Mendes se manifestaram a favor da legalidade das altera\u00e7\u00f5es na CLT.<\/p>\n\n\n\n<p>O relator, Edson Fachin, e a ministra Rosa Weber, que se manifestou antes da aposentadoria, consideraram o trabalho intermitente inconstitucional.<\/p>\n\n\n\n<p>Faltam os votos de quatro ministros. A vota\u00e7\u00e3o virtual prossegue at\u00e9 o dia 13 de dezembro.&nbsp;<\/p>\n\n\n\n<p>As a\u00e7\u00f5es no STF que contestam o trabalho intermitente foram protocoladas por sindicatos que atuam na defesa de frentistas, operadores de telemarketing e dos trabalhadores da ind\u00fastria.<\/p>\n\n\n\n<p>Para as entidades, o modelo favorece a precariza\u00e7\u00e3o da rela\u00e7\u00e3o de emprego e o pagamento de remunera\u00e7\u00f5es abaixo do sal\u00e1rio m\u00ednimo, al\u00e9m de impedir a organiza\u00e7\u00e3o coletiva dos trabalhadores.<\/p>\n\n\n\n<p>Conforme definido na reforma trabalhista, o trabalhador intermitente recebe por horas ou dias trabalhados, e tem f\u00e9rias, FGTS e d\u00e9cimo terceiro sal\u00e1rio de forma proporcional ao per\u00edodo trabalhado. No contrato, \u00e9 definido o valor da hora de trabalho, que n\u00e3o pode ser inferior ao sal\u00e1rio m\u00ednimo por hora ou \u00e0 remunera\u00e7\u00e3o dos demais empregados que exer\u00e7am a mesma fun\u00e7\u00e3o.<\/p>\n\n\n\n<p>O empregado deve ser convocado com, no m\u00ednimo, tr\u00eas dias corridos de anteced\u00eancia. No per\u00edodo de inatividade, pode prestar servi\u00e7os a outras empresas. <em>(Da Ag\u00eancia Brasil)<\/em><\/p>\n","protected":false},"excerpt":{"rendered":"<p>O Supremo Tribunal Federal (STF) formou na sexta-feira (6) maioria de votos para confirmar a constitucionalidade do contrato de trabalho intermitente, inserido na Consolida\u00e7\u00e3o das Leis do Trabalho (CLT) pela reforma trabalhista de 2017. Pelo placar de 6 votos a 2, os ministros mantiveram as mudan\u00e7as na legisla\u00e7\u00e3o trabalhista para inserir o modelo de contrata\u00e7\u00e3o. [&hellip;]<\/p>\n","protected":false},"author":10,"featured_media":0,"comment_status":"open","ping_status":"open","sticky":false,"template":"","format":"standard","meta":{"_acf_changed":false,"footnotes":""},"categories":[19,898,21],"tags":[],"class_list":["post-83413","post","type-post","status-publish","format-standard","hentry","category-brasil-mundo","category-manchete-segundaria","category-todas-noticias"],"acf":[],"yoast_head":"<!-- This site is optimized with the Yoast SEO plugin v24.4 - https:\/\/yoast.com\/wordpress\/plugins\/seo\/ -->\n<title>STF forma maioria para validar trabalho intermitente - PORTAL DE NOT\u00cdCIAS CLEITON PINHEIRO<\/title>\n<meta name=\"robots\" content=\"index, follow, max-snippet:-1, max-image-preview:large, max-video-preview:-1\" \/>\n<link rel=\"canonical\" href=\"https:\/\/cleitonpinheiro.com.br\/site\/stf-forma-maioria-para-validar-trabalho-intermitente\/\" \/>\n<meta property=\"og:locale\" content=\"pt_BR\" \/>\n<meta property=\"og:type\" content=\"article\" \/>\n<meta property=\"og:title\" content=\"STF forma maioria para validar trabalho intermitente - PORTAL DE NOT\u00cdCIAS CLEITON PINHEIRO\" \/>\n<meta property=\"og:description\" content=\"O Supremo Tribunal Federal (STF) formou na sexta-feira (6) maioria de votos para confirmar a constitucionalidade do contrato de trabalho intermitente, inserido na Consolida\u00e7\u00e3o das Leis do Trabalho (CLT) pela reforma trabalhista de 2017. Pelo placar de 6 votos a 2, os ministros mantiveram as mudan\u00e7as na legisla\u00e7\u00e3o trabalhista para inserir o modelo de contrata\u00e7\u00e3o. [&hellip;]\" \/>\n<meta property=\"og:url\" content=\"https:\/\/cleitonpinheiro.com.br\/site\/stf-forma-maioria-para-validar-trabalho-intermitente\/\" \/>\n<meta property=\"og:site_name\" content=\"PORTAL DE NOT\u00cdCIAS CLEITON PINHEIRO\" \/>\n<meta property=\"article:publisher\" content=\"https:\/\/www.facebook.com\/portalcpnoticias\/\" \/>\n<meta property=\"article:published_time\" content=\"2024-12-09T16:02:49+00:00\" \/>\n<meta property=\"article:modified_time\" content=\"2024-12-09T16:02:54+00:00\" \/>\n<meta property=\"og:image\" content=\"https:\/\/cleitonpinheiro.com.br\/site\/wp-content\/uploads\/2024\/10\/stf_1908200967.webp\" \/>\n\t<meta property=\"og:image:width\" content=\"1170\" \/>\n\t<meta property=\"og:image:height\" content=\"700\" \/>\n\t<meta property=\"og:image:type\" content=\"image\/webp\" \/>\n<meta name=\"author\" content=\"Cleiton Pinheiro\" \/>\n<meta name=\"twitter:card\" content=\"summary_large_image\" \/>\n<meta name=\"twitter:label1\" content=\"Escrito por\" \/>\n\t<meta name=\"twitter:data1\" content=\"Cleiton Pinheiro\" \/>\n\t<meta name=\"twitter:label2\" content=\"Est. tempo de leitura\" \/>\n\t<meta name=\"twitter:data2\" content=\"3 minutos\" \/>\n<script type=\"application\/ld+json\" class=\"yoast-schema-graph\">{\"@context\":\"https:\/\/schema.org\",\"@graph\":[{\"@type\":\"Article\",\"@id\":\"https:\/\/cleitonpinheiro.com.br\/site\/stf-forma-maioria-para-validar-trabalho-intermitente\/#article\",\"isPartOf\":{\"@id\":\"https:\/\/cleitonpinheiro.com.br\/site\/stf-forma-maioria-para-validar-trabalho-intermitente\/\"},\"author\":{\"name\":\"Cleiton Pinheiro\",\"@id\":\"https:\/\/cleitonpinheiro.com.br\/site\/#\/schema\/person\/62fd4eb98fcc8bd3fc477aaff264af51\"},\"headline\":\"STF forma maioria para validar trabalho intermitente\",\"datePublished\":\"2024-12-09T16:02:49+00:00\",\"dateModified\":\"2024-12-09T16:02:54+00:00\",\"mainEntityOfPage\":{\"@id\":\"https:\/\/cleitonpinheiro.com.br\/site\/stf-forma-maioria-para-validar-trabalho-intermitente\/\"},\"wordCount\":330,\"commentCount\":0,\"publisher\":{\"@id\":\"https:\/\/cleitonpinheiro.com.br\/site\/#organization\"},\"image\":{\"@id\":\"https:\/\/cleitonpinheiro.com.br\/site\/stf-forma-maioria-para-validar-trabalho-intermitente\/#primaryimage\"},\"thumbnailUrl\":\"https:\/\/cleitonpinheiro.com.br\/site\/wp-content\/uploads\/2024\/10\/stf_1908200967-1024x613.webp\",\"articleSection\":[\"BRASIL \/ MUNDO\",\"MANCHETE SEGUND\u00c1RIA\",\"TODAS NOTICIAS\"],\"inLanguage\":\"pt-BR\",\"potentialAction\":[{\"@type\":\"CommentAction\",\"name\":\"Comment\",\"target\":[\"https:\/\/cleitonpinheiro.com.br\/site\/stf-forma-maioria-para-validar-trabalho-intermitente\/#respond\"]}]},{\"@type\":\"WebPage\",\"@id\":\"https:\/\/cleitonpinheiro.com.br\/site\/stf-forma-maioria-para-validar-trabalho-intermitente\/\",\"url\":\"https:\/\/cleitonpinheiro.com.br\/site\/stf-forma-maioria-para-validar-trabalho-intermitente\/\",\"name\":\"STF forma maioria para validar trabalho intermitente - PORTAL DE NOT\u00cdCIAS CLEITON PINHEIRO\",\"isPartOf\":{\"@id\":\"https:\/\/cleitonpinheiro.com.br\/site\/#website\"},\"primaryImageOfPage\":{\"@id\":\"https:\/\/cleitonpinheiro.com.br\/site\/stf-forma-maioria-para-validar-trabalho-intermitente\/#primaryimage\"},\"image\":{\"@id\":\"https:\/\/cleitonpinheiro.com.br\/site\/stf-forma-maioria-para-validar-trabalho-intermitente\/#primaryimage\"},\"thumbnailUrl\":\"https:\/\/cleitonpinheiro.com.br\/site\/wp-content\/uploads\/2024\/10\/stf_1908200967-1024x613.webp\",\"datePublished\":\"2024-12-09T16:02:49+00:00\",\"dateModified\":\"2024-12-09T16:02:54+00:00\",\"breadcrumb\":{\"@id\":\"https:\/\/cleitonpinheiro.com.br\/site\/stf-forma-maioria-para-validar-trabalho-intermitente\/#breadcrumb\"},\"inLanguage\":\"pt-BR\",\"potentialAction\":[{\"@type\":\"ReadAction\",\"target\":[\"https:\/\/cleitonpinheiro.com.br\/site\/stf-forma-maioria-para-validar-trabalho-intermitente\/\"]}]},{\"@type\":\"ImageObject\",\"inLanguage\":\"pt-BR\",\"@id\":\"https:\/\/cleitonpinheiro.com.br\/site\/stf-forma-maioria-para-validar-trabalho-intermitente\/#primaryimage\",\"url\":\"\",\"contentUrl\":\"\"},{\"@type\":\"BreadcrumbList\",\"@id\":\"https:\/\/cleitonpinheiro.com.br\/site\/stf-forma-maioria-para-validar-trabalho-intermitente\/#breadcrumb\",\"itemListElement\":[{\"@type\":\"ListItem\",\"position\":1,\"name\":\"In\u00edcio\",\"item\":\"https:\/\/cleitonpinheiro.com.br\/site\/\"},{\"@type\":\"ListItem\",\"position\":2,\"name\":\"STF forma maioria para validar trabalho intermitente\"}]},{\"@type\":\"WebSite\",\"@id\":\"https:\/\/cleitonpinheiro.com.br\/site\/#website\",\"url\":\"https:\/\/cleitonpinheiro.com.br\/site\/\",\"name\":\"PORTAL DE NOT\u00cdCIAS CLEITON PINHEIRO\",\"description\":\"FALANDO A VERDADE\",\"publisher\":{\"@id\":\"https:\/\/cleitonpinheiro.com.br\/site\/#organization\"},\"potentialAction\":[{\"@type\":\"SearchAction\",\"target\":{\"@type\":\"EntryPoint\",\"urlTemplate\":\"https:\/\/cleitonpinheiro.com.br\/site\/?s={search_term_string}\"},\"query-input\":{\"@type\":\"PropertyValueSpecification\",\"valueRequired\":true,\"valueName\":\"search_term_string\"}}],\"inLanguage\":\"pt-BR\"},{\"@type\":\"Organization\",\"@id\":\"https:\/\/cleitonpinheiro.com.br\/site\/#organization\",\"name\":\"CPNOT\u00cdCIAS\",\"url\":\"https:\/\/cleitonpinheiro.com.br\/site\/\",\"logo\":{\"@type\":\"ImageObject\",\"inLanguage\":\"pt-BR\",\"@id\":\"https:\/\/cleitonpinheiro.com.br\/site\/#\/schema\/logo\/image\/\",\"url\":\"https:\/\/cleitonpinheiro.com.br\/site\/wp-content\/uploads\/2022\/08\/Logo-pequena-2.png\",\"contentUrl\":\"https:\/\/cleitonpinheiro.com.br\/site\/wp-content\/uploads\/2022\/08\/Logo-pequena-2.png\",\"width\":500,\"height\":500,\"caption\":\"CPNOT\u00cdCIAS\"},\"image\":{\"@id\":\"https:\/\/cleitonpinheiro.com.br\/site\/#\/schema\/logo\/image\/\"},\"sameAs\":[\"https:\/\/www.facebook.com\/portalcpnoticias\/\"]},{\"@type\":\"Person\",\"@id\":\"https:\/\/cleitonpinheiro.com.br\/site\/#\/schema\/person\/62fd4eb98fcc8bd3fc477aaff264af51\",\"name\":\"Cleiton Pinheiro\",\"image\":{\"@type\":\"ImageObject\",\"inLanguage\":\"pt-BR\",\"@id\":\"https:\/\/cleitonpinheiro.com.br\/site\/#\/schema\/person\/image\/\",\"url\":\"https:\/\/secure.gravatar.com\/avatar\/15642ec35b78fe5eed3cfa8e4a3f3211d73a3df4f35f0566b4324958cba1b1b9?s=96&r=g\",\"contentUrl\":\"https:\/\/secure.gravatar.com\/avatar\/15642ec35b78fe5eed3cfa8e4a3f3211d73a3df4f35f0566b4324958cba1b1b9?s=96&r=g\",\"caption\":\"Cleiton Pinheiro\"},\"url\":\"https:\/\/cleitonpinheiro.com.br\/site\/author\/cleiton\/\"}]}<\/script>\n<!-- \/ Yoast SEO plugin. -->","yoast_head_json":{"title":"STF forma maioria para validar trabalho intermitente - PORTAL DE NOT\u00cdCIAS CLEITON PINHEIRO","robots":{"index":"index","follow":"follow","max-snippet":"max-snippet:-1","max-image-preview":"max-image-preview:large","max-video-preview":"max-video-preview:-1"},"canonical":"https:\/\/cleitonpinheiro.com.br\/site\/stf-forma-maioria-para-validar-trabalho-intermitente\/","og_locale":"pt_BR","og_type":"article","og_title":"STF forma maioria para validar trabalho intermitente - PORTAL DE NOT\u00cdCIAS CLEITON PINHEIRO","og_description":"O Supremo Tribunal Federal (STF) formou na sexta-feira (6) maioria de votos para confirmar a constitucionalidade do contrato de trabalho intermitente, inserido na Consolida\u00e7\u00e3o das Leis do Trabalho (CLT) pela reforma trabalhista de 2017. Pelo placar de 6 votos a 2, os ministros mantiveram as mudan\u00e7as na legisla\u00e7\u00e3o trabalhista para inserir o modelo de contrata\u00e7\u00e3o. [&hellip;]","og_url":"https:\/\/cleitonpinheiro.com.br\/site\/stf-forma-maioria-para-validar-trabalho-intermitente\/","og_site_name":"PORTAL DE NOT\u00cdCIAS CLEITON PINHEIRO","article_publisher":"https:\/\/www.facebook.com\/portalcpnoticias\/","article_published_time":"2024-12-09T16:02:49+00:00","article_modified_time":"2024-12-09T16:02:54+00:00","og_image":[{"width":1170,"height":700,"url":"https:\/\/cleitonpinheiro.com.br\/site\/wp-content\/uploads\/2024\/10\/stf_1908200967.webp","type":"image\/webp"}],"author":"Cleiton Pinheiro","twitter_card":"summary_large_image","twitter_misc":{"Escrito por":"Cleiton Pinheiro","Est. tempo de leitura":"3 minutos"},"schema":{"@context":"https:\/\/schema.org","@graph":[{"@type":"Article","@id":"https:\/\/cleitonpinheiro.com.br\/site\/stf-forma-maioria-para-validar-trabalho-intermitente\/#article","isPartOf":{"@id":"https:\/\/cleitonpinheiro.com.br\/site\/stf-forma-maioria-para-validar-trabalho-intermitente\/"},"author":{"name":"Cleiton Pinheiro","@id":"https:\/\/cleitonpinheiro.com.br\/site\/#\/schema\/person\/62fd4eb98fcc8bd3fc477aaff264af51"},"headline":"STF forma maioria para validar trabalho intermitente","datePublished":"2024-12-09T16:02:49+00:00","dateModified":"2024-12-09T16:02:54+00:00","mainEntityOfPage":{"@id":"https:\/\/cleitonpinheiro.com.br\/site\/stf-forma-maioria-para-validar-trabalho-intermitente\/"},"wordCount":330,"commentCount":0,"publisher":{"@id":"https:\/\/cleitonpinheiro.com.br\/site\/#organization"},"image":{"@id":"https:\/\/cleitonpinheiro.com.br\/site\/stf-forma-maioria-para-validar-trabalho-intermitente\/#primaryimage"},"thumbnailUrl":"https:\/\/cleitonpinheiro.com.br\/site\/wp-content\/uploads\/2024\/10\/stf_1908200967-1024x613.webp","articleSection":["BRASIL \/ MUNDO","MANCHETE SEGUND\u00c1RIA","TODAS NOTICIAS"],"inLanguage":"pt-BR","potentialAction":[{"@type":"CommentAction","name":"Comment","target":["https:\/\/cleitonpinheiro.com.br\/site\/stf-forma-maioria-para-validar-trabalho-intermitente\/#respond"]}]},{"@type":"WebPage","@id":"https:\/\/cleitonpinheiro.com.br\/site\/stf-forma-maioria-para-validar-trabalho-intermitente\/","url":"https:\/\/cleitonpinheiro.com.br\/site\/stf-forma-maioria-para-validar-trabalho-intermitente\/","name":"STF forma maioria para validar trabalho intermitente - PORTAL DE NOT\u00cdCIAS CLEITON PINHEIRO","isPartOf":{"@id":"https:\/\/cleitonpinheiro.com.br\/site\/#website"},"primaryImageOfPage":{"@id":"https:\/\/cleitonpinheiro.com.br\/site\/stf-forma-maioria-para-validar-trabalho-intermitente\/#primaryimage"},"image":{"@id":"https:\/\/cleitonpinheiro.com.br\/site\/stf-forma-maioria-para-validar-trabalho-intermitente\/#primaryimage"},"thumbnailUrl":"https:\/\/cleitonpinheiro.com.br\/site\/wp-content\/uploads\/2024\/10\/stf_1908200967-1024x613.webp","datePublished":"2024-12-09T16:02:49+00:00","dateModified":"2024-12-09T16:02:54+00:00","breadcrumb":{"@id":"https:\/\/cleitonpinheiro.com.br\/site\/stf-forma-maioria-para-validar-trabalho-intermitente\/#breadcrumb"},"inLanguage":"pt-BR","potentialAction":[{"@type":"ReadAction","target":["https:\/\/cleitonpinheiro.com.br\/site\/stf-forma-maioria-para-validar-trabalho-intermitente\/"]}]},{"@type":"ImageObject","inLanguage":"pt-BR","@id":"https:\/\/cleitonpinheiro.com.br\/site\/stf-forma-maioria-para-validar-trabalho-intermitente\/#primaryimage","url":"","contentUrl":""},{"@type":"BreadcrumbList","@id":"https:\/\/cleitonpinheiro.com.br\/site\/stf-forma-maioria-para-validar-trabalho-intermitente\/#breadcrumb","itemListElement":[{"@type":"ListItem","position":1,"name":"In\u00edcio","item":"https:\/\/cleitonpinheiro.com.br\/site\/"},{"@type":"ListItem","position":2,"name":"STF forma maioria para validar trabalho intermitente"}]},{"@type":"WebSite","@id":"https:\/\/cleitonpinheiro.com.br\/site\/#website","url":"https:\/\/cleitonpinheiro.com.br\/site\/","name":"PORTAL DE NOT\u00cdCIAS CLEITON PINHEIRO","description":"FALANDO A VERDADE","publisher":{"@id":"https:\/\/cleitonpinheiro.com.br\/site\/#organization"},"potentialAction":[{"@type":"SearchAction","target":{"@type":"EntryPoint","urlTemplate":"https:\/\/cleitonpinheiro.com.br\/site\/?s={search_term_string}"},"query-input":{"@type":"PropertyValueSpecification","valueRequired":true,"valueName":"search_term_string"}}],"inLanguage":"pt-BR"},{"@type":"Organization","@id":"https:\/\/cleitonpinheiro.com.br\/site\/#organization","name":"CPNOT\u00cdCIAS","url":"https:\/\/cleitonpinheiro.com.br\/site\/","logo":{"@type":"ImageObject","inLanguage":"pt-BR","@id":"https:\/\/cleitonpinheiro.com.br\/site\/#\/schema\/logo\/image\/","url":"https:\/\/cleitonpinheiro.com.br\/site\/wp-content\/uploads\/2022\/08\/Logo-pequena-2.png","contentUrl":"https:\/\/cleitonpinheiro.com.br\/site\/wp-content\/uploads\/2022\/08\/Logo-pequena-2.png","width":500,"height":500,"caption":"CPNOT\u00cdCIAS"},"image":{"@id":"https:\/\/cleitonpinheiro.com.br\/site\/#\/schema\/logo\/image\/"},"sameAs":["https:\/\/www.facebook.com\/portalcpnoticias\/"]},{"@type":"Person","@id":"https:\/\/cleitonpinheiro.com.br\/site\/#\/schema\/person\/62fd4eb98fcc8bd3fc477aaff264af51","name":"Cleiton Pinheiro","image":{"@type":"ImageObject","inLanguage":"pt-BR","@id":"https:\/\/cleitonpinheiro.com.br\/site\/#\/schema\/person\/image\/","url":"https:\/\/secure.gravatar.com\/avatar\/15642ec35b78fe5eed3cfa8e4a3f3211d73a3df4f35f0566b4324958cba1b1b9?s=96&r=g","contentUrl":"https:\/\/secure.gravatar.com\/avatar\/15642ec35b78fe5eed3cfa8e4a3f3211d73a3df4f35f0566b4324958cba1b1b9?s=96&r=g","caption":"Cleiton Pinheiro"},"url":"https:\/\/cleitonpinheiro.com.br\/site\/author\/cleiton\/"}]}},"views":176,"_links":{"self":[{"href":"https:\/\/cleitonpinheiro.com.br\/site\/wp-json\/wp\/v2\/posts\/83413","targetHints":{"allow":["GET"]}}],"collection":[{"href":"https:\/\/cleitonpinheiro.com.br\/site\/wp-json\/wp\/v2\/posts"}],"about":[{"href":"https:\/\/cleitonpinheiro.com.br\/site\/wp-json\/wp\/v2\/types\/post"}],"author":[{"embeddable":true,"href":"https:\/\/cleitonpinheiro.com.br\/site\/wp-json\/wp\/v2\/users\/10"}],"replies":[{"embeddable":true,"href":"https:\/\/cleitonpinheiro.com.br\/site\/wp-json\/wp\/v2\/comments?post=83413"}],"version-history":[{"count":1,"href":"https:\/\/cleitonpinheiro.com.br\/site\/wp-json\/wp\/v2\/posts\/83413\/revisions"}],"predecessor-version":[{"id":83414,"href":"https:\/\/cleitonpinheiro.com.br\/site\/wp-json\/wp\/v2\/posts\/83413\/revisions\/83414"}],"wp:attachment":[{"href":"https:\/\/cleitonpinheiro.com.br\/site\/wp-json\/wp\/v2\/media?parent=83413"}],"wp:term":[{"taxonomy":"category","embeddable":true,"href":"https:\/\/cleitonpinheiro.com.br\/site\/wp-json\/wp\/v2\/categories?post=83413"},{"taxonomy":"post_tag","embeddable":true,"href":"https:\/\/cleitonpinheiro.com.br\/site\/wp-json\/wp\/v2\/tags?post=83413"}],"curies":[{"name":"wp","href":"https:\/\/api.w.org\/{rel}","templated":true}]}}