{"id":83417,"date":"2024-12-09T13:12:39","date_gmt":"2024-12-09T16:12:39","guid":{"rendered":"https:\/\/cleitonpinheiro.com.br\/site\/?p=83417"},"modified":"2024-12-09T13:15:39","modified_gmt":"2024-12-09T16:15:39","slug":"servico-publico-uniformiza-coleta-de-dados-da-populacao-lgbtqia","status":"publish","type":"post","link":"https:\/\/cleitonpinheiro.com.br\/site\/servico-publico-uniformiza-coleta-de-dados-da-populacao-lgbtqia\/","title":{"rendered":"Servi\u00e7o p\u00fablico uniformiza coleta de dados da popula\u00e7\u00e3o LGBTQIA+"},"content":{"rendered":"\n<figure class=\"wp-block-image size-large\"><img decoding=\"async\" src=\"https:\/\/cleitonpinheiro.com.br\/site\/wp-content\/uploads\/2024\/12\/pride-flag-3822489_0-1024x613.webp\" alt=\"\" class=\"wp-image-83418\"\/><\/figure>\n\n\n\n<p>\u00d3rg\u00e3os p\u00fablicos federais dever\u00e3o usar um formul\u00e1rio padr\u00e3o para atendimento de pessoas LGBTQIA+, sigla que representa a comunidade de l\u00e9sbicas, gays, bissexuais, trans (transg\u00eaneros e travestis), queer, intersexuais, assexuais e demais orienta\u00e7\u00f5es sexuais e identidades de g\u00eanero. O\u00a0<a href=\"https:\/\/www.gov.br\/mdh\/pt-br\/navegue-por-temas\/lgbt\/ApresentaodoPowerPoint.pdf\">documento\u00a0foi disponibilizado<\/a>\u00a0pelo Minist\u00e9rio dos Direitos Humanos e da Cidadania (MDHC) nesta sexta-feira (6).<img decoding=\"async\" src=\"https:\/\/agenciabrasil.ebc.com.br\/ebc.png?id=1622766&amp;o=node\"><img decoding=\"async\" src=\"https:\/\/agenciabrasil.ebc.com.br\/ebc.gif?id=1622766&amp;o=node\"><\/p>\n\n\n\n<p>De acordo com a Secretaria Nacional dos Direitos das Pessoas LGBTQIA+, a uniformiza\u00e7\u00e3o da coleta de dados sobre este p\u00fablico tem os objetivos de combater a viol\u00eancia e garantir que o acesso \u00e0s informa\u00e7\u00f5es no espa\u00e7o p\u00fablico ocorra de maneira \u00e9tica e respeitosa.<\/p>\n\n\n\n<p>A secret\u00e1ria Nacional dos Direitos das Pessoas LGBTQIA+, Symmy Larrat, explica que o formul\u00e1rio orienta como deve ser a coleta de dados dessa popula\u00e7\u00e3o nos sistemas de cadastro do governo. \u201cA uniformiza\u00e7\u00e3o dos questionamentos direcionados \u00e0s pessoas LGBTQIA+ visa garantir o acesso \u00e0s a\u00e7\u00f5es reparat\u00f3rias e afirmativas da gest\u00e3o p\u00fablica e promover um atendimento qualificado e humanizado para essas pessoas\u201d.<\/p>\n\n\n\n<p>A inclus\u00e3o de campos para identifica\u00e7\u00e3o de g\u00eanero e orienta\u00e7\u00e3o sexual em formul\u00e1rios e sistemas de informa\u00e7\u00e3o \u00e9 considerada fundamental para garantia de direitos a elabora\u00e7\u00e3o de pol\u00edticas p\u00fablicas mais adequadas \u00e0 popula\u00e7\u00e3o LGBTQIA+, como prioriza a presidente da Associa\u00e7\u00e3o Nacional de Travestis e Transexuais (Antra), Bruna Benevides. \u201cSaber quantas somos e quem somos \u00e9 medida b\u00e1sica para a democracia e para o reconhecimento da cidadania de grupos minorit\u00e1rios\u201d, diz.<\/p>\n\n\n\n<h2 class=\"wp-block-heading\">Coleta de dados<\/h2>\n\n\n\n<p>O formul\u00e1rio padr\u00e3o apresenta um conjunto de quest\u00f5es relativas \u00e0 identidade de g\u00eanero, orienta\u00e7\u00e3o sexual e caracter\u00edsticas sexuais.<\/p>\n\n\n\n<p>O documento chama aten\u00e7\u00e3o ainda para direitos j\u00e1 conquistados pela popula\u00e7\u00e3o LGBTQIA+, como a obrigatoriedade do uso do nome social. O direito garante \u00e0 pessoa ser reconhecida pelo nome com o qual ela se identifica, com respeito \u00e0 sua identidade de g\u00eanero, independentemente do nome do registro civil de nascimento.<\/p>\n\n\n\n<p>Assim, todas as publica\u00e7\u00f5es, chamadas orais, ou quaisquer outras atividades p\u00fablicas realizadas e que incluam o nome das pessoas, devem adotar o nome social do cidad\u00e3o e n\u00e3o do nome civil, conforme o Decreto n\u00ba 8.727, de 2016.<\/p>\n\n\n\n<p>Para a presidente da Antra, Bruna Benevides, o uso da linguagem inclusiva e livre de preconceitos ajuda a criar um ambiente mais acolhedor e respeitoso. \u201cO nome social \u00e9 uma pol\u00edtica que assegura a dignidade das pessoas trans e precisa estar em todos os bancos de dados de forma simplificada precedendo o nome de registro\u201d, ao falar sobre a demanda hist\u00f3rica do movimento LGBTQIA+.&nbsp;&nbsp;<\/p>\n\n\n\n<h2 class=\"wp-block-heading\">Direitos<\/h2>\n\n\n\n<p>O tratamento respeitoso \u00e0s pessoas LGBTQIA+ em \u00f3rg\u00e3os p\u00fablicos federais \u00e9 um direito fundamental e uma obriga\u00e7\u00e3o legal. Entre as medidas que promovem a inclus\u00e3o e a equidade nos servi\u00e7os prestados est\u00e3o o respeito \u00e0 identidade de g\u00eanero e orienta\u00e7\u00e3o sexual; o acesso igualit\u00e1rio aos servi\u00e7os p\u00fablicos, sem qualquer tipo de barreira ou discrimina\u00e7\u00e3o a pessoas LGBTQIA+.<\/p>\n\n\n\n<p>Os espa\u00e7os de \u00f3rg\u00e3os p\u00fablicos devem ser seguros e acolhedores dentro dos \u00f3rg\u00e3os p\u00fablicos a pessoas LGBTQIA+. A realiza\u00e7\u00e3o de treinamentos de servidores p\u00fablicos e campanhas de conscientiza\u00e7\u00e3o sobre a diversidade sexual e de g\u00eanero contribui para que os profissionais compreendam a import\u00e2ncia do respeito e da inclus\u00e3o.<\/p>\n\n\n\n<h2 class=\"wp-block-heading\">Disque 100<\/h2>\n\n\n\n<p>O Disque Direitos Humanos, o Disque 100, recebe den\u00fancias de viol\u00eancias. O servi\u00e7o gratuito e an\u00f4nimo do Minist\u00e9rio dos Direitos Humanos e da Cidadania recebe, analisa e encaminha as den\u00fancias de viola\u00e7\u00f5es de direitos humanos. O servi\u00e7o est\u00e1 dispon\u00edvel 24 horas por dia, todos os dias, incluindo s\u00e1bados, domingos e feriados. <em>(Da Ag\u00eancia Brasil)<\/em><\/p>\n","protected":false},"excerpt":{"rendered":"<p>\u00d3rg\u00e3os p\u00fablicos federais dever\u00e3o usar um formul\u00e1rio padr\u00e3o para atendimento de pessoas LGBTQIA+, sigla que representa a comunidade de l\u00e9sbicas, gays, bissexuais, trans (transg\u00eaneros e travestis), queer, intersexuais, assexuais e demais orienta\u00e7\u00f5es sexuais e identidades de g\u00eanero. O\u00a0documento\u00a0foi disponibilizado\u00a0pelo Minist\u00e9rio dos Direitos Humanos e da Cidadania (MDHC) nesta sexta-feira (6). De acordo com a Secretaria [&hellip;]<\/p>\n","protected":false},"author":10,"featured_media":0,"comment_status":"open","ping_status":"open","sticky":false,"template":"","format":"standard","meta":{"_acf_changed":false,"footnotes":""},"categories":[19,898,21],"tags":[],"class_list":["post-83417","post","type-post","status-publish","format-standard","hentry","category-brasil-mundo","category-manchete-segundaria","category-todas-noticias"],"acf":[],"yoast_head":"<!-- This site is optimized with the Yoast SEO plugin v24.4 - https:\/\/yoast.com\/wordpress\/plugins\/seo\/ -->\n<title>Servi\u00e7o p\u00fablico uniformiza coleta de dados da popula\u00e7\u00e3o LGBTQIA+ - PORTAL DE NOT\u00cdCIAS CLEITON PINHEIRO<\/title>\n<meta name=\"robots\" content=\"index, follow, max-snippet:-1, max-image-preview:large, max-video-preview:-1\" \/>\n<link rel=\"canonical\" href=\"https:\/\/cleitonpinheiro.com.br\/site\/servico-publico-uniformiza-coleta-de-dados-da-populacao-lgbtqia\/\" \/>\n<meta property=\"og:locale\" content=\"pt_BR\" \/>\n<meta property=\"og:type\" content=\"article\" \/>\n<meta property=\"og:title\" content=\"Servi\u00e7o p\u00fablico uniformiza coleta de dados da popula\u00e7\u00e3o LGBTQIA+ - PORTAL DE NOT\u00cdCIAS CLEITON PINHEIRO\" \/>\n<meta property=\"og:description\" content=\"\u00d3rg\u00e3os p\u00fablicos federais dever\u00e3o usar um formul\u00e1rio padr\u00e3o para atendimento de pessoas LGBTQIA+, sigla que representa a comunidade de l\u00e9sbicas, gays, bissexuais, trans (transg\u00eaneros e travestis), queer, intersexuais, assexuais e demais orienta\u00e7\u00f5es sexuais e identidades de g\u00eanero. O\u00a0documento\u00a0foi disponibilizado\u00a0pelo Minist\u00e9rio dos Direitos Humanos e da Cidadania (MDHC) nesta sexta-feira (6). De acordo com a Secretaria [&hellip;]\" \/>\n<meta property=\"og:url\" content=\"https:\/\/cleitonpinheiro.com.br\/site\/servico-publico-uniformiza-coleta-de-dados-da-populacao-lgbtqia\/\" \/>\n<meta property=\"og:site_name\" content=\"PORTAL DE NOT\u00cdCIAS CLEITON PINHEIRO\" \/>\n<meta property=\"article:publisher\" content=\"https:\/\/www.facebook.com\/portalcpnoticias\/\" \/>\n<meta property=\"article:published_time\" content=\"2024-12-09T16:12:39+00:00\" \/>\n<meta property=\"article:modified_time\" content=\"2024-12-09T16:15:39+00:00\" \/>\n<meta property=\"og:image\" content=\"https:\/\/cleitonpinheiro.com.br\/site\/wp-content\/uploads\/2024\/12\/pride-flag-3822489_0.webp\" \/>\n\t<meta property=\"og:image:width\" content=\"1170\" \/>\n\t<meta property=\"og:image:height\" content=\"700\" \/>\n\t<meta property=\"og:image:type\" content=\"image\/webp\" \/>\n<meta name=\"author\" content=\"Cleiton Pinheiro\" \/>\n<meta name=\"twitter:card\" content=\"summary_large_image\" \/>\n<meta name=\"twitter:label1\" content=\"Escrito por\" \/>\n\t<meta name=\"twitter:data1\" content=\"Cleiton Pinheiro\" \/>\n\t<meta name=\"twitter:label2\" content=\"Est. tempo de leitura\" \/>\n\t<meta name=\"twitter:data2\" content=\"4 minutos\" \/>\n<script type=\"application\/ld+json\" class=\"yoast-schema-graph\">{\"@context\":\"https:\/\/schema.org\",\"@graph\":[{\"@type\":\"Article\",\"@id\":\"https:\/\/cleitonpinheiro.com.br\/site\/servico-publico-uniformiza-coleta-de-dados-da-populacao-lgbtqia\/#article\",\"isPartOf\":{\"@id\":\"https:\/\/cleitonpinheiro.com.br\/site\/servico-publico-uniformiza-coleta-de-dados-da-populacao-lgbtqia\/\"},\"author\":{\"name\":\"Cleiton Pinheiro\",\"@id\":\"https:\/\/cleitonpinheiro.com.br\/site\/#\/schema\/person\/62fd4eb98fcc8bd3fc477aaff264af51\"},\"headline\":\"Servi\u00e7o p\u00fablico uniformiza coleta de dados da popula\u00e7\u00e3o LGBTQIA+\",\"datePublished\":\"2024-12-09T16:12:39+00:00\",\"dateModified\":\"2024-12-09T16:15:39+00:00\",\"mainEntityOfPage\":{\"@id\":\"https:\/\/cleitonpinheiro.com.br\/site\/servico-publico-uniformiza-coleta-de-dados-da-populacao-lgbtqia\/\"},\"wordCount\":646,\"commentCount\":0,\"publisher\":{\"@id\":\"https:\/\/cleitonpinheiro.com.br\/site\/#organization\"},\"image\":{\"@id\":\"https:\/\/cleitonpinheiro.com.br\/site\/servico-publico-uniformiza-coleta-de-dados-da-populacao-lgbtqia\/#primaryimage\"},\"thumbnailUrl\":\"https:\/\/cleitonpinheiro.com.br\/site\/wp-content\/uploads\/2024\/12\/pride-flag-3822489_0-1024x613.webp\",\"articleSection\":[\"BRASIL \/ MUNDO\",\"MANCHETE SEGUND\u00c1RIA\",\"TODAS NOTICIAS\"],\"inLanguage\":\"pt-BR\",\"potentialAction\":[{\"@type\":\"CommentAction\",\"name\":\"Comment\",\"target\":[\"https:\/\/cleitonpinheiro.com.br\/site\/servico-publico-uniformiza-coleta-de-dados-da-populacao-lgbtqia\/#respond\"]}]},{\"@type\":\"WebPage\",\"@id\":\"https:\/\/cleitonpinheiro.com.br\/site\/servico-publico-uniformiza-coleta-de-dados-da-populacao-lgbtqia\/\",\"url\":\"https:\/\/cleitonpinheiro.com.br\/site\/servico-publico-uniformiza-coleta-de-dados-da-populacao-lgbtqia\/\",\"name\":\"Servi\u00e7o p\u00fablico uniformiza coleta de dados da popula\u00e7\u00e3o LGBTQIA+ - PORTAL DE NOT\u00cdCIAS CLEITON PINHEIRO\",\"isPartOf\":{\"@id\":\"https:\/\/cleitonpinheiro.com.br\/site\/#website\"},\"primaryImageOfPage\":{\"@id\":\"https:\/\/cleitonpinheiro.com.br\/site\/servico-publico-uniformiza-coleta-de-dados-da-populacao-lgbtqia\/#primaryimage\"},\"image\":{\"@id\":\"https:\/\/cleitonpinheiro.com.br\/site\/servico-publico-uniformiza-coleta-de-dados-da-populacao-lgbtqia\/#primaryimage\"},\"thumbnailUrl\":\"https:\/\/cleitonpinheiro.com.br\/site\/wp-content\/uploads\/2024\/12\/pride-flag-3822489_0-1024x613.webp\",\"datePublished\":\"2024-12-09T16:12:39+00:00\",\"dateModified\":\"2024-12-09T16:15:39+00:00\",\"breadcrumb\":{\"@id\":\"https:\/\/cleitonpinheiro.com.br\/site\/servico-publico-uniformiza-coleta-de-dados-da-populacao-lgbtqia\/#breadcrumb\"},\"inLanguage\":\"pt-BR\",\"potentialAction\":[{\"@type\":\"ReadAction\",\"target\":[\"https:\/\/cleitonpinheiro.com.br\/site\/servico-publico-uniformiza-coleta-de-dados-da-populacao-lgbtqia\/\"]}]},{\"@type\":\"ImageObject\",\"inLanguage\":\"pt-BR\",\"@id\":\"https:\/\/cleitonpinheiro.com.br\/site\/servico-publico-uniformiza-coleta-de-dados-da-populacao-lgbtqia\/#primaryimage\",\"url\":\"\",\"contentUrl\":\"\"},{\"@type\":\"BreadcrumbList\",\"@id\":\"https:\/\/cleitonpinheiro.com.br\/site\/servico-publico-uniformiza-coleta-de-dados-da-populacao-lgbtqia\/#breadcrumb\",\"itemListElement\":[{\"@type\":\"ListItem\",\"position\":1,\"name\":\"In\u00edcio\",\"item\":\"https:\/\/cleitonpinheiro.com.br\/site\/\"},{\"@type\":\"ListItem\",\"position\":2,\"name\":\"Servi\u00e7o p\u00fablico uniformiza coleta de dados da popula\u00e7\u00e3o LGBTQIA+\"}]},{\"@type\":\"WebSite\",\"@id\":\"https:\/\/cleitonpinheiro.com.br\/site\/#website\",\"url\":\"https:\/\/cleitonpinheiro.com.br\/site\/\",\"name\":\"PORTAL DE NOT\u00cdCIAS CLEITON PINHEIRO\",\"description\":\"FALANDO A VERDADE\",\"publisher\":{\"@id\":\"https:\/\/cleitonpinheiro.com.br\/site\/#organization\"},\"potentialAction\":[{\"@type\":\"SearchAction\",\"target\":{\"@type\":\"EntryPoint\",\"urlTemplate\":\"https:\/\/cleitonpinheiro.com.br\/site\/?s={search_term_string}\"},\"query-input\":{\"@type\":\"PropertyValueSpecification\",\"valueRequired\":true,\"valueName\":\"search_term_string\"}}],\"inLanguage\":\"pt-BR\"},{\"@type\":\"Organization\",\"@id\":\"https:\/\/cleitonpinheiro.com.br\/site\/#organization\",\"name\":\"CPNOT\u00cdCIAS\",\"url\":\"https:\/\/cleitonpinheiro.com.br\/site\/\",\"logo\":{\"@type\":\"ImageObject\",\"inLanguage\":\"pt-BR\",\"@id\":\"https:\/\/cleitonpinheiro.com.br\/site\/#\/schema\/logo\/image\/\",\"url\":\"https:\/\/cleitonpinheiro.com.br\/site\/wp-content\/uploads\/2022\/08\/Logo-pequena-2.png\",\"contentUrl\":\"https:\/\/cleitonpinheiro.com.br\/site\/wp-content\/uploads\/2022\/08\/Logo-pequena-2.png\",\"width\":500,\"height\":500,\"caption\":\"CPNOT\u00cdCIAS\"},\"image\":{\"@id\":\"https:\/\/cleitonpinheiro.com.br\/site\/#\/schema\/logo\/image\/\"},\"sameAs\":[\"https:\/\/www.facebook.com\/portalcpnoticias\/\"]},{\"@type\":\"Person\",\"@id\":\"https:\/\/cleitonpinheiro.com.br\/site\/#\/schema\/person\/62fd4eb98fcc8bd3fc477aaff264af51\",\"name\":\"Cleiton Pinheiro\",\"image\":{\"@type\":\"ImageObject\",\"inLanguage\":\"pt-BR\",\"@id\":\"https:\/\/cleitonpinheiro.com.br\/site\/#\/schema\/person\/image\/\",\"url\":\"https:\/\/secure.gravatar.com\/avatar\/15642ec35b78fe5eed3cfa8e4a3f3211d73a3df4f35f0566b4324958cba1b1b9?s=96&r=g\",\"contentUrl\":\"https:\/\/secure.gravatar.com\/avatar\/15642ec35b78fe5eed3cfa8e4a3f3211d73a3df4f35f0566b4324958cba1b1b9?s=96&r=g\",\"caption\":\"Cleiton Pinheiro\"},\"url\":\"https:\/\/cleitonpinheiro.com.br\/site\/author\/cleiton\/\"}]}<\/script>\n<!-- \/ Yoast SEO plugin. -->","yoast_head_json":{"title":"Servi\u00e7o p\u00fablico uniformiza coleta de dados da popula\u00e7\u00e3o LGBTQIA+ - PORTAL DE NOT\u00cdCIAS CLEITON PINHEIRO","robots":{"index":"index","follow":"follow","max-snippet":"max-snippet:-1","max-image-preview":"max-image-preview:large","max-video-preview":"max-video-preview:-1"},"canonical":"https:\/\/cleitonpinheiro.com.br\/site\/servico-publico-uniformiza-coleta-de-dados-da-populacao-lgbtqia\/","og_locale":"pt_BR","og_type":"article","og_title":"Servi\u00e7o p\u00fablico uniformiza coleta de dados da popula\u00e7\u00e3o LGBTQIA+ - PORTAL DE NOT\u00cdCIAS CLEITON PINHEIRO","og_description":"\u00d3rg\u00e3os p\u00fablicos federais dever\u00e3o usar um formul\u00e1rio padr\u00e3o para atendimento de pessoas LGBTQIA+, sigla que representa a comunidade de l\u00e9sbicas, gays, bissexuais, trans (transg\u00eaneros e travestis), queer, intersexuais, assexuais e demais orienta\u00e7\u00f5es sexuais e identidades de g\u00eanero. O\u00a0documento\u00a0foi disponibilizado\u00a0pelo Minist\u00e9rio dos Direitos Humanos e da Cidadania (MDHC) nesta sexta-feira (6). De acordo com a Secretaria [&hellip;]","og_url":"https:\/\/cleitonpinheiro.com.br\/site\/servico-publico-uniformiza-coleta-de-dados-da-populacao-lgbtqia\/","og_site_name":"PORTAL DE NOT\u00cdCIAS CLEITON PINHEIRO","article_publisher":"https:\/\/www.facebook.com\/portalcpnoticias\/","article_published_time":"2024-12-09T16:12:39+00:00","article_modified_time":"2024-12-09T16:15:39+00:00","og_image":[{"width":1170,"height":700,"url":"https:\/\/cleitonpinheiro.com.br\/site\/wp-content\/uploads\/2024\/12\/pride-flag-3822489_0.webp","type":"image\/webp"}],"author":"Cleiton Pinheiro","twitter_card":"summary_large_image","twitter_misc":{"Escrito por":"Cleiton Pinheiro","Est. tempo de leitura":"4 minutos"},"schema":{"@context":"https:\/\/schema.org","@graph":[{"@type":"Article","@id":"https:\/\/cleitonpinheiro.com.br\/site\/servico-publico-uniformiza-coleta-de-dados-da-populacao-lgbtqia\/#article","isPartOf":{"@id":"https:\/\/cleitonpinheiro.com.br\/site\/servico-publico-uniformiza-coleta-de-dados-da-populacao-lgbtqia\/"},"author":{"name":"Cleiton Pinheiro","@id":"https:\/\/cleitonpinheiro.com.br\/site\/#\/schema\/person\/62fd4eb98fcc8bd3fc477aaff264af51"},"headline":"Servi\u00e7o p\u00fablico uniformiza coleta de dados da popula\u00e7\u00e3o LGBTQIA+","datePublished":"2024-12-09T16:12:39+00:00","dateModified":"2024-12-09T16:15:39+00:00","mainEntityOfPage":{"@id":"https:\/\/cleitonpinheiro.com.br\/site\/servico-publico-uniformiza-coleta-de-dados-da-populacao-lgbtqia\/"},"wordCount":646,"commentCount":0,"publisher":{"@id":"https:\/\/cleitonpinheiro.com.br\/site\/#organization"},"image":{"@id":"https:\/\/cleitonpinheiro.com.br\/site\/servico-publico-uniformiza-coleta-de-dados-da-populacao-lgbtqia\/#primaryimage"},"thumbnailUrl":"https:\/\/cleitonpinheiro.com.br\/site\/wp-content\/uploads\/2024\/12\/pride-flag-3822489_0-1024x613.webp","articleSection":["BRASIL \/ MUNDO","MANCHETE SEGUND\u00c1RIA","TODAS NOTICIAS"],"inLanguage":"pt-BR","potentialAction":[{"@type":"CommentAction","name":"Comment","target":["https:\/\/cleitonpinheiro.com.br\/site\/servico-publico-uniformiza-coleta-de-dados-da-populacao-lgbtqia\/#respond"]}]},{"@type":"WebPage","@id":"https:\/\/cleitonpinheiro.com.br\/site\/servico-publico-uniformiza-coleta-de-dados-da-populacao-lgbtqia\/","url":"https:\/\/cleitonpinheiro.com.br\/site\/servico-publico-uniformiza-coleta-de-dados-da-populacao-lgbtqia\/","name":"Servi\u00e7o p\u00fablico uniformiza coleta de dados da popula\u00e7\u00e3o LGBTQIA+ - PORTAL DE NOT\u00cdCIAS CLEITON PINHEIRO","isPartOf":{"@id":"https:\/\/cleitonpinheiro.com.br\/site\/#website"},"primaryImageOfPage":{"@id":"https:\/\/cleitonpinheiro.com.br\/site\/servico-publico-uniformiza-coleta-de-dados-da-populacao-lgbtqia\/#primaryimage"},"image":{"@id":"https:\/\/cleitonpinheiro.com.br\/site\/servico-publico-uniformiza-coleta-de-dados-da-populacao-lgbtqia\/#primaryimage"},"thumbnailUrl":"https:\/\/cleitonpinheiro.com.br\/site\/wp-content\/uploads\/2024\/12\/pride-flag-3822489_0-1024x613.webp","datePublished":"2024-12-09T16:12:39+00:00","dateModified":"2024-12-09T16:15:39+00:00","breadcrumb":{"@id":"https:\/\/cleitonpinheiro.com.br\/site\/servico-publico-uniformiza-coleta-de-dados-da-populacao-lgbtqia\/#breadcrumb"},"inLanguage":"pt-BR","potentialAction":[{"@type":"ReadAction","target":["https:\/\/cleitonpinheiro.com.br\/site\/servico-publico-uniformiza-coleta-de-dados-da-populacao-lgbtqia\/"]}]},{"@type":"ImageObject","inLanguage":"pt-BR","@id":"https:\/\/cleitonpinheiro.com.br\/site\/servico-publico-uniformiza-coleta-de-dados-da-populacao-lgbtqia\/#primaryimage","url":"","contentUrl":""},{"@type":"BreadcrumbList","@id":"https:\/\/cleitonpinheiro.com.br\/site\/servico-publico-uniformiza-coleta-de-dados-da-populacao-lgbtqia\/#breadcrumb","itemListElement":[{"@type":"ListItem","position":1,"name":"In\u00edcio","item":"https:\/\/cleitonpinheiro.com.br\/site\/"},{"@type":"ListItem","position":2,"name":"Servi\u00e7o p\u00fablico uniformiza coleta de dados da popula\u00e7\u00e3o LGBTQIA+"}]},{"@type":"WebSite","@id":"https:\/\/cleitonpinheiro.com.br\/site\/#website","url":"https:\/\/cleitonpinheiro.com.br\/site\/","name":"PORTAL DE NOT\u00cdCIAS CLEITON PINHEIRO","description":"FALANDO A VERDADE","publisher":{"@id":"https:\/\/cleitonpinheiro.com.br\/site\/#organization"},"potentialAction":[{"@type":"SearchAction","target":{"@type":"EntryPoint","urlTemplate":"https:\/\/cleitonpinheiro.com.br\/site\/?s={search_term_string}"},"query-input":{"@type":"PropertyValueSpecification","valueRequired":true,"valueName":"search_term_string"}}],"inLanguage":"pt-BR"},{"@type":"Organization","@id":"https:\/\/cleitonpinheiro.com.br\/site\/#organization","name":"CPNOT\u00cdCIAS","url":"https:\/\/cleitonpinheiro.com.br\/site\/","logo":{"@type":"ImageObject","inLanguage":"pt-BR","@id":"https:\/\/cleitonpinheiro.com.br\/site\/#\/schema\/logo\/image\/","url":"https:\/\/cleitonpinheiro.com.br\/site\/wp-content\/uploads\/2022\/08\/Logo-pequena-2.png","contentUrl":"https:\/\/cleitonpinheiro.com.br\/site\/wp-content\/uploads\/2022\/08\/Logo-pequena-2.png","width":500,"height":500,"caption":"CPNOT\u00cdCIAS"},"image":{"@id":"https:\/\/cleitonpinheiro.com.br\/site\/#\/schema\/logo\/image\/"},"sameAs":["https:\/\/www.facebook.com\/portalcpnoticias\/"]},{"@type":"Person","@id":"https:\/\/cleitonpinheiro.com.br\/site\/#\/schema\/person\/62fd4eb98fcc8bd3fc477aaff264af51","name":"Cleiton Pinheiro","image":{"@type":"ImageObject","inLanguage":"pt-BR","@id":"https:\/\/cleitonpinheiro.com.br\/site\/#\/schema\/person\/image\/","url":"https:\/\/secure.gravatar.com\/avatar\/15642ec35b78fe5eed3cfa8e4a3f3211d73a3df4f35f0566b4324958cba1b1b9?s=96&r=g","contentUrl":"https:\/\/secure.gravatar.com\/avatar\/15642ec35b78fe5eed3cfa8e4a3f3211d73a3df4f35f0566b4324958cba1b1b9?s=96&r=g","caption":"Cleiton Pinheiro"},"url":"https:\/\/cleitonpinheiro.com.br\/site\/author\/cleiton\/"}]}},"views":195,"_links":{"self":[{"href":"https:\/\/cleitonpinheiro.com.br\/site\/wp-json\/wp\/v2\/posts\/83417","targetHints":{"allow":["GET"]}}],"collection":[{"href":"https:\/\/cleitonpinheiro.com.br\/site\/wp-json\/wp\/v2\/posts"}],"about":[{"href":"https:\/\/cleitonpinheiro.com.br\/site\/wp-json\/wp\/v2\/types\/post"}],"author":[{"embeddable":true,"href":"https:\/\/cleitonpinheiro.com.br\/site\/wp-json\/wp\/v2\/users\/10"}],"replies":[{"embeddable":true,"href":"https:\/\/cleitonpinheiro.com.br\/site\/wp-json\/wp\/v2\/comments?post=83417"}],"version-history":[{"count":1,"href":"https:\/\/cleitonpinheiro.com.br\/site\/wp-json\/wp\/v2\/posts\/83417\/revisions"}],"predecessor-version":[{"id":83419,"href":"https:\/\/cleitonpinheiro.com.br\/site\/wp-json\/wp\/v2\/posts\/83417\/revisions\/83419"}],"wp:attachment":[{"href":"https:\/\/cleitonpinheiro.com.br\/site\/wp-json\/wp\/v2\/media?parent=83417"}],"wp:term":[{"taxonomy":"category","embeddable":true,"href":"https:\/\/cleitonpinheiro.com.br\/site\/wp-json\/wp\/v2\/categories?post=83417"},{"taxonomy":"post_tag","embeddable":true,"href":"https:\/\/cleitonpinheiro.com.br\/site\/wp-json\/wp\/v2\/tags?post=83417"}],"curies":[{"name":"wp","href":"https:\/\/api.w.org\/{rel}","templated":true}]}}