{"id":83426,"date":"2024-12-09T13:39:37","date_gmt":"2024-12-09T16:39:37","guid":{"rendered":"https:\/\/cleitonpinheiro.com.br\/site\/?p=83426"},"modified":"2024-12-09T13:39:40","modified_gmt":"2024-12-09T16:39:40","slug":"inteligencia-artificial-pl-relatado-pelo-senador-eduardo-gomes-entrara-na-pauta-desta-terca","status":"publish","type":"post","link":"https:\/\/cleitonpinheiro.com.br\/site\/inteligencia-artificial-pl-relatado-pelo-senador-eduardo-gomes-entrara-na-pauta-desta-terca\/","title":{"rendered":"Intelig\u00eancia Artificial: PL relatado pelo senador Eduardo Gomes entrar\u00e1 na pauta desta ter\u00e7a"},"content":{"rendered":"\n<figure class=\"wp-block-image size-full\"><img decoding=\"async\" src=\"https:\/\/cleitonpinheiro.com.br\/site\/wp-content\/uploads\/2024\/12\/54184192367_ef72ed4d96_z.jpg\" alt=\"\" class=\"wp-image-83427\"\/><figcaption class=\"wp-element-caption\">Foto: Saulo Cruz\/Ag\u00eancia Senado<\/figcaption><\/figure>\n\n\n\n<p>O Plen\u00e1rio pode votar nesta ter\u00e7a-feira (10) o projeto de lei\u00a0que regulamenta o uso da intelig\u00eancia artificial (IA). A sess\u00e3o deliberativa est\u00e1 marcada para as 14h e tem sete itens na pauta, al\u00e9m da indica\u00e7\u00e3o de autoridades sabatinadas pelas comiss\u00f5es.<\/p>\n\n\n\n<p>O&nbsp;PL 2.338\/2023&nbsp;foi proposto pelo presidente do Senado, Rodrigo Pacheco, e tramita no Plen\u00e1rio em regime de urg\u00eancia. O texto recebeu relat\u00f3rio favor\u00e1vel do senador Eduardo Gomes (PL-TO) na comiss\u00e3o tempor\u00e1ria criada para analisar a mat\u00e9ria.<\/p>\n\n\n\n<p>O projeto prev\u00ea regras para o desenvolvimento e o uso de sistemas de IA. O relat\u00f3rio aprovado pela comiss\u00e3o tempor\u00e1ria exclui da lista de sistemas considerados de alto risco os algoritmos&nbsp;das redes sociais.<\/p>\n\n\n\n<p>Os senadores tamb\u00e9m podem votar o PL 327\/2021, que cria o o Programa de Acelera\u00e7\u00e3o da Transi\u00e7\u00e3o Energ\u00e9tica (Paten). A mat\u00e9ria incentiva a substitui\u00e7\u00e3o de matrizes poluentes por fontes renov\u00e1veis. O projeto da C\u00e2mara dos Deputados foi aprovado pela Comiss\u00e3o de Infraestrutura (CI), com relat\u00f3rio favor\u00e1vel do senador La\u00e9rcio Oliveira (PP-SE).<\/p>\n\n\n\n<p>Outro item na pauta \u00e9 o PL 537\/2019, que cria o Estatuto Profissional dos Trabalhadores Celetistas em Cooperativas. Entre outras medidas, o texto da C\u00e2mara assegura aos cooperados direitos como jornada de trabalho, representa\u00e7\u00e3o sindical e piso salarial. A mat\u00e9ria recebeu relat\u00f3rio favor\u00e1vel do senador Fernando Dueire (MDB-PE) na Comiss\u00e3o de Assuntos Econ\u00f4micos (CAE).<\/p>\n\n\n\n<p>A pauta inclui ainda o PL 1.970\/2019, que institui uma pol\u00edtica para o manejo sustent\u00e1vel do pequi e de outros produtos nativos do Cerrado. A mat\u00e9ria passou pela Comiss\u00e3o de Agricultura (CRA) com relat\u00f3rio favor\u00e1vel da senadora Soraya Thronicke (Podemos-MS).<\/p>\n\n\n\n<p>Os senadores tamb\u00e9m podem votar o projeto de resolu\u00e7\u00e3o (PRS) 64\/2023, que cria a Comenda Ceci Cunha para mulheres com destaque na atividade pol\u00edtica. O texto, do senador Magno Malta (PL-ES), recebeu relat\u00f3rio favor\u00e1vel da senadora Jussara Lima (PSD-PI) na Comiss\u00e3o de Direitos Humanos (CDH).<\/p>\n\n\n\n<p>A comenda \u00e9 uma homenagem \u00e0 ex-deputada alagoana Josefa Santos Cunha, conhecida como Ceci Cunha (1949-1998). Professora e m\u00e9dica, ela foi vereadora em Arapiraca (AL) e deputada federal. Reeleita para a C\u00e2mara em 1998, Ceci foi assassinada a mando de um suplente, Talvane Albuquerque. A parlamentar era m\u00e3e do senador Rodrigo Cunha (Podemos-AL), que tinha 17 anos na \u00e9poca da execu\u00e7\u00e3o.<\/p>\n\n\n\n<p><strong>PECs<br><\/strong>O Plen\u00e1rio discute duas propostas de emenda \u00e0 Constitui\u00e7\u00e3o na ter\u00e7a-feira. Esse tipo de proposi\u00e7\u00e3o precisa passar por cinco sess\u00f5es de discuss\u00e3o antes da vota\u00e7\u00e3o em primeiro turno.<\/p>\n\n\n\n<p>A PEC 3\/2020 define as compet\u00eancias da Uni\u00e3o, dos estados, do Distrito Federal e dos munic\u00edpios sobre defesa e seguran\u00e7a cibern\u00e9tica. O texto do, senador Eduardo Gomes, recebeu relat\u00f3rio favor\u00e1vel do senador Hamilton Mour\u00e3o (Republicanos-RS) na Comiss\u00e3o de Constitui\u00e7\u00e3o e Justi\u00e7a (CCJ) e passa pela terceira sess\u00e3o de discuss\u00e3o em Plen\u00e1rio.<\/p>\n\n\n\n<p>A PEC 18\/2024, da senadora Tereza Cristina (PP-MS), inclui o Pantanal Sul-Mato-Grossense entre os patrim\u00f4nios nacionais. O texto foi aprovado pela CCJ com relat\u00f3rio favor\u00e1vel do senador Jayme Campos (Uni\u00e3o-MT) e deve ser submetido \u00e0 primeira sess\u00e3o de discuss\u00e3o.<\/p>\n\n\n\n<p>Fonte: Ag\u00eancia Senado<\/p>\n","protected":false},"excerpt":{"rendered":"<p>O Plen\u00e1rio pode votar nesta ter\u00e7a-feira (10) o projeto de lei\u00a0que regulamenta o uso da intelig\u00eancia artificial (IA). A sess\u00e3o deliberativa est\u00e1 marcada para as 14h e tem sete itens na pauta, al\u00e9m da indica\u00e7\u00e3o de autoridades sabatinadas pelas comiss\u00f5es. O&nbsp;PL 2.338\/2023&nbsp;foi proposto pelo presidente do Senado, Rodrigo Pacheco, e tramita no Plen\u00e1rio em regime [&hellip;]<\/p>\n","protected":false},"author":10,"featured_media":0,"comment_status":"open","ping_status":"open","sticky":false,"template":"","format":"standard","meta":{"_acf_changed":false,"footnotes":""},"categories":[898,23,21],"tags":[],"class_list":["post-83426","post","type-post","status-publish","format-standard","hentry","category-manchete-segundaria","category-politica","category-todas-noticias"],"acf":[],"yoast_head":"<!-- This site is optimized with the Yoast SEO plugin v24.4 - https:\/\/yoast.com\/wordpress\/plugins\/seo\/ -->\n<title>Intelig\u00eancia Artificial: PL relatado pelo senador Eduardo Gomes entrar\u00e1 na pauta desta ter\u00e7a - PORTAL DE NOT\u00cdCIAS CLEITON PINHEIRO<\/title>\n<meta name=\"robots\" content=\"index, follow, max-snippet:-1, max-image-preview:large, max-video-preview:-1\" \/>\n<link rel=\"canonical\" href=\"https:\/\/cleitonpinheiro.com.br\/site\/inteligencia-artificial-pl-relatado-pelo-senador-eduardo-gomes-entrara-na-pauta-desta-terca\/\" \/>\n<meta property=\"og:locale\" content=\"pt_BR\" \/>\n<meta property=\"og:type\" content=\"article\" \/>\n<meta property=\"og:title\" content=\"Intelig\u00eancia Artificial: PL relatado pelo senador Eduardo Gomes entrar\u00e1 na pauta desta ter\u00e7a - PORTAL DE NOT\u00cdCIAS CLEITON PINHEIRO\" \/>\n<meta property=\"og:description\" content=\"O Plen\u00e1rio pode votar nesta ter\u00e7a-feira (10) o projeto de lei\u00a0que regulamenta o uso da intelig\u00eancia artificial (IA). A sess\u00e3o deliberativa est\u00e1 marcada para as 14h e tem sete itens na pauta, al\u00e9m da indica\u00e7\u00e3o de autoridades sabatinadas pelas comiss\u00f5es. O&nbsp;PL 2.338\/2023&nbsp;foi proposto pelo presidente do Senado, Rodrigo Pacheco, e tramita no Plen\u00e1rio em regime [&hellip;]\" \/>\n<meta property=\"og:url\" content=\"https:\/\/cleitonpinheiro.com.br\/site\/inteligencia-artificial-pl-relatado-pelo-senador-eduardo-gomes-entrara-na-pauta-desta-terca\/\" \/>\n<meta property=\"og:site_name\" content=\"PORTAL DE NOT\u00cdCIAS CLEITON PINHEIRO\" \/>\n<meta property=\"article:publisher\" content=\"https:\/\/www.facebook.com\/portalcpnoticias\/\" \/>\n<meta property=\"article:published_time\" content=\"2024-12-09T16:39:37+00:00\" \/>\n<meta property=\"article:modified_time\" content=\"2024-12-09T16:39:40+00:00\" \/>\n<meta property=\"og:image\" content=\"https:\/\/cleitonpinheiro.com.br\/site\/wp-content\/uploads\/2024\/12\/54184192367_ef72ed4d96_z.jpg\" \/>\n\t<meta property=\"og:image:width\" content=\"640\" \/>\n\t<meta property=\"og:image:height\" content=\"427\" \/>\n\t<meta property=\"og:image:type\" content=\"image\/jpeg\" \/>\n<meta name=\"author\" content=\"Cleiton Pinheiro\" \/>\n<meta name=\"twitter:card\" content=\"summary_large_image\" \/>\n<meta name=\"twitter:label1\" content=\"Escrito por\" \/>\n\t<meta name=\"twitter:data1\" content=\"Cleiton Pinheiro\" \/>\n\t<meta name=\"twitter:label2\" content=\"Est. tempo de leitura\" \/>\n\t<meta name=\"twitter:data2\" content=\"4 minutos\" \/>\n<script type=\"application\/ld+json\" class=\"yoast-schema-graph\">{\"@context\":\"https:\/\/schema.org\",\"@graph\":[{\"@type\":\"Article\",\"@id\":\"https:\/\/cleitonpinheiro.com.br\/site\/inteligencia-artificial-pl-relatado-pelo-senador-eduardo-gomes-entrara-na-pauta-desta-terca\/#article\",\"isPartOf\":{\"@id\":\"https:\/\/cleitonpinheiro.com.br\/site\/inteligencia-artificial-pl-relatado-pelo-senador-eduardo-gomes-entrara-na-pauta-desta-terca\/\"},\"author\":{\"name\":\"Cleiton Pinheiro\",\"@id\":\"https:\/\/cleitonpinheiro.com.br\/site\/#\/schema\/person\/62fd4eb98fcc8bd3fc477aaff264af51\"},\"headline\":\"Intelig\u00eancia Artificial: PL relatado pelo senador Eduardo Gomes entrar\u00e1 na pauta desta ter\u00e7a\",\"datePublished\":\"2024-12-09T16:39:37+00:00\",\"dateModified\":\"2024-12-09T16:39:40+00:00\",\"mainEntityOfPage\":{\"@id\":\"https:\/\/cleitonpinheiro.com.br\/site\/inteligencia-artificial-pl-relatado-pelo-senador-eduardo-gomes-entrara-na-pauta-desta-terca\/\"},\"wordCount\":574,\"commentCount\":0,\"publisher\":{\"@id\":\"https:\/\/cleitonpinheiro.com.br\/site\/#organization\"},\"image\":{\"@id\":\"https:\/\/cleitonpinheiro.com.br\/site\/inteligencia-artificial-pl-relatado-pelo-senador-eduardo-gomes-entrara-na-pauta-desta-terca\/#primaryimage\"},\"thumbnailUrl\":\"https:\/\/cleitonpinheiro.com.br\/site\/wp-content\/uploads\/2024\/12\/54184192367_ef72ed4d96_z.jpg\",\"articleSection\":[\"MANCHETE SEGUND\u00c1RIA\",\"POL\u00cdTICA\",\"TODAS NOTICIAS\"],\"inLanguage\":\"pt-BR\",\"potentialAction\":[{\"@type\":\"CommentAction\",\"name\":\"Comment\",\"target\":[\"https:\/\/cleitonpinheiro.com.br\/site\/inteligencia-artificial-pl-relatado-pelo-senador-eduardo-gomes-entrara-na-pauta-desta-terca\/#respond\"]}]},{\"@type\":\"WebPage\",\"@id\":\"https:\/\/cleitonpinheiro.com.br\/site\/inteligencia-artificial-pl-relatado-pelo-senador-eduardo-gomes-entrara-na-pauta-desta-terca\/\",\"url\":\"https:\/\/cleitonpinheiro.com.br\/site\/inteligencia-artificial-pl-relatado-pelo-senador-eduardo-gomes-entrara-na-pauta-desta-terca\/\",\"name\":\"Intelig\u00eancia Artificial: PL relatado pelo senador Eduardo Gomes entrar\u00e1 na pauta desta ter\u00e7a - PORTAL DE NOT\u00cdCIAS CLEITON PINHEIRO\",\"isPartOf\":{\"@id\":\"https:\/\/cleitonpinheiro.com.br\/site\/#website\"},\"primaryImageOfPage\":{\"@id\":\"https:\/\/cleitonpinheiro.com.br\/site\/inteligencia-artificial-pl-relatado-pelo-senador-eduardo-gomes-entrara-na-pauta-desta-terca\/#primaryimage\"},\"image\":{\"@id\":\"https:\/\/cleitonpinheiro.com.br\/site\/inteligencia-artificial-pl-relatado-pelo-senador-eduardo-gomes-entrara-na-pauta-desta-terca\/#primaryimage\"},\"thumbnailUrl\":\"https:\/\/cleitonpinheiro.com.br\/site\/wp-content\/uploads\/2024\/12\/54184192367_ef72ed4d96_z.jpg\",\"datePublished\":\"2024-12-09T16:39:37+00:00\",\"dateModified\":\"2024-12-09T16:39:40+00:00\",\"breadcrumb\":{\"@id\":\"https:\/\/cleitonpinheiro.com.br\/site\/inteligencia-artificial-pl-relatado-pelo-senador-eduardo-gomes-entrara-na-pauta-desta-terca\/#breadcrumb\"},\"inLanguage\":\"pt-BR\",\"potentialAction\":[{\"@type\":\"ReadAction\",\"target\":[\"https:\/\/cleitonpinheiro.com.br\/site\/inteligencia-artificial-pl-relatado-pelo-senador-eduardo-gomes-entrara-na-pauta-desta-terca\/\"]}]},{\"@type\":\"ImageObject\",\"inLanguage\":\"pt-BR\",\"@id\":\"https:\/\/cleitonpinheiro.com.br\/site\/inteligencia-artificial-pl-relatado-pelo-senador-eduardo-gomes-entrara-na-pauta-desta-terca\/#primaryimage\",\"url\":\"\",\"contentUrl\":\"\"},{\"@type\":\"BreadcrumbList\",\"@id\":\"https:\/\/cleitonpinheiro.com.br\/site\/inteligencia-artificial-pl-relatado-pelo-senador-eduardo-gomes-entrara-na-pauta-desta-terca\/#breadcrumb\",\"itemListElement\":[{\"@type\":\"ListItem\",\"position\":1,\"name\":\"In\u00edcio\",\"item\":\"https:\/\/cleitonpinheiro.com.br\/site\/\"},{\"@type\":\"ListItem\",\"position\":2,\"name\":\"Intelig\u00eancia Artificial: PL relatado pelo senador Eduardo Gomes entrar\u00e1 na pauta desta ter\u00e7a\"}]},{\"@type\":\"WebSite\",\"@id\":\"https:\/\/cleitonpinheiro.com.br\/site\/#website\",\"url\":\"https:\/\/cleitonpinheiro.com.br\/site\/\",\"name\":\"PORTAL DE NOT\u00cdCIAS CLEITON PINHEIRO\",\"description\":\"FALANDO A VERDADE\",\"publisher\":{\"@id\":\"https:\/\/cleitonpinheiro.com.br\/site\/#organization\"},\"potentialAction\":[{\"@type\":\"SearchAction\",\"target\":{\"@type\":\"EntryPoint\",\"urlTemplate\":\"https:\/\/cleitonpinheiro.com.br\/site\/?s={search_term_string}\"},\"query-input\":{\"@type\":\"PropertyValueSpecification\",\"valueRequired\":true,\"valueName\":\"search_term_string\"}}],\"inLanguage\":\"pt-BR\"},{\"@type\":\"Organization\",\"@id\":\"https:\/\/cleitonpinheiro.com.br\/site\/#organization\",\"name\":\"CPNOT\u00cdCIAS\",\"url\":\"https:\/\/cleitonpinheiro.com.br\/site\/\",\"logo\":{\"@type\":\"ImageObject\",\"inLanguage\":\"pt-BR\",\"@id\":\"https:\/\/cleitonpinheiro.com.br\/site\/#\/schema\/logo\/image\/\",\"url\":\"https:\/\/cleitonpinheiro.com.br\/site\/wp-content\/uploads\/2022\/08\/Logo-pequena-2.png\",\"contentUrl\":\"https:\/\/cleitonpinheiro.com.br\/site\/wp-content\/uploads\/2022\/08\/Logo-pequena-2.png\",\"width\":500,\"height\":500,\"caption\":\"CPNOT\u00cdCIAS\"},\"image\":{\"@id\":\"https:\/\/cleitonpinheiro.com.br\/site\/#\/schema\/logo\/image\/\"},\"sameAs\":[\"https:\/\/www.facebook.com\/portalcpnoticias\/\"]},{\"@type\":\"Person\",\"@id\":\"https:\/\/cleitonpinheiro.com.br\/site\/#\/schema\/person\/62fd4eb98fcc8bd3fc477aaff264af51\",\"name\":\"Cleiton Pinheiro\",\"image\":{\"@type\":\"ImageObject\",\"inLanguage\":\"pt-BR\",\"@id\":\"https:\/\/cleitonpinheiro.com.br\/site\/#\/schema\/person\/image\/\",\"url\":\"https:\/\/secure.gravatar.com\/avatar\/15642ec35b78fe5eed3cfa8e4a3f3211d73a3df4f35f0566b4324958cba1b1b9?s=96&r=g\",\"contentUrl\":\"https:\/\/secure.gravatar.com\/avatar\/15642ec35b78fe5eed3cfa8e4a3f3211d73a3df4f35f0566b4324958cba1b1b9?s=96&r=g\",\"caption\":\"Cleiton Pinheiro\"},\"url\":\"https:\/\/cleitonpinheiro.com.br\/site\/author\/cleiton\/\"}]}<\/script>\n<!-- \/ Yoast SEO plugin. -->","yoast_head_json":{"title":"Intelig\u00eancia Artificial: PL relatado pelo senador Eduardo Gomes entrar\u00e1 na pauta desta ter\u00e7a - PORTAL DE NOT\u00cdCIAS CLEITON PINHEIRO","robots":{"index":"index","follow":"follow","max-snippet":"max-snippet:-1","max-image-preview":"max-image-preview:large","max-video-preview":"max-video-preview:-1"},"canonical":"https:\/\/cleitonpinheiro.com.br\/site\/inteligencia-artificial-pl-relatado-pelo-senador-eduardo-gomes-entrara-na-pauta-desta-terca\/","og_locale":"pt_BR","og_type":"article","og_title":"Intelig\u00eancia Artificial: PL relatado pelo senador Eduardo Gomes entrar\u00e1 na pauta desta ter\u00e7a - PORTAL DE NOT\u00cdCIAS CLEITON PINHEIRO","og_description":"O Plen\u00e1rio pode votar nesta ter\u00e7a-feira (10) o projeto de lei\u00a0que regulamenta o uso da intelig\u00eancia artificial (IA). A sess\u00e3o deliberativa est\u00e1 marcada para as 14h e tem sete itens na pauta, al\u00e9m da indica\u00e7\u00e3o de autoridades sabatinadas pelas comiss\u00f5es. O&nbsp;PL 2.338\/2023&nbsp;foi proposto pelo presidente do Senado, Rodrigo Pacheco, e tramita no Plen\u00e1rio em regime [&hellip;]","og_url":"https:\/\/cleitonpinheiro.com.br\/site\/inteligencia-artificial-pl-relatado-pelo-senador-eduardo-gomes-entrara-na-pauta-desta-terca\/","og_site_name":"PORTAL DE NOT\u00cdCIAS CLEITON PINHEIRO","article_publisher":"https:\/\/www.facebook.com\/portalcpnoticias\/","article_published_time":"2024-12-09T16:39:37+00:00","article_modified_time":"2024-12-09T16:39:40+00:00","og_image":[{"width":640,"height":427,"url":"https:\/\/cleitonpinheiro.com.br\/site\/wp-content\/uploads\/2024\/12\/54184192367_ef72ed4d96_z.jpg","type":"image\/jpeg"}],"author":"Cleiton Pinheiro","twitter_card":"summary_large_image","twitter_misc":{"Escrito por":"Cleiton Pinheiro","Est. tempo de leitura":"4 minutos"},"schema":{"@context":"https:\/\/schema.org","@graph":[{"@type":"Article","@id":"https:\/\/cleitonpinheiro.com.br\/site\/inteligencia-artificial-pl-relatado-pelo-senador-eduardo-gomes-entrara-na-pauta-desta-terca\/#article","isPartOf":{"@id":"https:\/\/cleitonpinheiro.com.br\/site\/inteligencia-artificial-pl-relatado-pelo-senador-eduardo-gomes-entrara-na-pauta-desta-terca\/"},"author":{"name":"Cleiton Pinheiro","@id":"https:\/\/cleitonpinheiro.com.br\/site\/#\/schema\/person\/62fd4eb98fcc8bd3fc477aaff264af51"},"headline":"Intelig\u00eancia Artificial: PL relatado pelo senador Eduardo Gomes entrar\u00e1 na pauta desta ter\u00e7a","datePublished":"2024-12-09T16:39:37+00:00","dateModified":"2024-12-09T16:39:40+00:00","mainEntityOfPage":{"@id":"https:\/\/cleitonpinheiro.com.br\/site\/inteligencia-artificial-pl-relatado-pelo-senador-eduardo-gomes-entrara-na-pauta-desta-terca\/"},"wordCount":574,"commentCount":0,"publisher":{"@id":"https:\/\/cleitonpinheiro.com.br\/site\/#organization"},"image":{"@id":"https:\/\/cleitonpinheiro.com.br\/site\/inteligencia-artificial-pl-relatado-pelo-senador-eduardo-gomes-entrara-na-pauta-desta-terca\/#primaryimage"},"thumbnailUrl":"https:\/\/cleitonpinheiro.com.br\/site\/wp-content\/uploads\/2024\/12\/54184192367_ef72ed4d96_z.jpg","articleSection":["MANCHETE SEGUND\u00c1RIA","POL\u00cdTICA","TODAS NOTICIAS"],"inLanguage":"pt-BR","potentialAction":[{"@type":"CommentAction","name":"Comment","target":["https:\/\/cleitonpinheiro.com.br\/site\/inteligencia-artificial-pl-relatado-pelo-senador-eduardo-gomes-entrara-na-pauta-desta-terca\/#respond"]}]},{"@type":"WebPage","@id":"https:\/\/cleitonpinheiro.com.br\/site\/inteligencia-artificial-pl-relatado-pelo-senador-eduardo-gomes-entrara-na-pauta-desta-terca\/","url":"https:\/\/cleitonpinheiro.com.br\/site\/inteligencia-artificial-pl-relatado-pelo-senador-eduardo-gomes-entrara-na-pauta-desta-terca\/","name":"Intelig\u00eancia Artificial: PL relatado pelo senador Eduardo Gomes entrar\u00e1 na pauta desta ter\u00e7a - PORTAL DE NOT\u00cdCIAS CLEITON PINHEIRO","isPartOf":{"@id":"https:\/\/cleitonpinheiro.com.br\/site\/#website"},"primaryImageOfPage":{"@id":"https:\/\/cleitonpinheiro.com.br\/site\/inteligencia-artificial-pl-relatado-pelo-senador-eduardo-gomes-entrara-na-pauta-desta-terca\/#primaryimage"},"image":{"@id":"https:\/\/cleitonpinheiro.com.br\/site\/inteligencia-artificial-pl-relatado-pelo-senador-eduardo-gomes-entrara-na-pauta-desta-terca\/#primaryimage"},"thumbnailUrl":"https:\/\/cleitonpinheiro.com.br\/site\/wp-content\/uploads\/2024\/12\/54184192367_ef72ed4d96_z.jpg","datePublished":"2024-12-09T16:39:37+00:00","dateModified":"2024-12-09T16:39:40+00:00","breadcrumb":{"@id":"https:\/\/cleitonpinheiro.com.br\/site\/inteligencia-artificial-pl-relatado-pelo-senador-eduardo-gomes-entrara-na-pauta-desta-terca\/#breadcrumb"},"inLanguage":"pt-BR","potentialAction":[{"@type":"ReadAction","target":["https:\/\/cleitonpinheiro.com.br\/site\/inteligencia-artificial-pl-relatado-pelo-senador-eduardo-gomes-entrara-na-pauta-desta-terca\/"]}]},{"@type":"ImageObject","inLanguage":"pt-BR","@id":"https:\/\/cleitonpinheiro.com.br\/site\/inteligencia-artificial-pl-relatado-pelo-senador-eduardo-gomes-entrara-na-pauta-desta-terca\/#primaryimage","url":"","contentUrl":""},{"@type":"BreadcrumbList","@id":"https:\/\/cleitonpinheiro.com.br\/site\/inteligencia-artificial-pl-relatado-pelo-senador-eduardo-gomes-entrara-na-pauta-desta-terca\/#breadcrumb","itemListElement":[{"@type":"ListItem","position":1,"name":"In\u00edcio","item":"https:\/\/cleitonpinheiro.com.br\/site\/"},{"@type":"ListItem","position":2,"name":"Intelig\u00eancia Artificial: PL relatado pelo senador Eduardo Gomes entrar\u00e1 na pauta desta ter\u00e7a"}]},{"@type":"WebSite","@id":"https:\/\/cleitonpinheiro.com.br\/site\/#website","url":"https:\/\/cleitonpinheiro.com.br\/site\/","name":"PORTAL DE NOT\u00cdCIAS CLEITON PINHEIRO","description":"FALANDO A VERDADE","publisher":{"@id":"https:\/\/cleitonpinheiro.com.br\/site\/#organization"},"potentialAction":[{"@type":"SearchAction","target":{"@type":"EntryPoint","urlTemplate":"https:\/\/cleitonpinheiro.com.br\/site\/?s={search_term_string}"},"query-input":{"@type":"PropertyValueSpecification","valueRequired":true,"valueName":"search_term_string"}}],"inLanguage":"pt-BR"},{"@type":"Organization","@id":"https:\/\/cleitonpinheiro.com.br\/site\/#organization","name":"CPNOT\u00cdCIAS","url":"https:\/\/cleitonpinheiro.com.br\/site\/","logo":{"@type":"ImageObject","inLanguage":"pt-BR","@id":"https:\/\/cleitonpinheiro.com.br\/site\/#\/schema\/logo\/image\/","url":"https:\/\/cleitonpinheiro.com.br\/site\/wp-content\/uploads\/2022\/08\/Logo-pequena-2.png","contentUrl":"https:\/\/cleitonpinheiro.com.br\/site\/wp-content\/uploads\/2022\/08\/Logo-pequena-2.png","width":500,"height":500,"caption":"CPNOT\u00cdCIAS"},"image":{"@id":"https:\/\/cleitonpinheiro.com.br\/site\/#\/schema\/logo\/image\/"},"sameAs":["https:\/\/www.facebook.com\/portalcpnoticias\/"]},{"@type":"Person","@id":"https:\/\/cleitonpinheiro.com.br\/site\/#\/schema\/person\/62fd4eb98fcc8bd3fc477aaff264af51","name":"Cleiton Pinheiro","image":{"@type":"ImageObject","inLanguage":"pt-BR","@id":"https:\/\/cleitonpinheiro.com.br\/site\/#\/schema\/person\/image\/","url":"https:\/\/secure.gravatar.com\/avatar\/15642ec35b78fe5eed3cfa8e4a3f3211d73a3df4f35f0566b4324958cba1b1b9?s=96&r=g","contentUrl":"https:\/\/secure.gravatar.com\/avatar\/15642ec35b78fe5eed3cfa8e4a3f3211d73a3df4f35f0566b4324958cba1b1b9?s=96&r=g","caption":"Cleiton Pinheiro"},"url":"https:\/\/cleitonpinheiro.com.br\/site\/author\/cleiton\/"}]}},"views":174,"_links":{"self":[{"href":"https:\/\/cleitonpinheiro.com.br\/site\/wp-json\/wp\/v2\/posts\/83426","targetHints":{"allow":["GET"]}}],"collection":[{"href":"https:\/\/cleitonpinheiro.com.br\/site\/wp-json\/wp\/v2\/posts"}],"about":[{"href":"https:\/\/cleitonpinheiro.com.br\/site\/wp-json\/wp\/v2\/types\/post"}],"author":[{"embeddable":true,"href":"https:\/\/cleitonpinheiro.com.br\/site\/wp-json\/wp\/v2\/users\/10"}],"replies":[{"embeddable":true,"href":"https:\/\/cleitonpinheiro.com.br\/site\/wp-json\/wp\/v2\/comments?post=83426"}],"version-history":[{"count":1,"href":"https:\/\/cleitonpinheiro.com.br\/site\/wp-json\/wp\/v2\/posts\/83426\/revisions"}],"predecessor-version":[{"id":83428,"href":"https:\/\/cleitonpinheiro.com.br\/site\/wp-json\/wp\/v2\/posts\/83426\/revisions\/83428"}],"wp:attachment":[{"href":"https:\/\/cleitonpinheiro.com.br\/site\/wp-json\/wp\/v2\/media?parent=83426"}],"wp:term":[{"taxonomy":"category","embeddable":true,"href":"https:\/\/cleitonpinheiro.com.br\/site\/wp-json\/wp\/v2\/categories?post=83426"},{"taxonomy":"post_tag","embeddable":true,"href":"https:\/\/cleitonpinheiro.com.br\/site\/wp-json\/wp\/v2\/tags?post=83426"}],"curies":[{"name":"wp","href":"https:\/\/api.w.org\/{rel}","templated":true}]}}