{"id":83572,"date":"2024-12-14T14:45:00","date_gmt":"2024-12-14T17:45:00","guid":{"rendered":"https:\/\/cleitonpinheiro.com.br\/site\/?p=83572"},"modified":"2024-12-16T09:41:27","modified_gmt":"2024-12-16T12:41:27","slug":"braga-netto-passara-por-audiencia-de-custodia-ainda-neste-sabado","status":"publish","type":"post","link":"https:\/\/cleitonpinheiro.com.br\/site\/braga-netto-passara-por-audiencia-de-custodia-ainda-neste-sabado\/","title":{"rendered":"Braga Netto passar\u00e1 por audi\u00eancia de cust\u00f3dia ainda neste s\u00e1bado"},"content":{"rendered":"\n<figure class=\"wp-block-image size-large\"><img decoding=\"async\" src=\"https:\/\/cleitonpinheiro.com.br\/site\/wp-content\/uploads\/2024\/12\/49732419986_6367de5434_o-1024x613.webp\" alt=\"\" class=\"wp-image-83573\"\/><figcaption class=\"wp-element-caption\">Foto: Isac N\u00f3brega\/PR\n<\/figcaption><\/figure>\n\n\n\n<p>O general e ex-ministro Braga Netto, preso na manh\u00e3 deste s\u00e1bado (14) pela Pol\u00edcia Federal, passar\u00e1 por audi\u00eancia de cust\u00f3dia, \u00e0s 14h. A audi\u00eancia ser\u00e1 por videoconfer\u00eancia.&nbsp;<img decoding=\"async\" src=\"https:\/\/agenciabrasil.ebc.com.br\/ebc.png?id=1623710&amp;o=node\"><img decoding=\"async\" src=\"https:\/\/agenciabrasil.ebc.com.br\/ebc.gif?id=1623710&amp;o=node\"><\/p>\n\n\n\n<p>Ele est\u00e1 detido na sede da Pol\u00edcia Federal, no Rio de Janeiro, depois de ter sido preso em sua casa, em Copacabana. Ap\u00f3s a audi\u00eancia, Braga Netto dever\u00e1 ser levado para uma unidade do Ex\u00e9rcito, onde ficar\u00e1 sob cust\u00f3dia. A informa\u00e7\u00e3o inicial \u00e9 que ele ir\u00e1 para o Comando Militar do Leste.<\/p>\n\n\n\n<p>A pris\u00e3o do general foi determinada pelo ministro Alexandre de Moraes, que relata o&nbsp;inqu\u00e9rito do golpe de Estado no Supremo Tribunal Federal (STF). De acordo com a Pol\u00edcia Federal, Braga Netto, um dos alvos do inqu\u00e9rito,&nbsp;estaria atrapalhando as investiga\u00e7\u00f5es, principalmente &#8220;na livre produ\u00e7\u00e3o de prova durante a instru\u00e7\u00e3o do processo penal&#8221;.&nbsp;<\/p>\n\n\n\n<p>O general, que&nbsp;foi candidato a vice-presidente em 2022 na chapa com Jair Bolsonaro, \u00e9 apontado como um&nbsp;dos principais l\u00edderes da tentativa de golpe de Estado no pa\u00eds para impedir posse de Luiz In\u00e1cio Lula da Silva.&nbsp;<\/p>\n\n\n\n<p>Ao indiciar o militar e mais 36 pessoas no m\u00eas passado,&nbsp;a Pol\u00edcia Federal apontou que Braga Netto teve&nbsp;<a href=\"https:\/\/agenciabrasil.ebc.com.br\/politica\/noticia\/2024-11\/braga-netto-teve-participacao-concreta-em-atos-golpistas-diz-pf\" target=\"_blank\" rel=\"noreferrer noopener\">participa\u00e7\u00e3o concreta<\/a>&nbsp;nos atos relacionados \u00e0 tentativa de golpe de Estado e da aboli\u00e7\u00e3o do Estado Democr\u00e1tico de Direito, inclusive na tentativa de obstru\u00e7\u00e3o da investiga\u00e7\u00e3o.&nbsp;<\/p>\n\n\n\n<p>A apura\u00e7\u00e3o da PF tamb\u00e9m aponta&nbsp;que&nbsp;uma das reuni\u00f5es realizadas para tratar do plano golpista e de matar o presidente Lula, o vice, Geraldo Alckmin, e o ministro Alexandre de Moraes foi realizada na<a href=\"https:\/\/agenciabrasil.ebc.com.br\/geral\/noticia\/2024-11\/reuniao-sobre-plano-golpista-foi-feita-na-casa-de-braga-netto\" target=\"_blank\" rel=\"noreferrer noopener\">&nbsp;casa do general,<\/a>&nbsp;no dia 12 de novembro de 2022.<\/p>\n\n\n\n<p>A\u00a0<strong>Ag\u00eancia Brasil<\/strong>\u00a0tenta contato com a defesa de Braga Netto. <strong>(<a href=\"https:\/\/agenciabrasil.ebc.com.br\/justica\/noticia\/2024-12\/braga-netto-passara-por-audiencia-de-custodia-ainda-neste-sabado\">Da Ag\u00eancia Brasil<\/a>)<\/strong><\/p>\n","protected":false},"excerpt":{"rendered":"<p>O general e ex-ministro Braga Netto, preso na manh\u00e3 deste s\u00e1bado (14) pela Pol\u00edcia Federal, passar\u00e1 por audi\u00eancia de cust\u00f3dia, \u00e0s 14h. A audi\u00eancia ser\u00e1 por videoconfer\u00eancia.&nbsp; Ele est\u00e1 detido na sede da Pol\u00edcia Federal, no Rio de Janeiro, depois de ter sido preso em sua casa, em Copacabana. Ap\u00f3s a audi\u00eancia, Braga Netto dever\u00e1 [&hellip;]<\/p>\n","protected":false},"author":13,"featured_media":0,"comment_status":"open","ping_status":"open","sticky":false,"template":"","format":"standard","meta":{"_acf_changed":false,"footnotes":""},"categories":[19,21],"tags":[1136,1157,1344,929,142],"class_list":["post-83572","post","type-post","status-publish","format-standard","hentry","category-brasil-mundo","category-todas-noticias","tag-8-de-janeiro","tag-braga-netto","tag-golpe-de-estado","tag-policia-federal","tag-stf"],"acf":[],"yoast_head":"<!-- This site is optimized with the Yoast SEO plugin v24.4 - https:\/\/yoast.com\/wordpress\/plugins\/seo\/ -->\n<title>Braga Netto passar\u00e1 por audi\u00eancia de cust\u00f3dia ainda neste s\u00e1bado - PORTAL DE NOT\u00cdCIAS CLEITON PINHEIRO<\/title>\n<meta name=\"robots\" content=\"index, follow, max-snippet:-1, max-image-preview:large, max-video-preview:-1\" \/>\n<link rel=\"canonical\" href=\"https:\/\/cleitonpinheiro.com.br\/site\/braga-netto-passara-por-audiencia-de-custodia-ainda-neste-sabado\/\" \/>\n<meta property=\"og:locale\" content=\"pt_BR\" \/>\n<meta property=\"og:type\" content=\"article\" \/>\n<meta property=\"og:title\" content=\"Braga Netto passar\u00e1 por audi\u00eancia de cust\u00f3dia ainda neste s\u00e1bado - PORTAL DE NOT\u00cdCIAS CLEITON PINHEIRO\" \/>\n<meta property=\"og:description\" content=\"O general e ex-ministro Braga Netto, preso na manh\u00e3 deste s\u00e1bado (14) pela Pol\u00edcia Federal, passar\u00e1 por audi\u00eancia de cust\u00f3dia, \u00e0s 14h. A audi\u00eancia ser\u00e1 por videoconfer\u00eancia.&nbsp; Ele est\u00e1 detido na sede da Pol\u00edcia Federal, no Rio de Janeiro, depois de ter sido preso em sua casa, em Copacabana. Ap\u00f3s a audi\u00eancia, Braga Netto dever\u00e1 [&hellip;]\" \/>\n<meta property=\"og:url\" content=\"https:\/\/cleitonpinheiro.com.br\/site\/braga-netto-passara-por-audiencia-de-custodia-ainda-neste-sabado\/\" \/>\n<meta property=\"og:site_name\" content=\"PORTAL DE NOT\u00cdCIAS CLEITON PINHEIRO\" \/>\n<meta property=\"article:publisher\" content=\"https:\/\/www.facebook.com\/portalcpnoticias\/\" \/>\n<meta property=\"article:published_time\" content=\"2024-12-14T17:45:00+00:00\" \/>\n<meta property=\"article:modified_time\" content=\"2024-12-16T12:41:27+00:00\" \/>\n<meta property=\"og:image\" content=\"https:\/\/cleitonpinheiro.com.br\/site\/wp-content\/uploads\/2024\/12\/49732419986_6367de5434_o.webp\" \/>\n\t<meta property=\"og:image:width\" content=\"1170\" \/>\n\t<meta property=\"og:image:height\" content=\"700\" \/>\n\t<meta property=\"og:image:type\" content=\"image\/webp\" \/>\n<meta name=\"author\" content=\"Reda\u00e7\u00e3o CP\" \/>\n<meta name=\"twitter:card\" content=\"summary_large_image\" \/>\n<meta name=\"twitter:label1\" content=\"Escrito por\" \/>\n\t<meta name=\"twitter:data1\" content=\"Reda\u00e7\u00e3o CP\" \/>\n\t<meta name=\"twitter:label2\" content=\"Est. tempo de leitura\" \/>\n\t<meta name=\"twitter:data2\" content=\"3 minutos\" \/>\n<script type=\"application\/ld+json\" class=\"yoast-schema-graph\">{\"@context\":\"https:\/\/schema.org\",\"@graph\":[{\"@type\":\"Article\",\"@id\":\"https:\/\/cleitonpinheiro.com.br\/site\/braga-netto-passara-por-audiencia-de-custodia-ainda-neste-sabado\/#article\",\"isPartOf\":{\"@id\":\"https:\/\/cleitonpinheiro.com.br\/site\/braga-netto-passara-por-audiencia-de-custodia-ainda-neste-sabado\/\"},\"author\":{\"name\":\"Reda\u00e7\u00e3o CP\",\"@id\":\"https:\/\/cleitonpinheiro.com.br\/site\/#\/schema\/person\/8f04544e0bc40a1b68775b08360f87db\"},\"headline\":\"Braga Netto passar\u00e1 por audi\u00eancia de cust\u00f3dia ainda neste s\u00e1bado\",\"datePublished\":\"2024-12-14T17:45:00+00:00\",\"dateModified\":\"2024-12-16T12:41:27+00:00\",\"mainEntityOfPage\":{\"@id\":\"https:\/\/cleitonpinheiro.com.br\/site\/braga-netto-passara-por-audiencia-de-custodia-ainda-neste-sabado\/\"},\"wordCount\":333,\"commentCount\":0,\"publisher\":{\"@id\":\"https:\/\/cleitonpinheiro.com.br\/site\/#organization\"},\"image\":{\"@id\":\"https:\/\/cleitonpinheiro.com.br\/site\/braga-netto-passara-por-audiencia-de-custodia-ainda-neste-sabado\/#primaryimage\"},\"thumbnailUrl\":\"https:\/\/cleitonpinheiro.com.br\/site\/wp-content\/uploads\/2024\/12\/49732419986_6367de5434_o-1024x613.webp\",\"keywords\":[\"8 de janeiro\",\"Braga Netto\",\"Golpe de Estado\",\"Pol\u00edcia Federal\",\"STF\"],\"articleSection\":[\"BRASIL \/ MUNDO\",\"TODAS NOTICIAS\"],\"inLanguage\":\"pt-BR\",\"potentialAction\":[{\"@type\":\"CommentAction\",\"name\":\"Comment\",\"target\":[\"https:\/\/cleitonpinheiro.com.br\/site\/braga-netto-passara-por-audiencia-de-custodia-ainda-neste-sabado\/#respond\"]}]},{\"@type\":\"WebPage\",\"@id\":\"https:\/\/cleitonpinheiro.com.br\/site\/braga-netto-passara-por-audiencia-de-custodia-ainda-neste-sabado\/\",\"url\":\"https:\/\/cleitonpinheiro.com.br\/site\/braga-netto-passara-por-audiencia-de-custodia-ainda-neste-sabado\/\",\"name\":\"Braga Netto passar\u00e1 por audi\u00eancia de cust\u00f3dia ainda neste s\u00e1bado - PORTAL DE NOT\u00cdCIAS CLEITON PINHEIRO\",\"isPartOf\":{\"@id\":\"https:\/\/cleitonpinheiro.com.br\/site\/#website\"},\"primaryImageOfPage\":{\"@id\":\"https:\/\/cleitonpinheiro.com.br\/site\/braga-netto-passara-por-audiencia-de-custodia-ainda-neste-sabado\/#primaryimage\"},\"image\":{\"@id\":\"https:\/\/cleitonpinheiro.com.br\/site\/braga-netto-passara-por-audiencia-de-custodia-ainda-neste-sabado\/#primaryimage\"},\"thumbnailUrl\":\"https:\/\/cleitonpinheiro.com.br\/site\/wp-content\/uploads\/2024\/12\/49732419986_6367de5434_o-1024x613.webp\",\"datePublished\":\"2024-12-14T17:45:00+00:00\",\"dateModified\":\"2024-12-16T12:41:27+00:00\",\"breadcrumb\":{\"@id\":\"https:\/\/cleitonpinheiro.com.br\/site\/braga-netto-passara-por-audiencia-de-custodia-ainda-neste-sabado\/#breadcrumb\"},\"inLanguage\":\"pt-BR\",\"potentialAction\":[{\"@type\":\"ReadAction\",\"target\":[\"https:\/\/cleitonpinheiro.com.br\/site\/braga-netto-passara-por-audiencia-de-custodia-ainda-neste-sabado\/\"]}]},{\"@type\":\"ImageObject\",\"inLanguage\":\"pt-BR\",\"@id\":\"https:\/\/cleitonpinheiro.com.br\/site\/braga-netto-passara-por-audiencia-de-custodia-ainda-neste-sabado\/#primaryimage\",\"url\":\"\",\"contentUrl\":\"\"},{\"@type\":\"BreadcrumbList\",\"@id\":\"https:\/\/cleitonpinheiro.com.br\/site\/braga-netto-passara-por-audiencia-de-custodia-ainda-neste-sabado\/#breadcrumb\",\"itemListElement\":[{\"@type\":\"ListItem\",\"position\":1,\"name\":\"In\u00edcio\",\"item\":\"https:\/\/cleitonpinheiro.com.br\/site\/\"},{\"@type\":\"ListItem\",\"position\":2,\"name\":\"Braga Netto passar\u00e1 por audi\u00eancia de cust\u00f3dia ainda neste s\u00e1bado\"}]},{\"@type\":\"WebSite\",\"@id\":\"https:\/\/cleitonpinheiro.com.br\/site\/#website\",\"url\":\"https:\/\/cleitonpinheiro.com.br\/site\/\",\"name\":\"PORTAL DE NOT\u00cdCIAS CLEITON PINHEIRO\",\"description\":\"FALANDO A VERDADE\",\"publisher\":{\"@id\":\"https:\/\/cleitonpinheiro.com.br\/site\/#organization\"},\"potentialAction\":[{\"@type\":\"SearchAction\",\"target\":{\"@type\":\"EntryPoint\",\"urlTemplate\":\"https:\/\/cleitonpinheiro.com.br\/site\/?s={search_term_string}\"},\"query-input\":{\"@type\":\"PropertyValueSpecification\",\"valueRequired\":true,\"valueName\":\"search_term_string\"}}],\"inLanguage\":\"pt-BR\"},{\"@type\":\"Organization\",\"@id\":\"https:\/\/cleitonpinheiro.com.br\/site\/#organization\",\"name\":\"CPNOT\u00cdCIAS\",\"url\":\"https:\/\/cleitonpinheiro.com.br\/site\/\",\"logo\":{\"@type\":\"ImageObject\",\"inLanguage\":\"pt-BR\",\"@id\":\"https:\/\/cleitonpinheiro.com.br\/site\/#\/schema\/logo\/image\/\",\"url\":\"https:\/\/cleitonpinheiro.com.br\/site\/wp-content\/uploads\/2022\/08\/Logo-pequena-2.png\",\"contentUrl\":\"https:\/\/cleitonpinheiro.com.br\/site\/wp-content\/uploads\/2022\/08\/Logo-pequena-2.png\",\"width\":500,\"height\":500,\"caption\":\"CPNOT\u00cdCIAS\"},\"image\":{\"@id\":\"https:\/\/cleitonpinheiro.com.br\/site\/#\/schema\/logo\/image\/\"},\"sameAs\":[\"https:\/\/www.facebook.com\/portalcpnoticias\/\"]},{\"@type\":\"Person\",\"@id\":\"https:\/\/cleitonpinheiro.com.br\/site\/#\/schema\/person\/8f04544e0bc40a1b68775b08360f87db\",\"name\":\"Reda\u00e7\u00e3o CP\",\"image\":{\"@type\":\"ImageObject\",\"inLanguage\":\"pt-BR\",\"@id\":\"https:\/\/cleitonpinheiro.com.br\/site\/#\/schema\/person\/image\/\",\"url\":\"https:\/\/secure.gravatar.com\/avatar\/0bcf19cb29fdc8fc588c490c7ae1b3e174dac268586a63fbe1d1893a0f9020cd?s=96&r=g\",\"contentUrl\":\"https:\/\/secure.gravatar.com\/avatar\/0bcf19cb29fdc8fc588c490c7ae1b3e174dac268586a63fbe1d1893a0f9020cd?s=96&r=g\",\"caption\":\"Reda\u00e7\u00e3o CP\"},\"url\":\"https:\/\/cleitonpinheiro.com.br\/site\/author\/redacao\/\"}]}<\/script>\n<!-- \/ Yoast SEO plugin. -->","yoast_head_json":{"title":"Braga Netto passar\u00e1 por audi\u00eancia de cust\u00f3dia ainda neste s\u00e1bado - PORTAL DE NOT\u00cdCIAS CLEITON PINHEIRO","robots":{"index":"index","follow":"follow","max-snippet":"max-snippet:-1","max-image-preview":"max-image-preview:large","max-video-preview":"max-video-preview:-1"},"canonical":"https:\/\/cleitonpinheiro.com.br\/site\/braga-netto-passara-por-audiencia-de-custodia-ainda-neste-sabado\/","og_locale":"pt_BR","og_type":"article","og_title":"Braga Netto passar\u00e1 por audi\u00eancia de cust\u00f3dia ainda neste s\u00e1bado - PORTAL DE NOT\u00cdCIAS CLEITON PINHEIRO","og_description":"O general e ex-ministro Braga Netto, preso na manh\u00e3 deste s\u00e1bado (14) pela Pol\u00edcia Federal, passar\u00e1 por audi\u00eancia de cust\u00f3dia, \u00e0s 14h. A audi\u00eancia ser\u00e1 por videoconfer\u00eancia.&nbsp; Ele est\u00e1 detido na sede da Pol\u00edcia Federal, no Rio de Janeiro, depois de ter sido preso em sua casa, em Copacabana. Ap\u00f3s a audi\u00eancia, Braga Netto dever\u00e1 [&hellip;]","og_url":"https:\/\/cleitonpinheiro.com.br\/site\/braga-netto-passara-por-audiencia-de-custodia-ainda-neste-sabado\/","og_site_name":"PORTAL DE NOT\u00cdCIAS CLEITON PINHEIRO","article_publisher":"https:\/\/www.facebook.com\/portalcpnoticias\/","article_published_time":"2024-12-14T17:45:00+00:00","article_modified_time":"2024-12-16T12:41:27+00:00","og_image":[{"width":1170,"height":700,"url":"https:\/\/cleitonpinheiro.com.br\/site\/wp-content\/uploads\/2024\/12\/49732419986_6367de5434_o.webp","type":"image\/webp"}],"author":"Reda\u00e7\u00e3o CP","twitter_card":"summary_large_image","twitter_misc":{"Escrito por":"Reda\u00e7\u00e3o CP","Est. tempo de leitura":"3 minutos"},"schema":{"@context":"https:\/\/schema.org","@graph":[{"@type":"Article","@id":"https:\/\/cleitonpinheiro.com.br\/site\/braga-netto-passara-por-audiencia-de-custodia-ainda-neste-sabado\/#article","isPartOf":{"@id":"https:\/\/cleitonpinheiro.com.br\/site\/braga-netto-passara-por-audiencia-de-custodia-ainda-neste-sabado\/"},"author":{"name":"Reda\u00e7\u00e3o CP","@id":"https:\/\/cleitonpinheiro.com.br\/site\/#\/schema\/person\/8f04544e0bc40a1b68775b08360f87db"},"headline":"Braga Netto passar\u00e1 por audi\u00eancia de cust\u00f3dia ainda neste s\u00e1bado","datePublished":"2024-12-14T17:45:00+00:00","dateModified":"2024-12-16T12:41:27+00:00","mainEntityOfPage":{"@id":"https:\/\/cleitonpinheiro.com.br\/site\/braga-netto-passara-por-audiencia-de-custodia-ainda-neste-sabado\/"},"wordCount":333,"commentCount":0,"publisher":{"@id":"https:\/\/cleitonpinheiro.com.br\/site\/#organization"},"image":{"@id":"https:\/\/cleitonpinheiro.com.br\/site\/braga-netto-passara-por-audiencia-de-custodia-ainda-neste-sabado\/#primaryimage"},"thumbnailUrl":"https:\/\/cleitonpinheiro.com.br\/site\/wp-content\/uploads\/2024\/12\/49732419986_6367de5434_o-1024x613.webp","keywords":["8 de janeiro","Braga Netto","Golpe de Estado","Pol\u00edcia Federal","STF"],"articleSection":["BRASIL \/ MUNDO","TODAS NOTICIAS"],"inLanguage":"pt-BR","potentialAction":[{"@type":"CommentAction","name":"Comment","target":["https:\/\/cleitonpinheiro.com.br\/site\/braga-netto-passara-por-audiencia-de-custodia-ainda-neste-sabado\/#respond"]}]},{"@type":"WebPage","@id":"https:\/\/cleitonpinheiro.com.br\/site\/braga-netto-passara-por-audiencia-de-custodia-ainda-neste-sabado\/","url":"https:\/\/cleitonpinheiro.com.br\/site\/braga-netto-passara-por-audiencia-de-custodia-ainda-neste-sabado\/","name":"Braga Netto passar\u00e1 por audi\u00eancia de cust\u00f3dia ainda neste s\u00e1bado - PORTAL DE NOT\u00cdCIAS CLEITON PINHEIRO","isPartOf":{"@id":"https:\/\/cleitonpinheiro.com.br\/site\/#website"},"primaryImageOfPage":{"@id":"https:\/\/cleitonpinheiro.com.br\/site\/braga-netto-passara-por-audiencia-de-custodia-ainda-neste-sabado\/#primaryimage"},"image":{"@id":"https:\/\/cleitonpinheiro.com.br\/site\/braga-netto-passara-por-audiencia-de-custodia-ainda-neste-sabado\/#primaryimage"},"thumbnailUrl":"https:\/\/cleitonpinheiro.com.br\/site\/wp-content\/uploads\/2024\/12\/49732419986_6367de5434_o-1024x613.webp","datePublished":"2024-12-14T17:45:00+00:00","dateModified":"2024-12-16T12:41:27+00:00","breadcrumb":{"@id":"https:\/\/cleitonpinheiro.com.br\/site\/braga-netto-passara-por-audiencia-de-custodia-ainda-neste-sabado\/#breadcrumb"},"inLanguage":"pt-BR","potentialAction":[{"@type":"ReadAction","target":["https:\/\/cleitonpinheiro.com.br\/site\/braga-netto-passara-por-audiencia-de-custodia-ainda-neste-sabado\/"]}]},{"@type":"ImageObject","inLanguage":"pt-BR","@id":"https:\/\/cleitonpinheiro.com.br\/site\/braga-netto-passara-por-audiencia-de-custodia-ainda-neste-sabado\/#primaryimage","url":"","contentUrl":""},{"@type":"BreadcrumbList","@id":"https:\/\/cleitonpinheiro.com.br\/site\/braga-netto-passara-por-audiencia-de-custodia-ainda-neste-sabado\/#breadcrumb","itemListElement":[{"@type":"ListItem","position":1,"name":"In\u00edcio","item":"https:\/\/cleitonpinheiro.com.br\/site\/"},{"@type":"ListItem","position":2,"name":"Braga Netto passar\u00e1 por audi\u00eancia de cust\u00f3dia ainda neste s\u00e1bado"}]},{"@type":"WebSite","@id":"https:\/\/cleitonpinheiro.com.br\/site\/#website","url":"https:\/\/cleitonpinheiro.com.br\/site\/","name":"PORTAL DE NOT\u00cdCIAS CLEITON PINHEIRO","description":"FALANDO A VERDADE","publisher":{"@id":"https:\/\/cleitonpinheiro.com.br\/site\/#organization"},"potentialAction":[{"@type":"SearchAction","target":{"@type":"EntryPoint","urlTemplate":"https:\/\/cleitonpinheiro.com.br\/site\/?s={search_term_string}"},"query-input":{"@type":"PropertyValueSpecification","valueRequired":true,"valueName":"search_term_string"}}],"inLanguage":"pt-BR"},{"@type":"Organization","@id":"https:\/\/cleitonpinheiro.com.br\/site\/#organization","name":"CPNOT\u00cdCIAS","url":"https:\/\/cleitonpinheiro.com.br\/site\/","logo":{"@type":"ImageObject","inLanguage":"pt-BR","@id":"https:\/\/cleitonpinheiro.com.br\/site\/#\/schema\/logo\/image\/","url":"https:\/\/cleitonpinheiro.com.br\/site\/wp-content\/uploads\/2022\/08\/Logo-pequena-2.png","contentUrl":"https:\/\/cleitonpinheiro.com.br\/site\/wp-content\/uploads\/2022\/08\/Logo-pequena-2.png","width":500,"height":500,"caption":"CPNOT\u00cdCIAS"},"image":{"@id":"https:\/\/cleitonpinheiro.com.br\/site\/#\/schema\/logo\/image\/"},"sameAs":["https:\/\/www.facebook.com\/portalcpnoticias\/"]},{"@type":"Person","@id":"https:\/\/cleitonpinheiro.com.br\/site\/#\/schema\/person\/8f04544e0bc40a1b68775b08360f87db","name":"Reda\u00e7\u00e3o CP","image":{"@type":"ImageObject","inLanguage":"pt-BR","@id":"https:\/\/cleitonpinheiro.com.br\/site\/#\/schema\/person\/image\/","url":"https:\/\/secure.gravatar.com\/avatar\/0bcf19cb29fdc8fc588c490c7ae1b3e174dac268586a63fbe1d1893a0f9020cd?s=96&r=g","contentUrl":"https:\/\/secure.gravatar.com\/avatar\/0bcf19cb29fdc8fc588c490c7ae1b3e174dac268586a63fbe1d1893a0f9020cd?s=96&r=g","caption":"Reda\u00e7\u00e3o CP"},"url":"https:\/\/cleitonpinheiro.com.br\/site\/author\/redacao\/"}]}},"views":1470,"_links":{"self":[{"href":"https:\/\/cleitonpinheiro.com.br\/site\/wp-json\/wp\/v2\/posts\/83572","targetHints":{"allow":["GET"]}}],"collection":[{"href":"https:\/\/cleitonpinheiro.com.br\/site\/wp-json\/wp\/v2\/posts"}],"about":[{"href":"https:\/\/cleitonpinheiro.com.br\/site\/wp-json\/wp\/v2\/types\/post"}],"author":[{"embeddable":true,"href":"https:\/\/cleitonpinheiro.com.br\/site\/wp-json\/wp\/v2\/users\/13"}],"replies":[{"embeddable":true,"href":"https:\/\/cleitonpinheiro.com.br\/site\/wp-json\/wp\/v2\/comments?post=83572"}],"version-history":[{"count":2,"href":"https:\/\/cleitonpinheiro.com.br\/site\/wp-json\/wp\/v2\/posts\/83572\/revisions"}],"predecessor-version":[{"id":83578,"href":"https:\/\/cleitonpinheiro.com.br\/site\/wp-json\/wp\/v2\/posts\/83572\/revisions\/83578"}],"wp:attachment":[{"href":"https:\/\/cleitonpinheiro.com.br\/site\/wp-json\/wp\/v2\/media?parent=83572"}],"wp:term":[{"taxonomy":"category","embeddable":true,"href":"https:\/\/cleitonpinheiro.com.br\/site\/wp-json\/wp\/v2\/categories?post=83572"},{"taxonomy":"post_tag","embeddable":true,"href":"https:\/\/cleitonpinheiro.com.br\/site\/wp-json\/wp\/v2\/tags?post=83572"}],"curies":[{"name":"wp","href":"https:\/\/api.w.org\/{rel}","templated":true}]}}