{"id":83849,"date":"2025-01-02T11:18:14","date_gmt":"2025-01-02T14:18:14","guid":{"rendered":"https:\/\/cleitonpinheiro.com.br\/site\/?p=83849"},"modified":"2025-01-02T11:18:18","modified_gmt":"2025-01-02T14:18:18","slug":"queda-de-ponte-marinha-suspende-busca-subaquatica-no-rio-tocantins","status":"publish","type":"post","link":"https:\/\/cleitonpinheiro.com.br\/site\/queda-de-ponte-marinha-suspende-busca-subaquatica-no-rio-tocantins\/","title":{"rendered":"Queda de ponte: Marinha suspende busca subaqu\u00e1tica no Rio Tocantins"},"content":{"rendered":"\n<figure class=\"wp-block-image size-full\"><img decoding=\"async\" src=\"https:\/\/cleitonpinheiro.com.br\/site\/wp-content\/uploads\/2024\/12\/407646.jpg\" alt=\"\" class=\"wp-image-83764\"\/><\/figure>\n\n\n\n<p>Os trabalhos de mergulho e uso de drones subaqu\u00e1ticos na busca por desaparecidos do desabamento da Ponte Juscelino Kubitschek de Oliveira, na BR-226, entre o munic\u00edpio maranhense e Aguiarn\u00f3polis, no Tocantins,\u00a0foram suspensos nesta quinta-feira (2), informou a Marinha do Brasil. A opera\u00e7\u00e3o ter\u00e1 continuidade apenas com o uso de embarca\u00e7\u00f5es e equipamentos a\u00e9reos n\u00e3o tripulados.<img decoding=\"async\" src=\"https:\/\/agenciabrasil.ebc.com.br\/ebc.png?id=1625643&amp;o=node\"><img decoding=\"async\" src=\"https:\/\/agenciabrasil.ebc.com.br\/ebc.gif?id=1625643&amp;o=node\"><\/p>\n\n\n\n<p>De acordo com nota divulgada pelo Comando do 4\u00ba Distrito Naval, a interrup\u00e7\u00e3o ocorreu devido \u00e0 necessidade de abertura das comportas da usina hidrel\u00e9trica operada pelo Cons\u00f3rcio Estreito Energia (Ceste). A demanda foi motivada por maior incid\u00eancia de chuvas na regi\u00e3o tornando necess\u00e1rio o aumento do volume de vaz\u00e3o do reservat\u00f3rio. \u201cAo adotar esse procedimento, o Ceste pretende regularizar o volume represado\u201d, justifica o comunicado.<\/p>\n\n\n\n<p>A vaz\u00e3o da hidrel\u00e9trica havia sido reduzida pelo Operador Nacional do Sistema El\u00e9trico (ONS) de forma a manter o armazenamento de \u00e1gua no reservat\u00f3rio em condi\u00e7\u00f5es seguras para que as buscas pudessem ocorrer.<\/p>\n\n\n\n<p>Na quarta-feira (1\u00ba), os trabalhos foram concentrados no resgate de uma picape modelo S-10, submersa a 42 metros de profundidade, na qual n\u00e3o foi identificada a presen\u00e7a de v\u00edtimas.&nbsp;<a href=\"https:\/\/agenciabrasil.ebc.com.br\/node\/1625556\" target=\"_blank\" rel=\"noreferrer noopener\">At\u00e9 o momento, j\u00e1 foram confirmadas 12 mortes e cinco pessoas desaparecidas<\/a>.<\/p>\n\n\n\n<p>Desde o in\u00edcio da opera\u00e7\u00e3o, foram disponibilizados canais de comunica\u00e7\u00e3o com a Marinha do Brasil para informa\u00e7\u00f5es sobre poss\u00edveis situa\u00e7\u00f5es que possam representar qualquer risco nas vias naveg\u00e1veis, tanto para vida humana quanto de polui\u00e7\u00e3o ambiental. As ocorr\u00eancias podem ser comunicadas pelos telefones do Disque Emerg\u00eancias Mar\u00edtimas e Fluviais (185) e da Capitania dos Portos do Maranh\u00e3o, 0800-098-8432 e (98) 2107-0121.<\/p>\n\n\n\n<h2 class=\"wp-block-heading\">Desabamento<\/h2>\n\n\n\n<p>Localizada sobre o Rio Tocantins, a Ponte Juscelino Kubitschek de Oliveira conectava os estados do Maranh\u00e3o e Tocantins, at\u00e9 o dia 22 de dezembro de 2024, quando desabou no final da tarde, no momento em que diversos ve\u00edculos transitavam. Entre eles, foram identificados caminh\u00f5es-tanque carregados com \u00e1cido sulf\u00farico e defensivos agr\u00edcolas.<\/p>\n\n\n\n<p>Uma sala de crise para nivelar as informa\u00e7\u00f5es sobre as an\u00e1lises de qualidade da \u00e1gua do rio Tocantins foi institu\u00edda pela Ag\u00eancia Nacional de \u00c1guas e Saneamento B\u00e1sico (ANA), com a participa\u00e7\u00e3o de v\u00e1rios \u00f3rg\u00e3os ambientais. Em duas reuni\u00f5es j\u00e1 realizadas, os \u00f3rg\u00e3os confirmaram a aus\u00eancia de altera\u00e7\u00e3o significativa na qualidade da \u00e1gua.<\/p>\n\n\n\n<p>Segundo informou o Instituto Brasileiro do Meio Ambiente e dos Recursos Naturais Renov\u00e1veis (IBAMA), as empresas respons\u00e1veis pelas cargas de tr\u00eas caminh\u00f5es que ca\u00edram no rio foram notificadas para a retirada das subst\u00e2ncias submersas e o monitoramento de qualidade da \u00e1gua \u00e9 realizado diariamente devido o risco de vazamento e contamina\u00e7\u00e3o da \u00e1gua em preju\u00edzo ao abastecimento de \u00e1gua.<\/p>\n\n\n\n<h2 class=\"wp-block-heading\">Investiga\u00e7\u00e3o<\/h2>\n\n\n\n<p>As Superintend\u00eancias Regionais da Pol\u00edcia Federal no Maranh\u00e3o e no Tocantins conduzem as investiga\u00e7\u00f5es para apurar as responsabilidades relacionadas \u00e0 queda da ponte. Uma equipe de refor\u00e7o com dois engenheiros civis, dois especialistas em local de crime e um especialista em meio ambiente foi deslocada de Bras\u00edlia para refor\u00e7ar os trabalhos periciais no local.<\/p>\n\n\n\n<h2 class=\"wp-block-heading\">Reconstru\u00e7\u00e3o<\/h2>\n\n\n\n<p>No dia 31 de dezembro de 2024, o Minist\u00e9rio dos Transportes informou que a empresa que ficar\u00e1 respons\u00e1vel pelas obras de reconstru\u00e7\u00e3o da ponte j\u00e1 est\u00e1 contratada de forma emergencial, com investimento previsto de R$171 milh\u00f5es. O Cons\u00f3rcio Penedo-Ne\u00f3polis ser\u00e1 o respons\u00e1vel pelas obras, que dever\u00e3o ser conclu\u00eddas at\u00e9 dezembro de 2025.<\/p>\n\n\n\n<p>\u201cA nova ponte ter\u00e1 acostamento, passeio, ciclovia e ser\u00e1 7 metros mais larga que a anterior. Esse valor inclui a demoli\u00e7\u00e3o da ponte atual, novas funda\u00e7\u00f5es e a melhoria dos acessos das duas cidades\u201d, concluiu o diretor-geral do Departamento Nacional de Infraestrutura de Transportes, Fabr\u00edcio Galv\u00e3o.<\/p>\n","protected":false},"excerpt":{"rendered":"<p>Os trabalhos de mergulho e uso de drones subaqu\u00e1ticos na busca por desaparecidos do desabamento da Ponte Juscelino Kubitschek de Oliveira, na BR-226, entre o munic\u00edpio maranhense e Aguiarn\u00f3polis, no Tocantins,\u00a0foram suspensos nesta quinta-feira (2), informou a Marinha do Brasil. A opera\u00e7\u00e3o ter\u00e1 continuidade apenas com o uso de embarca\u00e7\u00f5es e equipamentos a\u00e9reos n\u00e3o tripulados. [&hellip;]<\/p>\n","protected":false},"author":13,"featured_media":0,"comment_status":"open","ping_status":"open","sticky":false,"template":"","format":"standard","meta":{"_acf_changed":false,"footnotes":""},"categories":[8,898,21],"tags":[],"class_list":["post-83849","post","type-post","status-publish","format-standard","hentry","category-estado","category-manchete-segundaria","category-todas-noticias"],"acf":[],"yoast_head":"<!-- This site is optimized with the Yoast SEO plugin v24.4 - https:\/\/yoast.com\/wordpress\/plugins\/seo\/ -->\n<title>Queda de ponte: Marinha suspende busca subaqu\u00e1tica no Rio Tocantins - PORTAL DE NOT\u00cdCIAS CLEITON PINHEIRO<\/title>\n<meta name=\"robots\" content=\"index, follow, max-snippet:-1, max-image-preview:large, max-video-preview:-1\" \/>\n<link rel=\"canonical\" href=\"https:\/\/cleitonpinheiro.com.br\/site\/queda-de-ponte-marinha-suspende-busca-subaquatica-no-rio-tocantins\/\" \/>\n<meta property=\"og:locale\" content=\"pt_BR\" \/>\n<meta property=\"og:type\" content=\"article\" \/>\n<meta property=\"og:title\" content=\"Queda de ponte: Marinha suspende busca subaqu\u00e1tica no Rio Tocantins - PORTAL DE NOT\u00cdCIAS CLEITON PINHEIRO\" \/>\n<meta property=\"og:description\" content=\"Os trabalhos de mergulho e uso de drones subaqu\u00e1ticos na busca por desaparecidos do desabamento da Ponte Juscelino Kubitschek de Oliveira, na BR-226, entre o munic\u00edpio maranhense e Aguiarn\u00f3polis, no Tocantins,\u00a0foram suspensos nesta quinta-feira (2), informou a Marinha do Brasil. A opera\u00e7\u00e3o ter\u00e1 continuidade apenas com o uso de embarca\u00e7\u00f5es e equipamentos a\u00e9reos n\u00e3o tripulados. [&hellip;]\" \/>\n<meta property=\"og:url\" content=\"https:\/\/cleitonpinheiro.com.br\/site\/queda-de-ponte-marinha-suspende-busca-subaquatica-no-rio-tocantins\/\" \/>\n<meta property=\"og:site_name\" content=\"PORTAL DE NOT\u00cdCIAS CLEITON PINHEIRO\" \/>\n<meta property=\"article:publisher\" content=\"https:\/\/www.facebook.com\/portalcpnoticias\/\" \/>\n<meta property=\"article:published_time\" content=\"2025-01-02T14:18:14+00:00\" \/>\n<meta property=\"article:modified_time\" content=\"2025-01-02T14:18:18+00:00\" \/>\n<meta property=\"og:image\" content=\"https:\/\/cleitonpinheiro.com.br\/site\/wp-content\/uploads\/2024\/12\/407646.jpg\" \/>\n\t<meta property=\"og:image:width\" content=\"883\" \/>\n\t<meta property=\"og:image:height\" content=\"505\" \/>\n\t<meta property=\"og:image:type\" content=\"image\/jpeg\" \/>\n<meta name=\"author\" content=\"Reda\u00e7\u00e3o CP\" \/>\n<meta name=\"twitter:card\" content=\"summary_large_image\" \/>\n<meta name=\"twitter:label1\" content=\"Escrito por\" \/>\n\t<meta name=\"twitter:data1\" content=\"Reda\u00e7\u00e3o CP\" \/>\n\t<meta name=\"twitter:label2\" content=\"Est. tempo de leitura\" \/>\n\t<meta name=\"twitter:data2\" content=\"4 minutos\" \/>\n<script type=\"application\/ld+json\" class=\"yoast-schema-graph\">{\"@context\":\"https:\/\/schema.org\",\"@graph\":[{\"@type\":\"Article\",\"@id\":\"https:\/\/cleitonpinheiro.com.br\/site\/queda-de-ponte-marinha-suspende-busca-subaquatica-no-rio-tocantins\/#article\",\"isPartOf\":{\"@id\":\"https:\/\/cleitonpinheiro.com.br\/site\/queda-de-ponte-marinha-suspende-busca-subaquatica-no-rio-tocantins\/\"},\"author\":{\"name\":\"Reda\u00e7\u00e3o CP\",\"@id\":\"https:\/\/cleitonpinheiro.com.br\/site\/#\/schema\/person\/8f04544e0bc40a1b68775b08360f87db\"},\"headline\":\"Queda de ponte: Marinha suspende busca subaqu\u00e1tica no Rio Tocantins\",\"datePublished\":\"2025-01-02T14:18:14+00:00\",\"dateModified\":\"2025-01-02T14:18:18+00:00\",\"mainEntityOfPage\":{\"@id\":\"https:\/\/cleitonpinheiro.com.br\/site\/queda-de-ponte-marinha-suspende-busca-subaquatica-no-rio-tocantins\/\"},\"wordCount\":653,\"commentCount\":0,\"publisher\":{\"@id\":\"https:\/\/cleitonpinheiro.com.br\/site\/#organization\"},\"image\":{\"@id\":\"https:\/\/cleitonpinheiro.com.br\/site\/queda-de-ponte-marinha-suspende-busca-subaquatica-no-rio-tocantins\/#primaryimage\"},\"thumbnailUrl\":\"https:\/\/cleitonpinheiro.com.br\/site\/wp-content\/uploads\/2024\/12\/407646.jpg\",\"articleSection\":[\"ESTADO\",\"MANCHETE SEGUND\u00c1RIA\",\"TODAS NOTICIAS\"],\"inLanguage\":\"pt-BR\",\"potentialAction\":[{\"@type\":\"CommentAction\",\"name\":\"Comment\",\"target\":[\"https:\/\/cleitonpinheiro.com.br\/site\/queda-de-ponte-marinha-suspende-busca-subaquatica-no-rio-tocantins\/#respond\"]}]},{\"@type\":\"WebPage\",\"@id\":\"https:\/\/cleitonpinheiro.com.br\/site\/queda-de-ponte-marinha-suspende-busca-subaquatica-no-rio-tocantins\/\",\"url\":\"https:\/\/cleitonpinheiro.com.br\/site\/queda-de-ponte-marinha-suspende-busca-subaquatica-no-rio-tocantins\/\",\"name\":\"Queda de ponte: Marinha suspende busca subaqu\u00e1tica no Rio Tocantins - PORTAL DE NOT\u00cdCIAS CLEITON PINHEIRO\",\"isPartOf\":{\"@id\":\"https:\/\/cleitonpinheiro.com.br\/site\/#website\"},\"primaryImageOfPage\":{\"@id\":\"https:\/\/cleitonpinheiro.com.br\/site\/queda-de-ponte-marinha-suspende-busca-subaquatica-no-rio-tocantins\/#primaryimage\"},\"image\":{\"@id\":\"https:\/\/cleitonpinheiro.com.br\/site\/queda-de-ponte-marinha-suspende-busca-subaquatica-no-rio-tocantins\/#primaryimage\"},\"thumbnailUrl\":\"https:\/\/cleitonpinheiro.com.br\/site\/wp-content\/uploads\/2024\/12\/407646.jpg\",\"datePublished\":\"2025-01-02T14:18:14+00:00\",\"dateModified\":\"2025-01-02T14:18:18+00:00\",\"breadcrumb\":{\"@id\":\"https:\/\/cleitonpinheiro.com.br\/site\/queda-de-ponte-marinha-suspende-busca-subaquatica-no-rio-tocantins\/#breadcrumb\"},\"inLanguage\":\"pt-BR\",\"potentialAction\":[{\"@type\":\"ReadAction\",\"target\":[\"https:\/\/cleitonpinheiro.com.br\/site\/queda-de-ponte-marinha-suspende-busca-subaquatica-no-rio-tocantins\/\"]}]},{\"@type\":\"ImageObject\",\"inLanguage\":\"pt-BR\",\"@id\":\"https:\/\/cleitonpinheiro.com.br\/site\/queda-de-ponte-marinha-suspende-busca-subaquatica-no-rio-tocantins\/#primaryimage\",\"url\":\"\",\"contentUrl\":\"\"},{\"@type\":\"BreadcrumbList\",\"@id\":\"https:\/\/cleitonpinheiro.com.br\/site\/queda-de-ponte-marinha-suspende-busca-subaquatica-no-rio-tocantins\/#breadcrumb\",\"itemListElement\":[{\"@type\":\"ListItem\",\"position\":1,\"name\":\"In\u00edcio\",\"item\":\"https:\/\/cleitonpinheiro.com.br\/site\/\"},{\"@type\":\"ListItem\",\"position\":2,\"name\":\"Queda de ponte: Marinha suspende busca subaqu\u00e1tica no Rio Tocantins\"}]},{\"@type\":\"WebSite\",\"@id\":\"https:\/\/cleitonpinheiro.com.br\/site\/#website\",\"url\":\"https:\/\/cleitonpinheiro.com.br\/site\/\",\"name\":\"PORTAL DE NOT\u00cdCIAS CLEITON PINHEIRO\",\"description\":\"FALANDO A VERDADE\",\"publisher\":{\"@id\":\"https:\/\/cleitonpinheiro.com.br\/site\/#organization\"},\"potentialAction\":[{\"@type\":\"SearchAction\",\"target\":{\"@type\":\"EntryPoint\",\"urlTemplate\":\"https:\/\/cleitonpinheiro.com.br\/site\/?s={search_term_string}\"},\"query-input\":{\"@type\":\"PropertyValueSpecification\",\"valueRequired\":true,\"valueName\":\"search_term_string\"}}],\"inLanguage\":\"pt-BR\"},{\"@type\":\"Organization\",\"@id\":\"https:\/\/cleitonpinheiro.com.br\/site\/#organization\",\"name\":\"CPNOT\u00cdCIAS\",\"url\":\"https:\/\/cleitonpinheiro.com.br\/site\/\",\"logo\":{\"@type\":\"ImageObject\",\"inLanguage\":\"pt-BR\",\"@id\":\"https:\/\/cleitonpinheiro.com.br\/site\/#\/schema\/logo\/image\/\",\"url\":\"https:\/\/cleitonpinheiro.com.br\/site\/wp-content\/uploads\/2022\/08\/Logo-pequena-2.png\",\"contentUrl\":\"https:\/\/cleitonpinheiro.com.br\/site\/wp-content\/uploads\/2022\/08\/Logo-pequena-2.png\",\"width\":500,\"height\":500,\"caption\":\"CPNOT\u00cdCIAS\"},\"image\":{\"@id\":\"https:\/\/cleitonpinheiro.com.br\/site\/#\/schema\/logo\/image\/\"},\"sameAs\":[\"https:\/\/www.facebook.com\/portalcpnoticias\/\"]},{\"@type\":\"Person\",\"@id\":\"https:\/\/cleitonpinheiro.com.br\/site\/#\/schema\/person\/8f04544e0bc40a1b68775b08360f87db\",\"name\":\"Reda\u00e7\u00e3o CP\",\"image\":{\"@type\":\"ImageObject\",\"inLanguage\":\"pt-BR\",\"@id\":\"https:\/\/cleitonpinheiro.com.br\/site\/#\/schema\/person\/image\/\",\"url\":\"https:\/\/secure.gravatar.com\/avatar\/0bcf19cb29fdc8fc588c490c7ae1b3e174dac268586a63fbe1d1893a0f9020cd?s=96&r=g\",\"contentUrl\":\"https:\/\/secure.gravatar.com\/avatar\/0bcf19cb29fdc8fc588c490c7ae1b3e174dac268586a63fbe1d1893a0f9020cd?s=96&r=g\",\"caption\":\"Reda\u00e7\u00e3o CP\"},\"url\":\"https:\/\/cleitonpinheiro.com.br\/site\/author\/redacao\/\"}]}<\/script>\n<!-- \/ Yoast SEO plugin. -->","yoast_head_json":{"title":"Queda de ponte: Marinha suspende busca subaqu\u00e1tica no Rio Tocantins - PORTAL DE NOT\u00cdCIAS CLEITON PINHEIRO","robots":{"index":"index","follow":"follow","max-snippet":"max-snippet:-1","max-image-preview":"max-image-preview:large","max-video-preview":"max-video-preview:-1"},"canonical":"https:\/\/cleitonpinheiro.com.br\/site\/queda-de-ponte-marinha-suspende-busca-subaquatica-no-rio-tocantins\/","og_locale":"pt_BR","og_type":"article","og_title":"Queda de ponte: Marinha suspende busca subaqu\u00e1tica no Rio Tocantins - PORTAL DE NOT\u00cdCIAS CLEITON PINHEIRO","og_description":"Os trabalhos de mergulho e uso de drones subaqu\u00e1ticos na busca por desaparecidos do desabamento da Ponte Juscelino Kubitschek de Oliveira, na BR-226, entre o munic\u00edpio maranhense e Aguiarn\u00f3polis, no Tocantins,\u00a0foram suspensos nesta quinta-feira (2), informou a Marinha do Brasil. A opera\u00e7\u00e3o ter\u00e1 continuidade apenas com o uso de embarca\u00e7\u00f5es e equipamentos a\u00e9reos n\u00e3o tripulados. [&hellip;]","og_url":"https:\/\/cleitonpinheiro.com.br\/site\/queda-de-ponte-marinha-suspende-busca-subaquatica-no-rio-tocantins\/","og_site_name":"PORTAL DE NOT\u00cdCIAS CLEITON PINHEIRO","article_publisher":"https:\/\/www.facebook.com\/portalcpnoticias\/","article_published_time":"2025-01-02T14:18:14+00:00","article_modified_time":"2025-01-02T14:18:18+00:00","og_image":[{"width":883,"height":505,"url":"https:\/\/cleitonpinheiro.com.br\/site\/wp-content\/uploads\/2024\/12\/407646.jpg","type":"image\/jpeg"}],"author":"Reda\u00e7\u00e3o CP","twitter_card":"summary_large_image","twitter_misc":{"Escrito por":"Reda\u00e7\u00e3o CP","Est. tempo de leitura":"4 minutos"},"schema":{"@context":"https:\/\/schema.org","@graph":[{"@type":"Article","@id":"https:\/\/cleitonpinheiro.com.br\/site\/queda-de-ponte-marinha-suspende-busca-subaquatica-no-rio-tocantins\/#article","isPartOf":{"@id":"https:\/\/cleitonpinheiro.com.br\/site\/queda-de-ponte-marinha-suspende-busca-subaquatica-no-rio-tocantins\/"},"author":{"name":"Reda\u00e7\u00e3o CP","@id":"https:\/\/cleitonpinheiro.com.br\/site\/#\/schema\/person\/8f04544e0bc40a1b68775b08360f87db"},"headline":"Queda de ponte: Marinha suspende busca subaqu\u00e1tica no Rio Tocantins","datePublished":"2025-01-02T14:18:14+00:00","dateModified":"2025-01-02T14:18:18+00:00","mainEntityOfPage":{"@id":"https:\/\/cleitonpinheiro.com.br\/site\/queda-de-ponte-marinha-suspende-busca-subaquatica-no-rio-tocantins\/"},"wordCount":653,"commentCount":0,"publisher":{"@id":"https:\/\/cleitonpinheiro.com.br\/site\/#organization"},"image":{"@id":"https:\/\/cleitonpinheiro.com.br\/site\/queda-de-ponte-marinha-suspende-busca-subaquatica-no-rio-tocantins\/#primaryimage"},"thumbnailUrl":"https:\/\/cleitonpinheiro.com.br\/site\/wp-content\/uploads\/2024\/12\/407646.jpg","articleSection":["ESTADO","MANCHETE SEGUND\u00c1RIA","TODAS NOTICIAS"],"inLanguage":"pt-BR","potentialAction":[{"@type":"CommentAction","name":"Comment","target":["https:\/\/cleitonpinheiro.com.br\/site\/queda-de-ponte-marinha-suspende-busca-subaquatica-no-rio-tocantins\/#respond"]}]},{"@type":"WebPage","@id":"https:\/\/cleitonpinheiro.com.br\/site\/queda-de-ponte-marinha-suspende-busca-subaquatica-no-rio-tocantins\/","url":"https:\/\/cleitonpinheiro.com.br\/site\/queda-de-ponte-marinha-suspende-busca-subaquatica-no-rio-tocantins\/","name":"Queda de ponte: Marinha suspende busca subaqu\u00e1tica no Rio Tocantins - PORTAL DE NOT\u00cdCIAS CLEITON PINHEIRO","isPartOf":{"@id":"https:\/\/cleitonpinheiro.com.br\/site\/#website"},"primaryImageOfPage":{"@id":"https:\/\/cleitonpinheiro.com.br\/site\/queda-de-ponte-marinha-suspende-busca-subaquatica-no-rio-tocantins\/#primaryimage"},"image":{"@id":"https:\/\/cleitonpinheiro.com.br\/site\/queda-de-ponte-marinha-suspende-busca-subaquatica-no-rio-tocantins\/#primaryimage"},"thumbnailUrl":"https:\/\/cleitonpinheiro.com.br\/site\/wp-content\/uploads\/2024\/12\/407646.jpg","datePublished":"2025-01-02T14:18:14+00:00","dateModified":"2025-01-02T14:18:18+00:00","breadcrumb":{"@id":"https:\/\/cleitonpinheiro.com.br\/site\/queda-de-ponte-marinha-suspende-busca-subaquatica-no-rio-tocantins\/#breadcrumb"},"inLanguage":"pt-BR","potentialAction":[{"@type":"ReadAction","target":["https:\/\/cleitonpinheiro.com.br\/site\/queda-de-ponte-marinha-suspende-busca-subaquatica-no-rio-tocantins\/"]}]},{"@type":"ImageObject","inLanguage":"pt-BR","@id":"https:\/\/cleitonpinheiro.com.br\/site\/queda-de-ponte-marinha-suspende-busca-subaquatica-no-rio-tocantins\/#primaryimage","url":"","contentUrl":""},{"@type":"BreadcrumbList","@id":"https:\/\/cleitonpinheiro.com.br\/site\/queda-de-ponte-marinha-suspende-busca-subaquatica-no-rio-tocantins\/#breadcrumb","itemListElement":[{"@type":"ListItem","position":1,"name":"In\u00edcio","item":"https:\/\/cleitonpinheiro.com.br\/site\/"},{"@type":"ListItem","position":2,"name":"Queda de ponte: Marinha suspende busca subaqu\u00e1tica no Rio Tocantins"}]},{"@type":"WebSite","@id":"https:\/\/cleitonpinheiro.com.br\/site\/#website","url":"https:\/\/cleitonpinheiro.com.br\/site\/","name":"PORTAL DE NOT\u00cdCIAS CLEITON PINHEIRO","description":"FALANDO A VERDADE","publisher":{"@id":"https:\/\/cleitonpinheiro.com.br\/site\/#organization"},"potentialAction":[{"@type":"SearchAction","target":{"@type":"EntryPoint","urlTemplate":"https:\/\/cleitonpinheiro.com.br\/site\/?s={search_term_string}"},"query-input":{"@type":"PropertyValueSpecification","valueRequired":true,"valueName":"search_term_string"}}],"inLanguage":"pt-BR"},{"@type":"Organization","@id":"https:\/\/cleitonpinheiro.com.br\/site\/#organization","name":"CPNOT\u00cdCIAS","url":"https:\/\/cleitonpinheiro.com.br\/site\/","logo":{"@type":"ImageObject","inLanguage":"pt-BR","@id":"https:\/\/cleitonpinheiro.com.br\/site\/#\/schema\/logo\/image\/","url":"https:\/\/cleitonpinheiro.com.br\/site\/wp-content\/uploads\/2022\/08\/Logo-pequena-2.png","contentUrl":"https:\/\/cleitonpinheiro.com.br\/site\/wp-content\/uploads\/2022\/08\/Logo-pequena-2.png","width":500,"height":500,"caption":"CPNOT\u00cdCIAS"},"image":{"@id":"https:\/\/cleitonpinheiro.com.br\/site\/#\/schema\/logo\/image\/"},"sameAs":["https:\/\/www.facebook.com\/portalcpnoticias\/"]},{"@type":"Person","@id":"https:\/\/cleitonpinheiro.com.br\/site\/#\/schema\/person\/8f04544e0bc40a1b68775b08360f87db","name":"Reda\u00e7\u00e3o CP","image":{"@type":"ImageObject","inLanguage":"pt-BR","@id":"https:\/\/cleitonpinheiro.com.br\/site\/#\/schema\/person\/image\/","url":"https:\/\/secure.gravatar.com\/avatar\/0bcf19cb29fdc8fc588c490c7ae1b3e174dac268586a63fbe1d1893a0f9020cd?s=96&r=g","contentUrl":"https:\/\/secure.gravatar.com\/avatar\/0bcf19cb29fdc8fc588c490c7ae1b3e174dac268586a63fbe1d1893a0f9020cd?s=96&r=g","caption":"Reda\u00e7\u00e3o CP"},"url":"https:\/\/cleitonpinheiro.com.br\/site\/author\/redacao\/"}]}},"views":505,"_links":{"self":[{"href":"https:\/\/cleitonpinheiro.com.br\/site\/wp-json\/wp\/v2\/posts\/83849","targetHints":{"allow":["GET"]}}],"collection":[{"href":"https:\/\/cleitonpinheiro.com.br\/site\/wp-json\/wp\/v2\/posts"}],"about":[{"href":"https:\/\/cleitonpinheiro.com.br\/site\/wp-json\/wp\/v2\/types\/post"}],"author":[{"embeddable":true,"href":"https:\/\/cleitonpinheiro.com.br\/site\/wp-json\/wp\/v2\/users\/13"}],"replies":[{"embeddable":true,"href":"https:\/\/cleitonpinheiro.com.br\/site\/wp-json\/wp\/v2\/comments?post=83849"}],"version-history":[{"count":1,"href":"https:\/\/cleitonpinheiro.com.br\/site\/wp-json\/wp\/v2\/posts\/83849\/revisions"}],"predecessor-version":[{"id":83850,"href":"https:\/\/cleitonpinheiro.com.br\/site\/wp-json\/wp\/v2\/posts\/83849\/revisions\/83850"}],"wp:attachment":[{"href":"https:\/\/cleitonpinheiro.com.br\/site\/wp-json\/wp\/v2\/media?parent=83849"}],"wp:term":[{"taxonomy":"category","embeddable":true,"href":"https:\/\/cleitonpinheiro.com.br\/site\/wp-json\/wp\/v2\/categories?post=83849"},{"taxonomy":"post_tag","embeddable":true,"href":"https:\/\/cleitonpinheiro.com.br\/site\/wp-json\/wp\/v2\/tags?post=83849"}],"curies":[{"name":"wp","href":"https:\/\/api.w.org\/{rel}","templated":true}]}}