{"id":83874,"date":"2025-01-07T09:09:23","date_gmt":"2025-01-07T12:09:23","guid":{"rendered":"https:\/\/cleitonpinheiro.com.br\/site\/?p=83874"},"modified":"2025-01-07T09:09:33","modified_gmt":"2025-01-07T12:09:33","slug":"prefeitura-de-palmas-revoga-pagamento-somente-por-carteirinha-no-transporte-janeiro-segue-com-catraca-livre","status":"publish","type":"post","link":"https:\/\/cleitonpinheiro.com.br\/site\/prefeitura-de-palmas-revoga-pagamento-somente-por-carteirinha-no-transporte-janeiro-segue-com-catraca-livre\/","title":{"rendered":"Prefeitura de Palmas revoga pagamento somente por carteirinha no transporte; janeiro segue com catraca livre"},"content":{"rendered":"\n<figure class=\"wp-block-image size-full\"><img fetchpriority=\"high\" decoding=\"async\" width=\"800\" height=\"533\" src=\"https:\/\/cleitonpinheiro.com.br\/site\/wp-content\/uploads\/2025\/01\/9cf9c113-8e24-4a8d-bffe-096ec544383b-1.jpg\" alt=\"\" class=\"wp-image-83875\" srcset=\"https:\/\/cleitonpinheiro.com.br\/site\/wp-content\/uploads\/2025\/01\/9cf9c113-8e24-4a8d-bffe-096ec544383b-1.jpg 800w, https:\/\/cleitonpinheiro.com.br\/site\/wp-content\/uploads\/2025\/01\/9cf9c113-8e24-4a8d-bffe-096ec544383b-1-300x200.jpg 300w, https:\/\/cleitonpinheiro.com.br\/site\/wp-content\/uploads\/2025\/01\/9cf9c113-8e24-4a8d-bffe-096ec544383b-1-768x512.jpg 768w\" sizes=\"(max-width: 800px) 100vw, 800px\" \/><figcaption class=\"wp-element-caption\">Foto: Luciana Pires<\/figcaption><\/figure>\n\n\n\n<p>A Prefeitura de Palmas, por meio da Ag\u00eancia de Transporte Coletivo de Palmas (ATCP), revogou a Portaria n\u00ba 47, de 26 de dezembro de 2024, que limitou o pagamento do transporte coletivo urbano da Capital exclusivamente por meio da carteirinha. Conforme Di\u00e1rio Oficial do Munic\u00edpio de Palmas dessa segunda-feira, 6 de janeiro, p\u00e1gina 23.<\/p>\n\n\n\n<p>A ATCP informou que essa \u00e9 uma das medidas de reorganiza\u00e7\u00e3o e reestrutura\u00e7\u00e3o do transporte coletivo, que ser\u00e1 gratuito durante o m\u00eas de janeiro e essa revoga\u00e7\u00e3o assegura o funcionamento para a partir de fevereiro, quando est\u00e1 previsto o retorno da cobran\u00e7a pelo servi\u00e7o e sem aumento na tarifa de R$ 3,85.<\/p>\n\n\n\n<p>A ATCP est\u00e1 focada no levantamento da situa\u00e7\u00e3o e estudo para terceiriza\u00e7\u00e3o do servi\u00e7o de transporte coletivo e na solu\u00e7\u00e3o para resolver a falta de transporte de forma imediata, uma vez que existe um contrato em vig\u00eancia de loca\u00e7\u00e3o de 100 \u00f4nibus e nem todos est\u00e3o operando. Ser\u00e3o realizadas altera\u00e7\u00f5es no atual cen\u00e1rio de gest\u00e3o e opera\u00e7\u00e3o do sistema de transporte para garantir um servi\u00e7o que realmente atenda os palmenses.<\/p>\n","protected":false},"excerpt":{"rendered":"<p>A Prefeitura de Palmas, por meio da Ag\u00eancia de Transporte Coletivo de Palmas (ATCP), revogou a Portaria n\u00ba 47, de 26 de dezembro de 2024, que limitou o pagamento do transporte coletivo urbano da Capital exclusivamente por meio da carteirinha. Conforme Di\u00e1rio Oficial do Munic\u00edpio de Palmas dessa segunda-feira, 6 de janeiro, p\u00e1gina 23. A [&hellip;]<\/p>\n","protected":false},"author":13,"featured_media":83875,"comment_status":"open","ping_status":"open","sticky":false,"template":"","format":"standard","meta":{"_acf_changed":false,"footnotes":""},"categories":[22,898,21],"tags":[],"class_list":["post-83874","post","type-post","status-publish","format-standard","has-post-thumbnail","hentry","category-cidades","category-manchete-segundaria","category-todas-noticias"],"acf":[],"yoast_head":"<!-- This site is optimized with the Yoast SEO plugin v24.4 - https:\/\/yoast.com\/wordpress\/plugins\/seo\/ -->\n<title>Prefeitura de Palmas revoga pagamento somente por carteirinha no transporte; janeiro segue com catraca livre - PORTAL DE NOT\u00cdCIAS CLEITON PINHEIRO<\/title>\n<meta name=\"robots\" content=\"index, follow, max-snippet:-1, max-image-preview:large, max-video-preview:-1\" \/>\n<link rel=\"canonical\" href=\"https:\/\/cleitonpinheiro.com.br\/site\/prefeitura-de-palmas-revoga-pagamento-somente-por-carteirinha-no-transporte-janeiro-segue-com-catraca-livre\/\" \/>\n<meta property=\"og:locale\" content=\"pt_BR\" \/>\n<meta property=\"og:type\" content=\"article\" \/>\n<meta property=\"og:title\" content=\"Prefeitura de Palmas revoga pagamento somente por carteirinha no transporte; janeiro segue com catraca livre - PORTAL DE NOT\u00cdCIAS CLEITON PINHEIRO\" \/>\n<meta property=\"og:description\" content=\"A Prefeitura de Palmas, por meio da Ag\u00eancia de Transporte Coletivo de Palmas (ATCP), revogou a Portaria n\u00ba 47, de 26 de dezembro de 2024, que limitou o pagamento do transporte coletivo urbano da Capital exclusivamente por meio da carteirinha. Conforme Di\u00e1rio Oficial do Munic\u00edpio de Palmas dessa segunda-feira, 6 de janeiro, p\u00e1gina 23. A [&hellip;]\" \/>\n<meta property=\"og:url\" content=\"https:\/\/cleitonpinheiro.com.br\/site\/prefeitura-de-palmas-revoga-pagamento-somente-por-carteirinha-no-transporte-janeiro-segue-com-catraca-livre\/\" \/>\n<meta property=\"og:site_name\" content=\"PORTAL DE NOT\u00cdCIAS CLEITON PINHEIRO\" \/>\n<meta property=\"article:publisher\" content=\"https:\/\/www.facebook.com\/portalcpnoticias\/\" \/>\n<meta property=\"article:published_time\" content=\"2025-01-07T12:09:23+00:00\" \/>\n<meta property=\"article:modified_time\" content=\"2025-01-07T12:09:33+00:00\" \/>\n<meta property=\"og:image\" content=\"https:\/\/cleitonpinheiro.com.br\/site\/wp-content\/uploads\/2025\/01\/9cf9c113-8e24-4a8d-bffe-096ec544383b-1.jpg\" \/>\n\t<meta property=\"og:image:width\" content=\"800\" \/>\n\t<meta property=\"og:image:height\" content=\"533\" \/>\n\t<meta property=\"og:image:type\" content=\"image\/jpeg\" \/>\n<meta name=\"author\" content=\"Reda\u00e7\u00e3o CP\" \/>\n<meta name=\"twitter:card\" content=\"summary_large_image\" \/>\n<meta name=\"twitter:label1\" content=\"Escrito por\" \/>\n\t<meta name=\"twitter:data1\" content=\"Reda\u00e7\u00e3o CP\" \/>\n\t<meta name=\"twitter:label2\" content=\"Est. tempo de leitura\" \/>\n\t<meta name=\"twitter:data2\" content=\"2 minutos\" \/>\n<script type=\"application\/ld+json\" class=\"yoast-schema-graph\">{\"@context\":\"https:\/\/schema.org\",\"@graph\":[{\"@type\":\"Article\",\"@id\":\"https:\/\/cleitonpinheiro.com.br\/site\/prefeitura-de-palmas-revoga-pagamento-somente-por-carteirinha-no-transporte-janeiro-segue-com-catraca-livre\/#article\",\"isPartOf\":{\"@id\":\"https:\/\/cleitonpinheiro.com.br\/site\/prefeitura-de-palmas-revoga-pagamento-somente-por-carteirinha-no-transporte-janeiro-segue-com-catraca-livre\/\"},\"author\":{\"name\":\"Reda\u00e7\u00e3o CP\",\"@id\":\"https:\/\/cleitonpinheiro.com.br\/site\/#\/schema\/person\/8f04544e0bc40a1b68775b08360f87db\"},\"headline\":\"Prefeitura de Palmas revoga pagamento somente por carteirinha no transporte; janeiro segue com catraca livre\",\"datePublished\":\"2025-01-07T12:09:23+00:00\",\"dateModified\":\"2025-01-07T12:09:33+00:00\",\"mainEntityOfPage\":{\"@id\":\"https:\/\/cleitonpinheiro.com.br\/site\/prefeitura-de-palmas-revoga-pagamento-somente-por-carteirinha-no-transporte-janeiro-segue-com-catraca-livre\/\"},\"wordCount\":209,\"commentCount\":0,\"publisher\":{\"@id\":\"https:\/\/cleitonpinheiro.com.br\/site\/#organization\"},\"image\":{\"@id\":\"https:\/\/cleitonpinheiro.com.br\/site\/prefeitura-de-palmas-revoga-pagamento-somente-por-carteirinha-no-transporte-janeiro-segue-com-catraca-livre\/#primaryimage\"},\"thumbnailUrl\":\"https:\/\/cleitonpinheiro.com.br\/site\/wp-content\/uploads\/2025\/01\/9cf9c113-8e24-4a8d-bffe-096ec544383b-1.jpg\",\"articleSection\":[\"CIDADES\",\"MANCHETE SEGUND\u00c1RIA\",\"TODAS NOTICIAS\"],\"inLanguage\":\"pt-BR\",\"potentialAction\":[{\"@type\":\"CommentAction\",\"name\":\"Comment\",\"target\":[\"https:\/\/cleitonpinheiro.com.br\/site\/prefeitura-de-palmas-revoga-pagamento-somente-por-carteirinha-no-transporte-janeiro-segue-com-catraca-livre\/#respond\"]}]},{\"@type\":\"WebPage\",\"@id\":\"https:\/\/cleitonpinheiro.com.br\/site\/prefeitura-de-palmas-revoga-pagamento-somente-por-carteirinha-no-transporte-janeiro-segue-com-catraca-livre\/\",\"url\":\"https:\/\/cleitonpinheiro.com.br\/site\/prefeitura-de-palmas-revoga-pagamento-somente-por-carteirinha-no-transporte-janeiro-segue-com-catraca-livre\/\",\"name\":\"Prefeitura de Palmas revoga pagamento somente por carteirinha no transporte; janeiro segue com catraca livre - PORTAL DE NOT\u00cdCIAS CLEITON PINHEIRO\",\"isPartOf\":{\"@id\":\"https:\/\/cleitonpinheiro.com.br\/site\/#website\"},\"primaryImageOfPage\":{\"@id\":\"https:\/\/cleitonpinheiro.com.br\/site\/prefeitura-de-palmas-revoga-pagamento-somente-por-carteirinha-no-transporte-janeiro-segue-com-catraca-livre\/#primaryimage\"},\"image\":{\"@id\":\"https:\/\/cleitonpinheiro.com.br\/site\/prefeitura-de-palmas-revoga-pagamento-somente-por-carteirinha-no-transporte-janeiro-segue-com-catraca-livre\/#primaryimage\"},\"thumbnailUrl\":\"https:\/\/cleitonpinheiro.com.br\/site\/wp-content\/uploads\/2025\/01\/9cf9c113-8e24-4a8d-bffe-096ec544383b-1.jpg\",\"datePublished\":\"2025-01-07T12:09:23+00:00\",\"dateModified\":\"2025-01-07T12:09:33+00:00\",\"breadcrumb\":{\"@id\":\"https:\/\/cleitonpinheiro.com.br\/site\/prefeitura-de-palmas-revoga-pagamento-somente-por-carteirinha-no-transporte-janeiro-segue-com-catraca-livre\/#breadcrumb\"},\"inLanguage\":\"pt-BR\",\"potentialAction\":[{\"@type\":\"ReadAction\",\"target\":[\"https:\/\/cleitonpinheiro.com.br\/site\/prefeitura-de-palmas-revoga-pagamento-somente-por-carteirinha-no-transporte-janeiro-segue-com-catraca-livre\/\"]}]},{\"@type\":\"ImageObject\",\"inLanguage\":\"pt-BR\",\"@id\":\"https:\/\/cleitonpinheiro.com.br\/site\/prefeitura-de-palmas-revoga-pagamento-somente-por-carteirinha-no-transporte-janeiro-segue-com-catraca-livre\/#primaryimage\",\"url\":\"https:\/\/cleitonpinheiro.com.br\/site\/wp-content\/uploads\/2025\/01\/9cf9c113-8e24-4a8d-bffe-096ec544383b-1.jpg\",\"contentUrl\":\"https:\/\/cleitonpinheiro.com.br\/site\/wp-content\/uploads\/2025\/01\/9cf9c113-8e24-4a8d-bffe-096ec544383b-1.jpg\",\"width\":800,\"height\":533,\"caption\":\"Foto: Luciana Pires\"},{\"@type\":\"BreadcrumbList\",\"@id\":\"https:\/\/cleitonpinheiro.com.br\/site\/prefeitura-de-palmas-revoga-pagamento-somente-por-carteirinha-no-transporte-janeiro-segue-com-catraca-livre\/#breadcrumb\",\"itemListElement\":[{\"@type\":\"ListItem\",\"position\":1,\"name\":\"In\u00edcio\",\"item\":\"https:\/\/cleitonpinheiro.com.br\/site\/\"},{\"@type\":\"ListItem\",\"position\":2,\"name\":\"Prefeitura de Palmas revoga pagamento somente por carteirinha no transporte; janeiro segue com catraca livre\"}]},{\"@type\":\"WebSite\",\"@id\":\"https:\/\/cleitonpinheiro.com.br\/site\/#website\",\"url\":\"https:\/\/cleitonpinheiro.com.br\/site\/\",\"name\":\"PORTAL DE NOT\u00cdCIAS CLEITON PINHEIRO\",\"description\":\"FALANDO A VERDADE\",\"publisher\":{\"@id\":\"https:\/\/cleitonpinheiro.com.br\/site\/#organization\"},\"potentialAction\":[{\"@type\":\"SearchAction\",\"target\":{\"@type\":\"EntryPoint\",\"urlTemplate\":\"https:\/\/cleitonpinheiro.com.br\/site\/?s={search_term_string}\"},\"query-input\":{\"@type\":\"PropertyValueSpecification\",\"valueRequired\":true,\"valueName\":\"search_term_string\"}}],\"inLanguage\":\"pt-BR\"},{\"@type\":\"Organization\",\"@id\":\"https:\/\/cleitonpinheiro.com.br\/site\/#organization\",\"name\":\"CPNOT\u00cdCIAS\",\"url\":\"https:\/\/cleitonpinheiro.com.br\/site\/\",\"logo\":{\"@type\":\"ImageObject\",\"inLanguage\":\"pt-BR\",\"@id\":\"https:\/\/cleitonpinheiro.com.br\/site\/#\/schema\/logo\/image\/\",\"url\":\"https:\/\/cleitonpinheiro.com.br\/site\/wp-content\/uploads\/2022\/08\/Logo-pequena-2.png\",\"contentUrl\":\"https:\/\/cleitonpinheiro.com.br\/site\/wp-content\/uploads\/2022\/08\/Logo-pequena-2.png\",\"width\":500,\"height\":500,\"caption\":\"CPNOT\u00cdCIAS\"},\"image\":{\"@id\":\"https:\/\/cleitonpinheiro.com.br\/site\/#\/schema\/logo\/image\/\"},\"sameAs\":[\"https:\/\/www.facebook.com\/portalcpnoticias\/\"]},{\"@type\":\"Person\",\"@id\":\"https:\/\/cleitonpinheiro.com.br\/site\/#\/schema\/person\/8f04544e0bc40a1b68775b08360f87db\",\"name\":\"Reda\u00e7\u00e3o CP\",\"image\":{\"@type\":\"ImageObject\",\"inLanguage\":\"pt-BR\",\"@id\":\"https:\/\/cleitonpinheiro.com.br\/site\/#\/schema\/person\/image\/\",\"url\":\"https:\/\/secure.gravatar.com\/avatar\/0bcf19cb29fdc8fc588c490c7ae1b3e174dac268586a63fbe1d1893a0f9020cd?s=96&r=g\",\"contentUrl\":\"https:\/\/secure.gravatar.com\/avatar\/0bcf19cb29fdc8fc588c490c7ae1b3e174dac268586a63fbe1d1893a0f9020cd?s=96&r=g\",\"caption\":\"Reda\u00e7\u00e3o CP\"},\"url\":\"https:\/\/cleitonpinheiro.com.br\/site\/author\/redacao\/\"}]}<\/script>\n<!-- \/ Yoast SEO plugin. -->","yoast_head_json":{"title":"Prefeitura de Palmas revoga pagamento somente por carteirinha no transporte; janeiro segue com catraca livre - PORTAL DE NOT\u00cdCIAS CLEITON PINHEIRO","robots":{"index":"index","follow":"follow","max-snippet":"max-snippet:-1","max-image-preview":"max-image-preview:large","max-video-preview":"max-video-preview:-1"},"canonical":"https:\/\/cleitonpinheiro.com.br\/site\/prefeitura-de-palmas-revoga-pagamento-somente-por-carteirinha-no-transporte-janeiro-segue-com-catraca-livre\/","og_locale":"pt_BR","og_type":"article","og_title":"Prefeitura de Palmas revoga pagamento somente por carteirinha no transporte; janeiro segue com catraca livre - PORTAL DE NOT\u00cdCIAS CLEITON PINHEIRO","og_description":"A Prefeitura de Palmas, por meio da Ag\u00eancia de Transporte Coletivo de Palmas (ATCP), revogou a Portaria n\u00ba 47, de 26 de dezembro de 2024, que limitou o pagamento do transporte coletivo urbano da Capital exclusivamente por meio da carteirinha. Conforme Di\u00e1rio Oficial do Munic\u00edpio de Palmas dessa segunda-feira, 6 de janeiro, p\u00e1gina 23. A [&hellip;]","og_url":"https:\/\/cleitonpinheiro.com.br\/site\/prefeitura-de-palmas-revoga-pagamento-somente-por-carteirinha-no-transporte-janeiro-segue-com-catraca-livre\/","og_site_name":"PORTAL DE NOT\u00cdCIAS CLEITON PINHEIRO","article_publisher":"https:\/\/www.facebook.com\/portalcpnoticias\/","article_published_time":"2025-01-07T12:09:23+00:00","article_modified_time":"2025-01-07T12:09:33+00:00","og_image":[{"width":800,"height":533,"url":"https:\/\/cleitonpinheiro.com.br\/site\/wp-content\/uploads\/2025\/01\/9cf9c113-8e24-4a8d-bffe-096ec544383b-1.jpg","type":"image\/jpeg"}],"author":"Reda\u00e7\u00e3o CP","twitter_card":"summary_large_image","twitter_misc":{"Escrito por":"Reda\u00e7\u00e3o CP","Est. tempo de leitura":"2 minutos"},"schema":{"@context":"https:\/\/schema.org","@graph":[{"@type":"Article","@id":"https:\/\/cleitonpinheiro.com.br\/site\/prefeitura-de-palmas-revoga-pagamento-somente-por-carteirinha-no-transporte-janeiro-segue-com-catraca-livre\/#article","isPartOf":{"@id":"https:\/\/cleitonpinheiro.com.br\/site\/prefeitura-de-palmas-revoga-pagamento-somente-por-carteirinha-no-transporte-janeiro-segue-com-catraca-livre\/"},"author":{"name":"Reda\u00e7\u00e3o CP","@id":"https:\/\/cleitonpinheiro.com.br\/site\/#\/schema\/person\/8f04544e0bc40a1b68775b08360f87db"},"headline":"Prefeitura de Palmas revoga pagamento somente por carteirinha no transporte; janeiro segue com catraca livre","datePublished":"2025-01-07T12:09:23+00:00","dateModified":"2025-01-07T12:09:33+00:00","mainEntityOfPage":{"@id":"https:\/\/cleitonpinheiro.com.br\/site\/prefeitura-de-palmas-revoga-pagamento-somente-por-carteirinha-no-transporte-janeiro-segue-com-catraca-livre\/"},"wordCount":209,"commentCount":0,"publisher":{"@id":"https:\/\/cleitonpinheiro.com.br\/site\/#organization"},"image":{"@id":"https:\/\/cleitonpinheiro.com.br\/site\/prefeitura-de-palmas-revoga-pagamento-somente-por-carteirinha-no-transporte-janeiro-segue-com-catraca-livre\/#primaryimage"},"thumbnailUrl":"https:\/\/cleitonpinheiro.com.br\/site\/wp-content\/uploads\/2025\/01\/9cf9c113-8e24-4a8d-bffe-096ec544383b-1.jpg","articleSection":["CIDADES","MANCHETE SEGUND\u00c1RIA","TODAS NOTICIAS"],"inLanguage":"pt-BR","potentialAction":[{"@type":"CommentAction","name":"Comment","target":["https:\/\/cleitonpinheiro.com.br\/site\/prefeitura-de-palmas-revoga-pagamento-somente-por-carteirinha-no-transporte-janeiro-segue-com-catraca-livre\/#respond"]}]},{"@type":"WebPage","@id":"https:\/\/cleitonpinheiro.com.br\/site\/prefeitura-de-palmas-revoga-pagamento-somente-por-carteirinha-no-transporte-janeiro-segue-com-catraca-livre\/","url":"https:\/\/cleitonpinheiro.com.br\/site\/prefeitura-de-palmas-revoga-pagamento-somente-por-carteirinha-no-transporte-janeiro-segue-com-catraca-livre\/","name":"Prefeitura de Palmas revoga pagamento somente por carteirinha no transporte; janeiro segue com catraca livre - PORTAL DE NOT\u00cdCIAS CLEITON PINHEIRO","isPartOf":{"@id":"https:\/\/cleitonpinheiro.com.br\/site\/#website"},"primaryImageOfPage":{"@id":"https:\/\/cleitonpinheiro.com.br\/site\/prefeitura-de-palmas-revoga-pagamento-somente-por-carteirinha-no-transporte-janeiro-segue-com-catraca-livre\/#primaryimage"},"image":{"@id":"https:\/\/cleitonpinheiro.com.br\/site\/prefeitura-de-palmas-revoga-pagamento-somente-por-carteirinha-no-transporte-janeiro-segue-com-catraca-livre\/#primaryimage"},"thumbnailUrl":"https:\/\/cleitonpinheiro.com.br\/site\/wp-content\/uploads\/2025\/01\/9cf9c113-8e24-4a8d-bffe-096ec544383b-1.jpg","datePublished":"2025-01-07T12:09:23+00:00","dateModified":"2025-01-07T12:09:33+00:00","breadcrumb":{"@id":"https:\/\/cleitonpinheiro.com.br\/site\/prefeitura-de-palmas-revoga-pagamento-somente-por-carteirinha-no-transporte-janeiro-segue-com-catraca-livre\/#breadcrumb"},"inLanguage":"pt-BR","potentialAction":[{"@type":"ReadAction","target":["https:\/\/cleitonpinheiro.com.br\/site\/prefeitura-de-palmas-revoga-pagamento-somente-por-carteirinha-no-transporte-janeiro-segue-com-catraca-livre\/"]}]},{"@type":"ImageObject","inLanguage":"pt-BR","@id":"https:\/\/cleitonpinheiro.com.br\/site\/prefeitura-de-palmas-revoga-pagamento-somente-por-carteirinha-no-transporte-janeiro-segue-com-catraca-livre\/#primaryimage","url":"https:\/\/cleitonpinheiro.com.br\/site\/wp-content\/uploads\/2025\/01\/9cf9c113-8e24-4a8d-bffe-096ec544383b-1.jpg","contentUrl":"https:\/\/cleitonpinheiro.com.br\/site\/wp-content\/uploads\/2025\/01\/9cf9c113-8e24-4a8d-bffe-096ec544383b-1.jpg","width":800,"height":533,"caption":"Foto: Luciana Pires"},{"@type":"BreadcrumbList","@id":"https:\/\/cleitonpinheiro.com.br\/site\/prefeitura-de-palmas-revoga-pagamento-somente-por-carteirinha-no-transporte-janeiro-segue-com-catraca-livre\/#breadcrumb","itemListElement":[{"@type":"ListItem","position":1,"name":"In\u00edcio","item":"https:\/\/cleitonpinheiro.com.br\/site\/"},{"@type":"ListItem","position":2,"name":"Prefeitura de Palmas revoga pagamento somente por carteirinha no transporte; janeiro segue com catraca livre"}]},{"@type":"WebSite","@id":"https:\/\/cleitonpinheiro.com.br\/site\/#website","url":"https:\/\/cleitonpinheiro.com.br\/site\/","name":"PORTAL DE NOT\u00cdCIAS CLEITON PINHEIRO","description":"FALANDO A VERDADE","publisher":{"@id":"https:\/\/cleitonpinheiro.com.br\/site\/#organization"},"potentialAction":[{"@type":"SearchAction","target":{"@type":"EntryPoint","urlTemplate":"https:\/\/cleitonpinheiro.com.br\/site\/?s={search_term_string}"},"query-input":{"@type":"PropertyValueSpecification","valueRequired":true,"valueName":"search_term_string"}}],"inLanguage":"pt-BR"},{"@type":"Organization","@id":"https:\/\/cleitonpinheiro.com.br\/site\/#organization","name":"CPNOT\u00cdCIAS","url":"https:\/\/cleitonpinheiro.com.br\/site\/","logo":{"@type":"ImageObject","inLanguage":"pt-BR","@id":"https:\/\/cleitonpinheiro.com.br\/site\/#\/schema\/logo\/image\/","url":"https:\/\/cleitonpinheiro.com.br\/site\/wp-content\/uploads\/2022\/08\/Logo-pequena-2.png","contentUrl":"https:\/\/cleitonpinheiro.com.br\/site\/wp-content\/uploads\/2022\/08\/Logo-pequena-2.png","width":500,"height":500,"caption":"CPNOT\u00cdCIAS"},"image":{"@id":"https:\/\/cleitonpinheiro.com.br\/site\/#\/schema\/logo\/image\/"},"sameAs":["https:\/\/www.facebook.com\/portalcpnoticias\/"]},{"@type":"Person","@id":"https:\/\/cleitonpinheiro.com.br\/site\/#\/schema\/person\/8f04544e0bc40a1b68775b08360f87db","name":"Reda\u00e7\u00e3o CP","image":{"@type":"ImageObject","inLanguage":"pt-BR","@id":"https:\/\/cleitonpinheiro.com.br\/site\/#\/schema\/person\/image\/","url":"https:\/\/secure.gravatar.com\/avatar\/0bcf19cb29fdc8fc588c490c7ae1b3e174dac268586a63fbe1d1893a0f9020cd?s=96&r=g","contentUrl":"https:\/\/secure.gravatar.com\/avatar\/0bcf19cb29fdc8fc588c490c7ae1b3e174dac268586a63fbe1d1893a0f9020cd?s=96&r=g","caption":"Reda\u00e7\u00e3o CP"},"url":"https:\/\/cleitonpinheiro.com.br\/site\/author\/redacao\/"}]}},"views":153,"_links":{"self":[{"href":"https:\/\/cleitonpinheiro.com.br\/site\/wp-json\/wp\/v2\/posts\/83874","targetHints":{"allow":["GET"]}}],"collection":[{"href":"https:\/\/cleitonpinheiro.com.br\/site\/wp-json\/wp\/v2\/posts"}],"about":[{"href":"https:\/\/cleitonpinheiro.com.br\/site\/wp-json\/wp\/v2\/types\/post"}],"author":[{"embeddable":true,"href":"https:\/\/cleitonpinheiro.com.br\/site\/wp-json\/wp\/v2\/users\/13"}],"replies":[{"embeddable":true,"href":"https:\/\/cleitonpinheiro.com.br\/site\/wp-json\/wp\/v2\/comments?post=83874"}],"version-history":[{"count":1,"href":"https:\/\/cleitonpinheiro.com.br\/site\/wp-json\/wp\/v2\/posts\/83874\/revisions"}],"predecessor-version":[{"id":83876,"href":"https:\/\/cleitonpinheiro.com.br\/site\/wp-json\/wp\/v2\/posts\/83874\/revisions\/83876"}],"wp:featuredmedia":[{"embeddable":true,"href":"https:\/\/cleitonpinheiro.com.br\/site\/wp-json\/wp\/v2\/media\/83875"}],"wp:attachment":[{"href":"https:\/\/cleitonpinheiro.com.br\/site\/wp-json\/wp\/v2\/media?parent=83874"}],"wp:term":[{"taxonomy":"category","embeddable":true,"href":"https:\/\/cleitonpinheiro.com.br\/site\/wp-json\/wp\/v2\/categories?post=83874"},{"taxonomy":"post_tag","embeddable":true,"href":"https:\/\/cleitonpinheiro.com.br\/site\/wp-json\/wp\/v2\/tags?post=83874"}],"curies":[{"name":"wp","href":"https:\/\/api.w.org\/{rel}","templated":true}]}}