{"id":83877,"date":"2025-01-07T09:19:30","date_gmt":"2025-01-07T12:19:30","guid":{"rendered":"https:\/\/cleitonpinheiro.com.br\/site\/?p=83877"},"modified":"2025-01-07T11:40:37","modified_gmt":"2025-01-07T14:40:37","slug":"pauta-de-reivindicacoes-ajusp-to-cobra-do-governador-wanderlei-a-implementacao-imediata-dos-25","status":"publish","type":"post","link":"https:\/\/cleitonpinheiro.com.br\/site\/pauta-de-reivindicacoes-ajusp-to-cobra-do-governador-wanderlei-a-implementacao-imediata-dos-25\/","title":{"rendered":"Pauta de reivindica\u00e7\u00f5es: Ajusp-TO cobra do governador Wanderlei a implementa\u00e7\u00e3o imediata dos 25%"},"content":{"rendered":"\n<figure class=\"wp-block-image size-large\"><img fetchpriority=\"high\" decoding=\"async\" width=\"1024\" height=\"766\" src=\"https:\/\/cleitonpinheiro.com.br\/site\/wp-content\/uploads\/2025\/01\/25-1024x766.jpg\" alt=\"\" class=\"wp-image-83878\" srcset=\"https:\/\/cleitonpinheiro.com.br\/site\/wp-content\/uploads\/2025\/01\/25-1024x766.jpg 1024w, https:\/\/cleitonpinheiro.com.br\/site\/wp-content\/uploads\/2025\/01\/25-300x224.jpg 300w, https:\/\/cleitonpinheiro.com.br\/site\/wp-content\/uploads\/2025\/01\/25-768x575.jpg 768w, https:\/\/cleitonpinheiro.com.br\/site\/wp-content\/uploads\/2025\/01\/25-1536x1149.jpg 1536w, https:\/\/cleitonpinheiro.com.br\/site\/wp-content\/uploads\/2025\/01\/25.jpg 1600w\" sizes=\"(max-width: 1024px) 100vw, 1024px\" \/><\/figure>\n\n\n\n<p>A Associa\u00e7\u00e3o de Assist\u00eancia Jur\u00eddica aos Servidores P\u00fablicos no Estado do Tocantins (AJUSP-TO) protocolou nesta segunda-feira, 6 de janeiro, no Pal\u00e1cio Araguaia, um documento contendo a Pauta com as Reivindica\u00e7\u00f5es priorit\u00e1rias dos servidores p\u00fablicos associados, para o ano de 2025. A iniciativa \u00e9 mais uma tentativa da AJUSP-TO de abrir di\u00e1logo com o Governo do Estado, com o objetivo de defender e garantir o cumprimento dos direitos da categoria. \u00c9 papel da AJUSP-TO, como entidade classista, primar pelo di\u00e1logo e buscar ao m\u00e1ximo esgotar as possibilidades de negocia\u00e7\u00e3o.<\/p>\n\n\n\n<p><strong>No topo da lista de prioridades, est\u00e1 a luta pela implementa\u00e7\u00e3o imediata do reajuste de 25%,<\/strong>&nbsp;um direito leg\u00edtimo reconhecido pelo Supremo Tribunal Federal (STF), que, ap\u00f3s 16 anos de batalhas judiciais, finalmente, transitou em julgado em fevereiro de 2023. Estamos pr\u00f3ximos de completar 2 (dois) anos da publica\u00e7\u00e3o do ac\u00f3rd\u00e3o e, at\u00e9 o presente momento, o Governo do Tocantins vem se utilizando de diversas manobras dentro do Poder Judici\u00e1rio Estadual, com o objetivo de protelar ao m\u00e1ximo, a resolu\u00e7\u00e3o dessa demanda t\u00e3o aguardada pelos servidores p\u00fablicos estaduais.<\/p>\n\n\n\n<p>Outra cobran\u00e7a da categoria \u00e9 o pagamento&nbsp;<strong>das progress\u00f5es verticais e horizontais do ano de 2024<\/strong>. Al\u00e9m disso, a AJUSP-TO tamb\u00e9m reivindica:&nbsp;<strong>a)<\/strong>&nbsp;a concess\u00e3o do aux\u00edlio alimenta\u00e7\u00e3o de R$ 800 para todos, a exemplo do que foi concedido aos policiais militares;<strong>&nbsp;b)<\/strong>&nbsp;a institui\u00e7\u00e3o da jornada de 6 horas;&nbsp;<strong>c)<\/strong>&nbsp;a corre\u00e7\u00e3o dos valores das di\u00e1rias;&nbsp;<strong>d)<\/strong>&nbsp;a amplia\u00e7\u00e3o da rede de atendimento do SERVIR (Plano de Sa\u00fade dos servidores p\u00falicos);&nbsp;<strong>e)<\/strong>&nbsp;a realiza\u00e7\u00e3o de novos concursos p\u00fablicos, priorizando o ingresso na administra\u00e7\u00e3o p\u00fablica por meio de concurso e reduzindo o n\u00famero de contratos e comissionados;&nbsp;<strong>f)<\/strong>&nbsp;a institui\u00e7\u00e3o de pr\u00eamio por produtividade, no \u00e2mbito do Poder Executivo Estadual;&nbsp;<strong>g)<\/strong>&nbsp;a institui\u00e7\u00e3o de uma mesa permanente de negocia\u00e7\u00e3o com as entidades classistas, com participa\u00e7\u00e3o parit\u00e1rias das entidades e do Governo;&nbsp;<strong>h)<\/strong>&nbsp;o restabelecimento de um Programa Habitacional direcionado aos servidores p\u00fablicos, de modo a possibilitar linhas de cr\u00e9dito em todos os munic\u00edpios do Tocantins; dentre outras demandas da categoria.<\/p>\n\n\n\n<p><em>\u201cUm novo ano est\u00e1 come\u00e7ando e a AJUSP-TO, sempre atuante e sempre atenta aos direitos dos seus associados, j\u00e1 foi at\u00e9 a sede do Governo para protocolar a Pauta de Reivindica\u00e7\u00f5es da nossa categoria para 2025. Como entidade classista, nosso primeiro caminho sempre ser\u00e1 o do di\u00e1logo e da abertura de negocia\u00e7\u00e3o. O que n\u00f3s esperamos \u00e9 que o Governador Wanderlei Barbosa seja mais sens\u00edvel aos in\u00fameros apelos do servidor efetivo, chamando as entidades para conversar e resolver tantos problemas que v\u00eam se arrastando e precisam de solu\u00e7\u00f5es en\u00e9rgicas\u201d,<\/em>&nbsp;enfatizou o presidente da AJUSP-TO, o sindicalista Cleiton Pinheiro.<\/p>\n\n\n\n<p>Para visualizar toda a Pauta de Reivindica\u00e7\u00f5es 2025 da AJUSP-TO, clique no link e fa\u00e7a o&nbsp;<em>download<\/em>&nbsp;do Of\u00edcio protocolado.&nbsp;<a href=\"https:\/\/ajuspto.com.br\/portal\/wp-content\/uploads\/2025\/01\/OFICIO-AJUSP-TO-N%C2%B0-001.2025.pdf\">OF\u00cdCIO AJUSP-TO N\u00b0 001.2025<\/a>&nbsp;<em>(Assessoria de Comunica\u00e7\u00e3o AJUSP-TO, Ana Mariana Ara\u00fajo)<\/em><\/p>\n","protected":false},"excerpt":{"rendered":"<p>A Associa\u00e7\u00e3o de Assist\u00eancia Jur\u00eddica aos Servidores P\u00fablicos no Estado do Tocantins (AJUSP-TO) protocolou nesta segunda-feira, 6 de janeiro, no Pal\u00e1cio Araguaia, um documento contendo a Pauta com as Reivindica\u00e7\u00f5es priorit\u00e1rias dos servidores p\u00fablicos associados, para o ano de 2025. A iniciativa \u00e9 mais uma tentativa da AJUSP-TO de abrir di\u00e1logo com o Governo do [&hellip;]<\/p>\n","protected":false},"author":13,"featured_media":83878,"comment_status":"open","ping_status":"open","sticky":false,"template":"","format":"standard","meta":{"_acf_changed":false,"footnotes":""},"categories":[25,898,21],"tags":[],"class_list":["post-83877","post","type-post","status-publish","format-standard","has-post-thumbnail","hentry","category-funcionalismo","category-manchete-segundaria","category-todas-noticias"],"acf":[],"yoast_head":"<!-- This site is optimized with the Yoast SEO plugin v24.4 - https:\/\/yoast.com\/wordpress\/plugins\/seo\/ -->\n<title>Pauta de reivindica\u00e7\u00f5es: Ajusp-TO cobra do governador Wanderlei a implementa\u00e7\u00e3o imediata dos 25% - PORTAL DE NOT\u00cdCIAS CLEITON PINHEIRO<\/title>\n<meta name=\"robots\" content=\"index, follow, max-snippet:-1, max-image-preview:large, max-video-preview:-1\" \/>\n<link rel=\"canonical\" href=\"https:\/\/cleitonpinheiro.com.br\/site\/pauta-de-reivindicacoes-ajusp-to-cobra-do-governador-wanderlei-a-implementacao-imediata-dos-25\/\" \/>\n<meta property=\"og:locale\" content=\"pt_BR\" \/>\n<meta property=\"og:type\" content=\"article\" \/>\n<meta property=\"og:title\" content=\"Pauta de reivindica\u00e7\u00f5es: Ajusp-TO cobra do governador Wanderlei a implementa\u00e7\u00e3o imediata dos 25% - PORTAL DE NOT\u00cdCIAS CLEITON PINHEIRO\" \/>\n<meta property=\"og:description\" content=\"A Associa\u00e7\u00e3o de Assist\u00eancia Jur\u00eddica aos Servidores P\u00fablicos no Estado do Tocantins (AJUSP-TO) protocolou nesta segunda-feira, 6 de janeiro, no Pal\u00e1cio Araguaia, um documento contendo a Pauta com as Reivindica\u00e7\u00f5es priorit\u00e1rias dos servidores p\u00fablicos associados, para o ano de 2025. A iniciativa \u00e9 mais uma tentativa da AJUSP-TO de abrir di\u00e1logo com o Governo do [&hellip;]\" \/>\n<meta property=\"og:url\" content=\"https:\/\/cleitonpinheiro.com.br\/site\/pauta-de-reivindicacoes-ajusp-to-cobra-do-governador-wanderlei-a-implementacao-imediata-dos-25\/\" \/>\n<meta property=\"og:site_name\" content=\"PORTAL DE NOT\u00cdCIAS CLEITON PINHEIRO\" \/>\n<meta property=\"article:publisher\" content=\"https:\/\/www.facebook.com\/portalcpnoticias\/\" \/>\n<meta property=\"article:published_time\" content=\"2025-01-07T12:19:30+00:00\" \/>\n<meta property=\"article:modified_time\" content=\"2025-01-07T14:40:37+00:00\" \/>\n<meta property=\"og:image\" content=\"https:\/\/cleitonpinheiro.com.br\/site\/wp-content\/uploads\/2025\/01\/25.jpg\" \/>\n\t<meta property=\"og:image:width\" content=\"1600\" \/>\n\t<meta property=\"og:image:height\" content=\"1197\" \/>\n\t<meta property=\"og:image:type\" content=\"image\/jpeg\" \/>\n<meta name=\"author\" content=\"Reda\u00e7\u00e3o CP\" \/>\n<meta name=\"twitter:card\" content=\"summary_large_image\" \/>\n<meta name=\"twitter:label1\" content=\"Escrito por\" \/>\n\t<meta name=\"twitter:data1\" content=\"Reda\u00e7\u00e3o CP\" \/>\n\t<meta name=\"twitter:label2\" content=\"Est. tempo de leitura\" \/>\n\t<meta name=\"twitter:data2\" content=\"3 minutos\" \/>\n<script type=\"application\/ld+json\" class=\"yoast-schema-graph\">{\"@context\":\"https:\/\/schema.org\",\"@graph\":[{\"@type\":\"Article\",\"@id\":\"https:\/\/cleitonpinheiro.com.br\/site\/pauta-de-reivindicacoes-ajusp-to-cobra-do-governador-wanderlei-a-implementacao-imediata-dos-25\/#article\",\"isPartOf\":{\"@id\":\"https:\/\/cleitonpinheiro.com.br\/site\/pauta-de-reivindicacoes-ajusp-to-cobra-do-governador-wanderlei-a-implementacao-imediata-dos-25\/\"},\"author\":{\"name\":\"Reda\u00e7\u00e3o CP\",\"@id\":\"https:\/\/cleitonpinheiro.com.br\/site\/#\/schema\/person\/8f04544e0bc40a1b68775b08360f87db\"},\"headline\":\"Pauta de reivindica\u00e7\u00f5es: Ajusp-TO cobra do governador Wanderlei a implementa\u00e7\u00e3o imediata dos 25%\",\"datePublished\":\"2025-01-07T12:19:30+00:00\",\"dateModified\":\"2025-01-07T14:40:37+00:00\",\"mainEntityOfPage\":{\"@id\":\"https:\/\/cleitonpinheiro.com.br\/site\/pauta-de-reivindicacoes-ajusp-to-cobra-do-governador-wanderlei-a-implementacao-imediata-dos-25\/\"},\"wordCount\":553,\"commentCount\":0,\"publisher\":{\"@id\":\"https:\/\/cleitonpinheiro.com.br\/site\/#organization\"},\"image\":{\"@id\":\"https:\/\/cleitonpinheiro.com.br\/site\/pauta-de-reivindicacoes-ajusp-to-cobra-do-governador-wanderlei-a-implementacao-imediata-dos-25\/#primaryimage\"},\"thumbnailUrl\":\"https:\/\/cleitonpinheiro.com.br\/site\/wp-content\/uploads\/2025\/01\/25.jpg\",\"articleSection\":[\"FUNCIONALISMO\",\"MANCHETE SEGUND\u00c1RIA\",\"TODAS NOTICIAS\"],\"inLanguage\":\"pt-BR\",\"potentialAction\":[{\"@type\":\"CommentAction\",\"name\":\"Comment\",\"target\":[\"https:\/\/cleitonpinheiro.com.br\/site\/pauta-de-reivindicacoes-ajusp-to-cobra-do-governador-wanderlei-a-implementacao-imediata-dos-25\/#respond\"]}]},{\"@type\":\"WebPage\",\"@id\":\"https:\/\/cleitonpinheiro.com.br\/site\/pauta-de-reivindicacoes-ajusp-to-cobra-do-governador-wanderlei-a-implementacao-imediata-dos-25\/\",\"url\":\"https:\/\/cleitonpinheiro.com.br\/site\/pauta-de-reivindicacoes-ajusp-to-cobra-do-governador-wanderlei-a-implementacao-imediata-dos-25\/\",\"name\":\"Pauta de reivindica\u00e7\u00f5es: Ajusp-TO cobra do governador Wanderlei a implementa\u00e7\u00e3o imediata dos 25% - PORTAL DE NOT\u00cdCIAS CLEITON PINHEIRO\",\"isPartOf\":{\"@id\":\"https:\/\/cleitonpinheiro.com.br\/site\/#website\"},\"primaryImageOfPage\":{\"@id\":\"https:\/\/cleitonpinheiro.com.br\/site\/pauta-de-reivindicacoes-ajusp-to-cobra-do-governador-wanderlei-a-implementacao-imediata-dos-25\/#primaryimage\"},\"image\":{\"@id\":\"https:\/\/cleitonpinheiro.com.br\/site\/pauta-de-reivindicacoes-ajusp-to-cobra-do-governador-wanderlei-a-implementacao-imediata-dos-25\/#primaryimage\"},\"thumbnailUrl\":\"https:\/\/cleitonpinheiro.com.br\/site\/wp-content\/uploads\/2025\/01\/25.jpg\",\"datePublished\":\"2025-01-07T12:19:30+00:00\",\"dateModified\":\"2025-01-07T14:40:37+00:00\",\"breadcrumb\":{\"@id\":\"https:\/\/cleitonpinheiro.com.br\/site\/pauta-de-reivindicacoes-ajusp-to-cobra-do-governador-wanderlei-a-implementacao-imediata-dos-25\/#breadcrumb\"},\"inLanguage\":\"pt-BR\",\"potentialAction\":[{\"@type\":\"ReadAction\",\"target\":[\"https:\/\/cleitonpinheiro.com.br\/site\/pauta-de-reivindicacoes-ajusp-to-cobra-do-governador-wanderlei-a-implementacao-imediata-dos-25\/\"]}]},{\"@type\":\"ImageObject\",\"inLanguage\":\"pt-BR\",\"@id\":\"https:\/\/cleitonpinheiro.com.br\/site\/pauta-de-reivindicacoes-ajusp-to-cobra-do-governador-wanderlei-a-implementacao-imediata-dos-25\/#primaryimage\",\"url\":\"https:\/\/cleitonpinheiro.com.br\/site\/wp-content\/uploads\/2025\/01\/25.jpg\",\"contentUrl\":\"https:\/\/cleitonpinheiro.com.br\/site\/wp-content\/uploads\/2025\/01\/25.jpg\",\"width\":1600,\"height\":1197},{\"@type\":\"BreadcrumbList\",\"@id\":\"https:\/\/cleitonpinheiro.com.br\/site\/pauta-de-reivindicacoes-ajusp-to-cobra-do-governador-wanderlei-a-implementacao-imediata-dos-25\/#breadcrumb\",\"itemListElement\":[{\"@type\":\"ListItem\",\"position\":1,\"name\":\"In\u00edcio\",\"item\":\"https:\/\/cleitonpinheiro.com.br\/site\/\"},{\"@type\":\"ListItem\",\"position\":2,\"name\":\"Pauta de reivindica\u00e7\u00f5es: Ajusp-TO cobra do governador Wanderlei a implementa\u00e7\u00e3o imediata dos 25%\"}]},{\"@type\":\"WebSite\",\"@id\":\"https:\/\/cleitonpinheiro.com.br\/site\/#website\",\"url\":\"https:\/\/cleitonpinheiro.com.br\/site\/\",\"name\":\"PORTAL DE NOT\u00cdCIAS CLEITON PINHEIRO\",\"description\":\"FALANDO A VERDADE\",\"publisher\":{\"@id\":\"https:\/\/cleitonpinheiro.com.br\/site\/#organization\"},\"potentialAction\":[{\"@type\":\"SearchAction\",\"target\":{\"@type\":\"EntryPoint\",\"urlTemplate\":\"https:\/\/cleitonpinheiro.com.br\/site\/?s={search_term_string}\"},\"query-input\":{\"@type\":\"PropertyValueSpecification\",\"valueRequired\":true,\"valueName\":\"search_term_string\"}}],\"inLanguage\":\"pt-BR\"},{\"@type\":\"Organization\",\"@id\":\"https:\/\/cleitonpinheiro.com.br\/site\/#organization\",\"name\":\"CPNOT\u00cdCIAS\",\"url\":\"https:\/\/cleitonpinheiro.com.br\/site\/\",\"logo\":{\"@type\":\"ImageObject\",\"inLanguage\":\"pt-BR\",\"@id\":\"https:\/\/cleitonpinheiro.com.br\/site\/#\/schema\/logo\/image\/\",\"url\":\"https:\/\/cleitonpinheiro.com.br\/site\/wp-content\/uploads\/2022\/08\/Logo-pequena-2.png\",\"contentUrl\":\"https:\/\/cleitonpinheiro.com.br\/site\/wp-content\/uploads\/2022\/08\/Logo-pequena-2.png\",\"width\":500,\"height\":500,\"caption\":\"CPNOT\u00cdCIAS\"},\"image\":{\"@id\":\"https:\/\/cleitonpinheiro.com.br\/site\/#\/schema\/logo\/image\/\"},\"sameAs\":[\"https:\/\/www.facebook.com\/portalcpnoticias\/\"]},{\"@type\":\"Person\",\"@id\":\"https:\/\/cleitonpinheiro.com.br\/site\/#\/schema\/person\/8f04544e0bc40a1b68775b08360f87db\",\"name\":\"Reda\u00e7\u00e3o CP\",\"image\":{\"@type\":\"ImageObject\",\"inLanguage\":\"pt-BR\",\"@id\":\"https:\/\/cleitonpinheiro.com.br\/site\/#\/schema\/person\/image\/\",\"url\":\"https:\/\/secure.gravatar.com\/avatar\/0bcf19cb29fdc8fc588c490c7ae1b3e174dac268586a63fbe1d1893a0f9020cd?s=96&r=g\",\"contentUrl\":\"https:\/\/secure.gravatar.com\/avatar\/0bcf19cb29fdc8fc588c490c7ae1b3e174dac268586a63fbe1d1893a0f9020cd?s=96&r=g\",\"caption\":\"Reda\u00e7\u00e3o CP\"},\"url\":\"https:\/\/cleitonpinheiro.com.br\/site\/author\/redacao\/\"}]}<\/script>\n<!-- \/ Yoast SEO plugin. -->","yoast_head_json":{"title":"Pauta de reivindica\u00e7\u00f5es: Ajusp-TO cobra do governador Wanderlei a implementa\u00e7\u00e3o imediata dos 25% - PORTAL DE NOT\u00cdCIAS CLEITON PINHEIRO","robots":{"index":"index","follow":"follow","max-snippet":"max-snippet:-1","max-image-preview":"max-image-preview:large","max-video-preview":"max-video-preview:-1"},"canonical":"https:\/\/cleitonpinheiro.com.br\/site\/pauta-de-reivindicacoes-ajusp-to-cobra-do-governador-wanderlei-a-implementacao-imediata-dos-25\/","og_locale":"pt_BR","og_type":"article","og_title":"Pauta de reivindica\u00e7\u00f5es: Ajusp-TO cobra do governador Wanderlei a implementa\u00e7\u00e3o imediata dos 25% - PORTAL DE NOT\u00cdCIAS CLEITON PINHEIRO","og_description":"A Associa\u00e7\u00e3o de Assist\u00eancia Jur\u00eddica aos Servidores P\u00fablicos no Estado do Tocantins (AJUSP-TO) protocolou nesta segunda-feira, 6 de janeiro, no Pal\u00e1cio Araguaia, um documento contendo a Pauta com as Reivindica\u00e7\u00f5es priorit\u00e1rias dos servidores p\u00fablicos associados, para o ano de 2025. A iniciativa \u00e9 mais uma tentativa da AJUSP-TO de abrir di\u00e1logo com o Governo do [&hellip;]","og_url":"https:\/\/cleitonpinheiro.com.br\/site\/pauta-de-reivindicacoes-ajusp-to-cobra-do-governador-wanderlei-a-implementacao-imediata-dos-25\/","og_site_name":"PORTAL DE NOT\u00cdCIAS CLEITON PINHEIRO","article_publisher":"https:\/\/www.facebook.com\/portalcpnoticias\/","article_published_time":"2025-01-07T12:19:30+00:00","article_modified_time":"2025-01-07T14:40:37+00:00","og_image":[{"width":1600,"height":1197,"url":"https:\/\/cleitonpinheiro.com.br\/site\/wp-content\/uploads\/2025\/01\/25.jpg","type":"image\/jpeg"}],"author":"Reda\u00e7\u00e3o CP","twitter_card":"summary_large_image","twitter_misc":{"Escrito por":"Reda\u00e7\u00e3o CP","Est. tempo de leitura":"3 minutos"},"schema":{"@context":"https:\/\/schema.org","@graph":[{"@type":"Article","@id":"https:\/\/cleitonpinheiro.com.br\/site\/pauta-de-reivindicacoes-ajusp-to-cobra-do-governador-wanderlei-a-implementacao-imediata-dos-25\/#article","isPartOf":{"@id":"https:\/\/cleitonpinheiro.com.br\/site\/pauta-de-reivindicacoes-ajusp-to-cobra-do-governador-wanderlei-a-implementacao-imediata-dos-25\/"},"author":{"name":"Reda\u00e7\u00e3o CP","@id":"https:\/\/cleitonpinheiro.com.br\/site\/#\/schema\/person\/8f04544e0bc40a1b68775b08360f87db"},"headline":"Pauta de reivindica\u00e7\u00f5es: Ajusp-TO cobra do governador Wanderlei a implementa\u00e7\u00e3o imediata dos 25%","datePublished":"2025-01-07T12:19:30+00:00","dateModified":"2025-01-07T14:40:37+00:00","mainEntityOfPage":{"@id":"https:\/\/cleitonpinheiro.com.br\/site\/pauta-de-reivindicacoes-ajusp-to-cobra-do-governador-wanderlei-a-implementacao-imediata-dos-25\/"},"wordCount":553,"commentCount":0,"publisher":{"@id":"https:\/\/cleitonpinheiro.com.br\/site\/#organization"},"image":{"@id":"https:\/\/cleitonpinheiro.com.br\/site\/pauta-de-reivindicacoes-ajusp-to-cobra-do-governador-wanderlei-a-implementacao-imediata-dos-25\/#primaryimage"},"thumbnailUrl":"https:\/\/cleitonpinheiro.com.br\/site\/wp-content\/uploads\/2025\/01\/25.jpg","articleSection":["FUNCIONALISMO","MANCHETE SEGUND\u00c1RIA","TODAS NOTICIAS"],"inLanguage":"pt-BR","potentialAction":[{"@type":"CommentAction","name":"Comment","target":["https:\/\/cleitonpinheiro.com.br\/site\/pauta-de-reivindicacoes-ajusp-to-cobra-do-governador-wanderlei-a-implementacao-imediata-dos-25\/#respond"]}]},{"@type":"WebPage","@id":"https:\/\/cleitonpinheiro.com.br\/site\/pauta-de-reivindicacoes-ajusp-to-cobra-do-governador-wanderlei-a-implementacao-imediata-dos-25\/","url":"https:\/\/cleitonpinheiro.com.br\/site\/pauta-de-reivindicacoes-ajusp-to-cobra-do-governador-wanderlei-a-implementacao-imediata-dos-25\/","name":"Pauta de reivindica\u00e7\u00f5es: Ajusp-TO cobra do governador Wanderlei a implementa\u00e7\u00e3o imediata dos 25% - PORTAL DE NOT\u00cdCIAS CLEITON PINHEIRO","isPartOf":{"@id":"https:\/\/cleitonpinheiro.com.br\/site\/#website"},"primaryImageOfPage":{"@id":"https:\/\/cleitonpinheiro.com.br\/site\/pauta-de-reivindicacoes-ajusp-to-cobra-do-governador-wanderlei-a-implementacao-imediata-dos-25\/#primaryimage"},"image":{"@id":"https:\/\/cleitonpinheiro.com.br\/site\/pauta-de-reivindicacoes-ajusp-to-cobra-do-governador-wanderlei-a-implementacao-imediata-dos-25\/#primaryimage"},"thumbnailUrl":"https:\/\/cleitonpinheiro.com.br\/site\/wp-content\/uploads\/2025\/01\/25.jpg","datePublished":"2025-01-07T12:19:30+00:00","dateModified":"2025-01-07T14:40:37+00:00","breadcrumb":{"@id":"https:\/\/cleitonpinheiro.com.br\/site\/pauta-de-reivindicacoes-ajusp-to-cobra-do-governador-wanderlei-a-implementacao-imediata-dos-25\/#breadcrumb"},"inLanguage":"pt-BR","potentialAction":[{"@type":"ReadAction","target":["https:\/\/cleitonpinheiro.com.br\/site\/pauta-de-reivindicacoes-ajusp-to-cobra-do-governador-wanderlei-a-implementacao-imediata-dos-25\/"]}]},{"@type":"ImageObject","inLanguage":"pt-BR","@id":"https:\/\/cleitonpinheiro.com.br\/site\/pauta-de-reivindicacoes-ajusp-to-cobra-do-governador-wanderlei-a-implementacao-imediata-dos-25\/#primaryimage","url":"https:\/\/cleitonpinheiro.com.br\/site\/wp-content\/uploads\/2025\/01\/25.jpg","contentUrl":"https:\/\/cleitonpinheiro.com.br\/site\/wp-content\/uploads\/2025\/01\/25.jpg","width":1600,"height":1197},{"@type":"BreadcrumbList","@id":"https:\/\/cleitonpinheiro.com.br\/site\/pauta-de-reivindicacoes-ajusp-to-cobra-do-governador-wanderlei-a-implementacao-imediata-dos-25\/#breadcrumb","itemListElement":[{"@type":"ListItem","position":1,"name":"In\u00edcio","item":"https:\/\/cleitonpinheiro.com.br\/site\/"},{"@type":"ListItem","position":2,"name":"Pauta de reivindica\u00e7\u00f5es: Ajusp-TO cobra do governador Wanderlei a implementa\u00e7\u00e3o imediata dos 25%"}]},{"@type":"WebSite","@id":"https:\/\/cleitonpinheiro.com.br\/site\/#website","url":"https:\/\/cleitonpinheiro.com.br\/site\/","name":"PORTAL DE NOT\u00cdCIAS CLEITON PINHEIRO","description":"FALANDO A VERDADE","publisher":{"@id":"https:\/\/cleitonpinheiro.com.br\/site\/#organization"},"potentialAction":[{"@type":"SearchAction","target":{"@type":"EntryPoint","urlTemplate":"https:\/\/cleitonpinheiro.com.br\/site\/?s={search_term_string}"},"query-input":{"@type":"PropertyValueSpecification","valueRequired":true,"valueName":"search_term_string"}}],"inLanguage":"pt-BR"},{"@type":"Organization","@id":"https:\/\/cleitonpinheiro.com.br\/site\/#organization","name":"CPNOT\u00cdCIAS","url":"https:\/\/cleitonpinheiro.com.br\/site\/","logo":{"@type":"ImageObject","inLanguage":"pt-BR","@id":"https:\/\/cleitonpinheiro.com.br\/site\/#\/schema\/logo\/image\/","url":"https:\/\/cleitonpinheiro.com.br\/site\/wp-content\/uploads\/2022\/08\/Logo-pequena-2.png","contentUrl":"https:\/\/cleitonpinheiro.com.br\/site\/wp-content\/uploads\/2022\/08\/Logo-pequena-2.png","width":500,"height":500,"caption":"CPNOT\u00cdCIAS"},"image":{"@id":"https:\/\/cleitonpinheiro.com.br\/site\/#\/schema\/logo\/image\/"},"sameAs":["https:\/\/www.facebook.com\/portalcpnoticias\/"]},{"@type":"Person","@id":"https:\/\/cleitonpinheiro.com.br\/site\/#\/schema\/person\/8f04544e0bc40a1b68775b08360f87db","name":"Reda\u00e7\u00e3o CP","image":{"@type":"ImageObject","inLanguage":"pt-BR","@id":"https:\/\/cleitonpinheiro.com.br\/site\/#\/schema\/person\/image\/","url":"https:\/\/secure.gravatar.com\/avatar\/0bcf19cb29fdc8fc588c490c7ae1b3e174dac268586a63fbe1d1893a0f9020cd?s=96&r=g","contentUrl":"https:\/\/secure.gravatar.com\/avatar\/0bcf19cb29fdc8fc588c490c7ae1b3e174dac268586a63fbe1d1893a0f9020cd?s=96&r=g","caption":"Reda\u00e7\u00e3o CP"},"url":"https:\/\/cleitonpinheiro.com.br\/site\/author\/redacao\/"}]}},"views":177,"_links":{"self":[{"href":"https:\/\/cleitonpinheiro.com.br\/site\/wp-json\/wp\/v2\/posts\/83877","targetHints":{"allow":["GET"]}}],"collection":[{"href":"https:\/\/cleitonpinheiro.com.br\/site\/wp-json\/wp\/v2\/posts"}],"about":[{"href":"https:\/\/cleitonpinheiro.com.br\/site\/wp-json\/wp\/v2\/types\/post"}],"author":[{"embeddable":true,"href":"https:\/\/cleitonpinheiro.com.br\/site\/wp-json\/wp\/v2\/users\/13"}],"replies":[{"embeddable":true,"href":"https:\/\/cleitonpinheiro.com.br\/site\/wp-json\/wp\/v2\/comments?post=83877"}],"version-history":[{"count":2,"href":"https:\/\/cleitonpinheiro.com.br\/site\/wp-json\/wp\/v2\/posts\/83877\/revisions"}],"predecessor-version":[{"id":83881,"href":"https:\/\/cleitonpinheiro.com.br\/site\/wp-json\/wp\/v2\/posts\/83877\/revisions\/83881"}],"wp:featuredmedia":[{"embeddable":true,"href":"https:\/\/cleitonpinheiro.com.br\/site\/wp-json\/wp\/v2\/media\/83878"}],"wp:attachment":[{"href":"https:\/\/cleitonpinheiro.com.br\/site\/wp-json\/wp\/v2\/media?parent=83877"}],"wp:term":[{"taxonomy":"category","embeddable":true,"href":"https:\/\/cleitonpinheiro.com.br\/site\/wp-json\/wp\/v2\/categories?post=83877"},{"taxonomy":"post_tag","embeddable":true,"href":"https:\/\/cleitonpinheiro.com.br\/site\/wp-json\/wp\/v2\/tags?post=83877"}],"curies":[{"name":"wp","href":"https:\/\/api.w.org\/{rel}","templated":true}]}}