{"id":83882,"date":"2025-01-07T09:30:30","date_gmt":"2025-01-07T12:30:30","guid":{"rendered":"https:\/\/cleitonpinheiro.com.br\/site\/?p=83882"},"modified":"2025-01-07T10:06:45","modified_gmt":"2025-01-07T13:06:45","slug":"unitins-abre-processo-seletivo-complementar-com-120-vagas-para-cursos-presenciais","status":"publish","type":"post","link":"https:\/\/cleitonpinheiro.com.br\/site\/unitins-abre-processo-seletivo-complementar-com-120-vagas-para-cursos-presenciais\/","title":{"rendered":"Unitins abre processo seletivo complementar com 120 vagas para cursos presenciais"},"content":{"rendered":"\n<figure class=\"wp-block-image size-full\"><img fetchpriority=\"high\" decoding=\"async\" width=\"883\" height=\"505\" src=\"https:\/\/cleitonpinheiro.com.br\/site\/wp-content\/uploads\/2025\/01\/407865.jpeg\" alt=\"\" class=\"wp-image-83883\" srcset=\"https:\/\/cleitonpinheiro.com.br\/site\/wp-content\/uploads\/2025\/01\/407865.jpeg 883w, https:\/\/cleitonpinheiro.com.br\/site\/wp-content\/uploads\/2025\/01\/407865-300x172.jpeg 300w, https:\/\/cleitonpinheiro.com.br\/site\/wp-content\/uploads\/2025\/01\/407865-768x439.jpeg 768w\" sizes=\"(max-width: 883px) 100vw, 883px\" \/><figcaption class=\"wp-element-caption\">Foto: Foto: Nonato Silva\/Governo do Tocantins<\/figcaption><\/figure>\n\n\n\n<p>A Universidade Estadual do Tocantins (Unitins) divulgou nesta segunda-feira, 6, o edital do Processo Seletivo Complementar 2025\/1 para preenchimento de 120 vagas remanescentes e forma\u00e7\u00e3o de cadastro reserva para os cursos presenciais de Administra\u00e7\u00e3o, Ci\u00eancias Cont\u00e1beis, Letras, Pedagogia, Servi\u00e7o Social e Tecnologia em Gest\u00e3o do Agroneg\u00f3cio. As vagas est\u00e3o distribu\u00eddas entre os c\u00e2mpus de Araguatins, Dian\u00f3polis, Palmas e Para\u00edso do Tocantins.\u00a0<a href=\"https:\/\/www.unitins.br\/Concursos\/Publico\/Home\/S\/0f7abf844755facee83f7f8d791e119e\">Confira aqui o edital.<\/a><\/p>\n\n\n\n<p>As inscri\u00e7\u00f5es come\u00e7am na pr\u00f3xima quarta-feira, 8, e seguem at\u00e9 o dia 3 de fevereiro, exclusivamente on-line, por meio da p\u00e1gina do edital no Portal da Unitins. Para se inscrever, o candidato deve acessar o portal da Unitins, preencher o formul\u00e1rio com os dados solicitados, confirmar a inscri\u00e7\u00e3o, gerar o boleto banc\u00e1rio e efetuar o pagamento da taxa de R$ 50 at\u00e9 o dia 3 de fevereiro.<br><br>Os interessados podem solicitar isen\u00e7\u00e3o da taxa de inscri\u00e7\u00e3o diretamente no portal, no momento da inscri\u00e7\u00e3o, at\u00e9 o dia 13 de janeiro. Candidatos com defici\u00eancia poder\u00e3o requerer atendimento especial, detalhando os recursos necess\u00e1rios no formul\u00e1rio de inscri\u00e7\u00e3o.<br><br>Conforme as diretrizes da Lei Estadual n\u00ba 3.458, de 17 de abril de 2019, o processo seletivo reserva 50% das vagas para candidatos que cursaram integralmente o ensino m\u00e9dio em escolas p\u00fablicas. H\u00e1 ainda reserva de vagas para pessoas pretas, pardas, ind\u00edgenas e com defici\u00eancia (PCDs).<br><br>A vice-reitora da Unitins em exerc\u00edcio da Reitoria, Darlene Teixeira Castro, destacou o compromisso da institui\u00e7\u00e3o em ampliar o acesso ao ensino superior. \u201c\u00c9 com grande satisfa\u00e7\u00e3o que anunciamos a abertura do Processo Seletivo Complementar para o preenchimento de vagas em nossos cursos presenciais. Essa iniciativa refor\u00e7a o nosso compromisso com a amplia\u00e7\u00e3o do acesso \u00e0 educa\u00e7\u00e3o superior de qualidade, com o foco em atender \u00e0s demandas do nosso Estado e contribuir para a forma\u00e7\u00e3o de profissionais qualificados para o mercado de trabalho.&nbsp; \u00c9 mais uma a\u00e7\u00e3o da Unitins para oportunizar que mais pessoas sejam inseridas na Universidade\u201d, afirma.<br><br>De acordo com o cronograma oficial, as provas ser\u00e3o aplicadas no dia 9 de fevereiro nas cidades de Araguatins, Dian\u00f3polis, Palmas e Para\u00edso do Tocantins. Os locais de prova ser\u00e3o divulgados em 6 de fevereiro.<\/p>\n","protected":false},"excerpt":{"rendered":"<p>A Universidade Estadual do Tocantins (Unitins) divulgou nesta segunda-feira, 6, o edital do Processo Seletivo Complementar 2025\/1 para preenchimento de 120 vagas remanescentes e forma\u00e7\u00e3o de cadastro reserva para os cursos presenciais de Administra\u00e7\u00e3o, Ci\u00eancias Cont\u00e1beis, Letras, Pedagogia, Servi\u00e7o Social e Tecnologia em Gest\u00e3o do Agroneg\u00f3cio. As vagas est\u00e3o distribu\u00eddas entre os c\u00e2mpus de Araguatins, [&hellip;]<\/p>\n","protected":false},"author":13,"featured_media":83883,"comment_status":"open","ping_status":"open","sticky":false,"template":"","format":"standard","meta":{"_acf_changed":false,"footnotes":""},"categories":[8,898,21],"tags":[],"class_list":["post-83882","post","type-post","status-publish","format-standard","has-post-thumbnail","hentry","category-estado","category-manchete-segundaria","category-todas-noticias"],"acf":[],"yoast_head":"<!-- This site is optimized with the Yoast SEO plugin v24.4 - https:\/\/yoast.com\/wordpress\/plugins\/seo\/ -->\n<title>Unitins abre processo seletivo complementar com 120 vagas para cursos presenciais - PORTAL DE NOT\u00cdCIAS CLEITON PINHEIRO<\/title>\n<meta name=\"robots\" content=\"index, follow, max-snippet:-1, max-image-preview:large, max-video-preview:-1\" \/>\n<link rel=\"canonical\" href=\"https:\/\/cleitonpinheiro.com.br\/site\/unitins-abre-processo-seletivo-complementar-com-120-vagas-para-cursos-presenciais\/\" \/>\n<meta property=\"og:locale\" content=\"pt_BR\" \/>\n<meta property=\"og:type\" content=\"article\" \/>\n<meta property=\"og:title\" content=\"Unitins abre processo seletivo complementar com 120 vagas para cursos presenciais - PORTAL DE NOT\u00cdCIAS CLEITON PINHEIRO\" \/>\n<meta property=\"og:description\" content=\"A Universidade Estadual do Tocantins (Unitins) divulgou nesta segunda-feira, 6, o edital do Processo Seletivo Complementar 2025\/1 para preenchimento de 120 vagas remanescentes e forma\u00e7\u00e3o de cadastro reserva para os cursos presenciais de Administra\u00e7\u00e3o, Ci\u00eancias Cont\u00e1beis, Letras, Pedagogia, Servi\u00e7o Social e Tecnologia em Gest\u00e3o do Agroneg\u00f3cio. As vagas est\u00e3o distribu\u00eddas entre os c\u00e2mpus de Araguatins, [&hellip;]\" \/>\n<meta property=\"og:url\" content=\"https:\/\/cleitonpinheiro.com.br\/site\/unitins-abre-processo-seletivo-complementar-com-120-vagas-para-cursos-presenciais\/\" \/>\n<meta property=\"og:site_name\" content=\"PORTAL DE NOT\u00cdCIAS CLEITON PINHEIRO\" \/>\n<meta property=\"article:publisher\" content=\"https:\/\/www.facebook.com\/portalcpnoticias\/\" \/>\n<meta property=\"article:published_time\" content=\"2025-01-07T12:30:30+00:00\" \/>\n<meta property=\"article:modified_time\" content=\"2025-01-07T13:06:45+00:00\" \/>\n<meta property=\"og:image\" content=\"https:\/\/cleitonpinheiro.com.br\/site\/wp-content\/uploads\/2025\/01\/407865.jpeg\" \/>\n\t<meta property=\"og:image:width\" content=\"883\" \/>\n\t<meta property=\"og:image:height\" content=\"505\" \/>\n\t<meta property=\"og:image:type\" content=\"image\/jpeg\" \/>\n<meta name=\"author\" content=\"Reda\u00e7\u00e3o CP\" \/>\n<meta name=\"twitter:card\" content=\"summary_large_image\" \/>\n<meta name=\"twitter:label1\" content=\"Escrito por\" \/>\n\t<meta name=\"twitter:data1\" content=\"Reda\u00e7\u00e3o CP\" \/>\n\t<meta name=\"twitter:label2\" content=\"Est. tempo de leitura\" \/>\n\t<meta name=\"twitter:data2\" content=\"3 minutos\" \/>\n<script type=\"application\/ld+json\" class=\"yoast-schema-graph\">{\"@context\":\"https:\/\/schema.org\",\"@graph\":[{\"@type\":\"Article\",\"@id\":\"https:\/\/cleitonpinheiro.com.br\/site\/unitins-abre-processo-seletivo-complementar-com-120-vagas-para-cursos-presenciais\/#article\",\"isPartOf\":{\"@id\":\"https:\/\/cleitonpinheiro.com.br\/site\/unitins-abre-processo-seletivo-complementar-com-120-vagas-para-cursos-presenciais\/\"},\"author\":{\"name\":\"Reda\u00e7\u00e3o CP\",\"@id\":\"https:\/\/cleitonpinheiro.com.br\/site\/#\/schema\/person\/8f04544e0bc40a1b68775b08360f87db\"},\"headline\":\"Unitins abre processo seletivo complementar com 120 vagas para cursos presenciais\",\"datePublished\":\"2025-01-07T12:30:30+00:00\",\"dateModified\":\"2025-01-07T13:06:45+00:00\",\"mainEntityOfPage\":{\"@id\":\"https:\/\/cleitonpinheiro.com.br\/site\/unitins-abre-processo-seletivo-complementar-com-120-vagas-para-cursos-presenciais\/\"},\"wordCount\":393,\"commentCount\":0,\"publisher\":{\"@id\":\"https:\/\/cleitonpinheiro.com.br\/site\/#organization\"},\"image\":{\"@id\":\"https:\/\/cleitonpinheiro.com.br\/site\/unitins-abre-processo-seletivo-complementar-com-120-vagas-para-cursos-presenciais\/#primaryimage\"},\"thumbnailUrl\":\"https:\/\/cleitonpinheiro.com.br\/site\/wp-content\/uploads\/2025\/01\/407865.jpeg\",\"articleSection\":[\"ESTADO\",\"MANCHETE SEGUND\u00c1RIA\",\"TODAS NOTICIAS\"],\"inLanguage\":\"pt-BR\",\"potentialAction\":[{\"@type\":\"CommentAction\",\"name\":\"Comment\",\"target\":[\"https:\/\/cleitonpinheiro.com.br\/site\/unitins-abre-processo-seletivo-complementar-com-120-vagas-para-cursos-presenciais\/#respond\"]}]},{\"@type\":\"WebPage\",\"@id\":\"https:\/\/cleitonpinheiro.com.br\/site\/unitins-abre-processo-seletivo-complementar-com-120-vagas-para-cursos-presenciais\/\",\"url\":\"https:\/\/cleitonpinheiro.com.br\/site\/unitins-abre-processo-seletivo-complementar-com-120-vagas-para-cursos-presenciais\/\",\"name\":\"Unitins abre processo seletivo complementar com 120 vagas para cursos presenciais - PORTAL DE NOT\u00cdCIAS CLEITON PINHEIRO\",\"isPartOf\":{\"@id\":\"https:\/\/cleitonpinheiro.com.br\/site\/#website\"},\"primaryImageOfPage\":{\"@id\":\"https:\/\/cleitonpinheiro.com.br\/site\/unitins-abre-processo-seletivo-complementar-com-120-vagas-para-cursos-presenciais\/#primaryimage\"},\"image\":{\"@id\":\"https:\/\/cleitonpinheiro.com.br\/site\/unitins-abre-processo-seletivo-complementar-com-120-vagas-para-cursos-presenciais\/#primaryimage\"},\"thumbnailUrl\":\"https:\/\/cleitonpinheiro.com.br\/site\/wp-content\/uploads\/2025\/01\/407865.jpeg\",\"datePublished\":\"2025-01-07T12:30:30+00:00\",\"dateModified\":\"2025-01-07T13:06:45+00:00\",\"breadcrumb\":{\"@id\":\"https:\/\/cleitonpinheiro.com.br\/site\/unitins-abre-processo-seletivo-complementar-com-120-vagas-para-cursos-presenciais\/#breadcrumb\"},\"inLanguage\":\"pt-BR\",\"potentialAction\":[{\"@type\":\"ReadAction\",\"target\":[\"https:\/\/cleitonpinheiro.com.br\/site\/unitins-abre-processo-seletivo-complementar-com-120-vagas-para-cursos-presenciais\/\"]}]},{\"@type\":\"ImageObject\",\"inLanguage\":\"pt-BR\",\"@id\":\"https:\/\/cleitonpinheiro.com.br\/site\/unitins-abre-processo-seletivo-complementar-com-120-vagas-para-cursos-presenciais\/#primaryimage\",\"url\":\"https:\/\/cleitonpinheiro.com.br\/site\/wp-content\/uploads\/2025\/01\/407865.jpeg\",\"contentUrl\":\"https:\/\/cleitonpinheiro.com.br\/site\/wp-content\/uploads\/2025\/01\/407865.jpeg\",\"width\":883,\"height\":505,\"caption\":\"Foto: Foto: Nonato Silva\/Governo do Tocantins\"},{\"@type\":\"BreadcrumbList\",\"@id\":\"https:\/\/cleitonpinheiro.com.br\/site\/unitins-abre-processo-seletivo-complementar-com-120-vagas-para-cursos-presenciais\/#breadcrumb\",\"itemListElement\":[{\"@type\":\"ListItem\",\"position\":1,\"name\":\"In\u00edcio\",\"item\":\"https:\/\/cleitonpinheiro.com.br\/site\/\"},{\"@type\":\"ListItem\",\"position\":2,\"name\":\"Unitins abre processo seletivo complementar com 120 vagas para cursos presenciais\"}]},{\"@type\":\"WebSite\",\"@id\":\"https:\/\/cleitonpinheiro.com.br\/site\/#website\",\"url\":\"https:\/\/cleitonpinheiro.com.br\/site\/\",\"name\":\"PORTAL DE NOT\u00cdCIAS CLEITON PINHEIRO\",\"description\":\"FALANDO A VERDADE\",\"publisher\":{\"@id\":\"https:\/\/cleitonpinheiro.com.br\/site\/#organization\"},\"potentialAction\":[{\"@type\":\"SearchAction\",\"target\":{\"@type\":\"EntryPoint\",\"urlTemplate\":\"https:\/\/cleitonpinheiro.com.br\/site\/?s={search_term_string}\"},\"query-input\":{\"@type\":\"PropertyValueSpecification\",\"valueRequired\":true,\"valueName\":\"search_term_string\"}}],\"inLanguage\":\"pt-BR\"},{\"@type\":\"Organization\",\"@id\":\"https:\/\/cleitonpinheiro.com.br\/site\/#organization\",\"name\":\"CPNOT\u00cdCIAS\",\"url\":\"https:\/\/cleitonpinheiro.com.br\/site\/\",\"logo\":{\"@type\":\"ImageObject\",\"inLanguage\":\"pt-BR\",\"@id\":\"https:\/\/cleitonpinheiro.com.br\/site\/#\/schema\/logo\/image\/\",\"url\":\"https:\/\/cleitonpinheiro.com.br\/site\/wp-content\/uploads\/2022\/08\/Logo-pequena-2.png\",\"contentUrl\":\"https:\/\/cleitonpinheiro.com.br\/site\/wp-content\/uploads\/2022\/08\/Logo-pequena-2.png\",\"width\":500,\"height\":500,\"caption\":\"CPNOT\u00cdCIAS\"},\"image\":{\"@id\":\"https:\/\/cleitonpinheiro.com.br\/site\/#\/schema\/logo\/image\/\"},\"sameAs\":[\"https:\/\/www.facebook.com\/portalcpnoticias\/\"]},{\"@type\":\"Person\",\"@id\":\"https:\/\/cleitonpinheiro.com.br\/site\/#\/schema\/person\/8f04544e0bc40a1b68775b08360f87db\",\"name\":\"Reda\u00e7\u00e3o CP\",\"image\":{\"@type\":\"ImageObject\",\"inLanguage\":\"pt-BR\",\"@id\":\"https:\/\/cleitonpinheiro.com.br\/site\/#\/schema\/person\/image\/\",\"url\":\"https:\/\/secure.gravatar.com\/avatar\/0bcf19cb29fdc8fc588c490c7ae1b3e174dac268586a63fbe1d1893a0f9020cd?s=96&r=g\",\"contentUrl\":\"https:\/\/secure.gravatar.com\/avatar\/0bcf19cb29fdc8fc588c490c7ae1b3e174dac268586a63fbe1d1893a0f9020cd?s=96&r=g\",\"caption\":\"Reda\u00e7\u00e3o CP\"},\"url\":\"https:\/\/cleitonpinheiro.com.br\/site\/author\/redacao\/\"}]}<\/script>\n<!-- \/ Yoast SEO plugin. -->","yoast_head_json":{"title":"Unitins abre processo seletivo complementar com 120 vagas para cursos presenciais - PORTAL DE NOT\u00cdCIAS CLEITON PINHEIRO","robots":{"index":"index","follow":"follow","max-snippet":"max-snippet:-1","max-image-preview":"max-image-preview:large","max-video-preview":"max-video-preview:-1"},"canonical":"https:\/\/cleitonpinheiro.com.br\/site\/unitins-abre-processo-seletivo-complementar-com-120-vagas-para-cursos-presenciais\/","og_locale":"pt_BR","og_type":"article","og_title":"Unitins abre processo seletivo complementar com 120 vagas para cursos presenciais - PORTAL DE NOT\u00cdCIAS CLEITON PINHEIRO","og_description":"A Universidade Estadual do Tocantins (Unitins) divulgou nesta segunda-feira, 6, o edital do Processo Seletivo Complementar 2025\/1 para preenchimento de 120 vagas remanescentes e forma\u00e7\u00e3o de cadastro reserva para os cursos presenciais de Administra\u00e7\u00e3o, Ci\u00eancias Cont\u00e1beis, Letras, Pedagogia, Servi\u00e7o Social e Tecnologia em Gest\u00e3o do Agroneg\u00f3cio. As vagas est\u00e3o distribu\u00eddas entre os c\u00e2mpus de Araguatins, [&hellip;]","og_url":"https:\/\/cleitonpinheiro.com.br\/site\/unitins-abre-processo-seletivo-complementar-com-120-vagas-para-cursos-presenciais\/","og_site_name":"PORTAL DE NOT\u00cdCIAS CLEITON PINHEIRO","article_publisher":"https:\/\/www.facebook.com\/portalcpnoticias\/","article_published_time":"2025-01-07T12:30:30+00:00","article_modified_time":"2025-01-07T13:06:45+00:00","og_image":[{"width":883,"height":505,"url":"https:\/\/cleitonpinheiro.com.br\/site\/wp-content\/uploads\/2025\/01\/407865.jpeg","type":"image\/jpeg"}],"author":"Reda\u00e7\u00e3o CP","twitter_card":"summary_large_image","twitter_misc":{"Escrito por":"Reda\u00e7\u00e3o CP","Est. tempo de leitura":"3 minutos"},"schema":{"@context":"https:\/\/schema.org","@graph":[{"@type":"Article","@id":"https:\/\/cleitonpinheiro.com.br\/site\/unitins-abre-processo-seletivo-complementar-com-120-vagas-para-cursos-presenciais\/#article","isPartOf":{"@id":"https:\/\/cleitonpinheiro.com.br\/site\/unitins-abre-processo-seletivo-complementar-com-120-vagas-para-cursos-presenciais\/"},"author":{"name":"Reda\u00e7\u00e3o CP","@id":"https:\/\/cleitonpinheiro.com.br\/site\/#\/schema\/person\/8f04544e0bc40a1b68775b08360f87db"},"headline":"Unitins abre processo seletivo complementar com 120 vagas para cursos presenciais","datePublished":"2025-01-07T12:30:30+00:00","dateModified":"2025-01-07T13:06:45+00:00","mainEntityOfPage":{"@id":"https:\/\/cleitonpinheiro.com.br\/site\/unitins-abre-processo-seletivo-complementar-com-120-vagas-para-cursos-presenciais\/"},"wordCount":393,"commentCount":0,"publisher":{"@id":"https:\/\/cleitonpinheiro.com.br\/site\/#organization"},"image":{"@id":"https:\/\/cleitonpinheiro.com.br\/site\/unitins-abre-processo-seletivo-complementar-com-120-vagas-para-cursos-presenciais\/#primaryimage"},"thumbnailUrl":"https:\/\/cleitonpinheiro.com.br\/site\/wp-content\/uploads\/2025\/01\/407865.jpeg","articleSection":["ESTADO","MANCHETE SEGUND\u00c1RIA","TODAS NOTICIAS"],"inLanguage":"pt-BR","potentialAction":[{"@type":"CommentAction","name":"Comment","target":["https:\/\/cleitonpinheiro.com.br\/site\/unitins-abre-processo-seletivo-complementar-com-120-vagas-para-cursos-presenciais\/#respond"]}]},{"@type":"WebPage","@id":"https:\/\/cleitonpinheiro.com.br\/site\/unitins-abre-processo-seletivo-complementar-com-120-vagas-para-cursos-presenciais\/","url":"https:\/\/cleitonpinheiro.com.br\/site\/unitins-abre-processo-seletivo-complementar-com-120-vagas-para-cursos-presenciais\/","name":"Unitins abre processo seletivo complementar com 120 vagas para cursos presenciais - PORTAL DE NOT\u00cdCIAS CLEITON PINHEIRO","isPartOf":{"@id":"https:\/\/cleitonpinheiro.com.br\/site\/#website"},"primaryImageOfPage":{"@id":"https:\/\/cleitonpinheiro.com.br\/site\/unitins-abre-processo-seletivo-complementar-com-120-vagas-para-cursos-presenciais\/#primaryimage"},"image":{"@id":"https:\/\/cleitonpinheiro.com.br\/site\/unitins-abre-processo-seletivo-complementar-com-120-vagas-para-cursos-presenciais\/#primaryimage"},"thumbnailUrl":"https:\/\/cleitonpinheiro.com.br\/site\/wp-content\/uploads\/2025\/01\/407865.jpeg","datePublished":"2025-01-07T12:30:30+00:00","dateModified":"2025-01-07T13:06:45+00:00","breadcrumb":{"@id":"https:\/\/cleitonpinheiro.com.br\/site\/unitins-abre-processo-seletivo-complementar-com-120-vagas-para-cursos-presenciais\/#breadcrumb"},"inLanguage":"pt-BR","potentialAction":[{"@type":"ReadAction","target":["https:\/\/cleitonpinheiro.com.br\/site\/unitins-abre-processo-seletivo-complementar-com-120-vagas-para-cursos-presenciais\/"]}]},{"@type":"ImageObject","inLanguage":"pt-BR","@id":"https:\/\/cleitonpinheiro.com.br\/site\/unitins-abre-processo-seletivo-complementar-com-120-vagas-para-cursos-presenciais\/#primaryimage","url":"https:\/\/cleitonpinheiro.com.br\/site\/wp-content\/uploads\/2025\/01\/407865.jpeg","contentUrl":"https:\/\/cleitonpinheiro.com.br\/site\/wp-content\/uploads\/2025\/01\/407865.jpeg","width":883,"height":505,"caption":"Foto: Foto: Nonato Silva\/Governo do Tocantins"},{"@type":"BreadcrumbList","@id":"https:\/\/cleitonpinheiro.com.br\/site\/unitins-abre-processo-seletivo-complementar-com-120-vagas-para-cursos-presenciais\/#breadcrumb","itemListElement":[{"@type":"ListItem","position":1,"name":"In\u00edcio","item":"https:\/\/cleitonpinheiro.com.br\/site\/"},{"@type":"ListItem","position":2,"name":"Unitins abre processo seletivo complementar com 120 vagas para cursos presenciais"}]},{"@type":"WebSite","@id":"https:\/\/cleitonpinheiro.com.br\/site\/#website","url":"https:\/\/cleitonpinheiro.com.br\/site\/","name":"PORTAL DE NOT\u00cdCIAS CLEITON PINHEIRO","description":"FALANDO A VERDADE","publisher":{"@id":"https:\/\/cleitonpinheiro.com.br\/site\/#organization"},"potentialAction":[{"@type":"SearchAction","target":{"@type":"EntryPoint","urlTemplate":"https:\/\/cleitonpinheiro.com.br\/site\/?s={search_term_string}"},"query-input":{"@type":"PropertyValueSpecification","valueRequired":true,"valueName":"search_term_string"}}],"inLanguage":"pt-BR"},{"@type":"Organization","@id":"https:\/\/cleitonpinheiro.com.br\/site\/#organization","name":"CPNOT\u00cdCIAS","url":"https:\/\/cleitonpinheiro.com.br\/site\/","logo":{"@type":"ImageObject","inLanguage":"pt-BR","@id":"https:\/\/cleitonpinheiro.com.br\/site\/#\/schema\/logo\/image\/","url":"https:\/\/cleitonpinheiro.com.br\/site\/wp-content\/uploads\/2022\/08\/Logo-pequena-2.png","contentUrl":"https:\/\/cleitonpinheiro.com.br\/site\/wp-content\/uploads\/2022\/08\/Logo-pequena-2.png","width":500,"height":500,"caption":"CPNOT\u00cdCIAS"},"image":{"@id":"https:\/\/cleitonpinheiro.com.br\/site\/#\/schema\/logo\/image\/"},"sameAs":["https:\/\/www.facebook.com\/portalcpnoticias\/"]},{"@type":"Person","@id":"https:\/\/cleitonpinheiro.com.br\/site\/#\/schema\/person\/8f04544e0bc40a1b68775b08360f87db","name":"Reda\u00e7\u00e3o CP","image":{"@type":"ImageObject","inLanguage":"pt-BR","@id":"https:\/\/cleitonpinheiro.com.br\/site\/#\/schema\/person\/image\/","url":"https:\/\/secure.gravatar.com\/avatar\/0bcf19cb29fdc8fc588c490c7ae1b3e174dac268586a63fbe1d1893a0f9020cd?s=96&r=g","contentUrl":"https:\/\/secure.gravatar.com\/avatar\/0bcf19cb29fdc8fc588c490c7ae1b3e174dac268586a63fbe1d1893a0f9020cd?s=96&r=g","caption":"Reda\u00e7\u00e3o CP"},"url":"https:\/\/cleitonpinheiro.com.br\/site\/author\/redacao\/"}]}},"views":138,"_links":{"self":[{"href":"https:\/\/cleitonpinheiro.com.br\/site\/wp-json\/wp\/v2\/posts\/83882","targetHints":{"allow":["GET"]}}],"collection":[{"href":"https:\/\/cleitonpinheiro.com.br\/site\/wp-json\/wp\/v2\/posts"}],"about":[{"href":"https:\/\/cleitonpinheiro.com.br\/site\/wp-json\/wp\/v2\/types\/post"}],"author":[{"embeddable":true,"href":"https:\/\/cleitonpinheiro.com.br\/site\/wp-json\/wp\/v2\/users\/13"}],"replies":[{"embeddable":true,"href":"https:\/\/cleitonpinheiro.com.br\/site\/wp-json\/wp\/v2\/comments?post=83882"}],"version-history":[{"count":1,"href":"https:\/\/cleitonpinheiro.com.br\/site\/wp-json\/wp\/v2\/posts\/83882\/revisions"}],"predecessor-version":[{"id":83884,"href":"https:\/\/cleitonpinheiro.com.br\/site\/wp-json\/wp\/v2\/posts\/83882\/revisions\/83884"}],"wp:featuredmedia":[{"embeddable":true,"href":"https:\/\/cleitonpinheiro.com.br\/site\/wp-json\/wp\/v2\/media\/83883"}],"wp:attachment":[{"href":"https:\/\/cleitonpinheiro.com.br\/site\/wp-json\/wp\/v2\/media?parent=83882"}],"wp:term":[{"taxonomy":"category","embeddable":true,"href":"https:\/\/cleitonpinheiro.com.br\/site\/wp-json\/wp\/v2\/categories?post=83882"},{"taxonomy":"post_tag","embeddable":true,"href":"https:\/\/cleitonpinheiro.com.br\/site\/wp-json\/wp\/v2\/tags?post=83882"}],"curies":[{"name":"wp","href":"https:\/\/api.w.org\/{rel}","templated":true}]}}