{"id":83897,"date":"2025-01-07T11:03:39","date_gmt":"2025-01-07T14:03:39","guid":{"rendered":"https:\/\/cleitonpinheiro.com.br\/site\/?p=83897"},"modified":"2025-01-07T11:03:55","modified_gmt":"2025-01-07T14:03:55","slug":"agendamentos-para-atendimento-tem-inicio-em-todas-as-unidades-da-defensoria-publica-do-to","status":"publish","type":"post","link":"https:\/\/cleitonpinheiro.com.br\/site\/agendamentos-para-atendimento-tem-inicio-em-todas-as-unidades-da-defensoria-publica-do-to\/","title":{"rendered":"Agendamentos para atendimento t\u00eam in\u00edcio em todas as unidades da Defensoria P\u00fablica do TO"},"content":{"rendered":"\n<figure class=\"wp-block-image size-full\"><img fetchpriority=\"high\" decoding=\"async\" width=\"900\" height=\"600\" src=\"https:\/\/cleitonpinheiro.com.br\/site\/wp-content\/uploads\/2025\/01\/v900x600_IMG_2194_SITE.jpg\" alt=\"\" class=\"wp-image-83899\" srcset=\"https:\/\/cleitonpinheiro.com.br\/site\/wp-content\/uploads\/2025\/01\/v900x600_IMG_2194_SITE.jpg 900w, https:\/\/cleitonpinheiro.com.br\/site\/wp-content\/uploads\/2025\/01\/v900x600_IMG_2194_SITE-300x200.jpg 300w, https:\/\/cleitonpinheiro.com.br\/site\/wp-content\/uploads\/2025\/01\/v900x600_IMG_2194_SITE-768x512.jpg 768w\" sizes=\"(max-width: 900px) 100vw, 900px\" \/><\/figure>\n\n\n\n<p>Pessoas em situa\u00e7\u00e3o de vulnerabilidade e com perfil de assistidas que precisam de atendimento jur\u00eddico gratuito podem, a partir desta ter\u00e7a-feira, 7, marcar atendimentos na Defensoria P\u00fablica do Estado do Tocantins (DPE-TO) para o ano de 2025. O agendamento \u00e9 feito presencialmente em qualquer unidade da Institui\u00e7\u00e3o e tamb\u00e9m pela internet: &lt;\u00a0<a href=\"https:\/\/agendamentoonline.defensoria.to.def.br\/\" target=\"_blank\" rel=\"noreferrer noopener\">https:\/\/agendamentoonline.defensoria.to.def.br<\/a>\u00a0><\/p>\n\n\n\n<p>Conforme a Resolu\u00e7\u00e3o n\u00ba 170\/2018 do Conselho Superior da Defensoria P\u00fablica (CSDP), para ser assistida da DPE-TO a pessoa deve ter renda mensal individual de at\u00e9 2,5 sal\u00e1rios m\u00ednimos ou renda familiar de at\u00e9 4 sal\u00e1rios m\u00ednimos; n\u00e3o ser propriet\u00e1rio(a), titular, herdeiro(a) ou legat\u00e1rio(a) de bens m\u00f3veis ou im\u00f3veis superiores a 180 sal\u00e1rios m\u00ednimos; e n\u00e3o possuir investimentos financeiros em aplica\u00e7\u00f5es superiores a 20 sal\u00e1rios m\u00ednimos, entre outros crit\u00e9rios (confira todos os requisitos em: &lt;&nbsp;<a href=\"https:\/\/servicos.defensoria.to.def.br\/servico\/24\" target=\"_blank\" rel=\"noreferrer noopener\">https:\/\/servicos.defensoria.to.def.br\/servico\/24<\/a>&nbsp;&gt;.<\/p>\n\n\n\n<p><strong>Importante<\/strong>: todos os servi\u00e7os da Defensoria P\u00fablica s\u00e3o gratuitos. A DPE-TO tem identificado tentativas de fraudes nas quais pessoas de m\u00e1-f\u00e9 usam o nome de defensoras(es) p\u00fablicas(os) para abordar cidad\u00e3os, solicitando pagamentos indevidos. Os golpistas entram em contato por meio de aplicativos de mensagens, se passando por membras(os) e servidoras(es) da Institui\u00e7\u00e3o exigindo valores para dar andamento a processos jur\u00eddicos. \u00c9 importante que todos e todas saibam que o atendimento \u00e9 de gra\u00e7a.<\/p>\n","protected":false},"excerpt":{"rendered":"<p>Pessoas em situa\u00e7\u00e3o de vulnerabilidade e com perfil de assistidas que precisam de atendimento jur\u00eddico gratuito podem, a partir desta ter\u00e7a-feira, 7, marcar atendimentos na Defensoria P\u00fablica do Estado do Tocantins (DPE-TO) para o ano de 2025. O agendamento \u00e9 feito presencialmente em qualquer unidade da Institui\u00e7\u00e3o e tamb\u00e9m pela internet: &lt;\u00a0https:\/\/agendamentoonline.defensoria.to.def.br\u00a0> Conforme a Resolu\u00e7\u00e3o [&hellip;]<\/p>\n","protected":false},"author":13,"featured_media":83899,"comment_status":"open","ping_status":"open","sticky":false,"template":"","format":"standard","meta":{"_acf_changed":false,"footnotes":""},"categories":[8,898],"tags":[],"class_list":["post-83897","post","type-post","status-publish","format-standard","has-post-thumbnail","hentry","category-estado","category-manchete-segundaria"],"acf":[],"yoast_head":"<!-- This site is optimized with the Yoast SEO plugin v24.4 - https:\/\/yoast.com\/wordpress\/plugins\/seo\/ -->\n<title>Agendamentos para atendimento t\u00eam in\u00edcio em todas as unidades da Defensoria P\u00fablica do TO - PORTAL DE NOT\u00cdCIAS CLEITON PINHEIRO<\/title>\n<meta name=\"robots\" content=\"index, follow, max-snippet:-1, max-image-preview:large, max-video-preview:-1\" \/>\n<link rel=\"canonical\" href=\"https:\/\/cleitonpinheiro.com.br\/site\/agendamentos-para-atendimento-tem-inicio-em-todas-as-unidades-da-defensoria-publica-do-to\/\" \/>\n<meta property=\"og:locale\" content=\"pt_BR\" \/>\n<meta property=\"og:type\" content=\"article\" \/>\n<meta property=\"og:title\" content=\"Agendamentos para atendimento t\u00eam in\u00edcio em todas as unidades da Defensoria P\u00fablica do TO - PORTAL DE NOT\u00cdCIAS CLEITON PINHEIRO\" \/>\n<meta property=\"og:description\" content=\"Pessoas em situa\u00e7\u00e3o de vulnerabilidade e com perfil de assistidas que precisam de atendimento jur\u00eddico gratuito podem, a partir desta ter\u00e7a-feira, 7, marcar atendimentos na Defensoria P\u00fablica do Estado do Tocantins (DPE-TO) para o ano de 2025. O agendamento \u00e9 feito presencialmente em qualquer unidade da Institui\u00e7\u00e3o e tamb\u00e9m pela internet: &lt;\u00a0https:\/\/agendamentoonline.defensoria.to.def.br\u00a0&gt; Conforme a Resolu\u00e7\u00e3o [&hellip;]\" \/>\n<meta property=\"og:url\" content=\"https:\/\/cleitonpinheiro.com.br\/site\/agendamentos-para-atendimento-tem-inicio-em-todas-as-unidades-da-defensoria-publica-do-to\/\" \/>\n<meta property=\"og:site_name\" content=\"PORTAL DE NOT\u00cdCIAS CLEITON PINHEIRO\" \/>\n<meta property=\"article:publisher\" content=\"https:\/\/www.facebook.com\/portalcpnoticias\/\" \/>\n<meta property=\"article:published_time\" content=\"2025-01-07T14:03:39+00:00\" \/>\n<meta property=\"article:modified_time\" content=\"2025-01-07T14:03:55+00:00\" \/>\n<meta property=\"og:image\" content=\"https:\/\/cleitonpinheiro.com.br\/site\/wp-content\/uploads\/2025\/01\/v900x600_IMG_2194_SITE.jpg\" \/>\n\t<meta property=\"og:image:width\" content=\"900\" \/>\n\t<meta property=\"og:image:height\" content=\"600\" \/>\n\t<meta property=\"og:image:type\" content=\"image\/jpeg\" \/>\n<meta name=\"author\" content=\"Reda\u00e7\u00e3o CP\" \/>\n<meta name=\"twitter:card\" content=\"summary_large_image\" \/>\n<meta name=\"twitter:label1\" content=\"Escrito por\" \/>\n\t<meta name=\"twitter:data1\" content=\"Reda\u00e7\u00e3o CP\" \/>\n\t<meta name=\"twitter:label2\" content=\"Est. tempo de leitura\" \/>\n\t<meta name=\"twitter:data2\" content=\"2 minutos\" \/>\n<script type=\"application\/ld+json\" class=\"yoast-schema-graph\">{\"@context\":\"https:\/\/schema.org\",\"@graph\":[{\"@type\":\"Article\",\"@id\":\"https:\/\/cleitonpinheiro.com.br\/site\/agendamentos-para-atendimento-tem-inicio-em-todas-as-unidades-da-defensoria-publica-do-to\/#article\",\"isPartOf\":{\"@id\":\"https:\/\/cleitonpinheiro.com.br\/site\/agendamentos-para-atendimento-tem-inicio-em-todas-as-unidades-da-defensoria-publica-do-to\/\"},\"author\":{\"name\":\"Reda\u00e7\u00e3o CP\",\"@id\":\"https:\/\/cleitonpinheiro.com.br\/site\/#\/schema\/person\/8f04544e0bc40a1b68775b08360f87db\"},\"headline\":\"Agendamentos para atendimento t\u00eam in\u00edcio em todas as unidades da Defensoria P\u00fablica do TO\",\"datePublished\":\"2025-01-07T14:03:39+00:00\",\"dateModified\":\"2025-01-07T14:03:55+00:00\",\"mainEntityOfPage\":{\"@id\":\"https:\/\/cleitonpinheiro.com.br\/site\/agendamentos-para-atendimento-tem-inicio-em-todas-as-unidades-da-defensoria-publica-do-to\/\"},\"wordCount\":263,\"commentCount\":0,\"publisher\":{\"@id\":\"https:\/\/cleitonpinheiro.com.br\/site\/#organization\"},\"image\":{\"@id\":\"https:\/\/cleitonpinheiro.com.br\/site\/agendamentos-para-atendimento-tem-inicio-em-todas-as-unidades-da-defensoria-publica-do-to\/#primaryimage\"},\"thumbnailUrl\":\"https:\/\/cleitonpinheiro.com.br\/site\/wp-content\/uploads\/2025\/01\/v900x600_IMG_2194_SITE.jpg\",\"articleSection\":[\"ESTADO\",\"MANCHETE SEGUND\u00c1RIA\"],\"inLanguage\":\"pt-BR\",\"potentialAction\":[{\"@type\":\"CommentAction\",\"name\":\"Comment\",\"target\":[\"https:\/\/cleitonpinheiro.com.br\/site\/agendamentos-para-atendimento-tem-inicio-em-todas-as-unidades-da-defensoria-publica-do-to\/#respond\"]}]},{\"@type\":\"WebPage\",\"@id\":\"https:\/\/cleitonpinheiro.com.br\/site\/agendamentos-para-atendimento-tem-inicio-em-todas-as-unidades-da-defensoria-publica-do-to\/\",\"url\":\"https:\/\/cleitonpinheiro.com.br\/site\/agendamentos-para-atendimento-tem-inicio-em-todas-as-unidades-da-defensoria-publica-do-to\/\",\"name\":\"Agendamentos para atendimento t\u00eam in\u00edcio em todas as unidades da Defensoria P\u00fablica do TO - PORTAL DE NOT\u00cdCIAS CLEITON PINHEIRO\",\"isPartOf\":{\"@id\":\"https:\/\/cleitonpinheiro.com.br\/site\/#website\"},\"primaryImageOfPage\":{\"@id\":\"https:\/\/cleitonpinheiro.com.br\/site\/agendamentos-para-atendimento-tem-inicio-em-todas-as-unidades-da-defensoria-publica-do-to\/#primaryimage\"},\"image\":{\"@id\":\"https:\/\/cleitonpinheiro.com.br\/site\/agendamentos-para-atendimento-tem-inicio-em-todas-as-unidades-da-defensoria-publica-do-to\/#primaryimage\"},\"thumbnailUrl\":\"https:\/\/cleitonpinheiro.com.br\/site\/wp-content\/uploads\/2025\/01\/v900x600_IMG_2194_SITE.jpg\",\"datePublished\":\"2025-01-07T14:03:39+00:00\",\"dateModified\":\"2025-01-07T14:03:55+00:00\",\"breadcrumb\":{\"@id\":\"https:\/\/cleitonpinheiro.com.br\/site\/agendamentos-para-atendimento-tem-inicio-em-todas-as-unidades-da-defensoria-publica-do-to\/#breadcrumb\"},\"inLanguage\":\"pt-BR\",\"potentialAction\":[{\"@type\":\"ReadAction\",\"target\":[\"https:\/\/cleitonpinheiro.com.br\/site\/agendamentos-para-atendimento-tem-inicio-em-todas-as-unidades-da-defensoria-publica-do-to\/\"]}]},{\"@type\":\"ImageObject\",\"inLanguage\":\"pt-BR\",\"@id\":\"https:\/\/cleitonpinheiro.com.br\/site\/agendamentos-para-atendimento-tem-inicio-em-todas-as-unidades-da-defensoria-publica-do-to\/#primaryimage\",\"url\":\"https:\/\/cleitonpinheiro.com.br\/site\/wp-content\/uploads\/2025\/01\/v900x600_IMG_2194_SITE.jpg\",\"contentUrl\":\"https:\/\/cleitonpinheiro.com.br\/site\/wp-content\/uploads\/2025\/01\/v900x600_IMG_2194_SITE.jpg\",\"width\":900,\"height\":600},{\"@type\":\"BreadcrumbList\",\"@id\":\"https:\/\/cleitonpinheiro.com.br\/site\/agendamentos-para-atendimento-tem-inicio-em-todas-as-unidades-da-defensoria-publica-do-to\/#breadcrumb\",\"itemListElement\":[{\"@type\":\"ListItem\",\"position\":1,\"name\":\"In\u00edcio\",\"item\":\"https:\/\/cleitonpinheiro.com.br\/site\/\"},{\"@type\":\"ListItem\",\"position\":2,\"name\":\"Agendamentos para atendimento t\u00eam in\u00edcio em todas as unidades da Defensoria P\u00fablica do TO\"}]},{\"@type\":\"WebSite\",\"@id\":\"https:\/\/cleitonpinheiro.com.br\/site\/#website\",\"url\":\"https:\/\/cleitonpinheiro.com.br\/site\/\",\"name\":\"PORTAL DE NOT\u00cdCIAS CLEITON PINHEIRO\",\"description\":\"FALANDO A VERDADE\",\"publisher\":{\"@id\":\"https:\/\/cleitonpinheiro.com.br\/site\/#organization\"},\"potentialAction\":[{\"@type\":\"SearchAction\",\"target\":{\"@type\":\"EntryPoint\",\"urlTemplate\":\"https:\/\/cleitonpinheiro.com.br\/site\/?s={search_term_string}\"},\"query-input\":{\"@type\":\"PropertyValueSpecification\",\"valueRequired\":true,\"valueName\":\"search_term_string\"}}],\"inLanguage\":\"pt-BR\"},{\"@type\":\"Organization\",\"@id\":\"https:\/\/cleitonpinheiro.com.br\/site\/#organization\",\"name\":\"CPNOT\u00cdCIAS\",\"url\":\"https:\/\/cleitonpinheiro.com.br\/site\/\",\"logo\":{\"@type\":\"ImageObject\",\"inLanguage\":\"pt-BR\",\"@id\":\"https:\/\/cleitonpinheiro.com.br\/site\/#\/schema\/logo\/image\/\",\"url\":\"https:\/\/cleitonpinheiro.com.br\/site\/wp-content\/uploads\/2022\/08\/Logo-pequena-2.png\",\"contentUrl\":\"https:\/\/cleitonpinheiro.com.br\/site\/wp-content\/uploads\/2022\/08\/Logo-pequena-2.png\",\"width\":500,\"height\":500,\"caption\":\"CPNOT\u00cdCIAS\"},\"image\":{\"@id\":\"https:\/\/cleitonpinheiro.com.br\/site\/#\/schema\/logo\/image\/\"},\"sameAs\":[\"https:\/\/www.facebook.com\/portalcpnoticias\/\"]},{\"@type\":\"Person\",\"@id\":\"https:\/\/cleitonpinheiro.com.br\/site\/#\/schema\/person\/8f04544e0bc40a1b68775b08360f87db\",\"name\":\"Reda\u00e7\u00e3o CP\",\"image\":{\"@type\":\"ImageObject\",\"inLanguage\":\"pt-BR\",\"@id\":\"https:\/\/cleitonpinheiro.com.br\/site\/#\/schema\/person\/image\/\",\"url\":\"https:\/\/secure.gravatar.com\/avatar\/0bcf19cb29fdc8fc588c490c7ae1b3e174dac268586a63fbe1d1893a0f9020cd?s=96&r=g\",\"contentUrl\":\"https:\/\/secure.gravatar.com\/avatar\/0bcf19cb29fdc8fc588c490c7ae1b3e174dac268586a63fbe1d1893a0f9020cd?s=96&r=g\",\"caption\":\"Reda\u00e7\u00e3o CP\"},\"url\":\"https:\/\/cleitonpinheiro.com.br\/site\/author\/redacao\/\"}]}<\/script>\n<!-- \/ Yoast SEO plugin. -->","yoast_head_json":{"title":"Agendamentos para atendimento t\u00eam in\u00edcio em todas as unidades da Defensoria P\u00fablica do TO - PORTAL DE NOT\u00cdCIAS CLEITON PINHEIRO","robots":{"index":"index","follow":"follow","max-snippet":"max-snippet:-1","max-image-preview":"max-image-preview:large","max-video-preview":"max-video-preview:-1"},"canonical":"https:\/\/cleitonpinheiro.com.br\/site\/agendamentos-para-atendimento-tem-inicio-em-todas-as-unidades-da-defensoria-publica-do-to\/","og_locale":"pt_BR","og_type":"article","og_title":"Agendamentos para atendimento t\u00eam in\u00edcio em todas as unidades da Defensoria P\u00fablica do TO - PORTAL DE NOT\u00cdCIAS CLEITON PINHEIRO","og_description":"Pessoas em situa\u00e7\u00e3o de vulnerabilidade e com perfil de assistidas que precisam de atendimento jur\u00eddico gratuito podem, a partir desta ter\u00e7a-feira, 7, marcar atendimentos na Defensoria P\u00fablica do Estado do Tocantins (DPE-TO) para o ano de 2025. O agendamento \u00e9 feito presencialmente em qualquer unidade da Institui\u00e7\u00e3o e tamb\u00e9m pela internet: &lt;\u00a0https:\/\/agendamentoonline.defensoria.to.def.br\u00a0> Conforme a Resolu\u00e7\u00e3o [&hellip;]","og_url":"https:\/\/cleitonpinheiro.com.br\/site\/agendamentos-para-atendimento-tem-inicio-em-todas-as-unidades-da-defensoria-publica-do-to\/","og_site_name":"PORTAL DE NOT\u00cdCIAS CLEITON PINHEIRO","article_publisher":"https:\/\/www.facebook.com\/portalcpnoticias\/","article_published_time":"2025-01-07T14:03:39+00:00","article_modified_time":"2025-01-07T14:03:55+00:00","og_image":[{"width":900,"height":600,"url":"https:\/\/cleitonpinheiro.com.br\/site\/wp-content\/uploads\/2025\/01\/v900x600_IMG_2194_SITE.jpg","type":"image\/jpeg"}],"author":"Reda\u00e7\u00e3o CP","twitter_card":"summary_large_image","twitter_misc":{"Escrito por":"Reda\u00e7\u00e3o CP","Est. tempo de leitura":"2 minutos"},"schema":{"@context":"https:\/\/schema.org","@graph":[{"@type":"Article","@id":"https:\/\/cleitonpinheiro.com.br\/site\/agendamentos-para-atendimento-tem-inicio-em-todas-as-unidades-da-defensoria-publica-do-to\/#article","isPartOf":{"@id":"https:\/\/cleitonpinheiro.com.br\/site\/agendamentos-para-atendimento-tem-inicio-em-todas-as-unidades-da-defensoria-publica-do-to\/"},"author":{"name":"Reda\u00e7\u00e3o CP","@id":"https:\/\/cleitonpinheiro.com.br\/site\/#\/schema\/person\/8f04544e0bc40a1b68775b08360f87db"},"headline":"Agendamentos para atendimento t\u00eam in\u00edcio em todas as unidades da Defensoria P\u00fablica do TO","datePublished":"2025-01-07T14:03:39+00:00","dateModified":"2025-01-07T14:03:55+00:00","mainEntityOfPage":{"@id":"https:\/\/cleitonpinheiro.com.br\/site\/agendamentos-para-atendimento-tem-inicio-em-todas-as-unidades-da-defensoria-publica-do-to\/"},"wordCount":263,"commentCount":0,"publisher":{"@id":"https:\/\/cleitonpinheiro.com.br\/site\/#organization"},"image":{"@id":"https:\/\/cleitonpinheiro.com.br\/site\/agendamentos-para-atendimento-tem-inicio-em-todas-as-unidades-da-defensoria-publica-do-to\/#primaryimage"},"thumbnailUrl":"https:\/\/cleitonpinheiro.com.br\/site\/wp-content\/uploads\/2025\/01\/v900x600_IMG_2194_SITE.jpg","articleSection":["ESTADO","MANCHETE SEGUND\u00c1RIA"],"inLanguage":"pt-BR","potentialAction":[{"@type":"CommentAction","name":"Comment","target":["https:\/\/cleitonpinheiro.com.br\/site\/agendamentos-para-atendimento-tem-inicio-em-todas-as-unidades-da-defensoria-publica-do-to\/#respond"]}]},{"@type":"WebPage","@id":"https:\/\/cleitonpinheiro.com.br\/site\/agendamentos-para-atendimento-tem-inicio-em-todas-as-unidades-da-defensoria-publica-do-to\/","url":"https:\/\/cleitonpinheiro.com.br\/site\/agendamentos-para-atendimento-tem-inicio-em-todas-as-unidades-da-defensoria-publica-do-to\/","name":"Agendamentos para atendimento t\u00eam in\u00edcio em todas as unidades da Defensoria P\u00fablica do TO - PORTAL DE NOT\u00cdCIAS CLEITON PINHEIRO","isPartOf":{"@id":"https:\/\/cleitonpinheiro.com.br\/site\/#website"},"primaryImageOfPage":{"@id":"https:\/\/cleitonpinheiro.com.br\/site\/agendamentos-para-atendimento-tem-inicio-em-todas-as-unidades-da-defensoria-publica-do-to\/#primaryimage"},"image":{"@id":"https:\/\/cleitonpinheiro.com.br\/site\/agendamentos-para-atendimento-tem-inicio-em-todas-as-unidades-da-defensoria-publica-do-to\/#primaryimage"},"thumbnailUrl":"https:\/\/cleitonpinheiro.com.br\/site\/wp-content\/uploads\/2025\/01\/v900x600_IMG_2194_SITE.jpg","datePublished":"2025-01-07T14:03:39+00:00","dateModified":"2025-01-07T14:03:55+00:00","breadcrumb":{"@id":"https:\/\/cleitonpinheiro.com.br\/site\/agendamentos-para-atendimento-tem-inicio-em-todas-as-unidades-da-defensoria-publica-do-to\/#breadcrumb"},"inLanguage":"pt-BR","potentialAction":[{"@type":"ReadAction","target":["https:\/\/cleitonpinheiro.com.br\/site\/agendamentos-para-atendimento-tem-inicio-em-todas-as-unidades-da-defensoria-publica-do-to\/"]}]},{"@type":"ImageObject","inLanguage":"pt-BR","@id":"https:\/\/cleitonpinheiro.com.br\/site\/agendamentos-para-atendimento-tem-inicio-em-todas-as-unidades-da-defensoria-publica-do-to\/#primaryimage","url":"https:\/\/cleitonpinheiro.com.br\/site\/wp-content\/uploads\/2025\/01\/v900x600_IMG_2194_SITE.jpg","contentUrl":"https:\/\/cleitonpinheiro.com.br\/site\/wp-content\/uploads\/2025\/01\/v900x600_IMG_2194_SITE.jpg","width":900,"height":600},{"@type":"BreadcrumbList","@id":"https:\/\/cleitonpinheiro.com.br\/site\/agendamentos-para-atendimento-tem-inicio-em-todas-as-unidades-da-defensoria-publica-do-to\/#breadcrumb","itemListElement":[{"@type":"ListItem","position":1,"name":"In\u00edcio","item":"https:\/\/cleitonpinheiro.com.br\/site\/"},{"@type":"ListItem","position":2,"name":"Agendamentos para atendimento t\u00eam in\u00edcio em todas as unidades da Defensoria P\u00fablica do TO"}]},{"@type":"WebSite","@id":"https:\/\/cleitonpinheiro.com.br\/site\/#website","url":"https:\/\/cleitonpinheiro.com.br\/site\/","name":"PORTAL DE NOT\u00cdCIAS CLEITON PINHEIRO","description":"FALANDO A VERDADE","publisher":{"@id":"https:\/\/cleitonpinheiro.com.br\/site\/#organization"},"potentialAction":[{"@type":"SearchAction","target":{"@type":"EntryPoint","urlTemplate":"https:\/\/cleitonpinheiro.com.br\/site\/?s={search_term_string}"},"query-input":{"@type":"PropertyValueSpecification","valueRequired":true,"valueName":"search_term_string"}}],"inLanguage":"pt-BR"},{"@type":"Organization","@id":"https:\/\/cleitonpinheiro.com.br\/site\/#organization","name":"CPNOT\u00cdCIAS","url":"https:\/\/cleitonpinheiro.com.br\/site\/","logo":{"@type":"ImageObject","inLanguage":"pt-BR","@id":"https:\/\/cleitonpinheiro.com.br\/site\/#\/schema\/logo\/image\/","url":"https:\/\/cleitonpinheiro.com.br\/site\/wp-content\/uploads\/2022\/08\/Logo-pequena-2.png","contentUrl":"https:\/\/cleitonpinheiro.com.br\/site\/wp-content\/uploads\/2022\/08\/Logo-pequena-2.png","width":500,"height":500,"caption":"CPNOT\u00cdCIAS"},"image":{"@id":"https:\/\/cleitonpinheiro.com.br\/site\/#\/schema\/logo\/image\/"},"sameAs":["https:\/\/www.facebook.com\/portalcpnoticias\/"]},{"@type":"Person","@id":"https:\/\/cleitonpinheiro.com.br\/site\/#\/schema\/person\/8f04544e0bc40a1b68775b08360f87db","name":"Reda\u00e7\u00e3o CP","image":{"@type":"ImageObject","inLanguage":"pt-BR","@id":"https:\/\/cleitonpinheiro.com.br\/site\/#\/schema\/person\/image\/","url":"https:\/\/secure.gravatar.com\/avatar\/0bcf19cb29fdc8fc588c490c7ae1b3e174dac268586a63fbe1d1893a0f9020cd?s=96&r=g","contentUrl":"https:\/\/secure.gravatar.com\/avatar\/0bcf19cb29fdc8fc588c490c7ae1b3e174dac268586a63fbe1d1893a0f9020cd?s=96&r=g","caption":"Reda\u00e7\u00e3o CP"},"url":"https:\/\/cleitonpinheiro.com.br\/site\/author\/redacao\/"}]}},"views":143,"_links":{"self":[{"href":"https:\/\/cleitonpinheiro.com.br\/site\/wp-json\/wp\/v2\/posts\/83897","targetHints":{"allow":["GET"]}}],"collection":[{"href":"https:\/\/cleitonpinheiro.com.br\/site\/wp-json\/wp\/v2\/posts"}],"about":[{"href":"https:\/\/cleitonpinheiro.com.br\/site\/wp-json\/wp\/v2\/types\/post"}],"author":[{"embeddable":true,"href":"https:\/\/cleitonpinheiro.com.br\/site\/wp-json\/wp\/v2\/users\/13"}],"replies":[{"embeddable":true,"href":"https:\/\/cleitonpinheiro.com.br\/site\/wp-json\/wp\/v2\/comments?post=83897"}],"version-history":[{"count":1,"href":"https:\/\/cleitonpinheiro.com.br\/site\/wp-json\/wp\/v2\/posts\/83897\/revisions"}],"predecessor-version":[{"id":83900,"href":"https:\/\/cleitonpinheiro.com.br\/site\/wp-json\/wp\/v2\/posts\/83897\/revisions\/83900"}],"wp:featuredmedia":[{"embeddable":true,"href":"https:\/\/cleitonpinheiro.com.br\/site\/wp-json\/wp\/v2\/media\/83899"}],"wp:attachment":[{"href":"https:\/\/cleitonpinheiro.com.br\/site\/wp-json\/wp\/v2\/media?parent=83897"}],"wp:term":[{"taxonomy":"category","embeddable":true,"href":"https:\/\/cleitonpinheiro.com.br\/site\/wp-json\/wp\/v2\/categories?post=83897"},{"taxonomy":"post_tag","embeddable":true,"href":"https:\/\/cleitonpinheiro.com.br\/site\/wp-json\/wp\/v2\/tags?post=83897"}],"curies":[{"name":"wp","href":"https:\/\/api.w.org\/{rel}","templated":true}]}}