{"id":83915,"date":"2025-01-07T11:36:46","date_gmt":"2025-01-07T14:36:46","guid":{"rendered":"https:\/\/cleitonpinheiro.com.br\/site\/?p=83915"},"modified":"2025-01-13T10:46:31","modified_gmt":"2025-01-13T13:46:31","slug":"prefeito-eduardo-preve-na-estrutura-da-prefeitura-de-palmas-quatro-subprefeitos","status":"publish","type":"post","link":"https:\/\/cleitonpinheiro.com.br\/site\/prefeito-eduardo-preve-na-estrutura-da-prefeitura-de-palmas-quatro-subprefeitos\/","title":{"rendered":"Prefeito Eduardo prev\u00ea na estrutura da Prefeitura de Palmas quatro subprefeitos"},"content":{"rendered":"\n<figure class=\"wp-block-image size-large\"><img fetchpriority=\"high\" decoding=\"async\" width=\"1024\" height=\"683\" src=\"https:\/\/cleitonpinheiro.com.br\/site\/wp-content\/uploads\/2025\/01\/db5f0355-04b4-4fa5-ad14-595746eae48f-1-compressed-1024x683.jpg\" alt=\"\" class=\"wp-image-83916\" srcset=\"https:\/\/cleitonpinheiro.com.br\/site\/wp-content\/uploads\/2025\/01\/db5f0355-04b4-4fa5-ad14-595746eae48f-1-compressed-1024x683.jpg 1024w, https:\/\/cleitonpinheiro.com.br\/site\/wp-content\/uploads\/2025\/01\/db5f0355-04b4-4fa5-ad14-595746eae48f-1-compressed-300x200.jpg 300w, https:\/\/cleitonpinheiro.com.br\/site\/wp-content\/uploads\/2025\/01\/db5f0355-04b4-4fa5-ad14-595746eae48f-1-compressed-768x512.jpg 768w, https:\/\/cleitonpinheiro.com.br\/site\/wp-content\/uploads\/2025\/01\/db5f0355-04b4-4fa5-ad14-595746eae48f-1-compressed-1536x1024.jpg 1536w, https:\/\/cleitonpinheiro.com.br\/site\/wp-content\/uploads\/2025\/01\/db5f0355-04b4-4fa5-ad14-595746eae48f-1-compressed-2048x1365.jpg 2048w\" sizes=\"(max-width: 1024px) 100vw, 1024px\" \/><figcaption class=\"wp-element-caption\">Foto: Edu Fortes<\/figcaption><\/figure>\n\n\n\n<p>A Medida Provis\u00f3ria n\u00ba 1, publicada no dia 2 e republicada no dia 3 de janeiro, traz na sua estrutura de cargos e fun\u00e7\u00f5es da administra\u00e7\u00e3o direta quatro cargos de subprefeito, que ter\u00e3o sal\u00e1rio DAS-2, R$ 9 mil. Ainda na pr\u00e9-campanha, no ano passado, o ent\u00e3o candidato a prefeito Eduardo Siqueira Campos disse: \u201ceu farei a subprefeitura do Aureny III, do Taquari, do Taquaru\u00e7u, e da regi\u00e3o Norte. Elas ter\u00e3o m\u00e1quinas, ter\u00e3o Samu, ter\u00e3o Guarda Metropolitana, c\u00e2meras de vigil\u00e2ncia, e a popula\u00e7\u00e3o n\u00e3o vai mais precisar ligar para emissora de TV pedindo socorro\u201d.<\/p>\n\n\n\n<p>A medida estabelece que compete ao subprefeito:<\/p>\n\n\n\n<ul class=\"wp-block-list\">\n<li>Representar, pol\u00edtica e administrativamente, a Prefeitura na regi\u00e3o, respeitados os eixos de governo e as leis municipais;<\/li>\n\n\n\n<li>Coordenar e supervisionar a execu\u00e7\u00e3o das atividades e programas da Subprefeitura, de acordo com as diretrizes, programas e normas estabelecidas pelo Prefeito;<\/li>\n\n\n\n<li>Assegurar, na medida da compet\u00eancia da Subprefeitura, a obten\u00e7\u00e3o de resultados propostos nos<\/li>\n\n\n\n<li>\u00e2mbitos central e local;<\/li>\n\n\n\n<li>Fiscalizar, no \u00e2mbito da compet\u00eancia da Subprefeitura, na regi\u00e3o administrativa correspondente, o cumprimento das leis, portarias e regulamentos;<\/li>\n\n\n\n<li>Fixar prioridades e metas para a Subprefeitura, de acordo com as pol\u00edticas centrais de Governo;<\/li>\n\n\n\n<li>Garantir, em seu \u00e2mbito, a interface pol\u00edtica necess\u00e1ria ao andamento dos assuntos municipais;<\/li>\n\n\n\n<li>Desempenhar, em seu \u00e2mbito territorial, outras compet\u00eancias que lhe forem delegadas pelo n\u00edvel central;<\/li>\n\n\n\n<li>Garantir a a\u00e7\u00e3o articulada e integrada da Subprefeitura.<\/li>\n<\/ul>\n","protected":false},"excerpt":{"rendered":"<p>A Medida Provis\u00f3ria n\u00ba 1, publicada no dia 2 e republicada no dia 3 de janeiro, traz na sua estrutura de cargos e fun\u00e7\u00f5es da administra\u00e7\u00e3o direta quatro cargos de subprefeito, que ter\u00e3o sal\u00e1rio DAS-2, R$ 9 mil. Ainda na pr\u00e9-campanha, no ano passado, o ent\u00e3o candidato a prefeito Eduardo Siqueira Campos disse: \u201ceu farei [&hellip;]<\/p>\n","protected":false},"author":13,"featured_media":83916,"comment_status":"open","ping_status":"open","sticky":false,"template":"","format":"standard","meta":{"_acf_changed":false,"footnotes":""},"categories":[898,23,21],"tags":[],"class_list":["post-83915","post","type-post","status-publish","format-standard","has-post-thumbnail","hentry","category-manchete-segundaria","category-politica","category-todas-noticias"],"acf":[],"yoast_head":"<!-- This site is optimized with the Yoast SEO plugin v24.4 - https:\/\/yoast.com\/wordpress\/plugins\/seo\/ -->\n<title>Prefeito Eduardo prev\u00ea na estrutura da Prefeitura de Palmas quatro subprefeitos - PORTAL DE NOT\u00cdCIAS CLEITON PINHEIRO<\/title>\n<meta name=\"robots\" content=\"index, follow, max-snippet:-1, max-image-preview:large, max-video-preview:-1\" \/>\n<link rel=\"canonical\" href=\"https:\/\/cleitonpinheiro.com.br\/site\/prefeito-eduardo-preve-na-estrutura-da-prefeitura-de-palmas-quatro-subprefeitos\/\" \/>\n<meta property=\"og:locale\" content=\"pt_BR\" \/>\n<meta property=\"og:type\" content=\"article\" \/>\n<meta property=\"og:title\" content=\"Prefeito Eduardo prev\u00ea na estrutura da Prefeitura de Palmas quatro subprefeitos - PORTAL DE NOT\u00cdCIAS CLEITON PINHEIRO\" \/>\n<meta property=\"og:description\" content=\"A Medida Provis\u00f3ria n\u00ba 1, publicada no dia 2 e republicada no dia 3 de janeiro, traz na sua estrutura de cargos e fun\u00e7\u00f5es da administra\u00e7\u00e3o direta quatro cargos de subprefeito, que ter\u00e3o sal\u00e1rio DAS-2, R$ 9 mil. Ainda na pr\u00e9-campanha, no ano passado, o ent\u00e3o candidato a prefeito Eduardo Siqueira Campos disse: \u201ceu farei [&hellip;]\" \/>\n<meta property=\"og:url\" content=\"https:\/\/cleitonpinheiro.com.br\/site\/prefeito-eduardo-preve-na-estrutura-da-prefeitura-de-palmas-quatro-subprefeitos\/\" \/>\n<meta property=\"og:site_name\" content=\"PORTAL DE NOT\u00cdCIAS CLEITON PINHEIRO\" \/>\n<meta property=\"article:publisher\" content=\"https:\/\/www.facebook.com\/portalcpnoticias\/\" \/>\n<meta property=\"article:published_time\" content=\"2025-01-07T14:36:46+00:00\" \/>\n<meta property=\"article:modified_time\" content=\"2025-01-13T13:46:31+00:00\" \/>\n<meta property=\"og:image\" content=\"https:\/\/cleitonpinheiro.com.br\/site\/wp-content\/uploads\/2025\/01\/db5f0355-04b4-4fa5-ad14-595746eae48f-1-compressed-scaled.jpg\" \/>\n\t<meta property=\"og:image:width\" content=\"2560\" \/>\n\t<meta property=\"og:image:height\" content=\"1707\" \/>\n\t<meta property=\"og:image:type\" content=\"image\/jpeg\" \/>\n<meta name=\"author\" content=\"Reda\u00e7\u00e3o CP\" \/>\n<meta name=\"twitter:card\" content=\"summary_large_image\" \/>\n<meta name=\"twitter:label1\" content=\"Escrito por\" \/>\n\t<meta name=\"twitter:data1\" content=\"Reda\u00e7\u00e3o CP\" \/>\n\t<meta name=\"twitter:label2\" content=\"Est. tempo de leitura\" \/>\n\t<meta name=\"twitter:data2\" content=\"2 minutos\" \/>\n<script type=\"application\/ld+json\" class=\"yoast-schema-graph\">{\"@context\":\"https:\/\/schema.org\",\"@graph\":[{\"@type\":\"Article\",\"@id\":\"https:\/\/cleitonpinheiro.com.br\/site\/prefeito-eduardo-preve-na-estrutura-da-prefeitura-de-palmas-quatro-subprefeitos\/#article\",\"isPartOf\":{\"@id\":\"https:\/\/cleitonpinheiro.com.br\/site\/prefeito-eduardo-preve-na-estrutura-da-prefeitura-de-palmas-quatro-subprefeitos\/\"},\"author\":{\"name\":\"Reda\u00e7\u00e3o CP\",\"@id\":\"https:\/\/cleitonpinheiro.com.br\/site\/#\/schema\/person\/8f04544e0bc40a1b68775b08360f87db\"},\"headline\":\"Prefeito Eduardo prev\u00ea na estrutura da Prefeitura de Palmas quatro subprefeitos\",\"datePublished\":\"2025-01-07T14:36:46+00:00\",\"dateModified\":\"2025-01-13T13:46:31+00:00\",\"mainEntityOfPage\":{\"@id\":\"https:\/\/cleitonpinheiro.com.br\/site\/prefeito-eduardo-preve-na-estrutura-da-prefeitura-de-palmas-quatro-subprefeitos\/\"},\"wordCount\":264,\"commentCount\":0,\"publisher\":{\"@id\":\"https:\/\/cleitonpinheiro.com.br\/site\/#organization\"},\"image\":{\"@id\":\"https:\/\/cleitonpinheiro.com.br\/site\/prefeito-eduardo-preve-na-estrutura-da-prefeitura-de-palmas-quatro-subprefeitos\/#primaryimage\"},\"thumbnailUrl\":\"https:\/\/cleitonpinheiro.com.br\/site\/wp-content\/uploads\/2025\/01\/db5f0355-04b4-4fa5-ad14-595746eae48f-1-compressed-scaled.jpg\",\"articleSection\":[\"MANCHETE SEGUND\u00c1RIA\",\"POL\u00cdTICA\",\"TODAS NOTICIAS\"],\"inLanguage\":\"pt-BR\",\"potentialAction\":[{\"@type\":\"CommentAction\",\"name\":\"Comment\",\"target\":[\"https:\/\/cleitonpinheiro.com.br\/site\/prefeito-eduardo-preve-na-estrutura-da-prefeitura-de-palmas-quatro-subprefeitos\/#respond\"]}]},{\"@type\":\"WebPage\",\"@id\":\"https:\/\/cleitonpinheiro.com.br\/site\/prefeito-eduardo-preve-na-estrutura-da-prefeitura-de-palmas-quatro-subprefeitos\/\",\"url\":\"https:\/\/cleitonpinheiro.com.br\/site\/prefeito-eduardo-preve-na-estrutura-da-prefeitura-de-palmas-quatro-subprefeitos\/\",\"name\":\"Prefeito Eduardo prev\u00ea na estrutura da Prefeitura de Palmas quatro subprefeitos - PORTAL DE NOT\u00cdCIAS CLEITON PINHEIRO\",\"isPartOf\":{\"@id\":\"https:\/\/cleitonpinheiro.com.br\/site\/#website\"},\"primaryImageOfPage\":{\"@id\":\"https:\/\/cleitonpinheiro.com.br\/site\/prefeito-eduardo-preve-na-estrutura-da-prefeitura-de-palmas-quatro-subprefeitos\/#primaryimage\"},\"image\":{\"@id\":\"https:\/\/cleitonpinheiro.com.br\/site\/prefeito-eduardo-preve-na-estrutura-da-prefeitura-de-palmas-quatro-subprefeitos\/#primaryimage\"},\"thumbnailUrl\":\"https:\/\/cleitonpinheiro.com.br\/site\/wp-content\/uploads\/2025\/01\/db5f0355-04b4-4fa5-ad14-595746eae48f-1-compressed-scaled.jpg\",\"datePublished\":\"2025-01-07T14:36:46+00:00\",\"dateModified\":\"2025-01-13T13:46:31+00:00\",\"breadcrumb\":{\"@id\":\"https:\/\/cleitonpinheiro.com.br\/site\/prefeito-eduardo-preve-na-estrutura-da-prefeitura-de-palmas-quatro-subprefeitos\/#breadcrumb\"},\"inLanguage\":\"pt-BR\",\"potentialAction\":[{\"@type\":\"ReadAction\",\"target\":[\"https:\/\/cleitonpinheiro.com.br\/site\/prefeito-eduardo-preve-na-estrutura-da-prefeitura-de-palmas-quatro-subprefeitos\/\"]}]},{\"@type\":\"ImageObject\",\"inLanguage\":\"pt-BR\",\"@id\":\"https:\/\/cleitonpinheiro.com.br\/site\/prefeito-eduardo-preve-na-estrutura-da-prefeitura-de-palmas-quatro-subprefeitos\/#primaryimage\",\"url\":\"https:\/\/cleitonpinheiro.com.br\/site\/wp-content\/uploads\/2025\/01\/db5f0355-04b4-4fa5-ad14-595746eae48f-1-compressed-scaled.jpg\",\"contentUrl\":\"https:\/\/cleitonpinheiro.com.br\/site\/wp-content\/uploads\/2025\/01\/db5f0355-04b4-4fa5-ad14-595746eae48f-1-compressed-scaled.jpg\",\"width\":2560,\"height\":1707,\"caption\":\"Foto: Edu Fortes\"},{\"@type\":\"BreadcrumbList\",\"@id\":\"https:\/\/cleitonpinheiro.com.br\/site\/prefeito-eduardo-preve-na-estrutura-da-prefeitura-de-palmas-quatro-subprefeitos\/#breadcrumb\",\"itemListElement\":[{\"@type\":\"ListItem\",\"position\":1,\"name\":\"In\u00edcio\",\"item\":\"https:\/\/cleitonpinheiro.com.br\/site\/\"},{\"@type\":\"ListItem\",\"position\":2,\"name\":\"Prefeito Eduardo prev\u00ea na estrutura da Prefeitura de Palmas quatro subprefeitos\"}]},{\"@type\":\"WebSite\",\"@id\":\"https:\/\/cleitonpinheiro.com.br\/site\/#website\",\"url\":\"https:\/\/cleitonpinheiro.com.br\/site\/\",\"name\":\"PORTAL DE NOT\u00cdCIAS CLEITON PINHEIRO\",\"description\":\"FALANDO A VERDADE\",\"publisher\":{\"@id\":\"https:\/\/cleitonpinheiro.com.br\/site\/#organization\"},\"potentialAction\":[{\"@type\":\"SearchAction\",\"target\":{\"@type\":\"EntryPoint\",\"urlTemplate\":\"https:\/\/cleitonpinheiro.com.br\/site\/?s={search_term_string}\"},\"query-input\":{\"@type\":\"PropertyValueSpecification\",\"valueRequired\":true,\"valueName\":\"search_term_string\"}}],\"inLanguage\":\"pt-BR\"},{\"@type\":\"Organization\",\"@id\":\"https:\/\/cleitonpinheiro.com.br\/site\/#organization\",\"name\":\"CPNOT\u00cdCIAS\",\"url\":\"https:\/\/cleitonpinheiro.com.br\/site\/\",\"logo\":{\"@type\":\"ImageObject\",\"inLanguage\":\"pt-BR\",\"@id\":\"https:\/\/cleitonpinheiro.com.br\/site\/#\/schema\/logo\/image\/\",\"url\":\"https:\/\/cleitonpinheiro.com.br\/site\/wp-content\/uploads\/2022\/08\/Logo-pequena-2.png\",\"contentUrl\":\"https:\/\/cleitonpinheiro.com.br\/site\/wp-content\/uploads\/2022\/08\/Logo-pequena-2.png\",\"width\":500,\"height\":500,\"caption\":\"CPNOT\u00cdCIAS\"},\"image\":{\"@id\":\"https:\/\/cleitonpinheiro.com.br\/site\/#\/schema\/logo\/image\/\"},\"sameAs\":[\"https:\/\/www.facebook.com\/portalcpnoticias\/\"]},{\"@type\":\"Person\",\"@id\":\"https:\/\/cleitonpinheiro.com.br\/site\/#\/schema\/person\/8f04544e0bc40a1b68775b08360f87db\",\"name\":\"Reda\u00e7\u00e3o CP\",\"image\":{\"@type\":\"ImageObject\",\"inLanguage\":\"pt-BR\",\"@id\":\"https:\/\/cleitonpinheiro.com.br\/site\/#\/schema\/person\/image\/\",\"url\":\"https:\/\/secure.gravatar.com\/avatar\/0bcf19cb29fdc8fc588c490c7ae1b3e174dac268586a63fbe1d1893a0f9020cd?s=96&r=g\",\"contentUrl\":\"https:\/\/secure.gravatar.com\/avatar\/0bcf19cb29fdc8fc588c490c7ae1b3e174dac268586a63fbe1d1893a0f9020cd?s=96&r=g\",\"caption\":\"Reda\u00e7\u00e3o CP\"},\"url\":\"https:\/\/cleitonpinheiro.com.br\/site\/author\/redacao\/\"}]}<\/script>\n<!-- \/ Yoast SEO plugin. -->","yoast_head_json":{"title":"Prefeito Eduardo prev\u00ea na estrutura da Prefeitura de Palmas quatro subprefeitos - PORTAL DE NOT\u00cdCIAS CLEITON PINHEIRO","robots":{"index":"index","follow":"follow","max-snippet":"max-snippet:-1","max-image-preview":"max-image-preview:large","max-video-preview":"max-video-preview:-1"},"canonical":"https:\/\/cleitonpinheiro.com.br\/site\/prefeito-eduardo-preve-na-estrutura-da-prefeitura-de-palmas-quatro-subprefeitos\/","og_locale":"pt_BR","og_type":"article","og_title":"Prefeito Eduardo prev\u00ea na estrutura da Prefeitura de Palmas quatro subprefeitos - PORTAL DE NOT\u00cdCIAS CLEITON PINHEIRO","og_description":"A Medida Provis\u00f3ria n\u00ba 1, publicada no dia 2 e republicada no dia 3 de janeiro, traz na sua estrutura de cargos e fun\u00e7\u00f5es da administra\u00e7\u00e3o direta quatro cargos de subprefeito, que ter\u00e3o sal\u00e1rio DAS-2, R$ 9 mil. Ainda na pr\u00e9-campanha, no ano passado, o ent\u00e3o candidato a prefeito Eduardo Siqueira Campos disse: \u201ceu farei [&hellip;]","og_url":"https:\/\/cleitonpinheiro.com.br\/site\/prefeito-eduardo-preve-na-estrutura-da-prefeitura-de-palmas-quatro-subprefeitos\/","og_site_name":"PORTAL DE NOT\u00cdCIAS CLEITON PINHEIRO","article_publisher":"https:\/\/www.facebook.com\/portalcpnoticias\/","article_published_time":"2025-01-07T14:36:46+00:00","article_modified_time":"2025-01-13T13:46:31+00:00","og_image":[{"width":2560,"height":1707,"url":"https:\/\/cleitonpinheiro.com.br\/site\/wp-content\/uploads\/2025\/01\/db5f0355-04b4-4fa5-ad14-595746eae48f-1-compressed-scaled.jpg","type":"image\/jpeg"}],"author":"Reda\u00e7\u00e3o CP","twitter_card":"summary_large_image","twitter_misc":{"Escrito por":"Reda\u00e7\u00e3o CP","Est. tempo de leitura":"2 minutos"},"schema":{"@context":"https:\/\/schema.org","@graph":[{"@type":"Article","@id":"https:\/\/cleitonpinheiro.com.br\/site\/prefeito-eduardo-preve-na-estrutura-da-prefeitura-de-palmas-quatro-subprefeitos\/#article","isPartOf":{"@id":"https:\/\/cleitonpinheiro.com.br\/site\/prefeito-eduardo-preve-na-estrutura-da-prefeitura-de-palmas-quatro-subprefeitos\/"},"author":{"name":"Reda\u00e7\u00e3o CP","@id":"https:\/\/cleitonpinheiro.com.br\/site\/#\/schema\/person\/8f04544e0bc40a1b68775b08360f87db"},"headline":"Prefeito Eduardo prev\u00ea na estrutura da Prefeitura de Palmas quatro subprefeitos","datePublished":"2025-01-07T14:36:46+00:00","dateModified":"2025-01-13T13:46:31+00:00","mainEntityOfPage":{"@id":"https:\/\/cleitonpinheiro.com.br\/site\/prefeito-eduardo-preve-na-estrutura-da-prefeitura-de-palmas-quatro-subprefeitos\/"},"wordCount":264,"commentCount":0,"publisher":{"@id":"https:\/\/cleitonpinheiro.com.br\/site\/#organization"},"image":{"@id":"https:\/\/cleitonpinheiro.com.br\/site\/prefeito-eduardo-preve-na-estrutura-da-prefeitura-de-palmas-quatro-subprefeitos\/#primaryimage"},"thumbnailUrl":"https:\/\/cleitonpinheiro.com.br\/site\/wp-content\/uploads\/2025\/01\/db5f0355-04b4-4fa5-ad14-595746eae48f-1-compressed-scaled.jpg","articleSection":["MANCHETE SEGUND\u00c1RIA","POL\u00cdTICA","TODAS NOTICIAS"],"inLanguage":"pt-BR","potentialAction":[{"@type":"CommentAction","name":"Comment","target":["https:\/\/cleitonpinheiro.com.br\/site\/prefeito-eduardo-preve-na-estrutura-da-prefeitura-de-palmas-quatro-subprefeitos\/#respond"]}]},{"@type":"WebPage","@id":"https:\/\/cleitonpinheiro.com.br\/site\/prefeito-eduardo-preve-na-estrutura-da-prefeitura-de-palmas-quatro-subprefeitos\/","url":"https:\/\/cleitonpinheiro.com.br\/site\/prefeito-eduardo-preve-na-estrutura-da-prefeitura-de-palmas-quatro-subprefeitos\/","name":"Prefeito Eduardo prev\u00ea na estrutura da Prefeitura de Palmas quatro subprefeitos - PORTAL DE NOT\u00cdCIAS CLEITON PINHEIRO","isPartOf":{"@id":"https:\/\/cleitonpinheiro.com.br\/site\/#website"},"primaryImageOfPage":{"@id":"https:\/\/cleitonpinheiro.com.br\/site\/prefeito-eduardo-preve-na-estrutura-da-prefeitura-de-palmas-quatro-subprefeitos\/#primaryimage"},"image":{"@id":"https:\/\/cleitonpinheiro.com.br\/site\/prefeito-eduardo-preve-na-estrutura-da-prefeitura-de-palmas-quatro-subprefeitos\/#primaryimage"},"thumbnailUrl":"https:\/\/cleitonpinheiro.com.br\/site\/wp-content\/uploads\/2025\/01\/db5f0355-04b4-4fa5-ad14-595746eae48f-1-compressed-scaled.jpg","datePublished":"2025-01-07T14:36:46+00:00","dateModified":"2025-01-13T13:46:31+00:00","breadcrumb":{"@id":"https:\/\/cleitonpinheiro.com.br\/site\/prefeito-eduardo-preve-na-estrutura-da-prefeitura-de-palmas-quatro-subprefeitos\/#breadcrumb"},"inLanguage":"pt-BR","potentialAction":[{"@type":"ReadAction","target":["https:\/\/cleitonpinheiro.com.br\/site\/prefeito-eduardo-preve-na-estrutura-da-prefeitura-de-palmas-quatro-subprefeitos\/"]}]},{"@type":"ImageObject","inLanguage":"pt-BR","@id":"https:\/\/cleitonpinheiro.com.br\/site\/prefeito-eduardo-preve-na-estrutura-da-prefeitura-de-palmas-quatro-subprefeitos\/#primaryimage","url":"https:\/\/cleitonpinheiro.com.br\/site\/wp-content\/uploads\/2025\/01\/db5f0355-04b4-4fa5-ad14-595746eae48f-1-compressed-scaled.jpg","contentUrl":"https:\/\/cleitonpinheiro.com.br\/site\/wp-content\/uploads\/2025\/01\/db5f0355-04b4-4fa5-ad14-595746eae48f-1-compressed-scaled.jpg","width":2560,"height":1707,"caption":"Foto: Edu Fortes"},{"@type":"BreadcrumbList","@id":"https:\/\/cleitonpinheiro.com.br\/site\/prefeito-eduardo-preve-na-estrutura-da-prefeitura-de-palmas-quatro-subprefeitos\/#breadcrumb","itemListElement":[{"@type":"ListItem","position":1,"name":"In\u00edcio","item":"https:\/\/cleitonpinheiro.com.br\/site\/"},{"@type":"ListItem","position":2,"name":"Prefeito Eduardo prev\u00ea na estrutura da Prefeitura de Palmas quatro subprefeitos"}]},{"@type":"WebSite","@id":"https:\/\/cleitonpinheiro.com.br\/site\/#website","url":"https:\/\/cleitonpinheiro.com.br\/site\/","name":"PORTAL DE NOT\u00cdCIAS CLEITON PINHEIRO","description":"FALANDO A VERDADE","publisher":{"@id":"https:\/\/cleitonpinheiro.com.br\/site\/#organization"},"potentialAction":[{"@type":"SearchAction","target":{"@type":"EntryPoint","urlTemplate":"https:\/\/cleitonpinheiro.com.br\/site\/?s={search_term_string}"},"query-input":{"@type":"PropertyValueSpecification","valueRequired":true,"valueName":"search_term_string"}}],"inLanguage":"pt-BR"},{"@type":"Organization","@id":"https:\/\/cleitonpinheiro.com.br\/site\/#organization","name":"CPNOT\u00cdCIAS","url":"https:\/\/cleitonpinheiro.com.br\/site\/","logo":{"@type":"ImageObject","inLanguage":"pt-BR","@id":"https:\/\/cleitonpinheiro.com.br\/site\/#\/schema\/logo\/image\/","url":"https:\/\/cleitonpinheiro.com.br\/site\/wp-content\/uploads\/2022\/08\/Logo-pequena-2.png","contentUrl":"https:\/\/cleitonpinheiro.com.br\/site\/wp-content\/uploads\/2022\/08\/Logo-pequena-2.png","width":500,"height":500,"caption":"CPNOT\u00cdCIAS"},"image":{"@id":"https:\/\/cleitonpinheiro.com.br\/site\/#\/schema\/logo\/image\/"},"sameAs":["https:\/\/www.facebook.com\/portalcpnoticias\/"]},{"@type":"Person","@id":"https:\/\/cleitonpinheiro.com.br\/site\/#\/schema\/person\/8f04544e0bc40a1b68775b08360f87db","name":"Reda\u00e7\u00e3o CP","image":{"@type":"ImageObject","inLanguage":"pt-BR","@id":"https:\/\/cleitonpinheiro.com.br\/site\/#\/schema\/person\/image\/","url":"https:\/\/secure.gravatar.com\/avatar\/0bcf19cb29fdc8fc588c490c7ae1b3e174dac268586a63fbe1d1893a0f9020cd?s=96&r=g","contentUrl":"https:\/\/secure.gravatar.com\/avatar\/0bcf19cb29fdc8fc588c490c7ae1b3e174dac268586a63fbe1d1893a0f9020cd?s=96&r=g","caption":"Reda\u00e7\u00e3o CP"},"url":"https:\/\/cleitonpinheiro.com.br\/site\/author\/redacao\/"}]}},"views":153,"_links":{"self":[{"href":"https:\/\/cleitonpinheiro.com.br\/site\/wp-json\/wp\/v2\/posts\/83915","targetHints":{"allow":["GET"]}}],"collection":[{"href":"https:\/\/cleitonpinheiro.com.br\/site\/wp-json\/wp\/v2\/posts"}],"about":[{"href":"https:\/\/cleitonpinheiro.com.br\/site\/wp-json\/wp\/v2\/types\/post"}],"author":[{"embeddable":true,"href":"https:\/\/cleitonpinheiro.com.br\/site\/wp-json\/wp\/v2\/users\/13"}],"replies":[{"embeddable":true,"href":"https:\/\/cleitonpinheiro.com.br\/site\/wp-json\/wp\/v2\/comments?post=83915"}],"version-history":[{"count":1,"href":"https:\/\/cleitonpinheiro.com.br\/site\/wp-json\/wp\/v2\/posts\/83915\/revisions"}],"predecessor-version":[{"id":83917,"href":"https:\/\/cleitonpinheiro.com.br\/site\/wp-json\/wp\/v2\/posts\/83915\/revisions\/83917"}],"wp:featuredmedia":[{"embeddable":true,"href":"https:\/\/cleitonpinheiro.com.br\/site\/wp-json\/wp\/v2\/media\/83916"}],"wp:attachment":[{"href":"https:\/\/cleitonpinheiro.com.br\/site\/wp-json\/wp\/v2\/media?parent=83915"}],"wp:term":[{"taxonomy":"category","embeddable":true,"href":"https:\/\/cleitonpinheiro.com.br\/site\/wp-json\/wp\/v2\/categories?post=83915"},{"taxonomy":"post_tag","embeddable":true,"href":"https:\/\/cleitonpinheiro.com.br\/site\/wp-json\/wp\/v2\/tags?post=83915"}],"curies":[{"name":"wp","href":"https:\/\/api.w.org\/{rel}","templated":true}]}}