{"id":83929,"date":"2025-01-02T12:03:11","date_gmt":"2025-01-02T15:03:11","guid":{"rendered":"https:\/\/cleitonpinheiro.com.br\/site\/?p=83929"},"modified":"2025-01-07T12:04:53","modified_gmt":"2025-01-07T15:04:53","slug":"brasil-assume-presidencia-do-brics-em-meio-a-expansao-do-bloco","status":"publish","type":"post","link":"https:\/\/cleitonpinheiro.com.br\/site\/brasil-assume-presidencia-do-brics-em-meio-a-expansao-do-bloco\/","title":{"rendered":"Brasil assume presid\u00eancia do Brics em meio \u00e0 expans\u00e3o do bloco"},"content":{"rendered":"\n<figure class=\"wp-block-image size-large\"><img fetchpriority=\"high\" decoding=\"async\" width=\"1024\" height=\"613\" src=\"https:\/\/cleitonpinheiro.com.br\/site\/wp-content\/uploads\/2025\/01\/izobrazhenie-whatsapp-2024_09_26-v-15.46.29_315803c8-1024x613.webp\" alt=\"\" class=\"wp-image-83930\" srcset=\"https:\/\/cleitonpinheiro.com.br\/site\/wp-content\/uploads\/2025\/01\/izobrazhenie-whatsapp-2024_09_26-v-15.46.29_315803c8-1024x613.webp 1024w, https:\/\/cleitonpinheiro.com.br\/site\/wp-content\/uploads\/2025\/01\/izobrazhenie-whatsapp-2024_09_26-v-15.46.29_315803c8-300x179.webp 300w, https:\/\/cleitonpinheiro.com.br\/site\/wp-content\/uploads\/2025\/01\/izobrazhenie-whatsapp-2024_09_26-v-15.46.29_315803c8-768x459.webp 768w, https:\/\/cleitonpinheiro.com.br\/site\/wp-content\/uploads\/2025\/01\/izobrazhenie-whatsapp-2024_09_26-v-15.46.29_315803c8.webp 1170w\" sizes=\"(max-width: 1024px) 100vw, 1024px\" \/><\/figure>\n\n\n\n<p>O Brasil assume pela quarta vez, a partir desta quarta-feira (1\u00ba), a presid\u00eancia rotativa do Brics em meio a expans\u00e3o do bloco que, em 2025, vai contar com ao menos nove novos membros. Reforma da governan\u00e7a global e desenvolvimento sustent\u00e1vel com inclus\u00e3o social s\u00e3o algumas das agendas que o Brasil buscar\u00e1 promover.<img decoding=\"async\" src=\"https:\/\/agenciabrasil.ebc.com.br\/ebc.png?id=1625511&amp;o=node\"><img decoding=\"async\" src=\"https:\/\/agenciabrasil.ebc.com.br\/ebc.gif?id=1625511&amp;o=node\"><\/p>\n\n\n\n<p>Com o lema Fortalecendo a Coopera\u00e7\u00e3o do Sul Global para uma Governan\u00e7a mais Inclusiva e Sustent\u00e1vel, o governo brasileiro tem, entre os desafios, o de articular a participa\u00e7\u00e3o dos novos membros e dar continuidade \u00e0 constru\u00e7\u00e3o do sistema de pagamento com moedas locais no com\u00e9rcio entre os pa\u00edses, substituindo o d\u00f3lar.<\/p>\n\n\n\n<p>Neste in\u00edcio de 2025, ao menos nove pa\u00edses ingressam no grupo como membros. Cuba, Bol\u00edvia, Indon\u00e9sia, Bielorr\u00fassia, Cazaquist\u00e3o, Mal\u00e1sia, Tail\u00e2ndia, Uganda e Uzbequist\u00e3o foram confirmados pela R\u00fassia como novos membros, informou a ag\u00eancia estatal russa Tass. A R\u00fassia ocupou a presid\u00eancia do Brics em 2024.<\/p>\n\n\n\n<p>O professor de direito internacional Paulo Borba Casella, do Grupo de Estudos sobre o Brics (Gebrics) da Universidade de S\u00e3o Paulo (USP), ressaltou \u00e0&nbsp;<strong>Ag\u00eancia Brasil<\/strong>&nbsp;que um dos desafios para a presid\u00eancia do bloco \u00e9 o de criar uma din\u00e2mica para o Brics expandido.<\/p>\n\n\n\n<p>\u201cH\u00e1 mais de uma centena de grupos de trabalho em \u00e1reas das mais diversas. Ser\u00e1 preciso ver como o Brasil consegue ajudar a fazer funcionar o Brics na sua nova configura\u00e7\u00e3o, com dez estados e com mais uma d\u00fazia de estados associados. Que maneira isso vai operar? Ainda ningu\u00e9m viu e ningu\u00e9m sabe\u201d, ponderou.<\/p>\n\n\n\n<p>Ao todo, treze pa\u00edses foram convidados para participar do Brics. Espera-se ainda que Nig\u00e9ria, Turquia, Arg\u00e9lia e Vietn\u00e3&nbsp;confirmem a participa\u00e7\u00e3o. A inclus\u00e3o de novos membros foi definida em outubro de 2024, na 16\u00aa c\u00fapula do Brics, em Kazan, na R\u00fassia, quando&nbsp;<a href=\"https:\/\/agenciabrasil.ebc.com.br\/internacional\/noticia\/2024-10\/brics-vai-convidar-cuba-bolivia-turquia-nigeria-e-mais-nove-paises\" target=\"_blank\" rel=\"noreferrer noopener\">foi criada a nova categoria de parceiros<\/a>&nbsp;do bloco.<\/p>\n\n\n\n<p>A assessoria do Itamaraty, por sua vez, n\u00e3o confirmou em qual categoria os nove pa\u00edses devem ingressar no grupo \u2013 se como parceiros ou como membros efetivos. Diferentemente dos membros efetivos, os parceiros podem participar das reuni\u00f5es e dos encontros, mas n\u00e3o t\u00eam poder de voto ou veto, uma vez que as decis\u00f5es do Brics s\u00e3o tomadas por consenso.<\/p>\n\n\n\n<p>Em 2024, o bloco j\u00e1 havia recebido cinco novos membros efetivos, chegando a dez pa\u00edses. At\u00e9 ent\u00e3o formado por Brasil, R\u00fassia, \u00cdndia, China e \u00c1frica do Sul, o Brics incluiu no ano passado Ir\u00e3, Emirados \u00c1rabes Unidos, Egito, Eti\u00f3pia e Ar\u00e1bia Saudita. A Ar\u00e1bia Saudita, apesar de n\u00e3o ter assinado a ades\u00e3o ao grupo, tem participado de todos os encontros.<\/p>\n\n\n\n<h2 class=\"wp-block-heading\">Import\u00e2ncia Brics<\/h2>\n\n\n\n<p>A coordenadora do grupo de pesquisa sobre Brics da PUC do Rio de Janeiro, professora Maria Elena Rodr\u00edguez, lembrou que da \u00faltima vez que o Brasil foi presidente do bloco, o governo n\u00e3o deu muita import\u00e2ncia ao Brics, o que deve mudar neste ano. &nbsp;<\/p>\n\n\n\n<p>\u201cA c\u00fapula anterior sob a presid\u00eancia brasileira foi no governo Bolsonaro e foi totalmente acanhada e sem import\u00e2ncia. Agora, o Brics est\u00e1 muito mais consolidado. O&nbsp;Brasil tem que estar muito preparado e apresentar avan\u00e7os concretos, como na quest\u00e3o das negocia\u00e7\u00f5es em moedas locais. \u00c9 preciso ter uma agenda que ajude a elevar um pouco o Brasil e o continente latino-americano dentro do Brics\u201d, destacou.<\/p>\n\n\n\n<h2 class=\"wp-block-heading\">Trump e Brics<\/h2>\n\n\n\n<p>A iniciativa de substituir o d\u00f3lar por moedas locais levou o presidente eleito dos Estados Unidos (EUA), Donald Trump, a&nbsp;<a href=\"https:\/\/agenciabrasil.ebc.com.br\/internacional\/noticia\/2024-12\/ameaca-de-trump-contra-brics-busca-manter-hegemonia-do-dolar\" target=\"_blank\" rel=\"noreferrer noopener\">amea\u00e7ar as na\u00e7\u00f5es que abandonarem<\/a>&nbsp;a moeda estadunidense por meio de aumento da taxa\u00e7\u00e3o dos produtos desses pa\u00edses.<\/p>\n\n\n\n<p>Para o professor da USP, Paulo Borba Casella, Trump n\u00e3o tem condi\u00e7\u00f5es de impor tarifas a todos os pa\u00edses do Brics sem prejudicar a economia dos EUA. \u201cEle joga para o eleitorado interno para tentar mostrar uma posi\u00e7\u00e3o, mas \u00e9 uma bobagem porque o sistema internacional n\u00e3o funciona s\u00f3 com amea\u00e7as\u201d, comentou.<\/p>\n\n\n\n<p>Devido ao comportamento de Trump, Casella avalia que f\u00f3runs como o Brics ganham import\u00e2ncia. \u201cPode ser a voca\u00e7\u00e3o dos Brics se contrapor a um discurso bastante mesquinho e grosseiro do ponto de vista de rela\u00e7\u00f5es internacionais, como o estilo Trump\u201d, acrescentou.<\/p>\n\n\n\n<p>O Brics tem sido usado como plataforma alternativa de di\u00e1logo e integra\u00e7\u00e3o de pa\u00edses insatisfeitos com a ordem internacional liderada pelos EUA e dominada pelo d\u00f3lar. Com dez membros plenos, o Brics representa mais de 40% da popula\u00e7\u00e3o global e 37% do PIB mundial por poder de compra, superando o peso econ\u00f4mico do G7, que une os pa\u00edses mais industrializados do mundo.<br>&nbsp;<\/p>\n\n\n\n<figure class=\"wp-block-image\"><img decoding=\"async\" src=\"https:\/\/imagens.ebc.com.br\/nY7cjw87Qu8Rl45TH1abe3Ti-JM=\/754x0\/smart\/https:\/\/agenciabrasil.ebc.com.br\/sites\/default\/files\/thumbnails\/image\/2025\/01\/03\/brics_no_mundo_pt2.jpg?itok=yCymE7M3\" alt=\"Bras\u00edlia (DF) 03\/01\/2025 -  Arte mat\u00e9ria Brics em espanhol LOS BRICS EN EL MUNDO\nArte EBC\" title=\"Arte EBC\"\/><\/figure>\n\n\n\n<p><strong>Arte EBC<\/strong><\/p>\n\n\n\n<p>Entre as principais demandas do grupo, est\u00e1 a defesa de uma&nbsp;<a href=\"https:\/\/agenciabrasil.ebc.com.br\/economia\/noticia\/2024-10\/cupula-ampliada-do-brics-pede-maior-protagonismo-do-sul-global\" target=\"_blank\" rel=\"noreferrer noopener\">reforma na governan\u00e7a global<\/a>, com amplia\u00e7\u00e3o da representa\u00e7\u00e3o dos pa\u00edses da \u00c1sia, \u00c1frica e Am\u00e9rica Latina em \u00f3rg\u00e3os como o Conselho de Seguran\u00e7a da ONU, a Organiza\u00e7\u00e3o Mundial do Com\u00e9rcio (CMO) e&nbsp;<a href=\"https:\/\/agenciabrasil.ebc.com.br\/internacional\/noticia\/2024-10\/declaracao-do-brics-pede-reforma-da-onu-e-projeta-nova-ordem-global\" target=\"_blank\" rel=\"noreferrer noopener\">institui\u00e7\u00f5es financeiras como Banco Mundial<\/a>&nbsp;e Fundo Monet\u00e1rio Internacional (FMI).<\/p>\n","protected":false},"excerpt":{"rendered":"<p>O Brasil assume pela quarta vez, a partir desta quarta-feira (1\u00ba), a presid\u00eancia rotativa do Brics em meio a expans\u00e3o do bloco que, em 2025, vai contar com ao menos nove novos membros. Reforma da governan\u00e7a global e desenvolvimento sustent\u00e1vel com inclus\u00e3o social s\u00e3o algumas das agendas que o Brasil buscar\u00e1 promover. Com o lema [&hellip;]<\/p>\n","protected":false},"author":13,"featured_media":83930,"comment_status":"open","ping_status":"open","sticky":false,"template":"","format":"standard","meta":{"_acf_changed":false,"footnotes":""},"categories":[19,20,21],"tags":[],"class_list":["post-83929","post","type-post","status-publish","format-standard","has-post-thumbnail","hentry","category-brasil-mundo","category-noticias-em-destaque","category-todas-noticias"],"acf":[],"yoast_head":"<!-- This site is optimized with the Yoast SEO plugin v24.4 - https:\/\/yoast.com\/wordpress\/plugins\/seo\/ -->\n<title>Brasil assume presid\u00eancia do Brics em meio \u00e0 expans\u00e3o do bloco - PORTAL DE NOT\u00cdCIAS CLEITON PINHEIRO<\/title>\n<meta name=\"robots\" content=\"index, follow, max-snippet:-1, max-image-preview:large, max-video-preview:-1\" \/>\n<link rel=\"canonical\" href=\"https:\/\/cleitonpinheiro.com.br\/site\/brasil-assume-presidencia-do-brics-em-meio-a-expansao-do-bloco\/\" \/>\n<meta property=\"og:locale\" content=\"pt_BR\" \/>\n<meta property=\"og:type\" content=\"article\" \/>\n<meta property=\"og:title\" content=\"Brasil assume presid\u00eancia do Brics em meio \u00e0 expans\u00e3o do bloco - PORTAL DE NOT\u00cdCIAS CLEITON PINHEIRO\" \/>\n<meta property=\"og:description\" content=\"O Brasil assume pela quarta vez, a partir desta quarta-feira (1\u00ba), a presid\u00eancia rotativa do Brics em meio a expans\u00e3o do bloco que, em 2025, vai contar com ao menos nove novos membros. Reforma da governan\u00e7a global e desenvolvimento sustent\u00e1vel com inclus\u00e3o social s\u00e3o algumas das agendas que o Brasil buscar\u00e1 promover. Com o lema [&hellip;]\" \/>\n<meta property=\"og:url\" content=\"https:\/\/cleitonpinheiro.com.br\/site\/brasil-assume-presidencia-do-brics-em-meio-a-expansao-do-bloco\/\" \/>\n<meta property=\"og:site_name\" content=\"PORTAL DE NOT\u00cdCIAS CLEITON PINHEIRO\" \/>\n<meta property=\"article:publisher\" content=\"https:\/\/www.facebook.com\/portalcpnoticias\/\" \/>\n<meta property=\"article:published_time\" content=\"2025-01-02T15:03:11+00:00\" \/>\n<meta property=\"article:modified_time\" content=\"2025-01-07T15:04:53+00:00\" \/>\n<meta property=\"og:image\" content=\"https:\/\/cleitonpinheiro.com.br\/site\/wp-content\/uploads\/2025\/01\/izobrazhenie-whatsapp-2024_09_26-v-15.46.29_315803c8.webp\" \/>\n\t<meta property=\"og:image:width\" content=\"1170\" \/>\n\t<meta property=\"og:image:height\" content=\"700\" \/>\n\t<meta property=\"og:image:type\" content=\"image\/webp\" \/>\n<meta name=\"author\" content=\"Reda\u00e7\u00e3o CP\" \/>\n<meta name=\"twitter:card\" content=\"summary_large_image\" \/>\n<meta name=\"twitter:label1\" content=\"Escrito por\" \/>\n\t<meta name=\"twitter:data1\" content=\"Reda\u00e7\u00e3o CP\" \/>\n\t<meta name=\"twitter:label2\" content=\"Est. tempo de leitura\" \/>\n\t<meta name=\"twitter:data2\" content=\"6 minutos\" \/>\n<script type=\"application\/ld+json\" class=\"yoast-schema-graph\">{\"@context\":\"https:\/\/schema.org\",\"@graph\":[{\"@type\":\"Article\",\"@id\":\"https:\/\/cleitonpinheiro.com.br\/site\/brasil-assume-presidencia-do-brics-em-meio-a-expansao-do-bloco\/#article\",\"isPartOf\":{\"@id\":\"https:\/\/cleitonpinheiro.com.br\/site\/brasil-assume-presidencia-do-brics-em-meio-a-expansao-do-bloco\/\"},\"author\":{\"name\":\"Reda\u00e7\u00e3o CP\",\"@id\":\"https:\/\/cleitonpinheiro.com.br\/site\/#\/schema\/person\/8f04544e0bc40a1b68775b08360f87db\"},\"headline\":\"Brasil assume presid\u00eancia do Brics em meio \u00e0 expans\u00e3o do bloco\",\"datePublished\":\"2025-01-02T15:03:11+00:00\",\"dateModified\":\"2025-01-07T15:04:53+00:00\",\"mainEntityOfPage\":{\"@id\":\"https:\/\/cleitonpinheiro.com.br\/site\/brasil-assume-presidencia-do-brics-em-meio-a-expansao-do-bloco\/\"},\"wordCount\":889,\"commentCount\":0,\"publisher\":{\"@id\":\"https:\/\/cleitonpinheiro.com.br\/site\/#organization\"},\"image\":{\"@id\":\"https:\/\/cleitonpinheiro.com.br\/site\/brasil-assume-presidencia-do-brics-em-meio-a-expansao-do-bloco\/#primaryimage\"},\"thumbnailUrl\":\"https:\/\/cleitonpinheiro.com.br\/site\/wp-content\/uploads\/2025\/01\/izobrazhenie-whatsapp-2024_09_26-v-15.46.29_315803c8.webp\",\"articleSection\":[\"BRASIL \/ MUNDO\",\"NOT\u00cdCIAS EM DESTAQUE\",\"TODAS NOTICIAS\"],\"inLanguage\":\"pt-BR\",\"potentialAction\":[{\"@type\":\"CommentAction\",\"name\":\"Comment\",\"target\":[\"https:\/\/cleitonpinheiro.com.br\/site\/brasil-assume-presidencia-do-brics-em-meio-a-expansao-do-bloco\/#respond\"]}]},{\"@type\":\"WebPage\",\"@id\":\"https:\/\/cleitonpinheiro.com.br\/site\/brasil-assume-presidencia-do-brics-em-meio-a-expansao-do-bloco\/\",\"url\":\"https:\/\/cleitonpinheiro.com.br\/site\/brasil-assume-presidencia-do-brics-em-meio-a-expansao-do-bloco\/\",\"name\":\"Brasil assume presid\u00eancia do Brics em meio \u00e0 expans\u00e3o do bloco - PORTAL DE NOT\u00cdCIAS CLEITON PINHEIRO\",\"isPartOf\":{\"@id\":\"https:\/\/cleitonpinheiro.com.br\/site\/#website\"},\"primaryImageOfPage\":{\"@id\":\"https:\/\/cleitonpinheiro.com.br\/site\/brasil-assume-presidencia-do-brics-em-meio-a-expansao-do-bloco\/#primaryimage\"},\"image\":{\"@id\":\"https:\/\/cleitonpinheiro.com.br\/site\/brasil-assume-presidencia-do-brics-em-meio-a-expansao-do-bloco\/#primaryimage\"},\"thumbnailUrl\":\"https:\/\/cleitonpinheiro.com.br\/site\/wp-content\/uploads\/2025\/01\/izobrazhenie-whatsapp-2024_09_26-v-15.46.29_315803c8.webp\",\"datePublished\":\"2025-01-02T15:03:11+00:00\",\"dateModified\":\"2025-01-07T15:04:53+00:00\",\"breadcrumb\":{\"@id\":\"https:\/\/cleitonpinheiro.com.br\/site\/brasil-assume-presidencia-do-brics-em-meio-a-expansao-do-bloco\/#breadcrumb\"},\"inLanguage\":\"pt-BR\",\"potentialAction\":[{\"@type\":\"ReadAction\",\"target\":[\"https:\/\/cleitonpinheiro.com.br\/site\/brasil-assume-presidencia-do-brics-em-meio-a-expansao-do-bloco\/\"]}]},{\"@type\":\"ImageObject\",\"inLanguage\":\"pt-BR\",\"@id\":\"https:\/\/cleitonpinheiro.com.br\/site\/brasil-assume-presidencia-do-brics-em-meio-a-expansao-do-bloco\/#primaryimage\",\"url\":\"https:\/\/cleitonpinheiro.com.br\/site\/wp-content\/uploads\/2025\/01\/izobrazhenie-whatsapp-2024_09_26-v-15.46.29_315803c8.webp\",\"contentUrl\":\"https:\/\/cleitonpinheiro.com.br\/site\/wp-content\/uploads\/2025\/01\/izobrazhenie-whatsapp-2024_09_26-v-15.46.29_315803c8.webp\",\"width\":1170,\"height\":700},{\"@type\":\"BreadcrumbList\",\"@id\":\"https:\/\/cleitonpinheiro.com.br\/site\/brasil-assume-presidencia-do-brics-em-meio-a-expansao-do-bloco\/#breadcrumb\",\"itemListElement\":[{\"@type\":\"ListItem\",\"position\":1,\"name\":\"In\u00edcio\",\"item\":\"https:\/\/cleitonpinheiro.com.br\/site\/\"},{\"@type\":\"ListItem\",\"position\":2,\"name\":\"Brasil assume presid\u00eancia do Brics em meio \u00e0 expans\u00e3o do bloco\"}]},{\"@type\":\"WebSite\",\"@id\":\"https:\/\/cleitonpinheiro.com.br\/site\/#website\",\"url\":\"https:\/\/cleitonpinheiro.com.br\/site\/\",\"name\":\"PORTAL DE NOT\u00cdCIAS CLEITON PINHEIRO\",\"description\":\"FALANDO A VERDADE\",\"publisher\":{\"@id\":\"https:\/\/cleitonpinheiro.com.br\/site\/#organization\"},\"potentialAction\":[{\"@type\":\"SearchAction\",\"target\":{\"@type\":\"EntryPoint\",\"urlTemplate\":\"https:\/\/cleitonpinheiro.com.br\/site\/?s={search_term_string}\"},\"query-input\":{\"@type\":\"PropertyValueSpecification\",\"valueRequired\":true,\"valueName\":\"search_term_string\"}}],\"inLanguage\":\"pt-BR\"},{\"@type\":\"Organization\",\"@id\":\"https:\/\/cleitonpinheiro.com.br\/site\/#organization\",\"name\":\"CPNOT\u00cdCIAS\",\"url\":\"https:\/\/cleitonpinheiro.com.br\/site\/\",\"logo\":{\"@type\":\"ImageObject\",\"inLanguage\":\"pt-BR\",\"@id\":\"https:\/\/cleitonpinheiro.com.br\/site\/#\/schema\/logo\/image\/\",\"url\":\"https:\/\/cleitonpinheiro.com.br\/site\/wp-content\/uploads\/2022\/08\/Logo-pequena-2.png\",\"contentUrl\":\"https:\/\/cleitonpinheiro.com.br\/site\/wp-content\/uploads\/2022\/08\/Logo-pequena-2.png\",\"width\":500,\"height\":500,\"caption\":\"CPNOT\u00cdCIAS\"},\"image\":{\"@id\":\"https:\/\/cleitonpinheiro.com.br\/site\/#\/schema\/logo\/image\/\"},\"sameAs\":[\"https:\/\/www.facebook.com\/portalcpnoticias\/\"]},{\"@type\":\"Person\",\"@id\":\"https:\/\/cleitonpinheiro.com.br\/site\/#\/schema\/person\/8f04544e0bc40a1b68775b08360f87db\",\"name\":\"Reda\u00e7\u00e3o CP\",\"image\":{\"@type\":\"ImageObject\",\"inLanguage\":\"pt-BR\",\"@id\":\"https:\/\/cleitonpinheiro.com.br\/site\/#\/schema\/person\/image\/\",\"url\":\"https:\/\/secure.gravatar.com\/avatar\/0bcf19cb29fdc8fc588c490c7ae1b3e174dac268586a63fbe1d1893a0f9020cd?s=96&r=g\",\"contentUrl\":\"https:\/\/secure.gravatar.com\/avatar\/0bcf19cb29fdc8fc588c490c7ae1b3e174dac268586a63fbe1d1893a0f9020cd?s=96&r=g\",\"caption\":\"Reda\u00e7\u00e3o CP\"},\"url\":\"https:\/\/cleitonpinheiro.com.br\/site\/author\/redacao\/\"}]}<\/script>\n<!-- \/ Yoast SEO plugin. -->","yoast_head_json":{"title":"Brasil assume presid\u00eancia do Brics em meio \u00e0 expans\u00e3o do bloco - PORTAL DE NOT\u00cdCIAS CLEITON PINHEIRO","robots":{"index":"index","follow":"follow","max-snippet":"max-snippet:-1","max-image-preview":"max-image-preview:large","max-video-preview":"max-video-preview:-1"},"canonical":"https:\/\/cleitonpinheiro.com.br\/site\/brasil-assume-presidencia-do-brics-em-meio-a-expansao-do-bloco\/","og_locale":"pt_BR","og_type":"article","og_title":"Brasil assume presid\u00eancia do Brics em meio \u00e0 expans\u00e3o do bloco - PORTAL DE NOT\u00cdCIAS CLEITON PINHEIRO","og_description":"O Brasil assume pela quarta vez, a partir desta quarta-feira (1\u00ba), a presid\u00eancia rotativa do Brics em meio a expans\u00e3o do bloco que, em 2025, vai contar com ao menos nove novos membros. Reforma da governan\u00e7a global e desenvolvimento sustent\u00e1vel com inclus\u00e3o social s\u00e3o algumas das agendas que o Brasil buscar\u00e1 promover. Com o lema [&hellip;]","og_url":"https:\/\/cleitonpinheiro.com.br\/site\/brasil-assume-presidencia-do-brics-em-meio-a-expansao-do-bloco\/","og_site_name":"PORTAL DE NOT\u00cdCIAS CLEITON PINHEIRO","article_publisher":"https:\/\/www.facebook.com\/portalcpnoticias\/","article_published_time":"2025-01-02T15:03:11+00:00","article_modified_time":"2025-01-07T15:04:53+00:00","og_image":[{"width":1170,"height":700,"url":"https:\/\/cleitonpinheiro.com.br\/site\/wp-content\/uploads\/2025\/01\/izobrazhenie-whatsapp-2024_09_26-v-15.46.29_315803c8.webp","type":"image\/webp"}],"author":"Reda\u00e7\u00e3o CP","twitter_card":"summary_large_image","twitter_misc":{"Escrito por":"Reda\u00e7\u00e3o CP","Est. tempo de leitura":"6 minutos"},"schema":{"@context":"https:\/\/schema.org","@graph":[{"@type":"Article","@id":"https:\/\/cleitonpinheiro.com.br\/site\/brasil-assume-presidencia-do-brics-em-meio-a-expansao-do-bloco\/#article","isPartOf":{"@id":"https:\/\/cleitonpinheiro.com.br\/site\/brasil-assume-presidencia-do-brics-em-meio-a-expansao-do-bloco\/"},"author":{"name":"Reda\u00e7\u00e3o CP","@id":"https:\/\/cleitonpinheiro.com.br\/site\/#\/schema\/person\/8f04544e0bc40a1b68775b08360f87db"},"headline":"Brasil assume presid\u00eancia do Brics em meio \u00e0 expans\u00e3o do bloco","datePublished":"2025-01-02T15:03:11+00:00","dateModified":"2025-01-07T15:04:53+00:00","mainEntityOfPage":{"@id":"https:\/\/cleitonpinheiro.com.br\/site\/brasil-assume-presidencia-do-brics-em-meio-a-expansao-do-bloco\/"},"wordCount":889,"commentCount":0,"publisher":{"@id":"https:\/\/cleitonpinheiro.com.br\/site\/#organization"},"image":{"@id":"https:\/\/cleitonpinheiro.com.br\/site\/brasil-assume-presidencia-do-brics-em-meio-a-expansao-do-bloco\/#primaryimage"},"thumbnailUrl":"https:\/\/cleitonpinheiro.com.br\/site\/wp-content\/uploads\/2025\/01\/izobrazhenie-whatsapp-2024_09_26-v-15.46.29_315803c8.webp","articleSection":["BRASIL \/ MUNDO","NOT\u00cdCIAS EM DESTAQUE","TODAS NOTICIAS"],"inLanguage":"pt-BR","potentialAction":[{"@type":"CommentAction","name":"Comment","target":["https:\/\/cleitonpinheiro.com.br\/site\/brasil-assume-presidencia-do-brics-em-meio-a-expansao-do-bloco\/#respond"]}]},{"@type":"WebPage","@id":"https:\/\/cleitonpinheiro.com.br\/site\/brasil-assume-presidencia-do-brics-em-meio-a-expansao-do-bloco\/","url":"https:\/\/cleitonpinheiro.com.br\/site\/brasil-assume-presidencia-do-brics-em-meio-a-expansao-do-bloco\/","name":"Brasil assume presid\u00eancia do Brics em meio \u00e0 expans\u00e3o do bloco - PORTAL DE NOT\u00cdCIAS CLEITON PINHEIRO","isPartOf":{"@id":"https:\/\/cleitonpinheiro.com.br\/site\/#website"},"primaryImageOfPage":{"@id":"https:\/\/cleitonpinheiro.com.br\/site\/brasil-assume-presidencia-do-brics-em-meio-a-expansao-do-bloco\/#primaryimage"},"image":{"@id":"https:\/\/cleitonpinheiro.com.br\/site\/brasil-assume-presidencia-do-brics-em-meio-a-expansao-do-bloco\/#primaryimage"},"thumbnailUrl":"https:\/\/cleitonpinheiro.com.br\/site\/wp-content\/uploads\/2025\/01\/izobrazhenie-whatsapp-2024_09_26-v-15.46.29_315803c8.webp","datePublished":"2025-01-02T15:03:11+00:00","dateModified":"2025-01-07T15:04:53+00:00","breadcrumb":{"@id":"https:\/\/cleitonpinheiro.com.br\/site\/brasil-assume-presidencia-do-brics-em-meio-a-expansao-do-bloco\/#breadcrumb"},"inLanguage":"pt-BR","potentialAction":[{"@type":"ReadAction","target":["https:\/\/cleitonpinheiro.com.br\/site\/brasil-assume-presidencia-do-brics-em-meio-a-expansao-do-bloco\/"]}]},{"@type":"ImageObject","inLanguage":"pt-BR","@id":"https:\/\/cleitonpinheiro.com.br\/site\/brasil-assume-presidencia-do-brics-em-meio-a-expansao-do-bloco\/#primaryimage","url":"https:\/\/cleitonpinheiro.com.br\/site\/wp-content\/uploads\/2025\/01\/izobrazhenie-whatsapp-2024_09_26-v-15.46.29_315803c8.webp","contentUrl":"https:\/\/cleitonpinheiro.com.br\/site\/wp-content\/uploads\/2025\/01\/izobrazhenie-whatsapp-2024_09_26-v-15.46.29_315803c8.webp","width":1170,"height":700},{"@type":"BreadcrumbList","@id":"https:\/\/cleitonpinheiro.com.br\/site\/brasil-assume-presidencia-do-brics-em-meio-a-expansao-do-bloco\/#breadcrumb","itemListElement":[{"@type":"ListItem","position":1,"name":"In\u00edcio","item":"https:\/\/cleitonpinheiro.com.br\/site\/"},{"@type":"ListItem","position":2,"name":"Brasil assume presid\u00eancia do Brics em meio \u00e0 expans\u00e3o do bloco"}]},{"@type":"WebSite","@id":"https:\/\/cleitonpinheiro.com.br\/site\/#website","url":"https:\/\/cleitonpinheiro.com.br\/site\/","name":"PORTAL DE NOT\u00cdCIAS CLEITON PINHEIRO","description":"FALANDO A VERDADE","publisher":{"@id":"https:\/\/cleitonpinheiro.com.br\/site\/#organization"},"potentialAction":[{"@type":"SearchAction","target":{"@type":"EntryPoint","urlTemplate":"https:\/\/cleitonpinheiro.com.br\/site\/?s={search_term_string}"},"query-input":{"@type":"PropertyValueSpecification","valueRequired":true,"valueName":"search_term_string"}}],"inLanguage":"pt-BR"},{"@type":"Organization","@id":"https:\/\/cleitonpinheiro.com.br\/site\/#organization","name":"CPNOT\u00cdCIAS","url":"https:\/\/cleitonpinheiro.com.br\/site\/","logo":{"@type":"ImageObject","inLanguage":"pt-BR","@id":"https:\/\/cleitonpinheiro.com.br\/site\/#\/schema\/logo\/image\/","url":"https:\/\/cleitonpinheiro.com.br\/site\/wp-content\/uploads\/2022\/08\/Logo-pequena-2.png","contentUrl":"https:\/\/cleitonpinheiro.com.br\/site\/wp-content\/uploads\/2022\/08\/Logo-pequena-2.png","width":500,"height":500,"caption":"CPNOT\u00cdCIAS"},"image":{"@id":"https:\/\/cleitonpinheiro.com.br\/site\/#\/schema\/logo\/image\/"},"sameAs":["https:\/\/www.facebook.com\/portalcpnoticias\/"]},{"@type":"Person","@id":"https:\/\/cleitonpinheiro.com.br\/site\/#\/schema\/person\/8f04544e0bc40a1b68775b08360f87db","name":"Reda\u00e7\u00e3o CP","image":{"@type":"ImageObject","inLanguage":"pt-BR","@id":"https:\/\/cleitonpinheiro.com.br\/site\/#\/schema\/person\/image\/","url":"https:\/\/secure.gravatar.com\/avatar\/0bcf19cb29fdc8fc588c490c7ae1b3e174dac268586a63fbe1d1893a0f9020cd?s=96&r=g","contentUrl":"https:\/\/secure.gravatar.com\/avatar\/0bcf19cb29fdc8fc588c490c7ae1b3e174dac268586a63fbe1d1893a0f9020cd?s=96&r=g","caption":"Reda\u00e7\u00e3o CP"},"url":"https:\/\/cleitonpinheiro.com.br\/site\/author\/redacao\/"}]}},"views":146,"_links":{"self":[{"href":"https:\/\/cleitonpinheiro.com.br\/site\/wp-json\/wp\/v2\/posts\/83929","targetHints":{"allow":["GET"]}}],"collection":[{"href":"https:\/\/cleitonpinheiro.com.br\/site\/wp-json\/wp\/v2\/posts"}],"about":[{"href":"https:\/\/cleitonpinheiro.com.br\/site\/wp-json\/wp\/v2\/types\/post"}],"author":[{"embeddable":true,"href":"https:\/\/cleitonpinheiro.com.br\/site\/wp-json\/wp\/v2\/users\/13"}],"replies":[{"embeddable":true,"href":"https:\/\/cleitonpinheiro.com.br\/site\/wp-json\/wp\/v2\/comments?post=83929"}],"version-history":[{"count":1,"href":"https:\/\/cleitonpinheiro.com.br\/site\/wp-json\/wp\/v2\/posts\/83929\/revisions"}],"predecessor-version":[{"id":83931,"href":"https:\/\/cleitonpinheiro.com.br\/site\/wp-json\/wp\/v2\/posts\/83929\/revisions\/83931"}],"wp:featuredmedia":[{"embeddable":true,"href":"https:\/\/cleitonpinheiro.com.br\/site\/wp-json\/wp\/v2\/media\/83930"}],"wp:attachment":[{"href":"https:\/\/cleitonpinheiro.com.br\/site\/wp-json\/wp\/v2\/media?parent=83929"}],"wp:term":[{"taxonomy":"category","embeddable":true,"href":"https:\/\/cleitonpinheiro.com.br\/site\/wp-json\/wp\/v2\/categories?post=83929"},{"taxonomy":"post_tag","embeddable":true,"href":"https:\/\/cleitonpinheiro.com.br\/site\/wp-json\/wp\/v2\/tags?post=83929"}],"curies":[{"name":"wp","href":"https:\/\/api.w.org\/{rel}","templated":true}]}}