{"id":84185,"date":"2025-01-28T09:10:52","date_gmt":"2025-01-28T12:10:52","guid":{"rendered":"https:\/\/cleitonpinheiro.com.br\/site\/?p=84185"},"modified":"2025-01-28T10:43:24","modified_gmt":"2025-01-28T13:43:24","slug":"prefeitura-de-palmas-saiba-como-solicitar-auxilios-de-saude-alimentacao-e-transporte","status":"publish","type":"post","link":"https:\/\/cleitonpinheiro.com.br\/site\/prefeitura-de-palmas-saiba-como-solicitar-auxilios-de-saude-alimentacao-e-transporte\/","title":{"rendered":"Prefeitura de Palmas: saiba como solicitar aux\u00edlios de sa\u00fade, alimenta\u00e7\u00e3o e transporte"},"content":{"rendered":"\n<figure class=\"wp-block-image size-full\"><img fetchpriority=\"high\" decoding=\"async\" width=\"800\" height=\"533\" src=\"https:\/\/cleitonpinheiro.com.br\/site\/wp-content\/uploads\/2025\/01\/e8fb3c794b9d48feae602084a67c6cfc.jpg\" alt=\"\" class=\"wp-image-84186\" srcset=\"https:\/\/cleitonpinheiro.com.br\/site\/wp-content\/uploads\/2025\/01\/e8fb3c794b9d48feae602084a67c6cfc.jpg 800w, https:\/\/cleitonpinheiro.com.br\/site\/wp-content\/uploads\/2025\/01\/e8fb3c794b9d48feae602084a67c6cfc-300x200.jpg 300w, https:\/\/cleitonpinheiro.com.br\/site\/wp-content\/uploads\/2025\/01\/e8fb3c794b9d48feae602084a67c6cfc-768x512.jpg 768w\" sizes=\"(max-width: 800px) 100vw, 800px\" \/><\/figure>\n\n\n\n<p>Com a chegada de 2025, um n\u00famero significativo de servidores integrou o quadro da Prefeitura de Palmas. Para esses novos colaboradores, \u00e9 essencial compreender como solicitar os benef\u00edcios, como o aux\u00edlio-sa\u00fade, alimenta\u00e7\u00e3o e transporte. Cada secretaria possui um n\u00facleo setorial de recursos humanos, que \u00e9 respons\u00e1vel por criar a matr\u00edcula e a senha de acesso ao Portal do Servidor, onde est\u00e3o disponibilizados o acesso aos benef\u00edcios e tamb\u00e9m ao contra-cheque, comprovante de rendimento e informa\u00e7\u00f5es da movimenta\u00e7\u00e3o funcional.<\/p>\n\n\n\n<p>Ap\u00f3s acessar o Portal do Servidor (https:\/\/www.palmas.to.gov.br\/), o trabalhador poder\u00e1 solicitar os benef\u00edcios nas abas correspondentes. Na aba \u2018aux\u00edlio-sa\u00fade\u2019, devem ser preenchidos os campos com as informa\u00e7\u00f5es do plano de sa\u00fade e dos dependentes, sendo necess\u00e1rio anexar as seguintes documenta\u00e7\u00f5es:<\/p>\n\n\n\n<ul class=\"wp-block-list\">\n<li>declara\u00e7\u00e3o do plano devidamente assinada, contendo ANS (Cadastro na Ag\u00eancia Nacional de Sa\u00fade), valor pago por cada benefici\u00e1rio;<\/li>\n\n\n\n<li>documentos dos dependentes (RG ou Certid\u00e3o de Nascimento);<\/li>\n\n\n\n<li>no caso de c\u00f4njuge certid\u00e3o de casamento ou declara\u00e7\u00e3o de uni\u00e3o est\u00e1vel.<\/li>\n<\/ul>\n\n\n\n<p>Depois da inser\u00e7\u00e3o da documenta\u00e7\u00e3o, \u00e9 s\u00f3 aceitar os termos e enviar a solicita\u00e7\u00e3o ao RH, que analisar\u00e1 a documenta\u00e7\u00e3o e deferir\u00e1 a disponibiliza\u00e7\u00e3o do aux\u00edlio na folha de pagamento.<\/p>\n\n\n\n<p>Caso o servidor queira mudar de plano, o caminho \u00e9 o mesmo, via portal do servidor. No \u00edcone aux\u00edlio-sa\u00fade, deve pedir para sair e em seguida fazer uma nova ades\u00e3o para solicitar um outro aux\u00edlio, anexando todas as documenta\u00e7\u00f5es necess\u00e1rias. Importante destacar que o aux\u00edlio-sa\u00fade \u00e9 disponibilizado apenas para servidores ativos. Trata-se de um ressarcimento mensal de parte do valor pago pelo servidor ao contratar um plano de sa\u00fade autorizado pela Ag\u00eancia Nacional de Sa\u00fade Suplementar (ANS). O valor do aux\u00edlio \u00e9 de at\u00e9 130 Unidades Fiscais de Palmas (Ufips), equivalentes a R$ 600,60, conforme anexo I da Lei N.\u00ba 2.979, de 16 de novembro de 2023. Podem solicitar esse benef\u00edcio os servidores que j\u00e1 possuem um plano de sa\u00fade, mesmo n\u00e3o sendo titulares do plano, mas s\u00e3o benefici\u00e1rios\/dependentes de algum plano familiar.<\/p>\n\n\n\n<p>Al\u00e9m do aux\u00edlio-sa\u00fade, a Prefeitura firmou conv\u00eanio com a Geap Autogest\u00e3o em Sa\u00fade, permitindo que servidores p\u00fablicos municipais, ativos e inativos, possam aderir ao plano de sa\u00fade por ela oferecido.<\/p>\n\n\n\n<p><strong>Aux\u00edlio-alimenta\u00e7\u00e3o<\/strong><\/p>\n\n\n\n<p>J\u00e1 o aux\u00edlio-alimenta\u00e7\u00e3o \u00e9 concedido por meio de cart\u00e3o eletr\u00f4nico magn\u00e9tico, escolhido na aba correspondente no Portal do Servidor. Os valores s\u00e3o de acordo com os vencimentos.&nbsp;<\/p>\n\n\n\n<ul class=\"wp-block-list\">\n<li>R$ 1.000,00 para vencimentos de at\u00e9 R$ 6.060,00;<\/li>\n\n\n\n<li>R$ 800, 00 para vencimentos acima de R$ 6.060,00, sendo pago at\u00e9 o dia 10 de cada m\u00eas.<\/li>\n<\/ul>\n\n\n\n<p>Ao entrar em folha de pagamento, ser\u00e1 gerado automaticamente o benef\u00edcio e o cart\u00e3o eletr\u00f4nico, podendo ser trocado de bandeira na mesma aba do portal.<\/p>\n\n\n\n<p><strong>Aux\u00edlio-transporte<\/strong><\/p>\n\n\n\n<p>O aux\u00edlio-transporte \u00e9 um benef\u00edcio concedido a servidores efetivos, comissionados ou ocupantes de cargos de natureza especial, empregados p\u00fablicos, contratados tempor\u00e1rios e estagi\u00e1rios. O interessado pode procurar seu RH ou o Centro de Atendimento ao Servidor, portando documento de identifica\u00e7\u00e3o com foto, comprovante de endere\u00e7o e o cart\u00e3o cidad\u00e3o fornecido pela Ag\u00eancia de Transporte Coletivo de Palmas \u2013 ATCP.<\/p>\n\n\n\n<p>Ap\u00f3s protocolar a solicita\u00e7\u00e3o, o requerimento ser\u00e1 enviado para folha de pagamento que ap\u00f3s desconto devido, disponibilizar\u00e1 a recarga do cart\u00e3o de transporte. Para servidores com carga hor\u00e1ria di\u00e1ria de trabalho de 6 horas, ser\u00e1 descontado em folha 3% do vencimento base. E para servidores com carga hor\u00e1ria di\u00e1ria de trabalho de 8 horas, desconto de 6% do vencimento base.<\/p>\n","protected":false},"excerpt":{"rendered":"<p>Com a chegada de 2025, um n\u00famero significativo de servidores integrou o quadro da Prefeitura de Palmas. Para esses novos colaboradores, \u00e9 essencial compreender como solicitar os benef\u00edcios, como o aux\u00edlio-sa\u00fade, alimenta\u00e7\u00e3o e transporte. Cada secretaria possui um n\u00facleo setorial de recursos humanos, que \u00e9 respons\u00e1vel por criar a matr\u00edcula e a senha de acesso [&hellip;]<\/p>\n","protected":false},"author":13,"featured_media":84186,"comment_status":"open","ping_status":"open","sticky":false,"template":"","format":"standard","meta":{"_acf_changed":false,"footnotes":""},"categories":[25,898,21],"tags":[],"class_list":["post-84185","post","type-post","status-publish","format-standard","has-post-thumbnail","hentry","category-funcionalismo","category-manchete-segundaria","category-todas-noticias"],"acf":[],"yoast_head":"<!-- This site is optimized with the Yoast SEO plugin v24.4 - https:\/\/yoast.com\/wordpress\/plugins\/seo\/ -->\n<title>Prefeitura de Palmas: saiba como solicitar aux\u00edlios de sa\u00fade, alimenta\u00e7\u00e3o e transporte - PORTAL DE NOT\u00cdCIAS CLEITON PINHEIRO<\/title>\n<meta name=\"robots\" content=\"index, follow, max-snippet:-1, max-image-preview:large, max-video-preview:-1\" \/>\n<link rel=\"canonical\" href=\"https:\/\/cleitonpinheiro.com.br\/site\/prefeitura-de-palmas-saiba-como-solicitar-auxilios-de-saude-alimentacao-e-transporte\/\" \/>\n<meta property=\"og:locale\" content=\"pt_BR\" \/>\n<meta property=\"og:type\" content=\"article\" \/>\n<meta property=\"og:title\" content=\"Prefeitura de Palmas: saiba como solicitar aux\u00edlios de sa\u00fade, alimenta\u00e7\u00e3o e transporte - PORTAL DE NOT\u00cdCIAS CLEITON PINHEIRO\" \/>\n<meta property=\"og:description\" content=\"Com a chegada de 2025, um n\u00famero significativo de servidores integrou o quadro da Prefeitura de Palmas. Para esses novos colaboradores, \u00e9 essencial compreender como solicitar os benef\u00edcios, como o aux\u00edlio-sa\u00fade, alimenta\u00e7\u00e3o e transporte. Cada secretaria possui um n\u00facleo setorial de recursos humanos, que \u00e9 respons\u00e1vel por criar a matr\u00edcula e a senha de acesso [&hellip;]\" \/>\n<meta property=\"og:url\" content=\"https:\/\/cleitonpinheiro.com.br\/site\/prefeitura-de-palmas-saiba-como-solicitar-auxilios-de-saude-alimentacao-e-transporte\/\" \/>\n<meta property=\"og:site_name\" content=\"PORTAL DE NOT\u00cdCIAS CLEITON PINHEIRO\" \/>\n<meta property=\"article:publisher\" content=\"https:\/\/www.facebook.com\/portalcpnoticias\/\" \/>\n<meta property=\"article:published_time\" content=\"2025-01-28T12:10:52+00:00\" \/>\n<meta property=\"article:modified_time\" content=\"2025-01-28T13:43:24+00:00\" \/>\n<meta property=\"og:image\" content=\"https:\/\/cleitonpinheiro.com.br\/site\/wp-content\/uploads\/2025\/01\/e8fb3c794b9d48feae602084a67c6cfc.jpg\" \/>\n\t<meta property=\"og:image:width\" content=\"800\" \/>\n\t<meta property=\"og:image:height\" content=\"533\" \/>\n\t<meta property=\"og:image:type\" content=\"image\/jpeg\" \/>\n<meta name=\"author\" content=\"Reda\u00e7\u00e3o CP\" \/>\n<meta name=\"twitter:card\" content=\"summary_large_image\" \/>\n<meta name=\"twitter:label1\" content=\"Escrito por\" \/>\n\t<meta name=\"twitter:data1\" content=\"Reda\u00e7\u00e3o CP\" \/>\n\t<meta name=\"twitter:label2\" content=\"Est. tempo de leitura\" \/>\n\t<meta name=\"twitter:data2\" content=\"4 minutos\" \/>\n<script type=\"application\/ld+json\" class=\"yoast-schema-graph\">{\"@context\":\"https:\/\/schema.org\",\"@graph\":[{\"@type\":\"Article\",\"@id\":\"https:\/\/cleitonpinheiro.com.br\/site\/prefeitura-de-palmas-saiba-como-solicitar-auxilios-de-saude-alimentacao-e-transporte\/#article\",\"isPartOf\":{\"@id\":\"https:\/\/cleitonpinheiro.com.br\/site\/prefeitura-de-palmas-saiba-como-solicitar-auxilios-de-saude-alimentacao-e-transporte\/\"},\"author\":{\"name\":\"Reda\u00e7\u00e3o CP\",\"@id\":\"https:\/\/cleitonpinheiro.com.br\/site\/#\/schema\/person\/8f04544e0bc40a1b68775b08360f87db\"},\"headline\":\"Prefeitura de Palmas: saiba como solicitar aux\u00edlios de sa\u00fade, alimenta\u00e7\u00e3o e transporte\",\"datePublished\":\"2025-01-28T12:10:52+00:00\",\"dateModified\":\"2025-01-28T13:43:24+00:00\",\"mainEntityOfPage\":{\"@id\":\"https:\/\/cleitonpinheiro.com.br\/site\/prefeitura-de-palmas-saiba-como-solicitar-auxilios-de-saude-alimentacao-e-transporte\/\"},\"wordCount\":638,\"commentCount\":0,\"publisher\":{\"@id\":\"https:\/\/cleitonpinheiro.com.br\/site\/#organization\"},\"image\":{\"@id\":\"https:\/\/cleitonpinheiro.com.br\/site\/prefeitura-de-palmas-saiba-como-solicitar-auxilios-de-saude-alimentacao-e-transporte\/#primaryimage\"},\"thumbnailUrl\":\"https:\/\/cleitonpinheiro.com.br\/site\/wp-content\/uploads\/2025\/01\/e8fb3c794b9d48feae602084a67c6cfc.jpg\",\"articleSection\":[\"FUNCIONALISMO\",\"MANCHETE SEGUND\u00c1RIA\",\"TODAS NOTICIAS\"],\"inLanguage\":\"pt-BR\",\"potentialAction\":[{\"@type\":\"CommentAction\",\"name\":\"Comment\",\"target\":[\"https:\/\/cleitonpinheiro.com.br\/site\/prefeitura-de-palmas-saiba-como-solicitar-auxilios-de-saude-alimentacao-e-transporte\/#respond\"]}]},{\"@type\":\"WebPage\",\"@id\":\"https:\/\/cleitonpinheiro.com.br\/site\/prefeitura-de-palmas-saiba-como-solicitar-auxilios-de-saude-alimentacao-e-transporte\/\",\"url\":\"https:\/\/cleitonpinheiro.com.br\/site\/prefeitura-de-palmas-saiba-como-solicitar-auxilios-de-saude-alimentacao-e-transporte\/\",\"name\":\"Prefeitura de Palmas: saiba como solicitar aux\u00edlios de sa\u00fade, alimenta\u00e7\u00e3o e transporte - PORTAL DE NOT\u00cdCIAS CLEITON PINHEIRO\",\"isPartOf\":{\"@id\":\"https:\/\/cleitonpinheiro.com.br\/site\/#website\"},\"primaryImageOfPage\":{\"@id\":\"https:\/\/cleitonpinheiro.com.br\/site\/prefeitura-de-palmas-saiba-como-solicitar-auxilios-de-saude-alimentacao-e-transporte\/#primaryimage\"},\"image\":{\"@id\":\"https:\/\/cleitonpinheiro.com.br\/site\/prefeitura-de-palmas-saiba-como-solicitar-auxilios-de-saude-alimentacao-e-transporte\/#primaryimage\"},\"thumbnailUrl\":\"https:\/\/cleitonpinheiro.com.br\/site\/wp-content\/uploads\/2025\/01\/e8fb3c794b9d48feae602084a67c6cfc.jpg\",\"datePublished\":\"2025-01-28T12:10:52+00:00\",\"dateModified\":\"2025-01-28T13:43:24+00:00\",\"breadcrumb\":{\"@id\":\"https:\/\/cleitonpinheiro.com.br\/site\/prefeitura-de-palmas-saiba-como-solicitar-auxilios-de-saude-alimentacao-e-transporte\/#breadcrumb\"},\"inLanguage\":\"pt-BR\",\"potentialAction\":[{\"@type\":\"ReadAction\",\"target\":[\"https:\/\/cleitonpinheiro.com.br\/site\/prefeitura-de-palmas-saiba-como-solicitar-auxilios-de-saude-alimentacao-e-transporte\/\"]}]},{\"@type\":\"ImageObject\",\"inLanguage\":\"pt-BR\",\"@id\":\"https:\/\/cleitonpinheiro.com.br\/site\/prefeitura-de-palmas-saiba-como-solicitar-auxilios-de-saude-alimentacao-e-transporte\/#primaryimage\",\"url\":\"https:\/\/cleitonpinheiro.com.br\/site\/wp-content\/uploads\/2025\/01\/e8fb3c794b9d48feae602084a67c6cfc.jpg\",\"contentUrl\":\"https:\/\/cleitonpinheiro.com.br\/site\/wp-content\/uploads\/2025\/01\/e8fb3c794b9d48feae602084a67c6cfc.jpg\",\"width\":800,\"height\":533},{\"@type\":\"BreadcrumbList\",\"@id\":\"https:\/\/cleitonpinheiro.com.br\/site\/prefeitura-de-palmas-saiba-como-solicitar-auxilios-de-saude-alimentacao-e-transporte\/#breadcrumb\",\"itemListElement\":[{\"@type\":\"ListItem\",\"position\":1,\"name\":\"In\u00edcio\",\"item\":\"https:\/\/cleitonpinheiro.com.br\/site\/\"},{\"@type\":\"ListItem\",\"position\":2,\"name\":\"Prefeitura de Palmas: saiba como solicitar aux\u00edlios de sa\u00fade, alimenta\u00e7\u00e3o e transporte\"}]},{\"@type\":\"WebSite\",\"@id\":\"https:\/\/cleitonpinheiro.com.br\/site\/#website\",\"url\":\"https:\/\/cleitonpinheiro.com.br\/site\/\",\"name\":\"PORTAL DE NOT\u00cdCIAS CLEITON PINHEIRO\",\"description\":\"FALANDO A VERDADE\",\"publisher\":{\"@id\":\"https:\/\/cleitonpinheiro.com.br\/site\/#organization\"},\"potentialAction\":[{\"@type\":\"SearchAction\",\"target\":{\"@type\":\"EntryPoint\",\"urlTemplate\":\"https:\/\/cleitonpinheiro.com.br\/site\/?s={search_term_string}\"},\"query-input\":{\"@type\":\"PropertyValueSpecification\",\"valueRequired\":true,\"valueName\":\"search_term_string\"}}],\"inLanguage\":\"pt-BR\"},{\"@type\":\"Organization\",\"@id\":\"https:\/\/cleitonpinheiro.com.br\/site\/#organization\",\"name\":\"CPNOT\u00cdCIAS\",\"url\":\"https:\/\/cleitonpinheiro.com.br\/site\/\",\"logo\":{\"@type\":\"ImageObject\",\"inLanguage\":\"pt-BR\",\"@id\":\"https:\/\/cleitonpinheiro.com.br\/site\/#\/schema\/logo\/image\/\",\"url\":\"https:\/\/cleitonpinheiro.com.br\/site\/wp-content\/uploads\/2022\/08\/Logo-pequena-2.png\",\"contentUrl\":\"https:\/\/cleitonpinheiro.com.br\/site\/wp-content\/uploads\/2022\/08\/Logo-pequena-2.png\",\"width\":500,\"height\":500,\"caption\":\"CPNOT\u00cdCIAS\"},\"image\":{\"@id\":\"https:\/\/cleitonpinheiro.com.br\/site\/#\/schema\/logo\/image\/\"},\"sameAs\":[\"https:\/\/www.facebook.com\/portalcpnoticias\/\"]},{\"@type\":\"Person\",\"@id\":\"https:\/\/cleitonpinheiro.com.br\/site\/#\/schema\/person\/8f04544e0bc40a1b68775b08360f87db\",\"name\":\"Reda\u00e7\u00e3o CP\",\"image\":{\"@type\":\"ImageObject\",\"inLanguage\":\"pt-BR\",\"@id\":\"https:\/\/cleitonpinheiro.com.br\/site\/#\/schema\/person\/image\/\",\"url\":\"https:\/\/secure.gravatar.com\/avatar\/0bcf19cb29fdc8fc588c490c7ae1b3e174dac268586a63fbe1d1893a0f9020cd?s=96&r=g\",\"contentUrl\":\"https:\/\/secure.gravatar.com\/avatar\/0bcf19cb29fdc8fc588c490c7ae1b3e174dac268586a63fbe1d1893a0f9020cd?s=96&r=g\",\"caption\":\"Reda\u00e7\u00e3o CP\"},\"url\":\"https:\/\/cleitonpinheiro.com.br\/site\/author\/redacao\/\"}]}<\/script>\n<!-- \/ Yoast SEO plugin. -->","yoast_head_json":{"title":"Prefeitura de Palmas: saiba como solicitar aux\u00edlios de sa\u00fade, alimenta\u00e7\u00e3o e transporte - PORTAL DE NOT\u00cdCIAS CLEITON PINHEIRO","robots":{"index":"index","follow":"follow","max-snippet":"max-snippet:-1","max-image-preview":"max-image-preview:large","max-video-preview":"max-video-preview:-1"},"canonical":"https:\/\/cleitonpinheiro.com.br\/site\/prefeitura-de-palmas-saiba-como-solicitar-auxilios-de-saude-alimentacao-e-transporte\/","og_locale":"pt_BR","og_type":"article","og_title":"Prefeitura de Palmas: saiba como solicitar aux\u00edlios de sa\u00fade, alimenta\u00e7\u00e3o e transporte - PORTAL DE NOT\u00cdCIAS CLEITON PINHEIRO","og_description":"Com a chegada de 2025, um n\u00famero significativo de servidores integrou o quadro da Prefeitura de Palmas. Para esses novos colaboradores, \u00e9 essencial compreender como solicitar os benef\u00edcios, como o aux\u00edlio-sa\u00fade, alimenta\u00e7\u00e3o e transporte. Cada secretaria possui um n\u00facleo setorial de recursos humanos, que \u00e9 respons\u00e1vel por criar a matr\u00edcula e a senha de acesso [&hellip;]","og_url":"https:\/\/cleitonpinheiro.com.br\/site\/prefeitura-de-palmas-saiba-como-solicitar-auxilios-de-saude-alimentacao-e-transporte\/","og_site_name":"PORTAL DE NOT\u00cdCIAS CLEITON PINHEIRO","article_publisher":"https:\/\/www.facebook.com\/portalcpnoticias\/","article_published_time":"2025-01-28T12:10:52+00:00","article_modified_time":"2025-01-28T13:43:24+00:00","og_image":[{"width":800,"height":533,"url":"https:\/\/cleitonpinheiro.com.br\/site\/wp-content\/uploads\/2025\/01\/e8fb3c794b9d48feae602084a67c6cfc.jpg","type":"image\/jpeg"}],"author":"Reda\u00e7\u00e3o CP","twitter_card":"summary_large_image","twitter_misc":{"Escrito por":"Reda\u00e7\u00e3o CP","Est. tempo de leitura":"4 minutos"},"schema":{"@context":"https:\/\/schema.org","@graph":[{"@type":"Article","@id":"https:\/\/cleitonpinheiro.com.br\/site\/prefeitura-de-palmas-saiba-como-solicitar-auxilios-de-saude-alimentacao-e-transporte\/#article","isPartOf":{"@id":"https:\/\/cleitonpinheiro.com.br\/site\/prefeitura-de-palmas-saiba-como-solicitar-auxilios-de-saude-alimentacao-e-transporte\/"},"author":{"name":"Reda\u00e7\u00e3o CP","@id":"https:\/\/cleitonpinheiro.com.br\/site\/#\/schema\/person\/8f04544e0bc40a1b68775b08360f87db"},"headline":"Prefeitura de Palmas: saiba como solicitar aux\u00edlios de sa\u00fade, alimenta\u00e7\u00e3o e transporte","datePublished":"2025-01-28T12:10:52+00:00","dateModified":"2025-01-28T13:43:24+00:00","mainEntityOfPage":{"@id":"https:\/\/cleitonpinheiro.com.br\/site\/prefeitura-de-palmas-saiba-como-solicitar-auxilios-de-saude-alimentacao-e-transporte\/"},"wordCount":638,"commentCount":0,"publisher":{"@id":"https:\/\/cleitonpinheiro.com.br\/site\/#organization"},"image":{"@id":"https:\/\/cleitonpinheiro.com.br\/site\/prefeitura-de-palmas-saiba-como-solicitar-auxilios-de-saude-alimentacao-e-transporte\/#primaryimage"},"thumbnailUrl":"https:\/\/cleitonpinheiro.com.br\/site\/wp-content\/uploads\/2025\/01\/e8fb3c794b9d48feae602084a67c6cfc.jpg","articleSection":["FUNCIONALISMO","MANCHETE SEGUND\u00c1RIA","TODAS NOTICIAS"],"inLanguage":"pt-BR","potentialAction":[{"@type":"CommentAction","name":"Comment","target":["https:\/\/cleitonpinheiro.com.br\/site\/prefeitura-de-palmas-saiba-como-solicitar-auxilios-de-saude-alimentacao-e-transporte\/#respond"]}]},{"@type":"WebPage","@id":"https:\/\/cleitonpinheiro.com.br\/site\/prefeitura-de-palmas-saiba-como-solicitar-auxilios-de-saude-alimentacao-e-transporte\/","url":"https:\/\/cleitonpinheiro.com.br\/site\/prefeitura-de-palmas-saiba-como-solicitar-auxilios-de-saude-alimentacao-e-transporte\/","name":"Prefeitura de Palmas: saiba como solicitar aux\u00edlios de sa\u00fade, alimenta\u00e7\u00e3o e transporte - PORTAL DE NOT\u00cdCIAS CLEITON PINHEIRO","isPartOf":{"@id":"https:\/\/cleitonpinheiro.com.br\/site\/#website"},"primaryImageOfPage":{"@id":"https:\/\/cleitonpinheiro.com.br\/site\/prefeitura-de-palmas-saiba-como-solicitar-auxilios-de-saude-alimentacao-e-transporte\/#primaryimage"},"image":{"@id":"https:\/\/cleitonpinheiro.com.br\/site\/prefeitura-de-palmas-saiba-como-solicitar-auxilios-de-saude-alimentacao-e-transporte\/#primaryimage"},"thumbnailUrl":"https:\/\/cleitonpinheiro.com.br\/site\/wp-content\/uploads\/2025\/01\/e8fb3c794b9d48feae602084a67c6cfc.jpg","datePublished":"2025-01-28T12:10:52+00:00","dateModified":"2025-01-28T13:43:24+00:00","breadcrumb":{"@id":"https:\/\/cleitonpinheiro.com.br\/site\/prefeitura-de-palmas-saiba-como-solicitar-auxilios-de-saude-alimentacao-e-transporte\/#breadcrumb"},"inLanguage":"pt-BR","potentialAction":[{"@type":"ReadAction","target":["https:\/\/cleitonpinheiro.com.br\/site\/prefeitura-de-palmas-saiba-como-solicitar-auxilios-de-saude-alimentacao-e-transporte\/"]}]},{"@type":"ImageObject","inLanguage":"pt-BR","@id":"https:\/\/cleitonpinheiro.com.br\/site\/prefeitura-de-palmas-saiba-como-solicitar-auxilios-de-saude-alimentacao-e-transporte\/#primaryimage","url":"https:\/\/cleitonpinheiro.com.br\/site\/wp-content\/uploads\/2025\/01\/e8fb3c794b9d48feae602084a67c6cfc.jpg","contentUrl":"https:\/\/cleitonpinheiro.com.br\/site\/wp-content\/uploads\/2025\/01\/e8fb3c794b9d48feae602084a67c6cfc.jpg","width":800,"height":533},{"@type":"BreadcrumbList","@id":"https:\/\/cleitonpinheiro.com.br\/site\/prefeitura-de-palmas-saiba-como-solicitar-auxilios-de-saude-alimentacao-e-transporte\/#breadcrumb","itemListElement":[{"@type":"ListItem","position":1,"name":"In\u00edcio","item":"https:\/\/cleitonpinheiro.com.br\/site\/"},{"@type":"ListItem","position":2,"name":"Prefeitura de Palmas: saiba como solicitar aux\u00edlios de sa\u00fade, alimenta\u00e7\u00e3o e transporte"}]},{"@type":"WebSite","@id":"https:\/\/cleitonpinheiro.com.br\/site\/#website","url":"https:\/\/cleitonpinheiro.com.br\/site\/","name":"PORTAL DE NOT\u00cdCIAS CLEITON PINHEIRO","description":"FALANDO A VERDADE","publisher":{"@id":"https:\/\/cleitonpinheiro.com.br\/site\/#organization"},"potentialAction":[{"@type":"SearchAction","target":{"@type":"EntryPoint","urlTemplate":"https:\/\/cleitonpinheiro.com.br\/site\/?s={search_term_string}"},"query-input":{"@type":"PropertyValueSpecification","valueRequired":true,"valueName":"search_term_string"}}],"inLanguage":"pt-BR"},{"@type":"Organization","@id":"https:\/\/cleitonpinheiro.com.br\/site\/#organization","name":"CPNOT\u00cdCIAS","url":"https:\/\/cleitonpinheiro.com.br\/site\/","logo":{"@type":"ImageObject","inLanguage":"pt-BR","@id":"https:\/\/cleitonpinheiro.com.br\/site\/#\/schema\/logo\/image\/","url":"https:\/\/cleitonpinheiro.com.br\/site\/wp-content\/uploads\/2022\/08\/Logo-pequena-2.png","contentUrl":"https:\/\/cleitonpinheiro.com.br\/site\/wp-content\/uploads\/2022\/08\/Logo-pequena-2.png","width":500,"height":500,"caption":"CPNOT\u00cdCIAS"},"image":{"@id":"https:\/\/cleitonpinheiro.com.br\/site\/#\/schema\/logo\/image\/"},"sameAs":["https:\/\/www.facebook.com\/portalcpnoticias\/"]},{"@type":"Person","@id":"https:\/\/cleitonpinheiro.com.br\/site\/#\/schema\/person\/8f04544e0bc40a1b68775b08360f87db","name":"Reda\u00e7\u00e3o CP","image":{"@type":"ImageObject","inLanguage":"pt-BR","@id":"https:\/\/cleitonpinheiro.com.br\/site\/#\/schema\/person\/image\/","url":"https:\/\/secure.gravatar.com\/avatar\/0bcf19cb29fdc8fc588c490c7ae1b3e174dac268586a63fbe1d1893a0f9020cd?s=96&r=g","contentUrl":"https:\/\/secure.gravatar.com\/avatar\/0bcf19cb29fdc8fc588c490c7ae1b3e174dac268586a63fbe1d1893a0f9020cd?s=96&r=g","caption":"Reda\u00e7\u00e3o CP"},"url":"https:\/\/cleitonpinheiro.com.br\/site\/author\/redacao\/"}]}},"views":179,"_links":{"self":[{"href":"https:\/\/cleitonpinheiro.com.br\/site\/wp-json\/wp\/v2\/posts\/84185","targetHints":{"allow":["GET"]}}],"collection":[{"href":"https:\/\/cleitonpinheiro.com.br\/site\/wp-json\/wp\/v2\/posts"}],"about":[{"href":"https:\/\/cleitonpinheiro.com.br\/site\/wp-json\/wp\/v2\/types\/post"}],"author":[{"embeddable":true,"href":"https:\/\/cleitonpinheiro.com.br\/site\/wp-json\/wp\/v2\/users\/13"}],"replies":[{"embeddable":true,"href":"https:\/\/cleitonpinheiro.com.br\/site\/wp-json\/wp\/v2\/comments?post=84185"}],"version-history":[{"count":1,"href":"https:\/\/cleitonpinheiro.com.br\/site\/wp-json\/wp\/v2\/posts\/84185\/revisions"}],"predecessor-version":[{"id":84187,"href":"https:\/\/cleitonpinheiro.com.br\/site\/wp-json\/wp\/v2\/posts\/84185\/revisions\/84187"}],"wp:featuredmedia":[{"embeddable":true,"href":"https:\/\/cleitonpinheiro.com.br\/site\/wp-json\/wp\/v2\/media\/84186"}],"wp:attachment":[{"href":"https:\/\/cleitonpinheiro.com.br\/site\/wp-json\/wp\/v2\/media?parent=84185"}],"wp:term":[{"taxonomy":"category","embeddable":true,"href":"https:\/\/cleitonpinheiro.com.br\/site\/wp-json\/wp\/v2\/categories?post=84185"},{"taxonomy":"post_tag","embeddable":true,"href":"https:\/\/cleitonpinheiro.com.br\/site\/wp-json\/wp\/v2\/tags?post=84185"}],"curies":[{"name":"wp","href":"https:\/\/api.w.org\/{rel}","templated":true}]}}