{"id":84715,"date":"2025-02-26T14:22:58","date_gmt":"2025-02-26T17:22:58","guid":{"rendered":"https:\/\/cleitonpinheiro.com.br\/site\/?p=84715"},"modified":"2025-02-26T14:23:05","modified_gmt":"2025-02-26T17:23:05","slug":"governador-wanderlei-barbosa-anuncia-show-da-dupla-bruno-e-marrone-na-agrotins-2025","status":"publish","type":"post","link":"https:\/\/cleitonpinheiro.com.br\/site\/governador-wanderlei-barbosa-anuncia-show-da-dupla-bruno-e-marrone-na-agrotins-2025\/","title":{"rendered":"Governador Wanderlei Barbosa anuncia show da dupla Bruno e Marrone na Agrotins 2025"},"content":{"rendered":"\n<figure class=\"wp-block-image size-full\"><img fetchpriority=\"high\" decoding=\"async\" width=\"883\" height=\"546\" src=\"https:\/\/cleitonpinheiro.com.br\/site\/wp-content\/uploads\/2025\/02\/414420.jpg\" alt=\"\" class=\"wp-image-84716\" srcset=\"https:\/\/cleitonpinheiro.com.br\/site\/wp-content\/uploads\/2025\/02\/414420.jpg 883w, https:\/\/cleitonpinheiro.com.br\/site\/wp-content\/uploads\/2025\/02\/414420-300x186.jpg 300w, https:\/\/cleitonpinheiro.com.br\/site\/wp-content\/uploads\/2025\/02\/414420-768x475.jpg 768w\" sizes=\"(max-width: 883px) 100vw, 883px\" \/><figcaption class=\"wp-element-caption\">Foto: Ant\u00f4nio Gon\u00e7alves\/Governo do Tocantins<\/figcaption><\/figure>\n\n\n\n<p>O governador do Tocantins, Wanderlei Barbosa, acompanhado da primeira-dama e secret\u00e1ria extraordin\u00e1ria de Participa\u00e7\u00f5es Sociais, Karynne Sotero, anunciou nesta ter\u00e7a-feira, 25, durante visita ao Parque Agrotecnol\u00f3gico Engenheiro Agr\u00f4nomo Mauro Mendanha, em Palmas, o lan\u00e7amento da 25\u00aa edi\u00e7\u00e3o da Feira de Tecnologia Agropecu\u00e1ria do Tocantins (Agrotins) para o dia 31 de mar\u00e7o, no Pal\u00e1cio Araguaia Governador Jos\u00e9 Wilson Siqueira Campos.&nbsp;<\/p>\n\n\n\n<p>A feira, que \u00e9 a maior da Regi\u00e3o Norte do pa\u00eds no segmento agropecu\u00e1rio, ter\u00e1 como tema&nbsp;<em>AgroEvolu\u00e7\u00e3o<\/em>&nbsp;e ocorrer\u00e1 entre os dias 13 e 17 de maio, com show da dupla sertaneja Bruno e Marrone no dia 15.&nbsp;<\/p>\n\n\n\n<p>Na oportunidade, o chefe do Executivo refor\u00e7ou a relev\u00e2ncia da utiliza\u00e7\u00e3o cont\u00ednua do Parque Agrotecnol\u00f3gico, para al\u00e9m da Agrotins, com atividades variadas durante todo o ano, a exemplo de shows culturais. \u201cA Agrotins \u00e9 do povo, ent\u00e3o precisamos de um ambiente utiliz\u00e1vel o ano inteiro. N\u00f3s investimos na infraestrutura total e queremos as secretarias unidas para promo\u00e7\u00e3o de atividades cont\u00ednuas. Temos, tamb\u00e9m, a praia e \u00e1rea de lazer para explorar. Na Agrotins deste ano, por exemplo, vamos trazer Bruno e Marrone para cantar aqui no dia 15 de maio\u201d, anunciou o governador Wanderlei Barbosa.&nbsp;<\/p>\n\n\n\n<p>O secret\u00e1rio de Estado da Agricultura e Pecu\u00e1ria, Jaime Caf\u00e9, destacou que a 25\u00aa edi\u00e7\u00e3o contar\u00e1 com 1,2 mil expositores e a expectativa de movimenta\u00e7\u00e3o financeira \u00e9 de R$ 4,5 bilh\u00f5es. \u201cNeste ano, o Governo do Tocantins estrutura e melhora as condi\u00e7\u00f5es tanto para o expositor quanto para o visitante, com pavimenta\u00e7\u00e3o e um espa\u00e7o \u00e0 altura do nosso empreendedor. A nossa expectativa \u00e9 que mais de 250 mil pessoas visitem a Agrotins nos cinco dias de evento. Agradecemos ao governador Wanderlei Barbosa por perceber e entender a import\u00e2ncia desse evento para a economia, o social e todo o Tocantins\u201d, pontuou o secret\u00e1rio.&nbsp;<\/p>\n\n\n\n<p><strong>Rede de energia exclusiva<\/strong><\/p>\n\n\n\n<p>Uma das novidades da edi\u00e7\u00e3o deste ano, al\u00e9m das obras de pavimenta\u00e7\u00e3o em bloquete para reestrutura\u00e7\u00e3o e moderniza\u00e7\u00e3o completa do espa\u00e7o, \u00e9 a instala\u00e7\u00e3o de uma rede de energia el\u00e9trica exclusiva, realizada pelo Governo do Tocantins, por meio de contrato com o Grupo Energisa. O investimento de R$ 1,3 milh\u00e3o visa aprimorar a rede el\u00e9trica.<\/p>\n\n\n\n<p>As instala\u00e7\u00f5es el\u00e9tricas ter\u00e3o capacidade de 3 megawatts (MW) para atender os 1,2 mil expositores previstos para a Agrotins, al\u00e9m dos demais eventos ao longo do ano, conforme o plano de implementa\u00e7\u00e3o citado pelo governador Wanderlei Barbosa.&nbsp;<\/p>\n\n\n\n<p>O diretor-presidente da Energisa Tocantins, Alessandro Brum, enfatizou que a rede de energia estar\u00e1 pronta no final de abril e em pleno funcionamento para a Agrotins 2025. \u201cEstamos finalizando uma rede exclusiva, que ficar\u00e1 dispon\u00edvel exclusivamente como uma segunda op\u00e7\u00e3o. Teremos um refor\u00e7o para o atendimento da Agrotins, al\u00e9m de toda a reforma que vamos realizar internamente. Ent\u00e3o, toda a rede el\u00e9trica estar\u00e1 preparada para tudo o que for necess\u00e1rio\u201d, salientou o diretor-presidente.&nbsp;<\/p>\n\n\n\n<p><strong>Pavimenta\u00e7\u00e3o&nbsp;<\/strong><\/p>\n\n\n\n<p>Na ocasi\u00e3o, o secret\u00e1rio de Estado da Ind\u00fastria, Com\u00e9rcio e Servi\u00e7os, Carlos Humberto Lima, pontuou que a entrega da pavimenta\u00e7\u00e3o em bloquete, realizada em todo o parque, ocorrer\u00e1 nas pr\u00f3ximas semanas. \u201cA Agrotins \u00e9 o maior evento econ\u00f4mico que temos no nosso estado, ent\u00e3o precisa ser sempre bem elaborada. O Governo do Tocantins, por meio do Pics [Programa de Impulsionamento de Ind\u00fastria, Com\u00e9rcio e Servi\u00e7o do Tocantins], est\u00e1 finalizando a infraestrutura total e definitiva do parque. Faltam poucos metros de pavimenta\u00e7\u00e3o em bloquete na parte do estacionamento externo, mas que ser\u00e3o conclu\u00eddos em breve\u201d, concluiu.&nbsp;<\/p>\n\n\n\n<p><strong>Agrotins&nbsp;<\/strong><\/p>\n\n\n\n<p>A Agrotins \u00e9 considerada a maior feira da Regi\u00e3o Norte do pa\u00eds no segmento agropecu\u00e1rio e ocorre anualmente no m\u00eas de maio, no Parque Agrotecnol\u00f3gico Engenheiro Agr\u00f4nomo Mauro Medanha, em Palmas. Este ano, com o tema&nbsp;<em>AgroEvolu\u00e7\u00e3o<\/em>, a feira ser\u00e1 realizada entre os dias 13 e 17 de maio.<\/p>\n\n\n\n<p>A feira \u00e9 uma realiza\u00e7\u00e3o do Governo do Tocantins, por meio da Secretaria de Estado da Agricultura e Pecu\u00e1ria (Seagro), da Ag\u00eancia de Defesa Agropecu\u00e1ria (Adapec), do Instituto de Desenvolvimento Rural do Tocantins (Ruraltins), da Funda\u00e7\u00e3o de Amparo \u00e0 Pesquisa do Tocantins (Fapt) e da Tocantins Parcerias, em conjunto com empresas do agroneg\u00f3cio, \u00f3rg\u00e3os p\u00fablicos e institui\u00e7\u00f5es educacionais e de pesquisas.<\/p>\n","protected":false},"excerpt":{"rendered":"<p>O governador do Tocantins, Wanderlei Barbosa, acompanhado da primeira-dama e secret\u00e1ria extraordin\u00e1ria de Participa\u00e7\u00f5es Sociais, Karynne Sotero, anunciou nesta ter\u00e7a-feira, 25, durante visita ao Parque Agrotecnol\u00f3gico Engenheiro Agr\u00f4nomo Mauro Mendanha, em Palmas, o lan\u00e7amento da 25\u00aa edi\u00e7\u00e3o da Feira de Tecnologia Agropecu\u00e1ria do Tocantins (Agrotins) para o dia 31 de mar\u00e7o, no Pal\u00e1cio Araguaia Governador [&hellip;]<\/p>\n","protected":false},"author":13,"featured_media":84716,"comment_status":"open","ping_status":"open","sticky":false,"template":"","format":"standard","meta":{"_acf_changed":false,"footnotes":""},"categories":[8,898,21],"tags":[94],"class_list":["post-84715","post","type-post","status-publish","format-standard","has-post-thumbnail","hentry","category-estado","category-manchete-segundaria","category-todas-noticias","tag-governo-do-tocantins"],"acf":[],"yoast_head":"<!-- This site is optimized with the Yoast SEO plugin v24.4 - https:\/\/yoast.com\/wordpress\/plugins\/seo\/ -->\n<title>Governador Wanderlei Barbosa anuncia show da dupla Bruno e Marrone na Agrotins 2025 - PORTAL DE NOT\u00cdCIAS CLEITON PINHEIRO<\/title>\n<meta name=\"robots\" content=\"index, follow, max-snippet:-1, max-image-preview:large, max-video-preview:-1\" \/>\n<link rel=\"canonical\" href=\"https:\/\/cleitonpinheiro.com.br\/site\/governador-wanderlei-barbosa-anuncia-show-da-dupla-bruno-e-marrone-na-agrotins-2025\/\" \/>\n<meta property=\"og:locale\" content=\"pt_BR\" \/>\n<meta property=\"og:type\" content=\"article\" \/>\n<meta property=\"og:title\" content=\"Governador Wanderlei Barbosa anuncia show da dupla Bruno e Marrone na Agrotins 2025 - PORTAL DE NOT\u00cdCIAS CLEITON PINHEIRO\" \/>\n<meta property=\"og:description\" content=\"O governador do Tocantins, Wanderlei Barbosa, acompanhado da primeira-dama e secret\u00e1ria extraordin\u00e1ria de Participa\u00e7\u00f5es Sociais, Karynne Sotero, anunciou nesta ter\u00e7a-feira, 25, durante visita ao Parque Agrotecnol\u00f3gico Engenheiro Agr\u00f4nomo Mauro Mendanha, em Palmas, o lan\u00e7amento da 25\u00aa edi\u00e7\u00e3o da Feira de Tecnologia Agropecu\u00e1ria do Tocantins (Agrotins) para o dia 31 de mar\u00e7o, no Pal\u00e1cio Araguaia Governador [&hellip;]\" \/>\n<meta property=\"og:url\" content=\"https:\/\/cleitonpinheiro.com.br\/site\/governador-wanderlei-barbosa-anuncia-show-da-dupla-bruno-e-marrone-na-agrotins-2025\/\" \/>\n<meta property=\"og:site_name\" content=\"PORTAL DE NOT\u00cdCIAS CLEITON PINHEIRO\" \/>\n<meta property=\"article:publisher\" content=\"https:\/\/www.facebook.com\/portalcpnoticias\/\" \/>\n<meta property=\"article:published_time\" content=\"2025-02-26T17:22:58+00:00\" \/>\n<meta property=\"article:modified_time\" content=\"2025-02-26T17:23:05+00:00\" \/>\n<meta property=\"og:image\" content=\"https:\/\/cleitonpinheiro.com.br\/site\/wp-content\/uploads\/2025\/02\/414420.jpg\" \/>\n\t<meta property=\"og:image:width\" content=\"883\" \/>\n\t<meta property=\"og:image:height\" content=\"546\" \/>\n\t<meta property=\"og:image:type\" content=\"image\/jpeg\" \/>\n<meta name=\"author\" content=\"Reda\u00e7\u00e3o CP\" \/>\n<meta name=\"twitter:card\" content=\"summary_large_image\" \/>\n<meta name=\"twitter:label1\" content=\"Escrito por\" \/>\n\t<meta name=\"twitter:data1\" content=\"Reda\u00e7\u00e3o CP\" \/>\n\t<meta name=\"twitter:label2\" content=\"Est. tempo de leitura\" \/>\n\t<meta name=\"twitter:data2\" content=\"5 minutos\" \/>\n<script type=\"application\/ld+json\" class=\"yoast-schema-graph\">{\"@context\":\"https:\/\/schema.org\",\"@graph\":[{\"@type\":\"Article\",\"@id\":\"https:\/\/cleitonpinheiro.com.br\/site\/governador-wanderlei-barbosa-anuncia-show-da-dupla-bruno-e-marrone-na-agrotins-2025\/#article\",\"isPartOf\":{\"@id\":\"https:\/\/cleitonpinheiro.com.br\/site\/governador-wanderlei-barbosa-anuncia-show-da-dupla-bruno-e-marrone-na-agrotins-2025\/\"},\"author\":{\"name\":\"Reda\u00e7\u00e3o CP\",\"@id\":\"https:\/\/cleitonpinheiro.com.br\/site\/#\/schema\/person\/8f04544e0bc40a1b68775b08360f87db\"},\"headline\":\"Governador Wanderlei Barbosa anuncia show da dupla Bruno e Marrone na Agrotins 2025\",\"datePublished\":\"2025-02-26T17:22:58+00:00\",\"dateModified\":\"2025-02-26T17:23:05+00:00\",\"mainEntityOfPage\":{\"@id\":\"https:\/\/cleitonpinheiro.com.br\/site\/governador-wanderlei-barbosa-anuncia-show-da-dupla-bruno-e-marrone-na-agrotins-2025\/\"},\"wordCount\":767,\"commentCount\":0,\"publisher\":{\"@id\":\"https:\/\/cleitonpinheiro.com.br\/site\/#organization\"},\"image\":{\"@id\":\"https:\/\/cleitonpinheiro.com.br\/site\/governador-wanderlei-barbosa-anuncia-show-da-dupla-bruno-e-marrone-na-agrotins-2025\/#primaryimage\"},\"thumbnailUrl\":\"https:\/\/cleitonpinheiro.com.br\/site\/wp-content\/uploads\/2025\/02\/414420.jpg\",\"keywords\":[\"governo do tocantins\"],\"articleSection\":[\"ESTADO\",\"MANCHETE SEGUND\u00c1RIA\",\"TODAS NOTICIAS\"],\"inLanguage\":\"pt-BR\",\"potentialAction\":[{\"@type\":\"CommentAction\",\"name\":\"Comment\",\"target\":[\"https:\/\/cleitonpinheiro.com.br\/site\/governador-wanderlei-barbosa-anuncia-show-da-dupla-bruno-e-marrone-na-agrotins-2025\/#respond\"]}]},{\"@type\":\"WebPage\",\"@id\":\"https:\/\/cleitonpinheiro.com.br\/site\/governador-wanderlei-barbosa-anuncia-show-da-dupla-bruno-e-marrone-na-agrotins-2025\/\",\"url\":\"https:\/\/cleitonpinheiro.com.br\/site\/governador-wanderlei-barbosa-anuncia-show-da-dupla-bruno-e-marrone-na-agrotins-2025\/\",\"name\":\"Governador Wanderlei Barbosa anuncia show da dupla Bruno e Marrone na Agrotins 2025 - PORTAL DE NOT\u00cdCIAS CLEITON PINHEIRO\",\"isPartOf\":{\"@id\":\"https:\/\/cleitonpinheiro.com.br\/site\/#website\"},\"primaryImageOfPage\":{\"@id\":\"https:\/\/cleitonpinheiro.com.br\/site\/governador-wanderlei-barbosa-anuncia-show-da-dupla-bruno-e-marrone-na-agrotins-2025\/#primaryimage\"},\"image\":{\"@id\":\"https:\/\/cleitonpinheiro.com.br\/site\/governador-wanderlei-barbosa-anuncia-show-da-dupla-bruno-e-marrone-na-agrotins-2025\/#primaryimage\"},\"thumbnailUrl\":\"https:\/\/cleitonpinheiro.com.br\/site\/wp-content\/uploads\/2025\/02\/414420.jpg\",\"datePublished\":\"2025-02-26T17:22:58+00:00\",\"dateModified\":\"2025-02-26T17:23:05+00:00\",\"breadcrumb\":{\"@id\":\"https:\/\/cleitonpinheiro.com.br\/site\/governador-wanderlei-barbosa-anuncia-show-da-dupla-bruno-e-marrone-na-agrotins-2025\/#breadcrumb\"},\"inLanguage\":\"pt-BR\",\"potentialAction\":[{\"@type\":\"ReadAction\",\"target\":[\"https:\/\/cleitonpinheiro.com.br\/site\/governador-wanderlei-barbosa-anuncia-show-da-dupla-bruno-e-marrone-na-agrotins-2025\/\"]}]},{\"@type\":\"ImageObject\",\"inLanguage\":\"pt-BR\",\"@id\":\"https:\/\/cleitonpinheiro.com.br\/site\/governador-wanderlei-barbosa-anuncia-show-da-dupla-bruno-e-marrone-na-agrotins-2025\/#primaryimage\",\"url\":\"https:\/\/cleitonpinheiro.com.br\/site\/wp-content\/uploads\/2025\/02\/414420.jpg\",\"contentUrl\":\"https:\/\/cleitonpinheiro.com.br\/site\/wp-content\/uploads\/2025\/02\/414420.jpg\",\"width\":883,\"height\":546,\"caption\":\"Foto: Ant\u00f4nio Gon\u00e7alves\/Governo do Tocantins\"},{\"@type\":\"BreadcrumbList\",\"@id\":\"https:\/\/cleitonpinheiro.com.br\/site\/governador-wanderlei-barbosa-anuncia-show-da-dupla-bruno-e-marrone-na-agrotins-2025\/#breadcrumb\",\"itemListElement\":[{\"@type\":\"ListItem\",\"position\":1,\"name\":\"In\u00edcio\",\"item\":\"https:\/\/cleitonpinheiro.com.br\/site\/\"},{\"@type\":\"ListItem\",\"position\":2,\"name\":\"Governador Wanderlei Barbosa anuncia show da dupla Bruno e Marrone na Agrotins 2025\"}]},{\"@type\":\"WebSite\",\"@id\":\"https:\/\/cleitonpinheiro.com.br\/site\/#website\",\"url\":\"https:\/\/cleitonpinheiro.com.br\/site\/\",\"name\":\"PORTAL DE NOT\u00cdCIAS CLEITON PINHEIRO\",\"description\":\"FALANDO A VERDADE\",\"publisher\":{\"@id\":\"https:\/\/cleitonpinheiro.com.br\/site\/#organization\"},\"potentialAction\":[{\"@type\":\"SearchAction\",\"target\":{\"@type\":\"EntryPoint\",\"urlTemplate\":\"https:\/\/cleitonpinheiro.com.br\/site\/?s={search_term_string}\"},\"query-input\":{\"@type\":\"PropertyValueSpecification\",\"valueRequired\":true,\"valueName\":\"search_term_string\"}}],\"inLanguage\":\"pt-BR\"},{\"@type\":\"Organization\",\"@id\":\"https:\/\/cleitonpinheiro.com.br\/site\/#organization\",\"name\":\"CPNOT\u00cdCIAS\",\"url\":\"https:\/\/cleitonpinheiro.com.br\/site\/\",\"logo\":{\"@type\":\"ImageObject\",\"inLanguage\":\"pt-BR\",\"@id\":\"https:\/\/cleitonpinheiro.com.br\/site\/#\/schema\/logo\/image\/\",\"url\":\"https:\/\/cleitonpinheiro.com.br\/site\/wp-content\/uploads\/2022\/08\/Logo-pequena-2.png\",\"contentUrl\":\"https:\/\/cleitonpinheiro.com.br\/site\/wp-content\/uploads\/2022\/08\/Logo-pequena-2.png\",\"width\":500,\"height\":500,\"caption\":\"CPNOT\u00cdCIAS\"},\"image\":{\"@id\":\"https:\/\/cleitonpinheiro.com.br\/site\/#\/schema\/logo\/image\/\"},\"sameAs\":[\"https:\/\/www.facebook.com\/portalcpnoticias\/\"]},{\"@type\":\"Person\",\"@id\":\"https:\/\/cleitonpinheiro.com.br\/site\/#\/schema\/person\/8f04544e0bc40a1b68775b08360f87db\",\"name\":\"Reda\u00e7\u00e3o CP\",\"image\":{\"@type\":\"ImageObject\",\"inLanguage\":\"pt-BR\",\"@id\":\"https:\/\/cleitonpinheiro.com.br\/site\/#\/schema\/person\/image\/\",\"url\":\"https:\/\/secure.gravatar.com\/avatar\/0bcf19cb29fdc8fc588c490c7ae1b3e174dac268586a63fbe1d1893a0f9020cd?s=96&r=g\",\"contentUrl\":\"https:\/\/secure.gravatar.com\/avatar\/0bcf19cb29fdc8fc588c490c7ae1b3e174dac268586a63fbe1d1893a0f9020cd?s=96&r=g\",\"caption\":\"Reda\u00e7\u00e3o CP\"},\"url\":\"https:\/\/cleitonpinheiro.com.br\/site\/author\/redacao\/\"}]}<\/script>\n<!-- \/ Yoast SEO plugin. -->","yoast_head_json":{"title":"Governador Wanderlei Barbosa anuncia show da dupla Bruno e Marrone na Agrotins 2025 - PORTAL DE NOT\u00cdCIAS CLEITON PINHEIRO","robots":{"index":"index","follow":"follow","max-snippet":"max-snippet:-1","max-image-preview":"max-image-preview:large","max-video-preview":"max-video-preview:-1"},"canonical":"https:\/\/cleitonpinheiro.com.br\/site\/governador-wanderlei-barbosa-anuncia-show-da-dupla-bruno-e-marrone-na-agrotins-2025\/","og_locale":"pt_BR","og_type":"article","og_title":"Governador Wanderlei Barbosa anuncia show da dupla Bruno e Marrone na Agrotins 2025 - PORTAL DE NOT\u00cdCIAS CLEITON PINHEIRO","og_description":"O governador do Tocantins, Wanderlei Barbosa, acompanhado da primeira-dama e secret\u00e1ria extraordin\u00e1ria de Participa\u00e7\u00f5es Sociais, Karynne Sotero, anunciou nesta ter\u00e7a-feira, 25, durante visita ao Parque Agrotecnol\u00f3gico Engenheiro Agr\u00f4nomo Mauro Mendanha, em Palmas, o lan\u00e7amento da 25\u00aa edi\u00e7\u00e3o da Feira de Tecnologia Agropecu\u00e1ria do Tocantins (Agrotins) para o dia 31 de mar\u00e7o, no Pal\u00e1cio Araguaia Governador [&hellip;]","og_url":"https:\/\/cleitonpinheiro.com.br\/site\/governador-wanderlei-barbosa-anuncia-show-da-dupla-bruno-e-marrone-na-agrotins-2025\/","og_site_name":"PORTAL DE NOT\u00cdCIAS CLEITON PINHEIRO","article_publisher":"https:\/\/www.facebook.com\/portalcpnoticias\/","article_published_time":"2025-02-26T17:22:58+00:00","article_modified_time":"2025-02-26T17:23:05+00:00","og_image":[{"width":883,"height":546,"url":"https:\/\/cleitonpinheiro.com.br\/site\/wp-content\/uploads\/2025\/02\/414420.jpg","type":"image\/jpeg"}],"author":"Reda\u00e7\u00e3o CP","twitter_card":"summary_large_image","twitter_misc":{"Escrito por":"Reda\u00e7\u00e3o CP","Est. tempo de leitura":"5 minutos"},"schema":{"@context":"https:\/\/schema.org","@graph":[{"@type":"Article","@id":"https:\/\/cleitonpinheiro.com.br\/site\/governador-wanderlei-barbosa-anuncia-show-da-dupla-bruno-e-marrone-na-agrotins-2025\/#article","isPartOf":{"@id":"https:\/\/cleitonpinheiro.com.br\/site\/governador-wanderlei-barbosa-anuncia-show-da-dupla-bruno-e-marrone-na-agrotins-2025\/"},"author":{"name":"Reda\u00e7\u00e3o CP","@id":"https:\/\/cleitonpinheiro.com.br\/site\/#\/schema\/person\/8f04544e0bc40a1b68775b08360f87db"},"headline":"Governador Wanderlei Barbosa anuncia show da dupla Bruno e Marrone na Agrotins 2025","datePublished":"2025-02-26T17:22:58+00:00","dateModified":"2025-02-26T17:23:05+00:00","mainEntityOfPage":{"@id":"https:\/\/cleitonpinheiro.com.br\/site\/governador-wanderlei-barbosa-anuncia-show-da-dupla-bruno-e-marrone-na-agrotins-2025\/"},"wordCount":767,"commentCount":0,"publisher":{"@id":"https:\/\/cleitonpinheiro.com.br\/site\/#organization"},"image":{"@id":"https:\/\/cleitonpinheiro.com.br\/site\/governador-wanderlei-barbosa-anuncia-show-da-dupla-bruno-e-marrone-na-agrotins-2025\/#primaryimage"},"thumbnailUrl":"https:\/\/cleitonpinheiro.com.br\/site\/wp-content\/uploads\/2025\/02\/414420.jpg","keywords":["governo do tocantins"],"articleSection":["ESTADO","MANCHETE SEGUND\u00c1RIA","TODAS NOTICIAS"],"inLanguage":"pt-BR","potentialAction":[{"@type":"CommentAction","name":"Comment","target":["https:\/\/cleitonpinheiro.com.br\/site\/governador-wanderlei-barbosa-anuncia-show-da-dupla-bruno-e-marrone-na-agrotins-2025\/#respond"]}]},{"@type":"WebPage","@id":"https:\/\/cleitonpinheiro.com.br\/site\/governador-wanderlei-barbosa-anuncia-show-da-dupla-bruno-e-marrone-na-agrotins-2025\/","url":"https:\/\/cleitonpinheiro.com.br\/site\/governador-wanderlei-barbosa-anuncia-show-da-dupla-bruno-e-marrone-na-agrotins-2025\/","name":"Governador Wanderlei Barbosa anuncia show da dupla Bruno e Marrone na Agrotins 2025 - PORTAL DE NOT\u00cdCIAS CLEITON PINHEIRO","isPartOf":{"@id":"https:\/\/cleitonpinheiro.com.br\/site\/#website"},"primaryImageOfPage":{"@id":"https:\/\/cleitonpinheiro.com.br\/site\/governador-wanderlei-barbosa-anuncia-show-da-dupla-bruno-e-marrone-na-agrotins-2025\/#primaryimage"},"image":{"@id":"https:\/\/cleitonpinheiro.com.br\/site\/governador-wanderlei-barbosa-anuncia-show-da-dupla-bruno-e-marrone-na-agrotins-2025\/#primaryimage"},"thumbnailUrl":"https:\/\/cleitonpinheiro.com.br\/site\/wp-content\/uploads\/2025\/02\/414420.jpg","datePublished":"2025-02-26T17:22:58+00:00","dateModified":"2025-02-26T17:23:05+00:00","breadcrumb":{"@id":"https:\/\/cleitonpinheiro.com.br\/site\/governador-wanderlei-barbosa-anuncia-show-da-dupla-bruno-e-marrone-na-agrotins-2025\/#breadcrumb"},"inLanguage":"pt-BR","potentialAction":[{"@type":"ReadAction","target":["https:\/\/cleitonpinheiro.com.br\/site\/governador-wanderlei-barbosa-anuncia-show-da-dupla-bruno-e-marrone-na-agrotins-2025\/"]}]},{"@type":"ImageObject","inLanguage":"pt-BR","@id":"https:\/\/cleitonpinheiro.com.br\/site\/governador-wanderlei-barbosa-anuncia-show-da-dupla-bruno-e-marrone-na-agrotins-2025\/#primaryimage","url":"https:\/\/cleitonpinheiro.com.br\/site\/wp-content\/uploads\/2025\/02\/414420.jpg","contentUrl":"https:\/\/cleitonpinheiro.com.br\/site\/wp-content\/uploads\/2025\/02\/414420.jpg","width":883,"height":546,"caption":"Foto: Ant\u00f4nio Gon\u00e7alves\/Governo do Tocantins"},{"@type":"BreadcrumbList","@id":"https:\/\/cleitonpinheiro.com.br\/site\/governador-wanderlei-barbosa-anuncia-show-da-dupla-bruno-e-marrone-na-agrotins-2025\/#breadcrumb","itemListElement":[{"@type":"ListItem","position":1,"name":"In\u00edcio","item":"https:\/\/cleitonpinheiro.com.br\/site\/"},{"@type":"ListItem","position":2,"name":"Governador Wanderlei Barbosa anuncia show da dupla Bruno e Marrone na Agrotins 2025"}]},{"@type":"WebSite","@id":"https:\/\/cleitonpinheiro.com.br\/site\/#website","url":"https:\/\/cleitonpinheiro.com.br\/site\/","name":"PORTAL DE NOT\u00cdCIAS CLEITON PINHEIRO","description":"FALANDO A VERDADE","publisher":{"@id":"https:\/\/cleitonpinheiro.com.br\/site\/#organization"},"potentialAction":[{"@type":"SearchAction","target":{"@type":"EntryPoint","urlTemplate":"https:\/\/cleitonpinheiro.com.br\/site\/?s={search_term_string}"},"query-input":{"@type":"PropertyValueSpecification","valueRequired":true,"valueName":"search_term_string"}}],"inLanguage":"pt-BR"},{"@type":"Organization","@id":"https:\/\/cleitonpinheiro.com.br\/site\/#organization","name":"CPNOT\u00cdCIAS","url":"https:\/\/cleitonpinheiro.com.br\/site\/","logo":{"@type":"ImageObject","inLanguage":"pt-BR","@id":"https:\/\/cleitonpinheiro.com.br\/site\/#\/schema\/logo\/image\/","url":"https:\/\/cleitonpinheiro.com.br\/site\/wp-content\/uploads\/2022\/08\/Logo-pequena-2.png","contentUrl":"https:\/\/cleitonpinheiro.com.br\/site\/wp-content\/uploads\/2022\/08\/Logo-pequena-2.png","width":500,"height":500,"caption":"CPNOT\u00cdCIAS"},"image":{"@id":"https:\/\/cleitonpinheiro.com.br\/site\/#\/schema\/logo\/image\/"},"sameAs":["https:\/\/www.facebook.com\/portalcpnoticias\/"]},{"@type":"Person","@id":"https:\/\/cleitonpinheiro.com.br\/site\/#\/schema\/person\/8f04544e0bc40a1b68775b08360f87db","name":"Reda\u00e7\u00e3o CP","image":{"@type":"ImageObject","inLanguage":"pt-BR","@id":"https:\/\/cleitonpinheiro.com.br\/site\/#\/schema\/person\/image\/","url":"https:\/\/secure.gravatar.com\/avatar\/0bcf19cb29fdc8fc588c490c7ae1b3e174dac268586a63fbe1d1893a0f9020cd?s=96&r=g","contentUrl":"https:\/\/secure.gravatar.com\/avatar\/0bcf19cb29fdc8fc588c490c7ae1b3e174dac268586a63fbe1d1893a0f9020cd?s=96&r=g","caption":"Reda\u00e7\u00e3o CP"},"url":"https:\/\/cleitonpinheiro.com.br\/site\/author\/redacao\/"}]}},"views":178,"_links":{"self":[{"href":"https:\/\/cleitonpinheiro.com.br\/site\/wp-json\/wp\/v2\/posts\/84715","targetHints":{"allow":["GET"]}}],"collection":[{"href":"https:\/\/cleitonpinheiro.com.br\/site\/wp-json\/wp\/v2\/posts"}],"about":[{"href":"https:\/\/cleitonpinheiro.com.br\/site\/wp-json\/wp\/v2\/types\/post"}],"author":[{"embeddable":true,"href":"https:\/\/cleitonpinheiro.com.br\/site\/wp-json\/wp\/v2\/users\/13"}],"replies":[{"embeddable":true,"href":"https:\/\/cleitonpinheiro.com.br\/site\/wp-json\/wp\/v2\/comments?post=84715"}],"version-history":[{"count":1,"href":"https:\/\/cleitonpinheiro.com.br\/site\/wp-json\/wp\/v2\/posts\/84715\/revisions"}],"predecessor-version":[{"id":84717,"href":"https:\/\/cleitonpinheiro.com.br\/site\/wp-json\/wp\/v2\/posts\/84715\/revisions\/84717"}],"wp:featuredmedia":[{"embeddable":true,"href":"https:\/\/cleitonpinheiro.com.br\/site\/wp-json\/wp\/v2\/media\/84716"}],"wp:attachment":[{"href":"https:\/\/cleitonpinheiro.com.br\/site\/wp-json\/wp\/v2\/media?parent=84715"}],"wp:term":[{"taxonomy":"category","embeddable":true,"href":"https:\/\/cleitonpinheiro.com.br\/site\/wp-json\/wp\/v2\/categories?post=84715"},{"taxonomy":"post_tag","embeddable":true,"href":"https:\/\/cleitonpinheiro.com.br\/site\/wp-json\/wp\/v2\/tags?post=84715"}],"curies":[{"name":"wp","href":"https:\/\/api.w.org\/{rel}","templated":true}]}}