{"id":84718,"date":"2025-02-26T14:37:09","date_gmt":"2025-02-26T17:37:09","guid":{"rendered":"https:\/\/cleitonpinheiro.com.br\/site\/?p=84718"},"modified":"2025-02-28T11:19:09","modified_gmt":"2025-02-28T14:19:09","slug":"governo-do-tocantins-e-prefeitura-de-palmas-decretam-pontos-facultativos-nos-dias-3-e-4-de-marco","status":"publish","type":"post","link":"https:\/\/cleitonpinheiro.com.br\/site\/governo-do-tocantins-e-prefeitura-de-palmas-decretam-pontos-facultativos-nos-dias-3-e-4-de-marco\/","title":{"rendered":"Governo do Tocantins e Prefeitura de Palmas decretam pontos facultativos nos dias 3 e 4 de mar\u00e7o"},"content":{"rendered":"\n<figure class=\"wp-block-image size-full\"><img fetchpriority=\"high\" decoding=\"async\" width=\"730\" height=\"398\" src=\"https:\/\/cleitonpinheiro.com.br\/site\/wp-content\/uploads\/2024\/07\/Vista-panoramica-de-Palmas-com-o-Lago-da-Usina-Hidreletrica-Luiz-Eduardo-Magalhaes-ao-fundo-Foto-Lucina-Pires.jpeg.webp\" alt=\"\" class=\"wp-image-78279\" srcset=\"https:\/\/cleitonpinheiro.com.br\/site\/wp-content\/uploads\/2024\/07\/Vista-panoramica-de-Palmas-com-o-Lago-da-Usina-Hidreletrica-Luiz-Eduardo-Magalhaes-ao-fundo-Foto-Lucina-Pires.jpeg.webp 730w, https:\/\/cleitonpinheiro.com.br\/site\/wp-content\/uploads\/2024\/07\/Vista-panoramica-de-Palmas-com-o-Lago-da-Usina-Hidreletrica-Luiz-Eduardo-Magalhaes-ao-fundo-Foto-Lucina-Pires.jpeg-300x164.webp 300w\" sizes=\"(max-width: 730px) 100vw, 730px\" \/><\/figure>\n\n\n\n<p>O governador do Tocantins, Wanderlei Barbosa, decretou ponto facultativo no per\u00edodo de Carnaval. De acordo com o Decreto n\u00b0 6.902, que ser\u00e1 publicado no Di\u00e1rio Oficial do Estado (DOE) desta ter\u00e7a-feira, 25, o ponto ser\u00e1 facultativo na segunda, 3, e na ter\u00e7a-feira, 4. Ainda conforme o decreto, o retorno das atividades ocorrer\u00e1 na quarta-feira, 5, \u00e0s 12 horas, com expediente at\u00e9 as 18 horas, hor\u00e1rio diferenciado em rela\u00e7\u00e3o ao expediente normal, que \u00e9 no per\u00edodo matutino.<\/p>\n\n\n\n<p>Assim como adotado pelo governo estadual, a Prefeitura de Palmas concede o ponto facultativo nas pr\u00f3ximas segunda e ter\u00e7a, 3 e 4 de mar\u00e7o, data em que se comemora a Folia de Momo em todo o Pa\u00eds. O atendimento ao p\u00fablico ser\u00e1 normalizado na quarta-feira, 5, das 13 \u00e0s 19 horas.\u00a0<\/p>\n\n\n\n<p>O ponto facultativo n\u00e3o se aplica aos servi\u00e7os essenciais, como sa\u00fade e seguran\u00e7a p\u00fablica. Desta forma, caber\u00e1 aos dirigentes dos \u00f3rg\u00e3os e entidades do Poder Executivo estadual garantir a continuidade desses servi\u00e7os. A pol\u00edcia, os servi\u00e7os de emerg\u00eancia e os hospitais estar\u00e3o em funcionamento regular, operando em regime de plant\u00e3o.<\/p>\n\n\n\n<p><strong>Programa\u00e7\u00e3o na Pra\u00e7a dos Girass\u00f3is<\/strong><\/p>\n\n\n\n<p>A programa\u00e7\u00e3o de Carnaval na Pra\u00e7a dos Girass\u00f3is, em Palmas, ocorrer\u00e1 entre os dias 28 de fevereiro e 4 de mar\u00e7o. O evento, promovido pelo Governo do Tocantins, por meio da Secretaria de Estado do Turismo (Setur), \u00e9 gratuito e contar\u00e1 com uma programa\u00e7\u00e3o variada, incluindo atra\u00e7\u00f5es de segmento gospel, sertanejo, forr\u00f3 e arrocha.<\/p>\n\n\n\n<p><strong>Dia 28 de fevereiro \u2013 sexta-feira<\/strong><\/p>\n\n\n\n<ul class=\"wp-block-list\">\n<li>Charleis<\/li>\n\n\n\n<li>Moyses Di Carvalho<\/li>\n\n\n\n<li>Sandro Nazireu<\/li>\n\n\n\n<li>Aline Barros<\/li>\n<\/ul>\n\n\n\n<p><strong>Dia 1\u00ba de mar\u00e7o \u2013 s\u00e1bado<\/strong><\/p>\n\n\n\n<ul class=\"wp-block-list\">\n<li>Turma do Padre Dudu<\/li>\n\n\n\n<li>Adriana Arydes<\/li>\n\n\n\n<li>Padre F\u00e1bio de Melo<\/li>\n<\/ul>\n\n\n\n<p><strong>Dia 2 de mar\u00e7o \u2013 domingo<\/strong><\/p>\n\n\n\n<ul class=\"wp-block-list\">\n<li>Rafa do Piseiro<\/li>\n\n\n\n<li>Paulinho Braga<\/li>\n\n\n\n<li>Z\u00e9 Ot\u00e1vio<\/li>\n\n\n\n<li>Breno Major<\/li>\n\n\n\n<li>Israel Novaes<\/li>\n\n\n\n<li>Gasparzinho<\/li>\n<\/ul>\n\n\n\n<p><strong>Dia 3 de mar\u00e7o \u2013 segunda-feira<\/strong><\/p>\n\n\n\n<ul class=\"wp-block-list\">\n<li>Kris Fran\u00e7a<\/li>\n\n\n\n<li>VH &amp; Alexandre<\/li>\n\n\n\n<li>Adu\u00edlio Mendes<\/li>\n\n\n\n<li>Wglemerson Lima<\/li>\n\n\n\n<li>Diego e Victor Hugo<\/li>\n<\/ul>\n\n\n\n<p><strong>Dia 4 de mar\u00e7o \u2013 ter\u00e7a-feira<\/strong><\/p>\n\n\n\n<ul class=\"wp-block-list\">\n<li>Theo Santana<\/li>\n\n\n\n<li>Juarez Falc\u00e3o<\/li>\n\n\n\n<li>Pedro e Vini<\/li>\n\n\n\n<li>F Play<\/li>\n\n\n\n<li>Washington Brasileiro<\/li>\n\n\n\n<li>Hugo e Guilherme<\/li>\n<\/ul>\n","protected":false},"excerpt":{"rendered":"<p>O governador do Tocantins, Wanderlei Barbosa, decretou ponto facultativo no per\u00edodo de Carnaval. De acordo com o Decreto n\u00b0 6.902, que ser\u00e1 publicado no Di\u00e1rio Oficial do Estado (DOE) desta ter\u00e7a-feira, 25, o ponto ser\u00e1 facultativo na segunda, 3, e na ter\u00e7a-feira, 4. Ainda conforme o decreto, o retorno das atividades ocorrer\u00e1 na quarta-feira, 5, [&hellip;]<\/p>\n","protected":false},"author":13,"featured_media":0,"comment_status":"open","ping_status":"open","sticky":false,"template":"","format":"standard","meta":{"_acf_changed":false,"footnotes":""},"categories":[898,23,21],"tags":[],"class_list":["post-84718","post","type-post","status-publish","format-standard","hentry","category-manchete-segundaria","category-politica","category-todas-noticias"],"acf":[],"yoast_head":"<!-- This site is optimized with the Yoast SEO plugin v24.4 - https:\/\/yoast.com\/wordpress\/plugins\/seo\/ -->\n<title>Governo do Tocantins e Prefeitura de Palmas decretam pontos facultativos nos dias 3 e 4 de mar\u00e7o - PORTAL DE NOT\u00cdCIAS CLEITON PINHEIRO<\/title>\n<meta name=\"robots\" content=\"index, follow, max-snippet:-1, max-image-preview:large, max-video-preview:-1\" \/>\n<link rel=\"canonical\" href=\"https:\/\/cleitonpinheiro.com.br\/site\/governo-do-tocantins-e-prefeitura-de-palmas-decretam-pontos-facultativos-nos-dias-3-e-4-de-marco\/\" \/>\n<meta property=\"og:locale\" content=\"pt_BR\" \/>\n<meta property=\"og:type\" content=\"article\" \/>\n<meta property=\"og:title\" content=\"Governo do Tocantins e Prefeitura de Palmas decretam pontos facultativos nos dias 3 e 4 de mar\u00e7o - PORTAL DE NOT\u00cdCIAS CLEITON PINHEIRO\" \/>\n<meta property=\"og:description\" content=\"O governador do Tocantins, Wanderlei Barbosa, decretou ponto facultativo no per\u00edodo de Carnaval. De acordo com o Decreto n\u00b0 6.902, que ser\u00e1 publicado no Di\u00e1rio Oficial do Estado (DOE) desta ter\u00e7a-feira, 25, o ponto ser\u00e1 facultativo na segunda, 3, e na ter\u00e7a-feira, 4. Ainda conforme o decreto, o retorno das atividades ocorrer\u00e1 na quarta-feira, 5, [&hellip;]\" \/>\n<meta property=\"og:url\" content=\"https:\/\/cleitonpinheiro.com.br\/site\/governo-do-tocantins-e-prefeitura-de-palmas-decretam-pontos-facultativos-nos-dias-3-e-4-de-marco\/\" \/>\n<meta property=\"og:site_name\" content=\"PORTAL DE NOT\u00cdCIAS CLEITON PINHEIRO\" \/>\n<meta property=\"article:publisher\" content=\"https:\/\/www.facebook.com\/portalcpnoticias\/\" \/>\n<meta property=\"article:published_time\" content=\"2025-02-26T17:37:09+00:00\" \/>\n<meta property=\"article:modified_time\" content=\"2025-02-28T14:19:09+00:00\" \/>\n<meta property=\"og:image\" content=\"https:\/\/cleitonpinheiro.com.br\/site\/wp-content\/uploads\/2024\/05\/317ef3fc-d9be-489e-8ced-28bc9f5bd6fb-compressed-scaled.jpg\" \/>\n\t<meta property=\"og:image:width\" content=\"2560\" \/>\n\t<meta property=\"og:image:height\" content=\"1707\" \/>\n\t<meta property=\"og:image:type\" content=\"image\/jpeg\" \/>\n<meta name=\"author\" content=\"Reda\u00e7\u00e3o CP\" \/>\n<meta name=\"twitter:card\" content=\"summary_large_image\" \/>\n<meta name=\"twitter:label1\" content=\"Escrito por\" \/>\n\t<meta name=\"twitter:data1\" content=\"Reda\u00e7\u00e3o CP\" \/>\n\t<meta name=\"twitter:label2\" content=\"Est. tempo de leitura\" \/>\n\t<meta name=\"twitter:data2\" content=\"3 minutos\" \/>\n<script type=\"application\/ld+json\" class=\"yoast-schema-graph\">{\"@context\":\"https:\/\/schema.org\",\"@graph\":[{\"@type\":\"Article\",\"@id\":\"https:\/\/cleitonpinheiro.com.br\/site\/governo-do-tocantins-e-prefeitura-de-palmas-decretam-pontos-facultativos-nos-dias-3-e-4-de-marco\/#article\",\"isPartOf\":{\"@id\":\"https:\/\/cleitonpinheiro.com.br\/site\/governo-do-tocantins-e-prefeitura-de-palmas-decretam-pontos-facultativos-nos-dias-3-e-4-de-marco\/\"},\"author\":{\"name\":\"Reda\u00e7\u00e3o CP\",\"@id\":\"https:\/\/cleitonpinheiro.com.br\/site\/#\/schema\/person\/8f04544e0bc40a1b68775b08360f87db\"},\"headline\":\"Governo do Tocantins e Prefeitura de Palmas decretam pontos facultativos nos dias 3 e 4 de mar\u00e7o\",\"datePublished\":\"2025-02-26T17:37:09+00:00\",\"dateModified\":\"2025-02-28T14:19:09+00:00\",\"mainEntityOfPage\":{\"@id\":\"https:\/\/cleitonpinheiro.com.br\/site\/governo-do-tocantins-e-prefeitura-de-palmas-decretam-pontos-facultativos-nos-dias-3-e-4-de-marco\/\"},\"wordCount\":357,\"commentCount\":0,\"publisher\":{\"@id\":\"https:\/\/cleitonpinheiro.com.br\/site\/#organization\"},\"image\":{\"@id\":\"https:\/\/cleitonpinheiro.com.br\/site\/governo-do-tocantins-e-prefeitura-de-palmas-decretam-pontos-facultativos-nos-dias-3-e-4-de-marco\/#primaryimage\"},\"thumbnailUrl\":\"https:\/\/cleitonpinheiro.com.br\/site\/wp-content\/uploads\/2024\/07\/Vista-panoramica-de-Palmas-com-o-Lago-da-Usina-Hidreletrica-Luiz-Eduardo-Magalhaes-ao-fundo-Foto-Lucina-Pires.jpeg.webp\",\"articleSection\":[\"MANCHETE SEGUND\u00c1RIA\",\"POL\u00cdTICA\",\"TODAS NOTICIAS\"],\"inLanguage\":\"pt-BR\",\"potentialAction\":[{\"@type\":\"CommentAction\",\"name\":\"Comment\",\"target\":[\"https:\/\/cleitonpinheiro.com.br\/site\/governo-do-tocantins-e-prefeitura-de-palmas-decretam-pontos-facultativos-nos-dias-3-e-4-de-marco\/#respond\"]}]},{\"@type\":\"WebPage\",\"@id\":\"https:\/\/cleitonpinheiro.com.br\/site\/governo-do-tocantins-e-prefeitura-de-palmas-decretam-pontos-facultativos-nos-dias-3-e-4-de-marco\/\",\"url\":\"https:\/\/cleitonpinheiro.com.br\/site\/governo-do-tocantins-e-prefeitura-de-palmas-decretam-pontos-facultativos-nos-dias-3-e-4-de-marco\/\",\"name\":\"Governo do Tocantins e Prefeitura de Palmas decretam pontos facultativos nos dias 3 e 4 de mar\u00e7o - PORTAL DE NOT\u00cdCIAS CLEITON PINHEIRO\",\"isPartOf\":{\"@id\":\"https:\/\/cleitonpinheiro.com.br\/site\/#website\"},\"primaryImageOfPage\":{\"@id\":\"https:\/\/cleitonpinheiro.com.br\/site\/governo-do-tocantins-e-prefeitura-de-palmas-decretam-pontos-facultativos-nos-dias-3-e-4-de-marco\/#primaryimage\"},\"image\":{\"@id\":\"https:\/\/cleitonpinheiro.com.br\/site\/governo-do-tocantins-e-prefeitura-de-palmas-decretam-pontos-facultativos-nos-dias-3-e-4-de-marco\/#primaryimage\"},\"thumbnailUrl\":\"https:\/\/cleitonpinheiro.com.br\/site\/wp-content\/uploads\/2024\/07\/Vista-panoramica-de-Palmas-com-o-Lago-da-Usina-Hidreletrica-Luiz-Eduardo-Magalhaes-ao-fundo-Foto-Lucina-Pires.jpeg.webp\",\"datePublished\":\"2025-02-26T17:37:09+00:00\",\"dateModified\":\"2025-02-28T14:19:09+00:00\",\"breadcrumb\":{\"@id\":\"https:\/\/cleitonpinheiro.com.br\/site\/governo-do-tocantins-e-prefeitura-de-palmas-decretam-pontos-facultativos-nos-dias-3-e-4-de-marco\/#breadcrumb\"},\"inLanguage\":\"pt-BR\",\"potentialAction\":[{\"@type\":\"ReadAction\",\"target\":[\"https:\/\/cleitonpinheiro.com.br\/site\/governo-do-tocantins-e-prefeitura-de-palmas-decretam-pontos-facultativos-nos-dias-3-e-4-de-marco\/\"]}]},{\"@type\":\"ImageObject\",\"inLanguage\":\"pt-BR\",\"@id\":\"https:\/\/cleitonpinheiro.com.br\/site\/governo-do-tocantins-e-prefeitura-de-palmas-decretam-pontos-facultativos-nos-dias-3-e-4-de-marco\/#primaryimage\",\"url\":\"https:\/\/cleitonpinheiro.com.br\/site\/wp-content\/uploads\/2024\/07\/Vista-panoramica-de-Palmas-com-o-Lago-da-Usina-Hidreletrica-Luiz-Eduardo-Magalhaes-ao-fundo-Foto-Lucina-Pires.jpeg.webp\",\"contentUrl\":\"https:\/\/cleitonpinheiro.com.br\/site\/wp-content\/uploads\/2024\/07\/Vista-panoramica-de-Palmas-com-o-Lago-da-Usina-Hidreletrica-Luiz-Eduardo-Magalhaes-ao-fundo-Foto-Lucina-Pires.jpeg.webp\",\"width\":730,\"height\":398},{\"@type\":\"BreadcrumbList\",\"@id\":\"https:\/\/cleitonpinheiro.com.br\/site\/governo-do-tocantins-e-prefeitura-de-palmas-decretam-pontos-facultativos-nos-dias-3-e-4-de-marco\/#breadcrumb\",\"itemListElement\":[{\"@type\":\"ListItem\",\"position\":1,\"name\":\"In\u00edcio\",\"item\":\"https:\/\/cleitonpinheiro.com.br\/site\/\"},{\"@type\":\"ListItem\",\"position\":2,\"name\":\"Governo do Tocantins e Prefeitura de Palmas decretam pontos facultativos nos dias 3 e 4 de mar\u00e7o\"}]},{\"@type\":\"WebSite\",\"@id\":\"https:\/\/cleitonpinheiro.com.br\/site\/#website\",\"url\":\"https:\/\/cleitonpinheiro.com.br\/site\/\",\"name\":\"PORTAL DE NOT\u00cdCIAS CLEITON PINHEIRO\",\"description\":\"FALANDO A VERDADE\",\"publisher\":{\"@id\":\"https:\/\/cleitonpinheiro.com.br\/site\/#organization\"},\"potentialAction\":[{\"@type\":\"SearchAction\",\"target\":{\"@type\":\"EntryPoint\",\"urlTemplate\":\"https:\/\/cleitonpinheiro.com.br\/site\/?s={search_term_string}\"},\"query-input\":{\"@type\":\"PropertyValueSpecification\",\"valueRequired\":true,\"valueName\":\"search_term_string\"}}],\"inLanguage\":\"pt-BR\"},{\"@type\":\"Organization\",\"@id\":\"https:\/\/cleitonpinheiro.com.br\/site\/#organization\",\"name\":\"CPNOT\u00cdCIAS\",\"url\":\"https:\/\/cleitonpinheiro.com.br\/site\/\",\"logo\":{\"@type\":\"ImageObject\",\"inLanguage\":\"pt-BR\",\"@id\":\"https:\/\/cleitonpinheiro.com.br\/site\/#\/schema\/logo\/image\/\",\"url\":\"https:\/\/cleitonpinheiro.com.br\/site\/wp-content\/uploads\/2022\/08\/Logo-pequena-2.png\",\"contentUrl\":\"https:\/\/cleitonpinheiro.com.br\/site\/wp-content\/uploads\/2022\/08\/Logo-pequena-2.png\",\"width\":500,\"height\":500,\"caption\":\"CPNOT\u00cdCIAS\"},\"image\":{\"@id\":\"https:\/\/cleitonpinheiro.com.br\/site\/#\/schema\/logo\/image\/\"},\"sameAs\":[\"https:\/\/www.facebook.com\/portalcpnoticias\/\"]},{\"@type\":\"Person\",\"@id\":\"https:\/\/cleitonpinheiro.com.br\/site\/#\/schema\/person\/8f04544e0bc40a1b68775b08360f87db\",\"name\":\"Reda\u00e7\u00e3o CP\",\"image\":{\"@type\":\"ImageObject\",\"inLanguage\":\"pt-BR\",\"@id\":\"https:\/\/cleitonpinheiro.com.br\/site\/#\/schema\/person\/image\/\",\"url\":\"https:\/\/secure.gravatar.com\/avatar\/0bcf19cb29fdc8fc588c490c7ae1b3e174dac268586a63fbe1d1893a0f9020cd?s=96&r=g\",\"contentUrl\":\"https:\/\/secure.gravatar.com\/avatar\/0bcf19cb29fdc8fc588c490c7ae1b3e174dac268586a63fbe1d1893a0f9020cd?s=96&r=g\",\"caption\":\"Reda\u00e7\u00e3o CP\"},\"url\":\"https:\/\/cleitonpinheiro.com.br\/site\/author\/redacao\/\"}]}<\/script>\n<!-- \/ Yoast SEO plugin. -->","yoast_head_json":{"title":"Governo do Tocantins e Prefeitura de Palmas decretam pontos facultativos nos dias 3 e 4 de mar\u00e7o - PORTAL DE NOT\u00cdCIAS CLEITON PINHEIRO","robots":{"index":"index","follow":"follow","max-snippet":"max-snippet:-1","max-image-preview":"max-image-preview:large","max-video-preview":"max-video-preview:-1"},"canonical":"https:\/\/cleitonpinheiro.com.br\/site\/governo-do-tocantins-e-prefeitura-de-palmas-decretam-pontos-facultativos-nos-dias-3-e-4-de-marco\/","og_locale":"pt_BR","og_type":"article","og_title":"Governo do Tocantins e Prefeitura de Palmas decretam pontos facultativos nos dias 3 e 4 de mar\u00e7o - PORTAL DE NOT\u00cdCIAS CLEITON PINHEIRO","og_description":"O governador do Tocantins, Wanderlei Barbosa, decretou ponto facultativo no per\u00edodo de Carnaval. De acordo com o Decreto n\u00b0 6.902, que ser\u00e1 publicado no Di\u00e1rio Oficial do Estado (DOE) desta ter\u00e7a-feira, 25, o ponto ser\u00e1 facultativo na segunda, 3, e na ter\u00e7a-feira, 4. Ainda conforme o decreto, o retorno das atividades ocorrer\u00e1 na quarta-feira, 5, [&hellip;]","og_url":"https:\/\/cleitonpinheiro.com.br\/site\/governo-do-tocantins-e-prefeitura-de-palmas-decretam-pontos-facultativos-nos-dias-3-e-4-de-marco\/","og_site_name":"PORTAL DE NOT\u00cdCIAS CLEITON PINHEIRO","article_publisher":"https:\/\/www.facebook.com\/portalcpnoticias\/","article_published_time":"2025-02-26T17:37:09+00:00","article_modified_time":"2025-02-28T14:19:09+00:00","og_image":[{"width":2560,"height":1707,"url":"https:\/\/cleitonpinheiro.com.br\/site\/wp-content\/uploads\/2024\/05\/317ef3fc-d9be-489e-8ced-28bc9f5bd6fb-compressed-scaled.jpg","type":"image\/jpeg"}],"author":"Reda\u00e7\u00e3o CP","twitter_card":"summary_large_image","twitter_misc":{"Escrito por":"Reda\u00e7\u00e3o CP","Est. tempo de leitura":"3 minutos"},"schema":{"@context":"https:\/\/schema.org","@graph":[{"@type":"Article","@id":"https:\/\/cleitonpinheiro.com.br\/site\/governo-do-tocantins-e-prefeitura-de-palmas-decretam-pontos-facultativos-nos-dias-3-e-4-de-marco\/#article","isPartOf":{"@id":"https:\/\/cleitonpinheiro.com.br\/site\/governo-do-tocantins-e-prefeitura-de-palmas-decretam-pontos-facultativos-nos-dias-3-e-4-de-marco\/"},"author":{"name":"Reda\u00e7\u00e3o CP","@id":"https:\/\/cleitonpinheiro.com.br\/site\/#\/schema\/person\/8f04544e0bc40a1b68775b08360f87db"},"headline":"Governo do Tocantins e Prefeitura de Palmas decretam pontos facultativos nos dias 3 e 4 de mar\u00e7o","datePublished":"2025-02-26T17:37:09+00:00","dateModified":"2025-02-28T14:19:09+00:00","mainEntityOfPage":{"@id":"https:\/\/cleitonpinheiro.com.br\/site\/governo-do-tocantins-e-prefeitura-de-palmas-decretam-pontos-facultativos-nos-dias-3-e-4-de-marco\/"},"wordCount":357,"commentCount":0,"publisher":{"@id":"https:\/\/cleitonpinheiro.com.br\/site\/#organization"},"image":{"@id":"https:\/\/cleitonpinheiro.com.br\/site\/governo-do-tocantins-e-prefeitura-de-palmas-decretam-pontos-facultativos-nos-dias-3-e-4-de-marco\/#primaryimage"},"thumbnailUrl":"https:\/\/cleitonpinheiro.com.br\/site\/wp-content\/uploads\/2024\/07\/Vista-panoramica-de-Palmas-com-o-Lago-da-Usina-Hidreletrica-Luiz-Eduardo-Magalhaes-ao-fundo-Foto-Lucina-Pires.jpeg.webp","articleSection":["MANCHETE SEGUND\u00c1RIA","POL\u00cdTICA","TODAS NOTICIAS"],"inLanguage":"pt-BR","potentialAction":[{"@type":"CommentAction","name":"Comment","target":["https:\/\/cleitonpinheiro.com.br\/site\/governo-do-tocantins-e-prefeitura-de-palmas-decretam-pontos-facultativos-nos-dias-3-e-4-de-marco\/#respond"]}]},{"@type":"WebPage","@id":"https:\/\/cleitonpinheiro.com.br\/site\/governo-do-tocantins-e-prefeitura-de-palmas-decretam-pontos-facultativos-nos-dias-3-e-4-de-marco\/","url":"https:\/\/cleitonpinheiro.com.br\/site\/governo-do-tocantins-e-prefeitura-de-palmas-decretam-pontos-facultativos-nos-dias-3-e-4-de-marco\/","name":"Governo do Tocantins e Prefeitura de Palmas decretam pontos facultativos nos dias 3 e 4 de mar\u00e7o - PORTAL DE NOT\u00cdCIAS CLEITON PINHEIRO","isPartOf":{"@id":"https:\/\/cleitonpinheiro.com.br\/site\/#website"},"primaryImageOfPage":{"@id":"https:\/\/cleitonpinheiro.com.br\/site\/governo-do-tocantins-e-prefeitura-de-palmas-decretam-pontos-facultativos-nos-dias-3-e-4-de-marco\/#primaryimage"},"image":{"@id":"https:\/\/cleitonpinheiro.com.br\/site\/governo-do-tocantins-e-prefeitura-de-palmas-decretam-pontos-facultativos-nos-dias-3-e-4-de-marco\/#primaryimage"},"thumbnailUrl":"https:\/\/cleitonpinheiro.com.br\/site\/wp-content\/uploads\/2024\/07\/Vista-panoramica-de-Palmas-com-o-Lago-da-Usina-Hidreletrica-Luiz-Eduardo-Magalhaes-ao-fundo-Foto-Lucina-Pires.jpeg.webp","datePublished":"2025-02-26T17:37:09+00:00","dateModified":"2025-02-28T14:19:09+00:00","breadcrumb":{"@id":"https:\/\/cleitonpinheiro.com.br\/site\/governo-do-tocantins-e-prefeitura-de-palmas-decretam-pontos-facultativos-nos-dias-3-e-4-de-marco\/#breadcrumb"},"inLanguage":"pt-BR","potentialAction":[{"@type":"ReadAction","target":["https:\/\/cleitonpinheiro.com.br\/site\/governo-do-tocantins-e-prefeitura-de-palmas-decretam-pontos-facultativos-nos-dias-3-e-4-de-marco\/"]}]},{"@type":"ImageObject","inLanguage":"pt-BR","@id":"https:\/\/cleitonpinheiro.com.br\/site\/governo-do-tocantins-e-prefeitura-de-palmas-decretam-pontos-facultativos-nos-dias-3-e-4-de-marco\/#primaryimage","url":"https:\/\/cleitonpinheiro.com.br\/site\/wp-content\/uploads\/2024\/07\/Vista-panoramica-de-Palmas-com-o-Lago-da-Usina-Hidreletrica-Luiz-Eduardo-Magalhaes-ao-fundo-Foto-Lucina-Pires.jpeg.webp","contentUrl":"https:\/\/cleitonpinheiro.com.br\/site\/wp-content\/uploads\/2024\/07\/Vista-panoramica-de-Palmas-com-o-Lago-da-Usina-Hidreletrica-Luiz-Eduardo-Magalhaes-ao-fundo-Foto-Lucina-Pires.jpeg.webp","width":730,"height":398},{"@type":"BreadcrumbList","@id":"https:\/\/cleitonpinheiro.com.br\/site\/governo-do-tocantins-e-prefeitura-de-palmas-decretam-pontos-facultativos-nos-dias-3-e-4-de-marco\/#breadcrumb","itemListElement":[{"@type":"ListItem","position":1,"name":"In\u00edcio","item":"https:\/\/cleitonpinheiro.com.br\/site\/"},{"@type":"ListItem","position":2,"name":"Governo do Tocantins e Prefeitura de Palmas decretam pontos facultativos nos dias 3 e 4 de mar\u00e7o"}]},{"@type":"WebSite","@id":"https:\/\/cleitonpinheiro.com.br\/site\/#website","url":"https:\/\/cleitonpinheiro.com.br\/site\/","name":"PORTAL DE NOT\u00cdCIAS CLEITON PINHEIRO","description":"FALANDO A VERDADE","publisher":{"@id":"https:\/\/cleitonpinheiro.com.br\/site\/#organization"},"potentialAction":[{"@type":"SearchAction","target":{"@type":"EntryPoint","urlTemplate":"https:\/\/cleitonpinheiro.com.br\/site\/?s={search_term_string}"},"query-input":{"@type":"PropertyValueSpecification","valueRequired":true,"valueName":"search_term_string"}}],"inLanguage":"pt-BR"},{"@type":"Organization","@id":"https:\/\/cleitonpinheiro.com.br\/site\/#organization","name":"CPNOT\u00cdCIAS","url":"https:\/\/cleitonpinheiro.com.br\/site\/","logo":{"@type":"ImageObject","inLanguage":"pt-BR","@id":"https:\/\/cleitonpinheiro.com.br\/site\/#\/schema\/logo\/image\/","url":"https:\/\/cleitonpinheiro.com.br\/site\/wp-content\/uploads\/2022\/08\/Logo-pequena-2.png","contentUrl":"https:\/\/cleitonpinheiro.com.br\/site\/wp-content\/uploads\/2022\/08\/Logo-pequena-2.png","width":500,"height":500,"caption":"CPNOT\u00cdCIAS"},"image":{"@id":"https:\/\/cleitonpinheiro.com.br\/site\/#\/schema\/logo\/image\/"},"sameAs":["https:\/\/www.facebook.com\/portalcpnoticias\/"]},{"@type":"Person","@id":"https:\/\/cleitonpinheiro.com.br\/site\/#\/schema\/person\/8f04544e0bc40a1b68775b08360f87db","name":"Reda\u00e7\u00e3o CP","image":{"@type":"ImageObject","inLanguage":"pt-BR","@id":"https:\/\/cleitonpinheiro.com.br\/site\/#\/schema\/person\/image\/","url":"https:\/\/secure.gravatar.com\/avatar\/0bcf19cb29fdc8fc588c490c7ae1b3e174dac268586a63fbe1d1893a0f9020cd?s=96&r=g","contentUrl":"https:\/\/secure.gravatar.com\/avatar\/0bcf19cb29fdc8fc588c490c7ae1b3e174dac268586a63fbe1d1893a0f9020cd?s=96&r=g","caption":"Reda\u00e7\u00e3o CP"},"url":"https:\/\/cleitonpinheiro.com.br\/site\/author\/redacao\/"}]}},"views":187,"_links":{"self":[{"href":"https:\/\/cleitonpinheiro.com.br\/site\/wp-json\/wp\/v2\/posts\/84718","targetHints":{"allow":["GET"]}}],"collection":[{"href":"https:\/\/cleitonpinheiro.com.br\/site\/wp-json\/wp\/v2\/posts"}],"about":[{"href":"https:\/\/cleitonpinheiro.com.br\/site\/wp-json\/wp\/v2\/types\/post"}],"author":[{"embeddable":true,"href":"https:\/\/cleitonpinheiro.com.br\/site\/wp-json\/wp\/v2\/users\/13"}],"replies":[{"embeddable":true,"href":"https:\/\/cleitonpinheiro.com.br\/site\/wp-json\/wp\/v2\/comments?post=84718"}],"version-history":[{"count":1,"href":"https:\/\/cleitonpinheiro.com.br\/site\/wp-json\/wp\/v2\/posts\/84718\/revisions"}],"predecessor-version":[{"id":84720,"href":"https:\/\/cleitonpinheiro.com.br\/site\/wp-json\/wp\/v2\/posts\/84718\/revisions\/84720"}],"wp:attachment":[{"href":"https:\/\/cleitonpinheiro.com.br\/site\/wp-json\/wp\/v2\/media?parent=84718"}],"wp:term":[{"taxonomy":"category","embeddable":true,"href":"https:\/\/cleitonpinheiro.com.br\/site\/wp-json\/wp\/v2\/categories?post=84718"},{"taxonomy":"post_tag","embeddable":true,"href":"https:\/\/cleitonpinheiro.com.br\/site\/wp-json\/wp\/v2\/tags?post=84718"}],"curies":[{"name":"wp","href":"https:\/\/api.w.org\/{rel}","templated":true}]}}