{"id":84721,"date":"2025-02-26T14:44:40","date_gmt":"2025-02-26T17:44:40","guid":{"rendered":"https:\/\/cleitonpinheiro.com.br\/site\/?p=84721"},"modified":"2025-03-05T08:54:22","modified_gmt":"2025-03-05T11:54:22","slug":"detran-to-inicia-operacao-carnaval-seguro-com-fiscalizacoes-e-acoes-de-educacao-para-o-transito","status":"publish","type":"post","link":"https:\/\/cleitonpinheiro.com.br\/site\/detran-to-inicia-operacao-carnaval-seguro-com-fiscalizacoes-e-acoes-de-educacao-para-o-transito\/","title":{"rendered":"Detran\/TO inicia opera\u00e7\u00e3o Carnaval Seguro com fiscaliza\u00e7\u00f5es e a\u00e7\u00f5es de educa\u00e7\u00e3o para o tr\u00e2nsito"},"content":{"rendered":"\n<figure class=\"wp-block-image size-full\"><img fetchpriority=\"high\" decoding=\"async\" width=\"883\" height=\"546\" src=\"https:\/\/cleitonpinheiro.com.br\/site\/wp-content\/uploads\/2025\/02\/414494.jpg\" alt=\"\" class=\"wp-image-84723\" srcset=\"https:\/\/cleitonpinheiro.com.br\/site\/wp-content\/uploads\/2025\/02\/414494.jpg 883w, https:\/\/cleitonpinheiro.com.br\/site\/wp-content\/uploads\/2025\/02\/414494-300x186.jpg 300w, https:\/\/cleitonpinheiro.com.br\/site\/wp-content\/uploads\/2025\/02\/414494-768x475.jpg 768w\" sizes=\"(max-width: 883px) 100vw, 883px\" \/><\/figure>\n\n\n\n<p>O Departamento Estadual de Tr\u00e2nsito do Tocantins (Detran\/TO) inicia, nesta semana, as primeiras a\u00e7\u00f5es da opera\u00e7\u00e3o&nbsp;<em>Carnaval Seguro \u2013 Alegria com Responsabilidade<\/em>. A opera\u00e7\u00e3o faz parte dos programas&nbsp;<em>Foli\u00e3o Seguro,&nbsp;<\/em>do Governo do Tocantins; e&nbsp;<em>Rodovida<\/em>, do governo federal, e ocorre de forma integrada com a Pol\u00edcia Militar do Tocantins (PMTO), o Corpo de Bombeiros Militar do Tocantins (CBMTO), a Secretaria de Estado do Turismo (Setur), a Pol\u00edcia Civil e a Pol\u00edcia Rodovi\u00e1ria Federal (PRF).<\/p>\n\n\n\n<p>O presidente do Detran\/TO, Willian Gonzaga, refor\u00e7a a import\u00e2ncia de adotar bons h\u00e1bitos no tr\u00e2nsito. \u201cNossas equipes estar\u00e3o nas ruas e nas rodovias para orientar e fiscalizar. A toler\u00e2ncia \u00e9 zero para \u00e1lcool ao volante\u201d, pontua.&nbsp;<\/p>\n\n\n\n<p>A opera\u00e7\u00e3o conta com a participa\u00e7\u00e3o de 47 agentes de tr\u00e2nsito e 11 viaturas, distribu\u00eddos em Palmas, Gurupi, Aragua\u00edna, Dian\u00f3polis, Xambio\u00e1, Tocantin\u00f3polis e Araguatins, at\u00e9 o dia 4 de mar\u00e7o.&nbsp;<\/p>\n\n\n\n<p>\u201cAs equipes trabalhar\u00e3o em conjunto com outras for\u00e7as de seguran\u00e7a para evitar infra\u00e7\u00f5es e crimes no tr\u00e2nsito, especialmente o consumo de \u00e1lcool por motoristas e o desrespeito aos limites de velocidade\u201d, destaca o gerente de fiscaliza\u00e7\u00e3o do Detran\/TO, Enildo Leite.<\/p>\n\n\n\n<p><strong>Educa\u00e7\u00e3o para o tr\u00e2nsito<\/strong><\/p>\n\n\n\n<p>Al\u00e9m da fiscaliza\u00e7\u00e3o, a opera\u00e7\u00e3o inclui a\u00e7\u00f5es de educa\u00e7\u00e3o para o tr\u00e2nsito. Equipes do Detran\/TO realizar\u00e3o blitzes educativas em cidades com grande concentra\u00e7\u00e3o de foli\u00f5es, alertando sobre a import\u00e2ncia de celebrar o Carnaval com responsabilidade. Uma campanha publicit\u00e1ria tamb\u00e9m ser\u00e1 veiculada, com foco na redu\u00e7\u00e3o de acidentes e no combate \u00e0 embriaguez ao volante.<\/p>\n\n\n\n<p>A gerente de Educa\u00e7\u00e3o para o Tr\u00e2nsito do Detran\/TO, H\u00e9lida Cristina Noronha, ressalta que o objetivo \u00e9 conscientizar a popula\u00e7\u00e3o sobre os riscos de misturar \u00e1lcool e dire\u00e7\u00e3o. \u201cNesta quinta-feira, 27, ocorre a primeira blitz educativa da opera\u00e7\u00e3o em Palmas\u201d, informou.&nbsp;<\/p>\n\n\n\n<p><strong>Rodovida<\/strong><\/p>\n\n\n\n<p>O programa&nbsp;<em>Rodovida<\/em>&nbsp;\u00e9 uma iniciativa do governo federal e conta com a participa\u00e7\u00e3o do Governo do Tocantins, por meio do Detran\/TO, \u00f3rg\u00e3o respons\u00e1vel por coordenar as a\u00e7\u00f5es no estado.<\/p>\n\n\n\n<p>Al\u00e9m da opera\u00e7\u00e3o de Carnaval, o Detran\/TO realizou outras a\u00e7\u00f5es do&nbsp;<em>Rodovida<\/em>, como a opera\u00e7\u00e3o&nbsp;<em>Boas Festas<\/em>, durante as comemora\u00e7\u00f5es de final de ano; e a opera\u00e7\u00e3o<em>&nbsp;Volta \u00e0s Aulas<\/em>, que conscientiza condutores e pedestres sobre a import\u00e2ncia de respeitar as normas do C\u00f3digo de Tr\u00e2nsito Brasileiro (CTB), especialmente em \u00e1reas escolares.<\/p>\n\n\n\n<p>Segue em andamento a opera\u00e7\u00e3o&nbsp;<em>\u00c1lcool Zero<\/em>, realizada pelo Batalh\u00e3o de Pol\u00edcia Militar Rodovi\u00e1rio e Divisas (BPMRED) com apoio do Detran\/TO, que tamb\u00e9m busca combater a embriaguez ao volante em todos os 139 munic\u00edpios do Tocantins.<\/p>\n","protected":false},"excerpt":{"rendered":"<p>O Departamento Estadual de Tr\u00e2nsito do Tocantins (Detran\/TO) inicia, nesta semana, as primeiras a\u00e7\u00f5es da opera\u00e7\u00e3o&nbsp;Carnaval Seguro \u2013 Alegria com Responsabilidade. A opera\u00e7\u00e3o faz parte dos programas&nbsp;Foli\u00e3o Seguro,&nbsp;do Governo do Tocantins; e&nbsp;Rodovida, do governo federal, e ocorre de forma integrada com a Pol\u00edcia Militar do Tocantins (PMTO), o Corpo de Bombeiros Militar do Tocantins (CBMTO), [&hellip;]<\/p>\n","protected":false},"author":13,"featured_media":84723,"comment_status":"open","ping_status":"open","sticky":false,"template":"","format":"standard","meta":{"_acf_changed":false,"footnotes":""},"categories":[8,898,21],"tags":[],"class_list":["post-84721","post","type-post","status-publish","format-standard","has-post-thumbnail","hentry","category-estado","category-manchete-segundaria","category-todas-noticias"],"acf":[],"yoast_head":"<!-- This site is optimized with the Yoast SEO plugin v24.4 - https:\/\/yoast.com\/wordpress\/plugins\/seo\/ -->\n<title>Detran\/TO inicia opera\u00e7\u00e3o Carnaval Seguro com fiscaliza\u00e7\u00f5es e a\u00e7\u00f5es de educa\u00e7\u00e3o para o tr\u00e2nsito - PORTAL DE NOT\u00cdCIAS CLEITON PINHEIRO<\/title>\n<meta name=\"robots\" content=\"index, follow, max-snippet:-1, max-image-preview:large, max-video-preview:-1\" \/>\n<link rel=\"canonical\" href=\"https:\/\/cleitonpinheiro.com.br\/site\/detran-to-inicia-operacao-carnaval-seguro-com-fiscalizacoes-e-acoes-de-educacao-para-o-transito\/\" \/>\n<meta property=\"og:locale\" content=\"pt_BR\" \/>\n<meta property=\"og:type\" content=\"article\" \/>\n<meta property=\"og:title\" content=\"Detran\/TO inicia opera\u00e7\u00e3o Carnaval Seguro com fiscaliza\u00e7\u00f5es e a\u00e7\u00f5es de educa\u00e7\u00e3o para o tr\u00e2nsito - PORTAL DE NOT\u00cdCIAS CLEITON PINHEIRO\" \/>\n<meta property=\"og:description\" content=\"O Departamento Estadual de Tr\u00e2nsito do Tocantins (Detran\/TO) inicia, nesta semana, as primeiras a\u00e7\u00f5es da opera\u00e7\u00e3o&nbsp;Carnaval Seguro \u2013 Alegria com Responsabilidade. A opera\u00e7\u00e3o faz parte dos programas&nbsp;Foli\u00e3o Seguro,&nbsp;do Governo do Tocantins; e&nbsp;Rodovida, do governo federal, e ocorre de forma integrada com a Pol\u00edcia Militar do Tocantins (PMTO), o Corpo de Bombeiros Militar do Tocantins (CBMTO), [&hellip;]\" \/>\n<meta property=\"og:url\" content=\"https:\/\/cleitonpinheiro.com.br\/site\/detran-to-inicia-operacao-carnaval-seguro-com-fiscalizacoes-e-acoes-de-educacao-para-o-transito\/\" \/>\n<meta property=\"og:site_name\" content=\"PORTAL DE NOT\u00cdCIAS CLEITON PINHEIRO\" \/>\n<meta property=\"article:publisher\" content=\"https:\/\/www.facebook.com\/portalcpnoticias\/\" \/>\n<meta property=\"article:published_time\" content=\"2025-02-26T17:44:40+00:00\" \/>\n<meta property=\"article:modified_time\" content=\"2025-03-05T11:54:22+00:00\" \/>\n<meta property=\"og:image\" content=\"https:\/\/cleitonpinheiro.com.br\/site\/wp-content\/uploads\/2025\/02\/414494.jpg\" \/>\n\t<meta property=\"og:image:width\" content=\"883\" \/>\n\t<meta property=\"og:image:height\" content=\"546\" \/>\n\t<meta property=\"og:image:type\" content=\"image\/jpeg\" \/>\n<meta name=\"author\" content=\"Reda\u00e7\u00e3o CP\" \/>\n<meta name=\"twitter:card\" content=\"summary_large_image\" \/>\n<meta name=\"twitter:label1\" content=\"Escrito por\" \/>\n\t<meta name=\"twitter:data1\" content=\"Reda\u00e7\u00e3o CP\" \/>\n\t<meta name=\"twitter:label2\" content=\"Est. tempo de leitura\" \/>\n\t<meta name=\"twitter:data2\" content=\"3 minutos\" \/>\n<script type=\"application\/ld+json\" class=\"yoast-schema-graph\">{\"@context\":\"https:\/\/schema.org\",\"@graph\":[{\"@type\":\"Article\",\"@id\":\"https:\/\/cleitonpinheiro.com.br\/site\/detran-to-inicia-operacao-carnaval-seguro-com-fiscalizacoes-e-acoes-de-educacao-para-o-transito\/#article\",\"isPartOf\":{\"@id\":\"https:\/\/cleitonpinheiro.com.br\/site\/detran-to-inicia-operacao-carnaval-seguro-com-fiscalizacoes-e-acoes-de-educacao-para-o-transito\/\"},\"author\":{\"name\":\"Reda\u00e7\u00e3o CP\",\"@id\":\"https:\/\/cleitonpinheiro.com.br\/site\/#\/schema\/person\/8f04544e0bc40a1b68775b08360f87db\"},\"headline\":\"Detran\/TO inicia opera\u00e7\u00e3o Carnaval Seguro com fiscaliza\u00e7\u00f5es e a\u00e7\u00f5es de educa\u00e7\u00e3o para o tr\u00e2nsito\",\"datePublished\":\"2025-02-26T17:44:40+00:00\",\"dateModified\":\"2025-03-05T11:54:22+00:00\",\"mainEntityOfPage\":{\"@id\":\"https:\/\/cleitonpinheiro.com.br\/site\/detran-to-inicia-operacao-carnaval-seguro-com-fiscalizacoes-e-acoes-de-educacao-para-o-transito\/\"},\"wordCount\":499,\"commentCount\":0,\"publisher\":{\"@id\":\"https:\/\/cleitonpinheiro.com.br\/site\/#organization\"},\"image\":{\"@id\":\"https:\/\/cleitonpinheiro.com.br\/site\/detran-to-inicia-operacao-carnaval-seguro-com-fiscalizacoes-e-acoes-de-educacao-para-o-transito\/#primaryimage\"},\"thumbnailUrl\":\"https:\/\/cleitonpinheiro.com.br\/site\/wp-content\/uploads\/2025\/02\/414494.jpg\",\"articleSection\":[\"ESTADO\",\"MANCHETE SEGUND\u00c1RIA\",\"TODAS NOTICIAS\"],\"inLanguage\":\"pt-BR\",\"potentialAction\":[{\"@type\":\"CommentAction\",\"name\":\"Comment\",\"target\":[\"https:\/\/cleitonpinheiro.com.br\/site\/detran-to-inicia-operacao-carnaval-seguro-com-fiscalizacoes-e-acoes-de-educacao-para-o-transito\/#respond\"]}]},{\"@type\":\"WebPage\",\"@id\":\"https:\/\/cleitonpinheiro.com.br\/site\/detran-to-inicia-operacao-carnaval-seguro-com-fiscalizacoes-e-acoes-de-educacao-para-o-transito\/\",\"url\":\"https:\/\/cleitonpinheiro.com.br\/site\/detran-to-inicia-operacao-carnaval-seguro-com-fiscalizacoes-e-acoes-de-educacao-para-o-transito\/\",\"name\":\"Detran\/TO inicia opera\u00e7\u00e3o Carnaval Seguro com fiscaliza\u00e7\u00f5es e a\u00e7\u00f5es de educa\u00e7\u00e3o para o tr\u00e2nsito - PORTAL DE NOT\u00cdCIAS CLEITON PINHEIRO\",\"isPartOf\":{\"@id\":\"https:\/\/cleitonpinheiro.com.br\/site\/#website\"},\"primaryImageOfPage\":{\"@id\":\"https:\/\/cleitonpinheiro.com.br\/site\/detran-to-inicia-operacao-carnaval-seguro-com-fiscalizacoes-e-acoes-de-educacao-para-o-transito\/#primaryimage\"},\"image\":{\"@id\":\"https:\/\/cleitonpinheiro.com.br\/site\/detran-to-inicia-operacao-carnaval-seguro-com-fiscalizacoes-e-acoes-de-educacao-para-o-transito\/#primaryimage\"},\"thumbnailUrl\":\"https:\/\/cleitonpinheiro.com.br\/site\/wp-content\/uploads\/2025\/02\/414494.jpg\",\"datePublished\":\"2025-02-26T17:44:40+00:00\",\"dateModified\":\"2025-03-05T11:54:22+00:00\",\"breadcrumb\":{\"@id\":\"https:\/\/cleitonpinheiro.com.br\/site\/detran-to-inicia-operacao-carnaval-seguro-com-fiscalizacoes-e-acoes-de-educacao-para-o-transito\/#breadcrumb\"},\"inLanguage\":\"pt-BR\",\"potentialAction\":[{\"@type\":\"ReadAction\",\"target\":[\"https:\/\/cleitonpinheiro.com.br\/site\/detran-to-inicia-operacao-carnaval-seguro-com-fiscalizacoes-e-acoes-de-educacao-para-o-transito\/\"]}]},{\"@type\":\"ImageObject\",\"inLanguage\":\"pt-BR\",\"@id\":\"https:\/\/cleitonpinheiro.com.br\/site\/detran-to-inicia-operacao-carnaval-seguro-com-fiscalizacoes-e-acoes-de-educacao-para-o-transito\/#primaryimage\",\"url\":\"https:\/\/cleitonpinheiro.com.br\/site\/wp-content\/uploads\/2025\/02\/414494.jpg\",\"contentUrl\":\"https:\/\/cleitonpinheiro.com.br\/site\/wp-content\/uploads\/2025\/02\/414494.jpg\",\"width\":883,\"height\":546},{\"@type\":\"BreadcrumbList\",\"@id\":\"https:\/\/cleitonpinheiro.com.br\/site\/detran-to-inicia-operacao-carnaval-seguro-com-fiscalizacoes-e-acoes-de-educacao-para-o-transito\/#breadcrumb\",\"itemListElement\":[{\"@type\":\"ListItem\",\"position\":1,\"name\":\"In\u00edcio\",\"item\":\"https:\/\/cleitonpinheiro.com.br\/site\/\"},{\"@type\":\"ListItem\",\"position\":2,\"name\":\"Detran\/TO inicia opera\u00e7\u00e3o Carnaval Seguro com fiscaliza\u00e7\u00f5es e a\u00e7\u00f5es de educa\u00e7\u00e3o para o tr\u00e2nsito\"}]},{\"@type\":\"WebSite\",\"@id\":\"https:\/\/cleitonpinheiro.com.br\/site\/#website\",\"url\":\"https:\/\/cleitonpinheiro.com.br\/site\/\",\"name\":\"PORTAL DE NOT\u00cdCIAS CLEITON PINHEIRO\",\"description\":\"FALANDO A VERDADE\",\"publisher\":{\"@id\":\"https:\/\/cleitonpinheiro.com.br\/site\/#organization\"},\"potentialAction\":[{\"@type\":\"SearchAction\",\"target\":{\"@type\":\"EntryPoint\",\"urlTemplate\":\"https:\/\/cleitonpinheiro.com.br\/site\/?s={search_term_string}\"},\"query-input\":{\"@type\":\"PropertyValueSpecification\",\"valueRequired\":true,\"valueName\":\"search_term_string\"}}],\"inLanguage\":\"pt-BR\"},{\"@type\":\"Organization\",\"@id\":\"https:\/\/cleitonpinheiro.com.br\/site\/#organization\",\"name\":\"CPNOT\u00cdCIAS\",\"url\":\"https:\/\/cleitonpinheiro.com.br\/site\/\",\"logo\":{\"@type\":\"ImageObject\",\"inLanguage\":\"pt-BR\",\"@id\":\"https:\/\/cleitonpinheiro.com.br\/site\/#\/schema\/logo\/image\/\",\"url\":\"https:\/\/cleitonpinheiro.com.br\/site\/wp-content\/uploads\/2022\/08\/Logo-pequena-2.png\",\"contentUrl\":\"https:\/\/cleitonpinheiro.com.br\/site\/wp-content\/uploads\/2022\/08\/Logo-pequena-2.png\",\"width\":500,\"height\":500,\"caption\":\"CPNOT\u00cdCIAS\"},\"image\":{\"@id\":\"https:\/\/cleitonpinheiro.com.br\/site\/#\/schema\/logo\/image\/\"},\"sameAs\":[\"https:\/\/www.facebook.com\/portalcpnoticias\/\"]},{\"@type\":\"Person\",\"@id\":\"https:\/\/cleitonpinheiro.com.br\/site\/#\/schema\/person\/8f04544e0bc40a1b68775b08360f87db\",\"name\":\"Reda\u00e7\u00e3o CP\",\"image\":{\"@type\":\"ImageObject\",\"inLanguage\":\"pt-BR\",\"@id\":\"https:\/\/cleitonpinheiro.com.br\/site\/#\/schema\/person\/image\/\",\"url\":\"https:\/\/secure.gravatar.com\/avatar\/0bcf19cb29fdc8fc588c490c7ae1b3e174dac268586a63fbe1d1893a0f9020cd?s=96&r=g\",\"contentUrl\":\"https:\/\/secure.gravatar.com\/avatar\/0bcf19cb29fdc8fc588c490c7ae1b3e174dac268586a63fbe1d1893a0f9020cd?s=96&r=g\",\"caption\":\"Reda\u00e7\u00e3o CP\"},\"url\":\"https:\/\/cleitonpinheiro.com.br\/site\/author\/redacao\/\"}]}<\/script>\n<!-- \/ Yoast SEO plugin. -->","yoast_head_json":{"title":"Detran\/TO inicia opera\u00e7\u00e3o Carnaval Seguro com fiscaliza\u00e7\u00f5es e a\u00e7\u00f5es de educa\u00e7\u00e3o para o tr\u00e2nsito - PORTAL DE NOT\u00cdCIAS CLEITON PINHEIRO","robots":{"index":"index","follow":"follow","max-snippet":"max-snippet:-1","max-image-preview":"max-image-preview:large","max-video-preview":"max-video-preview:-1"},"canonical":"https:\/\/cleitonpinheiro.com.br\/site\/detran-to-inicia-operacao-carnaval-seguro-com-fiscalizacoes-e-acoes-de-educacao-para-o-transito\/","og_locale":"pt_BR","og_type":"article","og_title":"Detran\/TO inicia opera\u00e7\u00e3o Carnaval Seguro com fiscaliza\u00e7\u00f5es e a\u00e7\u00f5es de educa\u00e7\u00e3o para o tr\u00e2nsito - PORTAL DE NOT\u00cdCIAS CLEITON PINHEIRO","og_description":"O Departamento Estadual de Tr\u00e2nsito do Tocantins (Detran\/TO) inicia, nesta semana, as primeiras a\u00e7\u00f5es da opera\u00e7\u00e3o&nbsp;Carnaval Seguro \u2013 Alegria com Responsabilidade. A opera\u00e7\u00e3o faz parte dos programas&nbsp;Foli\u00e3o Seguro,&nbsp;do Governo do Tocantins; e&nbsp;Rodovida, do governo federal, e ocorre de forma integrada com a Pol\u00edcia Militar do Tocantins (PMTO), o Corpo de Bombeiros Militar do Tocantins (CBMTO), [&hellip;]","og_url":"https:\/\/cleitonpinheiro.com.br\/site\/detran-to-inicia-operacao-carnaval-seguro-com-fiscalizacoes-e-acoes-de-educacao-para-o-transito\/","og_site_name":"PORTAL DE NOT\u00cdCIAS CLEITON PINHEIRO","article_publisher":"https:\/\/www.facebook.com\/portalcpnoticias\/","article_published_time":"2025-02-26T17:44:40+00:00","article_modified_time":"2025-03-05T11:54:22+00:00","og_image":[{"width":883,"height":546,"url":"https:\/\/cleitonpinheiro.com.br\/site\/wp-content\/uploads\/2025\/02\/414494.jpg","type":"image\/jpeg"}],"author":"Reda\u00e7\u00e3o CP","twitter_card":"summary_large_image","twitter_misc":{"Escrito por":"Reda\u00e7\u00e3o CP","Est. tempo de leitura":"3 minutos"},"schema":{"@context":"https:\/\/schema.org","@graph":[{"@type":"Article","@id":"https:\/\/cleitonpinheiro.com.br\/site\/detran-to-inicia-operacao-carnaval-seguro-com-fiscalizacoes-e-acoes-de-educacao-para-o-transito\/#article","isPartOf":{"@id":"https:\/\/cleitonpinheiro.com.br\/site\/detran-to-inicia-operacao-carnaval-seguro-com-fiscalizacoes-e-acoes-de-educacao-para-o-transito\/"},"author":{"name":"Reda\u00e7\u00e3o CP","@id":"https:\/\/cleitonpinheiro.com.br\/site\/#\/schema\/person\/8f04544e0bc40a1b68775b08360f87db"},"headline":"Detran\/TO inicia opera\u00e7\u00e3o Carnaval Seguro com fiscaliza\u00e7\u00f5es e a\u00e7\u00f5es de educa\u00e7\u00e3o para o tr\u00e2nsito","datePublished":"2025-02-26T17:44:40+00:00","dateModified":"2025-03-05T11:54:22+00:00","mainEntityOfPage":{"@id":"https:\/\/cleitonpinheiro.com.br\/site\/detran-to-inicia-operacao-carnaval-seguro-com-fiscalizacoes-e-acoes-de-educacao-para-o-transito\/"},"wordCount":499,"commentCount":0,"publisher":{"@id":"https:\/\/cleitonpinheiro.com.br\/site\/#organization"},"image":{"@id":"https:\/\/cleitonpinheiro.com.br\/site\/detran-to-inicia-operacao-carnaval-seguro-com-fiscalizacoes-e-acoes-de-educacao-para-o-transito\/#primaryimage"},"thumbnailUrl":"https:\/\/cleitonpinheiro.com.br\/site\/wp-content\/uploads\/2025\/02\/414494.jpg","articleSection":["ESTADO","MANCHETE SEGUND\u00c1RIA","TODAS NOTICIAS"],"inLanguage":"pt-BR","potentialAction":[{"@type":"CommentAction","name":"Comment","target":["https:\/\/cleitonpinheiro.com.br\/site\/detran-to-inicia-operacao-carnaval-seguro-com-fiscalizacoes-e-acoes-de-educacao-para-o-transito\/#respond"]}]},{"@type":"WebPage","@id":"https:\/\/cleitonpinheiro.com.br\/site\/detran-to-inicia-operacao-carnaval-seguro-com-fiscalizacoes-e-acoes-de-educacao-para-o-transito\/","url":"https:\/\/cleitonpinheiro.com.br\/site\/detran-to-inicia-operacao-carnaval-seguro-com-fiscalizacoes-e-acoes-de-educacao-para-o-transito\/","name":"Detran\/TO inicia opera\u00e7\u00e3o Carnaval Seguro com fiscaliza\u00e7\u00f5es e a\u00e7\u00f5es de educa\u00e7\u00e3o para o tr\u00e2nsito - PORTAL DE NOT\u00cdCIAS CLEITON PINHEIRO","isPartOf":{"@id":"https:\/\/cleitonpinheiro.com.br\/site\/#website"},"primaryImageOfPage":{"@id":"https:\/\/cleitonpinheiro.com.br\/site\/detran-to-inicia-operacao-carnaval-seguro-com-fiscalizacoes-e-acoes-de-educacao-para-o-transito\/#primaryimage"},"image":{"@id":"https:\/\/cleitonpinheiro.com.br\/site\/detran-to-inicia-operacao-carnaval-seguro-com-fiscalizacoes-e-acoes-de-educacao-para-o-transito\/#primaryimage"},"thumbnailUrl":"https:\/\/cleitonpinheiro.com.br\/site\/wp-content\/uploads\/2025\/02\/414494.jpg","datePublished":"2025-02-26T17:44:40+00:00","dateModified":"2025-03-05T11:54:22+00:00","breadcrumb":{"@id":"https:\/\/cleitonpinheiro.com.br\/site\/detran-to-inicia-operacao-carnaval-seguro-com-fiscalizacoes-e-acoes-de-educacao-para-o-transito\/#breadcrumb"},"inLanguage":"pt-BR","potentialAction":[{"@type":"ReadAction","target":["https:\/\/cleitonpinheiro.com.br\/site\/detran-to-inicia-operacao-carnaval-seguro-com-fiscalizacoes-e-acoes-de-educacao-para-o-transito\/"]}]},{"@type":"ImageObject","inLanguage":"pt-BR","@id":"https:\/\/cleitonpinheiro.com.br\/site\/detran-to-inicia-operacao-carnaval-seguro-com-fiscalizacoes-e-acoes-de-educacao-para-o-transito\/#primaryimage","url":"https:\/\/cleitonpinheiro.com.br\/site\/wp-content\/uploads\/2025\/02\/414494.jpg","contentUrl":"https:\/\/cleitonpinheiro.com.br\/site\/wp-content\/uploads\/2025\/02\/414494.jpg","width":883,"height":546},{"@type":"BreadcrumbList","@id":"https:\/\/cleitonpinheiro.com.br\/site\/detran-to-inicia-operacao-carnaval-seguro-com-fiscalizacoes-e-acoes-de-educacao-para-o-transito\/#breadcrumb","itemListElement":[{"@type":"ListItem","position":1,"name":"In\u00edcio","item":"https:\/\/cleitonpinheiro.com.br\/site\/"},{"@type":"ListItem","position":2,"name":"Detran\/TO inicia opera\u00e7\u00e3o Carnaval Seguro com fiscaliza\u00e7\u00f5es e a\u00e7\u00f5es de educa\u00e7\u00e3o para o tr\u00e2nsito"}]},{"@type":"WebSite","@id":"https:\/\/cleitonpinheiro.com.br\/site\/#website","url":"https:\/\/cleitonpinheiro.com.br\/site\/","name":"PORTAL DE NOT\u00cdCIAS CLEITON PINHEIRO","description":"FALANDO A VERDADE","publisher":{"@id":"https:\/\/cleitonpinheiro.com.br\/site\/#organization"},"potentialAction":[{"@type":"SearchAction","target":{"@type":"EntryPoint","urlTemplate":"https:\/\/cleitonpinheiro.com.br\/site\/?s={search_term_string}"},"query-input":{"@type":"PropertyValueSpecification","valueRequired":true,"valueName":"search_term_string"}}],"inLanguage":"pt-BR"},{"@type":"Organization","@id":"https:\/\/cleitonpinheiro.com.br\/site\/#organization","name":"CPNOT\u00cdCIAS","url":"https:\/\/cleitonpinheiro.com.br\/site\/","logo":{"@type":"ImageObject","inLanguage":"pt-BR","@id":"https:\/\/cleitonpinheiro.com.br\/site\/#\/schema\/logo\/image\/","url":"https:\/\/cleitonpinheiro.com.br\/site\/wp-content\/uploads\/2022\/08\/Logo-pequena-2.png","contentUrl":"https:\/\/cleitonpinheiro.com.br\/site\/wp-content\/uploads\/2022\/08\/Logo-pequena-2.png","width":500,"height":500,"caption":"CPNOT\u00cdCIAS"},"image":{"@id":"https:\/\/cleitonpinheiro.com.br\/site\/#\/schema\/logo\/image\/"},"sameAs":["https:\/\/www.facebook.com\/portalcpnoticias\/"]},{"@type":"Person","@id":"https:\/\/cleitonpinheiro.com.br\/site\/#\/schema\/person\/8f04544e0bc40a1b68775b08360f87db","name":"Reda\u00e7\u00e3o CP","image":{"@type":"ImageObject","inLanguage":"pt-BR","@id":"https:\/\/cleitonpinheiro.com.br\/site\/#\/schema\/person\/image\/","url":"https:\/\/secure.gravatar.com\/avatar\/0bcf19cb29fdc8fc588c490c7ae1b3e174dac268586a63fbe1d1893a0f9020cd?s=96&r=g","contentUrl":"https:\/\/secure.gravatar.com\/avatar\/0bcf19cb29fdc8fc588c490c7ae1b3e174dac268586a63fbe1d1893a0f9020cd?s=96&r=g","caption":"Reda\u00e7\u00e3o CP"},"url":"https:\/\/cleitonpinheiro.com.br\/site\/author\/redacao\/"}]}},"views":176,"_links":{"self":[{"href":"https:\/\/cleitonpinheiro.com.br\/site\/wp-json\/wp\/v2\/posts\/84721","targetHints":{"allow":["GET"]}}],"collection":[{"href":"https:\/\/cleitonpinheiro.com.br\/site\/wp-json\/wp\/v2\/posts"}],"about":[{"href":"https:\/\/cleitonpinheiro.com.br\/site\/wp-json\/wp\/v2\/types\/post"}],"author":[{"embeddable":true,"href":"https:\/\/cleitonpinheiro.com.br\/site\/wp-json\/wp\/v2\/users\/13"}],"replies":[{"embeddable":true,"href":"https:\/\/cleitonpinheiro.com.br\/site\/wp-json\/wp\/v2\/comments?post=84721"}],"version-history":[{"count":1,"href":"https:\/\/cleitonpinheiro.com.br\/site\/wp-json\/wp\/v2\/posts\/84721\/revisions"}],"predecessor-version":[{"id":84724,"href":"https:\/\/cleitonpinheiro.com.br\/site\/wp-json\/wp\/v2\/posts\/84721\/revisions\/84724"}],"wp:featuredmedia":[{"embeddable":true,"href":"https:\/\/cleitonpinheiro.com.br\/site\/wp-json\/wp\/v2\/media\/84723"}],"wp:attachment":[{"href":"https:\/\/cleitonpinheiro.com.br\/site\/wp-json\/wp\/v2\/media?parent=84721"}],"wp:term":[{"taxonomy":"category","embeddable":true,"href":"https:\/\/cleitonpinheiro.com.br\/site\/wp-json\/wp\/v2\/categories?post=84721"},{"taxonomy":"post_tag","embeddable":true,"href":"https:\/\/cleitonpinheiro.com.br\/site\/wp-json\/wp\/v2\/tags?post=84721"}],"curies":[{"name":"wp","href":"https:\/\/api.w.org\/{rel}","templated":true}]}}