{"id":85187,"date":"2025-04-15T13:44:50","date_gmt":"2025-04-15T16:44:50","guid":{"rendered":"https:\/\/cleitonpinheiro.com.br\/site\/?p=85187"},"modified":"2025-04-15T13:45:00","modified_gmt":"2025-04-15T16:45:00","slug":"com-apoio-do-governo-do-tocantins-21a-edicao-da-paixao-de-cristo-acontecera-na-proxima-sexta-feira","status":"publish","type":"post","link":"https:\/\/cleitonpinheiro.com.br\/site\/com-apoio-do-governo-do-tocantins-21a-edicao-da-paixao-de-cristo-acontecera-na-proxima-sexta-feira\/","title":{"rendered":"Com apoio do Governo do Tocantins, 21\u00aa edi\u00e7\u00e3o da Paix\u00e3o de Cristo acontecer\u00e1 na pr\u00f3xima sexta-feira"},"content":{"rendered":"\n<figure class=\"wp-block-image size-large\"><img fetchpriority=\"high\" decoding=\"async\" width=\"1024\" height=\"512\" src=\"https:\/\/cleitonpinheiro.com.br\/site\/wp-content\/uploads\/2025\/04\/paixao-de-cristo-1140x570-1-1024x512.jpeg\" alt=\"\" class=\"wp-image-85188\" srcset=\"https:\/\/cleitonpinheiro.com.br\/site\/wp-content\/uploads\/2025\/04\/paixao-de-cristo-1140x570-1-1024x512.jpeg 1024w, https:\/\/cleitonpinheiro.com.br\/site\/wp-content\/uploads\/2025\/04\/paixao-de-cristo-1140x570-1-300x150.jpeg 300w, https:\/\/cleitonpinheiro.com.br\/site\/wp-content\/uploads\/2025\/04\/paixao-de-cristo-1140x570-1-768x384.jpeg 768w, https:\/\/cleitonpinheiro.com.br\/site\/wp-content\/uploads\/2025\/04\/paixao-de-cristo-1140x570-1.jpeg 1140w\" sizes=\"(max-width: 1024px) 100vw, 1024px\" \/><figcaption class=\"wp-element-caption\">Foto: Flaviana OX \/ Governo do Tocantins\n<\/figcaption><\/figure>\n\n\n\n<p>Em mais uma edi\u00e7\u00e3o do espet\u00e1culo da Paix\u00e3o de Cristo, na pr\u00f3xima sexta-feira, 18, o p\u00fablico tocantinense dever\u00e1 se emocionar com o tradicional evento que acontece h\u00e1 mais de 20 anos no estado e que promete reunir milhares de pessoas na Pra\u00e7a dos Girass\u00f3is, em Palmas. A apresenta\u00e7\u00e3o \u00e9 realizada pela Cia Art\u2019Sacra e pelo Instituto Nativus, com apoio do Governo do Tocantins, por meio da Secretaria da Cultura (Secult). O evento acontece a partir das 19h e a entrada \u00e9 mediante a doa\u00e7\u00e3o de 2kg de alimentos n\u00e3o perec\u00edveis.<\/p>\n\n\n\n<p>Na edi\u00e7\u00e3o deste ano, o espet\u00e1culo contar\u00e1 com as participa\u00e7\u00f5es especiais da atriz Giselle Iti\u00e9 no papel de Maria e do ator Ivo Gandra, que interpretar\u00e1 Jesus. A pe\u00e7a conta com mais de 100 integrantes entre elenco, equipe t\u00e9cnica e voluntariado e tem dire\u00e7\u00e3o-geral de &nbsp;Valdeir Santana e dire\u00e7\u00e3o de elenco de Renato Fontanelli.<\/p>\n\n\n\n<p>Para o secret\u00e1rio da Cultura, Ti\u00e3o Pinheiro, \u201co espet\u00e1culo da Paix\u00e3o de Cristo j\u00e1 \u00e9 uma tradi\u00e7\u00e3o no Tocantins e o apoio do Governo do Tocantins-Secult segue a orienta\u00e7\u00e3o do governador Wanderlei Barbosa no fomento e fortalecimento do setor. Com 21 edi\u00e7\u00f5es, renovando-se a cada ano, o evento re\u00fane pessoas de todas as idades em uma manifesta\u00e7\u00e3o da cultura e f\u00e9. Ficamos felizes em contribuirmos com mais essa iniciativa\u201d, disse.<\/p>\n\n\n\n<p>\u201cAcredito que ser\u00e1 um momento muito emocionante. Para mim foi uma grata surpresa e um desafio fazer Maria de Nazar\u00e9. Ser\u00e1 uma experi\u00eancia bem diferente e muito bacana\u201d, destacou a atriz Gisele Iti\u00e9, conhecida pelo grande p\u00fablico por pap\u00e9is na TV, no cinema e no teatro.<\/p>\n\n\n\n<p>Natural de Porto Nacional, o ator Ivo Gandra tamb\u00e9m tem sua trajet\u00f3ria profissional marcada por produ\u00e7\u00f5es do cinema nacional e da TV e afirma que essa \u00e9 \u201cuma responsabilidade imensa e, ao mesmo tempo, um privil\u00e9gio. Interpretar Jesus em minha terra natal \u00e9 algo que transcende o of\u00edcio e se torna miss\u00e3o\u201d, contou.&nbsp;<\/p>\n\n\n\n<p><br><strong>Espet\u00e1culo<\/strong><br>Com mais de duas d\u00e9cadas de realiza\u00e7\u00e3o, o espet\u00e1culo da Paix\u00e3o de Cristo \u00e9 reconhecido oficialmente nos calend\u00e1rios culturais do Estado e do munic\u00edpio de Palmas, reafirmando o seu papel como um projeto art\u00edstico e social com grande impacto para o p\u00fablico da regi\u00e3o. De acordo com Valdeir Santana, a pe\u00e7a tem como objetivo \u201ctocar o cora\u00e7\u00e3o do p\u00fablico com verdade e beleza\u201d. J\u00e1 para Renato Fontanelli, ela representa \u201cum trabalho de precis\u00e3o e emo\u00e7\u00e3o. Estamos preparando uma montagem intensa e emocionante, por meio de uma narrativa que mergulha o p\u00fablico nessa hist\u00f3ria que atravessa os s\u00e9culos\u201d, finaliza.<\/p>\n\n\n\n<p>De acordo com a organiza\u00e7\u00e3o, as inscri\u00e7\u00f5es para participar da produ\u00e7\u00e3o volunt\u00e1ria ainda est\u00e3o abertas e podem ser feitas pelo site&nbsp;<a href=\"https:\/\/www.artsacra.com\/\" target=\"_blank\" rel=\"noreferrer noopener\">www.artsacra.com<\/a>, pelo e-mail&nbsp;<a href=\"mailto:artsacra.ciateatro@gmail.com\" target=\"_blank\" rel=\"noreferrer noopener\">artsacra.ciateatro@gmail.com<\/a>&nbsp;ou pelo telefone (63) 9 8427-1805. N\u00e3o \u00e9 necess\u00e1rio ter experi\u00eancia pr\u00e9via.<\/p>\n","protected":false},"excerpt":{"rendered":"<p>Em mais uma edi\u00e7\u00e3o do espet\u00e1culo da Paix\u00e3o de Cristo, na pr\u00f3xima sexta-feira, 18, o p\u00fablico tocantinense dever\u00e1 se emocionar com o tradicional evento que acontece h\u00e1 mais de 20 anos no estado e que promete reunir milhares de pessoas na Pra\u00e7a dos Girass\u00f3is, em Palmas. A apresenta\u00e7\u00e3o \u00e9 realizada pela Cia Art\u2019Sacra e pelo [&hellip;]<\/p>\n","protected":false},"author":13,"featured_media":85188,"comment_status":"open","ping_status":"open","sticky":false,"template":"","format":"standard","meta":{"_acf_changed":false,"footnotes":""},"categories":[22,898,21],"tags":[],"class_list":["post-85187","post","type-post","status-publish","format-standard","has-post-thumbnail","hentry","category-cidades","category-manchete-segundaria","category-todas-noticias"],"acf":[],"yoast_head":"<!-- This site is optimized with the Yoast SEO plugin v24.4 - https:\/\/yoast.com\/wordpress\/plugins\/seo\/ -->\n<title>Com apoio do Governo do Tocantins, 21\u00aa edi\u00e7\u00e3o da Paix\u00e3o de Cristo acontecer\u00e1 na pr\u00f3xima sexta-feira - PORTAL DE NOT\u00cdCIAS CLEITON PINHEIRO<\/title>\n<meta name=\"robots\" content=\"index, follow, max-snippet:-1, max-image-preview:large, max-video-preview:-1\" \/>\n<link rel=\"canonical\" href=\"https:\/\/cleitonpinheiro.com.br\/site\/com-apoio-do-governo-do-tocantins-21a-edicao-da-paixao-de-cristo-acontecera-na-proxima-sexta-feira\/\" \/>\n<meta property=\"og:locale\" content=\"pt_BR\" \/>\n<meta property=\"og:type\" content=\"article\" \/>\n<meta property=\"og:title\" content=\"Com apoio do Governo do Tocantins, 21\u00aa edi\u00e7\u00e3o da Paix\u00e3o de Cristo acontecer\u00e1 na pr\u00f3xima sexta-feira - PORTAL DE NOT\u00cdCIAS CLEITON PINHEIRO\" \/>\n<meta property=\"og:description\" content=\"Em mais uma edi\u00e7\u00e3o do espet\u00e1culo da Paix\u00e3o de Cristo, na pr\u00f3xima sexta-feira, 18, o p\u00fablico tocantinense dever\u00e1 se emocionar com o tradicional evento que acontece h\u00e1 mais de 20 anos no estado e que promete reunir milhares de pessoas na Pra\u00e7a dos Girass\u00f3is, em Palmas. A apresenta\u00e7\u00e3o \u00e9 realizada pela Cia Art\u2019Sacra e pelo [&hellip;]\" \/>\n<meta property=\"og:url\" content=\"https:\/\/cleitonpinheiro.com.br\/site\/com-apoio-do-governo-do-tocantins-21a-edicao-da-paixao-de-cristo-acontecera-na-proxima-sexta-feira\/\" \/>\n<meta property=\"og:site_name\" content=\"PORTAL DE NOT\u00cdCIAS CLEITON PINHEIRO\" \/>\n<meta property=\"article:publisher\" content=\"https:\/\/www.facebook.com\/portalcpnoticias\/\" \/>\n<meta property=\"article:published_time\" content=\"2025-04-15T16:44:50+00:00\" \/>\n<meta property=\"article:modified_time\" content=\"2025-04-15T16:45:00+00:00\" \/>\n<meta property=\"og:image\" content=\"https:\/\/cleitonpinheiro.com.br\/site\/wp-content\/uploads\/2025\/04\/paixao-de-cristo-1140x570-1.jpeg\" \/>\n\t<meta property=\"og:image:width\" content=\"1140\" \/>\n\t<meta property=\"og:image:height\" content=\"570\" \/>\n\t<meta property=\"og:image:type\" content=\"image\/jpeg\" \/>\n<meta name=\"author\" content=\"Reda\u00e7\u00e3o CP\" \/>\n<meta name=\"twitter:card\" content=\"summary_large_image\" \/>\n<meta name=\"twitter:label1\" content=\"Escrito por\" \/>\n\t<meta name=\"twitter:data1\" content=\"Reda\u00e7\u00e3o CP\" \/>\n\t<meta name=\"twitter:label2\" content=\"Est. tempo de leitura\" \/>\n\t<meta name=\"twitter:data2\" content=\"3 minutos\" \/>\n<script type=\"application\/ld+json\" class=\"yoast-schema-graph\">{\"@context\":\"https:\/\/schema.org\",\"@graph\":[{\"@type\":\"Article\",\"@id\":\"https:\/\/cleitonpinheiro.com.br\/site\/com-apoio-do-governo-do-tocantins-21a-edicao-da-paixao-de-cristo-acontecera-na-proxima-sexta-feira\/#article\",\"isPartOf\":{\"@id\":\"https:\/\/cleitonpinheiro.com.br\/site\/com-apoio-do-governo-do-tocantins-21a-edicao-da-paixao-de-cristo-acontecera-na-proxima-sexta-feira\/\"},\"author\":{\"name\":\"Reda\u00e7\u00e3o CP\",\"@id\":\"https:\/\/cleitonpinheiro.com.br\/site\/#\/schema\/person\/8f04544e0bc40a1b68775b08360f87db\"},\"headline\":\"Com apoio do Governo do Tocantins, 21\u00aa edi\u00e7\u00e3o da Paix\u00e3o de Cristo acontecer\u00e1 na pr\u00f3xima sexta-feira\",\"datePublished\":\"2025-04-15T16:44:50+00:00\",\"dateModified\":\"2025-04-15T16:45:00+00:00\",\"mainEntityOfPage\":{\"@id\":\"https:\/\/cleitonpinheiro.com.br\/site\/com-apoio-do-governo-do-tocantins-21a-edicao-da-paixao-de-cristo-acontecera-na-proxima-sexta-feira\/\"},\"wordCount\":534,\"commentCount\":0,\"publisher\":{\"@id\":\"https:\/\/cleitonpinheiro.com.br\/site\/#organization\"},\"image\":{\"@id\":\"https:\/\/cleitonpinheiro.com.br\/site\/com-apoio-do-governo-do-tocantins-21a-edicao-da-paixao-de-cristo-acontecera-na-proxima-sexta-feira\/#primaryimage\"},\"thumbnailUrl\":\"https:\/\/cleitonpinheiro.com.br\/site\/wp-content\/uploads\/2025\/04\/paixao-de-cristo-1140x570-1.jpeg\",\"articleSection\":[\"CIDADES\",\"MANCHETE SEGUND\u00c1RIA\",\"TODAS NOTICIAS\"],\"inLanguage\":\"pt-BR\",\"potentialAction\":[{\"@type\":\"CommentAction\",\"name\":\"Comment\",\"target\":[\"https:\/\/cleitonpinheiro.com.br\/site\/com-apoio-do-governo-do-tocantins-21a-edicao-da-paixao-de-cristo-acontecera-na-proxima-sexta-feira\/#respond\"]}]},{\"@type\":\"WebPage\",\"@id\":\"https:\/\/cleitonpinheiro.com.br\/site\/com-apoio-do-governo-do-tocantins-21a-edicao-da-paixao-de-cristo-acontecera-na-proxima-sexta-feira\/\",\"url\":\"https:\/\/cleitonpinheiro.com.br\/site\/com-apoio-do-governo-do-tocantins-21a-edicao-da-paixao-de-cristo-acontecera-na-proxima-sexta-feira\/\",\"name\":\"Com apoio do Governo do Tocantins, 21\u00aa edi\u00e7\u00e3o da Paix\u00e3o de Cristo acontecer\u00e1 na pr\u00f3xima sexta-feira - PORTAL DE NOT\u00cdCIAS CLEITON PINHEIRO\",\"isPartOf\":{\"@id\":\"https:\/\/cleitonpinheiro.com.br\/site\/#website\"},\"primaryImageOfPage\":{\"@id\":\"https:\/\/cleitonpinheiro.com.br\/site\/com-apoio-do-governo-do-tocantins-21a-edicao-da-paixao-de-cristo-acontecera-na-proxima-sexta-feira\/#primaryimage\"},\"image\":{\"@id\":\"https:\/\/cleitonpinheiro.com.br\/site\/com-apoio-do-governo-do-tocantins-21a-edicao-da-paixao-de-cristo-acontecera-na-proxima-sexta-feira\/#primaryimage\"},\"thumbnailUrl\":\"https:\/\/cleitonpinheiro.com.br\/site\/wp-content\/uploads\/2025\/04\/paixao-de-cristo-1140x570-1.jpeg\",\"datePublished\":\"2025-04-15T16:44:50+00:00\",\"dateModified\":\"2025-04-15T16:45:00+00:00\",\"breadcrumb\":{\"@id\":\"https:\/\/cleitonpinheiro.com.br\/site\/com-apoio-do-governo-do-tocantins-21a-edicao-da-paixao-de-cristo-acontecera-na-proxima-sexta-feira\/#breadcrumb\"},\"inLanguage\":\"pt-BR\",\"potentialAction\":[{\"@type\":\"ReadAction\",\"target\":[\"https:\/\/cleitonpinheiro.com.br\/site\/com-apoio-do-governo-do-tocantins-21a-edicao-da-paixao-de-cristo-acontecera-na-proxima-sexta-feira\/\"]}]},{\"@type\":\"ImageObject\",\"inLanguage\":\"pt-BR\",\"@id\":\"https:\/\/cleitonpinheiro.com.br\/site\/com-apoio-do-governo-do-tocantins-21a-edicao-da-paixao-de-cristo-acontecera-na-proxima-sexta-feira\/#primaryimage\",\"url\":\"https:\/\/cleitonpinheiro.com.br\/site\/wp-content\/uploads\/2025\/04\/paixao-de-cristo-1140x570-1.jpeg\",\"contentUrl\":\"https:\/\/cleitonpinheiro.com.br\/site\/wp-content\/uploads\/2025\/04\/paixao-de-cristo-1140x570-1.jpeg\",\"width\":1140,\"height\":570,\"caption\":\"Foto: Flaviana OX \/ Governo do Tocantins\"},{\"@type\":\"BreadcrumbList\",\"@id\":\"https:\/\/cleitonpinheiro.com.br\/site\/com-apoio-do-governo-do-tocantins-21a-edicao-da-paixao-de-cristo-acontecera-na-proxima-sexta-feira\/#breadcrumb\",\"itemListElement\":[{\"@type\":\"ListItem\",\"position\":1,\"name\":\"In\u00edcio\",\"item\":\"https:\/\/cleitonpinheiro.com.br\/site\/\"},{\"@type\":\"ListItem\",\"position\":2,\"name\":\"Com apoio do Governo do Tocantins, 21\u00aa edi\u00e7\u00e3o da Paix\u00e3o de Cristo acontecer\u00e1 na pr\u00f3xima sexta-feira\"}]},{\"@type\":\"WebSite\",\"@id\":\"https:\/\/cleitonpinheiro.com.br\/site\/#website\",\"url\":\"https:\/\/cleitonpinheiro.com.br\/site\/\",\"name\":\"PORTAL DE NOT\u00cdCIAS CLEITON PINHEIRO\",\"description\":\"FALANDO A VERDADE\",\"publisher\":{\"@id\":\"https:\/\/cleitonpinheiro.com.br\/site\/#organization\"},\"potentialAction\":[{\"@type\":\"SearchAction\",\"target\":{\"@type\":\"EntryPoint\",\"urlTemplate\":\"https:\/\/cleitonpinheiro.com.br\/site\/?s={search_term_string}\"},\"query-input\":{\"@type\":\"PropertyValueSpecification\",\"valueRequired\":true,\"valueName\":\"search_term_string\"}}],\"inLanguage\":\"pt-BR\"},{\"@type\":\"Organization\",\"@id\":\"https:\/\/cleitonpinheiro.com.br\/site\/#organization\",\"name\":\"CPNOT\u00cdCIAS\",\"url\":\"https:\/\/cleitonpinheiro.com.br\/site\/\",\"logo\":{\"@type\":\"ImageObject\",\"inLanguage\":\"pt-BR\",\"@id\":\"https:\/\/cleitonpinheiro.com.br\/site\/#\/schema\/logo\/image\/\",\"url\":\"https:\/\/cleitonpinheiro.com.br\/site\/wp-content\/uploads\/2022\/08\/Logo-pequena-2.png\",\"contentUrl\":\"https:\/\/cleitonpinheiro.com.br\/site\/wp-content\/uploads\/2022\/08\/Logo-pequena-2.png\",\"width\":500,\"height\":500,\"caption\":\"CPNOT\u00cdCIAS\"},\"image\":{\"@id\":\"https:\/\/cleitonpinheiro.com.br\/site\/#\/schema\/logo\/image\/\"},\"sameAs\":[\"https:\/\/www.facebook.com\/portalcpnoticias\/\"]},{\"@type\":\"Person\",\"@id\":\"https:\/\/cleitonpinheiro.com.br\/site\/#\/schema\/person\/8f04544e0bc40a1b68775b08360f87db\",\"name\":\"Reda\u00e7\u00e3o CP\",\"image\":{\"@type\":\"ImageObject\",\"inLanguage\":\"pt-BR\",\"@id\":\"https:\/\/cleitonpinheiro.com.br\/site\/#\/schema\/person\/image\/\",\"url\":\"https:\/\/secure.gravatar.com\/avatar\/0bcf19cb29fdc8fc588c490c7ae1b3e174dac268586a63fbe1d1893a0f9020cd?s=96&r=g\",\"contentUrl\":\"https:\/\/secure.gravatar.com\/avatar\/0bcf19cb29fdc8fc588c490c7ae1b3e174dac268586a63fbe1d1893a0f9020cd?s=96&r=g\",\"caption\":\"Reda\u00e7\u00e3o CP\"},\"url\":\"https:\/\/cleitonpinheiro.com.br\/site\/author\/redacao\/\"}]}<\/script>\n<!-- \/ Yoast SEO plugin. -->","yoast_head_json":{"title":"Com apoio do Governo do Tocantins, 21\u00aa edi\u00e7\u00e3o da Paix\u00e3o de Cristo acontecer\u00e1 na pr\u00f3xima sexta-feira - PORTAL DE NOT\u00cdCIAS CLEITON PINHEIRO","robots":{"index":"index","follow":"follow","max-snippet":"max-snippet:-1","max-image-preview":"max-image-preview:large","max-video-preview":"max-video-preview:-1"},"canonical":"https:\/\/cleitonpinheiro.com.br\/site\/com-apoio-do-governo-do-tocantins-21a-edicao-da-paixao-de-cristo-acontecera-na-proxima-sexta-feira\/","og_locale":"pt_BR","og_type":"article","og_title":"Com apoio do Governo do Tocantins, 21\u00aa edi\u00e7\u00e3o da Paix\u00e3o de Cristo acontecer\u00e1 na pr\u00f3xima sexta-feira - PORTAL DE NOT\u00cdCIAS CLEITON PINHEIRO","og_description":"Em mais uma edi\u00e7\u00e3o do espet\u00e1culo da Paix\u00e3o de Cristo, na pr\u00f3xima sexta-feira, 18, o p\u00fablico tocantinense dever\u00e1 se emocionar com o tradicional evento que acontece h\u00e1 mais de 20 anos no estado e que promete reunir milhares de pessoas na Pra\u00e7a dos Girass\u00f3is, em Palmas. A apresenta\u00e7\u00e3o \u00e9 realizada pela Cia Art\u2019Sacra e pelo [&hellip;]","og_url":"https:\/\/cleitonpinheiro.com.br\/site\/com-apoio-do-governo-do-tocantins-21a-edicao-da-paixao-de-cristo-acontecera-na-proxima-sexta-feira\/","og_site_name":"PORTAL DE NOT\u00cdCIAS CLEITON PINHEIRO","article_publisher":"https:\/\/www.facebook.com\/portalcpnoticias\/","article_published_time":"2025-04-15T16:44:50+00:00","article_modified_time":"2025-04-15T16:45:00+00:00","og_image":[{"width":1140,"height":570,"url":"https:\/\/cleitonpinheiro.com.br\/site\/wp-content\/uploads\/2025\/04\/paixao-de-cristo-1140x570-1.jpeg","type":"image\/jpeg"}],"author":"Reda\u00e7\u00e3o CP","twitter_card":"summary_large_image","twitter_misc":{"Escrito por":"Reda\u00e7\u00e3o CP","Est. tempo de leitura":"3 minutos"},"schema":{"@context":"https:\/\/schema.org","@graph":[{"@type":"Article","@id":"https:\/\/cleitonpinheiro.com.br\/site\/com-apoio-do-governo-do-tocantins-21a-edicao-da-paixao-de-cristo-acontecera-na-proxima-sexta-feira\/#article","isPartOf":{"@id":"https:\/\/cleitonpinheiro.com.br\/site\/com-apoio-do-governo-do-tocantins-21a-edicao-da-paixao-de-cristo-acontecera-na-proxima-sexta-feira\/"},"author":{"name":"Reda\u00e7\u00e3o CP","@id":"https:\/\/cleitonpinheiro.com.br\/site\/#\/schema\/person\/8f04544e0bc40a1b68775b08360f87db"},"headline":"Com apoio do Governo do Tocantins, 21\u00aa edi\u00e7\u00e3o da Paix\u00e3o de Cristo acontecer\u00e1 na pr\u00f3xima sexta-feira","datePublished":"2025-04-15T16:44:50+00:00","dateModified":"2025-04-15T16:45:00+00:00","mainEntityOfPage":{"@id":"https:\/\/cleitonpinheiro.com.br\/site\/com-apoio-do-governo-do-tocantins-21a-edicao-da-paixao-de-cristo-acontecera-na-proxima-sexta-feira\/"},"wordCount":534,"commentCount":0,"publisher":{"@id":"https:\/\/cleitonpinheiro.com.br\/site\/#organization"},"image":{"@id":"https:\/\/cleitonpinheiro.com.br\/site\/com-apoio-do-governo-do-tocantins-21a-edicao-da-paixao-de-cristo-acontecera-na-proxima-sexta-feira\/#primaryimage"},"thumbnailUrl":"https:\/\/cleitonpinheiro.com.br\/site\/wp-content\/uploads\/2025\/04\/paixao-de-cristo-1140x570-1.jpeg","articleSection":["CIDADES","MANCHETE SEGUND\u00c1RIA","TODAS NOTICIAS"],"inLanguage":"pt-BR","potentialAction":[{"@type":"CommentAction","name":"Comment","target":["https:\/\/cleitonpinheiro.com.br\/site\/com-apoio-do-governo-do-tocantins-21a-edicao-da-paixao-de-cristo-acontecera-na-proxima-sexta-feira\/#respond"]}]},{"@type":"WebPage","@id":"https:\/\/cleitonpinheiro.com.br\/site\/com-apoio-do-governo-do-tocantins-21a-edicao-da-paixao-de-cristo-acontecera-na-proxima-sexta-feira\/","url":"https:\/\/cleitonpinheiro.com.br\/site\/com-apoio-do-governo-do-tocantins-21a-edicao-da-paixao-de-cristo-acontecera-na-proxima-sexta-feira\/","name":"Com apoio do Governo do Tocantins, 21\u00aa edi\u00e7\u00e3o da Paix\u00e3o de Cristo acontecer\u00e1 na pr\u00f3xima sexta-feira - PORTAL DE NOT\u00cdCIAS CLEITON PINHEIRO","isPartOf":{"@id":"https:\/\/cleitonpinheiro.com.br\/site\/#website"},"primaryImageOfPage":{"@id":"https:\/\/cleitonpinheiro.com.br\/site\/com-apoio-do-governo-do-tocantins-21a-edicao-da-paixao-de-cristo-acontecera-na-proxima-sexta-feira\/#primaryimage"},"image":{"@id":"https:\/\/cleitonpinheiro.com.br\/site\/com-apoio-do-governo-do-tocantins-21a-edicao-da-paixao-de-cristo-acontecera-na-proxima-sexta-feira\/#primaryimage"},"thumbnailUrl":"https:\/\/cleitonpinheiro.com.br\/site\/wp-content\/uploads\/2025\/04\/paixao-de-cristo-1140x570-1.jpeg","datePublished":"2025-04-15T16:44:50+00:00","dateModified":"2025-04-15T16:45:00+00:00","breadcrumb":{"@id":"https:\/\/cleitonpinheiro.com.br\/site\/com-apoio-do-governo-do-tocantins-21a-edicao-da-paixao-de-cristo-acontecera-na-proxima-sexta-feira\/#breadcrumb"},"inLanguage":"pt-BR","potentialAction":[{"@type":"ReadAction","target":["https:\/\/cleitonpinheiro.com.br\/site\/com-apoio-do-governo-do-tocantins-21a-edicao-da-paixao-de-cristo-acontecera-na-proxima-sexta-feira\/"]}]},{"@type":"ImageObject","inLanguage":"pt-BR","@id":"https:\/\/cleitonpinheiro.com.br\/site\/com-apoio-do-governo-do-tocantins-21a-edicao-da-paixao-de-cristo-acontecera-na-proxima-sexta-feira\/#primaryimage","url":"https:\/\/cleitonpinheiro.com.br\/site\/wp-content\/uploads\/2025\/04\/paixao-de-cristo-1140x570-1.jpeg","contentUrl":"https:\/\/cleitonpinheiro.com.br\/site\/wp-content\/uploads\/2025\/04\/paixao-de-cristo-1140x570-1.jpeg","width":1140,"height":570,"caption":"Foto: Flaviana OX \/ Governo do Tocantins"},{"@type":"BreadcrumbList","@id":"https:\/\/cleitonpinheiro.com.br\/site\/com-apoio-do-governo-do-tocantins-21a-edicao-da-paixao-de-cristo-acontecera-na-proxima-sexta-feira\/#breadcrumb","itemListElement":[{"@type":"ListItem","position":1,"name":"In\u00edcio","item":"https:\/\/cleitonpinheiro.com.br\/site\/"},{"@type":"ListItem","position":2,"name":"Com apoio do Governo do Tocantins, 21\u00aa edi\u00e7\u00e3o da Paix\u00e3o de Cristo acontecer\u00e1 na pr\u00f3xima sexta-feira"}]},{"@type":"WebSite","@id":"https:\/\/cleitonpinheiro.com.br\/site\/#website","url":"https:\/\/cleitonpinheiro.com.br\/site\/","name":"PORTAL DE NOT\u00cdCIAS CLEITON PINHEIRO","description":"FALANDO A VERDADE","publisher":{"@id":"https:\/\/cleitonpinheiro.com.br\/site\/#organization"},"potentialAction":[{"@type":"SearchAction","target":{"@type":"EntryPoint","urlTemplate":"https:\/\/cleitonpinheiro.com.br\/site\/?s={search_term_string}"},"query-input":{"@type":"PropertyValueSpecification","valueRequired":true,"valueName":"search_term_string"}}],"inLanguage":"pt-BR"},{"@type":"Organization","@id":"https:\/\/cleitonpinheiro.com.br\/site\/#organization","name":"CPNOT\u00cdCIAS","url":"https:\/\/cleitonpinheiro.com.br\/site\/","logo":{"@type":"ImageObject","inLanguage":"pt-BR","@id":"https:\/\/cleitonpinheiro.com.br\/site\/#\/schema\/logo\/image\/","url":"https:\/\/cleitonpinheiro.com.br\/site\/wp-content\/uploads\/2022\/08\/Logo-pequena-2.png","contentUrl":"https:\/\/cleitonpinheiro.com.br\/site\/wp-content\/uploads\/2022\/08\/Logo-pequena-2.png","width":500,"height":500,"caption":"CPNOT\u00cdCIAS"},"image":{"@id":"https:\/\/cleitonpinheiro.com.br\/site\/#\/schema\/logo\/image\/"},"sameAs":["https:\/\/www.facebook.com\/portalcpnoticias\/"]},{"@type":"Person","@id":"https:\/\/cleitonpinheiro.com.br\/site\/#\/schema\/person\/8f04544e0bc40a1b68775b08360f87db","name":"Reda\u00e7\u00e3o CP","image":{"@type":"ImageObject","inLanguage":"pt-BR","@id":"https:\/\/cleitonpinheiro.com.br\/site\/#\/schema\/person\/image\/","url":"https:\/\/secure.gravatar.com\/avatar\/0bcf19cb29fdc8fc588c490c7ae1b3e174dac268586a63fbe1d1893a0f9020cd?s=96&r=g","contentUrl":"https:\/\/secure.gravatar.com\/avatar\/0bcf19cb29fdc8fc588c490c7ae1b3e174dac268586a63fbe1d1893a0f9020cd?s=96&r=g","caption":"Reda\u00e7\u00e3o CP"},"url":"https:\/\/cleitonpinheiro.com.br\/site\/author\/redacao\/"}]}},"views":151,"_links":{"self":[{"href":"https:\/\/cleitonpinheiro.com.br\/site\/wp-json\/wp\/v2\/posts\/85187","targetHints":{"allow":["GET"]}}],"collection":[{"href":"https:\/\/cleitonpinheiro.com.br\/site\/wp-json\/wp\/v2\/posts"}],"about":[{"href":"https:\/\/cleitonpinheiro.com.br\/site\/wp-json\/wp\/v2\/types\/post"}],"author":[{"embeddable":true,"href":"https:\/\/cleitonpinheiro.com.br\/site\/wp-json\/wp\/v2\/users\/13"}],"replies":[{"embeddable":true,"href":"https:\/\/cleitonpinheiro.com.br\/site\/wp-json\/wp\/v2\/comments?post=85187"}],"version-history":[{"count":1,"href":"https:\/\/cleitonpinheiro.com.br\/site\/wp-json\/wp\/v2\/posts\/85187\/revisions"}],"predecessor-version":[{"id":85189,"href":"https:\/\/cleitonpinheiro.com.br\/site\/wp-json\/wp\/v2\/posts\/85187\/revisions\/85189"}],"wp:featuredmedia":[{"embeddable":true,"href":"https:\/\/cleitonpinheiro.com.br\/site\/wp-json\/wp\/v2\/media\/85188"}],"wp:attachment":[{"href":"https:\/\/cleitonpinheiro.com.br\/site\/wp-json\/wp\/v2\/media?parent=85187"}],"wp:term":[{"taxonomy":"category","embeddable":true,"href":"https:\/\/cleitonpinheiro.com.br\/site\/wp-json\/wp\/v2\/categories?post=85187"},{"taxonomy":"post_tag","embeddable":true,"href":"https:\/\/cleitonpinheiro.com.br\/site\/wp-json\/wp\/v2\/tags?post=85187"}],"curies":[{"name":"wp","href":"https:\/\/api.w.org\/{rel}","templated":true}]}}