{"id":85269,"date":"2025-04-24T09:53:07","date_gmt":"2025-04-24T12:53:07","guid":{"rendered":"https:\/\/cleitonpinheiro.com.br\/site\/?p=85269"},"modified":"2025-04-24T09:53:12","modified_gmt":"2025-04-24T12:53:12","slug":"governo-do-tocantins-antecipa-pagamento-para-esta-sexta-feira-25","status":"publish","type":"post","link":"https:\/\/cleitonpinheiro.com.br\/site\/governo-do-tocantins-antecipa-pagamento-para-esta-sexta-feira-25\/","title":{"rendered":"Governo do Tocantins antecipa pagamento para esta sexta-feira, 25"},"content":{"rendered":"\n<figure class=\"wp-block-image size-full\"><img decoding=\"async\" src=\"https:\/\/cleitonpinheiro.com.br\/site\/wp-content\/uploads\/2024\/10\/01-Palacio-Araguaia-Foto-Antonio-Goncalves-1.jpg\" alt=\"\" class=\"wp-image-82217\"\/><\/figure>\n\n\n\n<p>O Governo do Tocantins antecipou, em mais um dia, o pagamento dos sal\u00e1rios dos servidores p\u00fablicos estaduais. Com isso, os vencimentos estar\u00e3o dispon\u00edveis para saque j\u00e1 nas primeiras horas desta sexta-feira, 25. A medida injeta R$ 286.582.094,71 na economia tocantinense, fortalecendo o com\u00e9rcio e movimentando diversos setores do estado.<\/p>\n\n\n\n<p><strong>Piso da enfermagem<\/strong><\/p>\n\n\n\n<p>Tamb\u00e9m na sexta-feira, 25, o Governo do Tocantins repassa o piso da enfermagem, em folha complementar elaborada pela Secretaria de Estado da Sa\u00fade (SES\/TO), em parceria com a Secretaria de Estado da Administra\u00e7\u00e3o (Secad).<\/p>\n","protected":false},"excerpt":{"rendered":"<p>O Governo do Tocantins antecipou, em mais um dia, o pagamento dos sal\u00e1rios dos servidores p\u00fablicos estaduais. Com isso, os vencimentos estar\u00e3o dispon\u00edveis para saque j\u00e1 nas primeiras horas desta sexta-feira, 25. A medida injeta R$ 286.582.094,71 na economia tocantinense, fortalecendo o com\u00e9rcio e movimentando diversos setores do estado. Piso da enfermagem Tamb\u00e9m na sexta-feira, [&hellip;]<\/p>\n","protected":false},"author":13,"featured_media":0,"comment_status":"open","ping_status":"open","sticky":false,"template":"","format":"standard","meta":{"_acf_changed":false,"footnotes":""},"categories":[25,898,21],"tags":[],"class_list":["post-85269","post","type-post","status-publish","format-standard","hentry","category-funcionalismo","category-manchete-segundaria","category-todas-noticias"],"acf":[],"yoast_head":"<!-- This site is optimized with the Yoast SEO plugin v24.4 - https:\/\/yoast.com\/wordpress\/plugins\/seo\/ -->\n<title>Governo do Tocantins antecipa pagamento para esta sexta-feira, 25 - PORTAL DE NOT\u00cdCIAS CLEITON PINHEIRO<\/title>\n<meta name=\"robots\" content=\"index, follow, max-snippet:-1, max-image-preview:large, max-video-preview:-1\" \/>\n<link rel=\"canonical\" href=\"https:\/\/cleitonpinheiro.com.br\/site\/governo-do-tocantins-antecipa-pagamento-para-esta-sexta-feira-25\/\" \/>\n<meta property=\"og:locale\" content=\"pt_BR\" \/>\n<meta property=\"og:type\" content=\"article\" \/>\n<meta property=\"og:title\" content=\"Governo do Tocantins antecipa pagamento para esta sexta-feira, 25 - PORTAL DE NOT\u00cdCIAS CLEITON PINHEIRO\" \/>\n<meta property=\"og:description\" content=\"O Governo do Tocantins antecipou, em mais um dia, o pagamento dos sal\u00e1rios dos servidores p\u00fablicos estaduais. Com isso, os vencimentos estar\u00e3o dispon\u00edveis para saque j\u00e1 nas primeiras horas desta sexta-feira, 25. A medida injeta R$ 286.582.094,71 na economia tocantinense, fortalecendo o com\u00e9rcio e movimentando diversos setores do estado. Piso da enfermagem Tamb\u00e9m na sexta-feira, [&hellip;]\" \/>\n<meta property=\"og:url\" content=\"https:\/\/cleitonpinheiro.com.br\/site\/governo-do-tocantins-antecipa-pagamento-para-esta-sexta-feira-25\/\" \/>\n<meta property=\"og:site_name\" content=\"PORTAL DE NOT\u00cdCIAS CLEITON PINHEIRO\" \/>\n<meta property=\"article:publisher\" content=\"https:\/\/www.facebook.com\/portalcpnoticias\/\" \/>\n<meta property=\"article:published_time\" content=\"2025-04-24T12:53:07+00:00\" \/>\n<meta property=\"article:modified_time\" content=\"2025-04-24T12:53:12+00:00\" \/>\n<meta property=\"og:image\" content=\"https:\/\/cleitonpinheiro.com.br\/site\/wp-content\/uploads\/2024\/10\/01-Palacio-Araguaia-Foto-Antonio-Goncalves-1.jpg\" \/>\n\t<meta property=\"og:image:width\" content=\"1000\" \/>\n\t<meta property=\"og:image:height\" content=\"534\" \/>\n\t<meta property=\"og:image:type\" content=\"image\/jpeg\" \/>\n<meta name=\"author\" content=\"Reda\u00e7\u00e3o CP\" \/>\n<meta name=\"twitter:card\" content=\"summary_large_image\" \/>\n<meta name=\"twitter:label1\" content=\"Escrito por\" \/>\n\t<meta name=\"twitter:data1\" content=\"Reda\u00e7\u00e3o CP\" \/>\n\t<meta name=\"twitter:label2\" content=\"Est. tempo de leitura\" \/>\n\t<meta name=\"twitter:data2\" content=\"1 minuto\" \/>\n<script type=\"application\/ld+json\" class=\"yoast-schema-graph\">{\"@context\":\"https:\/\/schema.org\",\"@graph\":[{\"@type\":\"Article\",\"@id\":\"https:\/\/cleitonpinheiro.com.br\/site\/governo-do-tocantins-antecipa-pagamento-para-esta-sexta-feira-25\/#article\",\"isPartOf\":{\"@id\":\"https:\/\/cleitonpinheiro.com.br\/site\/governo-do-tocantins-antecipa-pagamento-para-esta-sexta-feira-25\/\"},\"author\":{\"name\":\"Reda\u00e7\u00e3o CP\",\"@id\":\"https:\/\/cleitonpinheiro.com.br\/site\/#\/schema\/person\/8f04544e0bc40a1b68775b08360f87db\"},\"headline\":\"Governo do Tocantins antecipa pagamento para esta sexta-feira, 25\",\"datePublished\":\"2025-04-24T12:53:07+00:00\",\"dateModified\":\"2025-04-24T12:53:12+00:00\",\"mainEntityOfPage\":{\"@id\":\"https:\/\/cleitonpinheiro.com.br\/site\/governo-do-tocantins-antecipa-pagamento-para-esta-sexta-feira-25\/\"},\"wordCount\":100,\"commentCount\":0,\"publisher\":{\"@id\":\"https:\/\/cleitonpinheiro.com.br\/site\/#organization\"},\"image\":{\"@id\":\"https:\/\/cleitonpinheiro.com.br\/site\/governo-do-tocantins-antecipa-pagamento-para-esta-sexta-feira-25\/#primaryimage\"},\"thumbnailUrl\":\"https:\/\/cleitonpinheiro.com.br\/site\/wp-content\/uploads\/2024\/10\/01-Palacio-Araguaia-Foto-Antonio-Goncalves-1.jpg\",\"articleSection\":[\"FUNCIONALISMO\",\"MANCHETE SEGUND\u00c1RIA\",\"TODAS NOTICIAS\"],\"inLanguage\":\"pt-BR\",\"potentialAction\":[{\"@type\":\"CommentAction\",\"name\":\"Comment\",\"target\":[\"https:\/\/cleitonpinheiro.com.br\/site\/governo-do-tocantins-antecipa-pagamento-para-esta-sexta-feira-25\/#respond\"]}]},{\"@type\":\"WebPage\",\"@id\":\"https:\/\/cleitonpinheiro.com.br\/site\/governo-do-tocantins-antecipa-pagamento-para-esta-sexta-feira-25\/\",\"url\":\"https:\/\/cleitonpinheiro.com.br\/site\/governo-do-tocantins-antecipa-pagamento-para-esta-sexta-feira-25\/\",\"name\":\"Governo do Tocantins antecipa pagamento para esta sexta-feira, 25 - PORTAL DE NOT\u00cdCIAS CLEITON PINHEIRO\",\"isPartOf\":{\"@id\":\"https:\/\/cleitonpinheiro.com.br\/site\/#website\"},\"primaryImageOfPage\":{\"@id\":\"https:\/\/cleitonpinheiro.com.br\/site\/governo-do-tocantins-antecipa-pagamento-para-esta-sexta-feira-25\/#primaryimage\"},\"image\":{\"@id\":\"https:\/\/cleitonpinheiro.com.br\/site\/governo-do-tocantins-antecipa-pagamento-para-esta-sexta-feira-25\/#primaryimage\"},\"thumbnailUrl\":\"https:\/\/cleitonpinheiro.com.br\/site\/wp-content\/uploads\/2024\/10\/01-Palacio-Araguaia-Foto-Antonio-Goncalves-1.jpg\",\"datePublished\":\"2025-04-24T12:53:07+00:00\",\"dateModified\":\"2025-04-24T12:53:12+00:00\",\"breadcrumb\":{\"@id\":\"https:\/\/cleitonpinheiro.com.br\/site\/governo-do-tocantins-antecipa-pagamento-para-esta-sexta-feira-25\/#breadcrumb\"},\"inLanguage\":\"pt-BR\",\"potentialAction\":[{\"@type\":\"ReadAction\",\"target\":[\"https:\/\/cleitonpinheiro.com.br\/site\/governo-do-tocantins-antecipa-pagamento-para-esta-sexta-feira-25\/\"]}]},{\"@type\":\"ImageObject\",\"inLanguage\":\"pt-BR\",\"@id\":\"https:\/\/cleitonpinheiro.com.br\/site\/governo-do-tocantins-antecipa-pagamento-para-esta-sexta-feira-25\/#primaryimage\",\"url\":\"\",\"contentUrl\":\"\"},{\"@type\":\"BreadcrumbList\",\"@id\":\"https:\/\/cleitonpinheiro.com.br\/site\/governo-do-tocantins-antecipa-pagamento-para-esta-sexta-feira-25\/#breadcrumb\",\"itemListElement\":[{\"@type\":\"ListItem\",\"position\":1,\"name\":\"In\u00edcio\",\"item\":\"https:\/\/cleitonpinheiro.com.br\/site\/\"},{\"@type\":\"ListItem\",\"position\":2,\"name\":\"Governo do Tocantins antecipa pagamento para esta sexta-feira, 25\"}]},{\"@type\":\"WebSite\",\"@id\":\"https:\/\/cleitonpinheiro.com.br\/site\/#website\",\"url\":\"https:\/\/cleitonpinheiro.com.br\/site\/\",\"name\":\"PORTAL DE NOT\u00cdCIAS CLEITON PINHEIRO\",\"description\":\"FALANDO A VERDADE\",\"publisher\":{\"@id\":\"https:\/\/cleitonpinheiro.com.br\/site\/#organization\"},\"potentialAction\":[{\"@type\":\"SearchAction\",\"target\":{\"@type\":\"EntryPoint\",\"urlTemplate\":\"https:\/\/cleitonpinheiro.com.br\/site\/?s={search_term_string}\"},\"query-input\":{\"@type\":\"PropertyValueSpecification\",\"valueRequired\":true,\"valueName\":\"search_term_string\"}}],\"inLanguage\":\"pt-BR\"},{\"@type\":\"Organization\",\"@id\":\"https:\/\/cleitonpinheiro.com.br\/site\/#organization\",\"name\":\"CPNOT\u00cdCIAS\",\"url\":\"https:\/\/cleitonpinheiro.com.br\/site\/\",\"logo\":{\"@type\":\"ImageObject\",\"inLanguage\":\"pt-BR\",\"@id\":\"https:\/\/cleitonpinheiro.com.br\/site\/#\/schema\/logo\/image\/\",\"url\":\"https:\/\/cleitonpinheiro.com.br\/site\/wp-content\/uploads\/2022\/08\/Logo-pequena-2.png\",\"contentUrl\":\"https:\/\/cleitonpinheiro.com.br\/site\/wp-content\/uploads\/2022\/08\/Logo-pequena-2.png\",\"width\":500,\"height\":500,\"caption\":\"CPNOT\u00cdCIAS\"},\"image\":{\"@id\":\"https:\/\/cleitonpinheiro.com.br\/site\/#\/schema\/logo\/image\/\"},\"sameAs\":[\"https:\/\/www.facebook.com\/portalcpnoticias\/\"]},{\"@type\":\"Person\",\"@id\":\"https:\/\/cleitonpinheiro.com.br\/site\/#\/schema\/person\/8f04544e0bc40a1b68775b08360f87db\",\"name\":\"Reda\u00e7\u00e3o CP\",\"image\":{\"@type\":\"ImageObject\",\"inLanguage\":\"pt-BR\",\"@id\":\"https:\/\/cleitonpinheiro.com.br\/site\/#\/schema\/person\/image\/\",\"url\":\"https:\/\/secure.gravatar.com\/avatar\/0bcf19cb29fdc8fc588c490c7ae1b3e174dac268586a63fbe1d1893a0f9020cd?s=96&r=g\",\"contentUrl\":\"https:\/\/secure.gravatar.com\/avatar\/0bcf19cb29fdc8fc588c490c7ae1b3e174dac268586a63fbe1d1893a0f9020cd?s=96&r=g\",\"caption\":\"Reda\u00e7\u00e3o CP\"},\"url\":\"https:\/\/cleitonpinheiro.com.br\/site\/author\/redacao\/\"}]}<\/script>\n<!-- \/ Yoast SEO plugin. -->","yoast_head_json":{"title":"Governo do Tocantins antecipa pagamento para esta sexta-feira, 25 - PORTAL DE NOT\u00cdCIAS CLEITON PINHEIRO","robots":{"index":"index","follow":"follow","max-snippet":"max-snippet:-1","max-image-preview":"max-image-preview:large","max-video-preview":"max-video-preview:-1"},"canonical":"https:\/\/cleitonpinheiro.com.br\/site\/governo-do-tocantins-antecipa-pagamento-para-esta-sexta-feira-25\/","og_locale":"pt_BR","og_type":"article","og_title":"Governo do Tocantins antecipa pagamento para esta sexta-feira, 25 - PORTAL DE NOT\u00cdCIAS CLEITON PINHEIRO","og_description":"O Governo do Tocantins antecipou, em mais um dia, o pagamento dos sal\u00e1rios dos servidores p\u00fablicos estaduais. Com isso, os vencimentos estar\u00e3o dispon\u00edveis para saque j\u00e1 nas primeiras horas desta sexta-feira, 25. A medida injeta R$ 286.582.094,71 na economia tocantinense, fortalecendo o com\u00e9rcio e movimentando diversos setores do estado. Piso da enfermagem Tamb\u00e9m na sexta-feira, [&hellip;]","og_url":"https:\/\/cleitonpinheiro.com.br\/site\/governo-do-tocantins-antecipa-pagamento-para-esta-sexta-feira-25\/","og_site_name":"PORTAL DE NOT\u00cdCIAS CLEITON PINHEIRO","article_publisher":"https:\/\/www.facebook.com\/portalcpnoticias\/","article_published_time":"2025-04-24T12:53:07+00:00","article_modified_time":"2025-04-24T12:53:12+00:00","og_image":[{"width":1000,"height":534,"url":"https:\/\/cleitonpinheiro.com.br\/site\/wp-content\/uploads\/2024\/10\/01-Palacio-Araguaia-Foto-Antonio-Goncalves-1.jpg","type":"image\/jpeg"}],"author":"Reda\u00e7\u00e3o CP","twitter_card":"summary_large_image","twitter_misc":{"Escrito por":"Reda\u00e7\u00e3o CP","Est. tempo de leitura":"1 minuto"},"schema":{"@context":"https:\/\/schema.org","@graph":[{"@type":"Article","@id":"https:\/\/cleitonpinheiro.com.br\/site\/governo-do-tocantins-antecipa-pagamento-para-esta-sexta-feira-25\/#article","isPartOf":{"@id":"https:\/\/cleitonpinheiro.com.br\/site\/governo-do-tocantins-antecipa-pagamento-para-esta-sexta-feira-25\/"},"author":{"name":"Reda\u00e7\u00e3o CP","@id":"https:\/\/cleitonpinheiro.com.br\/site\/#\/schema\/person\/8f04544e0bc40a1b68775b08360f87db"},"headline":"Governo do Tocantins antecipa pagamento para esta sexta-feira, 25","datePublished":"2025-04-24T12:53:07+00:00","dateModified":"2025-04-24T12:53:12+00:00","mainEntityOfPage":{"@id":"https:\/\/cleitonpinheiro.com.br\/site\/governo-do-tocantins-antecipa-pagamento-para-esta-sexta-feira-25\/"},"wordCount":100,"commentCount":0,"publisher":{"@id":"https:\/\/cleitonpinheiro.com.br\/site\/#organization"},"image":{"@id":"https:\/\/cleitonpinheiro.com.br\/site\/governo-do-tocantins-antecipa-pagamento-para-esta-sexta-feira-25\/#primaryimage"},"thumbnailUrl":"https:\/\/cleitonpinheiro.com.br\/site\/wp-content\/uploads\/2024\/10\/01-Palacio-Araguaia-Foto-Antonio-Goncalves-1.jpg","articleSection":["FUNCIONALISMO","MANCHETE SEGUND\u00c1RIA","TODAS NOTICIAS"],"inLanguage":"pt-BR","potentialAction":[{"@type":"CommentAction","name":"Comment","target":["https:\/\/cleitonpinheiro.com.br\/site\/governo-do-tocantins-antecipa-pagamento-para-esta-sexta-feira-25\/#respond"]}]},{"@type":"WebPage","@id":"https:\/\/cleitonpinheiro.com.br\/site\/governo-do-tocantins-antecipa-pagamento-para-esta-sexta-feira-25\/","url":"https:\/\/cleitonpinheiro.com.br\/site\/governo-do-tocantins-antecipa-pagamento-para-esta-sexta-feira-25\/","name":"Governo do Tocantins antecipa pagamento para esta sexta-feira, 25 - PORTAL DE NOT\u00cdCIAS CLEITON PINHEIRO","isPartOf":{"@id":"https:\/\/cleitonpinheiro.com.br\/site\/#website"},"primaryImageOfPage":{"@id":"https:\/\/cleitonpinheiro.com.br\/site\/governo-do-tocantins-antecipa-pagamento-para-esta-sexta-feira-25\/#primaryimage"},"image":{"@id":"https:\/\/cleitonpinheiro.com.br\/site\/governo-do-tocantins-antecipa-pagamento-para-esta-sexta-feira-25\/#primaryimage"},"thumbnailUrl":"https:\/\/cleitonpinheiro.com.br\/site\/wp-content\/uploads\/2024\/10\/01-Palacio-Araguaia-Foto-Antonio-Goncalves-1.jpg","datePublished":"2025-04-24T12:53:07+00:00","dateModified":"2025-04-24T12:53:12+00:00","breadcrumb":{"@id":"https:\/\/cleitonpinheiro.com.br\/site\/governo-do-tocantins-antecipa-pagamento-para-esta-sexta-feira-25\/#breadcrumb"},"inLanguage":"pt-BR","potentialAction":[{"@type":"ReadAction","target":["https:\/\/cleitonpinheiro.com.br\/site\/governo-do-tocantins-antecipa-pagamento-para-esta-sexta-feira-25\/"]}]},{"@type":"ImageObject","inLanguage":"pt-BR","@id":"https:\/\/cleitonpinheiro.com.br\/site\/governo-do-tocantins-antecipa-pagamento-para-esta-sexta-feira-25\/#primaryimage","url":"","contentUrl":""},{"@type":"BreadcrumbList","@id":"https:\/\/cleitonpinheiro.com.br\/site\/governo-do-tocantins-antecipa-pagamento-para-esta-sexta-feira-25\/#breadcrumb","itemListElement":[{"@type":"ListItem","position":1,"name":"In\u00edcio","item":"https:\/\/cleitonpinheiro.com.br\/site\/"},{"@type":"ListItem","position":2,"name":"Governo do Tocantins antecipa pagamento para esta sexta-feira, 25"}]},{"@type":"WebSite","@id":"https:\/\/cleitonpinheiro.com.br\/site\/#website","url":"https:\/\/cleitonpinheiro.com.br\/site\/","name":"PORTAL DE NOT\u00cdCIAS CLEITON PINHEIRO","description":"FALANDO A VERDADE","publisher":{"@id":"https:\/\/cleitonpinheiro.com.br\/site\/#organization"},"potentialAction":[{"@type":"SearchAction","target":{"@type":"EntryPoint","urlTemplate":"https:\/\/cleitonpinheiro.com.br\/site\/?s={search_term_string}"},"query-input":{"@type":"PropertyValueSpecification","valueRequired":true,"valueName":"search_term_string"}}],"inLanguage":"pt-BR"},{"@type":"Organization","@id":"https:\/\/cleitonpinheiro.com.br\/site\/#organization","name":"CPNOT\u00cdCIAS","url":"https:\/\/cleitonpinheiro.com.br\/site\/","logo":{"@type":"ImageObject","inLanguage":"pt-BR","@id":"https:\/\/cleitonpinheiro.com.br\/site\/#\/schema\/logo\/image\/","url":"https:\/\/cleitonpinheiro.com.br\/site\/wp-content\/uploads\/2022\/08\/Logo-pequena-2.png","contentUrl":"https:\/\/cleitonpinheiro.com.br\/site\/wp-content\/uploads\/2022\/08\/Logo-pequena-2.png","width":500,"height":500,"caption":"CPNOT\u00cdCIAS"},"image":{"@id":"https:\/\/cleitonpinheiro.com.br\/site\/#\/schema\/logo\/image\/"},"sameAs":["https:\/\/www.facebook.com\/portalcpnoticias\/"]},{"@type":"Person","@id":"https:\/\/cleitonpinheiro.com.br\/site\/#\/schema\/person\/8f04544e0bc40a1b68775b08360f87db","name":"Reda\u00e7\u00e3o CP","image":{"@type":"ImageObject","inLanguage":"pt-BR","@id":"https:\/\/cleitonpinheiro.com.br\/site\/#\/schema\/person\/image\/","url":"https:\/\/secure.gravatar.com\/avatar\/0bcf19cb29fdc8fc588c490c7ae1b3e174dac268586a63fbe1d1893a0f9020cd?s=96&r=g","contentUrl":"https:\/\/secure.gravatar.com\/avatar\/0bcf19cb29fdc8fc588c490c7ae1b3e174dac268586a63fbe1d1893a0f9020cd?s=96&r=g","caption":"Reda\u00e7\u00e3o CP"},"url":"https:\/\/cleitonpinheiro.com.br\/site\/author\/redacao\/"}]}},"views":135,"_links":{"self":[{"href":"https:\/\/cleitonpinheiro.com.br\/site\/wp-json\/wp\/v2\/posts\/85269","targetHints":{"allow":["GET"]}}],"collection":[{"href":"https:\/\/cleitonpinheiro.com.br\/site\/wp-json\/wp\/v2\/posts"}],"about":[{"href":"https:\/\/cleitonpinheiro.com.br\/site\/wp-json\/wp\/v2\/types\/post"}],"author":[{"embeddable":true,"href":"https:\/\/cleitonpinheiro.com.br\/site\/wp-json\/wp\/v2\/users\/13"}],"replies":[{"embeddable":true,"href":"https:\/\/cleitonpinheiro.com.br\/site\/wp-json\/wp\/v2\/comments?post=85269"}],"version-history":[{"count":1,"href":"https:\/\/cleitonpinheiro.com.br\/site\/wp-json\/wp\/v2\/posts\/85269\/revisions"}],"predecessor-version":[{"id":85270,"href":"https:\/\/cleitonpinheiro.com.br\/site\/wp-json\/wp\/v2\/posts\/85269\/revisions\/85270"}],"wp:attachment":[{"href":"https:\/\/cleitonpinheiro.com.br\/site\/wp-json\/wp\/v2\/media?parent=85269"}],"wp:term":[{"taxonomy":"category","embeddable":true,"href":"https:\/\/cleitonpinheiro.com.br\/site\/wp-json\/wp\/v2\/categories?post=85269"},{"taxonomy":"post_tag","embeddable":true,"href":"https:\/\/cleitonpinheiro.com.br\/site\/wp-json\/wp\/v2\/tags?post=85269"}],"curies":[{"name":"wp","href":"https:\/\/api.w.org\/{rel}","templated":true}]}}