{"id":85271,"date":"2025-04-24T09:57:13","date_gmt":"2025-04-24T12:57:13","guid":{"rendered":"https:\/\/cleitonpinheiro.com.br\/site\/?p=85271"},"modified":"2025-04-24T09:57:18","modified_gmt":"2025-04-24T12:57:18","slug":"aposentados-e-pensionistas-comecam-a-receber-antecipacao-do-13o","status":"publish","type":"post","link":"https:\/\/cleitonpinheiro.com.br\/site\/aposentados-e-pensionistas-comecam-a-receber-antecipacao-do-13o\/","title":{"rendered":"Aposentados e pensionistas come\u00e7am a receber antecipa\u00e7\u00e3o do 13\u00ba"},"content":{"rendered":"\n<figure class=\"wp-block-image size-large\"><img fetchpriority=\"high\" decoding=\"async\" width=\"728\" height=\"1024\" src=\"https:\/\/cleitonpinheiro.com.br\/site\/wp-content\/uploads\/2025\/04\/13-tabela1_-_2025_v3-728x1024.webp\" alt=\"\" class=\"wp-image-85272\" srcset=\"https:\/\/cleitonpinheiro.com.br\/site\/wp-content\/uploads\/2025\/04\/13-tabela1_-_2025_v3-728x1024.webp 728w, https:\/\/cleitonpinheiro.com.br\/site\/wp-content\/uploads\/2025\/04\/13-tabela1_-_2025_v3-213x300.webp 213w, https:\/\/cleitonpinheiro.com.br\/site\/wp-content\/uploads\/2025\/04\/13-tabela1_-_2025_v3.webp 754w\" sizes=\"(max-width: 728px) 100vw, 728px\" \/><\/figure>\n\n\n\n<p><strong>Cerca de 34,2 milh\u00f5es de aposentados, pensionistas e benefici\u00e1rios de aux\u00edlios do Instituto Nacional do Seguro Social (INSS) come\u00e7am a receber nesta quinta-feira (24) a primeira parcela do d\u00e9cimo terceiro sal\u00e1rio. Feito de forma escalonada, conforme o d\u00edgito final do N\u00famero de Inscri\u00e7\u00e3o Social (NIS), o pagamento vai at\u00e9 8 de maio.<\/strong><img decoding=\"async\" src=\"https:\/\/agenciabrasil.ebc.com.br\/ebc.png?id=1639979&amp;o=node\"><img decoding=\"async\" src=\"https:\/\/agenciabrasil.ebc.com.br\/ebc.gif?id=1639979&amp;o=node\"><\/p>\n\n\n\n<p>Com a<a href=\"https:\/\/agenciabrasil.ebc.com.br\/economia\/noticia\/2025-04\/inss-13o-antecipado-injetara-r-733-bi-na-economia-veja-calendario\" target=\"_blank\" rel=\"noreferrer noopener\">&nbsp;previs\u00e3o de injetar R$ 73,3 bilh\u00f5es na economia<\/a>, a antecipa\u00e7\u00e3o do d\u00e9cimo terceiro do INSS ser\u00e1 paga em duas parcelas. A segunda parcela vai de 26 de maio a 6 de junho. As datas s\u00e3o definidas com base no d\u00edgito final do N\u00famero de Inscri\u00e7\u00e3o Social (NIS) e com base na renda do benefici\u00e1rio.&nbsp;<strong>Quem ganha apenas o sal\u00e1rio m\u00ednimo come\u00e7a a receber antes de quem recebe mais que o m\u00ednimo.<\/strong><\/p>\n\n\n\n<p>Desde a semana passada, a consulta pode ser feita no aplicativo Meu INSS, dispon\u00edvel para celulares e tablets, ou no&nbsp;<em>site&nbsp;<\/em><a href=\"http:\/\/gov.br\/meuinss\" target=\"_blank\" rel=\"noreferrer noopener\">gov.br\/meuinss<\/a>.&nbsp;<strong>Quem n\u00e3o tiver acesso \u00e0 internet pode consultar a libera\u00e7\u00e3o do d\u00e9cimo terceiro pelo telefone 135.<\/strong>&nbsp;Nesse caso, \u00e9 necess\u00e1rio informar o n\u00famero do Cadastro de Pessoas F\u00edsicas (CPF) e confirmar alguns dados ao atendente antes de fazer a consulta. O atendimento telef\u00f4nico est\u00e1 dispon\u00edvel de segunda a s\u00e1bado, das 7h \u00e0s 22h.<\/p>\n\n\n\n<figure class=\"wp-block-table\"><table class=\"has-fixed-layout\"><thead><tr><th colspan=\"3\">Quem recebe mais que o sal\u00e1rio m\u00ednimo<\/th><\/tr><\/thead><tbody><tr><td>&nbsp;&nbsp;&nbsp;&nbsp; Final do NIS<\/td><td>&nbsp;&nbsp;&nbsp;&nbsp;&nbsp;&nbsp;&nbsp;&nbsp; Primeira Parcela<\/td><td>&nbsp;&nbsp;&nbsp;&nbsp;&nbsp;&nbsp; Segunda Parcela<\/td><\/tr><tr><td>&nbsp;&nbsp; 1 e 6<\/td><td>&nbsp;&nbsp; 2 de maio<\/td><td>&nbsp;&nbsp;&nbsp; 2 de junho<\/td><\/tr><tr><td>&nbsp;&nbsp;&nbsp; 2 e 7<\/td><td>&nbsp;&nbsp; 5 de maio<\/td><td>&nbsp;&nbsp;&nbsp; 3 de junho<\/td><\/tr><tr><td>&nbsp;&nbsp;&nbsp; 3 e 8<\/td><td>&nbsp;&nbsp; 6 de maio<\/td><td>&nbsp;&nbsp;&nbsp; 4 de junho<\/td><\/tr><tr><td>&nbsp;&nbsp;&nbsp; 4 e 9<\/td><td>&nbsp;&nbsp; 7 de maio<\/td><td>&nbsp;&nbsp;&nbsp; 5 de junho<\/td><\/tr><tr><td>&nbsp;&nbsp;&nbsp; 5 e 0<\/td><td>&nbsp;&nbsp; 8 de maio<\/td><td>&nbsp;&nbsp;&nbsp; 6 de junho<\/td><\/tr><\/tbody><\/table><\/figure>\n\n\n\n<p>&nbsp;<a href=\"https:\/\/agenciabrasil.ebc.com.br\/economia\/noticia\/2025-04\/governo-antecipa-13o-de-aposentados-do-inss-para-abril-e-maio\" target=\"_blank\" rel=\"noreferrer noopener\">O decreto com a antecipa\u00e7\u00e3o do d\u00e9cimo terceiro do INSS foi assinado no in\u00edcio do m\u00eas pelo presidente Luiz In\u00e1cio Lula da Silva<\/a>.&nbsp;Este ser\u00e1 o sexto ano seguido em que os segurados do INSS receber\u00e3o do d\u00e9cimo terceiro antes das datas tradicionais, em agosto e em dezembro. Em 2020 e 2021, o pagamento ocorreu mais cedo por causa da pandemia de covid-19. Em 2022 e 2023, as parcelas foram pagas em maio e junho. Em 2024, em abril e maio.<\/p>\n\n\n\n<p><strong>Conforme os dados mais recentes do INSS, de fevereiro, 28,68 milh\u00f5es de pessoas, cerca de 70,5% do total dos segurados do INSS, ganham at\u00e9 um sal\u00e1rio m\u00ednimo por m\u00eas (R$ 1.518), enquanto 11,98 milh\u00f5es de benefici\u00e1rios recebem acima do piso nacional. Desse total, 10,6 mil ganham o teto da Previd\u00eancia Social, de R$ 8.157,41.&nbsp;<\/strong><br><br><strong>A maioria dos aposentados e pensionistas receber\u00e1 50% do d\u00e9cimo terceiro na primeira parcela. A exce\u00e7\u00e3o \u00e9 para quem passou a receber o benef\u00edcio depois de janeiro e ter\u00e1 o valor calculado proporcionalmente.<\/strong><\/p>\n\n\n\n<p>O Minist\u00e9rio da Previd\u00eancia esclarece que os segurados que recebem benef\u00edcio por incapacidade tempor\u00e1ria (antigo aux\u00edlio-doen\u00e7a) tamb\u00e9m t\u00eam direito a uma parcela menor do d\u00e9cimo terceiro, calculada de acordo com a dura\u00e7\u00e3o do benef\u00edcio. Por lei, os segurados que recebem benef\u00edcios assistenciais, como o Benef\u00edcio de Presta\u00e7\u00e3o Continuada (BPC) e o Renda Mensal Vital\u00edcia, n\u00e3o t\u00eam direito a d\u00e9cimo terceiro sal\u00e1rio.<\/p>\n\n\n\n<p>Texto: Welton M\u00e1ximo \u2013 Rep\u00f3rter da Ag\u00eancia Brasil<\/p>\n","protected":false},"excerpt":{"rendered":"<p>Cerca de 34,2 milh\u00f5es de aposentados, pensionistas e benefici\u00e1rios de aux\u00edlios do Instituto Nacional do Seguro Social (INSS) come\u00e7am a receber nesta quinta-feira (24) a primeira parcela do d\u00e9cimo terceiro sal\u00e1rio. Feito de forma escalonada, conforme o d\u00edgito final do N\u00famero de Inscri\u00e7\u00e3o Social (NIS), o pagamento vai at\u00e9 8 de maio. Com a&nbsp;previs\u00e3o de [&hellip;]<\/p>\n","protected":false},"author":13,"featured_media":84567,"comment_status":"open","ping_status":"open","sticky":false,"template":"","format":"standard","meta":{"_acf_changed":false,"footnotes":""},"categories":[19,20,21],"tags":[1245,426,1390],"class_list":["post-85271","post","type-post","status-publish","format-standard","has-post-thumbnail","hentry","category-brasil-mundo","category-noticias-em-destaque","category-todas-noticias","tag-13o-salario","tag-inss","tag-pensionistas"],"acf":[],"yoast_head":"<!-- This site is optimized with the Yoast SEO plugin v24.4 - https:\/\/yoast.com\/wordpress\/plugins\/seo\/ -->\n<title>Aposentados e pensionistas come\u00e7am a receber antecipa\u00e7\u00e3o do 13\u00ba - PORTAL DE NOT\u00cdCIAS CLEITON PINHEIRO<\/title>\n<meta name=\"robots\" content=\"index, follow, max-snippet:-1, max-image-preview:large, max-video-preview:-1\" \/>\n<link rel=\"canonical\" href=\"https:\/\/cleitonpinheiro.com.br\/site\/aposentados-e-pensionistas-comecam-a-receber-antecipacao-do-13o\/\" \/>\n<meta property=\"og:locale\" content=\"pt_BR\" \/>\n<meta property=\"og:type\" content=\"article\" \/>\n<meta property=\"og:title\" content=\"Aposentados e pensionistas come\u00e7am a receber antecipa\u00e7\u00e3o do 13\u00ba - PORTAL DE NOT\u00cdCIAS CLEITON PINHEIRO\" \/>\n<meta property=\"og:description\" content=\"Cerca de 34,2 milh\u00f5es de aposentados, pensionistas e benefici\u00e1rios de aux\u00edlios do Instituto Nacional do Seguro Social (INSS) come\u00e7am a receber nesta quinta-feira (24) a primeira parcela do d\u00e9cimo terceiro sal\u00e1rio. Feito de forma escalonada, conforme o d\u00edgito final do N\u00famero de Inscri\u00e7\u00e3o Social (NIS), o pagamento vai at\u00e9 8 de maio. Com a&nbsp;previs\u00e3o de [&hellip;]\" \/>\n<meta property=\"og:url\" content=\"https:\/\/cleitonpinheiro.com.br\/site\/aposentados-e-pensionistas-comecam-a-receber-antecipacao-do-13o\/\" \/>\n<meta property=\"og:site_name\" content=\"PORTAL DE NOT\u00cdCIAS CLEITON PINHEIRO\" \/>\n<meta property=\"article:publisher\" content=\"https:\/\/www.facebook.com\/portalcpnoticias\/\" \/>\n<meta property=\"article:published_time\" content=\"2025-04-24T12:57:13+00:00\" \/>\n<meta property=\"article:modified_time\" content=\"2025-04-24T12:57:18+00:00\" \/>\n<meta property=\"og:image\" content=\"https:\/\/cleitonpinheiro.com.br\/site\/wp-content\/uploads\/2025\/02\/real_moeda_dinheiro_mcajr_2904223671-1-1.webp\" \/>\n\t<meta property=\"og:image:width\" content=\"1170\" \/>\n\t<meta property=\"og:image:height\" content=\"700\" \/>\n\t<meta property=\"og:image:type\" content=\"image\/webp\" \/>\n<meta name=\"author\" content=\"Reda\u00e7\u00e3o CP\" \/>\n<meta name=\"twitter:card\" content=\"summary_large_image\" \/>\n<meta name=\"twitter:label1\" content=\"Escrito por\" \/>\n\t<meta name=\"twitter:data1\" content=\"Reda\u00e7\u00e3o CP\" \/>\n\t<meta name=\"twitter:label2\" content=\"Est. tempo de leitura\" \/>\n\t<meta name=\"twitter:data2\" content=\"4 minutos\" \/>\n<script type=\"application\/ld+json\" class=\"yoast-schema-graph\">{\"@context\":\"https:\/\/schema.org\",\"@graph\":[{\"@type\":\"Article\",\"@id\":\"https:\/\/cleitonpinheiro.com.br\/site\/aposentados-e-pensionistas-comecam-a-receber-antecipacao-do-13o\/#article\",\"isPartOf\":{\"@id\":\"https:\/\/cleitonpinheiro.com.br\/site\/aposentados-e-pensionistas-comecam-a-receber-antecipacao-do-13o\/\"},\"author\":{\"name\":\"Reda\u00e7\u00e3o CP\",\"@id\":\"https:\/\/cleitonpinheiro.com.br\/site\/#\/schema\/person\/8f04544e0bc40a1b68775b08360f87db\"},\"headline\":\"Aposentados e pensionistas come\u00e7am a receber antecipa\u00e7\u00e3o do 13\u00ba\",\"datePublished\":\"2025-04-24T12:57:13+00:00\",\"dateModified\":\"2025-04-24T12:57:18+00:00\",\"mainEntityOfPage\":{\"@id\":\"https:\/\/cleitonpinheiro.com.br\/site\/aposentados-e-pensionistas-comecam-a-receber-antecipacao-do-13o\/\"},\"wordCount\":604,\"commentCount\":0,\"publisher\":{\"@id\":\"https:\/\/cleitonpinheiro.com.br\/site\/#organization\"},\"image\":{\"@id\":\"https:\/\/cleitonpinheiro.com.br\/site\/aposentados-e-pensionistas-comecam-a-receber-antecipacao-do-13o\/#primaryimage\"},\"thumbnailUrl\":\"https:\/\/cleitonpinheiro.com.br\/site\/wp-content\/uploads\/2025\/02\/real_moeda_dinheiro_mcajr_2904223671-1-1.webp\",\"keywords\":[\"13\u00ba Sal\u00e1rio\",\"INSS\",\"pensionistas\"],\"articleSection\":[\"BRASIL \/ MUNDO\",\"NOT\u00cdCIAS EM DESTAQUE\",\"TODAS NOTICIAS\"],\"inLanguage\":\"pt-BR\",\"potentialAction\":[{\"@type\":\"CommentAction\",\"name\":\"Comment\",\"target\":[\"https:\/\/cleitonpinheiro.com.br\/site\/aposentados-e-pensionistas-comecam-a-receber-antecipacao-do-13o\/#respond\"]}]},{\"@type\":\"WebPage\",\"@id\":\"https:\/\/cleitonpinheiro.com.br\/site\/aposentados-e-pensionistas-comecam-a-receber-antecipacao-do-13o\/\",\"url\":\"https:\/\/cleitonpinheiro.com.br\/site\/aposentados-e-pensionistas-comecam-a-receber-antecipacao-do-13o\/\",\"name\":\"Aposentados e pensionistas come\u00e7am a receber antecipa\u00e7\u00e3o do 13\u00ba - PORTAL DE NOT\u00cdCIAS CLEITON PINHEIRO\",\"isPartOf\":{\"@id\":\"https:\/\/cleitonpinheiro.com.br\/site\/#website\"},\"primaryImageOfPage\":{\"@id\":\"https:\/\/cleitonpinheiro.com.br\/site\/aposentados-e-pensionistas-comecam-a-receber-antecipacao-do-13o\/#primaryimage\"},\"image\":{\"@id\":\"https:\/\/cleitonpinheiro.com.br\/site\/aposentados-e-pensionistas-comecam-a-receber-antecipacao-do-13o\/#primaryimage\"},\"thumbnailUrl\":\"https:\/\/cleitonpinheiro.com.br\/site\/wp-content\/uploads\/2025\/02\/real_moeda_dinheiro_mcajr_2904223671-1-1.webp\",\"datePublished\":\"2025-04-24T12:57:13+00:00\",\"dateModified\":\"2025-04-24T12:57:18+00:00\",\"breadcrumb\":{\"@id\":\"https:\/\/cleitonpinheiro.com.br\/site\/aposentados-e-pensionistas-comecam-a-receber-antecipacao-do-13o\/#breadcrumb\"},\"inLanguage\":\"pt-BR\",\"potentialAction\":[{\"@type\":\"ReadAction\",\"target\":[\"https:\/\/cleitonpinheiro.com.br\/site\/aposentados-e-pensionistas-comecam-a-receber-antecipacao-do-13o\/\"]}]},{\"@type\":\"ImageObject\",\"inLanguage\":\"pt-BR\",\"@id\":\"https:\/\/cleitonpinheiro.com.br\/site\/aposentados-e-pensionistas-comecam-a-receber-antecipacao-do-13o\/#primaryimage\",\"url\":\"https:\/\/cleitonpinheiro.com.br\/site\/wp-content\/uploads\/2025\/02\/real_moeda_dinheiro_mcajr_2904223671-1-1.webp\",\"contentUrl\":\"https:\/\/cleitonpinheiro.com.br\/site\/wp-content\/uploads\/2025\/02\/real_moeda_dinheiro_mcajr_2904223671-1-1.webp\",\"width\":1170,\"height\":700,\"caption\":\"\u00a9 Jos\u00e9 Cruz\/Ag\u00eancia Brasil\"},{\"@type\":\"BreadcrumbList\",\"@id\":\"https:\/\/cleitonpinheiro.com.br\/site\/aposentados-e-pensionistas-comecam-a-receber-antecipacao-do-13o\/#breadcrumb\",\"itemListElement\":[{\"@type\":\"ListItem\",\"position\":1,\"name\":\"In\u00edcio\",\"item\":\"https:\/\/cleitonpinheiro.com.br\/site\/\"},{\"@type\":\"ListItem\",\"position\":2,\"name\":\"Aposentados e pensionistas come\u00e7am a receber antecipa\u00e7\u00e3o do 13\u00ba\"}]},{\"@type\":\"WebSite\",\"@id\":\"https:\/\/cleitonpinheiro.com.br\/site\/#website\",\"url\":\"https:\/\/cleitonpinheiro.com.br\/site\/\",\"name\":\"PORTAL DE NOT\u00cdCIAS CLEITON PINHEIRO\",\"description\":\"FALANDO A VERDADE\",\"publisher\":{\"@id\":\"https:\/\/cleitonpinheiro.com.br\/site\/#organization\"},\"potentialAction\":[{\"@type\":\"SearchAction\",\"target\":{\"@type\":\"EntryPoint\",\"urlTemplate\":\"https:\/\/cleitonpinheiro.com.br\/site\/?s={search_term_string}\"},\"query-input\":{\"@type\":\"PropertyValueSpecification\",\"valueRequired\":true,\"valueName\":\"search_term_string\"}}],\"inLanguage\":\"pt-BR\"},{\"@type\":\"Organization\",\"@id\":\"https:\/\/cleitonpinheiro.com.br\/site\/#organization\",\"name\":\"CPNOT\u00cdCIAS\",\"url\":\"https:\/\/cleitonpinheiro.com.br\/site\/\",\"logo\":{\"@type\":\"ImageObject\",\"inLanguage\":\"pt-BR\",\"@id\":\"https:\/\/cleitonpinheiro.com.br\/site\/#\/schema\/logo\/image\/\",\"url\":\"https:\/\/cleitonpinheiro.com.br\/site\/wp-content\/uploads\/2022\/08\/Logo-pequena-2.png\",\"contentUrl\":\"https:\/\/cleitonpinheiro.com.br\/site\/wp-content\/uploads\/2022\/08\/Logo-pequena-2.png\",\"width\":500,\"height\":500,\"caption\":\"CPNOT\u00cdCIAS\"},\"image\":{\"@id\":\"https:\/\/cleitonpinheiro.com.br\/site\/#\/schema\/logo\/image\/\"},\"sameAs\":[\"https:\/\/www.facebook.com\/portalcpnoticias\/\"]},{\"@type\":\"Person\",\"@id\":\"https:\/\/cleitonpinheiro.com.br\/site\/#\/schema\/person\/8f04544e0bc40a1b68775b08360f87db\",\"name\":\"Reda\u00e7\u00e3o CP\",\"image\":{\"@type\":\"ImageObject\",\"inLanguage\":\"pt-BR\",\"@id\":\"https:\/\/cleitonpinheiro.com.br\/site\/#\/schema\/person\/image\/\",\"url\":\"https:\/\/secure.gravatar.com\/avatar\/0bcf19cb29fdc8fc588c490c7ae1b3e174dac268586a63fbe1d1893a0f9020cd?s=96&r=g\",\"contentUrl\":\"https:\/\/secure.gravatar.com\/avatar\/0bcf19cb29fdc8fc588c490c7ae1b3e174dac268586a63fbe1d1893a0f9020cd?s=96&r=g\",\"caption\":\"Reda\u00e7\u00e3o CP\"},\"url\":\"https:\/\/cleitonpinheiro.com.br\/site\/author\/redacao\/\"}]}<\/script>\n<!-- \/ Yoast SEO plugin. -->","yoast_head_json":{"title":"Aposentados e pensionistas come\u00e7am a receber antecipa\u00e7\u00e3o do 13\u00ba - PORTAL DE NOT\u00cdCIAS CLEITON PINHEIRO","robots":{"index":"index","follow":"follow","max-snippet":"max-snippet:-1","max-image-preview":"max-image-preview:large","max-video-preview":"max-video-preview:-1"},"canonical":"https:\/\/cleitonpinheiro.com.br\/site\/aposentados-e-pensionistas-comecam-a-receber-antecipacao-do-13o\/","og_locale":"pt_BR","og_type":"article","og_title":"Aposentados e pensionistas come\u00e7am a receber antecipa\u00e7\u00e3o do 13\u00ba - PORTAL DE NOT\u00cdCIAS CLEITON PINHEIRO","og_description":"Cerca de 34,2 milh\u00f5es de aposentados, pensionistas e benefici\u00e1rios de aux\u00edlios do Instituto Nacional do Seguro Social (INSS) come\u00e7am a receber nesta quinta-feira (24) a primeira parcela do d\u00e9cimo terceiro sal\u00e1rio. Feito de forma escalonada, conforme o d\u00edgito final do N\u00famero de Inscri\u00e7\u00e3o Social (NIS), o pagamento vai at\u00e9 8 de maio. Com a&nbsp;previs\u00e3o de [&hellip;]","og_url":"https:\/\/cleitonpinheiro.com.br\/site\/aposentados-e-pensionistas-comecam-a-receber-antecipacao-do-13o\/","og_site_name":"PORTAL DE NOT\u00cdCIAS CLEITON PINHEIRO","article_publisher":"https:\/\/www.facebook.com\/portalcpnoticias\/","article_published_time":"2025-04-24T12:57:13+00:00","article_modified_time":"2025-04-24T12:57:18+00:00","og_image":[{"width":1170,"height":700,"url":"https:\/\/cleitonpinheiro.com.br\/site\/wp-content\/uploads\/2025\/02\/real_moeda_dinheiro_mcajr_2904223671-1-1.webp","type":"image\/webp"}],"author":"Reda\u00e7\u00e3o CP","twitter_card":"summary_large_image","twitter_misc":{"Escrito por":"Reda\u00e7\u00e3o CP","Est. tempo de leitura":"4 minutos"},"schema":{"@context":"https:\/\/schema.org","@graph":[{"@type":"Article","@id":"https:\/\/cleitonpinheiro.com.br\/site\/aposentados-e-pensionistas-comecam-a-receber-antecipacao-do-13o\/#article","isPartOf":{"@id":"https:\/\/cleitonpinheiro.com.br\/site\/aposentados-e-pensionistas-comecam-a-receber-antecipacao-do-13o\/"},"author":{"name":"Reda\u00e7\u00e3o CP","@id":"https:\/\/cleitonpinheiro.com.br\/site\/#\/schema\/person\/8f04544e0bc40a1b68775b08360f87db"},"headline":"Aposentados e pensionistas come\u00e7am a receber antecipa\u00e7\u00e3o do 13\u00ba","datePublished":"2025-04-24T12:57:13+00:00","dateModified":"2025-04-24T12:57:18+00:00","mainEntityOfPage":{"@id":"https:\/\/cleitonpinheiro.com.br\/site\/aposentados-e-pensionistas-comecam-a-receber-antecipacao-do-13o\/"},"wordCount":604,"commentCount":0,"publisher":{"@id":"https:\/\/cleitonpinheiro.com.br\/site\/#organization"},"image":{"@id":"https:\/\/cleitonpinheiro.com.br\/site\/aposentados-e-pensionistas-comecam-a-receber-antecipacao-do-13o\/#primaryimage"},"thumbnailUrl":"https:\/\/cleitonpinheiro.com.br\/site\/wp-content\/uploads\/2025\/02\/real_moeda_dinheiro_mcajr_2904223671-1-1.webp","keywords":["13\u00ba Sal\u00e1rio","INSS","pensionistas"],"articleSection":["BRASIL \/ MUNDO","NOT\u00cdCIAS EM DESTAQUE","TODAS NOTICIAS"],"inLanguage":"pt-BR","potentialAction":[{"@type":"CommentAction","name":"Comment","target":["https:\/\/cleitonpinheiro.com.br\/site\/aposentados-e-pensionistas-comecam-a-receber-antecipacao-do-13o\/#respond"]}]},{"@type":"WebPage","@id":"https:\/\/cleitonpinheiro.com.br\/site\/aposentados-e-pensionistas-comecam-a-receber-antecipacao-do-13o\/","url":"https:\/\/cleitonpinheiro.com.br\/site\/aposentados-e-pensionistas-comecam-a-receber-antecipacao-do-13o\/","name":"Aposentados e pensionistas come\u00e7am a receber antecipa\u00e7\u00e3o do 13\u00ba - PORTAL DE NOT\u00cdCIAS CLEITON PINHEIRO","isPartOf":{"@id":"https:\/\/cleitonpinheiro.com.br\/site\/#website"},"primaryImageOfPage":{"@id":"https:\/\/cleitonpinheiro.com.br\/site\/aposentados-e-pensionistas-comecam-a-receber-antecipacao-do-13o\/#primaryimage"},"image":{"@id":"https:\/\/cleitonpinheiro.com.br\/site\/aposentados-e-pensionistas-comecam-a-receber-antecipacao-do-13o\/#primaryimage"},"thumbnailUrl":"https:\/\/cleitonpinheiro.com.br\/site\/wp-content\/uploads\/2025\/02\/real_moeda_dinheiro_mcajr_2904223671-1-1.webp","datePublished":"2025-04-24T12:57:13+00:00","dateModified":"2025-04-24T12:57:18+00:00","breadcrumb":{"@id":"https:\/\/cleitonpinheiro.com.br\/site\/aposentados-e-pensionistas-comecam-a-receber-antecipacao-do-13o\/#breadcrumb"},"inLanguage":"pt-BR","potentialAction":[{"@type":"ReadAction","target":["https:\/\/cleitonpinheiro.com.br\/site\/aposentados-e-pensionistas-comecam-a-receber-antecipacao-do-13o\/"]}]},{"@type":"ImageObject","inLanguage":"pt-BR","@id":"https:\/\/cleitonpinheiro.com.br\/site\/aposentados-e-pensionistas-comecam-a-receber-antecipacao-do-13o\/#primaryimage","url":"https:\/\/cleitonpinheiro.com.br\/site\/wp-content\/uploads\/2025\/02\/real_moeda_dinheiro_mcajr_2904223671-1-1.webp","contentUrl":"https:\/\/cleitonpinheiro.com.br\/site\/wp-content\/uploads\/2025\/02\/real_moeda_dinheiro_mcajr_2904223671-1-1.webp","width":1170,"height":700,"caption":"\u00a9 Jos\u00e9 Cruz\/Ag\u00eancia Brasil"},{"@type":"BreadcrumbList","@id":"https:\/\/cleitonpinheiro.com.br\/site\/aposentados-e-pensionistas-comecam-a-receber-antecipacao-do-13o\/#breadcrumb","itemListElement":[{"@type":"ListItem","position":1,"name":"In\u00edcio","item":"https:\/\/cleitonpinheiro.com.br\/site\/"},{"@type":"ListItem","position":2,"name":"Aposentados e pensionistas come\u00e7am a receber antecipa\u00e7\u00e3o do 13\u00ba"}]},{"@type":"WebSite","@id":"https:\/\/cleitonpinheiro.com.br\/site\/#website","url":"https:\/\/cleitonpinheiro.com.br\/site\/","name":"PORTAL DE NOT\u00cdCIAS CLEITON PINHEIRO","description":"FALANDO A VERDADE","publisher":{"@id":"https:\/\/cleitonpinheiro.com.br\/site\/#organization"},"potentialAction":[{"@type":"SearchAction","target":{"@type":"EntryPoint","urlTemplate":"https:\/\/cleitonpinheiro.com.br\/site\/?s={search_term_string}"},"query-input":{"@type":"PropertyValueSpecification","valueRequired":true,"valueName":"search_term_string"}}],"inLanguage":"pt-BR"},{"@type":"Organization","@id":"https:\/\/cleitonpinheiro.com.br\/site\/#organization","name":"CPNOT\u00cdCIAS","url":"https:\/\/cleitonpinheiro.com.br\/site\/","logo":{"@type":"ImageObject","inLanguage":"pt-BR","@id":"https:\/\/cleitonpinheiro.com.br\/site\/#\/schema\/logo\/image\/","url":"https:\/\/cleitonpinheiro.com.br\/site\/wp-content\/uploads\/2022\/08\/Logo-pequena-2.png","contentUrl":"https:\/\/cleitonpinheiro.com.br\/site\/wp-content\/uploads\/2022\/08\/Logo-pequena-2.png","width":500,"height":500,"caption":"CPNOT\u00cdCIAS"},"image":{"@id":"https:\/\/cleitonpinheiro.com.br\/site\/#\/schema\/logo\/image\/"},"sameAs":["https:\/\/www.facebook.com\/portalcpnoticias\/"]},{"@type":"Person","@id":"https:\/\/cleitonpinheiro.com.br\/site\/#\/schema\/person\/8f04544e0bc40a1b68775b08360f87db","name":"Reda\u00e7\u00e3o CP","image":{"@type":"ImageObject","inLanguage":"pt-BR","@id":"https:\/\/cleitonpinheiro.com.br\/site\/#\/schema\/person\/image\/","url":"https:\/\/secure.gravatar.com\/avatar\/0bcf19cb29fdc8fc588c490c7ae1b3e174dac268586a63fbe1d1893a0f9020cd?s=96&r=g","contentUrl":"https:\/\/secure.gravatar.com\/avatar\/0bcf19cb29fdc8fc588c490c7ae1b3e174dac268586a63fbe1d1893a0f9020cd?s=96&r=g","caption":"Reda\u00e7\u00e3o CP"},"url":"https:\/\/cleitonpinheiro.com.br\/site\/author\/redacao\/"}]}},"views":136,"_links":{"self":[{"href":"https:\/\/cleitonpinheiro.com.br\/site\/wp-json\/wp\/v2\/posts\/85271","targetHints":{"allow":["GET"]}}],"collection":[{"href":"https:\/\/cleitonpinheiro.com.br\/site\/wp-json\/wp\/v2\/posts"}],"about":[{"href":"https:\/\/cleitonpinheiro.com.br\/site\/wp-json\/wp\/v2\/types\/post"}],"author":[{"embeddable":true,"href":"https:\/\/cleitonpinheiro.com.br\/site\/wp-json\/wp\/v2\/users\/13"}],"replies":[{"embeddable":true,"href":"https:\/\/cleitonpinheiro.com.br\/site\/wp-json\/wp\/v2\/comments?post=85271"}],"version-history":[{"count":1,"href":"https:\/\/cleitonpinheiro.com.br\/site\/wp-json\/wp\/v2\/posts\/85271\/revisions"}],"predecessor-version":[{"id":85273,"href":"https:\/\/cleitonpinheiro.com.br\/site\/wp-json\/wp\/v2\/posts\/85271\/revisions\/85273"}],"wp:featuredmedia":[{"embeddable":true,"href":"https:\/\/cleitonpinheiro.com.br\/site\/wp-json\/wp\/v2\/media\/84567"}],"wp:attachment":[{"href":"https:\/\/cleitonpinheiro.com.br\/site\/wp-json\/wp\/v2\/media?parent=85271"}],"wp:term":[{"taxonomy":"category","embeddable":true,"href":"https:\/\/cleitonpinheiro.com.br\/site\/wp-json\/wp\/v2\/categories?post=85271"},{"taxonomy":"post_tag","embeddable":true,"href":"https:\/\/cleitonpinheiro.com.br\/site\/wp-json\/wp\/v2\/tags?post=85271"}],"curies":[{"name":"wp","href":"https:\/\/api.w.org\/{rel}","templated":true}]}}