{"id":85278,"date":"2025-04-24T13:48:51","date_gmt":"2025-04-24T16:48:51","guid":{"rendered":"https:\/\/cleitonpinheiro.com.br\/site\/?p=85278"},"modified":"2025-04-24T13:48:56","modified_gmt":"2025-04-24T16:48:56","slug":"ex-presidente-bolsonaro-apresenta-piora-clinica-e-vai-passar-por-novos-exames","status":"publish","type":"post","link":"https:\/\/cleitonpinheiro.com.br\/site\/ex-presidente-bolsonaro-apresenta-piora-clinica-e-vai-passar-por-novos-exames\/","title":{"rendered":"Ex-presidente Bolsonaro apresenta piora cl\u00ednica e vai passar por novos exames"},"content":{"rendered":"\n<figure class=\"wp-block-image size-full\"><img decoding=\"async\" src=\"https:\/\/cleitonpinheiro.com.br\/site\/wp-content\/uploads\/2023\/07\/trbr3326.jpg\" alt=\"\" class=\"wp-image-72822\"\/><figcaption class=\"wp-element-caption\">Foto: T\u00e2nia R\u00eago\/Ag\u00eancia Brasil<\/figcaption><\/figure>\n\n\n\n<p>Internado desde o \u00faltimo dia 13, quando passou por cirurgia no intestino e na parede abdominal, o ex-presidente Jair Bolsonaro apresentou piora cl\u00ednica, de acordo com boletim m\u00e9dico divulgado nesta quinta-feira (24) pelo Hospital DF Star.<img decoding=\"async\" src=\"https:\/\/agenciabrasil.ebc.com.br\/ebc.png?id=1640103&amp;o=node\"><img decoding=\"async\" src=\"https:\/\/agenciabrasil.ebc.com.br\/ebc.gif?id=1640103&amp;o=node\"><\/p>\n\n\n\n<p>De acordo com o documento,&nbsp;<strong>Bolsonaro permanece na unidade de terapia intensiva (UTI), onde apresentou eleva\u00e7\u00e3o da press\u00e3o arterial e piora dos exames laboratoriais hep\u00e1ticos.<\/strong><\/p>\n\n\n\n<p>Ainda segundo o hospital,&nbsp;<strong>o ex-presidente ser\u00e1 submetido a novos exames de imagem.<\/strong><\/p>\n\n\n\n<p>\u201cContinua em jejum oral e com nutri\u00e7\u00e3o parenteral exclusiva. Segue com a fisioterapia motora e as medidas de preven\u00e7\u00e3o de trombose venosa. Persiste a recomenda\u00e7\u00e3o de n\u00e3o receber visitas e n\u00e3o h\u00e1 previs\u00e3o de alta da UTI\u201d, concluiu o boletim m\u00e9dico.<\/p>\n\n\n\n<p>O documento \u00e9 assinado pelo chefe da equipe cir\u00fargica, Cl\u00e1udio Birolini; pelos cardiologistas Leandro Echenique e Brasil Caiado; pelo coordenador da UTI, Ant\u00f4nio Aur\u00e9lio de Paiva Fagundes J\u00fanior; pelo diretor m\u00e9dico do hospital, Guilherme Meyer, e pelo diretor-geral da institui\u00e7\u00e3o, Allisson Barcelos Borges.<\/p>\n\n\n\n<h2 class=\"wp-block-heading\">Entenda<\/h2>\n\n\n\n<p><a href=\"https:\/\/agenciabrasil.ebc.com.br\/politica\/noticia\/2025-04\/apos-cirurgia-bolsonaro-tem-quadro-clinico-estavel-diz-boletim\" target=\"_blank\" rel=\"noreferrer noopener\">Bolsonaro foi submetido a uma cirurgia de extensa lise de ader\u00eancias e reconstru\u00e7\u00e3o da parede abdominal<\/a>. O procedimento, de grande porte, teve dura\u00e7\u00e3o de 12 horas, ocorreu sem intercorr\u00eancias e sem a necessidade de transfus\u00e3o de sangue.<\/p>\n\n\n\n<p>A obstru\u00e7\u00e3o, de acordo com a equipe medica, era resultante de uma dobra do intestino delgado, que dificultava o tr\u00e2nsito intestinal, e foi desfeita durante o procedimento de libera\u00e7\u00e3o dessas ader\u00eancias.<\/p>\n\n\n\n<p>Texto: Paula Laboissi\u00e8re \u2013 Rep\u00f3rter da Ag\u00eancia Brasil<\/p>\n","protected":false},"excerpt":{"rendered":"<p>Internado desde o \u00faltimo dia 13, quando passou por cirurgia no intestino e na parede abdominal, o ex-presidente Jair Bolsonaro apresentou piora cl\u00ednica, de acordo com boletim m\u00e9dico divulgado nesta quinta-feira (24) pelo Hospital DF Star. De acordo com o documento,&nbsp;Bolsonaro permanece na unidade de terapia intensiva (UTI), onde apresentou eleva\u00e7\u00e3o da press\u00e3o arterial e [&hellip;]<\/p>\n","protected":false},"author":13,"featured_media":0,"comment_status":"open","ping_status":"open","sticky":false,"template":"","format":"standard","meta":{"_acf_changed":false,"footnotes":""},"categories":[898,23,21],"tags":[805],"class_list":["post-85278","post","type-post","status-publish","format-standard","hentry","category-manchete-segundaria","category-politica","category-todas-noticias","tag-jair-bolsonaro"],"acf":[],"yoast_head":"<!-- This site is optimized with the Yoast SEO plugin v24.4 - https:\/\/yoast.com\/wordpress\/plugins\/seo\/ -->\n<title>Ex-presidente Bolsonaro apresenta piora cl\u00ednica e vai passar por novos exames - PORTAL DE NOT\u00cdCIAS CLEITON PINHEIRO<\/title>\n<meta name=\"robots\" content=\"index, follow, max-snippet:-1, max-image-preview:large, max-video-preview:-1\" \/>\n<link rel=\"canonical\" href=\"https:\/\/cleitonpinheiro.com.br\/site\/ex-presidente-bolsonaro-apresenta-piora-clinica-e-vai-passar-por-novos-exames\/\" \/>\n<meta property=\"og:locale\" content=\"pt_BR\" \/>\n<meta property=\"og:type\" content=\"article\" \/>\n<meta property=\"og:title\" content=\"Ex-presidente Bolsonaro apresenta piora cl\u00ednica e vai passar por novos exames - PORTAL DE NOT\u00cdCIAS CLEITON PINHEIRO\" \/>\n<meta property=\"og:description\" content=\"Internado desde o \u00faltimo dia 13, quando passou por cirurgia no intestino e na parede abdominal, o ex-presidente Jair Bolsonaro apresentou piora cl\u00ednica, de acordo com boletim m\u00e9dico divulgado nesta quinta-feira (24) pelo Hospital DF Star. De acordo com o documento,&nbsp;Bolsonaro permanece na unidade de terapia intensiva (UTI), onde apresentou eleva\u00e7\u00e3o da press\u00e3o arterial e [&hellip;]\" \/>\n<meta property=\"og:url\" content=\"https:\/\/cleitonpinheiro.com.br\/site\/ex-presidente-bolsonaro-apresenta-piora-clinica-e-vai-passar-por-novos-exames\/\" \/>\n<meta property=\"og:site_name\" content=\"PORTAL DE NOT\u00cdCIAS CLEITON PINHEIRO\" \/>\n<meta property=\"article:publisher\" content=\"https:\/\/www.facebook.com\/portalcpnoticias\/\" \/>\n<meta property=\"article:published_time\" content=\"2025-04-24T16:48:51+00:00\" \/>\n<meta property=\"article:modified_time\" content=\"2025-04-24T16:48:56+00:00\" \/>\n<meta property=\"og:image\" content=\"https:\/\/cleitonpinheiro.com.br\/site\/wp-content\/uploads\/2023\/07\/trbr3326.jpg\" \/>\n\t<meta property=\"og:image:width\" content=\"1170\" \/>\n\t<meta property=\"og:image:height\" content=\"700\" \/>\n\t<meta property=\"og:image:type\" content=\"image\/jpeg\" \/>\n<meta name=\"author\" content=\"Reda\u00e7\u00e3o CP\" \/>\n<meta name=\"twitter:card\" content=\"summary_large_image\" \/>\n<meta name=\"twitter:label1\" content=\"Escrito por\" \/>\n\t<meta name=\"twitter:data1\" content=\"Reda\u00e7\u00e3o CP\" \/>\n\t<meta name=\"twitter:label2\" content=\"Est. tempo de leitura\" \/>\n\t<meta name=\"twitter:data2\" content=\"3 minutos\" \/>\n<script type=\"application\/ld+json\" class=\"yoast-schema-graph\">{\"@context\":\"https:\/\/schema.org\",\"@graph\":[{\"@type\":\"Article\",\"@id\":\"https:\/\/cleitonpinheiro.com.br\/site\/ex-presidente-bolsonaro-apresenta-piora-clinica-e-vai-passar-por-novos-exames\/#article\",\"isPartOf\":{\"@id\":\"https:\/\/cleitonpinheiro.com.br\/site\/ex-presidente-bolsonaro-apresenta-piora-clinica-e-vai-passar-por-novos-exames\/\"},\"author\":{\"name\":\"Reda\u00e7\u00e3o CP\",\"@id\":\"https:\/\/cleitonpinheiro.com.br\/site\/#\/schema\/person\/8f04544e0bc40a1b68775b08360f87db\"},\"headline\":\"Ex-presidente Bolsonaro apresenta piora cl\u00ednica e vai passar por novos exames\",\"datePublished\":\"2025-04-24T16:48:51+00:00\",\"dateModified\":\"2025-04-24T16:48:56+00:00\",\"mainEntityOfPage\":{\"@id\":\"https:\/\/cleitonpinheiro.com.br\/site\/ex-presidente-bolsonaro-apresenta-piora-clinica-e-vai-passar-por-novos-exames\/\"},\"wordCount\":283,\"commentCount\":0,\"publisher\":{\"@id\":\"https:\/\/cleitonpinheiro.com.br\/site\/#organization\"},\"image\":{\"@id\":\"https:\/\/cleitonpinheiro.com.br\/site\/ex-presidente-bolsonaro-apresenta-piora-clinica-e-vai-passar-por-novos-exames\/#primaryimage\"},\"thumbnailUrl\":\"https:\/\/cleitonpinheiro.com.br\/site\/wp-content\/uploads\/2023\/07\/trbr3326.jpg\",\"keywords\":[\"Jair Bolsonaro\"],\"articleSection\":[\"MANCHETE SEGUND\u00c1RIA\",\"POL\u00cdTICA\",\"TODAS NOTICIAS\"],\"inLanguage\":\"pt-BR\",\"potentialAction\":[{\"@type\":\"CommentAction\",\"name\":\"Comment\",\"target\":[\"https:\/\/cleitonpinheiro.com.br\/site\/ex-presidente-bolsonaro-apresenta-piora-clinica-e-vai-passar-por-novos-exames\/#respond\"]}]},{\"@type\":\"WebPage\",\"@id\":\"https:\/\/cleitonpinheiro.com.br\/site\/ex-presidente-bolsonaro-apresenta-piora-clinica-e-vai-passar-por-novos-exames\/\",\"url\":\"https:\/\/cleitonpinheiro.com.br\/site\/ex-presidente-bolsonaro-apresenta-piora-clinica-e-vai-passar-por-novos-exames\/\",\"name\":\"Ex-presidente Bolsonaro apresenta piora cl\u00ednica e vai passar por novos exames - PORTAL DE NOT\u00cdCIAS CLEITON PINHEIRO\",\"isPartOf\":{\"@id\":\"https:\/\/cleitonpinheiro.com.br\/site\/#website\"},\"primaryImageOfPage\":{\"@id\":\"https:\/\/cleitonpinheiro.com.br\/site\/ex-presidente-bolsonaro-apresenta-piora-clinica-e-vai-passar-por-novos-exames\/#primaryimage\"},\"image\":{\"@id\":\"https:\/\/cleitonpinheiro.com.br\/site\/ex-presidente-bolsonaro-apresenta-piora-clinica-e-vai-passar-por-novos-exames\/#primaryimage\"},\"thumbnailUrl\":\"https:\/\/cleitonpinheiro.com.br\/site\/wp-content\/uploads\/2023\/07\/trbr3326.jpg\",\"datePublished\":\"2025-04-24T16:48:51+00:00\",\"dateModified\":\"2025-04-24T16:48:56+00:00\",\"breadcrumb\":{\"@id\":\"https:\/\/cleitonpinheiro.com.br\/site\/ex-presidente-bolsonaro-apresenta-piora-clinica-e-vai-passar-por-novos-exames\/#breadcrumb\"},\"inLanguage\":\"pt-BR\",\"potentialAction\":[{\"@type\":\"ReadAction\",\"target\":[\"https:\/\/cleitonpinheiro.com.br\/site\/ex-presidente-bolsonaro-apresenta-piora-clinica-e-vai-passar-por-novos-exames\/\"]}]},{\"@type\":\"ImageObject\",\"inLanguage\":\"pt-BR\",\"@id\":\"https:\/\/cleitonpinheiro.com.br\/site\/ex-presidente-bolsonaro-apresenta-piora-clinica-e-vai-passar-por-novos-exames\/#primaryimage\",\"url\":\"\",\"contentUrl\":\"\"},{\"@type\":\"BreadcrumbList\",\"@id\":\"https:\/\/cleitonpinheiro.com.br\/site\/ex-presidente-bolsonaro-apresenta-piora-clinica-e-vai-passar-por-novos-exames\/#breadcrumb\",\"itemListElement\":[{\"@type\":\"ListItem\",\"position\":1,\"name\":\"In\u00edcio\",\"item\":\"https:\/\/cleitonpinheiro.com.br\/site\/\"},{\"@type\":\"ListItem\",\"position\":2,\"name\":\"Ex-presidente Bolsonaro apresenta piora cl\u00ednica e vai passar por novos exames\"}]},{\"@type\":\"WebSite\",\"@id\":\"https:\/\/cleitonpinheiro.com.br\/site\/#website\",\"url\":\"https:\/\/cleitonpinheiro.com.br\/site\/\",\"name\":\"PORTAL DE NOT\u00cdCIAS CLEITON PINHEIRO\",\"description\":\"FALANDO A VERDADE\",\"publisher\":{\"@id\":\"https:\/\/cleitonpinheiro.com.br\/site\/#organization\"},\"potentialAction\":[{\"@type\":\"SearchAction\",\"target\":{\"@type\":\"EntryPoint\",\"urlTemplate\":\"https:\/\/cleitonpinheiro.com.br\/site\/?s={search_term_string}\"},\"query-input\":{\"@type\":\"PropertyValueSpecification\",\"valueRequired\":true,\"valueName\":\"search_term_string\"}}],\"inLanguage\":\"pt-BR\"},{\"@type\":\"Organization\",\"@id\":\"https:\/\/cleitonpinheiro.com.br\/site\/#organization\",\"name\":\"CPNOT\u00cdCIAS\",\"url\":\"https:\/\/cleitonpinheiro.com.br\/site\/\",\"logo\":{\"@type\":\"ImageObject\",\"inLanguage\":\"pt-BR\",\"@id\":\"https:\/\/cleitonpinheiro.com.br\/site\/#\/schema\/logo\/image\/\",\"url\":\"https:\/\/cleitonpinheiro.com.br\/site\/wp-content\/uploads\/2022\/08\/Logo-pequena-2.png\",\"contentUrl\":\"https:\/\/cleitonpinheiro.com.br\/site\/wp-content\/uploads\/2022\/08\/Logo-pequena-2.png\",\"width\":500,\"height\":500,\"caption\":\"CPNOT\u00cdCIAS\"},\"image\":{\"@id\":\"https:\/\/cleitonpinheiro.com.br\/site\/#\/schema\/logo\/image\/\"},\"sameAs\":[\"https:\/\/www.facebook.com\/portalcpnoticias\/\"]},{\"@type\":\"Person\",\"@id\":\"https:\/\/cleitonpinheiro.com.br\/site\/#\/schema\/person\/8f04544e0bc40a1b68775b08360f87db\",\"name\":\"Reda\u00e7\u00e3o CP\",\"image\":{\"@type\":\"ImageObject\",\"inLanguage\":\"pt-BR\",\"@id\":\"https:\/\/cleitonpinheiro.com.br\/site\/#\/schema\/person\/image\/\",\"url\":\"https:\/\/secure.gravatar.com\/avatar\/0bcf19cb29fdc8fc588c490c7ae1b3e174dac268586a63fbe1d1893a0f9020cd?s=96&r=g\",\"contentUrl\":\"https:\/\/secure.gravatar.com\/avatar\/0bcf19cb29fdc8fc588c490c7ae1b3e174dac268586a63fbe1d1893a0f9020cd?s=96&r=g\",\"caption\":\"Reda\u00e7\u00e3o CP\"},\"url\":\"https:\/\/cleitonpinheiro.com.br\/site\/author\/redacao\/\"}]}<\/script>\n<!-- \/ Yoast SEO plugin. -->","yoast_head_json":{"title":"Ex-presidente Bolsonaro apresenta piora cl\u00ednica e vai passar por novos exames - PORTAL DE NOT\u00cdCIAS CLEITON PINHEIRO","robots":{"index":"index","follow":"follow","max-snippet":"max-snippet:-1","max-image-preview":"max-image-preview:large","max-video-preview":"max-video-preview:-1"},"canonical":"https:\/\/cleitonpinheiro.com.br\/site\/ex-presidente-bolsonaro-apresenta-piora-clinica-e-vai-passar-por-novos-exames\/","og_locale":"pt_BR","og_type":"article","og_title":"Ex-presidente Bolsonaro apresenta piora cl\u00ednica e vai passar por novos exames - PORTAL DE NOT\u00cdCIAS CLEITON PINHEIRO","og_description":"Internado desde o \u00faltimo dia 13, quando passou por cirurgia no intestino e na parede abdominal, o ex-presidente Jair Bolsonaro apresentou piora cl\u00ednica, de acordo com boletim m\u00e9dico divulgado nesta quinta-feira (24) pelo Hospital DF Star. De acordo com o documento,&nbsp;Bolsonaro permanece na unidade de terapia intensiva (UTI), onde apresentou eleva\u00e7\u00e3o da press\u00e3o arterial e [&hellip;]","og_url":"https:\/\/cleitonpinheiro.com.br\/site\/ex-presidente-bolsonaro-apresenta-piora-clinica-e-vai-passar-por-novos-exames\/","og_site_name":"PORTAL DE NOT\u00cdCIAS CLEITON PINHEIRO","article_publisher":"https:\/\/www.facebook.com\/portalcpnoticias\/","article_published_time":"2025-04-24T16:48:51+00:00","article_modified_time":"2025-04-24T16:48:56+00:00","og_image":[{"width":1170,"height":700,"url":"https:\/\/cleitonpinheiro.com.br\/site\/wp-content\/uploads\/2023\/07\/trbr3326.jpg","type":"image\/jpeg"}],"author":"Reda\u00e7\u00e3o CP","twitter_card":"summary_large_image","twitter_misc":{"Escrito por":"Reda\u00e7\u00e3o CP","Est. tempo de leitura":"3 minutos"},"schema":{"@context":"https:\/\/schema.org","@graph":[{"@type":"Article","@id":"https:\/\/cleitonpinheiro.com.br\/site\/ex-presidente-bolsonaro-apresenta-piora-clinica-e-vai-passar-por-novos-exames\/#article","isPartOf":{"@id":"https:\/\/cleitonpinheiro.com.br\/site\/ex-presidente-bolsonaro-apresenta-piora-clinica-e-vai-passar-por-novos-exames\/"},"author":{"name":"Reda\u00e7\u00e3o CP","@id":"https:\/\/cleitonpinheiro.com.br\/site\/#\/schema\/person\/8f04544e0bc40a1b68775b08360f87db"},"headline":"Ex-presidente Bolsonaro apresenta piora cl\u00ednica e vai passar por novos exames","datePublished":"2025-04-24T16:48:51+00:00","dateModified":"2025-04-24T16:48:56+00:00","mainEntityOfPage":{"@id":"https:\/\/cleitonpinheiro.com.br\/site\/ex-presidente-bolsonaro-apresenta-piora-clinica-e-vai-passar-por-novos-exames\/"},"wordCount":283,"commentCount":0,"publisher":{"@id":"https:\/\/cleitonpinheiro.com.br\/site\/#organization"},"image":{"@id":"https:\/\/cleitonpinheiro.com.br\/site\/ex-presidente-bolsonaro-apresenta-piora-clinica-e-vai-passar-por-novos-exames\/#primaryimage"},"thumbnailUrl":"https:\/\/cleitonpinheiro.com.br\/site\/wp-content\/uploads\/2023\/07\/trbr3326.jpg","keywords":["Jair Bolsonaro"],"articleSection":["MANCHETE SEGUND\u00c1RIA","POL\u00cdTICA","TODAS NOTICIAS"],"inLanguage":"pt-BR","potentialAction":[{"@type":"CommentAction","name":"Comment","target":["https:\/\/cleitonpinheiro.com.br\/site\/ex-presidente-bolsonaro-apresenta-piora-clinica-e-vai-passar-por-novos-exames\/#respond"]}]},{"@type":"WebPage","@id":"https:\/\/cleitonpinheiro.com.br\/site\/ex-presidente-bolsonaro-apresenta-piora-clinica-e-vai-passar-por-novos-exames\/","url":"https:\/\/cleitonpinheiro.com.br\/site\/ex-presidente-bolsonaro-apresenta-piora-clinica-e-vai-passar-por-novos-exames\/","name":"Ex-presidente Bolsonaro apresenta piora cl\u00ednica e vai passar por novos exames - PORTAL DE NOT\u00cdCIAS CLEITON PINHEIRO","isPartOf":{"@id":"https:\/\/cleitonpinheiro.com.br\/site\/#website"},"primaryImageOfPage":{"@id":"https:\/\/cleitonpinheiro.com.br\/site\/ex-presidente-bolsonaro-apresenta-piora-clinica-e-vai-passar-por-novos-exames\/#primaryimage"},"image":{"@id":"https:\/\/cleitonpinheiro.com.br\/site\/ex-presidente-bolsonaro-apresenta-piora-clinica-e-vai-passar-por-novos-exames\/#primaryimage"},"thumbnailUrl":"https:\/\/cleitonpinheiro.com.br\/site\/wp-content\/uploads\/2023\/07\/trbr3326.jpg","datePublished":"2025-04-24T16:48:51+00:00","dateModified":"2025-04-24T16:48:56+00:00","breadcrumb":{"@id":"https:\/\/cleitonpinheiro.com.br\/site\/ex-presidente-bolsonaro-apresenta-piora-clinica-e-vai-passar-por-novos-exames\/#breadcrumb"},"inLanguage":"pt-BR","potentialAction":[{"@type":"ReadAction","target":["https:\/\/cleitonpinheiro.com.br\/site\/ex-presidente-bolsonaro-apresenta-piora-clinica-e-vai-passar-por-novos-exames\/"]}]},{"@type":"ImageObject","inLanguage":"pt-BR","@id":"https:\/\/cleitonpinheiro.com.br\/site\/ex-presidente-bolsonaro-apresenta-piora-clinica-e-vai-passar-por-novos-exames\/#primaryimage","url":"","contentUrl":""},{"@type":"BreadcrumbList","@id":"https:\/\/cleitonpinheiro.com.br\/site\/ex-presidente-bolsonaro-apresenta-piora-clinica-e-vai-passar-por-novos-exames\/#breadcrumb","itemListElement":[{"@type":"ListItem","position":1,"name":"In\u00edcio","item":"https:\/\/cleitonpinheiro.com.br\/site\/"},{"@type":"ListItem","position":2,"name":"Ex-presidente Bolsonaro apresenta piora cl\u00ednica e vai passar por novos exames"}]},{"@type":"WebSite","@id":"https:\/\/cleitonpinheiro.com.br\/site\/#website","url":"https:\/\/cleitonpinheiro.com.br\/site\/","name":"PORTAL DE NOT\u00cdCIAS CLEITON PINHEIRO","description":"FALANDO A VERDADE","publisher":{"@id":"https:\/\/cleitonpinheiro.com.br\/site\/#organization"},"potentialAction":[{"@type":"SearchAction","target":{"@type":"EntryPoint","urlTemplate":"https:\/\/cleitonpinheiro.com.br\/site\/?s={search_term_string}"},"query-input":{"@type":"PropertyValueSpecification","valueRequired":true,"valueName":"search_term_string"}}],"inLanguage":"pt-BR"},{"@type":"Organization","@id":"https:\/\/cleitonpinheiro.com.br\/site\/#organization","name":"CPNOT\u00cdCIAS","url":"https:\/\/cleitonpinheiro.com.br\/site\/","logo":{"@type":"ImageObject","inLanguage":"pt-BR","@id":"https:\/\/cleitonpinheiro.com.br\/site\/#\/schema\/logo\/image\/","url":"https:\/\/cleitonpinheiro.com.br\/site\/wp-content\/uploads\/2022\/08\/Logo-pequena-2.png","contentUrl":"https:\/\/cleitonpinheiro.com.br\/site\/wp-content\/uploads\/2022\/08\/Logo-pequena-2.png","width":500,"height":500,"caption":"CPNOT\u00cdCIAS"},"image":{"@id":"https:\/\/cleitonpinheiro.com.br\/site\/#\/schema\/logo\/image\/"},"sameAs":["https:\/\/www.facebook.com\/portalcpnoticias\/"]},{"@type":"Person","@id":"https:\/\/cleitonpinheiro.com.br\/site\/#\/schema\/person\/8f04544e0bc40a1b68775b08360f87db","name":"Reda\u00e7\u00e3o CP","image":{"@type":"ImageObject","inLanguage":"pt-BR","@id":"https:\/\/cleitonpinheiro.com.br\/site\/#\/schema\/person\/image\/","url":"https:\/\/secure.gravatar.com\/avatar\/0bcf19cb29fdc8fc588c490c7ae1b3e174dac268586a63fbe1d1893a0f9020cd?s=96&r=g","contentUrl":"https:\/\/secure.gravatar.com\/avatar\/0bcf19cb29fdc8fc588c490c7ae1b3e174dac268586a63fbe1d1893a0f9020cd?s=96&r=g","caption":"Reda\u00e7\u00e3o CP"},"url":"https:\/\/cleitonpinheiro.com.br\/site\/author\/redacao\/"}]}},"views":179,"_links":{"self":[{"href":"https:\/\/cleitonpinheiro.com.br\/site\/wp-json\/wp\/v2\/posts\/85278","targetHints":{"allow":["GET"]}}],"collection":[{"href":"https:\/\/cleitonpinheiro.com.br\/site\/wp-json\/wp\/v2\/posts"}],"about":[{"href":"https:\/\/cleitonpinheiro.com.br\/site\/wp-json\/wp\/v2\/types\/post"}],"author":[{"embeddable":true,"href":"https:\/\/cleitonpinheiro.com.br\/site\/wp-json\/wp\/v2\/users\/13"}],"replies":[{"embeddable":true,"href":"https:\/\/cleitonpinheiro.com.br\/site\/wp-json\/wp\/v2\/comments?post=85278"}],"version-history":[{"count":1,"href":"https:\/\/cleitonpinheiro.com.br\/site\/wp-json\/wp\/v2\/posts\/85278\/revisions"}],"predecessor-version":[{"id":85279,"href":"https:\/\/cleitonpinheiro.com.br\/site\/wp-json\/wp\/v2\/posts\/85278\/revisions\/85279"}],"wp:attachment":[{"href":"https:\/\/cleitonpinheiro.com.br\/site\/wp-json\/wp\/v2\/media?parent=85278"}],"wp:term":[{"taxonomy":"category","embeddable":true,"href":"https:\/\/cleitonpinheiro.com.br\/site\/wp-json\/wp\/v2\/categories?post=85278"},{"taxonomy":"post_tag","embeddable":true,"href":"https:\/\/cleitonpinheiro.com.br\/site\/wp-json\/wp\/v2\/tags?post=85278"}],"curies":[{"name":"wp","href":"https:\/\/api.w.org\/{rel}","templated":true}]}}