{"id":85283,"date":"2025-04-24T08:44:00","date_gmt":"2025-04-24T11:44:00","guid":{"rendered":"https:\/\/cleitonpinheiro.com.br\/site\/?p=85283"},"modified":"2025-04-24T16:47:40","modified_gmt":"2025-04-24T19:47:40","slug":"prefeitura-de-palmas-se-reune-com-vice-presidente-da-republica-e-busca-se-tornar-cidade-piloto-da-nova-industria-brasil","status":"publish","type":"post","link":"https:\/\/cleitonpinheiro.com.br\/site\/prefeitura-de-palmas-se-reune-com-vice-presidente-da-republica-e-busca-se-tornar-cidade-piloto-da-nova-industria-brasil\/","title":{"rendered":"Prefeitura de Palmas se re\u00fane com vice-presidente da Rep\u00fablica e busca se tornar cidade-piloto da Nova Ind\u00fastria Brasil"},"content":{"rendered":"\n<figure class=\"wp-block-image size-full\"><img fetchpriority=\"high\" decoding=\"async\" width=\"799\" height=\"533\" src=\"https:\/\/cleitonpinheiro.com.br\/site\/wp-content\/uploads\/2025\/04\/WhatsApp-Image-2025-04-23-at-13.17.47-1-1.jpeg\" alt=\"\" class=\"wp-image-85284\" srcset=\"https:\/\/cleitonpinheiro.com.br\/site\/wp-content\/uploads\/2025\/04\/WhatsApp-Image-2025-04-23-at-13.17.47-1-1.jpeg 799w, https:\/\/cleitonpinheiro.com.br\/site\/wp-content\/uploads\/2025\/04\/WhatsApp-Image-2025-04-23-at-13.17.47-1-1-300x200.jpeg 300w, https:\/\/cleitonpinheiro.com.br\/site\/wp-content\/uploads\/2025\/04\/WhatsApp-Image-2025-04-23-at-13.17.47-1-1-768x512.jpeg 768w\" sizes=\"(max-width: 799px) 100vw, 799px\" \/><\/figure>\n\n\n\n<p>Em conson\u00e2ncia com o plano de gest\u00e3o do prefeito Eduardo Siqueira Campos, o secret\u00e1rio de Desenvolvimento Econ\u00f4mico e Empreendedorismo (Sedeem), Henrique Nesello, acompanhado do executivo da pasta, Fredson Rocha, cumpriu uma s\u00e9rie de visitas institucionais em Bras\u00edlia desde a \u00faltima ter\u00e7a-feira, 22. O destaque da visita foi a entrega oficial nesta quarta, 23, ao vice-presidente da Rep\u00fablica e ministro do Desenvolvimento, Ind\u00fastria, Com\u00e9rcio e Servi\u00e7os (MDIC), Geraldo Alckmin, de um conjunto de propostas elaboradas para transformar Palmas em cidade-piloto da Nova Ind\u00fastria Brasil (NIB), uma pol\u00edtica industrial lan\u00e7ada pelo governo federal com foco em inova\u00e7\u00e3o, sustentabilidade e inclus\u00e3o produtiva.<\/p>\n\n\n\n<p>Com o objetivo de fortalecer o posicionamento da capital tocantinense como refer\u00eancia no desenvolvimento econ\u00f4mico sustent\u00e1vel, a agenda dos gestores na Capital federal incluiu o di\u00e1logo com os senadores Professora Dorinha, Iraj\u00e1 Silvestre e Eduardo Gomes, al\u00e9m de audi\u00eancia para alinhamento de projetos com o deputado federal Vicentinho J\u00fanior.&nbsp;<\/p>\n\n\n\n<p>Entre as iniciativas propostas pela Prefeitura de Palmas, por meio da Sedeem, e entregues ao vice-presidente, est\u00e3o a cria\u00e7\u00e3o do Polo Farmac\u00eautico e de Sa\u00fade Industrial da Amaz\u00f4nia Legal;&nbsp; reconhecimento de Palmas como Capital da Liberdade Econ\u00f4mica; programa Municipal de Qualifica\u00e7\u00e3o Profissional para a Nova Ind\u00fastria; projeto Construa Palmas \u2013 Moderniza\u00e7\u00e3o do Licenciamento Urbano e Ambiental e reestrutura\u00e7\u00e3o da Secretaria Municipal de Desenvolvimento Econ\u00f4mico.<\/p>\n\n\n\n<p>O secret\u00e1rio Henrique Nesello refor\u00e7ou que a proposta representa \u201cum marco no reposicionamento econ\u00f4mico de Palmas\u201d. \u201cNossa cidade vive um novo ciclo de planejamento e transforma\u00e7\u00e3o urbana e econ\u00f4mica gra\u00e7as ao plano de governo da gest\u00e3o Eduardo Siqueira Campos. Estamos preparados para liderar um modelo de desenvolvimento produtivo e sustent\u00e1vel na regi\u00e3o Norte do Pa\u00eds\u201d, destacou.<\/p>\n\n\n\n<p>A expectativa \u00e9 que, com o apoio t\u00e9cnico e institucional do governo federal por meio de coopera\u00e7\u00e3o t\u00e9cnica, Palmas se torne refer\u00eancia nacional em pol\u00edticas de desenvolvimento econ\u00f4mico regional. As visitas foram endossadas pelo secret\u00e1rio de Representa\u00e7\u00e3o em Bras\u00edlia, Vicentinho Alves, e o executivo Rafael Drumond e tamb\u00e9m contou com a presen\u00e7a do vereador Carlos Amastha.<\/p>\n\n\n\n<p><\/p>\n","protected":false},"excerpt":{"rendered":"<p>Em conson\u00e2ncia com o plano de gest\u00e3o do prefeito Eduardo Siqueira Campos, o secret\u00e1rio de Desenvolvimento Econ\u00f4mico e Empreendedorismo (Sedeem), Henrique Nesello, acompanhado do executivo da pasta, Fredson Rocha, cumpriu uma s\u00e9rie de visitas institucionais em Bras\u00edlia desde a \u00faltima ter\u00e7a-feira, 22. O destaque da visita foi a entrega oficial nesta quarta, 23, ao vice-presidente [&hellip;]<\/p>\n","protected":false},"author":13,"featured_media":85284,"comment_status":"open","ping_status":"open","sticky":false,"template":"","format":"standard","meta":{"_acf_changed":false,"footnotes":""},"categories":[22,898,21],"tags":[],"class_list":["post-85283","post","type-post","status-publish","format-standard","has-post-thumbnail","hentry","category-cidades","category-manchete-segundaria","category-todas-noticias"],"acf":[],"yoast_head":"<!-- This site is optimized with the Yoast SEO plugin v24.4 - https:\/\/yoast.com\/wordpress\/plugins\/seo\/ -->\n<title>Prefeitura de Palmas se re\u00fane com vice-presidente da Rep\u00fablica e busca se tornar cidade-piloto da Nova Ind\u00fastria Brasil - PORTAL DE NOT\u00cdCIAS CLEITON PINHEIRO<\/title>\n<meta name=\"robots\" content=\"index, follow, max-snippet:-1, max-image-preview:large, max-video-preview:-1\" \/>\n<link rel=\"canonical\" href=\"https:\/\/cleitonpinheiro.com.br\/site\/prefeitura-de-palmas-se-reune-com-vice-presidente-da-republica-e-busca-se-tornar-cidade-piloto-da-nova-industria-brasil\/\" \/>\n<meta property=\"og:locale\" content=\"pt_BR\" \/>\n<meta property=\"og:type\" content=\"article\" \/>\n<meta property=\"og:title\" content=\"Prefeitura de Palmas se re\u00fane com vice-presidente da Rep\u00fablica e busca se tornar cidade-piloto da Nova Ind\u00fastria Brasil - PORTAL DE NOT\u00cdCIAS CLEITON PINHEIRO\" \/>\n<meta property=\"og:description\" content=\"Em conson\u00e2ncia com o plano de gest\u00e3o do prefeito Eduardo Siqueira Campos, o secret\u00e1rio de Desenvolvimento Econ\u00f4mico e Empreendedorismo (Sedeem), Henrique Nesello, acompanhado do executivo da pasta, Fredson Rocha, cumpriu uma s\u00e9rie de visitas institucionais em Bras\u00edlia desde a \u00faltima ter\u00e7a-feira, 22. O destaque da visita foi a entrega oficial nesta quarta, 23, ao vice-presidente [&hellip;]\" \/>\n<meta property=\"og:url\" content=\"https:\/\/cleitonpinheiro.com.br\/site\/prefeitura-de-palmas-se-reune-com-vice-presidente-da-republica-e-busca-se-tornar-cidade-piloto-da-nova-industria-brasil\/\" \/>\n<meta property=\"og:site_name\" content=\"PORTAL DE NOT\u00cdCIAS CLEITON PINHEIRO\" \/>\n<meta property=\"article:publisher\" content=\"https:\/\/www.facebook.com\/portalcpnoticias\/\" \/>\n<meta property=\"article:published_time\" content=\"2025-04-24T11:44:00+00:00\" \/>\n<meta property=\"article:modified_time\" content=\"2025-04-24T19:47:40+00:00\" \/>\n<meta property=\"og:image\" content=\"https:\/\/cleitonpinheiro.com.br\/site\/wp-content\/uploads\/2025\/04\/WhatsApp-Image-2025-04-23-at-13.17.47-1-1.jpeg\" \/>\n\t<meta property=\"og:image:width\" content=\"799\" \/>\n\t<meta property=\"og:image:height\" content=\"533\" \/>\n\t<meta property=\"og:image:type\" content=\"image\/jpeg\" \/>\n<meta name=\"author\" content=\"Reda\u00e7\u00e3o CP\" \/>\n<meta name=\"twitter:card\" content=\"summary_large_image\" \/>\n<meta name=\"twitter:label1\" content=\"Escrito por\" \/>\n\t<meta name=\"twitter:data1\" content=\"Reda\u00e7\u00e3o CP\" \/>\n\t<meta name=\"twitter:label2\" content=\"Est. tempo de leitura\" \/>\n\t<meta name=\"twitter:data2\" content=\"3 minutos\" \/>\n<script type=\"application\/ld+json\" class=\"yoast-schema-graph\">{\"@context\":\"https:\/\/schema.org\",\"@graph\":[{\"@type\":\"Article\",\"@id\":\"https:\/\/cleitonpinheiro.com.br\/site\/prefeitura-de-palmas-se-reune-com-vice-presidente-da-republica-e-busca-se-tornar-cidade-piloto-da-nova-industria-brasil\/#article\",\"isPartOf\":{\"@id\":\"https:\/\/cleitonpinheiro.com.br\/site\/prefeitura-de-palmas-se-reune-com-vice-presidente-da-republica-e-busca-se-tornar-cidade-piloto-da-nova-industria-brasil\/\"},\"author\":{\"name\":\"Reda\u00e7\u00e3o CP\",\"@id\":\"https:\/\/cleitonpinheiro.com.br\/site\/#\/schema\/person\/8f04544e0bc40a1b68775b08360f87db\"},\"headline\":\"Prefeitura de Palmas se re\u00fane com vice-presidente da Rep\u00fablica e busca se tornar cidade-piloto da Nova Ind\u00fastria Brasil\",\"datePublished\":\"2025-04-24T11:44:00+00:00\",\"dateModified\":\"2025-04-24T19:47:40+00:00\",\"mainEntityOfPage\":{\"@id\":\"https:\/\/cleitonpinheiro.com.br\/site\/prefeitura-de-palmas-se-reune-com-vice-presidente-da-republica-e-busca-se-tornar-cidade-piloto-da-nova-industria-brasil\/\"},\"wordCount\":398,\"commentCount\":0,\"publisher\":{\"@id\":\"https:\/\/cleitonpinheiro.com.br\/site\/#organization\"},\"image\":{\"@id\":\"https:\/\/cleitonpinheiro.com.br\/site\/prefeitura-de-palmas-se-reune-com-vice-presidente-da-republica-e-busca-se-tornar-cidade-piloto-da-nova-industria-brasil\/#primaryimage\"},\"thumbnailUrl\":\"https:\/\/cleitonpinheiro.com.br\/site\/wp-content\/uploads\/2025\/04\/WhatsApp-Image-2025-04-23-at-13.17.47-1-1.jpeg\",\"articleSection\":[\"CIDADES\",\"MANCHETE SEGUND\u00c1RIA\",\"TODAS NOTICIAS\"],\"inLanguage\":\"pt-BR\",\"potentialAction\":[{\"@type\":\"CommentAction\",\"name\":\"Comment\",\"target\":[\"https:\/\/cleitonpinheiro.com.br\/site\/prefeitura-de-palmas-se-reune-com-vice-presidente-da-republica-e-busca-se-tornar-cidade-piloto-da-nova-industria-brasil\/#respond\"]}]},{\"@type\":\"WebPage\",\"@id\":\"https:\/\/cleitonpinheiro.com.br\/site\/prefeitura-de-palmas-se-reune-com-vice-presidente-da-republica-e-busca-se-tornar-cidade-piloto-da-nova-industria-brasil\/\",\"url\":\"https:\/\/cleitonpinheiro.com.br\/site\/prefeitura-de-palmas-se-reune-com-vice-presidente-da-republica-e-busca-se-tornar-cidade-piloto-da-nova-industria-brasil\/\",\"name\":\"Prefeitura de Palmas se re\u00fane com vice-presidente da Rep\u00fablica e busca se tornar cidade-piloto da Nova Ind\u00fastria Brasil - PORTAL DE NOT\u00cdCIAS CLEITON PINHEIRO\",\"isPartOf\":{\"@id\":\"https:\/\/cleitonpinheiro.com.br\/site\/#website\"},\"primaryImageOfPage\":{\"@id\":\"https:\/\/cleitonpinheiro.com.br\/site\/prefeitura-de-palmas-se-reune-com-vice-presidente-da-republica-e-busca-se-tornar-cidade-piloto-da-nova-industria-brasil\/#primaryimage\"},\"image\":{\"@id\":\"https:\/\/cleitonpinheiro.com.br\/site\/prefeitura-de-palmas-se-reune-com-vice-presidente-da-republica-e-busca-se-tornar-cidade-piloto-da-nova-industria-brasil\/#primaryimage\"},\"thumbnailUrl\":\"https:\/\/cleitonpinheiro.com.br\/site\/wp-content\/uploads\/2025\/04\/WhatsApp-Image-2025-04-23-at-13.17.47-1-1.jpeg\",\"datePublished\":\"2025-04-24T11:44:00+00:00\",\"dateModified\":\"2025-04-24T19:47:40+00:00\",\"breadcrumb\":{\"@id\":\"https:\/\/cleitonpinheiro.com.br\/site\/prefeitura-de-palmas-se-reune-com-vice-presidente-da-republica-e-busca-se-tornar-cidade-piloto-da-nova-industria-brasil\/#breadcrumb\"},\"inLanguage\":\"pt-BR\",\"potentialAction\":[{\"@type\":\"ReadAction\",\"target\":[\"https:\/\/cleitonpinheiro.com.br\/site\/prefeitura-de-palmas-se-reune-com-vice-presidente-da-republica-e-busca-se-tornar-cidade-piloto-da-nova-industria-brasil\/\"]}]},{\"@type\":\"ImageObject\",\"inLanguage\":\"pt-BR\",\"@id\":\"https:\/\/cleitonpinheiro.com.br\/site\/prefeitura-de-palmas-se-reune-com-vice-presidente-da-republica-e-busca-se-tornar-cidade-piloto-da-nova-industria-brasil\/#primaryimage\",\"url\":\"https:\/\/cleitonpinheiro.com.br\/site\/wp-content\/uploads\/2025\/04\/WhatsApp-Image-2025-04-23-at-13.17.47-1-1.jpeg\",\"contentUrl\":\"https:\/\/cleitonpinheiro.com.br\/site\/wp-content\/uploads\/2025\/04\/WhatsApp-Image-2025-04-23-at-13.17.47-1-1.jpeg\",\"width\":799,\"height\":533},{\"@type\":\"BreadcrumbList\",\"@id\":\"https:\/\/cleitonpinheiro.com.br\/site\/prefeitura-de-palmas-se-reune-com-vice-presidente-da-republica-e-busca-se-tornar-cidade-piloto-da-nova-industria-brasil\/#breadcrumb\",\"itemListElement\":[{\"@type\":\"ListItem\",\"position\":1,\"name\":\"In\u00edcio\",\"item\":\"https:\/\/cleitonpinheiro.com.br\/site\/\"},{\"@type\":\"ListItem\",\"position\":2,\"name\":\"Prefeitura de Palmas se re\u00fane com vice-presidente da Rep\u00fablica e busca se tornar cidade-piloto da Nova Ind\u00fastria Brasil\"}]},{\"@type\":\"WebSite\",\"@id\":\"https:\/\/cleitonpinheiro.com.br\/site\/#website\",\"url\":\"https:\/\/cleitonpinheiro.com.br\/site\/\",\"name\":\"PORTAL DE NOT\u00cdCIAS CLEITON PINHEIRO\",\"description\":\"FALANDO A VERDADE\",\"publisher\":{\"@id\":\"https:\/\/cleitonpinheiro.com.br\/site\/#organization\"},\"potentialAction\":[{\"@type\":\"SearchAction\",\"target\":{\"@type\":\"EntryPoint\",\"urlTemplate\":\"https:\/\/cleitonpinheiro.com.br\/site\/?s={search_term_string}\"},\"query-input\":{\"@type\":\"PropertyValueSpecification\",\"valueRequired\":true,\"valueName\":\"search_term_string\"}}],\"inLanguage\":\"pt-BR\"},{\"@type\":\"Organization\",\"@id\":\"https:\/\/cleitonpinheiro.com.br\/site\/#organization\",\"name\":\"CPNOT\u00cdCIAS\",\"url\":\"https:\/\/cleitonpinheiro.com.br\/site\/\",\"logo\":{\"@type\":\"ImageObject\",\"inLanguage\":\"pt-BR\",\"@id\":\"https:\/\/cleitonpinheiro.com.br\/site\/#\/schema\/logo\/image\/\",\"url\":\"https:\/\/cleitonpinheiro.com.br\/site\/wp-content\/uploads\/2022\/08\/Logo-pequena-2.png\",\"contentUrl\":\"https:\/\/cleitonpinheiro.com.br\/site\/wp-content\/uploads\/2022\/08\/Logo-pequena-2.png\",\"width\":500,\"height\":500,\"caption\":\"CPNOT\u00cdCIAS\"},\"image\":{\"@id\":\"https:\/\/cleitonpinheiro.com.br\/site\/#\/schema\/logo\/image\/\"},\"sameAs\":[\"https:\/\/www.facebook.com\/portalcpnoticias\/\"]},{\"@type\":\"Person\",\"@id\":\"https:\/\/cleitonpinheiro.com.br\/site\/#\/schema\/person\/8f04544e0bc40a1b68775b08360f87db\",\"name\":\"Reda\u00e7\u00e3o CP\",\"image\":{\"@type\":\"ImageObject\",\"inLanguage\":\"pt-BR\",\"@id\":\"https:\/\/cleitonpinheiro.com.br\/site\/#\/schema\/person\/image\/\",\"url\":\"https:\/\/secure.gravatar.com\/avatar\/0bcf19cb29fdc8fc588c490c7ae1b3e174dac268586a63fbe1d1893a0f9020cd?s=96&r=g\",\"contentUrl\":\"https:\/\/secure.gravatar.com\/avatar\/0bcf19cb29fdc8fc588c490c7ae1b3e174dac268586a63fbe1d1893a0f9020cd?s=96&r=g\",\"caption\":\"Reda\u00e7\u00e3o CP\"},\"url\":\"https:\/\/cleitonpinheiro.com.br\/site\/author\/redacao\/\"}]}<\/script>\n<!-- \/ Yoast SEO plugin. -->","yoast_head_json":{"title":"Prefeitura de Palmas se re\u00fane com vice-presidente da Rep\u00fablica e busca se tornar cidade-piloto da Nova Ind\u00fastria Brasil - PORTAL DE NOT\u00cdCIAS CLEITON PINHEIRO","robots":{"index":"index","follow":"follow","max-snippet":"max-snippet:-1","max-image-preview":"max-image-preview:large","max-video-preview":"max-video-preview:-1"},"canonical":"https:\/\/cleitonpinheiro.com.br\/site\/prefeitura-de-palmas-se-reune-com-vice-presidente-da-republica-e-busca-se-tornar-cidade-piloto-da-nova-industria-brasil\/","og_locale":"pt_BR","og_type":"article","og_title":"Prefeitura de Palmas se re\u00fane com vice-presidente da Rep\u00fablica e busca se tornar cidade-piloto da Nova Ind\u00fastria Brasil - PORTAL DE NOT\u00cdCIAS CLEITON PINHEIRO","og_description":"Em conson\u00e2ncia com o plano de gest\u00e3o do prefeito Eduardo Siqueira Campos, o secret\u00e1rio de Desenvolvimento Econ\u00f4mico e Empreendedorismo (Sedeem), Henrique Nesello, acompanhado do executivo da pasta, Fredson Rocha, cumpriu uma s\u00e9rie de visitas institucionais em Bras\u00edlia desde a \u00faltima ter\u00e7a-feira, 22. O destaque da visita foi a entrega oficial nesta quarta, 23, ao vice-presidente [&hellip;]","og_url":"https:\/\/cleitonpinheiro.com.br\/site\/prefeitura-de-palmas-se-reune-com-vice-presidente-da-republica-e-busca-se-tornar-cidade-piloto-da-nova-industria-brasil\/","og_site_name":"PORTAL DE NOT\u00cdCIAS CLEITON PINHEIRO","article_publisher":"https:\/\/www.facebook.com\/portalcpnoticias\/","article_published_time":"2025-04-24T11:44:00+00:00","article_modified_time":"2025-04-24T19:47:40+00:00","og_image":[{"width":799,"height":533,"url":"https:\/\/cleitonpinheiro.com.br\/site\/wp-content\/uploads\/2025\/04\/WhatsApp-Image-2025-04-23-at-13.17.47-1-1.jpeg","type":"image\/jpeg"}],"author":"Reda\u00e7\u00e3o CP","twitter_card":"summary_large_image","twitter_misc":{"Escrito por":"Reda\u00e7\u00e3o CP","Est. tempo de leitura":"3 minutos"},"schema":{"@context":"https:\/\/schema.org","@graph":[{"@type":"Article","@id":"https:\/\/cleitonpinheiro.com.br\/site\/prefeitura-de-palmas-se-reune-com-vice-presidente-da-republica-e-busca-se-tornar-cidade-piloto-da-nova-industria-brasil\/#article","isPartOf":{"@id":"https:\/\/cleitonpinheiro.com.br\/site\/prefeitura-de-palmas-se-reune-com-vice-presidente-da-republica-e-busca-se-tornar-cidade-piloto-da-nova-industria-brasil\/"},"author":{"name":"Reda\u00e7\u00e3o CP","@id":"https:\/\/cleitonpinheiro.com.br\/site\/#\/schema\/person\/8f04544e0bc40a1b68775b08360f87db"},"headline":"Prefeitura de Palmas se re\u00fane com vice-presidente da Rep\u00fablica e busca se tornar cidade-piloto da Nova Ind\u00fastria Brasil","datePublished":"2025-04-24T11:44:00+00:00","dateModified":"2025-04-24T19:47:40+00:00","mainEntityOfPage":{"@id":"https:\/\/cleitonpinheiro.com.br\/site\/prefeitura-de-palmas-se-reune-com-vice-presidente-da-republica-e-busca-se-tornar-cidade-piloto-da-nova-industria-brasil\/"},"wordCount":398,"commentCount":0,"publisher":{"@id":"https:\/\/cleitonpinheiro.com.br\/site\/#organization"},"image":{"@id":"https:\/\/cleitonpinheiro.com.br\/site\/prefeitura-de-palmas-se-reune-com-vice-presidente-da-republica-e-busca-se-tornar-cidade-piloto-da-nova-industria-brasil\/#primaryimage"},"thumbnailUrl":"https:\/\/cleitonpinheiro.com.br\/site\/wp-content\/uploads\/2025\/04\/WhatsApp-Image-2025-04-23-at-13.17.47-1-1.jpeg","articleSection":["CIDADES","MANCHETE SEGUND\u00c1RIA","TODAS NOTICIAS"],"inLanguage":"pt-BR","potentialAction":[{"@type":"CommentAction","name":"Comment","target":["https:\/\/cleitonpinheiro.com.br\/site\/prefeitura-de-palmas-se-reune-com-vice-presidente-da-republica-e-busca-se-tornar-cidade-piloto-da-nova-industria-brasil\/#respond"]}]},{"@type":"WebPage","@id":"https:\/\/cleitonpinheiro.com.br\/site\/prefeitura-de-palmas-se-reune-com-vice-presidente-da-republica-e-busca-se-tornar-cidade-piloto-da-nova-industria-brasil\/","url":"https:\/\/cleitonpinheiro.com.br\/site\/prefeitura-de-palmas-se-reune-com-vice-presidente-da-republica-e-busca-se-tornar-cidade-piloto-da-nova-industria-brasil\/","name":"Prefeitura de Palmas se re\u00fane com vice-presidente da Rep\u00fablica e busca se tornar cidade-piloto da Nova Ind\u00fastria Brasil - PORTAL DE NOT\u00cdCIAS CLEITON PINHEIRO","isPartOf":{"@id":"https:\/\/cleitonpinheiro.com.br\/site\/#website"},"primaryImageOfPage":{"@id":"https:\/\/cleitonpinheiro.com.br\/site\/prefeitura-de-palmas-se-reune-com-vice-presidente-da-republica-e-busca-se-tornar-cidade-piloto-da-nova-industria-brasil\/#primaryimage"},"image":{"@id":"https:\/\/cleitonpinheiro.com.br\/site\/prefeitura-de-palmas-se-reune-com-vice-presidente-da-republica-e-busca-se-tornar-cidade-piloto-da-nova-industria-brasil\/#primaryimage"},"thumbnailUrl":"https:\/\/cleitonpinheiro.com.br\/site\/wp-content\/uploads\/2025\/04\/WhatsApp-Image-2025-04-23-at-13.17.47-1-1.jpeg","datePublished":"2025-04-24T11:44:00+00:00","dateModified":"2025-04-24T19:47:40+00:00","breadcrumb":{"@id":"https:\/\/cleitonpinheiro.com.br\/site\/prefeitura-de-palmas-se-reune-com-vice-presidente-da-republica-e-busca-se-tornar-cidade-piloto-da-nova-industria-brasil\/#breadcrumb"},"inLanguage":"pt-BR","potentialAction":[{"@type":"ReadAction","target":["https:\/\/cleitonpinheiro.com.br\/site\/prefeitura-de-palmas-se-reune-com-vice-presidente-da-republica-e-busca-se-tornar-cidade-piloto-da-nova-industria-brasil\/"]}]},{"@type":"ImageObject","inLanguage":"pt-BR","@id":"https:\/\/cleitonpinheiro.com.br\/site\/prefeitura-de-palmas-se-reune-com-vice-presidente-da-republica-e-busca-se-tornar-cidade-piloto-da-nova-industria-brasil\/#primaryimage","url":"https:\/\/cleitonpinheiro.com.br\/site\/wp-content\/uploads\/2025\/04\/WhatsApp-Image-2025-04-23-at-13.17.47-1-1.jpeg","contentUrl":"https:\/\/cleitonpinheiro.com.br\/site\/wp-content\/uploads\/2025\/04\/WhatsApp-Image-2025-04-23-at-13.17.47-1-1.jpeg","width":799,"height":533},{"@type":"BreadcrumbList","@id":"https:\/\/cleitonpinheiro.com.br\/site\/prefeitura-de-palmas-se-reune-com-vice-presidente-da-republica-e-busca-se-tornar-cidade-piloto-da-nova-industria-brasil\/#breadcrumb","itemListElement":[{"@type":"ListItem","position":1,"name":"In\u00edcio","item":"https:\/\/cleitonpinheiro.com.br\/site\/"},{"@type":"ListItem","position":2,"name":"Prefeitura de Palmas se re\u00fane com vice-presidente da Rep\u00fablica e busca se tornar cidade-piloto da Nova Ind\u00fastria Brasil"}]},{"@type":"WebSite","@id":"https:\/\/cleitonpinheiro.com.br\/site\/#website","url":"https:\/\/cleitonpinheiro.com.br\/site\/","name":"PORTAL DE NOT\u00cdCIAS CLEITON PINHEIRO","description":"FALANDO A VERDADE","publisher":{"@id":"https:\/\/cleitonpinheiro.com.br\/site\/#organization"},"potentialAction":[{"@type":"SearchAction","target":{"@type":"EntryPoint","urlTemplate":"https:\/\/cleitonpinheiro.com.br\/site\/?s={search_term_string}"},"query-input":{"@type":"PropertyValueSpecification","valueRequired":true,"valueName":"search_term_string"}}],"inLanguage":"pt-BR"},{"@type":"Organization","@id":"https:\/\/cleitonpinheiro.com.br\/site\/#organization","name":"CPNOT\u00cdCIAS","url":"https:\/\/cleitonpinheiro.com.br\/site\/","logo":{"@type":"ImageObject","inLanguage":"pt-BR","@id":"https:\/\/cleitonpinheiro.com.br\/site\/#\/schema\/logo\/image\/","url":"https:\/\/cleitonpinheiro.com.br\/site\/wp-content\/uploads\/2022\/08\/Logo-pequena-2.png","contentUrl":"https:\/\/cleitonpinheiro.com.br\/site\/wp-content\/uploads\/2022\/08\/Logo-pequena-2.png","width":500,"height":500,"caption":"CPNOT\u00cdCIAS"},"image":{"@id":"https:\/\/cleitonpinheiro.com.br\/site\/#\/schema\/logo\/image\/"},"sameAs":["https:\/\/www.facebook.com\/portalcpnoticias\/"]},{"@type":"Person","@id":"https:\/\/cleitonpinheiro.com.br\/site\/#\/schema\/person\/8f04544e0bc40a1b68775b08360f87db","name":"Reda\u00e7\u00e3o CP","image":{"@type":"ImageObject","inLanguage":"pt-BR","@id":"https:\/\/cleitonpinheiro.com.br\/site\/#\/schema\/person\/image\/","url":"https:\/\/secure.gravatar.com\/avatar\/0bcf19cb29fdc8fc588c490c7ae1b3e174dac268586a63fbe1d1893a0f9020cd?s=96&r=g","contentUrl":"https:\/\/secure.gravatar.com\/avatar\/0bcf19cb29fdc8fc588c490c7ae1b3e174dac268586a63fbe1d1893a0f9020cd?s=96&r=g","caption":"Reda\u00e7\u00e3o CP"},"url":"https:\/\/cleitonpinheiro.com.br\/site\/author\/redacao\/"}]}},"views":131,"_links":{"self":[{"href":"https:\/\/cleitonpinheiro.com.br\/site\/wp-json\/wp\/v2\/posts\/85283","targetHints":{"allow":["GET"]}}],"collection":[{"href":"https:\/\/cleitonpinheiro.com.br\/site\/wp-json\/wp\/v2\/posts"}],"about":[{"href":"https:\/\/cleitonpinheiro.com.br\/site\/wp-json\/wp\/v2\/types\/post"}],"author":[{"embeddable":true,"href":"https:\/\/cleitonpinheiro.com.br\/site\/wp-json\/wp\/v2\/users\/13"}],"replies":[{"embeddable":true,"href":"https:\/\/cleitonpinheiro.com.br\/site\/wp-json\/wp\/v2\/comments?post=85283"}],"version-history":[{"count":1,"href":"https:\/\/cleitonpinheiro.com.br\/site\/wp-json\/wp\/v2\/posts\/85283\/revisions"}],"predecessor-version":[{"id":85285,"href":"https:\/\/cleitonpinheiro.com.br\/site\/wp-json\/wp\/v2\/posts\/85283\/revisions\/85285"}],"wp:featuredmedia":[{"embeddable":true,"href":"https:\/\/cleitonpinheiro.com.br\/site\/wp-json\/wp\/v2\/media\/85284"}],"wp:attachment":[{"href":"https:\/\/cleitonpinheiro.com.br\/site\/wp-json\/wp\/v2\/media?parent=85283"}],"wp:term":[{"taxonomy":"category","embeddable":true,"href":"https:\/\/cleitonpinheiro.com.br\/site\/wp-json\/wp\/v2\/categories?post=85283"},{"taxonomy":"post_tag","embeddable":true,"href":"https:\/\/cleitonpinheiro.com.br\/site\/wp-json\/wp\/v2\/tags?post=85283"}],"curies":[{"name":"wp","href":"https:\/\/api.w.org\/{rel}","templated":true}]}}