{"id":85286,"date":"2025-04-24T16:50:32","date_gmt":"2025-04-24T19:50:32","guid":{"rendered":"https:\/\/cleitonpinheiro.com.br\/site\/?p=85286"},"modified":"2025-04-24T16:51:04","modified_gmt":"2025-04-24T19:51:04","slug":"prefeitura-de-palmas-recapeamento-da-principal-via-de-acesso-a-taquarucu-entra-na-fase-final","status":"publish","type":"post","link":"https:\/\/cleitonpinheiro.com.br\/site\/prefeitura-de-palmas-recapeamento-da-principal-via-de-acesso-a-taquarucu-entra-na-fase-final\/","title":{"rendered":"Recapeamento da principal via de acesso a Taquaru\u00e7u entra na fase final"},"content":{"rendered":"\n<figure class=\"wp-block-image size-large\"><img fetchpriority=\"high\" decoding=\"async\" width=\"1024\" height=\"768\" src=\"https:\/\/cleitonpinheiro.com.br\/site\/wp-content\/uploads\/2025\/04\/WhatsApp-Image-2025-04-23-at-18.35.04-1024x768.jpeg\" alt=\"asfalto\" class=\"wp-image-85287\" srcset=\"https:\/\/cleitonpinheiro.com.br\/site\/wp-content\/uploads\/2025\/04\/WhatsApp-Image-2025-04-23-at-18.35.04-1024x768.jpeg 1024w, https:\/\/cleitonpinheiro.com.br\/site\/wp-content\/uploads\/2025\/04\/WhatsApp-Image-2025-04-23-at-18.35.04-300x225.jpeg 300w, https:\/\/cleitonpinheiro.com.br\/site\/wp-content\/uploads\/2025\/04\/WhatsApp-Image-2025-04-23-at-18.35.04-768x576.jpeg 768w, https:\/\/cleitonpinheiro.com.br\/site\/wp-content\/uploads\/2025\/04\/WhatsApp-Image-2025-04-23-at-18.35.04.jpeg 1280w\" sizes=\"(max-width: 1024px) 100vw, 1024px\" \/><\/figure>\n\n\n\n<p>A obra de recapeamento asf\u00e1ltico com Concreto Betuminoso Usinado \u00e0 Quente (CBUQ) na Avenida Taquaru\u00e7u, em Taquaralto, regi\u00e3o sul da Capital, j\u00e1 est\u00e1 com mais de 80% dos servi\u00e7os conclu\u00eddos. Na quarta-feira, 24, as equipes operacionais da Prefeitura de Palmas aplicaram o CBUQ na \u00faltima rotat\u00f3ria da avenida, que d\u00e1 acesso ao distrito de Taquaru\u00e7u, e seguem com a revitaliza\u00e7\u00e3o de um \u00faltimo trecho, entre as avenidas Amaralina e Copacabana, que passa por reparos na base para corre\u00e7\u00e3o de danos.<\/p>\n\n\n\n<p>Com investimento de R$ 2.083.370,80, a obra \u00e9 executada pela Secretaria de Infraestrutura e Obras P\u00fablicas (Seiop) e contempla uma \u00e1rea de aproximadamente 24 mil metros quadrados. Segundo a pasta, a aplica\u00e7\u00e3o do CBUQ traz diversas vantagens para a manuten\u00e7\u00e3o vi\u00e1ria, como maior durabilidade, resist\u00eancia e capacidade de suportar cargas elevadas.<\/p>\n\n\n\n<p>A obra tem como objetivo melhorar as condi\u00e7\u00f5es de tr\u00e1fego para moradores, comerciantes e turistas, especialmente por se tratar de uma avenida com fluxo intenso, \u00e1rea comercial e ser a principal via de acesso a Taquaru\u00e7u, um dos principais pontos tur\u00edsticos de Palmas.<\/p>\n\n\n\n<p><strong>Asfalto novo impacta positivamente o com\u00e9rcio<br><\/strong>Comerciante e moradora de Taquaralto, Rose Gomes destacou os benef\u00edcios da obra. \u201cEssa obra \u00e9 um grande presente. Agora, os clientes n\u00e3o v\u00e3o mais reclamar. Chegando aqui, tem onde estacionar, asfalto novinho, sem nenhum buraco. Estamos muito felizes com essa melhoria\u201d, afirmou.<\/p>\n\n\n\n<p>Texto: Alcione Luz\/Prefeitura de Palmas<\/p>\n\n\n\n<p><\/p>\n","protected":false},"excerpt":{"rendered":"<p>A obra de recapeamento asf\u00e1ltico com Concreto Betuminoso Usinado \u00e0 Quente (CBUQ) na Avenida Taquaru\u00e7u, em Taquaralto, regi\u00e3o sul da Capital, j\u00e1 est\u00e1 com mais de 80% dos servi\u00e7os conclu\u00eddos. Na quarta-feira, 24, as equipes operacionais da Prefeitura de Palmas aplicaram o CBUQ na \u00faltima rotat\u00f3ria da avenida, que d\u00e1 acesso ao distrito de Taquaru\u00e7u, [&hellip;]<\/p>\n","protected":false},"author":13,"featured_media":85287,"comment_status":"open","ping_status":"open","sticky":false,"template":"","format":"standard","meta":{"_acf_changed":false,"footnotes":""},"categories":[22,20,21],"tags":[1393,720],"class_list":["post-85286","post","type-post","status-publish","format-standard","has-post-thumbnail","hentry","category-cidades","category-noticias-em-destaque","category-todas-noticias","tag-asfalto","tag-prefeitura-de-palmas"],"acf":[],"yoast_head":"<!-- This site is optimized with the Yoast SEO plugin v24.4 - https:\/\/yoast.com\/wordpress\/plugins\/seo\/ -->\n<title>Recapeamento da principal via de acesso a Taquaru\u00e7u entra na fase final - PORTAL DE NOT\u00cdCIAS CLEITON PINHEIRO<\/title>\n<meta name=\"robots\" content=\"index, follow, max-snippet:-1, max-image-preview:large, max-video-preview:-1\" \/>\n<link rel=\"canonical\" href=\"https:\/\/cleitonpinheiro.com.br\/site\/prefeitura-de-palmas-recapeamento-da-principal-via-de-acesso-a-taquarucu-entra-na-fase-final\/\" \/>\n<meta property=\"og:locale\" content=\"pt_BR\" \/>\n<meta property=\"og:type\" content=\"article\" \/>\n<meta property=\"og:title\" content=\"Recapeamento da principal via de acesso a Taquaru\u00e7u entra na fase final - PORTAL DE NOT\u00cdCIAS CLEITON PINHEIRO\" \/>\n<meta property=\"og:description\" content=\"A obra de recapeamento asf\u00e1ltico com Concreto Betuminoso Usinado \u00e0 Quente (CBUQ) na Avenida Taquaru\u00e7u, em Taquaralto, regi\u00e3o sul da Capital, j\u00e1 est\u00e1 com mais de 80% dos servi\u00e7os conclu\u00eddos. Na quarta-feira, 24, as equipes operacionais da Prefeitura de Palmas aplicaram o CBUQ na \u00faltima rotat\u00f3ria da avenida, que d\u00e1 acesso ao distrito de Taquaru\u00e7u, [&hellip;]\" \/>\n<meta property=\"og:url\" content=\"https:\/\/cleitonpinheiro.com.br\/site\/prefeitura-de-palmas-recapeamento-da-principal-via-de-acesso-a-taquarucu-entra-na-fase-final\/\" \/>\n<meta property=\"og:site_name\" content=\"PORTAL DE NOT\u00cdCIAS CLEITON PINHEIRO\" \/>\n<meta property=\"article:publisher\" content=\"https:\/\/www.facebook.com\/portalcpnoticias\/\" \/>\n<meta property=\"article:published_time\" content=\"2025-04-24T19:50:32+00:00\" \/>\n<meta property=\"article:modified_time\" content=\"2025-04-24T19:51:04+00:00\" \/>\n<meta property=\"og:image\" content=\"https:\/\/cleitonpinheiro.com.br\/site\/wp-content\/uploads\/2025\/04\/WhatsApp-Image-2025-04-23-at-18.35.04.jpeg\" \/>\n\t<meta property=\"og:image:width\" content=\"1280\" \/>\n\t<meta property=\"og:image:height\" content=\"960\" \/>\n\t<meta property=\"og:image:type\" content=\"image\/jpeg\" \/>\n<meta name=\"author\" content=\"Reda\u00e7\u00e3o CP\" \/>\n<meta name=\"twitter:card\" content=\"summary_large_image\" \/>\n<meta name=\"twitter:label1\" content=\"Escrito por\" \/>\n\t<meta name=\"twitter:data1\" content=\"Reda\u00e7\u00e3o CP\" \/>\n\t<meta name=\"twitter:label2\" content=\"Est. tempo de leitura\" \/>\n\t<meta name=\"twitter:data2\" content=\"2 minutos\" \/>\n<script type=\"application\/ld+json\" class=\"yoast-schema-graph\">{\"@context\":\"https:\/\/schema.org\",\"@graph\":[{\"@type\":\"Article\",\"@id\":\"https:\/\/cleitonpinheiro.com.br\/site\/prefeitura-de-palmas-recapeamento-da-principal-via-de-acesso-a-taquarucu-entra-na-fase-final\/#article\",\"isPartOf\":{\"@id\":\"https:\/\/cleitonpinheiro.com.br\/site\/prefeitura-de-palmas-recapeamento-da-principal-via-de-acesso-a-taquarucu-entra-na-fase-final\/\"},\"author\":{\"name\":\"Reda\u00e7\u00e3o CP\",\"@id\":\"https:\/\/cleitonpinheiro.com.br\/site\/#\/schema\/person\/8f04544e0bc40a1b68775b08360f87db\"},\"headline\":\"Recapeamento da principal via de acesso a Taquaru\u00e7u entra na fase final\",\"datePublished\":\"2025-04-24T19:50:32+00:00\",\"dateModified\":\"2025-04-24T19:51:04+00:00\",\"mainEntityOfPage\":{\"@id\":\"https:\/\/cleitonpinheiro.com.br\/site\/prefeitura-de-palmas-recapeamento-da-principal-via-de-acesso-a-taquarucu-entra-na-fase-final\/\"},\"wordCount\":256,\"commentCount\":0,\"publisher\":{\"@id\":\"https:\/\/cleitonpinheiro.com.br\/site\/#organization\"},\"image\":{\"@id\":\"https:\/\/cleitonpinheiro.com.br\/site\/prefeitura-de-palmas-recapeamento-da-principal-via-de-acesso-a-taquarucu-entra-na-fase-final\/#primaryimage\"},\"thumbnailUrl\":\"https:\/\/cleitonpinheiro.com.br\/site\/wp-content\/uploads\/2025\/04\/WhatsApp-Image-2025-04-23-at-18.35.04.jpeg\",\"keywords\":[\"asfalto\",\"Prefeitura de Palmas\"],\"articleSection\":[\"CIDADES\",\"NOT\u00cdCIAS EM DESTAQUE\",\"TODAS NOTICIAS\"],\"inLanguage\":\"pt-BR\",\"potentialAction\":[{\"@type\":\"CommentAction\",\"name\":\"Comment\",\"target\":[\"https:\/\/cleitonpinheiro.com.br\/site\/prefeitura-de-palmas-recapeamento-da-principal-via-de-acesso-a-taquarucu-entra-na-fase-final\/#respond\"]}]},{\"@type\":\"WebPage\",\"@id\":\"https:\/\/cleitonpinheiro.com.br\/site\/prefeitura-de-palmas-recapeamento-da-principal-via-de-acesso-a-taquarucu-entra-na-fase-final\/\",\"url\":\"https:\/\/cleitonpinheiro.com.br\/site\/prefeitura-de-palmas-recapeamento-da-principal-via-de-acesso-a-taquarucu-entra-na-fase-final\/\",\"name\":\"Recapeamento da principal via de acesso a Taquaru\u00e7u entra na fase final - PORTAL DE NOT\u00cdCIAS CLEITON PINHEIRO\",\"isPartOf\":{\"@id\":\"https:\/\/cleitonpinheiro.com.br\/site\/#website\"},\"primaryImageOfPage\":{\"@id\":\"https:\/\/cleitonpinheiro.com.br\/site\/prefeitura-de-palmas-recapeamento-da-principal-via-de-acesso-a-taquarucu-entra-na-fase-final\/#primaryimage\"},\"image\":{\"@id\":\"https:\/\/cleitonpinheiro.com.br\/site\/prefeitura-de-palmas-recapeamento-da-principal-via-de-acesso-a-taquarucu-entra-na-fase-final\/#primaryimage\"},\"thumbnailUrl\":\"https:\/\/cleitonpinheiro.com.br\/site\/wp-content\/uploads\/2025\/04\/WhatsApp-Image-2025-04-23-at-18.35.04.jpeg\",\"datePublished\":\"2025-04-24T19:50:32+00:00\",\"dateModified\":\"2025-04-24T19:51:04+00:00\",\"breadcrumb\":{\"@id\":\"https:\/\/cleitonpinheiro.com.br\/site\/prefeitura-de-palmas-recapeamento-da-principal-via-de-acesso-a-taquarucu-entra-na-fase-final\/#breadcrumb\"},\"inLanguage\":\"pt-BR\",\"potentialAction\":[{\"@type\":\"ReadAction\",\"target\":[\"https:\/\/cleitonpinheiro.com.br\/site\/prefeitura-de-palmas-recapeamento-da-principal-via-de-acesso-a-taquarucu-entra-na-fase-final\/\"]}]},{\"@type\":\"ImageObject\",\"inLanguage\":\"pt-BR\",\"@id\":\"https:\/\/cleitonpinheiro.com.br\/site\/prefeitura-de-palmas-recapeamento-da-principal-via-de-acesso-a-taquarucu-entra-na-fase-final\/#primaryimage\",\"url\":\"https:\/\/cleitonpinheiro.com.br\/site\/wp-content\/uploads\/2025\/04\/WhatsApp-Image-2025-04-23-at-18.35.04.jpeg\",\"contentUrl\":\"https:\/\/cleitonpinheiro.com.br\/site\/wp-content\/uploads\/2025\/04\/WhatsApp-Image-2025-04-23-at-18.35.04.jpeg\",\"width\":1280,\"height\":960,\"caption\":\"asfalto\"},{\"@type\":\"BreadcrumbList\",\"@id\":\"https:\/\/cleitonpinheiro.com.br\/site\/prefeitura-de-palmas-recapeamento-da-principal-via-de-acesso-a-taquarucu-entra-na-fase-final\/#breadcrumb\",\"itemListElement\":[{\"@type\":\"ListItem\",\"position\":1,\"name\":\"In\u00edcio\",\"item\":\"https:\/\/cleitonpinheiro.com.br\/site\/\"},{\"@type\":\"ListItem\",\"position\":2,\"name\":\"Recapeamento da principal via de acesso a Taquaru\u00e7u entra na fase final\"}]},{\"@type\":\"WebSite\",\"@id\":\"https:\/\/cleitonpinheiro.com.br\/site\/#website\",\"url\":\"https:\/\/cleitonpinheiro.com.br\/site\/\",\"name\":\"PORTAL DE NOT\u00cdCIAS CLEITON PINHEIRO\",\"description\":\"FALANDO A VERDADE\",\"publisher\":{\"@id\":\"https:\/\/cleitonpinheiro.com.br\/site\/#organization\"},\"potentialAction\":[{\"@type\":\"SearchAction\",\"target\":{\"@type\":\"EntryPoint\",\"urlTemplate\":\"https:\/\/cleitonpinheiro.com.br\/site\/?s={search_term_string}\"},\"query-input\":{\"@type\":\"PropertyValueSpecification\",\"valueRequired\":true,\"valueName\":\"search_term_string\"}}],\"inLanguage\":\"pt-BR\"},{\"@type\":\"Organization\",\"@id\":\"https:\/\/cleitonpinheiro.com.br\/site\/#organization\",\"name\":\"CPNOT\u00cdCIAS\",\"url\":\"https:\/\/cleitonpinheiro.com.br\/site\/\",\"logo\":{\"@type\":\"ImageObject\",\"inLanguage\":\"pt-BR\",\"@id\":\"https:\/\/cleitonpinheiro.com.br\/site\/#\/schema\/logo\/image\/\",\"url\":\"https:\/\/cleitonpinheiro.com.br\/site\/wp-content\/uploads\/2022\/08\/Logo-pequena-2.png\",\"contentUrl\":\"https:\/\/cleitonpinheiro.com.br\/site\/wp-content\/uploads\/2022\/08\/Logo-pequena-2.png\",\"width\":500,\"height\":500,\"caption\":\"CPNOT\u00cdCIAS\"},\"image\":{\"@id\":\"https:\/\/cleitonpinheiro.com.br\/site\/#\/schema\/logo\/image\/\"},\"sameAs\":[\"https:\/\/www.facebook.com\/portalcpnoticias\/\"]},{\"@type\":\"Person\",\"@id\":\"https:\/\/cleitonpinheiro.com.br\/site\/#\/schema\/person\/8f04544e0bc40a1b68775b08360f87db\",\"name\":\"Reda\u00e7\u00e3o CP\",\"image\":{\"@type\":\"ImageObject\",\"inLanguage\":\"pt-BR\",\"@id\":\"https:\/\/cleitonpinheiro.com.br\/site\/#\/schema\/person\/image\/\",\"url\":\"https:\/\/secure.gravatar.com\/avatar\/0bcf19cb29fdc8fc588c490c7ae1b3e174dac268586a63fbe1d1893a0f9020cd?s=96&r=g\",\"contentUrl\":\"https:\/\/secure.gravatar.com\/avatar\/0bcf19cb29fdc8fc588c490c7ae1b3e174dac268586a63fbe1d1893a0f9020cd?s=96&r=g\",\"caption\":\"Reda\u00e7\u00e3o CP\"},\"url\":\"https:\/\/cleitonpinheiro.com.br\/site\/author\/redacao\/\"}]}<\/script>\n<!-- \/ Yoast SEO plugin. -->","yoast_head_json":{"title":"Recapeamento da principal via de acesso a Taquaru\u00e7u entra na fase final - PORTAL DE NOT\u00cdCIAS CLEITON PINHEIRO","robots":{"index":"index","follow":"follow","max-snippet":"max-snippet:-1","max-image-preview":"max-image-preview:large","max-video-preview":"max-video-preview:-1"},"canonical":"https:\/\/cleitonpinheiro.com.br\/site\/prefeitura-de-palmas-recapeamento-da-principal-via-de-acesso-a-taquarucu-entra-na-fase-final\/","og_locale":"pt_BR","og_type":"article","og_title":"Recapeamento da principal via de acesso a Taquaru\u00e7u entra na fase final - PORTAL DE NOT\u00cdCIAS CLEITON PINHEIRO","og_description":"A obra de recapeamento asf\u00e1ltico com Concreto Betuminoso Usinado \u00e0 Quente (CBUQ) na Avenida Taquaru\u00e7u, em Taquaralto, regi\u00e3o sul da Capital, j\u00e1 est\u00e1 com mais de 80% dos servi\u00e7os conclu\u00eddos. Na quarta-feira, 24, as equipes operacionais da Prefeitura de Palmas aplicaram o CBUQ na \u00faltima rotat\u00f3ria da avenida, que d\u00e1 acesso ao distrito de Taquaru\u00e7u, [&hellip;]","og_url":"https:\/\/cleitonpinheiro.com.br\/site\/prefeitura-de-palmas-recapeamento-da-principal-via-de-acesso-a-taquarucu-entra-na-fase-final\/","og_site_name":"PORTAL DE NOT\u00cdCIAS CLEITON PINHEIRO","article_publisher":"https:\/\/www.facebook.com\/portalcpnoticias\/","article_published_time":"2025-04-24T19:50:32+00:00","article_modified_time":"2025-04-24T19:51:04+00:00","og_image":[{"width":1280,"height":960,"url":"https:\/\/cleitonpinheiro.com.br\/site\/wp-content\/uploads\/2025\/04\/WhatsApp-Image-2025-04-23-at-18.35.04.jpeg","type":"image\/jpeg"}],"author":"Reda\u00e7\u00e3o CP","twitter_card":"summary_large_image","twitter_misc":{"Escrito por":"Reda\u00e7\u00e3o CP","Est. tempo de leitura":"2 minutos"},"schema":{"@context":"https:\/\/schema.org","@graph":[{"@type":"Article","@id":"https:\/\/cleitonpinheiro.com.br\/site\/prefeitura-de-palmas-recapeamento-da-principal-via-de-acesso-a-taquarucu-entra-na-fase-final\/#article","isPartOf":{"@id":"https:\/\/cleitonpinheiro.com.br\/site\/prefeitura-de-palmas-recapeamento-da-principal-via-de-acesso-a-taquarucu-entra-na-fase-final\/"},"author":{"name":"Reda\u00e7\u00e3o CP","@id":"https:\/\/cleitonpinheiro.com.br\/site\/#\/schema\/person\/8f04544e0bc40a1b68775b08360f87db"},"headline":"Recapeamento da principal via de acesso a Taquaru\u00e7u entra na fase final","datePublished":"2025-04-24T19:50:32+00:00","dateModified":"2025-04-24T19:51:04+00:00","mainEntityOfPage":{"@id":"https:\/\/cleitonpinheiro.com.br\/site\/prefeitura-de-palmas-recapeamento-da-principal-via-de-acesso-a-taquarucu-entra-na-fase-final\/"},"wordCount":256,"commentCount":0,"publisher":{"@id":"https:\/\/cleitonpinheiro.com.br\/site\/#organization"},"image":{"@id":"https:\/\/cleitonpinheiro.com.br\/site\/prefeitura-de-palmas-recapeamento-da-principal-via-de-acesso-a-taquarucu-entra-na-fase-final\/#primaryimage"},"thumbnailUrl":"https:\/\/cleitonpinheiro.com.br\/site\/wp-content\/uploads\/2025\/04\/WhatsApp-Image-2025-04-23-at-18.35.04.jpeg","keywords":["asfalto","Prefeitura de Palmas"],"articleSection":["CIDADES","NOT\u00cdCIAS EM DESTAQUE","TODAS NOTICIAS"],"inLanguage":"pt-BR","potentialAction":[{"@type":"CommentAction","name":"Comment","target":["https:\/\/cleitonpinheiro.com.br\/site\/prefeitura-de-palmas-recapeamento-da-principal-via-de-acesso-a-taquarucu-entra-na-fase-final\/#respond"]}]},{"@type":"WebPage","@id":"https:\/\/cleitonpinheiro.com.br\/site\/prefeitura-de-palmas-recapeamento-da-principal-via-de-acesso-a-taquarucu-entra-na-fase-final\/","url":"https:\/\/cleitonpinheiro.com.br\/site\/prefeitura-de-palmas-recapeamento-da-principal-via-de-acesso-a-taquarucu-entra-na-fase-final\/","name":"Recapeamento da principal via de acesso a Taquaru\u00e7u entra na fase final - PORTAL DE NOT\u00cdCIAS CLEITON PINHEIRO","isPartOf":{"@id":"https:\/\/cleitonpinheiro.com.br\/site\/#website"},"primaryImageOfPage":{"@id":"https:\/\/cleitonpinheiro.com.br\/site\/prefeitura-de-palmas-recapeamento-da-principal-via-de-acesso-a-taquarucu-entra-na-fase-final\/#primaryimage"},"image":{"@id":"https:\/\/cleitonpinheiro.com.br\/site\/prefeitura-de-palmas-recapeamento-da-principal-via-de-acesso-a-taquarucu-entra-na-fase-final\/#primaryimage"},"thumbnailUrl":"https:\/\/cleitonpinheiro.com.br\/site\/wp-content\/uploads\/2025\/04\/WhatsApp-Image-2025-04-23-at-18.35.04.jpeg","datePublished":"2025-04-24T19:50:32+00:00","dateModified":"2025-04-24T19:51:04+00:00","breadcrumb":{"@id":"https:\/\/cleitonpinheiro.com.br\/site\/prefeitura-de-palmas-recapeamento-da-principal-via-de-acesso-a-taquarucu-entra-na-fase-final\/#breadcrumb"},"inLanguage":"pt-BR","potentialAction":[{"@type":"ReadAction","target":["https:\/\/cleitonpinheiro.com.br\/site\/prefeitura-de-palmas-recapeamento-da-principal-via-de-acesso-a-taquarucu-entra-na-fase-final\/"]}]},{"@type":"ImageObject","inLanguage":"pt-BR","@id":"https:\/\/cleitonpinheiro.com.br\/site\/prefeitura-de-palmas-recapeamento-da-principal-via-de-acesso-a-taquarucu-entra-na-fase-final\/#primaryimage","url":"https:\/\/cleitonpinheiro.com.br\/site\/wp-content\/uploads\/2025\/04\/WhatsApp-Image-2025-04-23-at-18.35.04.jpeg","contentUrl":"https:\/\/cleitonpinheiro.com.br\/site\/wp-content\/uploads\/2025\/04\/WhatsApp-Image-2025-04-23-at-18.35.04.jpeg","width":1280,"height":960,"caption":"asfalto"},{"@type":"BreadcrumbList","@id":"https:\/\/cleitonpinheiro.com.br\/site\/prefeitura-de-palmas-recapeamento-da-principal-via-de-acesso-a-taquarucu-entra-na-fase-final\/#breadcrumb","itemListElement":[{"@type":"ListItem","position":1,"name":"In\u00edcio","item":"https:\/\/cleitonpinheiro.com.br\/site\/"},{"@type":"ListItem","position":2,"name":"Recapeamento da principal via de acesso a Taquaru\u00e7u entra na fase final"}]},{"@type":"WebSite","@id":"https:\/\/cleitonpinheiro.com.br\/site\/#website","url":"https:\/\/cleitonpinheiro.com.br\/site\/","name":"PORTAL DE NOT\u00cdCIAS CLEITON PINHEIRO","description":"FALANDO A VERDADE","publisher":{"@id":"https:\/\/cleitonpinheiro.com.br\/site\/#organization"},"potentialAction":[{"@type":"SearchAction","target":{"@type":"EntryPoint","urlTemplate":"https:\/\/cleitonpinheiro.com.br\/site\/?s={search_term_string}"},"query-input":{"@type":"PropertyValueSpecification","valueRequired":true,"valueName":"search_term_string"}}],"inLanguage":"pt-BR"},{"@type":"Organization","@id":"https:\/\/cleitonpinheiro.com.br\/site\/#organization","name":"CPNOT\u00cdCIAS","url":"https:\/\/cleitonpinheiro.com.br\/site\/","logo":{"@type":"ImageObject","inLanguage":"pt-BR","@id":"https:\/\/cleitonpinheiro.com.br\/site\/#\/schema\/logo\/image\/","url":"https:\/\/cleitonpinheiro.com.br\/site\/wp-content\/uploads\/2022\/08\/Logo-pequena-2.png","contentUrl":"https:\/\/cleitonpinheiro.com.br\/site\/wp-content\/uploads\/2022\/08\/Logo-pequena-2.png","width":500,"height":500,"caption":"CPNOT\u00cdCIAS"},"image":{"@id":"https:\/\/cleitonpinheiro.com.br\/site\/#\/schema\/logo\/image\/"},"sameAs":["https:\/\/www.facebook.com\/portalcpnoticias\/"]},{"@type":"Person","@id":"https:\/\/cleitonpinheiro.com.br\/site\/#\/schema\/person\/8f04544e0bc40a1b68775b08360f87db","name":"Reda\u00e7\u00e3o CP","image":{"@type":"ImageObject","inLanguage":"pt-BR","@id":"https:\/\/cleitonpinheiro.com.br\/site\/#\/schema\/person\/image\/","url":"https:\/\/secure.gravatar.com\/avatar\/0bcf19cb29fdc8fc588c490c7ae1b3e174dac268586a63fbe1d1893a0f9020cd?s=96&r=g","contentUrl":"https:\/\/secure.gravatar.com\/avatar\/0bcf19cb29fdc8fc588c490c7ae1b3e174dac268586a63fbe1d1893a0f9020cd?s=96&r=g","caption":"Reda\u00e7\u00e3o CP"},"url":"https:\/\/cleitonpinheiro.com.br\/site\/author\/redacao\/"}]}},"views":150,"_links":{"self":[{"href":"https:\/\/cleitonpinheiro.com.br\/site\/wp-json\/wp\/v2\/posts\/85286","targetHints":{"allow":["GET"]}}],"collection":[{"href":"https:\/\/cleitonpinheiro.com.br\/site\/wp-json\/wp\/v2\/posts"}],"about":[{"href":"https:\/\/cleitonpinheiro.com.br\/site\/wp-json\/wp\/v2\/types\/post"}],"author":[{"embeddable":true,"href":"https:\/\/cleitonpinheiro.com.br\/site\/wp-json\/wp\/v2\/users\/13"}],"replies":[{"embeddable":true,"href":"https:\/\/cleitonpinheiro.com.br\/site\/wp-json\/wp\/v2\/comments?post=85286"}],"version-history":[{"count":2,"href":"https:\/\/cleitonpinheiro.com.br\/site\/wp-json\/wp\/v2\/posts\/85286\/revisions"}],"predecessor-version":[{"id":85289,"href":"https:\/\/cleitonpinheiro.com.br\/site\/wp-json\/wp\/v2\/posts\/85286\/revisions\/85289"}],"wp:featuredmedia":[{"embeddable":true,"href":"https:\/\/cleitonpinheiro.com.br\/site\/wp-json\/wp\/v2\/media\/85287"}],"wp:attachment":[{"href":"https:\/\/cleitonpinheiro.com.br\/site\/wp-json\/wp\/v2\/media?parent=85286"}],"wp:term":[{"taxonomy":"category","embeddable":true,"href":"https:\/\/cleitonpinheiro.com.br\/site\/wp-json\/wp\/v2\/categories?post=85286"},{"taxonomy":"post_tag","embeddable":true,"href":"https:\/\/cleitonpinheiro.com.br\/site\/wp-json\/wp\/v2\/tags?post=85286"}],"curies":[{"name":"wp","href":"https:\/\/api.w.org\/{rel}","templated":true}]}}