{"id":85305,"date":"2025-04-24T17:04:37","date_gmt":"2025-04-24T20:04:37","guid":{"rendered":"https:\/\/cleitonpinheiro.com.br\/site\/?p=85305"},"modified":"2025-04-24T17:04:42","modified_gmt":"2025-04-24T20:04:42","slug":"obra-prima-de-david-lynch-cidade-dos-sonhos-tem-exibicao-especial-no-cine-cultura-sala-sinhozinho","status":"publish","type":"post","link":"https:\/\/cleitonpinheiro.com.br\/site\/obra-prima-de-david-lynch-cidade-dos-sonhos-tem-exibicao-especial-no-cine-cultura-sala-sinhozinho\/","title":{"rendered":"Obra-prima de David Lynch, \u2018Cidade dos Sonhos\u2019 tem exibi\u00e7\u00e3o especial no Cine Cultura Sala Sinhozinho"},"content":{"rendered":"\n<figure class=\"wp-block-image size-large\"><img decoding=\"async\" src=\"https:\/\/cleitonpinheiro.com.br\/site\/wp-content\/uploads\/2025\/04\/WhatsApp-Image-2025-04-24-at-16.41.10-1024x428.jpeg\" alt=\"\" class=\"wp-image-85306\"\/><\/figure>\n\n\n\n<p>O Cine Cultura Sala Sinhozinho exibe entre os dias 24 e 30 de abril o relan\u00e7amento do cl\u00e1ssico de suspense \u2018Cidade dos Sonhos\u2019. O longa de David Lynch, que retorna em uma vers\u00e3o em 4K, marcou o cinema contempor\u00e2neo por sua est\u00e9tica ousada e narrativa enigm\u00e1tica.&nbsp;<\/p>\n\n\n\n<p>O enredo acompanha a trajet\u00f3ria de Betty (Naomi Watts), uma aspirante a atriz que chega a Los Angeles, e Rita (Laura Harring), uma mulher sem mem\u00f3ria que tenta desvendar sua identidade ap\u00f3s escapar de um atentado. Juntas, elas mergulham em um universo onde sonho e realidade se entrela\u00e7am de forma perturbadora.<\/p>\n\n\n\n<p>A programa\u00e7\u00e3o semanal conta tamb\u00e9m com a exibi\u00e7\u00e3o de \u2018A \u00daltima Sess\u00e3o\u2019; \u2018Parthenope \u2013 Os Amores De N\u00e1poles\u2019; \u2018A Batalha da Rua Maria Ant\u00f4nia\u2019; \u2018Invers\u00e3o\u2019; \u2018Onda Nova\u2019;&nbsp; \u2018The Chosen \u2013 A \u00daltima Ceia\u2019; \u2018M\u00e3os que Conectam\u2019; \u2018Milton Bituca Nascimento\u2019 e \u2018Homem com H\u2019.<\/p>\n\n\n\n<p><strong>Ingressos<\/strong><\/p>\n\n\n\n<p>Os ingressos est\u00e3o dispon\u00edveis para venda na Funda\u00e7\u00e3o Cultural de Palmas e no Cine Cultura Sala Sinhozinho, localizado no Espa\u00e7o Cultural Jos\u00e9 Gomes Sobrinho, no valor de R$ 15,00 (inteira) e R$ 7,50 (meia-entrada). Para mais informa\u00e7\u00f5es ligue 3212-7308.&nbsp;<\/p>\n\n\n\n<p><strong>Confira a programa\u00e7\u00e3o completa:<\/strong><\/p>\n\n\n\n<p><strong>Quinta: 24\/04<\/strong><\/p>\n\n\n\n<p>16h10 \u2013 A \u00daltima Sess\u00e3o, Pan Nalin<\/p>\n\n\n\n<p>Drama|India|2021|120\u2019<\/p>\n\n\n\n<p>Classifica\u00e7\u00e3o: Livre<\/p>\n\n\n\n<p>18h30 \u2013 Parthenope \u2013 Os Amores De N\u00e1poles, Paolo Sorrentino<\/p>\n\n\n\n<p>Drama, Romance|It\u00e1lia|2024|137\u2019<\/p>\n\n\n\n<p>Classifica\u00e7\u00e3o: 18 anos<\/p>\n\n\n\n<p>20h45 \u2013 Cidade dos Sonhos, David Lynch<\/p>\n\n\n\n<p>Drama, fantasia| EUA, Fran\u00e7a|2001|147\u2019<\/p>\n\n\n\n<p>Classifica\u00e7\u00e3o: 16 anos<\/p>\n\n\n\n<p><strong>Sexta: 25\/04<\/strong><\/p>\n\n\n\n<p>16h30- A Batalha da Rua Maria Ant\u00f4nia, Vera Egito<\/p>\n\n\n\n<p>Drama, hist\u00f3rico|Brasil|2024|80\u2019<\/p>\n\n\n\n<p>Classifica\u00e7\u00e3o: 14 anos<\/p>\n\n\n\n<p>19h30- Invers\u00e3o, T\u00falio de Mello<\/p>\n\n\n\n<p>Fic\u00e7\u00e3o| Brasil| 2025| 15\u2019<\/p>\n\n\n\n<p>Classifica\u00e7\u00e3o: Livre<\/p>\n\n\n\n<p>21h- Onda Nova, Icaro C. Martins, Jos\u00e9 Antonio Garcia<\/p>\n\n\n\n<p>Com\u00e9dia| Brasil| 1984|112\u2019<\/p>\n\n\n\n<p>Classifica\u00e7\u00e3o: 18 anos<\/p>\n\n\n\n<p><strong>S\u00e1bado: 26\/04<\/strong><\/p>\n\n\n\n<p>16h30 \u2013 The Chosen \u2013 A \u00daltima Ceia<\/p>\n\n\n\n<p>Drama|EUA| 2024|125\u2019<\/p>\n\n\n\n<p>Classifica\u00e7\u00e3o: 12 anos<\/p>\n\n\n\n<p>19h15 \u2013 M\u00e3os que Conectam, Leticia Neves<\/p>\n\n\n\n<p>Document\u00e1rio | TO | 2025 | 20\u2019<\/p>\n\n\n\n<p>Classifica\u00e7\u00e3o Livre<\/p>\n\n\n\n<p>21h \u2013 Milton Bituca Nascimento, Flavia Moraes<\/p>\n\n\n\n<p>Document\u00e1rio |Brasil|2024|115\u2019<\/p>\n\n\n\n<p>Classifica\u00e7\u00e3o: 10 anos<\/p>\n\n\n\n<p><strong>Domingo: 27\/04<\/strong><\/p>\n\n\n\n<p>16h30- O Rei dos Reis, Seong-ho Jang<\/p>\n\n\n\n<p>Anima\u00e7\u00e3o| EUA|2025|101\u2019<\/p>\n\n\n\n<p>Classifica\u00e7\u00e3o: 10 anos<\/p>\n\n\n\n<p>18h30 \u2013 A Batalha da Rua Maria Ant\u00f4nia, Vera Egito<\/p>\n\n\n\n<p>Drama, hist\u00f3rico |Brasil|2024|80\u2019<\/p>\n\n\n\n<p>Classifica\u00e7\u00e3o: 14 anos<\/p>\n\n\n\n<p>20h10 \u2013 Cidade dos Sonhos, David Lynch<\/p>\n\n\n\n<p>Drama, fantasia| EUA, Fran\u00e7a|2001|147\u2019<\/p>\n\n\n\n<p>Classifica\u00e7\u00e3o: 16 anos<\/p>\n\n\n\n<p><strong>Quarta: 30\/04<\/strong><\/p>\n\n\n\n<p>16h10 \u2013 O Rei dos Reis, Seong-ho Jang<\/p>\n\n\n\n<p>Anima\u00e7\u00e3o| EUA|2025|101\u2019<\/p>\n\n\n\n<p>Classifica\u00e7\u00e3o: 10 anos<\/p>\n\n\n\n<p>18h10- Cidade dos Sonhos, David Lynch<\/p>\n\n\n\n<p>Drama, fantasia| EUA, Fran\u00e7a|2001|147\u2019<\/p>\n\n\n\n<p>Classifica\u00e7\u00e3o: 16 anos<\/p>\n\n\n\n<p>20h45 \u2013 Homem com H, Esmir Filho (Pr\u00e9-estreia)<\/p>\n\n\n\n<p>Com\u00e9dia dram\u00e1tica| Brasil| 2025|129\u2019<\/p>\n\n\n\n<p>Classifica\u00e7\u00e3o: 16 anos&nbsp;<\/p>\n\n\n\n<p>Texto: Ana J\u00falia Mota \u2013 estagi\u00e1ria sob a supervis\u00e3o da Diretoria de Jornalismo da Secom<\/p>\n","protected":false},"excerpt":{"rendered":"<p>O Cine Cultura Sala Sinhozinho exibe entre os dias 24 e 30 de abril o relan\u00e7amento do cl\u00e1ssico de suspense \u2018Cidade dos Sonhos\u2019. O longa de David Lynch, que retorna em uma vers\u00e3o em 4K, marcou o cinema contempor\u00e2neo por sua est\u00e9tica ousada e narrativa enigm\u00e1tica.&nbsp; O enredo acompanha a trajet\u00f3ria de Betty (Naomi Watts), [&hellip;]<\/p>\n","protected":false},"author":13,"featured_media":0,"comment_status":"open","ping_status":"open","sticky":false,"template":"","format":"standard","meta":{"_acf_changed":false,"footnotes":""},"categories":[22,20,21],"tags":[981,720],"class_list":["post-85305","post","type-post","status-publish","format-standard","hentry","category-cidades","category-noticias-em-destaque","category-todas-noticias","tag-cine-cultura","tag-prefeitura-de-palmas"],"acf":[],"yoast_head":"<!-- This site is optimized with the Yoast SEO plugin v24.4 - https:\/\/yoast.com\/wordpress\/plugins\/seo\/ -->\n<title>Obra-prima de David Lynch, \u2018Cidade dos Sonhos\u2019 tem exibi\u00e7\u00e3o especial no Cine Cultura Sala Sinhozinho - PORTAL DE NOT\u00cdCIAS CLEITON PINHEIRO<\/title>\n<meta name=\"robots\" content=\"index, follow, max-snippet:-1, max-image-preview:large, max-video-preview:-1\" \/>\n<link rel=\"canonical\" href=\"https:\/\/cleitonpinheiro.com.br\/site\/obra-prima-de-david-lynch-cidade-dos-sonhos-tem-exibicao-especial-no-cine-cultura-sala-sinhozinho\/\" \/>\n<meta property=\"og:locale\" content=\"pt_BR\" \/>\n<meta property=\"og:type\" content=\"article\" \/>\n<meta property=\"og:title\" content=\"Obra-prima de David Lynch, \u2018Cidade dos Sonhos\u2019 tem exibi\u00e7\u00e3o especial no Cine Cultura Sala Sinhozinho - PORTAL DE NOT\u00cdCIAS CLEITON PINHEIRO\" \/>\n<meta property=\"og:description\" content=\"O Cine Cultura Sala Sinhozinho exibe entre os dias 24 e 30 de abril o relan\u00e7amento do cl\u00e1ssico de suspense \u2018Cidade dos Sonhos\u2019. O longa de David Lynch, que retorna em uma vers\u00e3o em 4K, marcou o cinema contempor\u00e2neo por sua est\u00e9tica ousada e narrativa enigm\u00e1tica.&nbsp; O enredo acompanha a trajet\u00f3ria de Betty (Naomi Watts), [&hellip;]\" \/>\n<meta property=\"og:url\" content=\"https:\/\/cleitonpinheiro.com.br\/site\/obra-prima-de-david-lynch-cidade-dos-sonhos-tem-exibicao-especial-no-cine-cultura-sala-sinhozinho\/\" \/>\n<meta property=\"og:site_name\" content=\"PORTAL DE NOT\u00cdCIAS CLEITON PINHEIRO\" \/>\n<meta property=\"article:publisher\" content=\"https:\/\/www.facebook.com\/portalcpnoticias\/\" \/>\n<meta property=\"article:published_time\" content=\"2025-04-24T20:04:37+00:00\" \/>\n<meta property=\"article:modified_time\" content=\"2025-04-24T20:04:42+00:00\" \/>\n<meta property=\"og:image\" content=\"https:\/\/cleitonpinheiro.com.br\/site\/wp-content\/uploads\/2025\/04\/WhatsApp-Image-2025-04-24-at-16.41.10.jpeg\" \/>\n\t<meta property=\"og:image:width\" content=\"1280\" \/>\n\t<meta property=\"og:image:height\" content=\"535\" \/>\n\t<meta property=\"og:image:type\" content=\"image\/jpeg\" \/>\n<meta name=\"author\" content=\"Reda\u00e7\u00e3o CP\" \/>\n<meta name=\"twitter:card\" content=\"summary_large_image\" \/>\n<meta name=\"twitter:label1\" content=\"Escrito por\" \/>\n\t<meta name=\"twitter:data1\" content=\"Reda\u00e7\u00e3o CP\" \/>\n\t<meta name=\"twitter:label2\" content=\"Est. tempo de leitura\" \/>\n\t<meta name=\"twitter:data2\" content=\"3 minutos\" \/>\n<script type=\"application\/ld+json\" class=\"yoast-schema-graph\">{\"@context\":\"https:\/\/schema.org\",\"@graph\":[{\"@type\":\"Article\",\"@id\":\"https:\/\/cleitonpinheiro.com.br\/site\/obra-prima-de-david-lynch-cidade-dos-sonhos-tem-exibicao-especial-no-cine-cultura-sala-sinhozinho\/#article\",\"isPartOf\":{\"@id\":\"https:\/\/cleitonpinheiro.com.br\/site\/obra-prima-de-david-lynch-cidade-dos-sonhos-tem-exibicao-especial-no-cine-cultura-sala-sinhozinho\/\"},\"author\":{\"name\":\"Reda\u00e7\u00e3o CP\",\"@id\":\"https:\/\/cleitonpinheiro.com.br\/site\/#\/schema\/person\/8f04544e0bc40a1b68775b08360f87db\"},\"headline\":\"Obra-prima de David Lynch, \u2018Cidade dos Sonhos\u2019 tem exibi\u00e7\u00e3o especial no Cine Cultura Sala Sinhozinho\",\"datePublished\":\"2025-04-24T20:04:37+00:00\",\"dateModified\":\"2025-04-24T20:04:42+00:00\",\"mainEntityOfPage\":{\"@id\":\"https:\/\/cleitonpinheiro.com.br\/site\/obra-prima-de-david-lynch-cidade-dos-sonhos-tem-exibicao-especial-no-cine-cultura-sala-sinhozinho\/\"},\"wordCount\":459,\"commentCount\":0,\"publisher\":{\"@id\":\"https:\/\/cleitonpinheiro.com.br\/site\/#organization\"},\"image\":{\"@id\":\"https:\/\/cleitonpinheiro.com.br\/site\/obra-prima-de-david-lynch-cidade-dos-sonhos-tem-exibicao-especial-no-cine-cultura-sala-sinhozinho\/#primaryimage\"},\"thumbnailUrl\":\"https:\/\/cleitonpinheiro.com.br\/site\/wp-content\/uploads\/2025\/04\/WhatsApp-Image-2025-04-24-at-16.41.10-1024x428.jpeg\",\"keywords\":[\"Cine Cultura\",\"Prefeitura de Palmas\"],\"articleSection\":[\"CIDADES\",\"NOT\u00cdCIAS EM DESTAQUE\",\"TODAS NOTICIAS\"],\"inLanguage\":\"pt-BR\",\"potentialAction\":[{\"@type\":\"CommentAction\",\"name\":\"Comment\",\"target\":[\"https:\/\/cleitonpinheiro.com.br\/site\/obra-prima-de-david-lynch-cidade-dos-sonhos-tem-exibicao-especial-no-cine-cultura-sala-sinhozinho\/#respond\"]}]},{\"@type\":\"WebPage\",\"@id\":\"https:\/\/cleitonpinheiro.com.br\/site\/obra-prima-de-david-lynch-cidade-dos-sonhos-tem-exibicao-especial-no-cine-cultura-sala-sinhozinho\/\",\"url\":\"https:\/\/cleitonpinheiro.com.br\/site\/obra-prima-de-david-lynch-cidade-dos-sonhos-tem-exibicao-especial-no-cine-cultura-sala-sinhozinho\/\",\"name\":\"Obra-prima de David Lynch, \u2018Cidade dos Sonhos\u2019 tem exibi\u00e7\u00e3o especial no Cine Cultura Sala Sinhozinho - PORTAL DE NOT\u00cdCIAS CLEITON PINHEIRO\",\"isPartOf\":{\"@id\":\"https:\/\/cleitonpinheiro.com.br\/site\/#website\"},\"primaryImageOfPage\":{\"@id\":\"https:\/\/cleitonpinheiro.com.br\/site\/obra-prima-de-david-lynch-cidade-dos-sonhos-tem-exibicao-especial-no-cine-cultura-sala-sinhozinho\/#primaryimage\"},\"image\":{\"@id\":\"https:\/\/cleitonpinheiro.com.br\/site\/obra-prima-de-david-lynch-cidade-dos-sonhos-tem-exibicao-especial-no-cine-cultura-sala-sinhozinho\/#primaryimage\"},\"thumbnailUrl\":\"https:\/\/cleitonpinheiro.com.br\/site\/wp-content\/uploads\/2025\/04\/WhatsApp-Image-2025-04-24-at-16.41.10-1024x428.jpeg\",\"datePublished\":\"2025-04-24T20:04:37+00:00\",\"dateModified\":\"2025-04-24T20:04:42+00:00\",\"breadcrumb\":{\"@id\":\"https:\/\/cleitonpinheiro.com.br\/site\/obra-prima-de-david-lynch-cidade-dos-sonhos-tem-exibicao-especial-no-cine-cultura-sala-sinhozinho\/#breadcrumb\"},\"inLanguage\":\"pt-BR\",\"potentialAction\":[{\"@type\":\"ReadAction\",\"target\":[\"https:\/\/cleitonpinheiro.com.br\/site\/obra-prima-de-david-lynch-cidade-dos-sonhos-tem-exibicao-especial-no-cine-cultura-sala-sinhozinho\/\"]}]},{\"@type\":\"ImageObject\",\"inLanguage\":\"pt-BR\",\"@id\":\"https:\/\/cleitonpinheiro.com.br\/site\/obra-prima-de-david-lynch-cidade-dos-sonhos-tem-exibicao-especial-no-cine-cultura-sala-sinhozinho\/#primaryimage\",\"url\":\"\",\"contentUrl\":\"\"},{\"@type\":\"BreadcrumbList\",\"@id\":\"https:\/\/cleitonpinheiro.com.br\/site\/obra-prima-de-david-lynch-cidade-dos-sonhos-tem-exibicao-especial-no-cine-cultura-sala-sinhozinho\/#breadcrumb\",\"itemListElement\":[{\"@type\":\"ListItem\",\"position\":1,\"name\":\"In\u00edcio\",\"item\":\"https:\/\/cleitonpinheiro.com.br\/site\/\"},{\"@type\":\"ListItem\",\"position\":2,\"name\":\"Obra-prima de David Lynch, \u2018Cidade dos Sonhos\u2019 tem exibi\u00e7\u00e3o especial no Cine Cultura Sala Sinhozinho\"}]},{\"@type\":\"WebSite\",\"@id\":\"https:\/\/cleitonpinheiro.com.br\/site\/#website\",\"url\":\"https:\/\/cleitonpinheiro.com.br\/site\/\",\"name\":\"PORTAL DE NOT\u00cdCIAS CLEITON PINHEIRO\",\"description\":\"FALANDO A VERDADE\",\"publisher\":{\"@id\":\"https:\/\/cleitonpinheiro.com.br\/site\/#organization\"},\"potentialAction\":[{\"@type\":\"SearchAction\",\"target\":{\"@type\":\"EntryPoint\",\"urlTemplate\":\"https:\/\/cleitonpinheiro.com.br\/site\/?s={search_term_string}\"},\"query-input\":{\"@type\":\"PropertyValueSpecification\",\"valueRequired\":true,\"valueName\":\"search_term_string\"}}],\"inLanguage\":\"pt-BR\"},{\"@type\":\"Organization\",\"@id\":\"https:\/\/cleitonpinheiro.com.br\/site\/#organization\",\"name\":\"CPNOT\u00cdCIAS\",\"url\":\"https:\/\/cleitonpinheiro.com.br\/site\/\",\"logo\":{\"@type\":\"ImageObject\",\"inLanguage\":\"pt-BR\",\"@id\":\"https:\/\/cleitonpinheiro.com.br\/site\/#\/schema\/logo\/image\/\",\"url\":\"https:\/\/cleitonpinheiro.com.br\/site\/wp-content\/uploads\/2022\/08\/Logo-pequena-2.png\",\"contentUrl\":\"https:\/\/cleitonpinheiro.com.br\/site\/wp-content\/uploads\/2022\/08\/Logo-pequena-2.png\",\"width\":500,\"height\":500,\"caption\":\"CPNOT\u00cdCIAS\"},\"image\":{\"@id\":\"https:\/\/cleitonpinheiro.com.br\/site\/#\/schema\/logo\/image\/\"},\"sameAs\":[\"https:\/\/www.facebook.com\/portalcpnoticias\/\"]},{\"@type\":\"Person\",\"@id\":\"https:\/\/cleitonpinheiro.com.br\/site\/#\/schema\/person\/8f04544e0bc40a1b68775b08360f87db\",\"name\":\"Reda\u00e7\u00e3o CP\",\"image\":{\"@type\":\"ImageObject\",\"inLanguage\":\"pt-BR\",\"@id\":\"https:\/\/cleitonpinheiro.com.br\/site\/#\/schema\/person\/image\/\",\"url\":\"https:\/\/secure.gravatar.com\/avatar\/0bcf19cb29fdc8fc588c490c7ae1b3e174dac268586a63fbe1d1893a0f9020cd?s=96&r=g\",\"contentUrl\":\"https:\/\/secure.gravatar.com\/avatar\/0bcf19cb29fdc8fc588c490c7ae1b3e174dac268586a63fbe1d1893a0f9020cd?s=96&r=g\",\"caption\":\"Reda\u00e7\u00e3o CP\"},\"url\":\"https:\/\/cleitonpinheiro.com.br\/site\/author\/redacao\/\"}]}<\/script>\n<!-- \/ Yoast SEO plugin. -->","yoast_head_json":{"title":"Obra-prima de David Lynch, \u2018Cidade dos Sonhos\u2019 tem exibi\u00e7\u00e3o especial no Cine Cultura Sala Sinhozinho - PORTAL DE NOT\u00cdCIAS CLEITON PINHEIRO","robots":{"index":"index","follow":"follow","max-snippet":"max-snippet:-1","max-image-preview":"max-image-preview:large","max-video-preview":"max-video-preview:-1"},"canonical":"https:\/\/cleitonpinheiro.com.br\/site\/obra-prima-de-david-lynch-cidade-dos-sonhos-tem-exibicao-especial-no-cine-cultura-sala-sinhozinho\/","og_locale":"pt_BR","og_type":"article","og_title":"Obra-prima de David Lynch, \u2018Cidade dos Sonhos\u2019 tem exibi\u00e7\u00e3o especial no Cine Cultura Sala Sinhozinho - PORTAL DE NOT\u00cdCIAS CLEITON PINHEIRO","og_description":"O Cine Cultura Sala Sinhozinho exibe entre os dias 24 e 30 de abril o relan\u00e7amento do cl\u00e1ssico de suspense \u2018Cidade dos Sonhos\u2019. O longa de David Lynch, que retorna em uma vers\u00e3o em 4K, marcou o cinema contempor\u00e2neo por sua est\u00e9tica ousada e narrativa enigm\u00e1tica.&nbsp; O enredo acompanha a trajet\u00f3ria de Betty (Naomi Watts), [&hellip;]","og_url":"https:\/\/cleitonpinheiro.com.br\/site\/obra-prima-de-david-lynch-cidade-dos-sonhos-tem-exibicao-especial-no-cine-cultura-sala-sinhozinho\/","og_site_name":"PORTAL DE NOT\u00cdCIAS CLEITON PINHEIRO","article_publisher":"https:\/\/www.facebook.com\/portalcpnoticias\/","article_published_time":"2025-04-24T20:04:37+00:00","article_modified_time":"2025-04-24T20:04:42+00:00","og_image":[{"width":1280,"height":535,"url":"https:\/\/cleitonpinheiro.com.br\/site\/wp-content\/uploads\/2025\/04\/WhatsApp-Image-2025-04-24-at-16.41.10.jpeg","type":"image\/jpeg"}],"author":"Reda\u00e7\u00e3o CP","twitter_card":"summary_large_image","twitter_misc":{"Escrito por":"Reda\u00e7\u00e3o CP","Est. tempo de leitura":"3 minutos"},"schema":{"@context":"https:\/\/schema.org","@graph":[{"@type":"Article","@id":"https:\/\/cleitonpinheiro.com.br\/site\/obra-prima-de-david-lynch-cidade-dos-sonhos-tem-exibicao-especial-no-cine-cultura-sala-sinhozinho\/#article","isPartOf":{"@id":"https:\/\/cleitonpinheiro.com.br\/site\/obra-prima-de-david-lynch-cidade-dos-sonhos-tem-exibicao-especial-no-cine-cultura-sala-sinhozinho\/"},"author":{"name":"Reda\u00e7\u00e3o CP","@id":"https:\/\/cleitonpinheiro.com.br\/site\/#\/schema\/person\/8f04544e0bc40a1b68775b08360f87db"},"headline":"Obra-prima de David Lynch, \u2018Cidade dos Sonhos\u2019 tem exibi\u00e7\u00e3o especial no Cine Cultura Sala Sinhozinho","datePublished":"2025-04-24T20:04:37+00:00","dateModified":"2025-04-24T20:04:42+00:00","mainEntityOfPage":{"@id":"https:\/\/cleitonpinheiro.com.br\/site\/obra-prima-de-david-lynch-cidade-dos-sonhos-tem-exibicao-especial-no-cine-cultura-sala-sinhozinho\/"},"wordCount":459,"commentCount":0,"publisher":{"@id":"https:\/\/cleitonpinheiro.com.br\/site\/#organization"},"image":{"@id":"https:\/\/cleitonpinheiro.com.br\/site\/obra-prima-de-david-lynch-cidade-dos-sonhos-tem-exibicao-especial-no-cine-cultura-sala-sinhozinho\/#primaryimage"},"thumbnailUrl":"https:\/\/cleitonpinheiro.com.br\/site\/wp-content\/uploads\/2025\/04\/WhatsApp-Image-2025-04-24-at-16.41.10-1024x428.jpeg","keywords":["Cine Cultura","Prefeitura de Palmas"],"articleSection":["CIDADES","NOT\u00cdCIAS EM DESTAQUE","TODAS NOTICIAS"],"inLanguage":"pt-BR","potentialAction":[{"@type":"CommentAction","name":"Comment","target":["https:\/\/cleitonpinheiro.com.br\/site\/obra-prima-de-david-lynch-cidade-dos-sonhos-tem-exibicao-especial-no-cine-cultura-sala-sinhozinho\/#respond"]}]},{"@type":"WebPage","@id":"https:\/\/cleitonpinheiro.com.br\/site\/obra-prima-de-david-lynch-cidade-dos-sonhos-tem-exibicao-especial-no-cine-cultura-sala-sinhozinho\/","url":"https:\/\/cleitonpinheiro.com.br\/site\/obra-prima-de-david-lynch-cidade-dos-sonhos-tem-exibicao-especial-no-cine-cultura-sala-sinhozinho\/","name":"Obra-prima de David Lynch, \u2018Cidade dos Sonhos\u2019 tem exibi\u00e7\u00e3o especial no Cine Cultura Sala Sinhozinho - PORTAL DE NOT\u00cdCIAS CLEITON PINHEIRO","isPartOf":{"@id":"https:\/\/cleitonpinheiro.com.br\/site\/#website"},"primaryImageOfPage":{"@id":"https:\/\/cleitonpinheiro.com.br\/site\/obra-prima-de-david-lynch-cidade-dos-sonhos-tem-exibicao-especial-no-cine-cultura-sala-sinhozinho\/#primaryimage"},"image":{"@id":"https:\/\/cleitonpinheiro.com.br\/site\/obra-prima-de-david-lynch-cidade-dos-sonhos-tem-exibicao-especial-no-cine-cultura-sala-sinhozinho\/#primaryimage"},"thumbnailUrl":"https:\/\/cleitonpinheiro.com.br\/site\/wp-content\/uploads\/2025\/04\/WhatsApp-Image-2025-04-24-at-16.41.10-1024x428.jpeg","datePublished":"2025-04-24T20:04:37+00:00","dateModified":"2025-04-24T20:04:42+00:00","breadcrumb":{"@id":"https:\/\/cleitonpinheiro.com.br\/site\/obra-prima-de-david-lynch-cidade-dos-sonhos-tem-exibicao-especial-no-cine-cultura-sala-sinhozinho\/#breadcrumb"},"inLanguage":"pt-BR","potentialAction":[{"@type":"ReadAction","target":["https:\/\/cleitonpinheiro.com.br\/site\/obra-prima-de-david-lynch-cidade-dos-sonhos-tem-exibicao-especial-no-cine-cultura-sala-sinhozinho\/"]}]},{"@type":"ImageObject","inLanguage":"pt-BR","@id":"https:\/\/cleitonpinheiro.com.br\/site\/obra-prima-de-david-lynch-cidade-dos-sonhos-tem-exibicao-especial-no-cine-cultura-sala-sinhozinho\/#primaryimage","url":"","contentUrl":""},{"@type":"BreadcrumbList","@id":"https:\/\/cleitonpinheiro.com.br\/site\/obra-prima-de-david-lynch-cidade-dos-sonhos-tem-exibicao-especial-no-cine-cultura-sala-sinhozinho\/#breadcrumb","itemListElement":[{"@type":"ListItem","position":1,"name":"In\u00edcio","item":"https:\/\/cleitonpinheiro.com.br\/site\/"},{"@type":"ListItem","position":2,"name":"Obra-prima de David Lynch, \u2018Cidade dos Sonhos\u2019 tem exibi\u00e7\u00e3o especial no Cine Cultura Sala Sinhozinho"}]},{"@type":"WebSite","@id":"https:\/\/cleitonpinheiro.com.br\/site\/#website","url":"https:\/\/cleitonpinheiro.com.br\/site\/","name":"PORTAL DE NOT\u00cdCIAS CLEITON PINHEIRO","description":"FALANDO A VERDADE","publisher":{"@id":"https:\/\/cleitonpinheiro.com.br\/site\/#organization"},"potentialAction":[{"@type":"SearchAction","target":{"@type":"EntryPoint","urlTemplate":"https:\/\/cleitonpinheiro.com.br\/site\/?s={search_term_string}"},"query-input":{"@type":"PropertyValueSpecification","valueRequired":true,"valueName":"search_term_string"}}],"inLanguage":"pt-BR"},{"@type":"Organization","@id":"https:\/\/cleitonpinheiro.com.br\/site\/#organization","name":"CPNOT\u00cdCIAS","url":"https:\/\/cleitonpinheiro.com.br\/site\/","logo":{"@type":"ImageObject","inLanguage":"pt-BR","@id":"https:\/\/cleitonpinheiro.com.br\/site\/#\/schema\/logo\/image\/","url":"https:\/\/cleitonpinheiro.com.br\/site\/wp-content\/uploads\/2022\/08\/Logo-pequena-2.png","contentUrl":"https:\/\/cleitonpinheiro.com.br\/site\/wp-content\/uploads\/2022\/08\/Logo-pequena-2.png","width":500,"height":500,"caption":"CPNOT\u00cdCIAS"},"image":{"@id":"https:\/\/cleitonpinheiro.com.br\/site\/#\/schema\/logo\/image\/"},"sameAs":["https:\/\/www.facebook.com\/portalcpnoticias\/"]},{"@type":"Person","@id":"https:\/\/cleitonpinheiro.com.br\/site\/#\/schema\/person\/8f04544e0bc40a1b68775b08360f87db","name":"Reda\u00e7\u00e3o CP","image":{"@type":"ImageObject","inLanguage":"pt-BR","@id":"https:\/\/cleitonpinheiro.com.br\/site\/#\/schema\/person\/image\/","url":"https:\/\/secure.gravatar.com\/avatar\/0bcf19cb29fdc8fc588c490c7ae1b3e174dac268586a63fbe1d1893a0f9020cd?s=96&r=g","contentUrl":"https:\/\/secure.gravatar.com\/avatar\/0bcf19cb29fdc8fc588c490c7ae1b3e174dac268586a63fbe1d1893a0f9020cd?s=96&r=g","caption":"Reda\u00e7\u00e3o CP"},"url":"https:\/\/cleitonpinheiro.com.br\/site\/author\/redacao\/"}]}},"views":159,"_links":{"self":[{"href":"https:\/\/cleitonpinheiro.com.br\/site\/wp-json\/wp\/v2\/posts\/85305","targetHints":{"allow":["GET"]}}],"collection":[{"href":"https:\/\/cleitonpinheiro.com.br\/site\/wp-json\/wp\/v2\/posts"}],"about":[{"href":"https:\/\/cleitonpinheiro.com.br\/site\/wp-json\/wp\/v2\/types\/post"}],"author":[{"embeddable":true,"href":"https:\/\/cleitonpinheiro.com.br\/site\/wp-json\/wp\/v2\/users\/13"}],"replies":[{"embeddable":true,"href":"https:\/\/cleitonpinheiro.com.br\/site\/wp-json\/wp\/v2\/comments?post=85305"}],"version-history":[{"count":1,"href":"https:\/\/cleitonpinheiro.com.br\/site\/wp-json\/wp\/v2\/posts\/85305\/revisions"}],"predecessor-version":[{"id":85307,"href":"https:\/\/cleitonpinheiro.com.br\/site\/wp-json\/wp\/v2\/posts\/85305\/revisions\/85307"}],"wp:attachment":[{"href":"https:\/\/cleitonpinheiro.com.br\/site\/wp-json\/wp\/v2\/media?parent=85305"}],"wp:term":[{"taxonomy":"category","embeddable":true,"href":"https:\/\/cleitonpinheiro.com.br\/site\/wp-json\/wp\/v2\/categories?post=85305"},{"taxonomy":"post_tag","embeddable":true,"href":"https:\/\/cleitonpinheiro.com.br\/site\/wp-json\/wp\/v2\/tags?post=85305"}],"curies":[{"name":"wp","href":"https:\/\/api.w.org\/{rel}","templated":true}]}}