{"id":85308,"date":"2025-04-24T17:10:13","date_gmt":"2025-04-24T20:10:13","guid":{"rendered":"https:\/\/cleitonpinheiro.com.br\/site\/?p=85308"},"modified":"2025-04-24T17:10:18","modified_gmt":"2025-04-24T20:10:18","slug":"camara-decide-adiar-debate-sobre-urgencia-do-pl-da-anistia","status":"publish","type":"post","link":"https:\/\/cleitonpinheiro.com.br\/site\/camara-decide-adiar-debate-sobre-urgencia-do-pl-da-anistia\/","title":{"rendered":"C\u00e2mara decide adiar debate sobre urg\u00eancia do PL da Anistia"},"content":{"rendered":"\n<figure class=\"wp-block-image size-large\"><img fetchpriority=\"high\" decoding=\"async\" width=\"1024\" height=\"613\" src=\"https:\/\/cleitonpinheiro.com.br\/site\/wp-content\/uploads\/2025\/04\/pec-seguranca-publica_mcamgo_abr_08042025-4-1024x613.webp\" alt=\"\" class=\"wp-image-85309\" srcset=\"https:\/\/cleitonpinheiro.com.br\/site\/wp-content\/uploads\/2025\/04\/pec-seguranca-publica_mcamgo_abr_08042025-4-1024x613.webp 1024w, https:\/\/cleitonpinheiro.com.br\/site\/wp-content\/uploads\/2025\/04\/pec-seguranca-publica_mcamgo_abr_08042025-4-300x179.webp 300w, https:\/\/cleitonpinheiro.com.br\/site\/wp-content\/uploads\/2025\/04\/pec-seguranca-publica_mcamgo_abr_08042025-4-768x459.webp 768w, https:\/\/cleitonpinheiro.com.br\/site\/wp-content\/uploads\/2025\/04\/pec-seguranca-publica_mcamgo_abr_08042025-4.webp 1170w\" sizes=\"(max-width: 1024px) 100vw, 1024px\" \/><figcaption class=\"wp-element-caption\">\u00a9 Marcelo Camargo\/Ag\u00eancia Brasil\n<\/figcaption><\/figure>\n\n\n\n<p><strong>A maioria dos l\u00edderes partid\u00e1rios da C\u00e2mara dos Deputados decidiu adiar a vota\u00e7\u00e3o da urg\u00eancia do projeto de lei (PL) que concede anistia a condenados por tentativa de golpe de Estado no Brasil que culminou com o 8 de janeiro de 2023.<\/strong><img decoding=\"async\" src=\"https:\/\/agenciabrasil.ebc.com.br\/ebc.png?id=1640122&amp;o=node\"><img decoding=\"async\" src=\"https:\/\/agenciabrasil.ebc.com.br\/ebc.gif?id=1640122&amp;o=node\"><\/p>\n\n\n\n<p>Ap\u00f3s reuni\u00e3o com o col\u00e9gio de l\u00edderes nesta quinta-feira (24), o presidente da C\u00e2mara, deputado Hugo Motta (Republicanos-PB) (<strong>foto<\/strong>), informou que o debate do tema ser\u00e1 adiado em busca de um acordo entre todos os atores.<\/p>\n\n\n\n<blockquote class=\"wp-block-quote is-layout-flow wp-block-quote-is-layout-flow\">\n<p>\u201cL\u00edderes partid\u00e1rios, que representam mais de 400 parlamentares na Casa, decidiram que o tema n\u00e3o deveria entrar na pauta da pr\u00f3xima semana. Isso n\u00e3o est\u00e1 dizendo que n\u00f3s n\u00e3o seguiremos dialogando para a busca de uma solu\u00e7\u00e3o para o tema. N\u00f3s seguiremos conversando para que a Casa possa encontrar uma sa\u00edda\u201d, afirmou Motta \u00e0 imprensa.<\/p>\n<\/blockquote>\n\n\n\n<p><a href=\"https:\/\/agenciabrasil.ebc.com.br\/politica\/noticia\/2025-04\/conheca-o-perfil-dos-deputados-que-assinaram-urgencia-do-pl-da-anistia\" target=\"_blank\" rel=\"noreferrer noopener\">Na semana passada, a oposi\u00e7\u00e3o conseguiu assinaturas de 264 deputados para pautar a urg\u00eancia do tema, esperando que, com isso, pudessem colocar o PL da Anistia em vota\u00e7\u00e3o.&nbsp;<\/a><\/p>\n\n\n\n<p>Motta lembrou que a defini\u00e7\u00e3o da pauta de vota\u00e7\u00f5es no plen\u00e1rio \u00e9 prerrogativa do presidente da C\u00e2mara e que seguir\u00e1 dialogando com os l\u00edderes para chegar a um acordo. Al\u00e9m disso, falou enxergar uma \u201cluz no fim do t\u00fanel\u201d para resolver essa quest\u00e3o.<\/p>\n\n\n\n<p><strong>\u201cOs partidos que defenderam o adiamento da pauta e os partidos que s\u00e3o, convictamente, contra a pauta tamb\u00e9m se dispuseram a dialogar. H\u00e1 aqui uma sinaliza\u00e7\u00e3o de que o di\u00e1logo pode, ao final, nos fazer avan\u00e7ar para uma solu\u00e7\u00e3o\u201d, acrescentou.<\/strong><\/p>\n\n\n\n<p>Motta ainda disse que ningu\u00e9m est\u00e1 concordando \u201ccom penas exageradas que algumas pessoas receberam\u201d e que \u201ch\u00e1 um sentimento de converg\u00eancia de que algo precisa ser feito\u201d.<\/p>\n\n\n\n<blockquote class=\"wp-block-quote is-layout-flow wp-block-quote-is-layout-flow\">\n<p>\u201cEssa \u00e9, sim, uma pauta sens\u00edvel a todos n\u00f3s, e n\u00f3s vamos seguir dialogando, conduzindo esse debate da maneira mais profunda poss\u00edvel para que uma solu\u00e7\u00e3o possa ser dada\u201d, completou o presidente da C\u00e2mara.<\/p>\n<\/blockquote>\n\n\n\n<h2 class=\"wp-block-heading\">Obstru\u00e7\u00e3o<\/h2>\n\n\n\n<p>Partidos da oposi\u00e7\u00e3o que pressionam para o tema ser analisado o mais rapidamente poss\u00edvel prometem obstruir os trabalhos da Casa enquanto a urg\u00eancia n\u00e3o for apreciada.<\/p>\n\n\n\n<p>O l\u00edder do PL, S\u00f3stenes Cavalcante (PL-RJ), disse que os l\u00edderes exigiram ver o texto do projeto que ser\u00e1 votado para decidir se pautam a mat\u00e9ria. \u201cO texto s\u00f3 pode ser apresentado quando o relator do plen\u00e1rio for nomeado\u201d, justificou S\u00f3stenes.<\/p>\n\n\n\n<p><strong>Segundo S\u00f3stenes, o PL est\u00e1 disposto a negociar um novo texto para apresentar ao relator que for escolhido. \u201cJ\u00e1 temos o esbo\u00e7o de uma proposta sint\u00e9tica, precisa, para contemplar somente o dia 8 de janeiro e corrigir as penas das pessoas que depredaram patrim\u00f4nio p\u00fablico e que tenham imagens comprovadas\u201d, informou.<\/strong><\/p>\n\n\n\n<p>A nova proposta, em tese, difere da apresentada na Comiss\u00e3o de Constitui\u00e7\u00e3o e Justi\u00e7a da C\u00e2mara (CCJ) no ano passado pelo relator Rodrigo Valadares (Uni\u00e3o-SE). O texto dizia que o projeto concede anistia a \u201ca todos os que tenham participado de manifesta\u00e7\u00f5es em qualquer lugar do territ\u00f3rio nacional do dia 30 de outubro de 2022 ao dia de entrada em vigor dessa lei, nas condi\u00e7\u00f5es que especifica\u201d.<\/p>\n\n\n\n<p>Apesar de lamentar a decis\u00e3o de n\u00e3o pautar logo a urg\u00eancia do projeto, S\u00f3stenes comemorou \u201cavan\u00e7os\u201d.&nbsp;<\/p>\n\n\n\n<blockquote class=\"wp-block-quote is-layout-flow wp-block-quote-is-layout-flow\">\n<p>\u201c\u00c9 bonito ver at\u00e9 os l\u00edderes da esquerda dizerem que a dosimetria que o STF jogou para essas pessoas est\u00e1 errada e precisa ser revista. Isto \u00e9 un\u00e2nime. J\u00e1 \u00e9 a primeira grande vit\u00f3ria da anistia\u201d, completou. A dosimetria \u00e9 o processo que define a penalidade de cada condenado.<\/p>\n<\/blockquote>\n\n\n\n<p><a href=\"http:\/\/agenciabrasil.ebc.com.br\/politica\/noticia\/2025-04\/ccj-relator-nega-recurso-de-glauber-contra-cassacao-de-mandato\" target=\"_blank\" rel=\"noreferrer noopener\">S\u00f3stenes Cavalcante disse que os parlamentares s\u00f3 n\u00e3o v\u00e3o obstruir a sess\u00e3o da Comiss\u00e3o de Constitui\u00e7\u00e3o e Justi\u00e7a (CCJ) que deve analisar, na pr\u00f3xima semana, o recurso do deputado Glauber Braga contra a cassa\u00e7\u00e3o de seu mandato.&nbsp;<\/a><\/p>\n\n\n\n<p>O l\u00edder do PL disse que foi feito um acordo com partidos do chamado centr\u00e3o para que n\u00e3o obstru\u00edssem a an\u00e1lise do processo de Glauber na CCJ. \u201cTirando esse assunto, [em] todos os demais, n\u00f3s estaremos em obstru\u00e7\u00e3o\u201d, completou.<\/p>\n\n\n\n<h2 class=\"wp-block-heading\">Governo<\/h2>\n\n\n\n<p>O l\u00edder do governo na C\u00e2mara, Jos\u00e9 Guimar\u00e3es (PT-CE), disse que o PL na Anistia n\u00e3o \u00e9 prioridade e que a Casa deve iniciar, na pr\u00f3xima semana, a tramita\u00e7\u00e3o do projeto de lei que concede isen\u00e7\u00e3o do Imposto de Renda para quem recebe at\u00e9 R$ 5 mil, al\u00e9m da instalar a comiss\u00e3o especial para a Proposta de Emenda \u00e0 Constitui\u00e7\u00e3o (PEC) da Seguran\u00e7a P\u00fablica.<\/p>\n\n\n\n<blockquote class=\"wp-block-quote is-layout-flow wp-block-quote-is-layout-flow\">\n<p>\u201cEventuais injusti\u00e7as na chamada dosimetria [das penas] precisam ser, evidentemente, consideradas por n\u00f3s. Mas v\u00e1rios de n\u00f3s falamos que n\u00e3o \u00e9 poss\u00edvel anistiar os generais, quem planejou, quem organizou, quem manipulou pessoas inocentes com a tentativa de golpe. N\u00e3o pode. N\u00e3o tem anistia para quem comete crime contra a democracia\u201d, afirmou Guimar\u00e3es.<\/p>\n<\/blockquote>\n\n\n\n<h2 class=\"wp-block-heading\">Golpe de Estado<\/h2>\n\n\n\n<p><a href=\"https:\/\/agenciabrasil.ebc.com.br\/justica\/noticia\/2025-02\/bolsonaro-tinha-discurso-pos-golpe-pronto-diz-pgr\" target=\"_blank\" rel=\"noreferrer noopener\">A den\u00fancia de tentativa de golpe de Estado feita pela Procuradoria-Geral da Rep\u00fablica (PGR)<\/a>&nbsp;diz que o objetivo da trama era anular as elei\u00e7\u00f5es presidenciais de 2022 e que estava inclu\u00edda a&nbsp;<a href=\"https:\/\/agenciabrasil.ebc.com.br\/geral\/noticia\/2024-11\/assassinato-de-lula-e-alckmin-seria-em-15-de-dezembro-de-2022\" target=\"_blank\" rel=\"noreferrer noopener\">previs\u00e3o de assassinatos do presidente Luiz In\u00e1cio Lula da Silva, do vice-presidente Geraldo Alckmin e do ministro do STF Alexandre de Moraes.&nbsp;<\/a><\/p>\n\n\n\n<p>Conforme a den\u00fancia, a trama golpista&nbsp;liderada pelo ex-presidente Bolsonaro buscou apoio das For\u00e7as Armadas para a decreta\u00e7\u00e3o de Estado de S\u00edtio, que funcionaria para promover uma ruptura democr\u00e1tica no Brasil. Os investigados negam as acusa\u00e7\u00f5es.<\/p>\n\n\n\n<p><\/p>\n","protected":false},"excerpt":{"rendered":"<p>A maioria dos l\u00edderes partid\u00e1rios da C\u00e2mara dos Deputados decidiu adiar a vota\u00e7\u00e3o da urg\u00eancia do projeto de lei (PL) que concede anistia a condenados por tentativa de golpe de Estado no Brasil que culminou com o 8 de janeiro de 2023. Ap\u00f3s reuni\u00e3o com o col\u00e9gio de l\u00edderes nesta quinta-feira (24), o presidente da [&hellip;]<\/p>\n","protected":false},"author":13,"featured_media":85309,"comment_status":"open","ping_status":"open","sticky":false,"template":"","format":"standard","meta":{"_acf_changed":false,"footnotes":""},"categories":[898,23,21],"tags":[1397,1185],"class_list":["post-85308","post","type-post","status-publish","format-standard","has-post-thumbnail","hentry","category-manchete-segundaria","category-politica","category-todas-noticias","tag-anistia","tag-camara-dos-deputados-2"],"acf":[],"yoast_head":"<!-- This site is optimized with the Yoast SEO plugin v24.4 - https:\/\/yoast.com\/wordpress\/plugins\/seo\/ -->\n<title>C\u00e2mara decide adiar debate sobre urg\u00eancia do PL da Anistia - PORTAL DE NOT\u00cdCIAS CLEITON PINHEIRO<\/title>\n<meta name=\"robots\" content=\"index, follow, max-snippet:-1, max-image-preview:large, max-video-preview:-1\" \/>\n<link rel=\"canonical\" href=\"https:\/\/cleitonpinheiro.com.br\/site\/camara-decide-adiar-debate-sobre-urgencia-do-pl-da-anistia\/\" \/>\n<meta property=\"og:locale\" content=\"pt_BR\" \/>\n<meta property=\"og:type\" content=\"article\" \/>\n<meta property=\"og:title\" content=\"C\u00e2mara decide adiar debate sobre urg\u00eancia do PL da Anistia - PORTAL DE NOT\u00cdCIAS CLEITON PINHEIRO\" \/>\n<meta property=\"og:description\" content=\"A maioria dos l\u00edderes partid\u00e1rios da C\u00e2mara dos Deputados decidiu adiar a vota\u00e7\u00e3o da urg\u00eancia do projeto de lei (PL) que concede anistia a condenados por tentativa de golpe de Estado no Brasil que culminou com o 8 de janeiro de 2023. Ap\u00f3s reuni\u00e3o com o col\u00e9gio de l\u00edderes nesta quinta-feira (24), o presidente da [&hellip;]\" \/>\n<meta property=\"og:url\" content=\"https:\/\/cleitonpinheiro.com.br\/site\/camara-decide-adiar-debate-sobre-urgencia-do-pl-da-anistia\/\" \/>\n<meta property=\"og:site_name\" content=\"PORTAL DE NOT\u00cdCIAS CLEITON PINHEIRO\" \/>\n<meta property=\"article:publisher\" content=\"https:\/\/www.facebook.com\/portalcpnoticias\/\" \/>\n<meta property=\"article:published_time\" content=\"2025-04-24T20:10:13+00:00\" \/>\n<meta property=\"article:modified_time\" content=\"2025-04-24T20:10:18+00:00\" \/>\n<meta property=\"og:image\" content=\"https:\/\/cleitonpinheiro.com.br\/site\/wp-content\/uploads\/2025\/04\/pec-seguranca-publica_mcamgo_abr_08042025-4.webp\" \/>\n\t<meta property=\"og:image:width\" content=\"1170\" \/>\n\t<meta property=\"og:image:height\" content=\"700\" \/>\n\t<meta property=\"og:image:type\" content=\"image\/webp\" \/>\n<meta name=\"author\" content=\"Reda\u00e7\u00e3o CP\" \/>\n<meta name=\"twitter:card\" content=\"summary_large_image\" \/>\n<meta name=\"twitter:label1\" content=\"Escrito por\" \/>\n\t<meta name=\"twitter:data1\" content=\"Reda\u00e7\u00e3o CP\" \/>\n\t<meta name=\"twitter:label2\" content=\"Est. tempo de leitura\" \/>\n\t<meta name=\"twitter:data2\" content=\"5 minutos\" \/>\n<script type=\"application\/ld+json\" class=\"yoast-schema-graph\">{\"@context\":\"https:\/\/schema.org\",\"@graph\":[{\"@type\":\"Article\",\"@id\":\"https:\/\/cleitonpinheiro.com.br\/site\/camara-decide-adiar-debate-sobre-urgencia-do-pl-da-anistia\/#article\",\"isPartOf\":{\"@id\":\"https:\/\/cleitonpinheiro.com.br\/site\/camara-decide-adiar-debate-sobre-urgencia-do-pl-da-anistia\/\"},\"author\":{\"name\":\"Reda\u00e7\u00e3o CP\",\"@id\":\"https:\/\/cleitonpinheiro.com.br\/site\/#\/schema\/person\/8f04544e0bc40a1b68775b08360f87db\"},\"headline\":\"C\u00e2mara decide adiar debate sobre urg\u00eancia do PL da Anistia\",\"datePublished\":\"2025-04-24T20:10:13+00:00\",\"dateModified\":\"2025-04-24T20:10:18+00:00\",\"mainEntityOfPage\":{\"@id\":\"https:\/\/cleitonpinheiro.com.br\/site\/camara-decide-adiar-debate-sobre-urgencia-do-pl-da-anistia\/\"},\"wordCount\":972,\"commentCount\":0,\"publisher\":{\"@id\":\"https:\/\/cleitonpinheiro.com.br\/site\/#organization\"},\"image\":{\"@id\":\"https:\/\/cleitonpinheiro.com.br\/site\/camara-decide-adiar-debate-sobre-urgencia-do-pl-da-anistia\/#primaryimage\"},\"thumbnailUrl\":\"https:\/\/cleitonpinheiro.com.br\/site\/wp-content\/uploads\/2025\/04\/pec-seguranca-publica_mcamgo_abr_08042025-4.webp\",\"keywords\":[\"anistia\",\"C\u00e2mara dos Deputados\"],\"articleSection\":[\"MANCHETE SEGUND\u00c1RIA\",\"POL\u00cdTICA\",\"TODAS NOTICIAS\"],\"inLanguage\":\"pt-BR\",\"potentialAction\":[{\"@type\":\"CommentAction\",\"name\":\"Comment\",\"target\":[\"https:\/\/cleitonpinheiro.com.br\/site\/camara-decide-adiar-debate-sobre-urgencia-do-pl-da-anistia\/#respond\"]}]},{\"@type\":\"WebPage\",\"@id\":\"https:\/\/cleitonpinheiro.com.br\/site\/camara-decide-adiar-debate-sobre-urgencia-do-pl-da-anistia\/\",\"url\":\"https:\/\/cleitonpinheiro.com.br\/site\/camara-decide-adiar-debate-sobre-urgencia-do-pl-da-anistia\/\",\"name\":\"C\u00e2mara decide adiar debate sobre urg\u00eancia do PL da Anistia - PORTAL DE NOT\u00cdCIAS CLEITON PINHEIRO\",\"isPartOf\":{\"@id\":\"https:\/\/cleitonpinheiro.com.br\/site\/#website\"},\"primaryImageOfPage\":{\"@id\":\"https:\/\/cleitonpinheiro.com.br\/site\/camara-decide-adiar-debate-sobre-urgencia-do-pl-da-anistia\/#primaryimage\"},\"image\":{\"@id\":\"https:\/\/cleitonpinheiro.com.br\/site\/camara-decide-adiar-debate-sobre-urgencia-do-pl-da-anistia\/#primaryimage\"},\"thumbnailUrl\":\"https:\/\/cleitonpinheiro.com.br\/site\/wp-content\/uploads\/2025\/04\/pec-seguranca-publica_mcamgo_abr_08042025-4.webp\",\"datePublished\":\"2025-04-24T20:10:13+00:00\",\"dateModified\":\"2025-04-24T20:10:18+00:00\",\"breadcrumb\":{\"@id\":\"https:\/\/cleitonpinheiro.com.br\/site\/camara-decide-adiar-debate-sobre-urgencia-do-pl-da-anistia\/#breadcrumb\"},\"inLanguage\":\"pt-BR\",\"potentialAction\":[{\"@type\":\"ReadAction\",\"target\":[\"https:\/\/cleitonpinheiro.com.br\/site\/camara-decide-adiar-debate-sobre-urgencia-do-pl-da-anistia\/\"]}]},{\"@type\":\"ImageObject\",\"inLanguage\":\"pt-BR\",\"@id\":\"https:\/\/cleitonpinheiro.com.br\/site\/camara-decide-adiar-debate-sobre-urgencia-do-pl-da-anistia\/#primaryimage\",\"url\":\"https:\/\/cleitonpinheiro.com.br\/site\/wp-content\/uploads\/2025\/04\/pec-seguranca-publica_mcamgo_abr_08042025-4.webp\",\"contentUrl\":\"https:\/\/cleitonpinheiro.com.br\/site\/wp-content\/uploads\/2025\/04\/pec-seguranca-publica_mcamgo_abr_08042025-4.webp\",\"width\":1170,\"height\":700,\"caption\":\"\u00a9 Marcelo Camargo\/Ag\u00eancia Brasil\"},{\"@type\":\"BreadcrumbList\",\"@id\":\"https:\/\/cleitonpinheiro.com.br\/site\/camara-decide-adiar-debate-sobre-urgencia-do-pl-da-anistia\/#breadcrumb\",\"itemListElement\":[{\"@type\":\"ListItem\",\"position\":1,\"name\":\"In\u00edcio\",\"item\":\"https:\/\/cleitonpinheiro.com.br\/site\/\"},{\"@type\":\"ListItem\",\"position\":2,\"name\":\"C\u00e2mara decide adiar debate sobre urg\u00eancia do PL da Anistia\"}]},{\"@type\":\"WebSite\",\"@id\":\"https:\/\/cleitonpinheiro.com.br\/site\/#website\",\"url\":\"https:\/\/cleitonpinheiro.com.br\/site\/\",\"name\":\"PORTAL DE NOT\u00cdCIAS CLEITON PINHEIRO\",\"description\":\"FALANDO A VERDADE\",\"publisher\":{\"@id\":\"https:\/\/cleitonpinheiro.com.br\/site\/#organization\"},\"potentialAction\":[{\"@type\":\"SearchAction\",\"target\":{\"@type\":\"EntryPoint\",\"urlTemplate\":\"https:\/\/cleitonpinheiro.com.br\/site\/?s={search_term_string}\"},\"query-input\":{\"@type\":\"PropertyValueSpecification\",\"valueRequired\":true,\"valueName\":\"search_term_string\"}}],\"inLanguage\":\"pt-BR\"},{\"@type\":\"Organization\",\"@id\":\"https:\/\/cleitonpinheiro.com.br\/site\/#organization\",\"name\":\"CPNOT\u00cdCIAS\",\"url\":\"https:\/\/cleitonpinheiro.com.br\/site\/\",\"logo\":{\"@type\":\"ImageObject\",\"inLanguage\":\"pt-BR\",\"@id\":\"https:\/\/cleitonpinheiro.com.br\/site\/#\/schema\/logo\/image\/\",\"url\":\"https:\/\/cleitonpinheiro.com.br\/site\/wp-content\/uploads\/2022\/08\/Logo-pequena-2.png\",\"contentUrl\":\"https:\/\/cleitonpinheiro.com.br\/site\/wp-content\/uploads\/2022\/08\/Logo-pequena-2.png\",\"width\":500,\"height\":500,\"caption\":\"CPNOT\u00cdCIAS\"},\"image\":{\"@id\":\"https:\/\/cleitonpinheiro.com.br\/site\/#\/schema\/logo\/image\/\"},\"sameAs\":[\"https:\/\/www.facebook.com\/portalcpnoticias\/\"]},{\"@type\":\"Person\",\"@id\":\"https:\/\/cleitonpinheiro.com.br\/site\/#\/schema\/person\/8f04544e0bc40a1b68775b08360f87db\",\"name\":\"Reda\u00e7\u00e3o CP\",\"image\":{\"@type\":\"ImageObject\",\"inLanguage\":\"pt-BR\",\"@id\":\"https:\/\/cleitonpinheiro.com.br\/site\/#\/schema\/person\/image\/\",\"url\":\"https:\/\/secure.gravatar.com\/avatar\/0bcf19cb29fdc8fc588c490c7ae1b3e174dac268586a63fbe1d1893a0f9020cd?s=96&r=g\",\"contentUrl\":\"https:\/\/secure.gravatar.com\/avatar\/0bcf19cb29fdc8fc588c490c7ae1b3e174dac268586a63fbe1d1893a0f9020cd?s=96&r=g\",\"caption\":\"Reda\u00e7\u00e3o CP\"},\"url\":\"https:\/\/cleitonpinheiro.com.br\/site\/author\/redacao\/\"}]}<\/script>\n<!-- \/ Yoast SEO plugin. -->","yoast_head_json":{"title":"C\u00e2mara decide adiar debate sobre urg\u00eancia do PL da Anistia - PORTAL DE NOT\u00cdCIAS CLEITON PINHEIRO","robots":{"index":"index","follow":"follow","max-snippet":"max-snippet:-1","max-image-preview":"max-image-preview:large","max-video-preview":"max-video-preview:-1"},"canonical":"https:\/\/cleitonpinheiro.com.br\/site\/camara-decide-adiar-debate-sobre-urgencia-do-pl-da-anistia\/","og_locale":"pt_BR","og_type":"article","og_title":"C\u00e2mara decide adiar debate sobre urg\u00eancia do PL da Anistia - PORTAL DE NOT\u00cdCIAS CLEITON PINHEIRO","og_description":"A maioria dos l\u00edderes partid\u00e1rios da C\u00e2mara dos Deputados decidiu adiar a vota\u00e7\u00e3o da urg\u00eancia do projeto de lei (PL) que concede anistia a condenados por tentativa de golpe de Estado no Brasil que culminou com o 8 de janeiro de 2023. Ap\u00f3s reuni\u00e3o com o col\u00e9gio de l\u00edderes nesta quinta-feira (24), o presidente da [&hellip;]","og_url":"https:\/\/cleitonpinheiro.com.br\/site\/camara-decide-adiar-debate-sobre-urgencia-do-pl-da-anistia\/","og_site_name":"PORTAL DE NOT\u00cdCIAS CLEITON PINHEIRO","article_publisher":"https:\/\/www.facebook.com\/portalcpnoticias\/","article_published_time":"2025-04-24T20:10:13+00:00","article_modified_time":"2025-04-24T20:10:18+00:00","og_image":[{"width":1170,"height":700,"url":"https:\/\/cleitonpinheiro.com.br\/site\/wp-content\/uploads\/2025\/04\/pec-seguranca-publica_mcamgo_abr_08042025-4.webp","type":"image\/webp"}],"author":"Reda\u00e7\u00e3o CP","twitter_card":"summary_large_image","twitter_misc":{"Escrito por":"Reda\u00e7\u00e3o CP","Est. tempo de leitura":"5 minutos"},"schema":{"@context":"https:\/\/schema.org","@graph":[{"@type":"Article","@id":"https:\/\/cleitonpinheiro.com.br\/site\/camara-decide-adiar-debate-sobre-urgencia-do-pl-da-anistia\/#article","isPartOf":{"@id":"https:\/\/cleitonpinheiro.com.br\/site\/camara-decide-adiar-debate-sobre-urgencia-do-pl-da-anistia\/"},"author":{"name":"Reda\u00e7\u00e3o CP","@id":"https:\/\/cleitonpinheiro.com.br\/site\/#\/schema\/person\/8f04544e0bc40a1b68775b08360f87db"},"headline":"C\u00e2mara decide adiar debate sobre urg\u00eancia do PL da Anistia","datePublished":"2025-04-24T20:10:13+00:00","dateModified":"2025-04-24T20:10:18+00:00","mainEntityOfPage":{"@id":"https:\/\/cleitonpinheiro.com.br\/site\/camara-decide-adiar-debate-sobre-urgencia-do-pl-da-anistia\/"},"wordCount":972,"commentCount":0,"publisher":{"@id":"https:\/\/cleitonpinheiro.com.br\/site\/#organization"},"image":{"@id":"https:\/\/cleitonpinheiro.com.br\/site\/camara-decide-adiar-debate-sobre-urgencia-do-pl-da-anistia\/#primaryimage"},"thumbnailUrl":"https:\/\/cleitonpinheiro.com.br\/site\/wp-content\/uploads\/2025\/04\/pec-seguranca-publica_mcamgo_abr_08042025-4.webp","keywords":["anistia","C\u00e2mara dos Deputados"],"articleSection":["MANCHETE SEGUND\u00c1RIA","POL\u00cdTICA","TODAS NOTICIAS"],"inLanguage":"pt-BR","potentialAction":[{"@type":"CommentAction","name":"Comment","target":["https:\/\/cleitonpinheiro.com.br\/site\/camara-decide-adiar-debate-sobre-urgencia-do-pl-da-anistia\/#respond"]}]},{"@type":"WebPage","@id":"https:\/\/cleitonpinheiro.com.br\/site\/camara-decide-adiar-debate-sobre-urgencia-do-pl-da-anistia\/","url":"https:\/\/cleitonpinheiro.com.br\/site\/camara-decide-adiar-debate-sobre-urgencia-do-pl-da-anistia\/","name":"C\u00e2mara decide adiar debate sobre urg\u00eancia do PL da Anistia - PORTAL DE NOT\u00cdCIAS CLEITON PINHEIRO","isPartOf":{"@id":"https:\/\/cleitonpinheiro.com.br\/site\/#website"},"primaryImageOfPage":{"@id":"https:\/\/cleitonpinheiro.com.br\/site\/camara-decide-adiar-debate-sobre-urgencia-do-pl-da-anistia\/#primaryimage"},"image":{"@id":"https:\/\/cleitonpinheiro.com.br\/site\/camara-decide-adiar-debate-sobre-urgencia-do-pl-da-anistia\/#primaryimage"},"thumbnailUrl":"https:\/\/cleitonpinheiro.com.br\/site\/wp-content\/uploads\/2025\/04\/pec-seguranca-publica_mcamgo_abr_08042025-4.webp","datePublished":"2025-04-24T20:10:13+00:00","dateModified":"2025-04-24T20:10:18+00:00","breadcrumb":{"@id":"https:\/\/cleitonpinheiro.com.br\/site\/camara-decide-adiar-debate-sobre-urgencia-do-pl-da-anistia\/#breadcrumb"},"inLanguage":"pt-BR","potentialAction":[{"@type":"ReadAction","target":["https:\/\/cleitonpinheiro.com.br\/site\/camara-decide-adiar-debate-sobre-urgencia-do-pl-da-anistia\/"]}]},{"@type":"ImageObject","inLanguage":"pt-BR","@id":"https:\/\/cleitonpinheiro.com.br\/site\/camara-decide-adiar-debate-sobre-urgencia-do-pl-da-anistia\/#primaryimage","url":"https:\/\/cleitonpinheiro.com.br\/site\/wp-content\/uploads\/2025\/04\/pec-seguranca-publica_mcamgo_abr_08042025-4.webp","contentUrl":"https:\/\/cleitonpinheiro.com.br\/site\/wp-content\/uploads\/2025\/04\/pec-seguranca-publica_mcamgo_abr_08042025-4.webp","width":1170,"height":700,"caption":"\u00a9 Marcelo Camargo\/Ag\u00eancia Brasil"},{"@type":"BreadcrumbList","@id":"https:\/\/cleitonpinheiro.com.br\/site\/camara-decide-adiar-debate-sobre-urgencia-do-pl-da-anistia\/#breadcrumb","itemListElement":[{"@type":"ListItem","position":1,"name":"In\u00edcio","item":"https:\/\/cleitonpinheiro.com.br\/site\/"},{"@type":"ListItem","position":2,"name":"C\u00e2mara decide adiar debate sobre urg\u00eancia do PL da Anistia"}]},{"@type":"WebSite","@id":"https:\/\/cleitonpinheiro.com.br\/site\/#website","url":"https:\/\/cleitonpinheiro.com.br\/site\/","name":"PORTAL DE NOT\u00cdCIAS CLEITON PINHEIRO","description":"FALANDO A VERDADE","publisher":{"@id":"https:\/\/cleitonpinheiro.com.br\/site\/#organization"},"potentialAction":[{"@type":"SearchAction","target":{"@type":"EntryPoint","urlTemplate":"https:\/\/cleitonpinheiro.com.br\/site\/?s={search_term_string}"},"query-input":{"@type":"PropertyValueSpecification","valueRequired":true,"valueName":"search_term_string"}}],"inLanguage":"pt-BR"},{"@type":"Organization","@id":"https:\/\/cleitonpinheiro.com.br\/site\/#organization","name":"CPNOT\u00cdCIAS","url":"https:\/\/cleitonpinheiro.com.br\/site\/","logo":{"@type":"ImageObject","inLanguage":"pt-BR","@id":"https:\/\/cleitonpinheiro.com.br\/site\/#\/schema\/logo\/image\/","url":"https:\/\/cleitonpinheiro.com.br\/site\/wp-content\/uploads\/2022\/08\/Logo-pequena-2.png","contentUrl":"https:\/\/cleitonpinheiro.com.br\/site\/wp-content\/uploads\/2022\/08\/Logo-pequena-2.png","width":500,"height":500,"caption":"CPNOT\u00cdCIAS"},"image":{"@id":"https:\/\/cleitonpinheiro.com.br\/site\/#\/schema\/logo\/image\/"},"sameAs":["https:\/\/www.facebook.com\/portalcpnoticias\/"]},{"@type":"Person","@id":"https:\/\/cleitonpinheiro.com.br\/site\/#\/schema\/person\/8f04544e0bc40a1b68775b08360f87db","name":"Reda\u00e7\u00e3o CP","image":{"@type":"ImageObject","inLanguage":"pt-BR","@id":"https:\/\/cleitonpinheiro.com.br\/site\/#\/schema\/person\/image\/","url":"https:\/\/secure.gravatar.com\/avatar\/0bcf19cb29fdc8fc588c490c7ae1b3e174dac268586a63fbe1d1893a0f9020cd?s=96&r=g","contentUrl":"https:\/\/secure.gravatar.com\/avatar\/0bcf19cb29fdc8fc588c490c7ae1b3e174dac268586a63fbe1d1893a0f9020cd?s=96&r=g","caption":"Reda\u00e7\u00e3o CP"},"url":"https:\/\/cleitonpinheiro.com.br\/site\/author\/redacao\/"}]}},"views":159,"_links":{"self":[{"href":"https:\/\/cleitonpinheiro.com.br\/site\/wp-json\/wp\/v2\/posts\/85308","targetHints":{"allow":["GET"]}}],"collection":[{"href":"https:\/\/cleitonpinheiro.com.br\/site\/wp-json\/wp\/v2\/posts"}],"about":[{"href":"https:\/\/cleitonpinheiro.com.br\/site\/wp-json\/wp\/v2\/types\/post"}],"author":[{"embeddable":true,"href":"https:\/\/cleitonpinheiro.com.br\/site\/wp-json\/wp\/v2\/users\/13"}],"replies":[{"embeddable":true,"href":"https:\/\/cleitonpinheiro.com.br\/site\/wp-json\/wp\/v2\/comments?post=85308"}],"version-history":[{"count":1,"href":"https:\/\/cleitonpinheiro.com.br\/site\/wp-json\/wp\/v2\/posts\/85308\/revisions"}],"predecessor-version":[{"id":85310,"href":"https:\/\/cleitonpinheiro.com.br\/site\/wp-json\/wp\/v2\/posts\/85308\/revisions\/85310"}],"wp:featuredmedia":[{"embeddable":true,"href":"https:\/\/cleitonpinheiro.com.br\/site\/wp-json\/wp\/v2\/media\/85309"}],"wp:attachment":[{"href":"https:\/\/cleitonpinheiro.com.br\/site\/wp-json\/wp\/v2\/media?parent=85308"}],"wp:term":[{"taxonomy":"category","embeddable":true,"href":"https:\/\/cleitonpinheiro.com.br\/site\/wp-json\/wp\/v2\/categories?post=85308"},{"taxonomy":"post_tag","embeddable":true,"href":"https:\/\/cleitonpinheiro.com.br\/site\/wp-json\/wp\/v2\/tags?post=85308"}],"curies":[{"name":"wp","href":"https:\/\/api.w.org\/{rel}","templated":true}]}}