{"id":85317,"date":"2025-04-24T17:20:42","date_gmt":"2025-04-24T20:20:42","guid":{"rendered":"https:\/\/cleitonpinheiro.com.br\/site\/?p=85317"},"modified":"2025-04-24T17:20:46","modified_gmt":"2025-04-24T20:20:46","slug":"presidente-da-telebras-toma-posse-como-ministro-das-comunicacoes","status":"publish","type":"post","link":"https:\/\/cleitonpinheiro.com.br\/site\/presidente-da-telebras-toma-posse-como-ministro-das-comunicacoes\/","title":{"rendered":"Presidente da Telebr\u00e1s toma posse como ministro das Comunica\u00e7\u00f5es"},"content":{"rendered":"\n<figure class=\"wp-block-image size-large\"><img fetchpriority=\"high\" decoding=\"async\" width=\"1024\" height=\"613\" src=\"https:\/\/cleitonpinheiro.com.br\/site\/wp-content\/uploads\/2025\/04\/54473633054_5f9d1b35d7_o-1024x613.webp\" alt=\"\" class=\"wp-image-85318\" srcset=\"https:\/\/cleitonpinheiro.com.br\/site\/wp-content\/uploads\/2025\/04\/54473633054_5f9d1b35d7_o-1024x613.webp 1024w, https:\/\/cleitonpinheiro.com.br\/site\/wp-content\/uploads\/2025\/04\/54473633054_5f9d1b35d7_o-300x179.webp 300w, https:\/\/cleitonpinheiro.com.br\/site\/wp-content\/uploads\/2025\/04\/54473633054_5f9d1b35d7_o-768x459.webp 768w, https:\/\/cleitonpinheiro.com.br\/site\/wp-content\/uploads\/2025\/04\/54473633054_5f9d1b35d7_o.webp 1170w\" sizes=\"(max-width: 1024px) 100vw, 1024px\" \/><figcaption class=\"wp-element-caption\">\u00a9 Ricardo Stuckert\/PR\n<\/figcaption><\/figure>\n\n\n\n<p><strong>O presidente da Telebr\u00e1s, Frederico de Siqueira Filho, ser\u00e1 o novo ministro das Comunica\u00e7\u00f5es.<\/strong>&nbsp;O presidente Luiz In\u00e1cio Lula da Silva deu posse ao engenheiro, nesta quinta-feira (24), em reuni\u00e3o no Pal\u00e1cio do Planalto.<img decoding=\"async\" src=\"https:\/\/agenciabrasil.ebc.com.br\/ebc.png?id=1640113&amp;o=node\"><img decoding=\"async\" src=\"https:\/\/agenciabrasil.ebc.com.br\/ebc.gif?id=1640113&amp;o=node\"><\/p>\n\n\n\n<p>Graduado em engenharia civil pela Universidade de Pernambuco,&nbsp;<strong>ele tem mais de 26 anos de experi\u00eancia profissional no setor de telecomunica\u00e7\u00f5es, dos quais 21 anos dedicados \u00e0 empresa Oi<\/strong>, exercendo cargos de lideran\u00e7a nas \u00e1reas de opera\u00e7\u00f5es, planejamento, institucional regulat\u00f3rio e comercial. Ele estava no comando da Telebras desde maio de 2023.<\/p>\n\n\n\n<p><strong>O partido Uni\u00e3o Brasil apresentou a indica\u00e7\u00e3o de Siqueira Filho a Lula em reuni\u00e3o na quarta-feira (23), ap\u00f3s o deputado federal Pedro Lucas Fernandes (Uni\u00e3o Brasil-MA) ter&nbsp;<a href=\"https:\/\/agenciabrasil.ebc.com.br\/politica\/noticia\/2025-04\/deputado-pedro-lucas-recusa-convite-para-ser-ministro-das-comunicacoes\" target=\"_blank\" rel=\"noreferrer noopener\">recusado o convite<\/a>&nbsp;para ser o novo ministro<\/strong>.&nbsp;<\/p>\n\n\n\n<p>O nome dele&nbsp;<a href=\"https:\/\/agenciabrasil.ebc.com.br\/politica\/noticia\/2025-04\/governo-confirma-pedro-lucas-como-novo-ministro-das-comunicacoes\" target=\"_blank\" rel=\"noreferrer noopener\">chegou a ser anunciado<\/a>&nbsp;pela ministra da Secretaria de Rela\u00e7\u00f5es Institucionais, Gleisi Hoffmann, mas Pedro Lucas argumentou que pode contribuir mais para o pa\u00eds como l\u00edder da bancada do Uni\u00e3o Brasil na C\u00e2mara dos Deputados.<\/p>\n\n\n\n<p>Siqueira Filho assume o lugar de Juscelino Filho que&nbsp;<a href=\"https:\/\/agenciabrasil.ebc.com.br\/politica\/noticia\/2025-04\/juscelino-filho-oficializa-demissao-do-ministerio-das-comunicacoes\" target=\"_blank\" rel=\"noreferrer noopener\">deixou o cargo ap\u00f3s ter sido denunciado<\/a>&nbsp;pela Procuradoria-Geral da Rep\u00fablica por supostos desvios em emendas parlamentares quando ele era deputado federal.&nbsp;<\/p>\n\n\n\n<p>Ele esteve no comando da pasta desde o in\u00edcio do governo, indicado pelo Uni\u00e3o Brasil, e, ap\u00f3s ser exonerado, reassumiu seu mandato na C\u00e2mara dos Deputados.<\/p>\n","protected":false},"excerpt":{"rendered":"<p>O presidente da Telebr\u00e1s, Frederico de Siqueira Filho, ser\u00e1 o novo ministro das Comunica\u00e7\u00f5es.&nbsp;O presidente Luiz In\u00e1cio Lula da Silva deu posse ao engenheiro, nesta quinta-feira (24), em reuni\u00e3o no Pal\u00e1cio do Planalto. Graduado em engenharia civil pela Universidade de Pernambuco,&nbsp;ele tem mais de 26 anos de experi\u00eancia profissional no setor de telecomunica\u00e7\u00f5es, dos quais [&hellip;]<\/p>\n","protected":false},"author":13,"featured_media":85318,"comment_status":"open","ping_status":"open","sticky":false,"template":"","format":"standard","meta":{"_acf_changed":false,"footnotes":""},"categories":[20,23,21],"tags":[911,1400],"class_list":["post-85317","post","type-post","status-publish","format-standard","has-post-thumbnail","hentry","category-noticias-em-destaque","category-politica","category-todas-noticias","tag-governo-federal","tag-ministro-das-comunicacoes"],"acf":[],"yoast_head":"<!-- This site is optimized with the Yoast SEO plugin v24.4 - https:\/\/yoast.com\/wordpress\/plugins\/seo\/ -->\n<title>Presidente da Telebr\u00e1s toma posse como ministro das Comunica\u00e7\u00f5es - PORTAL DE NOT\u00cdCIAS CLEITON PINHEIRO<\/title>\n<meta name=\"robots\" content=\"index, follow, max-snippet:-1, max-image-preview:large, max-video-preview:-1\" \/>\n<link rel=\"canonical\" href=\"https:\/\/cleitonpinheiro.com.br\/site\/presidente-da-telebras-toma-posse-como-ministro-das-comunicacoes\/\" \/>\n<meta property=\"og:locale\" content=\"pt_BR\" \/>\n<meta property=\"og:type\" content=\"article\" \/>\n<meta property=\"og:title\" content=\"Presidente da Telebr\u00e1s toma posse como ministro das Comunica\u00e7\u00f5es - PORTAL DE NOT\u00cdCIAS CLEITON PINHEIRO\" \/>\n<meta property=\"og:description\" content=\"O presidente da Telebr\u00e1s, Frederico de Siqueira Filho, ser\u00e1 o novo ministro das Comunica\u00e7\u00f5es.&nbsp;O presidente Luiz In\u00e1cio Lula da Silva deu posse ao engenheiro, nesta quinta-feira (24), em reuni\u00e3o no Pal\u00e1cio do Planalto. Graduado em engenharia civil pela Universidade de Pernambuco,&nbsp;ele tem mais de 26 anos de experi\u00eancia profissional no setor de telecomunica\u00e7\u00f5es, dos quais [&hellip;]\" \/>\n<meta property=\"og:url\" content=\"https:\/\/cleitonpinheiro.com.br\/site\/presidente-da-telebras-toma-posse-como-ministro-das-comunicacoes\/\" \/>\n<meta property=\"og:site_name\" content=\"PORTAL DE NOT\u00cdCIAS CLEITON PINHEIRO\" \/>\n<meta property=\"article:publisher\" content=\"https:\/\/www.facebook.com\/portalcpnoticias\/\" \/>\n<meta property=\"article:published_time\" content=\"2025-04-24T20:20:42+00:00\" \/>\n<meta property=\"article:modified_time\" content=\"2025-04-24T20:20:46+00:00\" \/>\n<meta property=\"og:image\" content=\"https:\/\/cleitonpinheiro.com.br\/site\/wp-content\/uploads\/2025\/04\/54473633054_5f9d1b35d7_o.webp\" \/>\n\t<meta property=\"og:image:width\" content=\"1170\" \/>\n\t<meta property=\"og:image:height\" content=\"700\" \/>\n\t<meta property=\"og:image:type\" content=\"image\/webp\" \/>\n<meta name=\"author\" content=\"Reda\u00e7\u00e3o CP\" \/>\n<meta name=\"twitter:card\" content=\"summary_large_image\" \/>\n<meta name=\"twitter:label1\" content=\"Escrito por\" \/>\n\t<meta name=\"twitter:data1\" content=\"Reda\u00e7\u00e3o CP\" \/>\n\t<meta name=\"twitter:label2\" content=\"Est. tempo de leitura\" \/>\n\t<meta name=\"twitter:data2\" content=\"3 minutos\" \/>\n<script type=\"application\/ld+json\" class=\"yoast-schema-graph\">{\"@context\":\"https:\/\/schema.org\",\"@graph\":[{\"@type\":\"Article\",\"@id\":\"https:\/\/cleitonpinheiro.com.br\/site\/presidente-da-telebras-toma-posse-como-ministro-das-comunicacoes\/#article\",\"isPartOf\":{\"@id\":\"https:\/\/cleitonpinheiro.com.br\/site\/presidente-da-telebras-toma-posse-como-ministro-das-comunicacoes\/\"},\"author\":{\"name\":\"Reda\u00e7\u00e3o CP\",\"@id\":\"https:\/\/cleitonpinheiro.com.br\/site\/#\/schema\/person\/8f04544e0bc40a1b68775b08360f87db\"},\"headline\":\"Presidente da Telebr\u00e1s toma posse como ministro das Comunica\u00e7\u00f5es\",\"datePublished\":\"2025-04-24T20:20:42+00:00\",\"dateModified\":\"2025-04-24T20:20:46+00:00\",\"mainEntityOfPage\":{\"@id\":\"https:\/\/cleitonpinheiro.com.br\/site\/presidente-da-telebras-toma-posse-como-ministro-das-comunicacoes\/\"},\"wordCount\":260,\"commentCount\":0,\"publisher\":{\"@id\":\"https:\/\/cleitonpinheiro.com.br\/site\/#organization\"},\"image\":{\"@id\":\"https:\/\/cleitonpinheiro.com.br\/site\/presidente-da-telebras-toma-posse-como-ministro-das-comunicacoes\/#primaryimage\"},\"thumbnailUrl\":\"https:\/\/cleitonpinheiro.com.br\/site\/wp-content\/uploads\/2025\/04\/54473633054_5f9d1b35d7_o.webp\",\"keywords\":[\"governo federal\",\"ministro das Comunica\u00e7\u00f5es\"],\"articleSection\":[\"NOT\u00cdCIAS EM DESTAQUE\",\"POL\u00cdTICA\",\"TODAS NOTICIAS\"],\"inLanguage\":\"pt-BR\",\"potentialAction\":[{\"@type\":\"CommentAction\",\"name\":\"Comment\",\"target\":[\"https:\/\/cleitonpinheiro.com.br\/site\/presidente-da-telebras-toma-posse-como-ministro-das-comunicacoes\/#respond\"]}]},{\"@type\":\"WebPage\",\"@id\":\"https:\/\/cleitonpinheiro.com.br\/site\/presidente-da-telebras-toma-posse-como-ministro-das-comunicacoes\/\",\"url\":\"https:\/\/cleitonpinheiro.com.br\/site\/presidente-da-telebras-toma-posse-como-ministro-das-comunicacoes\/\",\"name\":\"Presidente da Telebr\u00e1s toma posse como ministro das Comunica\u00e7\u00f5es - PORTAL DE NOT\u00cdCIAS CLEITON PINHEIRO\",\"isPartOf\":{\"@id\":\"https:\/\/cleitonpinheiro.com.br\/site\/#website\"},\"primaryImageOfPage\":{\"@id\":\"https:\/\/cleitonpinheiro.com.br\/site\/presidente-da-telebras-toma-posse-como-ministro-das-comunicacoes\/#primaryimage\"},\"image\":{\"@id\":\"https:\/\/cleitonpinheiro.com.br\/site\/presidente-da-telebras-toma-posse-como-ministro-das-comunicacoes\/#primaryimage\"},\"thumbnailUrl\":\"https:\/\/cleitonpinheiro.com.br\/site\/wp-content\/uploads\/2025\/04\/54473633054_5f9d1b35d7_o.webp\",\"datePublished\":\"2025-04-24T20:20:42+00:00\",\"dateModified\":\"2025-04-24T20:20:46+00:00\",\"breadcrumb\":{\"@id\":\"https:\/\/cleitonpinheiro.com.br\/site\/presidente-da-telebras-toma-posse-como-ministro-das-comunicacoes\/#breadcrumb\"},\"inLanguage\":\"pt-BR\",\"potentialAction\":[{\"@type\":\"ReadAction\",\"target\":[\"https:\/\/cleitonpinheiro.com.br\/site\/presidente-da-telebras-toma-posse-como-ministro-das-comunicacoes\/\"]}]},{\"@type\":\"ImageObject\",\"inLanguage\":\"pt-BR\",\"@id\":\"https:\/\/cleitonpinheiro.com.br\/site\/presidente-da-telebras-toma-posse-como-ministro-das-comunicacoes\/#primaryimage\",\"url\":\"https:\/\/cleitonpinheiro.com.br\/site\/wp-content\/uploads\/2025\/04\/54473633054_5f9d1b35d7_o.webp\",\"contentUrl\":\"https:\/\/cleitonpinheiro.com.br\/site\/wp-content\/uploads\/2025\/04\/54473633054_5f9d1b35d7_o.webp\",\"width\":1170,\"height\":700,\"caption\":\"\u00a9 Ricardo Stuckert\/PR\"},{\"@type\":\"BreadcrumbList\",\"@id\":\"https:\/\/cleitonpinheiro.com.br\/site\/presidente-da-telebras-toma-posse-como-ministro-das-comunicacoes\/#breadcrumb\",\"itemListElement\":[{\"@type\":\"ListItem\",\"position\":1,\"name\":\"In\u00edcio\",\"item\":\"https:\/\/cleitonpinheiro.com.br\/site\/\"},{\"@type\":\"ListItem\",\"position\":2,\"name\":\"Presidente da Telebr\u00e1s toma posse como ministro das Comunica\u00e7\u00f5es\"}]},{\"@type\":\"WebSite\",\"@id\":\"https:\/\/cleitonpinheiro.com.br\/site\/#website\",\"url\":\"https:\/\/cleitonpinheiro.com.br\/site\/\",\"name\":\"PORTAL DE NOT\u00cdCIAS CLEITON PINHEIRO\",\"description\":\"FALANDO A VERDADE\",\"publisher\":{\"@id\":\"https:\/\/cleitonpinheiro.com.br\/site\/#organization\"},\"potentialAction\":[{\"@type\":\"SearchAction\",\"target\":{\"@type\":\"EntryPoint\",\"urlTemplate\":\"https:\/\/cleitonpinheiro.com.br\/site\/?s={search_term_string}\"},\"query-input\":{\"@type\":\"PropertyValueSpecification\",\"valueRequired\":true,\"valueName\":\"search_term_string\"}}],\"inLanguage\":\"pt-BR\"},{\"@type\":\"Organization\",\"@id\":\"https:\/\/cleitonpinheiro.com.br\/site\/#organization\",\"name\":\"CPNOT\u00cdCIAS\",\"url\":\"https:\/\/cleitonpinheiro.com.br\/site\/\",\"logo\":{\"@type\":\"ImageObject\",\"inLanguage\":\"pt-BR\",\"@id\":\"https:\/\/cleitonpinheiro.com.br\/site\/#\/schema\/logo\/image\/\",\"url\":\"https:\/\/cleitonpinheiro.com.br\/site\/wp-content\/uploads\/2022\/08\/Logo-pequena-2.png\",\"contentUrl\":\"https:\/\/cleitonpinheiro.com.br\/site\/wp-content\/uploads\/2022\/08\/Logo-pequena-2.png\",\"width\":500,\"height\":500,\"caption\":\"CPNOT\u00cdCIAS\"},\"image\":{\"@id\":\"https:\/\/cleitonpinheiro.com.br\/site\/#\/schema\/logo\/image\/\"},\"sameAs\":[\"https:\/\/www.facebook.com\/portalcpnoticias\/\"]},{\"@type\":\"Person\",\"@id\":\"https:\/\/cleitonpinheiro.com.br\/site\/#\/schema\/person\/8f04544e0bc40a1b68775b08360f87db\",\"name\":\"Reda\u00e7\u00e3o CP\",\"image\":{\"@type\":\"ImageObject\",\"inLanguage\":\"pt-BR\",\"@id\":\"https:\/\/cleitonpinheiro.com.br\/site\/#\/schema\/person\/image\/\",\"url\":\"https:\/\/secure.gravatar.com\/avatar\/0bcf19cb29fdc8fc588c490c7ae1b3e174dac268586a63fbe1d1893a0f9020cd?s=96&r=g\",\"contentUrl\":\"https:\/\/secure.gravatar.com\/avatar\/0bcf19cb29fdc8fc588c490c7ae1b3e174dac268586a63fbe1d1893a0f9020cd?s=96&r=g\",\"caption\":\"Reda\u00e7\u00e3o CP\"},\"url\":\"https:\/\/cleitonpinheiro.com.br\/site\/author\/redacao\/\"}]}<\/script>\n<!-- \/ Yoast SEO plugin. -->","yoast_head_json":{"title":"Presidente da Telebr\u00e1s toma posse como ministro das Comunica\u00e7\u00f5es - PORTAL DE NOT\u00cdCIAS CLEITON PINHEIRO","robots":{"index":"index","follow":"follow","max-snippet":"max-snippet:-1","max-image-preview":"max-image-preview:large","max-video-preview":"max-video-preview:-1"},"canonical":"https:\/\/cleitonpinheiro.com.br\/site\/presidente-da-telebras-toma-posse-como-ministro-das-comunicacoes\/","og_locale":"pt_BR","og_type":"article","og_title":"Presidente da Telebr\u00e1s toma posse como ministro das Comunica\u00e7\u00f5es - PORTAL DE NOT\u00cdCIAS CLEITON PINHEIRO","og_description":"O presidente da Telebr\u00e1s, Frederico de Siqueira Filho, ser\u00e1 o novo ministro das Comunica\u00e7\u00f5es.&nbsp;O presidente Luiz In\u00e1cio Lula da Silva deu posse ao engenheiro, nesta quinta-feira (24), em reuni\u00e3o no Pal\u00e1cio do Planalto. Graduado em engenharia civil pela Universidade de Pernambuco,&nbsp;ele tem mais de 26 anos de experi\u00eancia profissional no setor de telecomunica\u00e7\u00f5es, dos quais [&hellip;]","og_url":"https:\/\/cleitonpinheiro.com.br\/site\/presidente-da-telebras-toma-posse-como-ministro-das-comunicacoes\/","og_site_name":"PORTAL DE NOT\u00cdCIAS CLEITON PINHEIRO","article_publisher":"https:\/\/www.facebook.com\/portalcpnoticias\/","article_published_time":"2025-04-24T20:20:42+00:00","article_modified_time":"2025-04-24T20:20:46+00:00","og_image":[{"width":1170,"height":700,"url":"https:\/\/cleitonpinheiro.com.br\/site\/wp-content\/uploads\/2025\/04\/54473633054_5f9d1b35d7_o.webp","type":"image\/webp"}],"author":"Reda\u00e7\u00e3o CP","twitter_card":"summary_large_image","twitter_misc":{"Escrito por":"Reda\u00e7\u00e3o CP","Est. tempo de leitura":"3 minutos"},"schema":{"@context":"https:\/\/schema.org","@graph":[{"@type":"Article","@id":"https:\/\/cleitonpinheiro.com.br\/site\/presidente-da-telebras-toma-posse-como-ministro-das-comunicacoes\/#article","isPartOf":{"@id":"https:\/\/cleitonpinheiro.com.br\/site\/presidente-da-telebras-toma-posse-como-ministro-das-comunicacoes\/"},"author":{"name":"Reda\u00e7\u00e3o CP","@id":"https:\/\/cleitonpinheiro.com.br\/site\/#\/schema\/person\/8f04544e0bc40a1b68775b08360f87db"},"headline":"Presidente da Telebr\u00e1s toma posse como ministro das Comunica\u00e7\u00f5es","datePublished":"2025-04-24T20:20:42+00:00","dateModified":"2025-04-24T20:20:46+00:00","mainEntityOfPage":{"@id":"https:\/\/cleitonpinheiro.com.br\/site\/presidente-da-telebras-toma-posse-como-ministro-das-comunicacoes\/"},"wordCount":260,"commentCount":0,"publisher":{"@id":"https:\/\/cleitonpinheiro.com.br\/site\/#organization"},"image":{"@id":"https:\/\/cleitonpinheiro.com.br\/site\/presidente-da-telebras-toma-posse-como-ministro-das-comunicacoes\/#primaryimage"},"thumbnailUrl":"https:\/\/cleitonpinheiro.com.br\/site\/wp-content\/uploads\/2025\/04\/54473633054_5f9d1b35d7_o.webp","keywords":["governo federal","ministro das Comunica\u00e7\u00f5es"],"articleSection":["NOT\u00cdCIAS EM DESTAQUE","POL\u00cdTICA","TODAS NOTICIAS"],"inLanguage":"pt-BR","potentialAction":[{"@type":"CommentAction","name":"Comment","target":["https:\/\/cleitonpinheiro.com.br\/site\/presidente-da-telebras-toma-posse-como-ministro-das-comunicacoes\/#respond"]}]},{"@type":"WebPage","@id":"https:\/\/cleitonpinheiro.com.br\/site\/presidente-da-telebras-toma-posse-como-ministro-das-comunicacoes\/","url":"https:\/\/cleitonpinheiro.com.br\/site\/presidente-da-telebras-toma-posse-como-ministro-das-comunicacoes\/","name":"Presidente da Telebr\u00e1s toma posse como ministro das Comunica\u00e7\u00f5es - PORTAL DE NOT\u00cdCIAS CLEITON PINHEIRO","isPartOf":{"@id":"https:\/\/cleitonpinheiro.com.br\/site\/#website"},"primaryImageOfPage":{"@id":"https:\/\/cleitonpinheiro.com.br\/site\/presidente-da-telebras-toma-posse-como-ministro-das-comunicacoes\/#primaryimage"},"image":{"@id":"https:\/\/cleitonpinheiro.com.br\/site\/presidente-da-telebras-toma-posse-como-ministro-das-comunicacoes\/#primaryimage"},"thumbnailUrl":"https:\/\/cleitonpinheiro.com.br\/site\/wp-content\/uploads\/2025\/04\/54473633054_5f9d1b35d7_o.webp","datePublished":"2025-04-24T20:20:42+00:00","dateModified":"2025-04-24T20:20:46+00:00","breadcrumb":{"@id":"https:\/\/cleitonpinheiro.com.br\/site\/presidente-da-telebras-toma-posse-como-ministro-das-comunicacoes\/#breadcrumb"},"inLanguage":"pt-BR","potentialAction":[{"@type":"ReadAction","target":["https:\/\/cleitonpinheiro.com.br\/site\/presidente-da-telebras-toma-posse-como-ministro-das-comunicacoes\/"]}]},{"@type":"ImageObject","inLanguage":"pt-BR","@id":"https:\/\/cleitonpinheiro.com.br\/site\/presidente-da-telebras-toma-posse-como-ministro-das-comunicacoes\/#primaryimage","url":"https:\/\/cleitonpinheiro.com.br\/site\/wp-content\/uploads\/2025\/04\/54473633054_5f9d1b35d7_o.webp","contentUrl":"https:\/\/cleitonpinheiro.com.br\/site\/wp-content\/uploads\/2025\/04\/54473633054_5f9d1b35d7_o.webp","width":1170,"height":700,"caption":"\u00a9 Ricardo Stuckert\/PR"},{"@type":"BreadcrumbList","@id":"https:\/\/cleitonpinheiro.com.br\/site\/presidente-da-telebras-toma-posse-como-ministro-das-comunicacoes\/#breadcrumb","itemListElement":[{"@type":"ListItem","position":1,"name":"In\u00edcio","item":"https:\/\/cleitonpinheiro.com.br\/site\/"},{"@type":"ListItem","position":2,"name":"Presidente da Telebr\u00e1s toma posse como ministro das Comunica\u00e7\u00f5es"}]},{"@type":"WebSite","@id":"https:\/\/cleitonpinheiro.com.br\/site\/#website","url":"https:\/\/cleitonpinheiro.com.br\/site\/","name":"PORTAL DE NOT\u00cdCIAS CLEITON PINHEIRO","description":"FALANDO A VERDADE","publisher":{"@id":"https:\/\/cleitonpinheiro.com.br\/site\/#organization"},"potentialAction":[{"@type":"SearchAction","target":{"@type":"EntryPoint","urlTemplate":"https:\/\/cleitonpinheiro.com.br\/site\/?s={search_term_string}"},"query-input":{"@type":"PropertyValueSpecification","valueRequired":true,"valueName":"search_term_string"}}],"inLanguage":"pt-BR"},{"@type":"Organization","@id":"https:\/\/cleitonpinheiro.com.br\/site\/#organization","name":"CPNOT\u00cdCIAS","url":"https:\/\/cleitonpinheiro.com.br\/site\/","logo":{"@type":"ImageObject","inLanguage":"pt-BR","@id":"https:\/\/cleitonpinheiro.com.br\/site\/#\/schema\/logo\/image\/","url":"https:\/\/cleitonpinheiro.com.br\/site\/wp-content\/uploads\/2022\/08\/Logo-pequena-2.png","contentUrl":"https:\/\/cleitonpinheiro.com.br\/site\/wp-content\/uploads\/2022\/08\/Logo-pequena-2.png","width":500,"height":500,"caption":"CPNOT\u00cdCIAS"},"image":{"@id":"https:\/\/cleitonpinheiro.com.br\/site\/#\/schema\/logo\/image\/"},"sameAs":["https:\/\/www.facebook.com\/portalcpnoticias\/"]},{"@type":"Person","@id":"https:\/\/cleitonpinheiro.com.br\/site\/#\/schema\/person\/8f04544e0bc40a1b68775b08360f87db","name":"Reda\u00e7\u00e3o CP","image":{"@type":"ImageObject","inLanguage":"pt-BR","@id":"https:\/\/cleitonpinheiro.com.br\/site\/#\/schema\/person\/image\/","url":"https:\/\/secure.gravatar.com\/avatar\/0bcf19cb29fdc8fc588c490c7ae1b3e174dac268586a63fbe1d1893a0f9020cd?s=96&r=g","contentUrl":"https:\/\/secure.gravatar.com\/avatar\/0bcf19cb29fdc8fc588c490c7ae1b3e174dac268586a63fbe1d1893a0f9020cd?s=96&r=g","caption":"Reda\u00e7\u00e3o CP"},"url":"https:\/\/cleitonpinheiro.com.br\/site\/author\/redacao\/"}]}},"views":184,"_links":{"self":[{"href":"https:\/\/cleitonpinheiro.com.br\/site\/wp-json\/wp\/v2\/posts\/85317","targetHints":{"allow":["GET"]}}],"collection":[{"href":"https:\/\/cleitonpinheiro.com.br\/site\/wp-json\/wp\/v2\/posts"}],"about":[{"href":"https:\/\/cleitonpinheiro.com.br\/site\/wp-json\/wp\/v2\/types\/post"}],"author":[{"embeddable":true,"href":"https:\/\/cleitonpinheiro.com.br\/site\/wp-json\/wp\/v2\/users\/13"}],"replies":[{"embeddable":true,"href":"https:\/\/cleitonpinheiro.com.br\/site\/wp-json\/wp\/v2\/comments?post=85317"}],"version-history":[{"count":1,"href":"https:\/\/cleitonpinheiro.com.br\/site\/wp-json\/wp\/v2\/posts\/85317\/revisions"}],"predecessor-version":[{"id":85319,"href":"https:\/\/cleitonpinheiro.com.br\/site\/wp-json\/wp\/v2\/posts\/85317\/revisions\/85319"}],"wp:featuredmedia":[{"embeddable":true,"href":"https:\/\/cleitonpinheiro.com.br\/site\/wp-json\/wp\/v2\/media\/85318"}],"wp:attachment":[{"href":"https:\/\/cleitonpinheiro.com.br\/site\/wp-json\/wp\/v2\/media?parent=85317"}],"wp:term":[{"taxonomy":"category","embeddable":true,"href":"https:\/\/cleitonpinheiro.com.br\/site\/wp-json\/wp\/v2\/categories?post=85317"},{"taxonomy":"post_tag","embeddable":true,"href":"https:\/\/cleitonpinheiro.com.br\/site\/wp-json\/wp\/v2\/tags?post=85317"}],"curies":[{"name":"wp","href":"https:\/\/api.w.org\/{rel}","templated":true}]}}