{"id":85325,"date":"2025-04-24T17:33:14","date_gmt":"2025-04-24T20:33:14","guid":{"rendered":"https:\/\/cleitonpinheiro.com.br\/site\/?p=85325"},"modified":"2025-04-24T17:33:19","modified_gmt":"2025-04-24T20:33:19","slug":"prefeito-eduardo-siqueira-campos-reune-bancada-tocantinense-e-vereadores-em-jantar-inedito","status":"publish","type":"post","link":"https:\/\/cleitonpinheiro.com.br\/site\/prefeito-eduardo-siqueira-campos-reune-bancada-tocantinense-e-vereadores-em-jantar-inedito\/","title":{"rendered":"Prefeito Eduardo Siqueira Campos re\u00fane bancada tocantinense e vereadores em jantar in\u00e9dito"},"content":{"rendered":"\n<figure class=\"wp-block-image size-large\"><img fetchpriority=\"high\" decoding=\"async\" width=\"1024\" height=\"682\" src=\"https:\/\/cleitonpinheiro.com.br\/site\/wp-content\/uploads\/2025\/04\/d25f906f-1e82-4826-b11c-37b7fa87d151-1024x682.jpg\" alt=\"\" class=\"wp-image-85326\" srcset=\"https:\/\/cleitonpinheiro.com.br\/site\/wp-content\/uploads\/2025\/04\/d25f906f-1e82-4826-b11c-37b7fa87d151-1024x682.jpg 1024w, https:\/\/cleitonpinheiro.com.br\/site\/wp-content\/uploads\/2025\/04\/d25f906f-1e82-4826-b11c-37b7fa87d151-300x200.jpg 300w, https:\/\/cleitonpinheiro.com.br\/site\/wp-content\/uploads\/2025\/04\/d25f906f-1e82-4826-b11c-37b7fa87d151-768x512.jpg 768w, https:\/\/cleitonpinheiro.com.br\/site\/wp-content\/uploads\/2025\/04\/d25f906f-1e82-4826-b11c-37b7fa87d151-1536x1023.jpg 1536w, https:\/\/cleitonpinheiro.com.br\/site\/wp-content\/uploads\/2025\/04\/d25f906f-1e82-4826-b11c-37b7fa87d151.jpg 1600w\" sizes=\"(max-width: 1024px) 100vw, 1024px\" \/><\/figure>\n\n\n\n<p>Em um movimento considerado in\u00e9dito, o prefeito Eduardo Siqueira Campos promoveu um jantar de confraterniza\u00e7\u00e3o nessa quarta-feira, 23, que j\u00e1 entrou para a hist\u00f3ria pol\u00edtica tocantinense. O evento, realizado na capital federal, reuniu os tr\u00eas senadores da Rep\u00fablica (Professora Dorinha, Eduardo Gomes e Iraj\u00e1), quatro deputados federais (Vicentinho J\u00fanior, Felipe Martins, Eli Borges e Toinho Andrade) e 11 vereadores de Palmas, marcando simbolicamente a reta final para a destina\u00e7\u00e3o das emendas parlamentares de 2025.<\/p>\n\n\n\n<p>Mais do que uma confraterniza\u00e7\u00e3o, o jantar teve car\u00e1ter institucional e rendeu frutos concretos. Emendas parlamentares foram assinadas ali mesmo, em meio aos discursos de unidade e compromisso com o desenvolvimento de Palmas. Parlamentares anunciaram que o volume de recursos garantidos neste ano ser\u00e1 o maior j\u00e1 conquistado pela capital em toda a sua hist\u00f3ria.<\/p>\n\n\n\n<p>\u201c\u00c9 algo que queremos estabelecer na pol\u00edtica tocantinense: reunir a bancada federal presente em Bras\u00edlia, junto com a maioria dos vereadores, num clima de compromisso com os interesses da popula\u00e7\u00e3o. Foi um momento marcante\u201d, disse Eduardo Siqueira Campos.<\/p>\n\n\n\n<p>O presidente da C\u00e2mara de Vereadores de Palmas, Marilon Barbosa, esteve acompanhado de outros dez parlamentares municipais. Outros dez, embora convidados, n\u00e3o puderam comparecer por motivos diversos, mas manifestaram apoio \u00e0 iniciativa.<\/p>\n\n\n\n<p>A a\u00e7\u00e3o coordenada do prefeito Eduardo Siqueira Campos foi vista como uma demonstra\u00e7\u00e3o de sua habilidade pol\u00edtica e capacidade de articula\u00e7\u00e3o, mas tamb\u00e9m de humildade e perseveran\u00e7a na busca de apoio para Palmas.<\/p>\n\n\n\n<p>Ap\u00f3s mais de uma d\u00e9cada sem uma atua\u00e7\u00e3o proativa na busca de recursos federais, Palmas volta a se posicionar no cen\u00e1rio nacional com for\u00e7a, prest\u00edgio e, principalmente, resultados. A expectativa \u00e9 que as emendas assinadas tragam investimentos robustos em \u00e1reas como sa\u00fade, educa\u00e7\u00e3o, infraestrutura e seguran\u00e7a p\u00fablica.<\/p>\n\n\n\n<p>Com essa articula\u00e7\u00e3o in\u00e9dita, Eduardo Siqueira Campos refor\u00e7a que \u201co protagonismo \u00e9 inteiramente de Palmas, dos vereadores e, principalmente, da bancada federal. Estaremos sempre juntos com a Associa\u00e7\u00e3o Tocantinense de Munic\u00edpios no fortalecimento do municipalismo, mas Palmas tem que saber ocupar o seu espa\u00e7o pol\u00edtico e socioecon\u00f4mico\u201d, completou o prefeito da capital.<\/p>\n\n\n\n<p>A capital tocantinense, antes ausente dos corredores de Bras\u00edlia, agora volta a ocupar seu espa\u00e7o \u2014 desta vez, com toda a bancada tocantinense participando ativamente!<\/p>\n","protected":false},"excerpt":{"rendered":"<p>Em um movimento considerado in\u00e9dito, o prefeito Eduardo Siqueira Campos promoveu um jantar de confraterniza\u00e7\u00e3o nessa quarta-feira, 23, que j\u00e1 entrou para a hist\u00f3ria pol\u00edtica tocantinense. O evento, realizado na capital federal, reuniu os tr\u00eas senadores da Rep\u00fablica (Professora Dorinha, Eduardo Gomes e Iraj\u00e1), quatro deputados federais (Vicentinho J\u00fanior, Felipe Martins, Eli Borges e Toinho [&hellip;]<\/p>\n","protected":false},"author":13,"featured_media":85326,"comment_status":"open","ping_status":"open","sticky":false,"template":"","format":"standard","meta":{"_acf_changed":false,"footnotes":""},"categories":[898,23,21],"tags":[1403,155,1402,720],"class_list":["post-85325","post","type-post","status-publish","format-standard","has-post-thumbnail","hentry","category-manchete-segundaria","category-politica","category-todas-noticias","tag-bancada-federal","tag-brasilia","tag-eduardo-siqueira","tag-prefeitura-de-palmas"],"acf":[],"yoast_head":"<!-- This site is optimized with the Yoast SEO plugin v24.4 - https:\/\/yoast.com\/wordpress\/plugins\/seo\/ -->\n<title>Prefeito Eduardo Siqueira Campos re\u00fane bancada tocantinense e vereadores em jantar in\u00e9dito - PORTAL DE NOT\u00cdCIAS CLEITON PINHEIRO<\/title>\n<meta name=\"robots\" content=\"index, follow, max-snippet:-1, max-image-preview:large, max-video-preview:-1\" \/>\n<link rel=\"canonical\" href=\"https:\/\/cleitonpinheiro.com.br\/site\/prefeito-eduardo-siqueira-campos-reune-bancada-tocantinense-e-vereadores-em-jantar-inedito\/\" \/>\n<meta property=\"og:locale\" content=\"pt_BR\" \/>\n<meta property=\"og:type\" content=\"article\" \/>\n<meta property=\"og:title\" content=\"Prefeito Eduardo Siqueira Campos re\u00fane bancada tocantinense e vereadores em jantar in\u00e9dito - PORTAL DE NOT\u00cdCIAS CLEITON PINHEIRO\" \/>\n<meta property=\"og:description\" content=\"Em um movimento considerado in\u00e9dito, o prefeito Eduardo Siqueira Campos promoveu um jantar de confraterniza\u00e7\u00e3o nessa quarta-feira, 23, que j\u00e1 entrou para a hist\u00f3ria pol\u00edtica tocantinense. O evento, realizado na capital federal, reuniu os tr\u00eas senadores da Rep\u00fablica (Professora Dorinha, Eduardo Gomes e Iraj\u00e1), quatro deputados federais (Vicentinho J\u00fanior, Felipe Martins, Eli Borges e Toinho [&hellip;]\" \/>\n<meta property=\"og:url\" content=\"https:\/\/cleitonpinheiro.com.br\/site\/prefeito-eduardo-siqueira-campos-reune-bancada-tocantinense-e-vereadores-em-jantar-inedito\/\" \/>\n<meta property=\"og:site_name\" content=\"PORTAL DE NOT\u00cdCIAS CLEITON PINHEIRO\" \/>\n<meta property=\"article:publisher\" content=\"https:\/\/www.facebook.com\/portalcpnoticias\/\" \/>\n<meta property=\"article:published_time\" content=\"2025-04-24T20:33:14+00:00\" \/>\n<meta property=\"article:modified_time\" content=\"2025-04-24T20:33:19+00:00\" \/>\n<meta property=\"og:image\" content=\"https:\/\/cleitonpinheiro.com.br\/site\/wp-content\/uploads\/2025\/04\/d25f906f-1e82-4826-b11c-37b7fa87d151.jpg\" \/>\n\t<meta property=\"og:image:width\" content=\"1600\" \/>\n\t<meta property=\"og:image:height\" content=\"1066\" \/>\n\t<meta property=\"og:image:type\" content=\"image\/jpeg\" \/>\n<meta name=\"author\" content=\"Reda\u00e7\u00e3o CP\" \/>\n<meta name=\"twitter:card\" content=\"summary_large_image\" \/>\n<meta name=\"twitter:label1\" content=\"Escrito por\" \/>\n\t<meta name=\"twitter:data1\" content=\"Reda\u00e7\u00e3o CP\" \/>\n\t<meta name=\"twitter:label2\" content=\"Est. tempo de leitura\" \/>\n\t<meta name=\"twitter:data2\" content=\"3 minutos\" \/>\n<script type=\"application\/ld+json\" class=\"yoast-schema-graph\">{\"@context\":\"https:\/\/schema.org\",\"@graph\":[{\"@type\":\"Article\",\"@id\":\"https:\/\/cleitonpinheiro.com.br\/site\/prefeito-eduardo-siqueira-campos-reune-bancada-tocantinense-e-vereadores-em-jantar-inedito\/#article\",\"isPartOf\":{\"@id\":\"https:\/\/cleitonpinheiro.com.br\/site\/prefeito-eduardo-siqueira-campos-reune-bancada-tocantinense-e-vereadores-em-jantar-inedito\/\"},\"author\":{\"name\":\"Reda\u00e7\u00e3o CP\",\"@id\":\"https:\/\/cleitonpinheiro.com.br\/site\/#\/schema\/person\/8f04544e0bc40a1b68775b08360f87db\"},\"headline\":\"Prefeito Eduardo Siqueira Campos re\u00fane bancada tocantinense e vereadores em jantar in\u00e9dito\",\"datePublished\":\"2025-04-24T20:33:14+00:00\",\"dateModified\":\"2025-04-24T20:33:19+00:00\",\"mainEntityOfPage\":{\"@id\":\"https:\/\/cleitonpinheiro.com.br\/site\/prefeito-eduardo-siqueira-campos-reune-bancada-tocantinense-e-vereadores-em-jantar-inedito\/\"},\"wordCount\":404,\"commentCount\":0,\"publisher\":{\"@id\":\"https:\/\/cleitonpinheiro.com.br\/site\/#organization\"},\"image\":{\"@id\":\"https:\/\/cleitonpinheiro.com.br\/site\/prefeito-eduardo-siqueira-campos-reune-bancada-tocantinense-e-vereadores-em-jantar-inedito\/#primaryimage\"},\"thumbnailUrl\":\"https:\/\/cleitonpinheiro.com.br\/site\/wp-content\/uploads\/2025\/04\/d25f906f-1e82-4826-b11c-37b7fa87d151.jpg\",\"keywords\":[\"bancada federal\",\"Bras\u00edlia\",\"Eduardo Siqueira\",\"Prefeitura de Palmas\"],\"articleSection\":[\"MANCHETE SEGUND\u00c1RIA\",\"POL\u00cdTICA\",\"TODAS NOTICIAS\"],\"inLanguage\":\"pt-BR\",\"potentialAction\":[{\"@type\":\"CommentAction\",\"name\":\"Comment\",\"target\":[\"https:\/\/cleitonpinheiro.com.br\/site\/prefeito-eduardo-siqueira-campos-reune-bancada-tocantinense-e-vereadores-em-jantar-inedito\/#respond\"]}]},{\"@type\":\"WebPage\",\"@id\":\"https:\/\/cleitonpinheiro.com.br\/site\/prefeito-eduardo-siqueira-campos-reune-bancada-tocantinense-e-vereadores-em-jantar-inedito\/\",\"url\":\"https:\/\/cleitonpinheiro.com.br\/site\/prefeito-eduardo-siqueira-campos-reune-bancada-tocantinense-e-vereadores-em-jantar-inedito\/\",\"name\":\"Prefeito Eduardo Siqueira Campos re\u00fane bancada tocantinense e vereadores em jantar in\u00e9dito - PORTAL DE NOT\u00cdCIAS CLEITON PINHEIRO\",\"isPartOf\":{\"@id\":\"https:\/\/cleitonpinheiro.com.br\/site\/#website\"},\"primaryImageOfPage\":{\"@id\":\"https:\/\/cleitonpinheiro.com.br\/site\/prefeito-eduardo-siqueira-campos-reune-bancada-tocantinense-e-vereadores-em-jantar-inedito\/#primaryimage\"},\"image\":{\"@id\":\"https:\/\/cleitonpinheiro.com.br\/site\/prefeito-eduardo-siqueira-campos-reune-bancada-tocantinense-e-vereadores-em-jantar-inedito\/#primaryimage\"},\"thumbnailUrl\":\"https:\/\/cleitonpinheiro.com.br\/site\/wp-content\/uploads\/2025\/04\/d25f906f-1e82-4826-b11c-37b7fa87d151.jpg\",\"datePublished\":\"2025-04-24T20:33:14+00:00\",\"dateModified\":\"2025-04-24T20:33:19+00:00\",\"breadcrumb\":{\"@id\":\"https:\/\/cleitonpinheiro.com.br\/site\/prefeito-eduardo-siqueira-campos-reune-bancada-tocantinense-e-vereadores-em-jantar-inedito\/#breadcrumb\"},\"inLanguage\":\"pt-BR\",\"potentialAction\":[{\"@type\":\"ReadAction\",\"target\":[\"https:\/\/cleitonpinheiro.com.br\/site\/prefeito-eduardo-siqueira-campos-reune-bancada-tocantinense-e-vereadores-em-jantar-inedito\/\"]}]},{\"@type\":\"ImageObject\",\"inLanguage\":\"pt-BR\",\"@id\":\"https:\/\/cleitonpinheiro.com.br\/site\/prefeito-eduardo-siqueira-campos-reune-bancada-tocantinense-e-vereadores-em-jantar-inedito\/#primaryimage\",\"url\":\"https:\/\/cleitonpinheiro.com.br\/site\/wp-content\/uploads\/2025\/04\/d25f906f-1e82-4826-b11c-37b7fa87d151.jpg\",\"contentUrl\":\"https:\/\/cleitonpinheiro.com.br\/site\/wp-content\/uploads\/2025\/04\/d25f906f-1e82-4826-b11c-37b7fa87d151.jpg\",\"width\":1600,\"height\":1066},{\"@type\":\"BreadcrumbList\",\"@id\":\"https:\/\/cleitonpinheiro.com.br\/site\/prefeito-eduardo-siqueira-campos-reune-bancada-tocantinense-e-vereadores-em-jantar-inedito\/#breadcrumb\",\"itemListElement\":[{\"@type\":\"ListItem\",\"position\":1,\"name\":\"In\u00edcio\",\"item\":\"https:\/\/cleitonpinheiro.com.br\/site\/\"},{\"@type\":\"ListItem\",\"position\":2,\"name\":\"Prefeito Eduardo Siqueira Campos re\u00fane bancada tocantinense e vereadores em jantar in\u00e9dito\"}]},{\"@type\":\"WebSite\",\"@id\":\"https:\/\/cleitonpinheiro.com.br\/site\/#website\",\"url\":\"https:\/\/cleitonpinheiro.com.br\/site\/\",\"name\":\"PORTAL DE NOT\u00cdCIAS CLEITON PINHEIRO\",\"description\":\"FALANDO A VERDADE\",\"publisher\":{\"@id\":\"https:\/\/cleitonpinheiro.com.br\/site\/#organization\"},\"potentialAction\":[{\"@type\":\"SearchAction\",\"target\":{\"@type\":\"EntryPoint\",\"urlTemplate\":\"https:\/\/cleitonpinheiro.com.br\/site\/?s={search_term_string}\"},\"query-input\":{\"@type\":\"PropertyValueSpecification\",\"valueRequired\":true,\"valueName\":\"search_term_string\"}}],\"inLanguage\":\"pt-BR\"},{\"@type\":\"Organization\",\"@id\":\"https:\/\/cleitonpinheiro.com.br\/site\/#organization\",\"name\":\"CPNOT\u00cdCIAS\",\"url\":\"https:\/\/cleitonpinheiro.com.br\/site\/\",\"logo\":{\"@type\":\"ImageObject\",\"inLanguage\":\"pt-BR\",\"@id\":\"https:\/\/cleitonpinheiro.com.br\/site\/#\/schema\/logo\/image\/\",\"url\":\"https:\/\/cleitonpinheiro.com.br\/site\/wp-content\/uploads\/2022\/08\/Logo-pequena-2.png\",\"contentUrl\":\"https:\/\/cleitonpinheiro.com.br\/site\/wp-content\/uploads\/2022\/08\/Logo-pequena-2.png\",\"width\":500,\"height\":500,\"caption\":\"CPNOT\u00cdCIAS\"},\"image\":{\"@id\":\"https:\/\/cleitonpinheiro.com.br\/site\/#\/schema\/logo\/image\/\"},\"sameAs\":[\"https:\/\/www.facebook.com\/portalcpnoticias\/\"]},{\"@type\":\"Person\",\"@id\":\"https:\/\/cleitonpinheiro.com.br\/site\/#\/schema\/person\/8f04544e0bc40a1b68775b08360f87db\",\"name\":\"Reda\u00e7\u00e3o CP\",\"image\":{\"@type\":\"ImageObject\",\"inLanguage\":\"pt-BR\",\"@id\":\"https:\/\/cleitonpinheiro.com.br\/site\/#\/schema\/person\/image\/\",\"url\":\"https:\/\/secure.gravatar.com\/avatar\/0bcf19cb29fdc8fc588c490c7ae1b3e174dac268586a63fbe1d1893a0f9020cd?s=96&r=g\",\"contentUrl\":\"https:\/\/secure.gravatar.com\/avatar\/0bcf19cb29fdc8fc588c490c7ae1b3e174dac268586a63fbe1d1893a0f9020cd?s=96&r=g\",\"caption\":\"Reda\u00e7\u00e3o CP\"},\"url\":\"https:\/\/cleitonpinheiro.com.br\/site\/author\/redacao\/\"}]}<\/script>\n<!-- \/ Yoast SEO plugin. -->","yoast_head_json":{"title":"Prefeito Eduardo Siqueira Campos re\u00fane bancada tocantinense e vereadores em jantar in\u00e9dito - PORTAL DE NOT\u00cdCIAS CLEITON PINHEIRO","robots":{"index":"index","follow":"follow","max-snippet":"max-snippet:-1","max-image-preview":"max-image-preview:large","max-video-preview":"max-video-preview:-1"},"canonical":"https:\/\/cleitonpinheiro.com.br\/site\/prefeito-eduardo-siqueira-campos-reune-bancada-tocantinense-e-vereadores-em-jantar-inedito\/","og_locale":"pt_BR","og_type":"article","og_title":"Prefeito Eduardo Siqueira Campos re\u00fane bancada tocantinense e vereadores em jantar in\u00e9dito - PORTAL DE NOT\u00cdCIAS CLEITON PINHEIRO","og_description":"Em um movimento considerado in\u00e9dito, o prefeito Eduardo Siqueira Campos promoveu um jantar de confraterniza\u00e7\u00e3o nessa quarta-feira, 23, que j\u00e1 entrou para a hist\u00f3ria pol\u00edtica tocantinense. O evento, realizado na capital federal, reuniu os tr\u00eas senadores da Rep\u00fablica (Professora Dorinha, Eduardo Gomes e Iraj\u00e1), quatro deputados federais (Vicentinho J\u00fanior, Felipe Martins, Eli Borges e Toinho [&hellip;]","og_url":"https:\/\/cleitonpinheiro.com.br\/site\/prefeito-eduardo-siqueira-campos-reune-bancada-tocantinense-e-vereadores-em-jantar-inedito\/","og_site_name":"PORTAL DE NOT\u00cdCIAS CLEITON PINHEIRO","article_publisher":"https:\/\/www.facebook.com\/portalcpnoticias\/","article_published_time":"2025-04-24T20:33:14+00:00","article_modified_time":"2025-04-24T20:33:19+00:00","og_image":[{"width":1600,"height":1066,"url":"https:\/\/cleitonpinheiro.com.br\/site\/wp-content\/uploads\/2025\/04\/d25f906f-1e82-4826-b11c-37b7fa87d151.jpg","type":"image\/jpeg"}],"author":"Reda\u00e7\u00e3o CP","twitter_card":"summary_large_image","twitter_misc":{"Escrito por":"Reda\u00e7\u00e3o CP","Est. tempo de leitura":"3 minutos"},"schema":{"@context":"https:\/\/schema.org","@graph":[{"@type":"Article","@id":"https:\/\/cleitonpinheiro.com.br\/site\/prefeito-eduardo-siqueira-campos-reune-bancada-tocantinense-e-vereadores-em-jantar-inedito\/#article","isPartOf":{"@id":"https:\/\/cleitonpinheiro.com.br\/site\/prefeito-eduardo-siqueira-campos-reune-bancada-tocantinense-e-vereadores-em-jantar-inedito\/"},"author":{"name":"Reda\u00e7\u00e3o CP","@id":"https:\/\/cleitonpinheiro.com.br\/site\/#\/schema\/person\/8f04544e0bc40a1b68775b08360f87db"},"headline":"Prefeito Eduardo Siqueira Campos re\u00fane bancada tocantinense e vereadores em jantar in\u00e9dito","datePublished":"2025-04-24T20:33:14+00:00","dateModified":"2025-04-24T20:33:19+00:00","mainEntityOfPage":{"@id":"https:\/\/cleitonpinheiro.com.br\/site\/prefeito-eduardo-siqueira-campos-reune-bancada-tocantinense-e-vereadores-em-jantar-inedito\/"},"wordCount":404,"commentCount":0,"publisher":{"@id":"https:\/\/cleitonpinheiro.com.br\/site\/#organization"},"image":{"@id":"https:\/\/cleitonpinheiro.com.br\/site\/prefeito-eduardo-siqueira-campos-reune-bancada-tocantinense-e-vereadores-em-jantar-inedito\/#primaryimage"},"thumbnailUrl":"https:\/\/cleitonpinheiro.com.br\/site\/wp-content\/uploads\/2025\/04\/d25f906f-1e82-4826-b11c-37b7fa87d151.jpg","keywords":["bancada federal","Bras\u00edlia","Eduardo Siqueira","Prefeitura de Palmas"],"articleSection":["MANCHETE SEGUND\u00c1RIA","POL\u00cdTICA","TODAS NOTICIAS"],"inLanguage":"pt-BR","potentialAction":[{"@type":"CommentAction","name":"Comment","target":["https:\/\/cleitonpinheiro.com.br\/site\/prefeito-eduardo-siqueira-campos-reune-bancada-tocantinense-e-vereadores-em-jantar-inedito\/#respond"]}]},{"@type":"WebPage","@id":"https:\/\/cleitonpinheiro.com.br\/site\/prefeito-eduardo-siqueira-campos-reune-bancada-tocantinense-e-vereadores-em-jantar-inedito\/","url":"https:\/\/cleitonpinheiro.com.br\/site\/prefeito-eduardo-siqueira-campos-reune-bancada-tocantinense-e-vereadores-em-jantar-inedito\/","name":"Prefeito Eduardo Siqueira Campos re\u00fane bancada tocantinense e vereadores em jantar in\u00e9dito - PORTAL DE NOT\u00cdCIAS CLEITON PINHEIRO","isPartOf":{"@id":"https:\/\/cleitonpinheiro.com.br\/site\/#website"},"primaryImageOfPage":{"@id":"https:\/\/cleitonpinheiro.com.br\/site\/prefeito-eduardo-siqueira-campos-reune-bancada-tocantinense-e-vereadores-em-jantar-inedito\/#primaryimage"},"image":{"@id":"https:\/\/cleitonpinheiro.com.br\/site\/prefeito-eduardo-siqueira-campos-reune-bancada-tocantinense-e-vereadores-em-jantar-inedito\/#primaryimage"},"thumbnailUrl":"https:\/\/cleitonpinheiro.com.br\/site\/wp-content\/uploads\/2025\/04\/d25f906f-1e82-4826-b11c-37b7fa87d151.jpg","datePublished":"2025-04-24T20:33:14+00:00","dateModified":"2025-04-24T20:33:19+00:00","breadcrumb":{"@id":"https:\/\/cleitonpinheiro.com.br\/site\/prefeito-eduardo-siqueira-campos-reune-bancada-tocantinense-e-vereadores-em-jantar-inedito\/#breadcrumb"},"inLanguage":"pt-BR","potentialAction":[{"@type":"ReadAction","target":["https:\/\/cleitonpinheiro.com.br\/site\/prefeito-eduardo-siqueira-campos-reune-bancada-tocantinense-e-vereadores-em-jantar-inedito\/"]}]},{"@type":"ImageObject","inLanguage":"pt-BR","@id":"https:\/\/cleitonpinheiro.com.br\/site\/prefeito-eduardo-siqueira-campos-reune-bancada-tocantinense-e-vereadores-em-jantar-inedito\/#primaryimage","url":"https:\/\/cleitonpinheiro.com.br\/site\/wp-content\/uploads\/2025\/04\/d25f906f-1e82-4826-b11c-37b7fa87d151.jpg","contentUrl":"https:\/\/cleitonpinheiro.com.br\/site\/wp-content\/uploads\/2025\/04\/d25f906f-1e82-4826-b11c-37b7fa87d151.jpg","width":1600,"height":1066},{"@type":"BreadcrumbList","@id":"https:\/\/cleitonpinheiro.com.br\/site\/prefeito-eduardo-siqueira-campos-reune-bancada-tocantinense-e-vereadores-em-jantar-inedito\/#breadcrumb","itemListElement":[{"@type":"ListItem","position":1,"name":"In\u00edcio","item":"https:\/\/cleitonpinheiro.com.br\/site\/"},{"@type":"ListItem","position":2,"name":"Prefeito Eduardo Siqueira Campos re\u00fane bancada tocantinense e vereadores em jantar in\u00e9dito"}]},{"@type":"WebSite","@id":"https:\/\/cleitonpinheiro.com.br\/site\/#website","url":"https:\/\/cleitonpinheiro.com.br\/site\/","name":"PORTAL DE NOT\u00cdCIAS CLEITON PINHEIRO","description":"FALANDO A VERDADE","publisher":{"@id":"https:\/\/cleitonpinheiro.com.br\/site\/#organization"},"potentialAction":[{"@type":"SearchAction","target":{"@type":"EntryPoint","urlTemplate":"https:\/\/cleitonpinheiro.com.br\/site\/?s={search_term_string}"},"query-input":{"@type":"PropertyValueSpecification","valueRequired":true,"valueName":"search_term_string"}}],"inLanguage":"pt-BR"},{"@type":"Organization","@id":"https:\/\/cleitonpinheiro.com.br\/site\/#organization","name":"CPNOT\u00cdCIAS","url":"https:\/\/cleitonpinheiro.com.br\/site\/","logo":{"@type":"ImageObject","inLanguage":"pt-BR","@id":"https:\/\/cleitonpinheiro.com.br\/site\/#\/schema\/logo\/image\/","url":"https:\/\/cleitonpinheiro.com.br\/site\/wp-content\/uploads\/2022\/08\/Logo-pequena-2.png","contentUrl":"https:\/\/cleitonpinheiro.com.br\/site\/wp-content\/uploads\/2022\/08\/Logo-pequena-2.png","width":500,"height":500,"caption":"CPNOT\u00cdCIAS"},"image":{"@id":"https:\/\/cleitonpinheiro.com.br\/site\/#\/schema\/logo\/image\/"},"sameAs":["https:\/\/www.facebook.com\/portalcpnoticias\/"]},{"@type":"Person","@id":"https:\/\/cleitonpinheiro.com.br\/site\/#\/schema\/person\/8f04544e0bc40a1b68775b08360f87db","name":"Reda\u00e7\u00e3o CP","image":{"@type":"ImageObject","inLanguage":"pt-BR","@id":"https:\/\/cleitonpinheiro.com.br\/site\/#\/schema\/person\/image\/","url":"https:\/\/secure.gravatar.com\/avatar\/0bcf19cb29fdc8fc588c490c7ae1b3e174dac268586a63fbe1d1893a0f9020cd?s=96&r=g","contentUrl":"https:\/\/secure.gravatar.com\/avatar\/0bcf19cb29fdc8fc588c490c7ae1b3e174dac268586a63fbe1d1893a0f9020cd?s=96&r=g","caption":"Reda\u00e7\u00e3o CP"},"url":"https:\/\/cleitonpinheiro.com.br\/site\/author\/redacao\/"}]}},"views":170,"_links":{"self":[{"href":"https:\/\/cleitonpinheiro.com.br\/site\/wp-json\/wp\/v2\/posts\/85325","targetHints":{"allow":["GET"]}}],"collection":[{"href":"https:\/\/cleitonpinheiro.com.br\/site\/wp-json\/wp\/v2\/posts"}],"about":[{"href":"https:\/\/cleitonpinheiro.com.br\/site\/wp-json\/wp\/v2\/types\/post"}],"author":[{"embeddable":true,"href":"https:\/\/cleitonpinheiro.com.br\/site\/wp-json\/wp\/v2\/users\/13"}],"replies":[{"embeddable":true,"href":"https:\/\/cleitonpinheiro.com.br\/site\/wp-json\/wp\/v2\/comments?post=85325"}],"version-history":[{"count":1,"href":"https:\/\/cleitonpinheiro.com.br\/site\/wp-json\/wp\/v2\/posts\/85325\/revisions"}],"predecessor-version":[{"id":85327,"href":"https:\/\/cleitonpinheiro.com.br\/site\/wp-json\/wp\/v2\/posts\/85325\/revisions\/85327"}],"wp:featuredmedia":[{"embeddable":true,"href":"https:\/\/cleitonpinheiro.com.br\/site\/wp-json\/wp\/v2\/media\/85326"}],"wp:attachment":[{"href":"https:\/\/cleitonpinheiro.com.br\/site\/wp-json\/wp\/v2\/media?parent=85325"}],"wp:term":[{"taxonomy":"category","embeddable":true,"href":"https:\/\/cleitonpinheiro.com.br\/site\/wp-json\/wp\/v2\/categories?post=85325"},{"taxonomy":"post_tag","embeddable":true,"href":"https:\/\/cleitonpinheiro.com.br\/site\/wp-json\/wp\/v2\/tags?post=85325"}],"curies":[{"name":"wp","href":"https:\/\/api.w.org\/{rel}","templated":true}]}}