{"id":85328,"date":"2025-04-24T10:38:00","date_gmt":"2025-04-24T13:38:00","guid":{"rendered":"https:\/\/cleitonpinheiro.com.br\/site\/?p=85328"},"modified":"2025-04-24T17:40:45","modified_gmt":"2025-04-24T20:40:45","slug":"governador-wanderlei-barbosa-promove-mais-de-1-200-policiais-militares-com-a-medalha-tiradentes","status":"publish","type":"post","link":"https:\/\/cleitonpinheiro.com.br\/site\/governador-wanderlei-barbosa-promove-mais-de-1-200-policiais-militares-com-a-medalha-tiradentes\/","title":{"rendered":"Governador Wanderlei Barbosa promove mais de 1.200 policiais militares com a Medalha Tiradentes"},"content":{"rendered":"\n<figure class=\"wp-block-image size-large\"><img fetchpriority=\"high\" decoding=\"async\" width=\"1024\" height=\"585\" src=\"https:\/\/cleitonpinheiro.com.br\/site\/wp-content\/uploads\/2025\/04\/F1-Governador-Wanderlei-Barbosa-promove-mais-de-1.200-policiais-militares-em-celebracao-historica.-Foto-Marcio-Vieira-Governo-do-Tocantins-1024x585.jpg\" alt=\"\" class=\"wp-image-85329\" srcset=\"https:\/\/cleitonpinheiro.com.br\/site\/wp-content\/uploads\/2025\/04\/F1-Governador-Wanderlei-Barbosa-promove-mais-de-1.200-policiais-militares-em-celebracao-historica.-Foto-Marcio-Vieira-Governo-do-Tocantins-1024x585.jpg 1024w, https:\/\/cleitonpinheiro.com.br\/site\/wp-content\/uploads\/2025\/04\/F1-Governador-Wanderlei-Barbosa-promove-mais-de-1.200-policiais-militares-em-celebracao-historica.-Foto-Marcio-Vieira-Governo-do-Tocantins-300x171.jpg 300w, https:\/\/cleitonpinheiro.com.br\/site\/wp-content\/uploads\/2025\/04\/F1-Governador-Wanderlei-Barbosa-promove-mais-de-1.200-policiais-militares-em-celebracao-historica.-Foto-Marcio-Vieira-Governo-do-Tocantins-768x439.jpg 768w, https:\/\/cleitonpinheiro.com.br\/site\/wp-content\/uploads\/2025\/04\/F1-Governador-Wanderlei-Barbosa-promove-mais-de-1.200-policiais-militares-em-celebracao-historica.-Foto-Marcio-Vieira-Governo-do-Tocantins-1536x878.jpg 1536w, https:\/\/cleitonpinheiro.com.br\/site\/wp-content\/uploads\/2025\/04\/F1-Governador-Wanderlei-Barbosa-promove-mais-de-1.200-policiais-militares-em-celebracao-historica.-Foto-Marcio-Vieira-Governo-do-Tocantins-2048x1170.jpg 2048w\" sizes=\"(max-width: 1024px) 100vw, 1024px\" \/><figcaption class=\"wp-element-caption\">Marcio Vieira\/Governo do Tocantins<\/figcaption><\/figure>\n\n\n\n<p>Em dia de celebra\u00e7\u00e3o, o governador Wanderlei Barbosa concedeu nesta quarta-feira, 23, promo\u00e7\u00f5es a mais de 1.200 policiais militares, entre pra\u00e7as e oficiais, e homenageou homens e mulheres da Corpora\u00e7\u00e3o, al\u00e9m de civis, com a Medalha Tiradentes. A solenidade ocorreu no p\u00e1tio do Quartel do Comando-Geral (QCG) da Pol\u00edcia Militar do Tocantins (PMTO) e marcou mais um momento importante na valoriza\u00e7\u00e3o da categoria.<\/p>\n\n\n\n<p>Em seu discurso, o governador Wanderlei Barbosa parabenizou a Corpora\u00e7\u00e3o, destacando o empenho do Governo do Tocantins na valoriza\u00e7\u00e3o da Pol\u00edcia Militar, que tanto contribui para a seguran\u00e7a do estado. \u201cPromover mais de 1.200 militares e entregar medalhas de reconhecimento \u00e9 uma grande satisfa\u00e7\u00e3o para mim. Nosso governo tem garantido tranquilidade \u00e0 Pol\u00edcia Militar, seus integrantes e suas fam\u00edlias, corrigindo injusti\u00e7as do passado e valorizando quem serve com dedica\u00e7\u00e3o. Fico feliz em reconhecer esses homens e mulheres que se dedicam diariamente \u00e0 seguran\u00e7a do nosso Tocantins. Nada mais justo do que homenage\u00e1-los por esse compromisso com a ordem e com o povo tocantinense\u201d, afirmou o governador.<\/p>\n\n\n\n<p>O comandante-geral da PMTO, coronel M\u00e1rcio Ant\u00f4nio Barbosa, ressaltou a magnitude do momento, em meio a v\u00e1rias realiza\u00e7\u00f5es da Pol\u00edcia Militar para a sociedade tocantinense, no qual o quantitativo de condecorados representa um marco para a hist\u00f3ria da PM no Tocantins. \u201cNa data de hoje&nbsp;<em>[quarta, 23],&nbsp;<\/em>em que comemoramos, alusivamente, o Dia de Tiradentes&nbsp;<em>[21 de abril]<\/em>, nosso patrono, temos a honra de celebrar uma das maiores conquistas da hist\u00f3ria da Pol\u00edcia Militar do Tocantins. S\u00e3o 1.224 promo\u00e7\u00f5es, reconhecendo e valorizando o trabalho dos nossos profissionais. Tamb\u00e9m entregamos mais de tr\u00eas mil medalhas de condecora\u00e7\u00e3o, algo in\u00e9dito\u201d, comentou o coronel Barbosa.<\/p>\n\n\n\n<p>A promo\u00e7\u00e3o dos policiais militares do Tocantins segue a Lei n\u00ba 2.575\/2012, que concede a ascens\u00e3o baseada em dois crit\u00e9rios: por merecimento \u2014 quando s\u00e3o avaliados desempenho, tempo de servi\u00e7o e cursos realizados \u2014; e por antiguidade, quando o militar n\u00e3o preenche os requisitos de merecimento, mas cumpre o tempo m\u00ednimo no posto.<\/p>\n\n\n\n<p><strong>Promo\u00e7\u00f5es<\/strong><\/p>\n\n\n\n<p>A Pol\u00edcia Militar do Tocantins promoveu um total de 1.224 militares em diferentes n\u00edveis hier\u00e1rquicos, sendo 1.193 pra\u00e7as e 31 oficiais. O maior contingente foi para o posto de 1\u00ba sargento do Quadro de Pra\u00e7as Policiais Militares (QPPM), seguido de 2\u00ba sargento QPPM e cabo QPPM. Militares tamb\u00e9m receberam a patente de 3\u00ba sargento QPPM, e oficiais foram elevados ao posto de tenente-coronel.<\/p>\n\n\n\n<p>Promovido a 3\u00ba sargento ap\u00f3s 10 anos de dedica\u00e7\u00e3o \u00e0 Corpora\u00e7\u00e3o, Duylio Lustosa Matos,&nbsp; enfatizou que cada dia valeu a pena. Ap\u00f3s uma d\u00e9cada atuando na seguran\u00e7a ostensiva, ele n\u00e3o esconde a emo\u00e7\u00e3o ao alcan\u00e7ar essa conquista. \u201cO sentimento \u00e9 de felicidade e, principalmente, de reconhecimento pelos bons servi\u00e7os prestados \u00e0 sociedade, por parte do nosso governador Wanderlei Barbosa e do nosso comandante-geral, coronel Barbosa. Ascender na carreira \u00e9 uma satisfa\u00e7\u00e3o que o militar tem\u201d, expressou o 3\u00ba Sargento.<\/p>\n\n\n\n<p>Agora 1\u00ba sargento do Quadro de Pra\u00e7as Policiais Militares, Ronaldo Pereira da Silva, refor\u00e7ou o seu compromisso com a PM, afirmando que a categoria vive um momento especial, no qual homens e mulheres s\u00e3o valorizados enquanto profissionais da seguran\u00e7a. \u201cSer promovido \u00e9 um marco na minha carreira e um grande motivo de orgulho. Isso me motiva ainda mais a seguir prestando o melhor servi\u00e7o \u00e0 sociedade, como sempre fiz. Vivemos novos tempos na Pol\u00edcia Militar do Tocantins, com valoriza\u00e7\u00e3o e reais oportunidades de ascens\u00e3o profissional\u201d, comemorou o militar.<\/p>\n\n\n\n<p><strong>Medalhas Tiradentes e de Tempo de Servi\u00e7o<\/strong><\/p>\n\n\n\n<p>Duas condecora\u00e7\u00f5es foram concedidas a civis e militares: a Medalha Tiradentes, destinada a autoridades civis, militares e eclesi\u00e1sticas que tenham prestado relevantes servi\u00e7os ao Estado ou \u00e0 Corpora\u00e7\u00e3o; e a Medalha de Tempo de Servi\u00e7o, que recompensa os bons servi\u00e7os prestados por oficiais e pra\u00e7as em servi\u00e7o ativo por 10, 20 e 30 anos. Ao todo, mais de 2.900 militares receberam a Medalha de Tempo de Servi\u00e7o.<\/p>\n\n\n\n<p>A subtenente L\u00edvia Silva Leite Murussi foi condecorada com a Medalha de Tempo de Servi\u00e7o pelos 20 anos dedicados \u00e0 Pol\u00edcia Militar. Para ela, esse \u00e9 um momento de grande emo\u00e7\u00e3o e orgulho pela trajet\u00f3ria constru\u00edda. \u201cA pol\u00edcia \u00e9 a nossa fam\u00edlia, sempre acolheu e fez com que essa nossa carreira se desenvolvesse. Me sinto honrada com a homenagem. S\u00e3o duas d\u00e9cadas me dedicando \u00e0 seguran\u00e7a do Tocantins\u201d, celebrou a subtenente.<\/p>\n\n\n\n<p>Ao receber a Medalha Tiradentes, a coronel Lorena Cavalcante ressaltou o sentimento de reconhecimento com a maior honraria da Pol\u00edcia Militar do Tocantins. \u201cO sentimento \u00e9 de honra. Me sinto muito prestigiada, porque \u00e9 um reconhecimento do comando-geral e do Governo do Tocantins por tantos anos de servi\u00e7o prestado\u201d, comentou a coronel Lorena, que faz parte da Corpora\u00e7\u00e3o h\u00e1 mais de 20 anos.<\/p>\n\n\n\n<p>A mesma emo\u00e7\u00e3o compartilha a coronel Denise Marcela Guimar\u00e3es, que tamb\u00e9m atua h\u00e1 mais de duas d\u00e9cadas na PMTO e externa a felicidade em ser condecorada com a honraria. \u201cReceber a Medalha Tiradentes \u00e9 uma imensa honra. Esse reconhecimento, concedido pelo comandante-geral e pelo governador Wanderlei Barbosa, me enche de gratid\u00e3o e refor\u00e7a ainda mais minha vontade de seguir trabalhando com dedica\u00e7\u00e3o\u201d, ressaltou a coronel Denise, que tamb\u00e9m \u00e9 secret\u00e1ria executiva da Casa Militar.<\/p>\n\n\n\n<p>Ao todo, 146 autoridades, entre civis e militares do Tocantins, al\u00e9m de representantes de outros estados, receberam a Medalha Tiradentes. Entre os homenageados est\u00e3o membros da equipe do Governo do Tocantins: Katiuscya Chaves, secret\u00e1ria executiva da Governadoria; Thomas Jefferson Gon\u00e7alves, secret\u00e1rio de Parcerias e Investimentos; Donizeth Silva, secret\u00e1rio da Fazenda; Bruno Sousa Azevedo, secret\u00e1rio de Seguran\u00e7a P\u00fablica; Atos Gomes de Ara\u00fajo, secret\u00e1rio dos Esportes e Juventude; Carlos Humberto Lima, secret\u00e1rio da Ind\u00fastria, Com\u00e9rcio e Servi\u00e7os; M\u00e1rcio Pinheiro Rodrigues, presidente da Ag\u00eancia de Transportes, Obras e Infraestrutura; Cledson Lima, presidente do Instituto Natureza do Tocantins; e Augusto Rezende, reitor da Universidade Estadual do Tocantins.<\/p>\n\n\n\n<p><strong>Novo Concurso<\/strong><\/p>\n\n\n\n<p>O Governo do Tocantins lan\u00e7ou neste ano o edital para um novo concurso da Pol\u00edcia Militar, que oferece 600 vagas para soldados \u2014 sendo 20 destinadas a m\u00fasicos \u2014, com sal\u00e1rio inicial de R$ 2.881,53, que sobe para R$ 5.763,07 ap\u00f3s o curso de forma\u00e7\u00e3o. Para o Curso de Forma\u00e7\u00e3o de Oficiais (CFO), s\u00e3o 60 vagas, exigindo diploma de n\u00edvel superior em qualquer \u00e1rea. A remunera\u00e7\u00e3o inicial \u00e9 de R$ 5.763,07, podendo chegar a R$ 10.842,13 ap\u00f3s a forma\u00e7\u00e3o. Os requisitos incluem idade entre 18 e 32 anos, altura m\u00ednima de 1,63m (homens) ou 1,60m (mulheres), al\u00e9m de ensino m\u00e9dio completo para soldados e superior para oficiais, comprovados no ato da posse.<\/p>\n\n\n\n<p>Entre as novidades deste ano est\u00e1 o fim da cota de 10% para mulheres, que agora concorrem em igualdade com os demais candidatos. O edital tamb\u00e9m reserva vagas para autodeclarados negros (10%), ind\u00edgenas (5%) e quilombolas (5%), v\u00e1lidas tanto para o Curso de Forma\u00e7\u00e3o de Pra\u00e7a (CFP) quanto para o CFO. As provas est\u00e3o marcadas para 15 de junho de 2025, com etapas que incluem testes f\u00edsicos, avalia\u00e7\u00f5es m\u00e9dicas e psicol\u00f3gicas.<\/p>\n","protected":false},"excerpt":{"rendered":"<p>Em dia de celebra\u00e7\u00e3o, o governador Wanderlei Barbosa concedeu nesta quarta-feira, 23, promo\u00e7\u00f5es a mais de 1.200 policiais militares, entre pra\u00e7as e oficiais, e homenageou homens e mulheres da Corpora\u00e7\u00e3o, al\u00e9m de civis, com a Medalha Tiradentes. A solenidade ocorreu no p\u00e1tio do Quartel do Comando-Geral (QCG) da Pol\u00edcia Militar do Tocantins (PMTO) e marcou [&hellip;]<\/p>\n","protected":false},"author":13,"featured_media":85329,"comment_status":"open","ping_status":"open","sticky":false,"template":"","format":"standard","meta":{"_acf_changed":false,"footnotes":""},"categories":[25,898,21],"tags":[],"class_list":["post-85328","post","type-post","status-publish","format-standard","has-post-thumbnail","hentry","category-funcionalismo","category-manchete-segundaria","category-todas-noticias"],"acf":[],"yoast_head":"<!-- This site is optimized with the Yoast SEO plugin v24.4 - https:\/\/yoast.com\/wordpress\/plugins\/seo\/ -->\n<title>Governador Wanderlei Barbosa promove mais de 1.200 policiais militares com a Medalha Tiradentes - PORTAL DE NOT\u00cdCIAS CLEITON PINHEIRO<\/title>\n<meta name=\"robots\" content=\"index, follow, max-snippet:-1, max-image-preview:large, max-video-preview:-1\" \/>\n<link rel=\"canonical\" href=\"https:\/\/cleitonpinheiro.com.br\/site\/governador-wanderlei-barbosa-promove-mais-de-1-200-policiais-militares-com-a-medalha-tiradentes\/\" \/>\n<meta property=\"og:locale\" content=\"pt_BR\" \/>\n<meta property=\"og:type\" content=\"article\" \/>\n<meta property=\"og:title\" content=\"Governador Wanderlei Barbosa promove mais de 1.200 policiais militares com a Medalha Tiradentes - PORTAL DE NOT\u00cdCIAS CLEITON PINHEIRO\" \/>\n<meta property=\"og:description\" content=\"Em dia de celebra\u00e7\u00e3o, o governador Wanderlei Barbosa concedeu nesta quarta-feira, 23, promo\u00e7\u00f5es a mais de 1.200 policiais militares, entre pra\u00e7as e oficiais, e homenageou homens e mulheres da Corpora\u00e7\u00e3o, al\u00e9m de civis, com a Medalha Tiradentes. A solenidade ocorreu no p\u00e1tio do Quartel do Comando-Geral (QCG) da Pol\u00edcia Militar do Tocantins (PMTO) e marcou [&hellip;]\" \/>\n<meta property=\"og:url\" content=\"https:\/\/cleitonpinheiro.com.br\/site\/governador-wanderlei-barbosa-promove-mais-de-1-200-policiais-militares-com-a-medalha-tiradentes\/\" \/>\n<meta property=\"og:site_name\" content=\"PORTAL DE NOT\u00cdCIAS CLEITON PINHEIRO\" \/>\n<meta property=\"article:publisher\" content=\"https:\/\/www.facebook.com\/portalcpnoticias\/\" \/>\n<meta property=\"article:published_time\" content=\"2025-04-24T13:38:00+00:00\" \/>\n<meta property=\"article:modified_time\" content=\"2025-04-24T20:40:45+00:00\" \/>\n<meta property=\"og:image\" content=\"https:\/\/cleitonpinheiro.com.br\/site\/wp-content\/uploads\/2025\/04\/F1-Governador-Wanderlei-Barbosa-promove-mais-de-1.200-policiais-militares-em-celebracao-historica.-Foto-Marcio-Vieira-Governo-do-Tocantins-scaled.jpg\" \/>\n\t<meta property=\"og:image:width\" content=\"2560\" \/>\n\t<meta property=\"og:image:height\" content=\"1463\" \/>\n\t<meta property=\"og:image:type\" content=\"image\/jpeg\" \/>\n<meta name=\"author\" content=\"Reda\u00e7\u00e3o CP\" \/>\n<meta name=\"twitter:card\" content=\"summary_large_image\" \/>\n<meta name=\"twitter:label1\" content=\"Escrito por\" \/>\n\t<meta name=\"twitter:data1\" content=\"Reda\u00e7\u00e3o CP\" \/>\n\t<meta name=\"twitter:label2\" content=\"Est. tempo de leitura\" \/>\n\t<meta name=\"twitter:data2\" content=\"7 minutos\" \/>\n<script type=\"application\/ld+json\" class=\"yoast-schema-graph\">{\"@context\":\"https:\/\/schema.org\",\"@graph\":[{\"@type\":\"Article\",\"@id\":\"https:\/\/cleitonpinheiro.com.br\/site\/governador-wanderlei-barbosa-promove-mais-de-1-200-policiais-militares-com-a-medalha-tiradentes\/#article\",\"isPartOf\":{\"@id\":\"https:\/\/cleitonpinheiro.com.br\/site\/governador-wanderlei-barbosa-promove-mais-de-1-200-policiais-militares-com-a-medalha-tiradentes\/\"},\"author\":{\"name\":\"Reda\u00e7\u00e3o CP\",\"@id\":\"https:\/\/cleitonpinheiro.com.br\/site\/#\/schema\/person\/8f04544e0bc40a1b68775b08360f87db\"},\"headline\":\"Governador Wanderlei Barbosa promove mais de 1.200 policiais militares com a Medalha Tiradentes\",\"datePublished\":\"2025-04-24T13:38:00+00:00\",\"dateModified\":\"2025-04-24T20:40:45+00:00\",\"mainEntityOfPage\":{\"@id\":\"https:\/\/cleitonpinheiro.com.br\/site\/governador-wanderlei-barbosa-promove-mais-de-1-200-policiais-militares-com-a-medalha-tiradentes\/\"},\"wordCount\":1225,\"commentCount\":0,\"publisher\":{\"@id\":\"https:\/\/cleitonpinheiro.com.br\/site\/#organization\"},\"image\":{\"@id\":\"https:\/\/cleitonpinheiro.com.br\/site\/governador-wanderlei-barbosa-promove-mais-de-1-200-policiais-militares-com-a-medalha-tiradentes\/#primaryimage\"},\"thumbnailUrl\":\"https:\/\/cleitonpinheiro.com.br\/site\/wp-content\/uploads\/2025\/04\/F1-Governador-Wanderlei-Barbosa-promove-mais-de-1.200-policiais-militares-em-celebracao-historica.-Foto-Marcio-Vieira-Governo-do-Tocantins-scaled.jpg\",\"articleSection\":[\"FUNCIONALISMO\",\"MANCHETE SEGUND\u00c1RIA\",\"TODAS NOTICIAS\"],\"inLanguage\":\"pt-BR\",\"potentialAction\":[{\"@type\":\"CommentAction\",\"name\":\"Comment\",\"target\":[\"https:\/\/cleitonpinheiro.com.br\/site\/governador-wanderlei-barbosa-promove-mais-de-1-200-policiais-militares-com-a-medalha-tiradentes\/#respond\"]}]},{\"@type\":\"WebPage\",\"@id\":\"https:\/\/cleitonpinheiro.com.br\/site\/governador-wanderlei-barbosa-promove-mais-de-1-200-policiais-militares-com-a-medalha-tiradentes\/\",\"url\":\"https:\/\/cleitonpinheiro.com.br\/site\/governador-wanderlei-barbosa-promove-mais-de-1-200-policiais-militares-com-a-medalha-tiradentes\/\",\"name\":\"Governador Wanderlei Barbosa promove mais de 1.200 policiais militares com a Medalha Tiradentes - PORTAL DE NOT\u00cdCIAS CLEITON PINHEIRO\",\"isPartOf\":{\"@id\":\"https:\/\/cleitonpinheiro.com.br\/site\/#website\"},\"primaryImageOfPage\":{\"@id\":\"https:\/\/cleitonpinheiro.com.br\/site\/governador-wanderlei-barbosa-promove-mais-de-1-200-policiais-militares-com-a-medalha-tiradentes\/#primaryimage\"},\"image\":{\"@id\":\"https:\/\/cleitonpinheiro.com.br\/site\/governador-wanderlei-barbosa-promove-mais-de-1-200-policiais-militares-com-a-medalha-tiradentes\/#primaryimage\"},\"thumbnailUrl\":\"https:\/\/cleitonpinheiro.com.br\/site\/wp-content\/uploads\/2025\/04\/F1-Governador-Wanderlei-Barbosa-promove-mais-de-1.200-policiais-militares-em-celebracao-historica.-Foto-Marcio-Vieira-Governo-do-Tocantins-scaled.jpg\",\"datePublished\":\"2025-04-24T13:38:00+00:00\",\"dateModified\":\"2025-04-24T20:40:45+00:00\",\"breadcrumb\":{\"@id\":\"https:\/\/cleitonpinheiro.com.br\/site\/governador-wanderlei-barbosa-promove-mais-de-1-200-policiais-militares-com-a-medalha-tiradentes\/#breadcrumb\"},\"inLanguage\":\"pt-BR\",\"potentialAction\":[{\"@type\":\"ReadAction\",\"target\":[\"https:\/\/cleitonpinheiro.com.br\/site\/governador-wanderlei-barbosa-promove-mais-de-1-200-policiais-militares-com-a-medalha-tiradentes\/\"]}]},{\"@type\":\"ImageObject\",\"inLanguage\":\"pt-BR\",\"@id\":\"https:\/\/cleitonpinheiro.com.br\/site\/governador-wanderlei-barbosa-promove-mais-de-1-200-policiais-militares-com-a-medalha-tiradentes\/#primaryimage\",\"url\":\"https:\/\/cleitonpinheiro.com.br\/site\/wp-content\/uploads\/2025\/04\/F1-Governador-Wanderlei-Barbosa-promove-mais-de-1.200-policiais-militares-em-celebracao-historica.-Foto-Marcio-Vieira-Governo-do-Tocantins-scaled.jpg\",\"contentUrl\":\"https:\/\/cleitonpinheiro.com.br\/site\/wp-content\/uploads\/2025\/04\/F1-Governador-Wanderlei-Barbosa-promove-mais-de-1.200-policiais-militares-em-celebracao-historica.-Foto-Marcio-Vieira-Governo-do-Tocantins-scaled.jpg\",\"width\":2560,\"height\":1463,\"caption\":\"Marcio Vieira\/Governo do Tocantins\"},{\"@type\":\"BreadcrumbList\",\"@id\":\"https:\/\/cleitonpinheiro.com.br\/site\/governador-wanderlei-barbosa-promove-mais-de-1-200-policiais-militares-com-a-medalha-tiradentes\/#breadcrumb\",\"itemListElement\":[{\"@type\":\"ListItem\",\"position\":1,\"name\":\"In\u00edcio\",\"item\":\"https:\/\/cleitonpinheiro.com.br\/site\/\"},{\"@type\":\"ListItem\",\"position\":2,\"name\":\"Governador Wanderlei Barbosa promove mais de 1.200 policiais militares com a Medalha Tiradentes\"}]},{\"@type\":\"WebSite\",\"@id\":\"https:\/\/cleitonpinheiro.com.br\/site\/#website\",\"url\":\"https:\/\/cleitonpinheiro.com.br\/site\/\",\"name\":\"PORTAL DE NOT\u00cdCIAS CLEITON PINHEIRO\",\"description\":\"FALANDO A VERDADE\",\"publisher\":{\"@id\":\"https:\/\/cleitonpinheiro.com.br\/site\/#organization\"},\"potentialAction\":[{\"@type\":\"SearchAction\",\"target\":{\"@type\":\"EntryPoint\",\"urlTemplate\":\"https:\/\/cleitonpinheiro.com.br\/site\/?s={search_term_string}\"},\"query-input\":{\"@type\":\"PropertyValueSpecification\",\"valueRequired\":true,\"valueName\":\"search_term_string\"}}],\"inLanguage\":\"pt-BR\"},{\"@type\":\"Organization\",\"@id\":\"https:\/\/cleitonpinheiro.com.br\/site\/#organization\",\"name\":\"CPNOT\u00cdCIAS\",\"url\":\"https:\/\/cleitonpinheiro.com.br\/site\/\",\"logo\":{\"@type\":\"ImageObject\",\"inLanguage\":\"pt-BR\",\"@id\":\"https:\/\/cleitonpinheiro.com.br\/site\/#\/schema\/logo\/image\/\",\"url\":\"https:\/\/cleitonpinheiro.com.br\/site\/wp-content\/uploads\/2022\/08\/Logo-pequena-2.png\",\"contentUrl\":\"https:\/\/cleitonpinheiro.com.br\/site\/wp-content\/uploads\/2022\/08\/Logo-pequena-2.png\",\"width\":500,\"height\":500,\"caption\":\"CPNOT\u00cdCIAS\"},\"image\":{\"@id\":\"https:\/\/cleitonpinheiro.com.br\/site\/#\/schema\/logo\/image\/\"},\"sameAs\":[\"https:\/\/www.facebook.com\/portalcpnoticias\/\"]},{\"@type\":\"Person\",\"@id\":\"https:\/\/cleitonpinheiro.com.br\/site\/#\/schema\/person\/8f04544e0bc40a1b68775b08360f87db\",\"name\":\"Reda\u00e7\u00e3o CP\",\"image\":{\"@type\":\"ImageObject\",\"inLanguage\":\"pt-BR\",\"@id\":\"https:\/\/cleitonpinheiro.com.br\/site\/#\/schema\/person\/image\/\",\"url\":\"https:\/\/secure.gravatar.com\/avatar\/0bcf19cb29fdc8fc588c490c7ae1b3e174dac268586a63fbe1d1893a0f9020cd?s=96&r=g\",\"contentUrl\":\"https:\/\/secure.gravatar.com\/avatar\/0bcf19cb29fdc8fc588c490c7ae1b3e174dac268586a63fbe1d1893a0f9020cd?s=96&r=g\",\"caption\":\"Reda\u00e7\u00e3o CP\"},\"url\":\"https:\/\/cleitonpinheiro.com.br\/site\/author\/redacao\/\"}]}<\/script>\n<!-- \/ Yoast SEO plugin. -->","yoast_head_json":{"title":"Governador Wanderlei Barbosa promove mais de 1.200 policiais militares com a Medalha Tiradentes - PORTAL DE NOT\u00cdCIAS CLEITON PINHEIRO","robots":{"index":"index","follow":"follow","max-snippet":"max-snippet:-1","max-image-preview":"max-image-preview:large","max-video-preview":"max-video-preview:-1"},"canonical":"https:\/\/cleitonpinheiro.com.br\/site\/governador-wanderlei-barbosa-promove-mais-de-1-200-policiais-militares-com-a-medalha-tiradentes\/","og_locale":"pt_BR","og_type":"article","og_title":"Governador Wanderlei Barbosa promove mais de 1.200 policiais militares com a Medalha Tiradentes - PORTAL DE NOT\u00cdCIAS CLEITON PINHEIRO","og_description":"Em dia de celebra\u00e7\u00e3o, o governador Wanderlei Barbosa concedeu nesta quarta-feira, 23, promo\u00e7\u00f5es a mais de 1.200 policiais militares, entre pra\u00e7as e oficiais, e homenageou homens e mulheres da Corpora\u00e7\u00e3o, al\u00e9m de civis, com a Medalha Tiradentes. A solenidade ocorreu no p\u00e1tio do Quartel do Comando-Geral (QCG) da Pol\u00edcia Militar do Tocantins (PMTO) e marcou [&hellip;]","og_url":"https:\/\/cleitonpinheiro.com.br\/site\/governador-wanderlei-barbosa-promove-mais-de-1-200-policiais-militares-com-a-medalha-tiradentes\/","og_site_name":"PORTAL DE NOT\u00cdCIAS CLEITON PINHEIRO","article_publisher":"https:\/\/www.facebook.com\/portalcpnoticias\/","article_published_time":"2025-04-24T13:38:00+00:00","article_modified_time":"2025-04-24T20:40:45+00:00","og_image":[{"width":2560,"height":1463,"url":"https:\/\/cleitonpinheiro.com.br\/site\/wp-content\/uploads\/2025\/04\/F1-Governador-Wanderlei-Barbosa-promove-mais-de-1.200-policiais-militares-em-celebracao-historica.-Foto-Marcio-Vieira-Governo-do-Tocantins-scaled.jpg","type":"image\/jpeg"}],"author":"Reda\u00e7\u00e3o CP","twitter_card":"summary_large_image","twitter_misc":{"Escrito por":"Reda\u00e7\u00e3o CP","Est. tempo de leitura":"7 minutos"},"schema":{"@context":"https:\/\/schema.org","@graph":[{"@type":"Article","@id":"https:\/\/cleitonpinheiro.com.br\/site\/governador-wanderlei-barbosa-promove-mais-de-1-200-policiais-militares-com-a-medalha-tiradentes\/#article","isPartOf":{"@id":"https:\/\/cleitonpinheiro.com.br\/site\/governador-wanderlei-barbosa-promove-mais-de-1-200-policiais-militares-com-a-medalha-tiradentes\/"},"author":{"name":"Reda\u00e7\u00e3o CP","@id":"https:\/\/cleitonpinheiro.com.br\/site\/#\/schema\/person\/8f04544e0bc40a1b68775b08360f87db"},"headline":"Governador Wanderlei Barbosa promove mais de 1.200 policiais militares com a Medalha Tiradentes","datePublished":"2025-04-24T13:38:00+00:00","dateModified":"2025-04-24T20:40:45+00:00","mainEntityOfPage":{"@id":"https:\/\/cleitonpinheiro.com.br\/site\/governador-wanderlei-barbosa-promove-mais-de-1-200-policiais-militares-com-a-medalha-tiradentes\/"},"wordCount":1225,"commentCount":0,"publisher":{"@id":"https:\/\/cleitonpinheiro.com.br\/site\/#organization"},"image":{"@id":"https:\/\/cleitonpinheiro.com.br\/site\/governador-wanderlei-barbosa-promove-mais-de-1-200-policiais-militares-com-a-medalha-tiradentes\/#primaryimage"},"thumbnailUrl":"https:\/\/cleitonpinheiro.com.br\/site\/wp-content\/uploads\/2025\/04\/F1-Governador-Wanderlei-Barbosa-promove-mais-de-1.200-policiais-militares-em-celebracao-historica.-Foto-Marcio-Vieira-Governo-do-Tocantins-scaled.jpg","articleSection":["FUNCIONALISMO","MANCHETE SEGUND\u00c1RIA","TODAS NOTICIAS"],"inLanguage":"pt-BR","potentialAction":[{"@type":"CommentAction","name":"Comment","target":["https:\/\/cleitonpinheiro.com.br\/site\/governador-wanderlei-barbosa-promove-mais-de-1-200-policiais-militares-com-a-medalha-tiradentes\/#respond"]}]},{"@type":"WebPage","@id":"https:\/\/cleitonpinheiro.com.br\/site\/governador-wanderlei-barbosa-promove-mais-de-1-200-policiais-militares-com-a-medalha-tiradentes\/","url":"https:\/\/cleitonpinheiro.com.br\/site\/governador-wanderlei-barbosa-promove-mais-de-1-200-policiais-militares-com-a-medalha-tiradentes\/","name":"Governador Wanderlei Barbosa promove mais de 1.200 policiais militares com a Medalha Tiradentes - PORTAL DE NOT\u00cdCIAS CLEITON PINHEIRO","isPartOf":{"@id":"https:\/\/cleitonpinheiro.com.br\/site\/#website"},"primaryImageOfPage":{"@id":"https:\/\/cleitonpinheiro.com.br\/site\/governador-wanderlei-barbosa-promove-mais-de-1-200-policiais-militares-com-a-medalha-tiradentes\/#primaryimage"},"image":{"@id":"https:\/\/cleitonpinheiro.com.br\/site\/governador-wanderlei-barbosa-promove-mais-de-1-200-policiais-militares-com-a-medalha-tiradentes\/#primaryimage"},"thumbnailUrl":"https:\/\/cleitonpinheiro.com.br\/site\/wp-content\/uploads\/2025\/04\/F1-Governador-Wanderlei-Barbosa-promove-mais-de-1.200-policiais-militares-em-celebracao-historica.-Foto-Marcio-Vieira-Governo-do-Tocantins-scaled.jpg","datePublished":"2025-04-24T13:38:00+00:00","dateModified":"2025-04-24T20:40:45+00:00","breadcrumb":{"@id":"https:\/\/cleitonpinheiro.com.br\/site\/governador-wanderlei-barbosa-promove-mais-de-1-200-policiais-militares-com-a-medalha-tiradentes\/#breadcrumb"},"inLanguage":"pt-BR","potentialAction":[{"@type":"ReadAction","target":["https:\/\/cleitonpinheiro.com.br\/site\/governador-wanderlei-barbosa-promove-mais-de-1-200-policiais-militares-com-a-medalha-tiradentes\/"]}]},{"@type":"ImageObject","inLanguage":"pt-BR","@id":"https:\/\/cleitonpinheiro.com.br\/site\/governador-wanderlei-barbosa-promove-mais-de-1-200-policiais-militares-com-a-medalha-tiradentes\/#primaryimage","url":"https:\/\/cleitonpinheiro.com.br\/site\/wp-content\/uploads\/2025\/04\/F1-Governador-Wanderlei-Barbosa-promove-mais-de-1.200-policiais-militares-em-celebracao-historica.-Foto-Marcio-Vieira-Governo-do-Tocantins-scaled.jpg","contentUrl":"https:\/\/cleitonpinheiro.com.br\/site\/wp-content\/uploads\/2025\/04\/F1-Governador-Wanderlei-Barbosa-promove-mais-de-1.200-policiais-militares-em-celebracao-historica.-Foto-Marcio-Vieira-Governo-do-Tocantins-scaled.jpg","width":2560,"height":1463,"caption":"Marcio Vieira\/Governo do Tocantins"},{"@type":"BreadcrumbList","@id":"https:\/\/cleitonpinheiro.com.br\/site\/governador-wanderlei-barbosa-promove-mais-de-1-200-policiais-militares-com-a-medalha-tiradentes\/#breadcrumb","itemListElement":[{"@type":"ListItem","position":1,"name":"In\u00edcio","item":"https:\/\/cleitonpinheiro.com.br\/site\/"},{"@type":"ListItem","position":2,"name":"Governador Wanderlei Barbosa promove mais de 1.200 policiais militares com a Medalha Tiradentes"}]},{"@type":"WebSite","@id":"https:\/\/cleitonpinheiro.com.br\/site\/#website","url":"https:\/\/cleitonpinheiro.com.br\/site\/","name":"PORTAL DE NOT\u00cdCIAS CLEITON PINHEIRO","description":"FALANDO A VERDADE","publisher":{"@id":"https:\/\/cleitonpinheiro.com.br\/site\/#organization"},"potentialAction":[{"@type":"SearchAction","target":{"@type":"EntryPoint","urlTemplate":"https:\/\/cleitonpinheiro.com.br\/site\/?s={search_term_string}"},"query-input":{"@type":"PropertyValueSpecification","valueRequired":true,"valueName":"search_term_string"}}],"inLanguage":"pt-BR"},{"@type":"Organization","@id":"https:\/\/cleitonpinheiro.com.br\/site\/#organization","name":"CPNOT\u00cdCIAS","url":"https:\/\/cleitonpinheiro.com.br\/site\/","logo":{"@type":"ImageObject","inLanguage":"pt-BR","@id":"https:\/\/cleitonpinheiro.com.br\/site\/#\/schema\/logo\/image\/","url":"https:\/\/cleitonpinheiro.com.br\/site\/wp-content\/uploads\/2022\/08\/Logo-pequena-2.png","contentUrl":"https:\/\/cleitonpinheiro.com.br\/site\/wp-content\/uploads\/2022\/08\/Logo-pequena-2.png","width":500,"height":500,"caption":"CPNOT\u00cdCIAS"},"image":{"@id":"https:\/\/cleitonpinheiro.com.br\/site\/#\/schema\/logo\/image\/"},"sameAs":["https:\/\/www.facebook.com\/portalcpnoticias\/"]},{"@type":"Person","@id":"https:\/\/cleitonpinheiro.com.br\/site\/#\/schema\/person\/8f04544e0bc40a1b68775b08360f87db","name":"Reda\u00e7\u00e3o CP","image":{"@type":"ImageObject","inLanguage":"pt-BR","@id":"https:\/\/cleitonpinheiro.com.br\/site\/#\/schema\/person\/image\/","url":"https:\/\/secure.gravatar.com\/avatar\/0bcf19cb29fdc8fc588c490c7ae1b3e174dac268586a63fbe1d1893a0f9020cd?s=96&r=g","contentUrl":"https:\/\/secure.gravatar.com\/avatar\/0bcf19cb29fdc8fc588c490c7ae1b3e174dac268586a63fbe1d1893a0f9020cd?s=96&r=g","caption":"Reda\u00e7\u00e3o CP"},"url":"https:\/\/cleitonpinheiro.com.br\/site\/author\/redacao\/"}]}},"views":147,"_links":{"self":[{"href":"https:\/\/cleitonpinheiro.com.br\/site\/wp-json\/wp\/v2\/posts\/85328","targetHints":{"allow":["GET"]}}],"collection":[{"href":"https:\/\/cleitonpinheiro.com.br\/site\/wp-json\/wp\/v2\/posts"}],"about":[{"href":"https:\/\/cleitonpinheiro.com.br\/site\/wp-json\/wp\/v2\/types\/post"}],"author":[{"embeddable":true,"href":"https:\/\/cleitonpinheiro.com.br\/site\/wp-json\/wp\/v2\/users\/13"}],"replies":[{"embeddable":true,"href":"https:\/\/cleitonpinheiro.com.br\/site\/wp-json\/wp\/v2\/comments?post=85328"}],"version-history":[{"count":1,"href":"https:\/\/cleitonpinheiro.com.br\/site\/wp-json\/wp\/v2\/posts\/85328\/revisions"}],"predecessor-version":[{"id":85330,"href":"https:\/\/cleitonpinheiro.com.br\/site\/wp-json\/wp\/v2\/posts\/85328\/revisions\/85330"}],"wp:featuredmedia":[{"embeddable":true,"href":"https:\/\/cleitonpinheiro.com.br\/site\/wp-json\/wp\/v2\/media\/85329"}],"wp:attachment":[{"href":"https:\/\/cleitonpinheiro.com.br\/site\/wp-json\/wp\/v2\/media?parent=85328"}],"wp:term":[{"taxonomy":"category","embeddable":true,"href":"https:\/\/cleitonpinheiro.com.br\/site\/wp-json\/wp\/v2\/categories?post=85328"},{"taxonomy":"post_tag","embeddable":true,"href":"https:\/\/cleitonpinheiro.com.br\/site\/wp-json\/wp\/v2\/tags?post=85328"}],"curies":[{"name":"wp","href":"https:\/\/api.w.org\/{rel}","templated":true}]}}