{"id":85451,"date":"2025-05-08T15:09:12","date_gmt":"2025-05-08T18:09:12","guid":{"rendered":"https:\/\/cleitonpinheiro.com.br\/site\/?p=85451"},"modified":"2025-05-12T10:55:08","modified_gmt":"2025-05-12T13:55:08","slug":"robert-francis-prevost-e-eleito-papa-e-se-chamara-leao-xiv","status":"publish","type":"post","link":"https:\/\/cleitonpinheiro.com.br\/site\/robert-francis-prevost-e-eleito-papa-e-se-chamara-leao-xiv\/","title":{"rendered":"Robert Francis Prevost \u00e9 eleito papa e se chamar\u00e1 Le\u00e3o XIV"},"content":{"rendered":"\n<figure class=\"wp-block-image size-full\"><img fetchpriority=\"high\" decoding=\"async\" width=\"960\" height=\"720\" src=\"https:\/\/cleitonpinheiro.com.br\/site\/wp-content\/uploads\/2025\/05\/tamanho-site-1-1.png\" alt=\"\" class=\"wp-image-85452\" srcset=\"https:\/\/cleitonpinheiro.com.br\/site\/wp-content\/uploads\/2025\/05\/tamanho-site-1-1.png 960w, https:\/\/cleitonpinheiro.com.br\/site\/wp-content\/uploads\/2025\/05\/tamanho-site-1-1-300x225.png 300w, https:\/\/cleitonpinheiro.com.br\/site\/wp-content\/uploads\/2025\/05\/tamanho-site-1-1-768x576.png 768w\" sizes=\"(max-width: 960px) 100vw, 960px\" \/><\/figure>\n\n\n\n<p><strong>Habemus papam. Com essa frase, o cardeal norte-americano Robert Francis Prevost foi apresentado nesta quinta-feira (8) ao mundo como o 267\u00ba papa da Igreja, diretamente da sacada central da Bas\u00edlica de S\u00e3o Pedro, no Vaticano.\u00a0<\/strong><img decoding=\"async\" src=\"https:\/\/agenciabrasil.ebc.com.br\/ebc.png?id=1642026&amp;o=node\"><img decoding=\"async\" src=\"https:\/\/agenciabrasil.ebc.com.br\/ebc.gif?id=1642026&amp;o=node\"><strong>O nome escolhido pelo novo pont\u00edfice \u00e9 Le\u00e3o XIV. Ele sucede Francisco, falecido no \u00faltimo dia 21.<\/strong><\/p>\n\n\n\n<p>O an\u00fancio de Robert Francis Prevost aconteceu pouco mais de uma hora depois que<a href=\"https:\/\/agenciabrasil.ebc.com.br\/internacional\/noticia\/2025-05\/vaticano-registra-fumaca-branca-novo-papa-e-eleito\">&nbsp;fuma\u00e7a branca surgiu<\/a>, no in\u00edcio da tarde desta quinta-feira (8), da chamin\u00e9 instalada sobre a Capela Sistina, sinalizando que os 133 cardeais reunidos haviam chegado a um consenso.<\/p>\n\n\n\n<p>A escolha do novo papa se deu ap\u00f3s a terceira vota\u00e7\u00e3o do dia e a quarta vota\u00e7\u00e3o geral, iniciada na quarta-feira (7). A fuma\u00e7a branca colocou a multid\u00e3o reunida na Pra\u00e7a de S\u00e3o Pedro em \u00eaxtase.<\/p>\n\n\n\n<h2 class=\"wp-block-heading\">Pr\u00f3ximos passos<\/h2>\n\n\n\n<p>Segundo o Vaticano, ap\u00f3s a apari\u00e7\u00e3o de Robert Francis Prevost na janela da Bas\u00edlica de S\u00e3o Pedro, ele retorna \u00e0 Capela Sistina, onde inicia-se uma breve cerim\u00f4nia, introduzida pela sauda\u00e7\u00e3o do cardeal mais antigo da Ordem dos Bispos.<\/p>\n\n\n\n<p>O cardeal-sacerdote mais antigo l\u00ea ent\u00e3o uma passagem do Evangelho, que pode ser \u201cTu \u00e9s Pedro e sobre esta pedra edificarei a minha Igreja\u201d ou \u201cApascenta as minhas ovelhas\u201d. O protodi\u00e1cono, em seguida, oferece uma ora\u00e7\u00e3o pelo papa rec\u00e9m-eleito.<\/p>\n\n\n\n<p>Logo depois, todos os cardeais eleitores, em ordem de preced\u00eancia, aproximam-se para saudar o novo pont\u00edfice e jurar-lhe obedi\u00eancia. A cerim\u00f4nia termina com o canto do Te Deum, conduzido pelo pr\u00f3prio papa rec\u00e9m-eleito.<\/p>\n","protected":false},"excerpt":{"rendered":"<p>Habemus papam. Com essa frase, o cardeal norte-americano Robert Francis Prevost foi apresentado nesta quinta-feira (8) ao mundo como o 267\u00ba papa da Igreja, diretamente da sacada central da Bas\u00edlica de S\u00e3o Pedro, no Vaticano.\u00a0O nome escolhido pelo novo pont\u00edfice \u00e9 Le\u00e3o XIV. Ele sucede Francisco, falecido no \u00faltimo dia 21. O an\u00fancio de Robert [&hellip;]<\/p>\n","protected":false},"author":13,"featured_media":85452,"comment_status":"open","ping_status":"open","sticky":false,"template":"","format":"standard","meta":{"_acf_changed":false,"footnotes":""},"categories":[19,898,21],"tags":[],"class_list":["post-85451","post","type-post","status-publish","format-standard","has-post-thumbnail","hentry","category-brasil-mundo","category-manchete-segundaria","category-todas-noticias"],"acf":[],"yoast_head":"<!-- This site is optimized with the Yoast SEO plugin v24.4 - https:\/\/yoast.com\/wordpress\/plugins\/seo\/ -->\n<title>Robert Francis Prevost \u00e9 eleito papa e se chamar\u00e1 Le\u00e3o XIV - PORTAL DE NOT\u00cdCIAS CLEITON PINHEIRO<\/title>\n<meta name=\"robots\" content=\"index, follow, max-snippet:-1, max-image-preview:large, max-video-preview:-1\" \/>\n<link rel=\"canonical\" href=\"https:\/\/cleitonpinheiro.com.br\/site\/robert-francis-prevost-e-eleito-papa-e-se-chamara-leao-xiv\/\" \/>\n<meta property=\"og:locale\" content=\"pt_BR\" \/>\n<meta property=\"og:type\" content=\"article\" \/>\n<meta property=\"og:title\" content=\"Robert Francis Prevost \u00e9 eleito papa e se chamar\u00e1 Le\u00e3o XIV - PORTAL DE NOT\u00cdCIAS CLEITON PINHEIRO\" \/>\n<meta property=\"og:description\" content=\"Habemus papam. Com essa frase, o cardeal norte-americano Robert Francis Prevost foi apresentado nesta quinta-feira (8) ao mundo como o 267\u00ba papa da Igreja, diretamente da sacada central da Bas\u00edlica de S\u00e3o Pedro, no Vaticano.\u00a0O nome escolhido pelo novo pont\u00edfice \u00e9 Le\u00e3o XIV. Ele sucede Francisco, falecido no \u00faltimo dia 21. O an\u00fancio de Robert [&hellip;]\" \/>\n<meta property=\"og:url\" content=\"https:\/\/cleitonpinheiro.com.br\/site\/robert-francis-prevost-e-eleito-papa-e-se-chamara-leao-xiv\/\" \/>\n<meta property=\"og:site_name\" content=\"PORTAL DE NOT\u00cdCIAS CLEITON PINHEIRO\" \/>\n<meta property=\"article:publisher\" content=\"https:\/\/www.facebook.com\/portalcpnoticias\/\" \/>\n<meta property=\"article:published_time\" content=\"2025-05-08T18:09:12+00:00\" \/>\n<meta property=\"article:modified_time\" content=\"2025-05-12T13:55:08+00:00\" \/>\n<meta property=\"og:image\" content=\"https:\/\/cleitonpinheiro.com.br\/site\/wp-content\/uploads\/2025\/05\/tamanho-site-1-1.png\" \/>\n\t<meta property=\"og:image:width\" content=\"960\" \/>\n\t<meta property=\"og:image:height\" content=\"720\" \/>\n\t<meta property=\"og:image:type\" content=\"image\/png\" \/>\n<meta name=\"author\" content=\"Reda\u00e7\u00e3o CP\" \/>\n<meta name=\"twitter:card\" content=\"summary_large_image\" \/>\n<meta name=\"twitter:label1\" content=\"Escrito por\" \/>\n\t<meta name=\"twitter:data1\" content=\"Reda\u00e7\u00e3o CP\" \/>\n\t<meta name=\"twitter:label2\" content=\"Est. tempo de leitura\" \/>\n\t<meta name=\"twitter:data2\" content=\"3 minutos\" \/>\n<script type=\"application\/ld+json\" class=\"yoast-schema-graph\">{\"@context\":\"https:\/\/schema.org\",\"@graph\":[{\"@type\":\"Article\",\"@id\":\"https:\/\/cleitonpinheiro.com.br\/site\/robert-francis-prevost-e-eleito-papa-e-se-chamara-leao-xiv\/#article\",\"isPartOf\":{\"@id\":\"https:\/\/cleitonpinheiro.com.br\/site\/robert-francis-prevost-e-eleito-papa-e-se-chamara-leao-xiv\/\"},\"author\":{\"name\":\"Reda\u00e7\u00e3o CP\",\"@id\":\"https:\/\/cleitonpinheiro.com.br\/site\/#\/schema\/person\/8f04544e0bc40a1b68775b08360f87db\"},\"headline\":\"Robert Francis Prevost \u00e9 eleito papa e se chamar\u00e1 Le\u00e3o XIV\",\"datePublished\":\"2025-05-08T18:09:12+00:00\",\"dateModified\":\"2025-05-12T13:55:08+00:00\",\"mainEntityOfPage\":{\"@id\":\"https:\/\/cleitonpinheiro.com.br\/site\/robert-francis-prevost-e-eleito-papa-e-se-chamara-leao-xiv\/\"},\"wordCount\":277,\"commentCount\":0,\"publisher\":{\"@id\":\"https:\/\/cleitonpinheiro.com.br\/site\/#organization\"},\"image\":{\"@id\":\"https:\/\/cleitonpinheiro.com.br\/site\/robert-francis-prevost-e-eleito-papa-e-se-chamara-leao-xiv\/#primaryimage\"},\"thumbnailUrl\":\"https:\/\/cleitonpinheiro.com.br\/site\/wp-content\/uploads\/2025\/05\/tamanho-site-1-1.png\",\"articleSection\":[\"BRASIL \/ MUNDO\",\"MANCHETE SEGUND\u00c1RIA\",\"TODAS NOTICIAS\"],\"inLanguage\":\"pt-BR\",\"potentialAction\":[{\"@type\":\"CommentAction\",\"name\":\"Comment\",\"target\":[\"https:\/\/cleitonpinheiro.com.br\/site\/robert-francis-prevost-e-eleito-papa-e-se-chamara-leao-xiv\/#respond\"]}]},{\"@type\":\"WebPage\",\"@id\":\"https:\/\/cleitonpinheiro.com.br\/site\/robert-francis-prevost-e-eleito-papa-e-se-chamara-leao-xiv\/\",\"url\":\"https:\/\/cleitonpinheiro.com.br\/site\/robert-francis-prevost-e-eleito-papa-e-se-chamara-leao-xiv\/\",\"name\":\"Robert Francis Prevost \u00e9 eleito papa e se chamar\u00e1 Le\u00e3o XIV - PORTAL DE NOT\u00cdCIAS CLEITON PINHEIRO\",\"isPartOf\":{\"@id\":\"https:\/\/cleitonpinheiro.com.br\/site\/#website\"},\"primaryImageOfPage\":{\"@id\":\"https:\/\/cleitonpinheiro.com.br\/site\/robert-francis-prevost-e-eleito-papa-e-se-chamara-leao-xiv\/#primaryimage\"},\"image\":{\"@id\":\"https:\/\/cleitonpinheiro.com.br\/site\/robert-francis-prevost-e-eleito-papa-e-se-chamara-leao-xiv\/#primaryimage\"},\"thumbnailUrl\":\"https:\/\/cleitonpinheiro.com.br\/site\/wp-content\/uploads\/2025\/05\/tamanho-site-1-1.png\",\"datePublished\":\"2025-05-08T18:09:12+00:00\",\"dateModified\":\"2025-05-12T13:55:08+00:00\",\"breadcrumb\":{\"@id\":\"https:\/\/cleitonpinheiro.com.br\/site\/robert-francis-prevost-e-eleito-papa-e-se-chamara-leao-xiv\/#breadcrumb\"},\"inLanguage\":\"pt-BR\",\"potentialAction\":[{\"@type\":\"ReadAction\",\"target\":[\"https:\/\/cleitonpinheiro.com.br\/site\/robert-francis-prevost-e-eleito-papa-e-se-chamara-leao-xiv\/\"]}]},{\"@type\":\"ImageObject\",\"inLanguage\":\"pt-BR\",\"@id\":\"https:\/\/cleitonpinheiro.com.br\/site\/robert-francis-prevost-e-eleito-papa-e-se-chamara-leao-xiv\/#primaryimage\",\"url\":\"https:\/\/cleitonpinheiro.com.br\/site\/wp-content\/uploads\/2025\/05\/tamanho-site-1-1.png\",\"contentUrl\":\"https:\/\/cleitonpinheiro.com.br\/site\/wp-content\/uploads\/2025\/05\/tamanho-site-1-1.png\",\"width\":960,\"height\":720},{\"@type\":\"BreadcrumbList\",\"@id\":\"https:\/\/cleitonpinheiro.com.br\/site\/robert-francis-prevost-e-eleito-papa-e-se-chamara-leao-xiv\/#breadcrumb\",\"itemListElement\":[{\"@type\":\"ListItem\",\"position\":1,\"name\":\"In\u00edcio\",\"item\":\"https:\/\/cleitonpinheiro.com.br\/site\/\"},{\"@type\":\"ListItem\",\"position\":2,\"name\":\"Robert Francis Prevost \u00e9 eleito papa e se chamar\u00e1 Le\u00e3o XIV\"}]},{\"@type\":\"WebSite\",\"@id\":\"https:\/\/cleitonpinheiro.com.br\/site\/#website\",\"url\":\"https:\/\/cleitonpinheiro.com.br\/site\/\",\"name\":\"PORTAL DE NOT\u00cdCIAS CLEITON PINHEIRO\",\"description\":\"FALANDO A VERDADE\",\"publisher\":{\"@id\":\"https:\/\/cleitonpinheiro.com.br\/site\/#organization\"},\"potentialAction\":[{\"@type\":\"SearchAction\",\"target\":{\"@type\":\"EntryPoint\",\"urlTemplate\":\"https:\/\/cleitonpinheiro.com.br\/site\/?s={search_term_string}\"},\"query-input\":{\"@type\":\"PropertyValueSpecification\",\"valueRequired\":true,\"valueName\":\"search_term_string\"}}],\"inLanguage\":\"pt-BR\"},{\"@type\":\"Organization\",\"@id\":\"https:\/\/cleitonpinheiro.com.br\/site\/#organization\",\"name\":\"CPNOT\u00cdCIAS\",\"url\":\"https:\/\/cleitonpinheiro.com.br\/site\/\",\"logo\":{\"@type\":\"ImageObject\",\"inLanguage\":\"pt-BR\",\"@id\":\"https:\/\/cleitonpinheiro.com.br\/site\/#\/schema\/logo\/image\/\",\"url\":\"https:\/\/cleitonpinheiro.com.br\/site\/wp-content\/uploads\/2022\/08\/Logo-pequena-2.png\",\"contentUrl\":\"https:\/\/cleitonpinheiro.com.br\/site\/wp-content\/uploads\/2022\/08\/Logo-pequena-2.png\",\"width\":500,\"height\":500,\"caption\":\"CPNOT\u00cdCIAS\"},\"image\":{\"@id\":\"https:\/\/cleitonpinheiro.com.br\/site\/#\/schema\/logo\/image\/\"},\"sameAs\":[\"https:\/\/www.facebook.com\/portalcpnoticias\/\"]},{\"@type\":\"Person\",\"@id\":\"https:\/\/cleitonpinheiro.com.br\/site\/#\/schema\/person\/8f04544e0bc40a1b68775b08360f87db\",\"name\":\"Reda\u00e7\u00e3o CP\",\"image\":{\"@type\":\"ImageObject\",\"inLanguage\":\"pt-BR\",\"@id\":\"https:\/\/cleitonpinheiro.com.br\/site\/#\/schema\/person\/image\/\",\"url\":\"https:\/\/secure.gravatar.com\/avatar\/0bcf19cb29fdc8fc588c490c7ae1b3e174dac268586a63fbe1d1893a0f9020cd?s=96&r=g\",\"contentUrl\":\"https:\/\/secure.gravatar.com\/avatar\/0bcf19cb29fdc8fc588c490c7ae1b3e174dac268586a63fbe1d1893a0f9020cd?s=96&r=g\",\"caption\":\"Reda\u00e7\u00e3o CP\"},\"url\":\"https:\/\/cleitonpinheiro.com.br\/site\/author\/redacao\/\"}]}<\/script>\n<!-- \/ Yoast SEO plugin. -->","yoast_head_json":{"title":"Robert Francis Prevost \u00e9 eleito papa e se chamar\u00e1 Le\u00e3o XIV - PORTAL DE NOT\u00cdCIAS CLEITON PINHEIRO","robots":{"index":"index","follow":"follow","max-snippet":"max-snippet:-1","max-image-preview":"max-image-preview:large","max-video-preview":"max-video-preview:-1"},"canonical":"https:\/\/cleitonpinheiro.com.br\/site\/robert-francis-prevost-e-eleito-papa-e-se-chamara-leao-xiv\/","og_locale":"pt_BR","og_type":"article","og_title":"Robert Francis Prevost \u00e9 eleito papa e se chamar\u00e1 Le\u00e3o XIV - PORTAL DE NOT\u00cdCIAS CLEITON PINHEIRO","og_description":"Habemus papam. Com essa frase, o cardeal norte-americano Robert Francis Prevost foi apresentado nesta quinta-feira (8) ao mundo como o 267\u00ba papa da Igreja, diretamente da sacada central da Bas\u00edlica de S\u00e3o Pedro, no Vaticano.\u00a0O nome escolhido pelo novo pont\u00edfice \u00e9 Le\u00e3o XIV. Ele sucede Francisco, falecido no \u00faltimo dia 21. O an\u00fancio de Robert [&hellip;]","og_url":"https:\/\/cleitonpinheiro.com.br\/site\/robert-francis-prevost-e-eleito-papa-e-se-chamara-leao-xiv\/","og_site_name":"PORTAL DE NOT\u00cdCIAS CLEITON PINHEIRO","article_publisher":"https:\/\/www.facebook.com\/portalcpnoticias\/","article_published_time":"2025-05-08T18:09:12+00:00","article_modified_time":"2025-05-12T13:55:08+00:00","og_image":[{"width":960,"height":720,"url":"https:\/\/cleitonpinheiro.com.br\/site\/wp-content\/uploads\/2025\/05\/tamanho-site-1-1.png","type":"image\/png"}],"author":"Reda\u00e7\u00e3o CP","twitter_card":"summary_large_image","twitter_misc":{"Escrito por":"Reda\u00e7\u00e3o CP","Est. tempo de leitura":"3 minutos"},"schema":{"@context":"https:\/\/schema.org","@graph":[{"@type":"Article","@id":"https:\/\/cleitonpinheiro.com.br\/site\/robert-francis-prevost-e-eleito-papa-e-se-chamara-leao-xiv\/#article","isPartOf":{"@id":"https:\/\/cleitonpinheiro.com.br\/site\/robert-francis-prevost-e-eleito-papa-e-se-chamara-leao-xiv\/"},"author":{"name":"Reda\u00e7\u00e3o CP","@id":"https:\/\/cleitonpinheiro.com.br\/site\/#\/schema\/person\/8f04544e0bc40a1b68775b08360f87db"},"headline":"Robert Francis Prevost \u00e9 eleito papa e se chamar\u00e1 Le\u00e3o XIV","datePublished":"2025-05-08T18:09:12+00:00","dateModified":"2025-05-12T13:55:08+00:00","mainEntityOfPage":{"@id":"https:\/\/cleitonpinheiro.com.br\/site\/robert-francis-prevost-e-eleito-papa-e-se-chamara-leao-xiv\/"},"wordCount":277,"commentCount":0,"publisher":{"@id":"https:\/\/cleitonpinheiro.com.br\/site\/#organization"},"image":{"@id":"https:\/\/cleitonpinheiro.com.br\/site\/robert-francis-prevost-e-eleito-papa-e-se-chamara-leao-xiv\/#primaryimage"},"thumbnailUrl":"https:\/\/cleitonpinheiro.com.br\/site\/wp-content\/uploads\/2025\/05\/tamanho-site-1-1.png","articleSection":["BRASIL \/ MUNDO","MANCHETE SEGUND\u00c1RIA","TODAS NOTICIAS"],"inLanguage":"pt-BR","potentialAction":[{"@type":"CommentAction","name":"Comment","target":["https:\/\/cleitonpinheiro.com.br\/site\/robert-francis-prevost-e-eleito-papa-e-se-chamara-leao-xiv\/#respond"]}]},{"@type":"WebPage","@id":"https:\/\/cleitonpinheiro.com.br\/site\/robert-francis-prevost-e-eleito-papa-e-se-chamara-leao-xiv\/","url":"https:\/\/cleitonpinheiro.com.br\/site\/robert-francis-prevost-e-eleito-papa-e-se-chamara-leao-xiv\/","name":"Robert Francis Prevost \u00e9 eleito papa e se chamar\u00e1 Le\u00e3o XIV - PORTAL DE NOT\u00cdCIAS CLEITON PINHEIRO","isPartOf":{"@id":"https:\/\/cleitonpinheiro.com.br\/site\/#website"},"primaryImageOfPage":{"@id":"https:\/\/cleitonpinheiro.com.br\/site\/robert-francis-prevost-e-eleito-papa-e-se-chamara-leao-xiv\/#primaryimage"},"image":{"@id":"https:\/\/cleitonpinheiro.com.br\/site\/robert-francis-prevost-e-eleito-papa-e-se-chamara-leao-xiv\/#primaryimage"},"thumbnailUrl":"https:\/\/cleitonpinheiro.com.br\/site\/wp-content\/uploads\/2025\/05\/tamanho-site-1-1.png","datePublished":"2025-05-08T18:09:12+00:00","dateModified":"2025-05-12T13:55:08+00:00","breadcrumb":{"@id":"https:\/\/cleitonpinheiro.com.br\/site\/robert-francis-prevost-e-eleito-papa-e-se-chamara-leao-xiv\/#breadcrumb"},"inLanguage":"pt-BR","potentialAction":[{"@type":"ReadAction","target":["https:\/\/cleitonpinheiro.com.br\/site\/robert-francis-prevost-e-eleito-papa-e-se-chamara-leao-xiv\/"]}]},{"@type":"ImageObject","inLanguage":"pt-BR","@id":"https:\/\/cleitonpinheiro.com.br\/site\/robert-francis-prevost-e-eleito-papa-e-se-chamara-leao-xiv\/#primaryimage","url":"https:\/\/cleitonpinheiro.com.br\/site\/wp-content\/uploads\/2025\/05\/tamanho-site-1-1.png","contentUrl":"https:\/\/cleitonpinheiro.com.br\/site\/wp-content\/uploads\/2025\/05\/tamanho-site-1-1.png","width":960,"height":720},{"@type":"BreadcrumbList","@id":"https:\/\/cleitonpinheiro.com.br\/site\/robert-francis-prevost-e-eleito-papa-e-se-chamara-leao-xiv\/#breadcrumb","itemListElement":[{"@type":"ListItem","position":1,"name":"In\u00edcio","item":"https:\/\/cleitonpinheiro.com.br\/site\/"},{"@type":"ListItem","position":2,"name":"Robert Francis Prevost \u00e9 eleito papa e se chamar\u00e1 Le\u00e3o XIV"}]},{"@type":"WebSite","@id":"https:\/\/cleitonpinheiro.com.br\/site\/#website","url":"https:\/\/cleitonpinheiro.com.br\/site\/","name":"PORTAL DE NOT\u00cdCIAS CLEITON PINHEIRO","description":"FALANDO A VERDADE","publisher":{"@id":"https:\/\/cleitonpinheiro.com.br\/site\/#organization"},"potentialAction":[{"@type":"SearchAction","target":{"@type":"EntryPoint","urlTemplate":"https:\/\/cleitonpinheiro.com.br\/site\/?s={search_term_string}"},"query-input":{"@type":"PropertyValueSpecification","valueRequired":true,"valueName":"search_term_string"}}],"inLanguage":"pt-BR"},{"@type":"Organization","@id":"https:\/\/cleitonpinheiro.com.br\/site\/#organization","name":"CPNOT\u00cdCIAS","url":"https:\/\/cleitonpinheiro.com.br\/site\/","logo":{"@type":"ImageObject","inLanguage":"pt-BR","@id":"https:\/\/cleitonpinheiro.com.br\/site\/#\/schema\/logo\/image\/","url":"https:\/\/cleitonpinheiro.com.br\/site\/wp-content\/uploads\/2022\/08\/Logo-pequena-2.png","contentUrl":"https:\/\/cleitonpinheiro.com.br\/site\/wp-content\/uploads\/2022\/08\/Logo-pequena-2.png","width":500,"height":500,"caption":"CPNOT\u00cdCIAS"},"image":{"@id":"https:\/\/cleitonpinheiro.com.br\/site\/#\/schema\/logo\/image\/"},"sameAs":["https:\/\/www.facebook.com\/portalcpnoticias\/"]},{"@type":"Person","@id":"https:\/\/cleitonpinheiro.com.br\/site\/#\/schema\/person\/8f04544e0bc40a1b68775b08360f87db","name":"Reda\u00e7\u00e3o CP","image":{"@type":"ImageObject","inLanguage":"pt-BR","@id":"https:\/\/cleitonpinheiro.com.br\/site\/#\/schema\/person\/image\/","url":"https:\/\/secure.gravatar.com\/avatar\/0bcf19cb29fdc8fc588c490c7ae1b3e174dac268586a63fbe1d1893a0f9020cd?s=96&r=g","contentUrl":"https:\/\/secure.gravatar.com\/avatar\/0bcf19cb29fdc8fc588c490c7ae1b3e174dac268586a63fbe1d1893a0f9020cd?s=96&r=g","caption":"Reda\u00e7\u00e3o CP"},"url":"https:\/\/cleitonpinheiro.com.br\/site\/author\/redacao\/"}]}},"views":113,"_links":{"self":[{"href":"https:\/\/cleitonpinheiro.com.br\/site\/wp-json\/wp\/v2\/posts\/85451","targetHints":{"allow":["GET"]}}],"collection":[{"href":"https:\/\/cleitonpinheiro.com.br\/site\/wp-json\/wp\/v2\/posts"}],"about":[{"href":"https:\/\/cleitonpinheiro.com.br\/site\/wp-json\/wp\/v2\/types\/post"}],"author":[{"embeddable":true,"href":"https:\/\/cleitonpinheiro.com.br\/site\/wp-json\/wp\/v2\/users\/13"}],"replies":[{"embeddable":true,"href":"https:\/\/cleitonpinheiro.com.br\/site\/wp-json\/wp\/v2\/comments?post=85451"}],"version-history":[{"count":1,"href":"https:\/\/cleitonpinheiro.com.br\/site\/wp-json\/wp\/v2\/posts\/85451\/revisions"}],"predecessor-version":[{"id":85453,"href":"https:\/\/cleitonpinheiro.com.br\/site\/wp-json\/wp\/v2\/posts\/85451\/revisions\/85453"}],"wp:featuredmedia":[{"embeddable":true,"href":"https:\/\/cleitonpinheiro.com.br\/site\/wp-json\/wp\/v2\/media\/85452"}],"wp:attachment":[{"href":"https:\/\/cleitonpinheiro.com.br\/site\/wp-json\/wp\/v2\/media?parent=85451"}],"wp:term":[{"taxonomy":"category","embeddable":true,"href":"https:\/\/cleitonpinheiro.com.br\/site\/wp-json\/wp\/v2\/categories?post=85451"},{"taxonomy":"post_tag","embeddable":true,"href":"https:\/\/cleitonpinheiro.com.br\/site\/wp-json\/wp\/v2\/tags?post=85451"}],"curies":[{"name":"wp","href":"https:\/\/api.w.org\/{rel}","templated":true}]}}