{"id":85455,"date":"2025-05-08T15:29:36","date_gmt":"2025-05-08T18:29:36","guid":{"rendered":"https:\/\/cleitonpinheiro.com.br\/site\/?p=85455"},"modified":"2025-05-08T15:29:42","modified_gmt":"2025-05-08T18:29:42","slug":"gilmar-mendes-nega-pedido-para-afastar-presidente-da-cbf","status":"publish","type":"post","link":"https:\/\/cleitonpinheiro.com.br\/site\/gilmar-mendes-nega-pedido-para-afastar-presidente-da-cbf\/","title":{"rendered":"Gilmar Mendes nega pedido para afastar presidente da CBF\u00a0"},"content":{"rendered":"\n<figure class=\"wp-block-image size-large\"><img fetchpriority=\"high\" decoding=\"async\" width=\"1024\" height=\"613\" src=\"https:\/\/cleitonpinheiro.com.br\/site\/wp-content\/uploads\/2025\/05\/ednaldo_rodrigues_novo_presidente_da_cbf-1024x613.webp\" alt=\"\" class=\"wp-image-85456\" srcset=\"https:\/\/cleitonpinheiro.com.br\/site\/wp-content\/uploads\/2025\/05\/ednaldo_rodrigues_novo_presidente_da_cbf-1024x613.webp 1024w, https:\/\/cleitonpinheiro.com.br\/site\/wp-content\/uploads\/2025\/05\/ednaldo_rodrigues_novo_presidente_da_cbf-300x179.webp 300w, https:\/\/cleitonpinheiro.com.br\/site\/wp-content\/uploads\/2025\/05\/ednaldo_rodrigues_novo_presidente_da_cbf-768x459.webp 768w, https:\/\/cleitonpinheiro.com.br\/site\/wp-content\/uploads\/2025\/05\/ednaldo_rodrigues_novo_presidente_da_cbf.webp 1170w\" sizes=\"(max-width: 1024px) 100vw, 1024px\" \/><figcaption class=\"wp-element-caption\">\u00a9 Lucas Figueiredo\/CBF<\/figcaption><\/figure>\n\n\n\n<p><strong>O ministro Gilmar Mendes, do Supremo Tribunal Federal (STF), negou nesta quarta-feira (7) o pedido de afastamento do presidente da Confedera\u00e7\u00e3o Brasileira de Futebol (CBF), Ednaldo Rodrigues.<\/strong><img decoding=\"async\" src=\"https:\/\/agenciabrasil.ebc.com.br\/ebc.png?id=1641899&amp;o=node\"><img decoding=\"async\" src=\"https:\/\/agenciabrasil.ebc.com.br\/ebc.gif?id=1641899&amp;o=node\"><\/p>\n\n\n\n<p>O pedido de afastamento&nbsp;<a href=\"https:\/\/agenciabrasil.ebc.com.br\/esportes\/noticia\/2025-05\/deputada-pede-ao-stf-retirada-imediata-de-ednaldo-rodrigues-da-cbf\">foi feito pela deputada federal Daniela Carneiro<\/a>&nbsp;(Uni\u00e3o Brasil\/RJ), mais conhecida como Daniela do Waguinho, e Fernando Sarney, vice-presidente da CBF.&nbsp;<\/p>\n\n\n\n<p>Entre as alega\u00e7\u00f5es apresentadas pela deputada, foi apontada a falsifica\u00e7\u00e3o da assinatura de Ant\u00f4nio Carlos Nunes de Lima, ex-vice-presidente da entidade, no acordo homologado pelo STF para encerrar a briga judicial pelo comando da confedera\u00e7\u00e3o.&nbsp;&nbsp;De acordo com a parlamentar, desde 2023, Nunes enfrenta graves problemas de sa\u00fade e n\u00e3o teria condi\u00e7\u00f5es mentais para assinar o documento espontaneamente.<\/p>\n\n\n\n<p><strong>Para Mendes, o pedido de afastamento \u00e9 incab\u00edvel juridicamente.<\/strong><\/p>\n\n\n\n<blockquote class=\"wp-block-quote is-layout-flow wp-block-quote-is-layout-flow\">\n<p>&#8220;N\u00e3o h\u00e1 que se falar em reconsidera\u00e7\u00e3o da decis\u00e3o cautelar, uma vez que ela j\u00e1 esgotou os efeitos e n\u00e3o mais vigora, dada a insubsist\u00eancia dos requisitos f\u00e1ticos e jur\u00eddicos que outrora legitimaram o seu provimento&#8221;, justificou o ministro.<\/p>\n<\/blockquote>\n\n\n\n<p>Apesar de manter Ednaldo no cargo, Gilmar Mendes determinou que a Justi\u00e7a do Rio de Janeiro investigue a suposta assinatura falsa que teria baseado o acordo homologado.<\/p>\n\n\n\n<blockquote class=\"wp-block-quote is-layout-flow wp-block-quote-is-layout-flow\">\n<p>&#8220;Os documentos juntados pelos ora peticionantes trazem not\u00edcias e graves suspeitas de v\u00edcios de consentimento capazes de macular o neg\u00f3cio jur\u00eddico entabulado&#8221;, decidiu.<\/p>\n<\/blockquote>\n\n\n\n<h2 class=\"wp-block-heading\">Acordo<\/h2>\n\n\n\n<p>Em fevereiro deste ano, Gilmar Mendes, relator do caso, homologou um acordo firmado entre a Confedera\u00e7\u00e3o Brasileira de Futebol (CBF), cinco dirigentes da entidade e a Federa\u00e7\u00e3o Mineira de Futebol (FMF) para encerrar a disputa judicial contra a elei\u00e7\u00e3o de Ednaldo Rodrigues para presid\u00eancia da entidade m\u00e1xima do futebol brasileiro.<\/p>\n\n\n\n<p>Em dezembro de 2023,&nbsp; o Tribunal de Justi\u00e7a do Rio de Janeiro (TJ-RJ) decidiu retirar Ednaldo Rodrigues do cargo. Na ocasi\u00e3o, a 21\u00aa C\u00e2mara de Direito Privado extinguiu a A\u00e7\u00e3o Civil P\u00fablica movida pelo Minist\u00e9rio P\u00fablico (MP) contra elei\u00e7\u00f5es que teriam sido realizadas irregularmente pela CBF em 2017.<\/p>\n\n\n\n<p>Diante do processo, a entidade m\u00e1xima do futebol brasileiro aceitou assinar em 2022 um Termo de Ajustamento de Conduta (TAC), que, entre outras coisas, estabeleceu a realiza\u00e7\u00e3o de uma nova elei\u00e7\u00e3o, da qual Ednaldo Rodrigues saiu vencedor.<\/p>\n\n\n\n<p>A decis\u00e3o de retirar Ednaldo Rodrigues da CBF foi tomada atendendo a um pedido de ex-vice-presidentes da entidade que perderam seus cargos no \u00e2mbito do TAC de 2022.<\/p>\n\n\n\n<p><strong>Para o TJ-RJ, o TAC assinado entre o MP e a CBF foi ilegal.<\/strong><\/p>\n\n\n\n<p>Ap\u00f3s a decis\u00e3o do tribunal, Gilmar Mendes concedeu a liminar para manter Ednaldo Rodrigues no cargo.<\/p>\n\n\n\n<p>Texto: Andr\u00e9 Richter &#8211; Rep\u00f3rter da Ag\u00eancia Brasil<\/p>\n","protected":false},"excerpt":{"rendered":"<p>O ministro Gilmar Mendes, do Supremo Tribunal Federal (STF), negou nesta quarta-feira (7) o pedido de afastamento do presidente da Confedera\u00e7\u00e3o Brasileira de Futebol (CBF), Ednaldo Rodrigues. O pedido de afastamento&nbsp;foi feito pela deputada federal Daniela Carneiro&nbsp;(Uni\u00e3o Brasil\/RJ), mais conhecida como Daniela do Waguinho, e Fernando Sarney, vice-presidente da CBF.&nbsp; Entre as alega\u00e7\u00f5es apresentadas pela [&hellip;]<\/p>\n","protected":false},"author":13,"featured_media":85456,"comment_status":"open","ping_status":"open","sticky":false,"template":"","format":"standard","meta":{"_acf_changed":false,"footnotes":""},"categories":[1,20,21],"tags":[],"class_list":["post-85455","post","type-post","status-publish","format-standard","has-post-thumbnail","hentry","category-esporte","category-noticias-em-destaque","category-todas-noticias"],"acf":[],"yoast_head":"<!-- This site is optimized with the Yoast SEO plugin v24.4 - https:\/\/yoast.com\/wordpress\/plugins\/seo\/ -->\n<title>Gilmar Mendes nega pedido para afastar presidente da CBF\u00a0 - PORTAL DE NOT\u00cdCIAS CLEITON PINHEIRO<\/title>\n<meta name=\"robots\" content=\"index, follow, max-snippet:-1, max-image-preview:large, max-video-preview:-1\" \/>\n<link rel=\"canonical\" href=\"https:\/\/cleitonpinheiro.com.br\/site\/gilmar-mendes-nega-pedido-para-afastar-presidente-da-cbf\/\" \/>\n<meta property=\"og:locale\" content=\"pt_BR\" \/>\n<meta property=\"og:type\" content=\"article\" \/>\n<meta property=\"og:title\" content=\"Gilmar Mendes nega pedido para afastar presidente da CBF\u00a0 - PORTAL DE NOT\u00cdCIAS CLEITON PINHEIRO\" \/>\n<meta property=\"og:description\" content=\"O ministro Gilmar Mendes, do Supremo Tribunal Federal (STF), negou nesta quarta-feira (7) o pedido de afastamento do presidente da Confedera\u00e7\u00e3o Brasileira de Futebol (CBF), Ednaldo Rodrigues. O pedido de afastamento&nbsp;foi feito pela deputada federal Daniela Carneiro&nbsp;(Uni\u00e3o Brasil\/RJ), mais conhecida como Daniela do Waguinho, e Fernando Sarney, vice-presidente da CBF.&nbsp; Entre as alega\u00e7\u00f5es apresentadas pela [&hellip;]\" \/>\n<meta property=\"og:url\" content=\"https:\/\/cleitonpinheiro.com.br\/site\/gilmar-mendes-nega-pedido-para-afastar-presidente-da-cbf\/\" \/>\n<meta property=\"og:site_name\" content=\"PORTAL DE NOT\u00cdCIAS CLEITON PINHEIRO\" \/>\n<meta property=\"article:publisher\" content=\"https:\/\/www.facebook.com\/portalcpnoticias\/\" \/>\n<meta property=\"article:published_time\" content=\"2025-05-08T18:29:36+00:00\" \/>\n<meta property=\"article:modified_time\" content=\"2025-05-08T18:29:42+00:00\" \/>\n<meta property=\"og:image\" content=\"https:\/\/cleitonpinheiro.com.br\/site\/wp-content\/uploads\/2025\/05\/ednaldo_rodrigues_novo_presidente_da_cbf.webp\" \/>\n\t<meta property=\"og:image:width\" content=\"1170\" \/>\n\t<meta property=\"og:image:height\" content=\"700\" \/>\n\t<meta property=\"og:image:type\" content=\"image\/webp\" \/>\n<meta name=\"author\" content=\"Reda\u00e7\u00e3o CP\" \/>\n<meta name=\"twitter:card\" content=\"summary_large_image\" \/>\n<meta name=\"twitter:label1\" content=\"Escrito por\" \/>\n\t<meta name=\"twitter:data1\" content=\"Reda\u00e7\u00e3o CP\" \/>\n\t<meta name=\"twitter:label2\" content=\"Est. tempo de leitura\" \/>\n\t<meta name=\"twitter:data2\" content=\"3 minutos\" \/>\n<script type=\"application\/ld+json\" class=\"yoast-schema-graph\">{\"@context\":\"https:\/\/schema.org\",\"@graph\":[{\"@type\":\"Article\",\"@id\":\"https:\/\/cleitonpinheiro.com.br\/site\/gilmar-mendes-nega-pedido-para-afastar-presidente-da-cbf\/#article\",\"isPartOf\":{\"@id\":\"https:\/\/cleitonpinheiro.com.br\/site\/gilmar-mendes-nega-pedido-para-afastar-presidente-da-cbf\/\"},\"author\":{\"name\":\"Reda\u00e7\u00e3o CP\",\"@id\":\"https:\/\/cleitonpinheiro.com.br\/site\/#\/schema\/person\/8f04544e0bc40a1b68775b08360f87db\"},\"headline\":\"Gilmar Mendes nega pedido para afastar presidente da CBF\u00a0\",\"datePublished\":\"2025-05-08T18:29:36+00:00\",\"dateModified\":\"2025-05-08T18:29:42+00:00\",\"mainEntityOfPage\":{\"@id\":\"https:\/\/cleitonpinheiro.com.br\/site\/gilmar-mendes-nega-pedido-para-afastar-presidente-da-cbf\/\"},\"wordCount\":464,\"commentCount\":0,\"publisher\":{\"@id\":\"https:\/\/cleitonpinheiro.com.br\/site\/#organization\"},\"image\":{\"@id\":\"https:\/\/cleitonpinheiro.com.br\/site\/gilmar-mendes-nega-pedido-para-afastar-presidente-da-cbf\/#primaryimage\"},\"thumbnailUrl\":\"https:\/\/cleitonpinheiro.com.br\/site\/wp-content\/uploads\/2025\/05\/ednaldo_rodrigues_novo_presidente_da_cbf.webp\",\"articleSection\":[\"ESPORTE\",\"NOT\u00cdCIAS EM DESTAQUE\",\"TODAS NOTICIAS\"],\"inLanguage\":\"pt-BR\",\"potentialAction\":[{\"@type\":\"CommentAction\",\"name\":\"Comment\",\"target\":[\"https:\/\/cleitonpinheiro.com.br\/site\/gilmar-mendes-nega-pedido-para-afastar-presidente-da-cbf\/#respond\"]}]},{\"@type\":\"WebPage\",\"@id\":\"https:\/\/cleitonpinheiro.com.br\/site\/gilmar-mendes-nega-pedido-para-afastar-presidente-da-cbf\/\",\"url\":\"https:\/\/cleitonpinheiro.com.br\/site\/gilmar-mendes-nega-pedido-para-afastar-presidente-da-cbf\/\",\"name\":\"Gilmar Mendes nega pedido para afastar presidente da CBF\u00a0 - PORTAL DE NOT\u00cdCIAS CLEITON PINHEIRO\",\"isPartOf\":{\"@id\":\"https:\/\/cleitonpinheiro.com.br\/site\/#website\"},\"primaryImageOfPage\":{\"@id\":\"https:\/\/cleitonpinheiro.com.br\/site\/gilmar-mendes-nega-pedido-para-afastar-presidente-da-cbf\/#primaryimage\"},\"image\":{\"@id\":\"https:\/\/cleitonpinheiro.com.br\/site\/gilmar-mendes-nega-pedido-para-afastar-presidente-da-cbf\/#primaryimage\"},\"thumbnailUrl\":\"https:\/\/cleitonpinheiro.com.br\/site\/wp-content\/uploads\/2025\/05\/ednaldo_rodrigues_novo_presidente_da_cbf.webp\",\"datePublished\":\"2025-05-08T18:29:36+00:00\",\"dateModified\":\"2025-05-08T18:29:42+00:00\",\"breadcrumb\":{\"@id\":\"https:\/\/cleitonpinheiro.com.br\/site\/gilmar-mendes-nega-pedido-para-afastar-presidente-da-cbf\/#breadcrumb\"},\"inLanguage\":\"pt-BR\",\"potentialAction\":[{\"@type\":\"ReadAction\",\"target\":[\"https:\/\/cleitonpinheiro.com.br\/site\/gilmar-mendes-nega-pedido-para-afastar-presidente-da-cbf\/\"]}]},{\"@type\":\"ImageObject\",\"inLanguage\":\"pt-BR\",\"@id\":\"https:\/\/cleitonpinheiro.com.br\/site\/gilmar-mendes-nega-pedido-para-afastar-presidente-da-cbf\/#primaryimage\",\"url\":\"https:\/\/cleitonpinheiro.com.br\/site\/wp-content\/uploads\/2025\/05\/ednaldo_rodrigues_novo_presidente_da_cbf.webp\",\"contentUrl\":\"https:\/\/cleitonpinheiro.com.br\/site\/wp-content\/uploads\/2025\/05\/ednaldo_rodrigues_novo_presidente_da_cbf.webp\",\"width\":1170,\"height\":700,\"caption\":\"\u00a9 Lucas Figueiredo\/CBF\"},{\"@type\":\"BreadcrumbList\",\"@id\":\"https:\/\/cleitonpinheiro.com.br\/site\/gilmar-mendes-nega-pedido-para-afastar-presidente-da-cbf\/#breadcrumb\",\"itemListElement\":[{\"@type\":\"ListItem\",\"position\":1,\"name\":\"In\u00edcio\",\"item\":\"https:\/\/cleitonpinheiro.com.br\/site\/\"},{\"@type\":\"ListItem\",\"position\":2,\"name\":\"Gilmar Mendes nega pedido para afastar presidente da CBF\u00a0\"}]},{\"@type\":\"WebSite\",\"@id\":\"https:\/\/cleitonpinheiro.com.br\/site\/#website\",\"url\":\"https:\/\/cleitonpinheiro.com.br\/site\/\",\"name\":\"PORTAL DE NOT\u00cdCIAS CLEITON PINHEIRO\",\"description\":\"FALANDO A VERDADE\",\"publisher\":{\"@id\":\"https:\/\/cleitonpinheiro.com.br\/site\/#organization\"},\"potentialAction\":[{\"@type\":\"SearchAction\",\"target\":{\"@type\":\"EntryPoint\",\"urlTemplate\":\"https:\/\/cleitonpinheiro.com.br\/site\/?s={search_term_string}\"},\"query-input\":{\"@type\":\"PropertyValueSpecification\",\"valueRequired\":true,\"valueName\":\"search_term_string\"}}],\"inLanguage\":\"pt-BR\"},{\"@type\":\"Organization\",\"@id\":\"https:\/\/cleitonpinheiro.com.br\/site\/#organization\",\"name\":\"CPNOT\u00cdCIAS\",\"url\":\"https:\/\/cleitonpinheiro.com.br\/site\/\",\"logo\":{\"@type\":\"ImageObject\",\"inLanguage\":\"pt-BR\",\"@id\":\"https:\/\/cleitonpinheiro.com.br\/site\/#\/schema\/logo\/image\/\",\"url\":\"https:\/\/cleitonpinheiro.com.br\/site\/wp-content\/uploads\/2022\/08\/Logo-pequena-2.png\",\"contentUrl\":\"https:\/\/cleitonpinheiro.com.br\/site\/wp-content\/uploads\/2022\/08\/Logo-pequena-2.png\",\"width\":500,\"height\":500,\"caption\":\"CPNOT\u00cdCIAS\"},\"image\":{\"@id\":\"https:\/\/cleitonpinheiro.com.br\/site\/#\/schema\/logo\/image\/\"},\"sameAs\":[\"https:\/\/www.facebook.com\/portalcpnoticias\/\"]},{\"@type\":\"Person\",\"@id\":\"https:\/\/cleitonpinheiro.com.br\/site\/#\/schema\/person\/8f04544e0bc40a1b68775b08360f87db\",\"name\":\"Reda\u00e7\u00e3o CP\",\"image\":{\"@type\":\"ImageObject\",\"inLanguage\":\"pt-BR\",\"@id\":\"https:\/\/cleitonpinheiro.com.br\/site\/#\/schema\/person\/image\/\",\"url\":\"https:\/\/secure.gravatar.com\/avatar\/0bcf19cb29fdc8fc588c490c7ae1b3e174dac268586a63fbe1d1893a0f9020cd?s=96&r=g\",\"contentUrl\":\"https:\/\/secure.gravatar.com\/avatar\/0bcf19cb29fdc8fc588c490c7ae1b3e174dac268586a63fbe1d1893a0f9020cd?s=96&r=g\",\"caption\":\"Reda\u00e7\u00e3o CP\"},\"url\":\"https:\/\/cleitonpinheiro.com.br\/site\/author\/redacao\/\"}]}<\/script>\n<!-- \/ Yoast SEO plugin. -->","yoast_head_json":{"title":"Gilmar Mendes nega pedido para afastar presidente da CBF\u00a0 - PORTAL DE NOT\u00cdCIAS CLEITON PINHEIRO","robots":{"index":"index","follow":"follow","max-snippet":"max-snippet:-1","max-image-preview":"max-image-preview:large","max-video-preview":"max-video-preview:-1"},"canonical":"https:\/\/cleitonpinheiro.com.br\/site\/gilmar-mendes-nega-pedido-para-afastar-presidente-da-cbf\/","og_locale":"pt_BR","og_type":"article","og_title":"Gilmar Mendes nega pedido para afastar presidente da CBF\u00a0 - PORTAL DE NOT\u00cdCIAS CLEITON PINHEIRO","og_description":"O ministro Gilmar Mendes, do Supremo Tribunal Federal (STF), negou nesta quarta-feira (7) o pedido de afastamento do presidente da Confedera\u00e7\u00e3o Brasileira de Futebol (CBF), Ednaldo Rodrigues. O pedido de afastamento&nbsp;foi feito pela deputada federal Daniela Carneiro&nbsp;(Uni\u00e3o Brasil\/RJ), mais conhecida como Daniela do Waguinho, e Fernando Sarney, vice-presidente da CBF.&nbsp; Entre as alega\u00e7\u00f5es apresentadas pela [&hellip;]","og_url":"https:\/\/cleitonpinheiro.com.br\/site\/gilmar-mendes-nega-pedido-para-afastar-presidente-da-cbf\/","og_site_name":"PORTAL DE NOT\u00cdCIAS CLEITON PINHEIRO","article_publisher":"https:\/\/www.facebook.com\/portalcpnoticias\/","article_published_time":"2025-05-08T18:29:36+00:00","article_modified_time":"2025-05-08T18:29:42+00:00","og_image":[{"width":1170,"height":700,"url":"https:\/\/cleitonpinheiro.com.br\/site\/wp-content\/uploads\/2025\/05\/ednaldo_rodrigues_novo_presidente_da_cbf.webp","type":"image\/webp"}],"author":"Reda\u00e7\u00e3o CP","twitter_card":"summary_large_image","twitter_misc":{"Escrito por":"Reda\u00e7\u00e3o CP","Est. tempo de leitura":"3 minutos"},"schema":{"@context":"https:\/\/schema.org","@graph":[{"@type":"Article","@id":"https:\/\/cleitonpinheiro.com.br\/site\/gilmar-mendes-nega-pedido-para-afastar-presidente-da-cbf\/#article","isPartOf":{"@id":"https:\/\/cleitonpinheiro.com.br\/site\/gilmar-mendes-nega-pedido-para-afastar-presidente-da-cbf\/"},"author":{"name":"Reda\u00e7\u00e3o CP","@id":"https:\/\/cleitonpinheiro.com.br\/site\/#\/schema\/person\/8f04544e0bc40a1b68775b08360f87db"},"headline":"Gilmar Mendes nega pedido para afastar presidente da CBF\u00a0","datePublished":"2025-05-08T18:29:36+00:00","dateModified":"2025-05-08T18:29:42+00:00","mainEntityOfPage":{"@id":"https:\/\/cleitonpinheiro.com.br\/site\/gilmar-mendes-nega-pedido-para-afastar-presidente-da-cbf\/"},"wordCount":464,"commentCount":0,"publisher":{"@id":"https:\/\/cleitonpinheiro.com.br\/site\/#organization"},"image":{"@id":"https:\/\/cleitonpinheiro.com.br\/site\/gilmar-mendes-nega-pedido-para-afastar-presidente-da-cbf\/#primaryimage"},"thumbnailUrl":"https:\/\/cleitonpinheiro.com.br\/site\/wp-content\/uploads\/2025\/05\/ednaldo_rodrigues_novo_presidente_da_cbf.webp","articleSection":["ESPORTE","NOT\u00cdCIAS EM DESTAQUE","TODAS NOTICIAS"],"inLanguage":"pt-BR","potentialAction":[{"@type":"CommentAction","name":"Comment","target":["https:\/\/cleitonpinheiro.com.br\/site\/gilmar-mendes-nega-pedido-para-afastar-presidente-da-cbf\/#respond"]}]},{"@type":"WebPage","@id":"https:\/\/cleitonpinheiro.com.br\/site\/gilmar-mendes-nega-pedido-para-afastar-presidente-da-cbf\/","url":"https:\/\/cleitonpinheiro.com.br\/site\/gilmar-mendes-nega-pedido-para-afastar-presidente-da-cbf\/","name":"Gilmar Mendes nega pedido para afastar presidente da CBF\u00a0 - PORTAL DE NOT\u00cdCIAS CLEITON PINHEIRO","isPartOf":{"@id":"https:\/\/cleitonpinheiro.com.br\/site\/#website"},"primaryImageOfPage":{"@id":"https:\/\/cleitonpinheiro.com.br\/site\/gilmar-mendes-nega-pedido-para-afastar-presidente-da-cbf\/#primaryimage"},"image":{"@id":"https:\/\/cleitonpinheiro.com.br\/site\/gilmar-mendes-nega-pedido-para-afastar-presidente-da-cbf\/#primaryimage"},"thumbnailUrl":"https:\/\/cleitonpinheiro.com.br\/site\/wp-content\/uploads\/2025\/05\/ednaldo_rodrigues_novo_presidente_da_cbf.webp","datePublished":"2025-05-08T18:29:36+00:00","dateModified":"2025-05-08T18:29:42+00:00","breadcrumb":{"@id":"https:\/\/cleitonpinheiro.com.br\/site\/gilmar-mendes-nega-pedido-para-afastar-presidente-da-cbf\/#breadcrumb"},"inLanguage":"pt-BR","potentialAction":[{"@type":"ReadAction","target":["https:\/\/cleitonpinheiro.com.br\/site\/gilmar-mendes-nega-pedido-para-afastar-presidente-da-cbf\/"]}]},{"@type":"ImageObject","inLanguage":"pt-BR","@id":"https:\/\/cleitonpinheiro.com.br\/site\/gilmar-mendes-nega-pedido-para-afastar-presidente-da-cbf\/#primaryimage","url":"https:\/\/cleitonpinheiro.com.br\/site\/wp-content\/uploads\/2025\/05\/ednaldo_rodrigues_novo_presidente_da_cbf.webp","contentUrl":"https:\/\/cleitonpinheiro.com.br\/site\/wp-content\/uploads\/2025\/05\/ednaldo_rodrigues_novo_presidente_da_cbf.webp","width":1170,"height":700,"caption":"\u00a9 Lucas Figueiredo\/CBF"},{"@type":"BreadcrumbList","@id":"https:\/\/cleitonpinheiro.com.br\/site\/gilmar-mendes-nega-pedido-para-afastar-presidente-da-cbf\/#breadcrumb","itemListElement":[{"@type":"ListItem","position":1,"name":"In\u00edcio","item":"https:\/\/cleitonpinheiro.com.br\/site\/"},{"@type":"ListItem","position":2,"name":"Gilmar Mendes nega pedido para afastar presidente da CBF\u00a0"}]},{"@type":"WebSite","@id":"https:\/\/cleitonpinheiro.com.br\/site\/#website","url":"https:\/\/cleitonpinheiro.com.br\/site\/","name":"PORTAL DE NOT\u00cdCIAS CLEITON PINHEIRO","description":"FALANDO A VERDADE","publisher":{"@id":"https:\/\/cleitonpinheiro.com.br\/site\/#organization"},"potentialAction":[{"@type":"SearchAction","target":{"@type":"EntryPoint","urlTemplate":"https:\/\/cleitonpinheiro.com.br\/site\/?s={search_term_string}"},"query-input":{"@type":"PropertyValueSpecification","valueRequired":true,"valueName":"search_term_string"}}],"inLanguage":"pt-BR"},{"@type":"Organization","@id":"https:\/\/cleitonpinheiro.com.br\/site\/#organization","name":"CPNOT\u00cdCIAS","url":"https:\/\/cleitonpinheiro.com.br\/site\/","logo":{"@type":"ImageObject","inLanguage":"pt-BR","@id":"https:\/\/cleitonpinheiro.com.br\/site\/#\/schema\/logo\/image\/","url":"https:\/\/cleitonpinheiro.com.br\/site\/wp-content\/uploads\/2022\/08\/Logo-pequena-2.png","contentUrl":"https:\/\/cleitonpinheiro.com.br\/site\/wp-content\/uploads\/2022\/08\/Logo-pequena-2.png","width":500,"height":500,"caption":"CPNOT\u00cdCIAS"},"image":{"@id":"https:\/\/cleitonpinheiro.com.br\/site\/#\/schema\/logo\/image\/"},"sameAs":["https:\/\/www.facebook.com\/portalcpnoticias\/"]},{"@type":"Person","@id":"https:\/\/cleitonpinheiro.com.br\/site\/#\/schema\/person\/8f04544e0bc40a1b68775b08360f87db","name":"Reda\u00e7\u00e3o CP","image":{"@type":"ImageObject","inLanguage":"pt-BR","@id":"https:\/\/cleitonpinheiro.com.br\/site\/#\/schema\/person\/image\/","url":"https:\/\/secure.gravatar.com\/avatar\/0bcf19cb29fdc8fc588c490c7ae1b3e174dac268586a63fbe1d1893a0f9020cd?s=96&r=g","contentUrl":"https:\/\/secure.gravatar.com\/avatar\/0bcf19cb29fdc8fc588c490c7ae1b3e174dac268586a63fbe1d1893a0f9020cd?s=96&r=g","caption":"Reda\u00e7\u00e3o CP"},"url":"https:\/\/cleitonpinheiro.com.br\/site\/author\/redacao\/"}]}},"views":133,"_links":{"self":[{"href":"https:\/\/cleitonpinheiro.com.br\/site\/wp-json\/wp\/v2\/posts\/85455","targetHints":{"allow":["GET"]}}],"collection":[{"href":"https:\/\/cleitonpinheiro.com.br\/site\/wp-json\/wp\/v2\/posts"}],"about":[{"href":"https:\/\/cleitonpinheiro.com.br\/site\/wp-json\/wp\/v2\/types\/post"}],"author":[{"embeddable":true,"href":"https:\/\/cleitonpinheiro.com.br\/site\/wp-json\/wp\/v2\/users\/13"}],"replies":[{"embeddable":true,"href":"https:\/\/cleitonpinheiro.com.br\/site\/wp-json\/wp\/v2\/comments?post=85455"}],"version-history":[{"count":1,"href":"https:\/\/cleitonpinheiro.com.br\/site\/wp-json\/wp\/v2\/posts\/85455\/revisions"}],"predecessor-version":[{"id":85457,"href":"https:\/\/cleitonpinheiro.com.br\/site\/wp-json\/wp\/v2\/posts\/85455\/revisions\/85457"}],"wp:featuredmedia":[{"embeddable":true,"href":"https:\/\/cleitonpinheiro.com.br\/site\/wp-json\/wp\/v2\/media\/85456"}],"wp:attachment":[{"href":"https:\/\/cleitonpinheiro.com.br\/site\/wp-json\/wp\/v2\/media?parent=85455"}],"wp:term":[{"taxonomy":"category","embeddable":true,"href":"https:\/\/cleitonpinheiro.com.br\/site\/wp-json\/wp\/v2\/categories?post=85455"},{"taxonomy":"post_tag","embeddable":true,"href":"https:\/\/cleitonpinheiro.com.br\/site\/wp-json\/wp\/v2\/tags?post=85455"}],"curies":[{"name":"wp","href":"https:\/\/api.w.org\/{rel}","templated":true}]}}