{"id":85469,"date":"2025-05-08T16:01:02","date_gmt":"2025-05-08T19:01:02","guid":{"rendered":"https:\/\/cleitonpinheiro.com.br\/site\/?p=85469"},"modified":"2025-05-08T16:01:07","modified_gmt":"2025-05-08T19:01:07","slug":"cnu-nomeados-pelo-ministerio-da-gestao-tem-30-dias-para-tomar-posse","status":"publish","type":"post","link":"https:\/\/cleitonpinheiro.com.br\/site\/cnu-nomeados-pelo-ministerio-da-gestao-tem-30-dias-para-tomar-posse\/","title":{"rendered":"CNU: nomeados pelo Minist\u00e9rio da Gest\u00e3o t\u00eam 30 dias para tomar posse"},"content":{"rendered":"\n<figure class=\"wp-block-image size-large\"><img fetchpriority=\"high\" decoding=\"async\" width=\"1024\" height=\"613\" src=\"https:\/\/cleitonpinheiro.com.br\/site\/wp-content\/uploads\/2025\/02\/destaque_concurso_unificado_copy-1024x613.webp\" alt=\"\" class=\"wp-image-84312\" srcset=\"https:\/\/cleitonpinheiro.com.br\/site\/wp-content\/uploads\/2025\/02\/destaque_concurso_unificado_copy-1024x613.webp 1024w, https:\/\/cleitonpinheiro.com.br\/site\/wp-content\/uploads\/2025\/02\/destaque_concurso_unificado_copy-300x179.webp 300w, https:\/\/cleitonpinheiro.com.br\/site\/wp-content\/uploads\/2025\/02\/destaque_concurso_unificado_copy-768x459.webp 768w, https:\/\/cleitonpinheiro.com.br\/site\/wp-content\/uploads\/2025\/02\/destaque_concurso_unificado_copy.webp 1170w\" sizes=\"(max-width: 1024px) 100vw, 1024px\" \/><\/figure>\n\n\n\n<p>Os 370 candidatos aprovados no Concurso P\u00fablico Nacional Unificado (CPNU) t\u00eam at\u00e9 30 dias para tomar posse no Minist\u00e9rio da Gest\u00e3o e da Inova\u00e7\u00e3o em Servi\u00e7os P\u00fablicos (MGI) em diversos estados. Os nomeados para 12 cargos da pasta e a lota\u00e7\u00e3o nas respectivas unidades&nbsp;da federa\u00e7\u00e3o podem ser conferidos na&nbsp;<a href=\"https:\/\/www.in.gov.br\/en\/web\/dou\/-\/portaria-de-pessoal-dgp\/ssc\/mgi-n-4.173-de-30-de-abril-de-2025-627070755\" target=\"_blank\" rel=\"noreferrer noopener\">portaria MGI n\u00ba 4.173\/2025<\/a>&nbsp;publicada nesta semana.<img decoding=\"async\" src=\"https:\/\/agenciabrasil.ebc.com.br\/ebc.png?id=1641941&amp;o=node\"><img decoding=\"async\" src=\"https:\/\/agenciabrasil.ebc.com.br\/ebc.gif?id=1641941&amp;o=node\"><\/p>\n\n\n\n<h2 class=\"wp-block-heading\">Documenta\u00e7\u00e3o<\/h2>\n\n\n\n<p><strong>Para a posse, os aprovados no certame precisam apresentar digitalmente a documenta\u00e7\u00e3o obrigat\u00f3ria na plataforma Sou.Gov.br, existente&nbsp;nos&nbsp;<a href=\"https:\/\/play.google.com\/store\/apps\/details?id=br.gov.serpro.sougov\" target=\"_blank\" rel=\"noreferrer noopener\">formatos de aplicativo<\/a>&nbsp;&nbsp;e&nbsp;<a href=\"https:\/\/sougov.sigepe.gov.br\/sougov\/\" target=\"_blank\" rel=\"noreferrer noopener\"><em>site<\/em><\/a>.<\/strong>&nbsp;A ferramenta \u00e9 voltada aos servidores p\u00fablicos federais, incluindo ativos, aposentados, pensionistas e anistiados pol\u00edticos.<\/p>\n\n\n\n<p>Entre os documentos exigidos est\u00e3o a\u202fcarteira&nbsp;de identidade ou Carteira de Identidade&nbsp;Nacional (CIN); certid\u00e3o de casamento ou comprovante&nbsp;de uni\u00e3o est\u00e1vel registrado&nbsp;em cart\u00f3rio, certificado de reservista, entre outros. A&nbsp;<a href=\"https:\/\/www.gov.br\/servidor\/pt-br\/acesso-a-informacao\/faq\/sou-gov.br\/ingresso-de-servidores\/documentacao-obrigatoria\" target=\"_blank\" rel=\"noreferrer noopener\">lista completa de documentos<\/a>&nbsp;necess\u00e1rios est\u00e1 dispon\u00edvel no portal do servidor.<\/p>\n\n\n\n<h2 class=\"wp-block-heading\">Plataforma digital<\/h2>\n\n\n\n<p><strong>O MGI tamb\u00e9m desenvolveu nova funcionalidade dentro do SouGov.br, voltada aos chamados ingressantes no servi\u00e7o federal.<\/strong>&nbsp;Dentro do SouGov.br, a nova funcionalidade \u201cIngresso de Servidor\u201d ter\u00e1 o objetivo de facilitar a posse dos aprovados em concursos p\u00fablicos federais e possibilitar\u00e1 que todo o processo de posse seja realizado de forma digital.<\/p>\n\n\n\n<p>O MGI aponta as vantagens do acesso digital:<\/p>\n\n\n\n<p>\u00b7&nbsp; &nbsp; &#8211;&nbsp; redu\u00e7\u00e3o de gastos com deslocamento e c\u00f3pia de documentos;<\/p>\n\n\n\n<p>\u00b7&nbsp; &nbsp; &nbsp;&#8211; preenchimento automatizado para ingressantes que j\u00e1 t\u00eam&nbsp;v\u00ednculos com a administra\u00e7\u00e3o p\u00fablica federal,<\/p>\n\n\n\n<p>\u00b7&nbsp; &nbsp; &nbsp;&#8211; facilidade no acompanhamento do processo em tempo real e no envio das informa\u00e7\u00f5es em qualquer hor\u00e1rio.<\/p>\n\n\n\n<p><strong>Os futuros servidores federais do concurso unificado dever\u00e3o tamb\u00e9m anexar o curr\u00edculo profissional e responder ao question\u00e1rio do&nbsp;Perfil Profissiogr\u00e1fico.<\/strong><\/p>\n\n\n\n<p>A ferramenta foi desenvolvida para que o governo federal conhe\u00e7a melhor a pessoa que tomar\u00e1 posse no servi\u00e7o p\u00fablico federal. O MGI tem a expectativa de que a ferramenta auxilie a gest\u00e3o de pessoas e permita decis\u00f5es mais assertivas sobre a aloca\u00e7\u00e3o dos servidores, considerando tanto suas compet\u00eancias quanto as demandas dos \u00f3rg\u00e3os federais.<\/p>\n\n\n\n<p><strong>O passo a passo que explica o que a pessoa convocada deve fazer para a posse est\u00e1&nbsp;sintetizado&nbsp;no&nbsp;<a href=\"https:\/\/www.gov.br\/servidor\/pt-br\/acesso-a-informacao\/faq\/sou-gov.br\/ingresso-de-servidores\/ManualdoIngressanteviaSOUGOV.BR.pdf\" target=\"_blank\" rel=\"noreferrer noopener\">Manual do Ingressante<\/a>, disponibilizado pelo Minist\u00e9rio da Gest\u00e3o e da Inova\u00e7\u00e3o em Servi\u00e7os P\u00fablicos.<\/strong><\/p>\n\n\n\n<h2 class=\"wp-block-heading\">Exames e atestados<\/h2>\n\n\n\n<p>Os nomeados dever\u00e3o providenciar os&nbsp;<a href=\"https:\/\/www.gov.br\/servidor\/pt-br\/acesso-a-informacao\/faq\/sou-gov.br\/ingresso-de-servidores\/ManualdoIngressanteviaSOUGOV.BR.pdf\" target=\"_blank\" rel=\"noreferrer noopener\">exames m\u00e9dicos admissionais<\/a>&nbsp;relacionados no fim da mesma portaria que traz os nomes dos 370 candidatos aprovados,&nbsp; publicada segunda-feira (5):&nbsp;<\/p>\n\n\n\n<p>\u00b7&nbsp; &nbsp; &nbsp; &nbsp; &nbsp;&#8211; hemograma completo com plaquetas;<\/p>\n\n\n\n<p>\u00b7&nbsp; &nbsp; &nbsp; &nbsp; &#8211;&nbsp; tipagem sangu\u00ednea ABO e fator RH;<\/p>\n\n\n\n<p>\u00b7&nbsp; &nbsp; &nbsp; &nbsp; &nbsp;&#8211; glicemia de jejum;<\/p>\n\n\n\n<p>\u00b7&nbsp; &nbsp; &nbsp; &nbsp; &nbsp;&#8211; creatinina;<\/p>\n\n\n\n<p>\u00b7&nbsp; &nbsp; &nbsp; &nbsp;&nbsp; &#8211; lipidograma (colesterol total e triglic\u00e9rides);<\/p>\n\n\n\n<p>\u00b7&nbsp; &nbsp; &nbsp; &nbsp; &nbsp;&#8211; Exame de An\u00e1lise do Sedimento (EAS) ou exame de urina;<\/p>\n\n\n\n<p>\u00b7&nbsp; &nbsp; &nbsp; &nbsp; &nbsp;&#8211; exames de enzimas produzidas principalmente no f\u00edgado para avaliar a sa\u00fade hep\u00e1tica \u2013 AST (TGO) e ALT (TGP).<\/p>\n\n\n\n<p>De acordo com a portaria, os atestados que declaram a aptid\u00e3o ou inaptid\u00e3o f\u00edsica e mental dos nomeados dever\u00e3o ser emitidos por m\u00e9dicos do Sistema \u00danico de Sa\u00fade (SUS). Esses atestados s\u00e3o obrigat\u00f3rios para a posse.<\/p>\n\n\n\n<h2 class=\"wp-block-heading\">Lota\u00e7\u00e3o<\/h2>\n\n\n\n<p><strong>A maioria das lota\u00e7\u00f5es dos aprovados est\u00e1 concentrada em Bras\u00edlia, onde fica a sede do Minist\u00e9rio da Gest\u00e3o, como os cargos de engenheiro (68 vagas), economista (27), arquiteto (14) e t\u00e9cnico em comunica\u00e7\u00e3o social (10)<\/strong>. H\u00e1 tamb\u00e9m vagas destinadas para unidades regionais&nbsp;no Rio de Janeiro, em Minas Gerais, no Acre, em Mato Grosso do Sul, Rond\u00f4nia, no Rio Grande do Sul e em S\u00e3o Paulo.<\/p>\n\n\n\n<p>Em caso de d\u00favidas, o MGI estabeleceu que o canal oficial de comunica\u00e7\u00e3o com os candidatos \u00e9 o endere\u00e7o eletr\u00f4nico cape.dgp@gestao.gov.br .<\/p>\n","protected":false},"excerpt":{"rendered":"<p>Os 370 candidatos aprovados no Concurso P\u00fablico Nacional Unificado (CPNU) t\u00eam at\u00e9 30 dias para tomar posse no Minist\u00e9rio da Gest\u00e3o e da Inova\u00e7\u00e3o em Servi\u00e7os P\u00fablicos (MGI) em diversos estados. Os nomeados para 12 cargos da pasta e a lota\u00e7\u00e3o nas respectivas unidades&nbsp;da federa\u00e7\u00e3o podem ser conferidos na&nbsp;portaria MGI n\u00ba 4.173\/2025&nbsp;publicada nesta semana. Documenta\u00e7\u00e3o [&hellip;]<\/p>\n","protected":false},"author":13,"featured_media":84312,"comment_status":"open","ping_status":"open","sticky":false,"template":"","format":"standard","meta":{"_acf_changed":false,"footnotes":""},"categories":[25,898,21],"tags":[],"class_list":["post-85469","post","type-post","status-publish","format-standard","has-post-thumbnail","hentry","category-funcionalismo","category-manchete-segundaria","category-todas-noticias"],"acf":[],"yoast_head":"<!-- This site is optimized with the Yoast SEO plugin v24.4 - https:\/\/yoast.com\/wordpress\/plugins\/seo\/ -->\n<title>CNU: nomeados pelo Minist\u00e9rio da Gest\u00e3o t\u00eam 30 dias para tomar posse - PORTAL DE NOT\u00cdCIAS CLEITON PINHEIRO<\/title>\n<meta name=\"robots\" content=\"index, follow, max-snippet:-1, max-image-preview:large, max-video-preview:-1\" \/>\n<link rel=\"canonical\" href=\"https:\/\/cleitonpinheiro.com.br\/site\/cnu-nomeados-pelo-ministerio-da-gestao-tem-30-dias-para-tomar-posse\/\" \/>\n<meta property=\"og:locale\" content=\"pt_BR\" \/>\n<meta property=\"og:type\" content=\"article\" \/>\n<meta property=\"og:title\" content=\"CNU: nomeados pelo Minist\u00e9rio da Gest\u00e3o t\u00eam 30 dias para tomar posse - PORTAL DE NOT\u00cdCIAS CLEITON PINHEIRO\" \/>\n<meta property=\"og:description\" content=\"Os 370 candidatos aprovados no Concurso P\u00fablico Nacional Unificado (CPNU) t\u00eam at\u00e9 30 dias para tomar posse no Minist\u00e9rio da Gest\u00e3o e da Inova\u00e7\u00e3o em Servi\u00e7os P\u00fablicos (MGI) em diversos estados. Os nomeados para 12 cargos da pasta e a lota\u00e7\u00e3o nas respectivas unidades&nbsp;da federa\u00e7\u00e3o podem ser conferidos na&nbsp;portaria MGI n\u00ba 4.173\/2025&nbsp;publicada nesta semana. Documenta\u00e7\u00e3o [&hellip;]\" \/>\n<meta property=\"og:url\" content=\"https:\/\/cleitonpinheiro.com.br\/site\/cnu-nomeados-pelo-ministerio-da-gestao-tem-30-dias-para-tomar-posse\/\" \/>\n<meta property=\"og:site_name\" content=\"PORTAL DE NOT\u00cdCIAS CLEITON PINHEIRO\" \/>\n<meta property=\"article:publisher\" content=\"https:\/\/www.facebook.com\/portalcpnoticias\/\" \/>\n<meta property=\"article:published_time\" content=\"2025-05-08T19:01:02+00:00\" \/>\n<meta property=\"article:modified_time\" content=\"2025-05-08T19:01:07+00:00\" \/>\n<meta property=\"og:image\" content=\"https:\/\/cleitonpinheiro.com.br\/site\/wp-content\/uploads\/2025\/02\/destaque_concurso_unificado_copy.webp\" \/>\n\t<meta property=\"og:image:width\" content=\"1170\" \/>\n\t<meta property=\"og:image:height\" content=\"700\" \/>\n\t<meta property=\"og:image:type\" content=\"image\/webp\" \/>\n<meta name=\"author\" content=\"Reda\u00e7\u00e3o CP\" \/>\n<meta name=\"twitter:card\" content=\"summary_large_image\" \/>\n<meta name=\"twitter:label1\" content=\"Escrito por\" \/>\n\t<meta name=\"twitter:data1\" content=\"Reda\u00e7\u00e3o CP\" \/>\n\t<meta name=\"twitter:label2\" content=\"Est. tempo de leitura\" \/>\n\t<meta name=\"twitter:data2\" content=\"4 minutos\" \/>\n<script type=\"application\/ld+json\" class=\"yoast-schema-graph\">{\"@context\":\"https:\/\/schema.org\",\"@graph\":[{\"@type\":\"Article\",\"@id\":\"https:\/\/cleitonpinheiro.com.br\/site\/cnu-nomeados-pelo-ministerio-da-gestao-tem-30-dias-para-tomar-posse\/#article\",\"isPartOf\":{\"@id\":\"https:\/\/cleitonpinheiro.com.br\/site\/cnu-nomeados-pelo-ministerio-da-gestao-tem-30-dias-para-tomar-posse\/\"},\"author\":{\"name\":\"Reda\u00e7\u00e3o CP\",\"@id\":\"https:\/\/cleitonpinheiro.com.br\/site\/#\/schema\/person\/8f04544e0bc40a1b68775b08360f87db\"},\"headline\":\"CNU: nomeados pelo Minist\u00e9rio da Gest\u00e3o t\u00eam 30 dias para tomar posse\",\"datePublished\":\"2025-05-08T19:01:02+00:00\",\"dateModified\":\"2025-05-08T19:01:07+00:00\",\"mainEntityOfPage\":{\"@id\":\"https:\/\/cleitonpinheiro.com.br\/site\/cnu-nomeados-pelo-ministerio-da-gestao-tem-30-dias-para-tomar-posse\/\"},\"wordCount\":713,\"commentCount\":0,\"publisher\":{\"@id\":\"https:\/\/cleitonpinheiro.com.br\/site\/#organization\"},\"image\":{\"@id\":\"https:\/\/cleitonpinheiro.com.br\/site\/cnu-nomeados-pelo-ministerio-da-gestao-tem-30-dias-para-tomar-posse\/#primaryimage\"},\"thumbnailUrl\":\"https:\/\/cleitonpinheiro.com.br\/site\/wp-content\/uploads\/2025\/02\/destaque_concurso_unificado_copy.webp\",\"articleSection\":[\"FUNCIONALISMO\",\"MANCHETE SEGUND\u00c1RIA\",\"TODAS NOTICIAS\"],\"inLanguage\":\"pt-BR\",\"potentialAction\":[{\"@type\":\"CommentAction\",\"name\":\"Comment\",\"target\":[\"https:\/\/cleitonpinheiro.com.br\/site\/cnu-nomeados-pelo-ministerio-da-gestao-tem-30-dias-para-tomar-posse\/#respond\"]}]},{\"@type\":\"WebPage\",\"@id\":\"https:\/\/cleitonpinheiro.com.br\/site\/cnu-nomeados-pelo-ministerio-da-gestao-tem-30-dias-para-tomar-posse\/\",\"url\":\"https:\/\/cleitonpinheiro.com.br\/site\/cnu-nomeados-pelo-ministerio-da-gestao-tem-30-dias-para-tomar-posse\/\",\"name\":\"CNU: nomeados pelo Minist\u00e9rio da Gest\u00e3o t\u00eam 30 dias para tomar posse - PORTAL DE NOT\u00cdCIAS CLEITON PINHEIRO\",\"isPartOf\":{\"@id\":\"https:\/\/cleitonpinheiro.com.br\/site\/#website\"},\"primaryImageOfPage\":{\"@id\":\"https:\/\/cleitonpinheiro.com.br\/site\/cnu-nomeados-pelo-ministerio-da-gestao-tem-30-dias-para-tomar-posse\/#primaryimage\"},\"image\":{\"@id\":\"https:\/\/cleitonpinheiro.com.br\/site\/cnu-nomeados-pelo-ministerio-da-gestao-tem-30-dias-para-tomar-posse\/#primaryimage\"},\"thumbnailUrl\":\"https:\/\/cleitonpinheiro.com.br\/site\/wp-content\/uploads\/2025\/02\/destaque_concurso_unificado_copy.webp\",\"datePublished\":\"2025-05-08T19:01:02+00:00\",\"dateModified\":\"2025-05-08T19:01:07+00:00\",\"breadcrumb\":{\"@id\":\"https:\/\/cleitonpinheiro.com.br\/site\/cnu-nomeados-pelo-ministerio-da-gestao-tem-30-dias-para-tomar-posse\/#breadcrumb\"},\"inLanguage\":\"pt-BR\",\"potentialAction\":[{\"@type\":\"ReadAction\",\"target\":[\"https:\/\/cleitonpinheiro.com.br\/site\/cnu-nomeados-pelo-ministerio-da-gestao-tem-30-dias-para-tomar-posse\/\"]}]},{\"@type\":\"ImageObject\",\"inLanguage\":\"pt-BR\",\"@id\":\"https:\/\/cleitonpinheiro.com.br\/site\/cnu-nomeados-pelo-ministerio-da-gestao-tem-30-dias-para-tomar-posse\/#primaryimage\",\"url\":\"https:\/\/cleitonpinheiro.com.br\/site\/wp-content\/uploads\/2025\/02\/destaque_concurso_unificado_copy.webp\",\"contentUrl\":\"https:\/\/cleitonpinheiro.com.br\/site\/wp-content\/uploads\/2025\/02\/destaque_concurso_unificado_copy.webp\",\"width\":1170,\"height\":700},{\"@type\":\"BreadcrumbList\",\"@id\":\"https:\/\/cleitonpinheiro.com.br\/site\/cnu-nomeados-pelo-ministerio-da-gestao-tem-30-dias-para-tomar-posse\/#breadcrumb\",\"itemListElement\":[{\"@type\":\"ListItem\",\"position\":1,\"name\":\"In\u00edcio\",\"item\":\"https:\/\/cleitonpinheiro.com.br\/site\/\"},{\"@type\":\"ListItem\",\"position\":2,\"name\":\"CNU: nomeados pelo Minist\u00e9rio da Gest\u00e3o t\u00eam 30 dias para tomar posse\"}]},{\"@type\":\"WebSite\",\"@id\":\"https:\/\/cleitonpinheiro.com.br\/site\/#website\",\"url\":\"https:\/\/cleitonpinheiro.com.br\/site\/\",\"name\":\"PORTAL DE NOT\u00cdCIAS CLEITON PINHEIRO\",\"description\":\"FALANDO A VERDADE\",\"publisher\":{\"@id\":\"https:\/\/cleitonpinheiro.com.br\/site\/#organization\"},\"potentialAction\":[{\"@type\":\"SearchAction\",\"target\":{\"@type\":\"EntryPoint\",\"urlTemplate\":\"https:\/\/cleitonpinheiro.com.br\/site\/?s={search_term_string}\"},\"query-input\":{\"@type\":\"PropertyValueSpecification\",\"valueRequired\":true,\"valueName\":\"search_term_string\"}}],\"inLanguage\":\"pt-BR\"},{\"@type\":\"Organization\",\"@id\":\"https:\/\/cleitonpinheiro.com.br\/site\/#organization\",\"name\":\"CPNOT\u00cdCIAS\",\"url\":\"https:\/\/cleitonpinheiro.com.br\/site\/\",\"logo\":{\"@type\":\"ImageObject\",\"inLanguage\":\"pt-BR\",\"@id\":\"https:\/\/cleitonpinheiro.com.br\/site\/#\/schema\/logo\/image\/\",\"url\":\"https:\/\/cleitonpinheiro.com.br\/site\/wp-content\/uploads\/2022\/08\/Logo-pequena-2.png\",\"contentUrl\":\"https:\/\/cleitonpinheiro.com.br\/site\/wp-content\/uploads\/2022\/08\/Logo-pequena-2.png\",\"width\":500,\"height\":500,\"caption\":\"CPNOT\u00cdCIAS\"},\"image\":{\"@id\":\"https:\/\/cleitonpinheiro.com.br\/site\/#\/schema\/logo\/image\/\"},\"sameAs\":[\"https:\/\/www.facebook.com\/portalcpnoticias\/\"]},{\"@type\":\"Person\",\"@id\":\"https:\/\/cleitonpinheiro.com.br\/site\/#\/schema\/person\/8f04544e0bc40a1b68775b08360f87db\",\"name\":\"Reda\u00e7\u00e3o CP\",\"image\":{\"@type\":\"ImageObject\",\"inLanguage\":\"pt-BR\",\"@id\":\"https:\/\/cleitonpinheiro.com.br\/site\/#\/schema\/person\/image\/\",\"url\":\"https:\/\/secure.gravatar.com\/avatar\/0bcf19cb29fdc8fc588c490c7ae1b3e174dac268586a63fbe1d1893a0f9020cd?s=96&r=g\",\"contentUrl\":\"https:\/\/secure.gravatar.com\/avatar\/0bcf19cb29fdc8fc588c490c7ae1b3e174dac268586a63fbe1d1893a0f9020cd?s=96&r=g\",\"caption\":\"Reda\u00e7\u00e3o CP\"},\"url\":\"https:\/\/cleitonpinheiro.com.br\/site\/author\/redacao\/\"}]}<\/script>\n<!-- \/ Yoast SEO plugin. -->","yoast_head_json":{"title":"CNU: nomeados pelo Minist\u00e9rio da Gest\u00e3o t\u00eam 30 dias para tomar posse - PORTAL DE NOT\u00cdCIAS CLEITON PINHEIRO","robots":{"index":"index","follow":"follow","max-snippet":"max-snippet:-1","max-image-preview":"max-image-preview:large","max-video-preview":"max-video-preview:-1"},"canonical":"https:\/\/cleitonpinheiro.com.br\/site\/cnu-nomeados-pelo-ministerio-da-gestao-tem-30-dias-para-tomar-posse\/","og_locale":"pt_BR","og_type":"article","og_title":"CNU: nomeados pelo Minist\u00e9rio da Gest\u00e3o t\u00eam 30 dias para tomar posse - PORTAL DE NOT\u00cdCIAS CLEITON PINHEIRO","og_description":"Os 370 candidatos aprovados no Concurso P\u00fablico Nacional Unificado (CPNU) t\u00eam at\u00e9 30 dias para tomar posse no Minist\u00e9rio da Gest\u00e3o e da Inova\u00e7\u00e3o em Servi\u00e7os P\u00fablicos (MGI) em diversos estados. Os nomeados para 12 cargos da pasta e a lota\u00e7\u00e3o nas respectivas unidades&nbsp;da federa\u00e7\u00e3o podem ser conferidos na&nbsp;portaria MGI n\u00ba 4.173\/2025&nbsp;publicada nesta semana. Documenta\u00e7\u00e3o [&hellip;]","og_url":"https:\/\/cleitonpinheiro.com.br\/site\/cnu-nomeados-pelo-ministerio-da-gestao-tem-30-dias-para-tomar-posse\/","og_site_name":"PORTAL DE NOT\u00cdCIAS CLEITON PINHEIRO","article_publisher":"https:\/\/www.facebook.com\/portalcpnoticias\/","article_published_time":"2025-05-08T19:01:02+00:00","article_modified_time":"2025-05-08T19:01:07+00:00","og_image":[{"width":1170,"height":700,"url":"https:\/\/cleitonpinheiro.com.br\/site\/wp-content\/uploads\/2025\/02\/destaque_concurso_unificado_copy.webp","type":"image\/webp"}],"author":"Reda\u00e7\u00e3o CP","twitter_card":"summary_large_image","twitter_misc":{"Escrito por":"Reda\u00e7\u00e3o CP","Est. tempo de leitura":"4 minutos"},"schema":{"@context":"https:\/\/schema.org","@graph":[{"@type":"Article","@id":"https:\/\/cleitonpinheiro.com.br\/site\/cnu-nomeados-pelo-ministerio-da-gestao-tem-30-dias-para-tomar-posse\/#article","isPartOf":{"@id":"https:\/\/cleitonpinheiro.com.br\/site\/cnu-nomeados-pelo-ministerio-da-gestao-tem-30-dias-para-tomar-posse\/"},"author":{"name":"Reda\u00e7\u00e3o CP","@id":"https:\/\/cleitonpinheiro.com.br\/site\/#\/schema\/person\/8f04544e0bc40a1b68775b08360f87db"},"headline":"CNU: nomeados pelo Minist\u00e9rio da Gest\u00e3o t\u00eam 30 dias para tomar posse","datePublished":"2025-05-08T19:01:02+00:00","dateModified":"2025-05-08T19:01:07+00:00","mainEntityOfPage":{"@id":"https:\/\/cleitonpinheiro.com.br\/site\/cnu-nomeados-pelo-ministerio-da-gestao-tem-30-dias-para-tomar-posse\/"},"wordCount":713,"commentCount":0,"publisher":{"@id":"https:\/\/cleitonpinheiro.com.br\/site\/#organization"},"image":{"@id":"https:\/\/cleitonpinheiro.com.br\/site\/cnu-nomeados-pelo-ministerio-da-gestao-tem-30-dias-para-tomar-posse\/#primaryimage"},"thumbnailUrl":"https:\/\/cleitonpinheiro.com.br\/site\/wp-content\/uploads\/2025\/02\/destaque_concurso_unificado_copy.webp","articleSection":["FUNCIONALISMO","MANCHETE SEGUND\u00c1RIA","TODAS NOTICIAS"],"inLanguage":"pt-BR","potentialAction":[{"@type":"CommentAction","name":"Comment","target":["https:\/\/cleitonpinheiro.com.br\/site\/cnu-nomeados-pelo-ministerio-da-gestao-tem-30-dias-para-tomar-posse\/#respond"]}]},{"@type":"WebPage","@id":"https:\/\/cleitonpinheiro.com.br\/site\/cnu-nomeados-pelo-ministerio-da-gestao-tem-30-dias-para-tomar-posse\/","url":"https:\/\/cleitonpinheiro.com.br\/site\/cnu-nomeados-pelo-ministerio-da-gestao-tem-30-dias-para-tomar-posse\/","name":"CNU: nomeados pelo Minist\u00e9rio da Gest\u00e3o t\u00eam 30 dias para tomar posse - PORTAL DE NOT\u00cdCIAS CLEITON PINHEIRO","isPartOf":{"@id":"https:\/\/cleitonpinheiro.com.br\/site\/#website"},"primaryImageOfPage":{"@id":"https:\/\/cleitonpinheiro.com.br\/site\/cnu-nomeados-pelo-ministerio-da-gestao-tem-30-dias-para-tomar-posse\/#primaryimage"},"image":{"@id":"https:\/\/cleitonpinheiro.com.br\/site\/cnu-nomeados-pelo-ministerio-da-gestao-tem-30-dias-para-tomar-posse\/#primaryimage"},"thumbnailUrl":"https:\/\/cleitonpinheiro.com.br\/site\/wp-content\/uploads\/2025\/02\/destaque_concurso_unificado_copy.webp","datePublished":"2025-05-08T19:01:02+00:00","dateModified":"2025-05-08T19:01:07+00:00","breadcrumb":{"@id":"https:\/\/cleitonpinheiro.com.br\/site\/cnu-nomeados-pelo-ministerio-da-gestao-tem-30-dias-para-tomar-posse\/#breadcrumb"},"inLanguage":"pt-BR","potentialAction":[{"@type":"ReadAction","target":["https:\/\/cleitonpinheiro.com.br\/site\/cnu-nomeados-pelo-ministerio-da-gestao-tem-30-dias-para-tomar-posse\/"]}]},{"@type":"ImageObject","inLanguage":"pt-BR","@id":"https:\/\/cleitonpinheiro.com.br\/site\/cnu-nomeados-pelo-ministerio-da-gestao-tem-30-dias-para-tomar-posse\/#primaryimage","url":"https:\/\/cleitonpinheiro.com.br\/site\/wp-content\/uploads\/2025\/02\/destaque_concurso_unificado_copy.webp","contentUrl":"https:\/\/cleitonpinheiro.com.br\/site\/wp-content\/uploads\/2025\/02\/destaque_concurso_unificado_copy.webp","width":1170,"height":700},{"@type":"BreadcrumbList","@id":"https:\/\/cleitonpinheiro.com.br\/site\/cnu-nomeados-pelo-ministerio-da-gestao-tem-30-dias-para-tomar-posse\/#breadcrumb","itemListElement":[{"@type":"ListItem","position":1,"name":"In\u00edcio","item":"https:\/\/cleitonpinheiro.com.br\/site\/"},{"@type":"ListItem","position":2,"name":"CNU: nomeados pelo Minist\u00e9rio da Gest\u00e3o t\u00eam 30 dias para tomar posse"}]},{"@type":"WebSite","@id":"https:\/\/cleitonpinheiro.com.br\/site\/#website","url":"https:\/\/cleitonpinheiro.com.br\/site\/","name":"PORTAL DE NOT\u00cdCIAS CLEITON PINHEIRO","description":"FALANDO A VERDADE","publisher":{"@id":"https:\/\/cleitonpinheiro.com.br\/site\/#organization"},"potentialAction":[{"@type":"SearchAction","target":{"@type":"EntryPoint","urlTemplate":"https:\/\/cleitonpinheiro.com.br\/site\/?s={search_term_string}"},"query-input":{"@type":"PropertyValueSpecification","valueRequired":true,"valueName":"search_term_string"}}],"inLanguage":"pt-BR"},{"@type":"Organization","@id":"https:\/\/cleitonpinheiro.com.br\/site\/#organization","name":"CPNOT\u00cdCIAS","url":"https:\/\/cleitonpinheiro.com.br\/site\/","logo":{"@type":"ImageObject","inLanguage":"pt-BR","@id":"https:\/\/cleitonpinheiro.com.br\/site\/#\/schema\/logo\/image\/","url":"https:\/\/cleitonpinheiro.com.br\/site\/wp-content\/uploads\/2022\/08\/Logo-pequena-2.png","contentUrl":"https:\/\/cleitonpinheiro.com.br\/site\/wp-content\/uploads\/2022\/08\/Logo-pequena-2.png","width":500,"height":500,"caption":"CPNOT\u00cdCIAS"},"image":{"@id":"https:\/\/cleitonpinheiro.com.br\/site\/#\/schema\/logo\/image\/"},"sameAs":["https:\/\/www.facebook.com\/portalcpnoticias\/"]},{"@type":"Person","@id":"https:\/\/cleitonpinheiro.com.br\/site\/#\/schema\/person\/8f04544e0bc40a1b68775b08360f87db","name":"Reda\u00e7\u00e3o CP","image":{"@type":"ImageObject","inLanguage":"pt-BR","@id":"https:\/\/cleitonpinheiro.com.br\/site\/#\/schema\/person\/image\/","url":"https:\/\/secure.gravatar.com\/avatar\/0bcf19cb29fdc8fc588c490c7ae1b3e174dac268586a63fbe1d1893a0f9020cd?s=96&r=g","contentUrl":"https:\/\/secure.gravatar.com\/avatar\/0bcf19cb29fdc8fc588c490c7ae1b3e174dac268586a63fbe1d1893a0f9020cd?s=96&r=g","caption":"Reda\u00e7\u00e3o CP"},"url":"https:\/\/cleitonpinheiro.com.br\/site\/author\/redacao\/"}]}},"views":134,"_links":{"self":[{"href":"https:\/\/cleitonpinheiro.com.br\/site\/wp-json\/wp\/v2\/posts\/85469","targetHints":{"allow":["GET"]}}],"collection":[{"href":"https:\/\/cleitonpinheiro.com.br\/site\/wp-json\/wp\/v2\/posts"}],"about":[{"href":"https:\/\/cleitonpinheiro.com.br\/site\/wp-json\/wp\/v2\/types\/post"}],"author":[{"embeddable":true,"href":"https:\/\/cleitonpinheiro.com.br\/site\/wp-json\/wp\/v2\/users\/13"}],"replies":[{"embeddable":true,"href":"https:\/\/cleitonpinheiro.com.br\/site\/wp-json\/wp\/v2\/comments?post=85469"}],"version-history":[{"count":1,"href":"https:\/\/cleitonpinheiro.com.br\/site\/wp-json\/wp\/v2\/posts\/85469\/revisions"}],"predecessor-version":[{"id":85470,"href":"https:\/\/cleitonpinheiro.com.br\/site\/wp-json\/wp\/v2\/posts\/85469\/revisions\/85470"}],"wp:featuredmedia":[{"embeddable":true,"href":"https:\/\/cleitonpinheiro.com.br\/site\/wp-json\/wp\/v2\/media\/84312"}],"wp:attachment":[{"href":"https:\/\/cleitonpinheiro.com.br\/site\/wp-json\/wp\/v2\/media?parent=85469"}],"wp:term":[{"taxonomy":"category","embeddable":true,"href":"https:\/\/cleitonpinheiro.com.br\/site\/wp-json\/wp\/v2\/categories?post=85469"},{"taxonomy":"post_tag","embeddable":true,"href":"https:\/\/cleitonpinheiro.com.br\/site\/wp-json\/wp\/v2\/tags?post=85469"}],"curies":[{"name":"wp","href":"https:\/\/api.w.org\/{rel}","templated":true}]}}