{"id":85521,"date":"2025-05-13T11:15:22","date_gmt":"2025-05-13T14:15:22","guid":{"rendered":"https:\/\/cleitonpinheiro.com.br\/site\/?p=85521"},"modified":"2025-05-13T11:15:28","modified_gmt":"2025-05-13T14:15:28","slug":"inss-notificara-beneficiarios-vitimas-de-descontos-a-partir-desta-terca-13-pelo-aplicativo-meu-inss","status":"publish","type":"post","link":"https:\/\/cleitonpinheiro.com.br\/site\/inss-notificara-beneficiarios-vitimas-de-descontos-a-partir-desta-terca-13-pelo-aplicativo-meu-inss\/","title":{"rendered":"INSS notificar\u00e1 benefici\u00e1rios v\u00edtimas de descontos a partir desta ter\u00e7a, 13, pelo aplicativo Meu INSS"},"content":{"rendered":"\n<figure class=\"wp-block-image size-large\"><img fetchpriority=\"high\" decoding=\"async\" width=\"1024\" height=\"613\" src=\"https:\/\/cleitonpinheiro.com.br\/site\/wp-content\/uploads\/2025\/05\/mg_1872-1-1024x613.webp\" alt=\"\" class=\"wp-image-85522\" srcset=\"https:\/\/cleitonpinheiro.com.br\/site\/wp-content\/uploads\/2025\/05\/mg_1872-1-1024x613.webp 1024w, https:\/\/cleitonpinheiro.com.br\/site\/wp-content\/uploads\/2025\/05\/mg_1872-1-300x179.webp 300w, https:\/\/cleitonpinheiro.com.br\/site\/wp-content\/uploads\/2025\/05\/mg_1872-1-768x459.webp 768w, https:\/\/cleitonpinheiro.com.br\/site\/wp-content\/uploads\/2025\/05\/mg_1872-1.webp 1170w\" sizes=\"(max-width: 1024px) 100vw, 1024px\" \/><figcaption class=\"wp-element-caption\">\u00a9 Jo\u00e9dson Alves\/Ag\u00eancia Brasil\n<\/figcaption><\/figure>\n\n\n\n<p>A&nbsp;<strong>partir desta ter\u00e7a-feira (13)<\/strong>, os&nbsp;<strong>aposentados e pensionistas que sofreram descontos em seus benef\u00edcios por meio de associa\u00e7\u00f5es&nbsp;ir\u00e3o receber uma notifica\u00e7\u00e3o do Instituto Nacional do Seguro Social (INSS)<\/strong>. A&nbsp;<strong>mensagem ser\u00e1 enviada pelo aplicativo&nbsp;<a href=\"https:\/\/meu.inss.gov.br\/#\/login\" target=\"_blank\" rel=\"noreferrer noopener\">Meu INSS<\/a><\/strong>.<img decoding=\"async\" src=\"https:\/\/agenciabrasil.ebc.com.br\/ebc.png?id=1642448&amp;o=node\"><img decoding=\"async\" src=\"https:\/\/agenciabrasil.ebc.com.br\/ebc.gif?id=1642448&amp;o=node\"><\/p>\n\n\n\n<p>Na mensagem,&nbsp;<strong>ir\u00e3o constar os descontos (valores) e os nomes das entidades<\/strong>.&nbsp;<\/p>\n\n\n\n<p>O<strong>&nbsp;aposentado ou pensionista que for notificado dever\u00e1 indicar se autorizou ou n\u00e3o o desconto j\u00e1 na quarta-feira (14).&nbsp;<\/strong>&nbsp;<\/p>\n\n\n\n<p>Se&nbsp;<strong>o benefici\u00e1rio informar que n\u00e3o autorizou<\/strong>,&nbsp;<strong>poder\u00e1 pedir o ressarcimento dos valores tamb\u00e9m na quarta-feira<\/strong>.&nbsp;<\/p>\n\n\n\n<p>No total, segundo o INSS,&nbsp;<strong>9 milh\u00f5es de benefici\u00e1rios receber\u00e3o a mensagem.<\/strong>&nbsp;<\/p>\n\n\n\n<p>Os&nbsp;<strong>aposentados e pensionistas v\u00edtimas de descontos n\u00e3o autorizados<\/strong>&nbsp;de mensalidades associativas&nbsp;<strong>ser\u00e3o ressarcidos pelos preju\u00edzos sofridos entre mar\u00e7o de 2020 e mar\u00e7o de 2025.<\/strong><\/p>\n\n\n\n<h2 class=\"wp-block-heading\">Alerta<\/h2>\n\n\n\n<p>O INSS alerta que:&nbsp;<\/p>\n\n\n\n<ul class=\"wp-block-list\">\n<li><strong>A notifica\u00e7\u00e3o ser\u00e1 enviada somente pelo aplicativo Meu INSS<\/strong><\/li>\n\n\n\n<li><strong>N\u00e3o haver\u00e1 contato por telefone, envio de SMS para celular. O INSS n\u00e3o tem intermedi\u00e1rios.\u00a0<\/strong><\/li>\n\n\n\n<li><strong>Em caso de d\u00favida, ligue para central de teleatendimento 135. A central funcional de segunda a s\u00e1bado, das 7h \u00e0s 22h.\u00a0<\/strong><\/li>\n\n\n\n<li><strong>Acesse\u00a0o aplicativo Meu INSS para facilitar que as notifica\u00e7\u00f5es apare\u00e7am automaticamente em seu celular.\u00a0<\/strong><\/li>\n<\/ul>\n\n\n\n<h2 class=\"wp-block-heading\">Como ser\u00e1 o reembolso<\/h2>\n\n\n\n<p>Assim que o benefici\u00e1rio informar que n\u00e3o autorizou o desconto, o&nbsp;<strong>INSS ir\u00e1 acionar a associa\u00e7\u00e3o para que fa\u00e7a o pagamento e apresente documenta\u00e7\u00e3o<\/strong>.<\/p>\n\n\n\n<p>O instituto informa que o&nbsp;<strong>aposentado e pensionista n\u00e3o precisa apresentar qualquer documento<\/strong>.<\/p>\n\n\n\n<p>A associa\u00e7\u00e3o ter\u00e1 15 dias \u00fateis para fazer o pagamento. As que n\u00e3o realizarem ser\u00e3o acionadas judicialmente.&nbsp;<\/p>\n\n\n\n<p>Texto: Ag\u00eancia Brasil<\/p>\n\n\n\n<p><\/p>\n","protected":false},"excerpt":{"rendered":"<p>A&nbsp;partir desta ter\u00e7a-feira (13), os&nbsp;aposentados e pensionistas que sofreram descontos em seus benef\u00edcios por meio de associa\u00e7\u00f5es&nbsp;ir\u00e3o receber uma notifica\u00e7\u00e3o do Instituto Nacional do Seguro Social (INSS). A&nbsp;mensagem ser\u00e1 enviada pelo aplicativo&nbsp;Meu INSS. Na mensagem,&nbsp;ir\u00e3o constar os descontos (valores) e os nomes das entidades.&nbsp; O&nbsp;aposentado ou pensionista que for notificado dever\u00e1 indicar se autorizou ou [&hellip;]<\/p>\n","protected":false},"author":13,"featured_media":85522,"comment_status":"open","ping_status":"open","sticky":false,"template":"","format":"standard","meta":{"_acf_changed":false,"footnotes":""},"categories":[19,898,21],"tags":[],"class_list":["post-85521","post","type-post","status-publish","format-standard","has-post-thumbnail","hentry","category-brasil-mundo","category-manchete-segundaria","category-todas-noticias"],"acf":[],"yoast_head":"<!-- This site is optimized with the Yoast SEO plugin v24.4 - https:\/\/yoast.com\/wordpress\/plugins\/seo\/ -->\n<title>INSS notificar\u00e1 benefici\u00e1rios v\u00edtimas de descontos a partir desta ter\u00e7a, 13, pelo aplicativo Meu INSS - PORTAL DE NOT\u00cdCIAS CLEITON PINHEIRO<\/title>\n<meta name=\"robots\" content=\"index, follow, max-snippet:-1, max-image-preview:large, max-video-preview:-1\" \/>\n<link rel=\"canonical\" href=\"https:\/\/cleitonpinheiro.com.br\/site\/inss-notificara-beneficiarios-vitimas-de-descontos-a-partir-desta-terca-13-pelo-aplicativo-meu-inss\/\" \/>\n<meta property=\"og:locale\" content=\"pt_BR\" \/>\n<meta property=\"og:type\" content=\"article\" \/>\n<meta property=\"og:title\" content=\"INSS notificar\u00e1 benefici\u00e1rios v\u00edtimas de descontos a partir desta ter\u00e7a, 13, pelo aplicativo Meu INSS - PORTAL DE NOT\u00cdCIAS CLEITON PINHEIRO\" \/>\n<meta property=\"og:description\" content=\"A&nbsp;partir desta ter\u00e7a-feira (13), os&nbsp;aposentados e pensionistas que sofreram descontos em seus benef\u00edcios por meio de associa\u00e7\u00f5es&nbsp;ir\u00e3o receber uma notifica\u00e7\u00e3o do Instituto Nacional do Seguro Social (INSS). A&nbsp;mensagem ser\u00e1 enviada pelo aplicativo&nbsp;Meu INSS. Na mensagem,&nbsp;ir\u00e3o constar os descontos (valores) e os nomes das entidades.&nbsp; O&nbsp;aposentado ou pensionista que for notificado dever\u00e1 indicar se autorizou ou [&hellip;]\" \/>\n<meta property=\"og:url\" content=\"https:\/\/cleitonpinheiro.com.br\/site\/inss-notificara-beneficiarios-vitimas-de-descontos-a-partir-desta-terca-13-pelo-aplicativo-meu-inss\/\" \/>\n<meta property=\"og:site_name\" content=\"PORTAL DE NOT\u00cdCIAS CLEITON PINHEIRO\" \/>\n<meta property=\"article:publisher\" content=\"https:\/\/www.facebook.com\/portalcpnoticias\/\" \/>\n<meta property=\"article:published_time\" content=\"2025-05-13T14:15:22+00:00\" \/>\n<meta property=\"article:modified_time\" content=\"2025-05-13T14:15:28+00:00\" \/>\n<meta property=\"og:image\" content=\"https:\/\/cleitonpinheiro.com.br\/site\/wp-content\/uploads\/2025\/05\/mg_1872-1.webp\" \/>\n\t<meta property=\"og:image:width\" content=\"1170\" \/>\n\t<meta property=\"og:image:height\" content=\"700\" \/>\n\t<meta property=\"og:image:type\" content=\"image\/webp\" \/>\n<meta name=\"author\" content=\"Reda\u00e7\u00e3o CP\" \/>\n<meta name=\"twitter:card\" content=\"summary_large_image\" \/>\n<meta name=\"twitter:label1\" content=\"Escrito por\" \/>\n\t<meta name=\"twitter:data1\" content=\"Reda\u00e7\u00e3o CP\" \/>\n\t<meta name=\"twitter:label2\" content=\"Est. tempo de leitura\" \/>\n\t<meta name=\"twitter:data2\" content=\"3 minutos\" \/>\n<script type=\"application\/ld+json\" class=\"yoast-schema-graph\">{\"@context\":\"https:\/\/schema.org\",\"@graph\":[{\"@type\":\"Article\",\"@id\":\"https:\/\/cleitonpinheiro.com.br\/site\/inss-notificara-beneficiarios-vitimas-de-descontos-a-partir-desta-terca-13-pelo-aplicativo-meu-inss\/#article\",\"isPartOf\":{\"@id\":\"https:\/\/cleitonpinheiro.com.br\/site\/inss-notificara-beneficiarios-vitimas-de-descontos-a-partir-desta-terca-13-pelo-aplicativo-meu-inss\/\"},\"author\":{\"name\":\"Reda\u00e7\u00e3o CP\",\"@id\":\"https:\/\/cleitonpinheiro.com.br\/site\/#\/schema\/person\/8f04544e0bc40a1b68775b08360f87db\"},\"headline\":\"INSS notificar\u00e1 benefici\u00e1rios v\u00edtimas de descontos a partir desta ter\u00e7a, 13, pelo aplicativo Meu INSS\",\"datePublished\":\"2025-05-13T14:15:22+00:00\",\"dateModified\":\"2025-05-13T14:15:28+00:00\",\"mainEntityOfPage\":{\"@id\":\"https:\/\/cleitonpinheiro.com.br\/site\/inss-notificara-beneficiarios-vitimas-de-descontos-a-partir-desta-terca-13-pelo-aplicativo-meu-inss\/\"},\"wordCount\":323,\"commentCount\":0,\"publisher\":{\"@id\":\"https:\/\/cleitonpinheiro.com.br\/site\/#organization\"},\"image\":{\"@id\":\"https:\/\/cleitonpinheiro.com.br\/site\/inss-notificara-beneficiarios-vitimas-de-descontos-a-partir-desta-terca-13-pelo-aplicativo-meu-inss\/#primaryimage\"},\"thumbnailUrl\":\"https:\/\/cleitonpinheiro.com.br\/site\/wp-content\/uploads\/2025\/05\/mg_1872-1.webp\",\"articleSection\":[\"BRASIL \/ MUNDO\",\"MANCHETE SEGUND\u00c1RIA\",\"TODAS NOTICIAS\"],\"inLanguage\":\"pt-BR\",\"potentialAction\":[{\"@type\":\"CommentAction\",\"name\":\"Comment\",\"target\":[\"https:\/\/cleitonpinheiro.com.br\/site\/inss-notificara-beneficiarios-vitimas-de-descontos-a-partir-desta-terca-13-pelo-aplicativo-meu-inss\/#respond\"]}]},{\"@type\":\"WebPage\",\"@id\":\"https:\/\/cleitonpinheiro.com.br\/site\/inss-notificara-beneficiarios-vitimas-de-descontos-a-partir-desta-terca-13-pelo-aplicativo-meu-inss\/\",\"url\":\"https:\/\/cleitonpinheiro.com.br\/site\/inss-notificara-beneficiarios-vitimas-de-descontos-a-partir-desta-terca-13-pelo-aplicativo-meu-inss\/\",\"name\":\"INSS notificar\u00e1 benefici\u00e1rios v\u00edtimas de descontos a partir desta ter\u00e7a, 13, pelo aplicativo Meu INSS - PORTAL DE NOT\u00cdCIAS CLEITON PINHEIRO\",\"isPartOf\":{\"@id\":\"https:\/\/cleitonpinheiro.com.br\/site\/#website\"},\"primaryImageOfPage\":{\"@id\":\"https:\/\/cleitonpinheiro.com.br\/site\/inss-notificara-beneficiarios-vitimas-de-descontos-a-partir-desta-terca-13-pelo-aplicativo-meu-inss\/#primaryimage\"},\"image\":{\"@id\":\"https:\/\/cleitonpinheiro.com.br\/site\/inss-notificara-beneficiarios-vitimas-de-descontos-a-partir-desta-terca-13-pelo-aplicativo-meu-inss\/#primaryimage\"},\"thumbnailUrl\":\"https:\/\/cleitonpinheiro.com.br\/site\/wp-content\/uploads\/2025\/05\/mg_1872-1.webp\",\"datePublished\":\"2025-05-13T14:15:22+00:00\",\"dateModified\":\"2025-05-13T14:15:28+00:00\",\"breadcrumb\":{\"@id\":\"https:\/\/cleitonpinheiro.com.br\/site\/inss-notificara-beneficiarios-vitimas-de-descontos-a-partir-desta-terca-13-pelo-aplicativo-meu-inss\/#breadcrumb\"},\"inLanguage\":\"pt-BR\",\"potentialAction\":[{\"@type\":\"ReadAction\",\"target\":[\"https:\/\/cleitonpinheiro.com.br\/site\/inss-notificara-beneficiarios-vitimas-de-descontos-a-partir-desta-terca-13-pelo-aplicativo-meu-inss\/\"]}]},{\"@type\":\"ImageObject\",\"inLanguage\":\"pt-BR\",\"@id\":\"https:\/\/cleitonpinheiro.com.br\/site\/inss-notificara-beneficiarios-vitimas-de-descontos-a-partir-desta-terca-13-pelo-aplicativo-meu-inss\/#primaryimage\",\"url\":\"https:\/\/cleitonpinheiro.com.br\/site\/wp-content\/uploads\/2025\/05\/mg_1872-1.webp\",\"contentUrl\":\"https:\/\/cleitonpinheiro.com.br\/site\/wp-content\/uploads\/2025\/05\/mg_1872-1.webp\",\"width\":1170,\"height\":700,\"caption\":\"\u00a9 Jo\u00e9dson Alves\/Ag\u00eancia Brasil\"},{\"@type\":\"BreadcrumbList\",\"@id\":\"https:\/\/cleitonpinheiro.com.br\/site\/inss-notificara-beneficiarios-vitimas-de-descontos-a-partir-desta-terca-13-pelo-aplicativo-meu-inss\/#breadcrumb\",\"itemListElement\":[{\"@type\":\"ListItem\",\"position\":1,\"name\":\"In\u00edcio\",\"item\":\"https:\/\/cleitonpinheiro.com.br\/site\/\"},{\"@type\":\"ListItem\",\"position\":2,\"name\":\"INSS notificar\u00e1 benefici\u00e1rios v\u00edtimas de descontos a partir desta ter\u00e7a, 13, pelo aplicativo Meu INSS\"}]},{\"@type\":\"WebSite\",\"@id\":\"https:\/\/cleitonpinheiro.com.br\/site\/#website\",\"url\":\"https:\/\/cleitonpinheiro.com.br\/site\/\",\"name\":\"PORTAL DE NOT\u00cdCIAS CLEITON PINHEIRO\",\"description\":\"FALANDO A VERDADE\",\"publisher\":{\"@id\":\"https:\/\/cleitonpinheiro.com.br\/site\/#organization\"},\"potentialAction\":[{\"@type\":\"SearchAction\",\"target\":{\"@type\":\"EntryPoint\",\"urlTemplate\":\"https:\/\/cleitonpinheiro.com.br\/site\/?s={search_term_string}\"},\"query-input\":{\"@type\":\"PropertyValueSpecification\",\"valueRequired\":true,\"valueName\":\"search_term_string\"}}],\"inLanguage\":\"pt-BR\"},{\"@type\":\"Organization\",\"@id\":\"https:\/\/cleitonpinheiro.com.br\/site\/#organization\",\"name\":\"CPNOT\u00cdCIAS\",\"url\":\"https:\/\/cleitonpinheiro.com.br\/site\/\",\"logo\":{\"@type\":\"ImageObject\",\"inLanguage\":\"pt-BR\",\"@id\":\"https:\/\/cleitonpinheiro.com.br\/site\/#\/schema\/logo\/image\/\",\"url\":\"https:\/\/cleitonpinheiro.com.br\/site\/wp-content\/uploads\/2022\/08\/Logo-pequena-2.png\",\"contentUrl\":\"https:\/\/cleitonpinheiro.com.br\/site\/wp-content\/uploads\/2022\/08\/Logo-pequena-2.png\",\"width\":500,\"height\":500,\"caption\":\"CPNOT\u00cdCIAS\"},\"image\":{\"@id\":\"https:\/\/cleitonpinheiro.com.br\/site\/#\/schema\/logo\/image\/\"},\"sameAs\":[\"https:\/\/www.facebook.com\/portalcpnoticias\/\"]},{\"@type\":\"Person\",\"@id\":\"https:\/\/cleitonpinheiro.com.br\/site\/#\/schema\/person\/8f04544e0bc40a1b68775b08360f87db\",\"name\":\"Reda\u00e7\u00e3o CP\",\"image\":{\"@type\":\"ImageObject\",\"inLanguage\":\"pt-BR\",\"@id\":\"https:\/\/cleitonpinheiro.com.br\/site\/#\/schema\/person\/image\/\",\"url\":\"https:\/\/secure.gravatar.com\/avatar\/0bcf19cb29fdc8fc588c490c7ae1b3e174dac268586a63fbe1d1893a0f9020cd?s=96&r=g\",\"contentUrl\":\"https:\/\/secure.gravatar.com\/avatar\/0bcf19cb29fdc8fc588c490c7ae1b3e174dac268586a63fbe1d1893a0f9020cd?s=96&r=g\",\"caption\":\"Reda\u00e7\u00e3o CP\"},\"url\":\"https:\/\/cleitonpinheiro.com.br\/site\/author\/redacao\/\"}]}<\/script>\n<!-- \/ Yoast SEO plugin. -->","yoast_head_json":{"title":"INSS notificar\u00e1 benefici\u00e1rios v\u00edtimas de descontos a partir desta ter\u00e7a, 13, pelo aplicativo Meu INSS - PORTAL DE NOT\u00cdCIAS CLEITON PINHEIRO","robots":{"index":"index","follow":"follow","max-snippet":"max-snippet:-1","max-image-preview":"max-image-preview:large","max-video-preview":"max-video-preview:-1"},"canonical":"https:\/\/cleitonpinheiro.com.br\/site\/inss-notificara-beneficiarios-vitimas-de-descontos-a-partir-desta-terca-13-pelo-aplicativo-meu-inss\/","og_locale":"pt_BR","og_type":"article","og_title":"INSS notificar\u00e1 benefici\u00e1rios v\u00edtimas de descontos a partir desta ter\u00e7a, 13, pelo aplicativo Meu INSS - PORTAL DE NOT\u00cdCIAS CLEITON PINHEIRO","og_description":"A&nbsp;partir desta ter\u00e7a-feira (13), os&nbsp;aposentados e pensionistas que sofreram descontos em seus benef\u00edcios por meio de associa\u00e7\u00f5es&nbsp;ir\u00e3o receber uma notifica\u00e7\u00e3o do Instituto Nacional do Seguro Social (INSS). A&nbsp;mensagem ser\u00e1 enviada pelo aplicativo&nbsp;Meu INSS. Na mensagem,&nbsp;ir\u00e3o constar os descontos (valores) e os nomes das entidades.&nbsp; O&nbsp;aposentado ou pensionista que for notificado dever\u00e1 indicar se autorizou ou [&hellip;]","og_url":"https:\/\/cleitonpinheiro.com.br\/site\/inss-notificara-beneficiarios-vitimas-de-descontos-a-partir-desta-terca-13-pelo-aplicativo-meu-inss\/","og_site_name":"PORTAL DE NOT\u00cdCIAS CLEITON PINHEIRO","article_publisher":"https:\/\/www.facebook.com\/portalcpnoticias\/","article_published_time":"2025-05-13T14:15:22+00:00","article_modified_time":"2025-05-13T14:15:28+00:00","og_image":[{"width":1170,"height":700,"url":"https:\/\/cleitonpinheiro.com.br\/site\/wp-content\/uploads\/2025\/05\/mg_1872-1.webp","type":"image\/webp"}],"author":"Reda\u00e7\u00e3o CP","twitter_card":"summary_large_image","twitter_misc":{"Escrito por":"Reda\u00e7\u00e3o CP","Est. tempo de leitura":"3 minutos"},"schema":{"@context":"https:\/\/schema.org","@graph":[{"@type":"Article","@id":"https:\/\/cleitonpinheiro.com.br\/site\/inss-notificara-beneficiarios-vitimas-de-descontos-a-partir-desta-terca-13-pelo-aplicativo-meu-inss\/#article","isPartOf":{"@id":"https:\/\/cleitonpinheiro.com.br\/site\/inss-notificara-beneficiarios-vitimas-de-descontos-a-partir-desta-terca-13-pelo-aplicativo-meu-inss\/"},"author":{"name":"Reda\u00e7\u00e3o CP","@id":"https:\/\/cleitonpinheiro.com.br\/site\/#\/schema\/person\/8f04544e0bc40a1b68775b08360f87db"},"headline":"INSS notificar\u00e1 benefici\u00e1rios v\u00edtimas de descontos a partir desta ter\u00e7a, 13, pelo aplicativo Meu INSS","datePublished":"2025-05-13T14:15:22+00:00","dateModified":"2025-05-13T14:15:28+00:00","mainEntityOfPage":{"@id":"https:\/\/cleitonpinheiro.com.br\/site\/inss-notificara-beneficiarios-vitimas-de-descontos-a-partir-desta-terca-13-pelo-aplicativo-meu-inss\/"},"wordCount":323,"commentCount":0,"publisher":{"@id":"https:\/\/cleitonpinheiro.com.br\/site\/#organization"},"image":{"@id":"https:\/\/cleitonpinheiro.com.br\/site\/inss-notificara-beneficiarios-vitimas-de-descontos-a-partir-desta-terca-13-pelo-aplicativo-meu-inss\/#primaryimage"},"thumbnailUrl":"https:\/\/cleitonpinheiro.com.br\/site\/wp-content\/uploads\/2025\/05\/mg_1872-1.webp","articleSection":["BRASIL \/ MUNDO","MANCHETE SEGUND\u00c1RIA","TODAS NOTICIAS"],"inLanguage":"pt-BR","potentialAction":[{"@type":"CommentAction","name":"Comment","target":["https:\/\/cleitonpinheiro.com.br\/site\/inss-notificara-beneficiarios-vitimas-de-descontos-a-partir-desta-terca-13-pelo-aplicativo-meu-inss\/#respond"]}]},{"@type":"WebPage","@id":"https:\/\/cleitonpinheiro.com.br\/site\/inss-notificara-beneficiarios-vitimas-de-descontos-a-partir-desta-terca-13-pelo-aplicativo-meu-inss\/","url":"https:\/\/cleitonpinheiro.com.br\/site\/inss-notificara-beneficiarios-vitimas-de-descontos-a-partir-desta-terca-13-pelo-aplicativo-meu-inss\/","name":"INSS notificar\u00e1 benefici\u00e1rios v\u00edtimas de descontos a partir desta ter\u00e7a, 13, pelo aplicativo Meu INSS - PORTAL DE NOT\u00cdCIAS CLEITON PINHEIRO","isPartOf":{"@id":"https:\/\/cleitonpinheiro.com.br\/site\/#website"},"primaryImageOfPage":{"@id":"https:\/\/cleitonpinheiro.com.br\/site\/inss-notificara-beneficiarios-vitimas-de-descontos-a-partir-desta-terca-13-pelo-aplicativo-meu-inss\/#primaryimage"},"image":{"@id":"https:\/\/cleitonpinheiro.com.br\/site\/inss-notificara-beneficiarios-vitimas-de-descontos-a-partir-desta-terca-13-pelo-aplicativo-meu-inss\/#primaryimage"},"thumbnailUrl":"https:\/\/cleitonpinheiro.com.br\/site\/wp-content\/uploads\/2025\/05\/mg_1872-1.webp","datePublished":"2025-05-13T14:15:22+00:00","dateModified":"2025-05-13T14:15:28+00:00","breadcrumb":{"@id":"https:\/\/cleitonpinheiro.com.br\/site\/inss-notificara-beneficiarios-vitimas-de-descontos-a-partir-desta-terca-13-pelo-aplicativo-meu-inss\/#breadcrumb"},"inLanguage":"pt-BR","potentialAction":[{"@type":"ReadAction","target":["https:\/\/cleitonpinheiro.com.br\/site\/inss-notificara-beneficiarios-vitimas-de-descontos-a-partir-desta-terca-13-pelo-aplicativo-meu-inss\/"]}]},{"@type":"ImageObject","inLanguage":"pt-BR","@id":"https:\/\/cleitonpinheiro.com.br\/site\/inss-notificara-beneficiarios-vitimas-de-descontos-a-partir-desta-terca-13-pelo-aplicativo-meu-inss\/#primaryimage","url":"https:\/\/cleitonpinheiro.com.br\/site\/wp-content\/uploads\/2025\/05\/mg_1872-1.webp","contentUrl":"https:\/\/cleitonpinheiro.com.br\/site\/wp-content\/uploads\/2025\/05\/mg_1872-1.webp","width":1170,"height":700,"caption":"\u00a9 Jo\u00e9dson Alves\/Ag\u00eancia Brasil"},{"@type":"BreadcrumbList","@id":"https:\/\/cleitonpinheiro.com.br\/site\/inss-notificara-beneficiarios-vitimas-de-descontos-a-partir-desta-terca-13-pelo-aplicativo-meu-inss\/#breadcrumb","itemListElement":[{"@type":"ListItem","position":1,"name":"In\u00edcio","item":"https:\/\/cleitonpinheiro.com.br\/site\/"},{"@type":"ListItem","position":2,"name":"INSS notificar\u00e1 benefici\u00e1rios v\u00edtimas de descontos a partir desta ter\u00e7a, 13, pelo aplicativo Meu INSS"}]},{"@type":"WebSite","@id":"https:\/\/cleitonpinheiro.com.br\/site\/#website","url":"https:\/\/cleitonpinheiro.com.br\/site\/","name":"PORTAL DE NOT\u00cdCIAS CLEITON PINHEIRO","description":"FALANDO A VERDADE","publisher":{"@id":"https:\/\/cleitonpinheiro.com.br\/site\/#organization"},"potentialAction":[{"@type":"SearchAction","target":{"@type":"EntryPoint","urlTemplate":"https:\/\/cleitonpinheiro.com.br\/site\/?s={search_term_string}"},"query-input":{"@type":"PropertyValueSpecification","valueRequired":true,"valueName":"search_term_string"}}],"inLanguage":"pt-BR"},{"@type":"Organization","@id":"https:\/\/cleitonpinheiro.com.br\/site\/#organization","name":"CPNOT\u00cdCIAS","url":"https:\/\/cleitonpinheiro.com.br\/site\/","logo":{"@type":"ImageObject","inLanguage":"pt-BR","@id":"https:\/\/cleitonpinheiro.com.br\/site\/#\/schema\/logo\/image\/","url":"https:\/\/cleitonpinheiro.com.br\/site\/wp-content\/uploads\/2022\/08\/Logo-pequena-2.png","contentUrl":"https:\/\/cleitonpinheiro.com.br\/site\/wp-content\/uploads\/2022\/08\/Logo-pequena-2.png","width":500,"height":500,"caption":"CPNOT\u00cdCIAS"},"image":{"@id":"https:\/\/cleitonpinheiro.com.br\/site\/#\/schema\/logo\/image\/"},"sameAs":["https:\/\/www.facebook.com\/portalcpnoticias\/"]},{"@type":"Person","@id":"https:\/\/cleitonpinheiro.com.br\/site\/#\/schema\/person\/8f04544e0bc40a1b68775b08360f87db","name":"Reda\u00e7\u00e3o CP","image":{"@type":"ImageObject","inLanguage":"pt-BR","@id":"https:\/\/cleitonpinheiro.com.br\/site\/#\/schema\/person\/image\/","url":"https:\/\/secure.gravatar.com\/avatar\/0bcf19cb29fdc8fc588c490c7ae1b3e174dac268586a63fbe1d1893a0f9020cd?s=96&r=g","contentUrl":"https:\/\/secure.gravatar.com\/avatar\/0bcf19cb29fdc8fc588c490c7ae1b3e174dac268586a63fbe1d1893a0f9020cd?s=96&r=g","caption":"Reda\u00e7\u00e3o CP"},"url":"https:\/\/cleitonpinheiro.com.br\/site\/author\/redacao\/"}]}},"views":142,"_links":{"self":[{"href":"https:\/\/cleitonpinheiro.com.br\/site\/wp-json\/wp\/v2\/posts\/85521","targetHints":{"allow":["GET"]}}],"collection":[{"href":"https:\/\/cleitonpinheiro.com.br\/site\/wp-json\/wp\/v2\/posts"}],"about":[{"href":"https:\/\/cleitonpinheiro.com.br\/site\/wp-json\/wp\/v2\/types\/post"}],"author":[{"embeddable":true,"href":"https:\/\/cleitonpinheiro.com.br\/site\/wp-json\/wp\/v2\/users\/13"}],"replies":[{"embeddable":true,"href":"https:\/\/cleitonpinheiro.com.br\/site\/wp-json\/wp\/v2\/comments?post=85521"}],"version-history":[{"count":1,"href":"https:\/\/cleitonpinheiro.com.br\/site\/wp-json\/wp\/v2\/posts\/85521\/revisions"}],"predecessor-version":[{"id":85523,"href":"https:\/\/cleitonpinheiro.com.br\/site\/wp-json\/wp\/v2\/posts\/85521\/revisions\/85523"}],"wp:featuredmedia":[{"embeddable":true,"href":"https:\/\/cleitonpinheiro.com.br\/site\/wp-json\/wp\/v2\/media\/85522"}],"wp:attachment":[{"href":"https:\/\/cleitonpinheiro.com.br\/site\/wp-json\/wp\/v2\/media?parent=85521"}],"wp:term":[{"taxonomy":"category","embeddable":true,"href":"https:\/\/cleitonpinheiro.com.br\/site\/wp-json\/wp\/v2\/categories?post=85521"},{"taxonomy":"post_tag","embeddable":true,"href":"https:\/\/cleitonpinheiro.com.br\/site\/wp-json\/wp\/v2\/tags?post=85521"}],"curies":[{"name":"wp","href":"https:\/\/api.w.org\/{rel}","templated":true}]}}