{"id":85524,"date":"2025-05-13T11:29:03","date_gmt":"2025-05-13T14:29:03","guid":{"rendered":"https:\/\/cleitonpinheiro.com.br\/site\/?p=85524"},"modified":"2025-05-16T10:01:22","modified_gmt":"2025-05-16T13:01:22","slug":"ajusp-to-cobra-da-secad-que-disponibilize-informacoes-sobre-os-passivos-no-portal-do-servidor","status":"publish","type":"post","link":"https:\/\/cleitonpinheiro.com.br\/site\/ajusp-to-cobra-da-secad-que-disponibilize-informacoes-sobre-os-passivos-no-portal-do-servidor\/","title":{"rendered":"Ajusp-TO cobra da Secad que disponibilize informa\u00e7\u00f5es sobre os passivos no Portal do Servidor"},"content":{"rendered":"\n<figure class=\"wp-block-image aligncenter size-full\"><img fetchpriority=\"high\" decoding=\"async\" width=\"290\" height=\"174\" src=\"https:\/\/cleitonpinheiro.com.br\/site\/wp-content\/uploads\/2025\/05\/Cleiton-Pinheiro-Ajusp-1.jpg\" alt=\"\" class=\"wp-image-85525\"\/><\/figure>\n\n\n\n<p>Nesta ter\u00e7a-feira, 13 de maio, a Associa\u00e7\u00e3o de Assist\u00eancia Jur\u00eddica dos Servidores P\u00fablicos do Estado do Tocantins (AJUSP-TO) protocolou um Of\u00edcio ao secret\u00e1rio de Estado da Administra\u00e7\u00e3o, Paulo C\u00e9sar Benfica, solicitando que seja disponibilizado no Portal do Servidor, os Demonstrativos Financeiros dos parcelamentos dos passivos, dos servidores p\u00fablicos vinculados ao Poder Executivo Estadual.<\/p>\n\n\n\n<p>Os servidores p\u00fablicos est\u00e3o sofrendo com a falta de transpar\u00eancia nesse ponto, haja vista que n\u00e3o \u00e9 poss\u00edvel acompanhar de forma on-line, os dados sobre os passivos retroativos dos direitos da categoria. E a SECAD \u00e9 o \u00f3rg\u00e3o gestor da Folha de Pagamento, respons\u00e1vel pela disponibiliza\u00e7\u00e3o de todos os dados necess\u00e1rios no Portal do Servidor.<\/p>\n\n\n\n<p>\u201cTivemos o Decreto n\u00ba 6.950, de 29\/04\/2025, publicado no Di\u00e1rio Oficial n\u00ba 6.807, de 30\/04\/2025, autorizando a concess\u00e3o administrativa de milhares de progress\u00f5es funcionais. E o pagamento das progress\u00f5es feito de forma atrasada, gera valores retroativos (passivos). Ocorre que, quando os servidores procuram informa\u00e7\u00f5es para acompanhar o recebimento desses valores, est\u00e3o precisando recorrer ao RH do seu \u00f3rg\u00e3o, tudo isso porque os dados n\u00e3o est\u00e3o no Portal do Servidor. \u00c9 uma falta de transpar\u00eancia que precisa ser corrigida pela SECAD\u201d, enfatiza o presidente da AJUSP-TO, Cleiton Pinheiro.<\/p>\n\n\n\n<p>O prazo dado pela AJUSP-TO para solu\u00e7\u00e3o da demanda foi de, no m\u00e1ximo, 20 dias, sob pena de ado\u00e7\u00e3o das medidas judiciais cab\u00edveis. Veja o of\u00edcio protocolado:&nbsp;<a href=\"https:\/\/ajuspto.com.br\/portal\/wp-content\/uploads\/2025\/05\/OFICIO-JUSP-TO-GABPRES-No011-2025.pdf\">OFICIO-JUSP-TO-GABPRES-N\u00ba011-2025<\/a>&nbsp;<em>(Assessoria de Comunica\u00e7\u00e3o AJUSP-TO)<\/em><\/p>\n","protected":false},"excerpt":{"rendered":"<p>Nesta ter\u00e7a-feira, 13 de maio, a Associa\u00e7\u00e3o de Assist\u00eancia Jur\u00eddica dos Servidores P\u00fablicos do Estado do Tocantins (AJUSP-TO) protocolou um Of\u00edcio ao secret\u00e1rio de Estado da Administra\u00e7\u00e3o, Paulo C\u00e9sar Benfica, solicitando que seja disponibilizado no Portal do Servidor, os Demonstrativos Financeiros dos parcelamentos dos passivos, dos servidores p\u00fablicos vinculados ao Poder Executivo Estadual. Os servidores [&hellip;]<\/p>\n","protected":false},"author":13,"featured_media":85525,"comment_status":"open","ping_status":"open","sticky":false,"template":"","format":"standard","meta":{"_acf_changed":false,"footnotes":""},"categories":[25,898,21],"tags":[],"class_list":["post-85524","post","type-post","status-publish","format-standard","has-post-thumbnail","hentry","category-funcionalismo","category-manchete-segundaria","category-todas-noticias"],"acf":[],"yoast_head":"<!-- This site is optimized with the Yoast SEO plugin v24.4 - https:\/\/yoast.com\/wordpress\/plugins\/seo\/ -->\n<title>Ajusp-TO cobra da Secad que disponibilize informa\u00e7\u00f5es sobre os passivos no Portal do Servidor - PORTAL DE NOT\u00cdCIAS CLEITON PINHEIRO<\/title>\n<meta name=\"robots\" content=\"index, follow, max-snippet:-1, max-image-preview:large, max-video-preview:-1\" \/>\n<link rel=\"canonical\" href=\"https:\/\/cleitonpinheiro.com.br\/site\/ajusp-to-cobra-da-secad-que-disponibilize-informacoes-sobre-os-passivos-no-portal-do-servidor\/\" \/>\n<meta property=\"og:locale\" content=\"pt_BR\" \/>\n<meta property=\"og:type\" content=\"article\" \/>\n<meta property=\"og:title\" content=\"Ajusp-TO cobra da Secad que disponibilize informa\u00e7\u00f5es sobre os passivos no Portal do Servidor - PORTAL DE NOT\u00cdCIAS CLEITON PINHEIRO\" \/>\n<meta property=\"og:description\" content=\"Nesta ter\u00e7a-feira, 13 de maio, a Associa\u00e7\u00e3o de Assist\u00eancia Jur\u00eddica dos Servidores P\u00fablicos do Estado do Tocantins (AJUSP-TO) protocolou um Of\u00edcio ao secret\u00e1rio de Estado da Administra\u00e7\u00e3o, Paulo C\u00e9sar Benfica, solicitando que seja disponibilizado no Portal do Servidor, os Demonstrativos Financeiros dos parcelamentos dos passivos, dos servidores p\u00fablicos vinculados ao Poder Executivo Estadual. Os servidores [&hellip;]\" \/>\n<meta property=\"og:url\" content=\"https:\/\/cleitonpinheiro.com.br\/site\/ajusp-to-cobra-da-secad-que-disponibilize-informacoes-sobre-os-passivos-no-portal-do-servidor\/\" \/>\n<meta property=\"og:site_name\" content=\"PORTAL DE NOT\u00cdCIAS CLEITON PINHEIRO\" \/>\n<meta property=\"article:publisher\" content=\"https:\/\/www.facebook.com\/portalcpnoticias\/\" \/>\n<meta property=\"article:published_time\" content=\"2025-05-13T14:29:03+00:00\" \/>\n<meta property=\"article:modified_time\" content=\"2025-05-16T13:01:22+00:00\" \/>\n<meta property=\"og:image\" content=\"https:\/\/cleitonpinheiro.com.br\/site\/wp-content\/uploads\/2025\/05\/Cleiton-Pinheiro-Ajusp-1.jpg\" \/>\n\t<meta property=\"og:image:width\" content=\"290\" \/>\n\t<meta property=\"og:image:height\" content=\"174\" \/>\n\t<meta property=\"og:image:type\" content=\"image\/jpeg\" \/>\n<meta name=\"author\" content=\"Reda\u00e7\u00e3o CP\" \/>\n<meta name=\"twitter:card\" content=\"summary_large_image\" \/>\n<meta name=\"twitter:label1\" content=\"Escrito por\" \/>\n\t<meta name=\"twitter:data1\" content=\"Reda\u00e7\u00e3o CP\" \/>\n\t<meta name=\"twitter:label2\" content=\"Est. tempo de leitura\" \/>\n\t<meta name=\"twitter:data2\" content=\"2 minutos\" \/>\n<script type=\"application\/ld+json\" class=\"yoast-schema-graph\">{\"@context\":\"https:\/\/schema.org\",\"@graph\":[{\"@type\":\"Article\",\"@id\":\"https:\/\/cleitonpinheiro.com.br\/site\/ajusp-to-cobra-da-secad-que-disponibilize-informacoes-sobre-os-passivos-no-portal-do-servidor\/#article\",\"isPartOf\":{\"@id\":\"https:\/\/cleitonpinheiro.com.br\/site\/ajusp-to-cobra-da-secad-que-disponibilize-informacoes-sobre-os-passivos-no-portal-do-servidor\/\"},\"author\":{\"name\":\"Reda\u00e7\u00e3o CP\",\"@id\":\"https:\/\/cleitonpinheiro.com.br\/site\/#\/schema\/person\/8f04544e0bc40a1b68775b08360f87db\"},\"headline\":\"Ajusp-TO cobra da Secad que disponibilize informa\u00e7\u00f5es sobre os passivos no Portal do Servidor\",\"datePublished\":\"2025-05-13T14:29:03+00:00\",\"dateModified\":\"2025-05-16T13:01:22+00:00\",\"mainEntityOfPage\":{\"@id\":\"https:\/\/cleitonpinheiro.com.br\/site\/ajusp-to-cobra-da-secad-que-disponibilize-informacoes-sobre-os-passivos-no-portal-do-servidor\/\"},\"wordCount\":271,\"commentCount\":0,\"publisher\":{\"@id\":\"https:\/\/cleitonpinheiro.com.br\/site\/#organization\"},\"image\":{\"@id\":\"https:\/\/cleitonpinheiro.com.br\/site\/ajusp-to-cobra-da-secad-que-disponibilize-informacoes-sobre-os-passivos-no-portal-do-servidor\/#primaryimage\"},\"thumbnailUrl\":\"https:\/\/cleitonpinheiro.com.br\/site\/wp-content\/uploads\/2025\/05\/Cleiton-Pinheiro-Ajusp-1.jpg\",\"articleSection\":[\"FUNCIONALISMO\",\"MANCHETE SEGUND\u00c1RIA\",\"TODAS NOTICIAS\"],\"inLanguage\":\"pt-BR\",\"potentialAction\":[{\"@type\":\"CommentAction\",\"name\":\"Comment\",\"target\":[\"https:\/\/cleitonpinheiro.com.br\/site\/ajusp-to-cobra-da-secad-que-disponibilize-informacoes-sobre-os-passivos-no-portal-do-servidor\/#respond\"]}]},{\"@type\":\"WebPage\",\"@id\":\"https:\/\/cleitonpinheiro.com.br\/site\/ajusp-to-cobra-da-secad-que-disponibilize-informacoes-sobre-os-passivos-no-portal-do-servidor\/\",\"url\":\"https:\/\/cleitonpinheiro.com.br\/site\/ajusp-to-cobra-da-secad-que-disponibilize-informacoes-sobre-os-passivos-no-portal-do-servidor\/\",\"name\":\"Ajusp-TO cobra da Secad que disponibilize informa\u00e7\u00f5es sobre os passivos no Portal do Servidor - PORTAL DE NOT\u00cdCIAS CLEITON PINHEIRO\",\"isPartOf\":{\"@id\":\"https:\/\/cleitonpinheiro.com.br\/site\/#website\"},\"primaryImageOfPage\":{\"@id\":\"https:\/\/cleitonpinheiro.com.br\/site\/ajusp-to-cobra-da-secad-que-disponibilize-informacoes-sobre-os-passivos-no-portal-do-servidor\/#primaryimage\"},\"image\":{\"@id\":\"https:\/\/cleitonpinheiro.com.br\/site\/ajusp-to-cobra-da-secad-que-disponibilize-informacoes-sobre-os-passivos-no-portal-do-servidor\/#primaryimage\"},\"thumbnailUrl\":\"https:\/\/cleitonpinheiro.com.br\/site\/wp-content\/uploads\/2025\/05\/Cleiton-Pinheiro-Ajusp-1.jpg\",\"datePublished\":\"2025-05-13T14:29:03+00:00\",\"dateModified\":\"2025-05-16T13:01:22+00:00\",\"breadcrumb\":{\"@id\":\"https:\/\/cleitonpinheiro.com.br\/site\/ajusp-to-cobra-da-secad-que-disponibilize-informacoes-sobre-os-passivos-no-portal-do-servidor\/#breadcrumb\"},\"inLanguage\":\"pt-BR\",\"potentialAction\":[{\"@type\":\"ReadAction\",\"target\":[\"https:\/\/cleitonpinheiro.com.br\/site\/ajusp-to-cobra-da-secad-que-disponibilize-informacoes-sobre-os-passivos-no-portal-do-servidor\/\"]}]},{\"@type\":\"ImageObject\",\"inLanguage\":\"pt-BR\",\"@id\":\"https:\/\/cleitonpinheiro.com.br\/site\/ajusp-to-cobra-da-secad-que-disponibilize-informacoes-sobre-os-passivos-no-portal-do-servidor\/#primaryimage\",\"url\":\"https:\/\/cleitonpinheiro.com.br\/site\/wp-content\/uploads\/2025\/05\/Cleiton-Pinheiro-Ajusp-1.jpg\",\"contentUrl\":\"https:\/\/cleitonpinheiro.com.br\/site\/wp-content\/uploads\/2025\/05\/Cleiton-Pinheiro-Ajusp-1.jpg\",\"width\":290,\"height\":174},{\"@type\":\"BreadcrumbList\",\"@id\":\"https:\/\/cleitonpinheiro.com.br\/site\/ajusp-to-cobra-da-secad-que-disponibilize-informacoes-sobre-os-passivos-no-portal-do-servidor\/#breadcrumb\",\"itemListElement\":[{\"@type\":\"ListItem\",\"position\":1,\"name\":\"In\u00edcio\",\"item\":\"https:\/\/cleitonpinheiro.com.br\/site\/\"},{\"@type\":\"ListItem\",\"position\":2,\"name\":\"Ajusp-TO cobra da Secad que disponibilize informa\u00e7\u00f5es sobre os passivos no Portal do Servidor\"}]},{\"@type\":\"WebSite\",\"@id\":\"https:\/\/cleitonpinheiro.com.br\/site\/#website\",\"url\":\"https:\/\/cleitonpinheiro.com.br\/site\/\",\"name\":\"PORTAL DE NOT\u00cdCIAS CLEITON PINHEIRO\",\"description\":\"FALANDO A VERDADE\",\"publisher\":{\"@id\":\"https:\/\/cleitonpinheiro.com.br\/site\/#organization\"},\"potentialAction\":[{\"@type\":\"SearchAction\",\"target\":{\"@type\":\"EntryPoint\",\"urlTemplate\":\"https:\/\/cleitonpinheiro.com.br\/site\/?s={search_term_string}\"},\"query-input\":{\"@type\":\"PropertyValueSpecification\",\"valueRequired\":true,\"valueName\":\"search_term_string\"}}],\"inLanguage\":\"pt-BR\"},{\"@type\":\"Organization\",\"@id\":\"https:\/\/cleitonpinheiro.com.br\/site\/#organization\",\"name\":\"CPNOT\u00cdCIAS\",\"url\":\"https:\/\/cleitonpinheiro.com.br\/site\/\",\"logo\":{\"@type\":\"ImageObject\",\"inLanguage\":\"pt-BR\",\"@id\":\"https:\/\/cleitonpinheiro.com.br\/site\/#\/schema\/logo\/image\/\",\"url\":\"https:\/\/cleitonpinheiro.com.br\/site\/wp-content\/uploads\/2022\/08\/Logo-pequena-2.png\",\"contentUrl\":\"https:\/\/cleitonpinheiro.com.br\/site\/wp-content\/uploads\/2022\/08\/Logo-pequena-2.png\",\"width\":500,\"height\":500,\"caption\":\"CPNOT\u00cdCIAS\"},\"image\":{\"@id\":\"https:\/\/cleitonpinheiro.com.br\/site\/#\/schema\/logo\/image\/\"},\"sameAs\":[\"https:\/\/www.facebook.com\/portalcpnoticias\/\"]},{\"@type\":\"Person\",\"@id\":\"https:\/\/cleitonpinheiro.com.br\/site\/#\/schema\/person\/8f04544e0bc40a1b68775b08360f87db\",\"name\":\"Reda\u00e7\u00e3o CP\",\"image\":{\"@type\":\"ImageObject\",\"inLanguage\":\"pt-BR\",\"@id\":\"https:\/\/cleitonpinheiro.com.br\/site\/#\/schema\/person\/image\/\",\"url\":\"https:\/\/secure.gravatar.com\/avatar\/0bcf19cb29fdc8fc588c490c7ae1b3e174dac268586a63fbe1d1893a0f9020cd?s=96&r=g\",\"contentUrl\":\"https:\/\/secure.gravatar.com\/avatar\/0bcf19cb29fdc8fc588c490c7ae1b3e174dac268586a63fbe1d1893a0f9020cd?s=96&r=g\",\"caption\":\"Reda\u00e7\u00e3o CP\"},\"url\":\"https:\/\/cleitonpinheiro.com.br\/site\/author\/redacao\/\"}]}<\/script>\n<!-- \/ Yoast SEO plugin. -->","yoast_head_json":{"title":"Ajusp-TO cobra da Secad que disponibilize informa\u00e7\u00f5es sobre os passivos no Portal do Servidor - PORTAL DE NOT\u00cdCIAS CLEITON PINHEIRO","robots":{"index":"index","follow":"follow","max-snippet":"max-snippet:-1","max-image-preview":"max-image-preview:large","max-video-preview":"max-video-preview:-1"},"canonical":"https:\/\/cleitonpinheiro.com.br\/site\/ajusp-to-cobra-da-secad-que-disponibilize-informacoes-sobre-os-passivos-no-portal-do-servidor\/","og_locale":"pt_BR","og_type":"article","og_title":"Ajusp-TO cobra da Secad que disponibilize informa\u00e7\u00f5es sobre os passivos no Portal do Servidor - PORTAL DE NOT\u00cdCIAS CLEITON PINHEIRO","og_description":"Nesta ter\u00e7a-feira, 13 de maio, a Associa\u00e7\u00e3o de Assist\u00eancia Jur\u00eddica dos Servidores P\u00fablicos do Estado do Tocantins (AJUSP-TO) protocolou um Of\u00edcio ao secret\u00e1rio de Estado da Administra\u00e7\u00e3o, Paulo C\u00e9sar Benfica, solicitando que seja disponibilizado no Portal do Servidor, os Demonstrativos Financeiros dos parcelamentos dos passivos, dos servidores p\u00fablicos vinculados ao Poder Executivo Estadual. Os servidores [&hellip;]","og_url":"https:\/\/cleitonpinheiro.com.br\/site\/ajusp-to-cobra-da-secad-que-disponibilize-informacoes-sobre-os-passivos-no-portal-do-servidor\/","og_site_name":"PORTAL DE NOT\u00cdCIAS CLEITON PINHEIRO","article_publisher":"https:\/\/www.facebook.com\/portalcpnoticias\/","article_published_time":"2025-05-13T14:29:03+00:00","article_modified_time":"2025-05-16T13:01:22+00:00","og_image":[{"width":290,"height":174,"url":"https:\/\/cleitonpinheiro.com.br\/site\/wp-content\/uploads\/2025\/05\/Cleiton-Pinheiro-Ajusp-1.jpg","type":"image\/jpeg"}],"author":"Reda\u00e7\u00e3o CP","twitter_card":"summary_large_image","twitter_misc":{"Escrito por":"Reda\u00e7\u00e3o CP","Est. tempo de leitura":"2 minutos"},"schema":{"@context":"https:\/\/schema.org","@graph":[{"@type":"Article","@id":"https:\/\/cleitonpinheiro.com.br\/site\/ajusp-to-cobra-da-secad-que-disponibilize-informacoes-sobre-os-passivos-no-portal-do-servidor\/#article","isPartOf":{"@id":"https:\/\/cleitonpinheiro.com.br\/site\/ajusp-to-cobra-da-secad-que-disponibilize-informacoes-sobre-os-passivos-no-portal-do-servidor\/"},"author":{"name":"Reda\u00e7\u00e3o CP","@id":"https:\/\/cleitonpinheiro.com.br\/site\/#\/schema\/person\/8f04544e0bc40a1b68775b08360f87db"},"headline":"Ajusp-TO cobra da Secad que disponibilize informa\u00e7\u00f5es sobre os passivos no Portal do Servidor","datePublished":"2025-05-13T14:29:03+00:00","dateModified":"2025-05-16T13:01:22+00:00","mainEntityOfPage":{"@id":"https:\/\/cleitonpinheiro.com.br\/site\/ajusp-to-cobra-da-secad-que-disponibilize-informacoes-sobre-os-passivos-no-portal-do-servidor\/"},"wordCount":271,"commentCount":0,"publisher":{"@id":"https:\/\/cleitonpinheiro.com.br\/site\/#organization"},"image":{"@id":"https:\/\/cleitonpinheiro.com.br\/site\/ajusp-to-cobra-da-secad-que-disponibilize-informacoes-sobre-os-passivos-no-portal-do-servidor\/#primaryimage"},"thumbnailUrl":"https:\/\/cleitonpinheiro.com.br\/site\/wp-content\/uploads\/2025\/05\/Cleiton-Pinheiro-Ajusp-1.jpg","articleSection":["FUNCIONALISMO","MANCHETE SEGUND\u00c1RIA","TODAS NOTICIAS"],"inLanguage":"pt-BR","potentialAction":[{"@type":"CommentAction","name":"Comment","target":["https:\/\/cleitonpinheiro.com.br\/site\/ajusp-to-cobra-da-secad-que-disponibilize-informacoes-sobre-os-passivos-no-portal-do-servidor\/#respond"]}]},{"@type":"WebPage","@id":"https:\/\/cleitonpinheiro.com.br\/site\/ajusp-to-cobra-da-secad-que-disponibilize-informacoes-sobre-os-passivos-no-portal-do-servidor\/","url":"https:\/\/cleitonpinheiro.com.br\/site\/ajusp-to-cobra-da-secad-que-disponibilize-informacoes-sobre-os-passivos-no-portal-do-servidor\/","name":"Ajusp-TO cobra da Secad que disponibilize informa\u00e7\u00f5es sobre os passivos no Portal do Servidor - PORTAL DE NOT\u00cdCIAS CLEITON PINHEIRO","isPartOf":{"@id":"https:\/\/cleitonpinheiro.com.br\/site\/#website"},"primaryImageOfPage":{"@id":"https:\/\/cleitonpinheiro.com.br\/site\/ajusp-to-cobra-da-secad-que-disponibilize-informacoes-sobre-os-passivos-no-portal-do-servidor\/#primaryimage"},"image":{"@id":"https:\/\/cleitonpinheiro.com.br\/site\/ajusp-to-cobra-da-secad-que-disponibilize-informacoes-sobre-os-passivos-no-portal-do-servidor\/#primaryimage"},"thumbnailUrl":"https:\/\/cleitonpinheiro.com.br\/site\/wp-content\/uploads\/2025\/05\/Cleiton-Pinheiro-Ajusp-1.jpg","datePublished":"2025-05-13T14:29:03+00:00","dateModified":"2025-05-16T13:01:22+00:00","breadcrumb":{"@id":"https:\/\/cleitonpinheiro.com.br\/site\/ajusp-to-cobra-da-secad-que-disponibilize-informacoes-sobre-os-passivos-no-portal-do-servidor\/#breadcrumb"},"inLanguage":"pt-BR","potentialAction":[{"@type":"ReadAction","target":["https:\/\/cleitonpinheiro.com.br\/site\/ajusp-to-cobra-da-secad-que-disponibilize-informacoes-sobre-os-passivos-no-portal-do-servidor\/"]}]},{"@type":"ImageObject","inLanguage":"pt-BR","@id":"https:\/\/cleitonpinheiro.com.br\/site\/ajusp-to-cobra-da-secad-que-disponibilize-informacoes-sobre-os-passivos-no-portal-do-servidor\/#primaryimage","url":"https:\/\/cleitonpinheiro.com.br\/site\/wp-content\/uploads\/2025\/05\/Cleiton-Pinheiro-Ajusp-1.jpg","contentUrl":"https:\/\/cleitonpinheiro.com.br\/site\/wp-content\/uploads\/2025\/05\/Cleiton-Pinheiro-Ajusp-1.jpg","width":290,"height":174},{"@type":"BreadcrumbList","@id":"https:\/\/cleitonpinheiro.com.br\/site\/ajusp-to-cobra-da-secad-que-disponibilize-informacoes-sobre-os-passivos-no-portal-do-servidor\/#breadcrumb","itemListElement":[{"@type":"ListItem","position":1,"name":"In\u00edcio","item":"https:\/\/cleitonpinheiro.com.br\/site\/"},{"@type":"ListItem","position":2,"name":"Ajusp-TO cobra da Secad que disponibilize informa\u00e7\u00f5es sobre os passivos no Portal do Servidor"}]},{"@type":"WebSite","@id":"https:\/\/cleitonpinheiro.com.br\/site\/#website","url":"https:\/\/cleitonpinheiro.com.br\/site\/","name":"PORTAL DE NOT\u00cdCIAS CLEITON PINHEIRO","description":"FALANDO A VERDADE","publisher":{"@id":"https:\/\/cleitonpinheiro.com.br\/site\/#organization"},"potentialAction":[{"@type":"SearchAction","target":{"@type":"EntryPoint","urlTemplate":"https:\/\/cleitonpinheiro.com.br\/site\/?s={search_term_string}"},"query-input":{"@type":"PropertyValueSpecification","valueRequired":true,"valueName":"search_term_string"}}],"inLanguage":"pt-BR"},{"@type":"Organization","@id":"https:\/\/cleitonpinheiro.com.br\/site\/#organization","name":"CPNOT\u00cdCIAS","url":"https:\/\/cleitonpinheiro.com.br\/site\/","logo":{"@type":"ImageObject","inLanguage":"pt-BR","@id":"https:\/\/cleitonpinheiro.com.br\/site\/#\/schema\/logo\/image\/","url":"https:\/\/cleitonpinheiro.com.br\/site\/wp-content\/uploads\/2022\/08\/Logo-pequena-2.png","contentUrl":"https:\/\/cleitonpinheiro.com.br\/site\/wp-content\/uploads\/2022\/08\/Logo-pequena-2.png","width":500,"height":500,"caption":"CPNOT\u00cdCIAS"},"image":{"@id":"https:\/\/cleitonpinheiro.com.br\/site\/#\/schema\/logo\/image\/"},"sameAs":["https:\/\/www.facebook.com\/portalcpnoticias\/"]},{"@type":"Person","@id":"https:\/\/cleitonpinheiro.com.br\/site\/#\/schema\/person\/8f04544e0bc40a1b68775b08360f87db","name":"Reda\u00e7\u00e3o CP","image":{"@type":"ImageObject","inLanguage":"pt-BR","@id":"https:\/\/cleitonpinheiro.com.br\/site\/#\/schema\/person\/image\/","url":"https:\/\/secure.gravatar.com\/avatar\/0bcf19cb29fdc8fc588c490c7ae1b3e174dac268586a63fbe1d1893a0f9020cd?s=96&r=g","contentUrl":"https:\/\/secure.gravatar.com\/avatar\/0bcf19cb29fdc8fc588c490c7ae1b3e174dac268586a63fbe1d1893a0f9020cd?s=96&r=g","caption":"Reda\u00e7\u00e3o CP"},"url":"https:\/\/cleitonpinheiro.com.br\/site\/author\/redacao\/"}]}},"views":156,"_links":{"self":[{"href":"https:\/\/cleitonpinheiro.com.br\/site\/wp-json\/wp\/v2\/posts\/85524","targetHints":{"allow":["GET"]}}],"collection":[{"href":"https:\/\/cleitonpinheiro.com.br\/site\/wp-json\/wp\/v2\/posts"}],"about":[{"href":"https:\/\/cleitonpinheiro.com.br\/site\/wp-json\/wp\/v2\/types\/post"}],"author":[{"embeddable":true,"href":"https:\/\/cleitonpinheiro.com.br\/site\/wp-json\/wp\/v2\/users\/13"}],"replies":[{"embeddable":true,"href":"https:\/\/cleitonpinheiro.com.br\/site\/wp-json\/wp\/v2\/comments?post=85524"}],"version-history":[{"count":1,"href":"https:\/\/cleitonpinheiro.com.br\/site\/wp-json\/wp\/v2\/posts\/85524\/revisions"}],"predecessor-version":[{"id":85526,"href":"https:\/\/cleitonpinheiro.com.br\/site\/wp-json\/wp\/v2\/posts\/85524\/revisions\/85526"}],"wp:featuredmedia":[{"embeddable":true,"href":"https:\/\/cleitonpinheiro.com.br\/site\/wp-json\/wp\/v2\/media\/85525"}],"wp:attachment":[{"href":"https:\/\/cleitonpinheiro.com.br\/site\/wp-json\/wp\/v2\/media?parent=85524"}],"wp:term":[{"taxonomy":"category","embeddable":true,"href":"https:\/\/cleitonpinheiro.com.br\/site\/wp-json\/wp\/v2\/categories?post=85524"},{"taxonomy":"post_tag","embeddable":true,"href":"https:\/\/cleitonpinheiro.com.br\/site\/wp-json\/wp\/v2\/tags?post=85524"}],"curies":[{"name":"wp","href":"https:\/\/api.w.org\/{rel}","templated":true}]}}