{"id":85527,"date":"2025-05-13T11:38:15","date_gmt":"2025-05-13T14:38:15","guid":{"rendered":"https:\/\/cleitonpinheiro.com.br\/site\/?p=85527"},"modified":"2025-05-13T11:38:43","modified_gmt":"2025-05-13T14:38:43","slug":"sebrae-na-agrotins-2025-conhecimento-negocios-e-inovacao-no-agronegocio","status":"publish","type":"post","link":"https:\/\/cleitonpinheiro.com.br\/site\/sebrae-na-agrotins-2025-conhecimento-negocios-e-inovacao-no-agronegocio\/","title":{"rendered":"Sebrae na Agrotins 2025: conhecimento, neg\u00f3cios e inova\u00e7\u00e3o no agroneg\u00f3cio"},"content":{"rendered":"\n<figure class=\"wp-block-image size-large\"><img fetchpriority=\"high\" decoding=\"async\" width=\"1024\" height=\"576\" src=\"https:\/\/cleitonpinheiro.com.br\/site\/wp-content\/uploads\/2024\/07\/Fachada-SEDE-Sebrae-2022-2-1024x576.jpeg\" alt=\"\" class=\"wp-image-78360\" srcset=\"https:\/\/cleitonpinheiro.com.br\/site\/wp-content\/uploads\/2024\/07\/Fachada-SEDE-Sebrae-2022-2-1024x576.jpeg 1024w, https:\/\/cleitonpinheiro.com.br\/site\/wp-content\/uploads\/2024\/07\/Fachada-SEDE-Sebrae-2022-2-300x169.jpeg 300w, https:\/\/cleitonpinheiro.com.br\/site\/wp-content\/uploads\/2024\/07\/Fachada-SEDE-Sebrae-2022-2-768x432.jpeg 768w, https:\/\/cleitonpinheiro.com.br\/site\/wp-content\/uploads\/2024\/07\/Fachada-SEDE-Sebrae-2022-2-1536x864.jpeg 1536w, https:\/\/cleitonpinheiro.com.br\/site\/wp-content\/uploads\/2024\/07\/Fachada-SEDE-Sebrae-2022-2.jpeg 1600w\" sizes=\"(max-width: 1024px) 100vw, 1024px\" \/><\/figure>\n\n\n\n<p>A Agrotins 2025 se consolida como um dos principais eventos do agroneg\u00f3cio brasileiro, reunindo produtores, empres\u00e1rios e especialistas para debater tend\u00eancias, trocar experi\u00eancias e impulsionar o setor. Entre os destaques da feira, o Sebrae Tocantins marca presen\u00e7a com um espa\u00e7o de mais de 400 metros quadrados e uma programa\u00e7\u00e3o voltada \u00e0 capacita\u00e7\u00e3o e ao desenvolvimento do setor rural.<\/p>\n\n\n\n<p>Ao longo do evento, que ocorre em Palmas, o stand do Sebrae Tocantins sediar\u00e1 mais de 25 palestras, abordando temas estrat\u00e9gicos para os produtores. Entre os principais destaques, est\u00e3o:<\/p>\n\n\n\n<p>\u2022\u2002\u2002\u2002\u2002\u2002Workshop da Pecu\u00e1ria \u2013 Especialistas compartilhar\u00e3o pr\u00e1ticas e inova\u00e7\u00f5es na cria\u00e7\u00e3o de gado, fornecendo informa\u00e7\u00f5es para aprimorar a produ\u00e7\u00e3o e a gest\u00e3o pecu\u00e1ria.<\/p>\n\n\n\n<p>\u2022\u2002\u2002\u2002\u2002\u2002Workshop do A\u00e7a\u00ed \u2013 O cultivo, o processamento e as oportunidades de comercializa\u00e7\u00e3o do fruto ser\u00e3o debatidos, trazendo perspectivas para quem deseja investir neste mercado.<\/p>\n\n\n\n<p>\u2022\u2002\u2002\u2002\u2002\u2002Palestra sobre Sucess\u00e3o Familiar no Agro \u2013 Estrat\u00e9gias e pr\u00e1ticas para garantir uma transi\u00e7\u00e3o eficiente entre gera\u00e7\u00f5es ser\u00e3o apresentadas, visando a continuidade dos neg\u00f3cios rurais.<\/p>\n\n\n\n<p>R\u00e9rison Ant\u00f4nio Castro, superintendente do Sebrae Tocantins, pontua que a presen\u00e7a da institui\u00e7\u00e3o na Agrotins refor\u00e7a o compromisso em fomentar conhecimento, fortalecer o empreendedorismo rural e viabilizar novas oportunidades para o setor. \u201cO espa\u00e7o ser\u00e1 um ponto de encontro para profissionais que buscam atualiza\u00e7\u00e3o e conex\u00e3o com as tend\u00eancias do agroneg\u00f3cio. Ou seja, os visitantes ter\u00e3o acesso a conte\u00fado especializados e a um ambiente prop\u00edcio para networking, promovendo a troca de informa\u00e7\u00f5es e a constru\u00e7\u00e3o de parcerias\u201d, refor\u00e7a.<\/p>\n\n\n\n<p>&nbsp;A Agrotins 2025 se apresenta como uma plataforma para impulsionar neg\u00f3cios e estimular o crescimento sustent\u00e1vel do agroneg\u00f3cio no Tocantins e no Brasil.<\/p>\n\n\n\n<p>Para mais informa\u00e7\u00f5es sobre a programa\u00e7\u00e3o do Sebrae Tocantins na Agrotins 2025, acesse a landing page do Sebrae Tocantins no endere\u00e7o eletr\u00f4nico &nbsp;<em>(Assessoria de Imprensa do Sebrae Tocantins)<\/em><\/p>\n","protected":false},"excerpt":{"rendered":"<p>A Agrotins 2025 se consolida como um dos principais eventos do agroneg\u00f3cio brasileiro, reunindo produtores, empres\u00e1rios e especialistas para debater tend\u00eancias, trocar experi\u00eancias e impulsionar o setor. Entre os destaques da feira, o Sebrae Tocantins marca presen\u00e7a com um espa\u00e7o de mais de 400 metros quadrados e uma programa\u00e7\u00e3o voltada \u00e0 capacita\u00e7\u00e3o e ao desenvolvimento [&hellip;]<\/p>\n","protected":false},"author":13,"featured_media":78360,"comment_status":"open","ping_status":"open","sticky":false,"template":"","format":"standard","meta":{"_acf_changed":false,"footnotes":""},"categories":[8,20,21],"tags":[],"class_list":["post-85527","post","type-post","status-publish","format-standard","has-post-thumbnail","hentry","category-estado","category-noticias-em-destaque","category-todas-noticias"],"acf":[],"yoast_head":"<!-- This site is optimized with the Yoast SEO plugin v24.4 - https:\/\/yoast.com\/wordpress\/plugins\/seo\/ -->\n<title>Sebrae na Agrotins 2025: conhecimento, neg\u00f3cios e inova\u00e7\u00e3o no agroneg\u00f3cio - PORTAL DE NOT\u00cdCIAS CLEITON PINHEIRO<\/title>\n<meta name=\"robots\" content=\"index, follow, max-snippet:-1, max-image-preview:large, max-video-preview:-1\" \/>\n<link rel=\"canonical\" href=\"https:\/\/cleitonpinheiro.com.br\/site\/sebrae-na-agrotins-2025-conhecimento-negocios-e-inovacao-no-agronegocio\/\" \/>\n<meta property=\"og:locale\" content=\"pt_BR\" \/>\n<meta property=\"og:type\" content=\"article\" \/>\n<meta property=\"og:title\" content=\"Sebrae na Agrotins 2025: conhecimento, neg\u00f3cios e inova\u00e7\u00e3o no agroneg\u00f3cio - PORTAL DE NOT\u00cdCIAS CLEITON PINHEIRO\" \/>\n<meta property=\"og:description\" content=\"A Agrotins 2025 se consolida como um dos principais eventos do agroneg\u00f3cio brasileiro, reunindo produtores, empres\u00e1rios e especialistas para debater tend\u00eancias, trocar experi\u00eancias e impulsionar o setor. Entre os destaques da feira, o Sebrae Tocantins marca presen\u00e7a com um espa\u00e7o de mais de 400 metros quadrados e uma programa\u00e7\u00e3o voltada \u00e0 capacita\u00e7\u00e3o e ao desenvolvimento [&hellip;]\" \/>\n<meta property=\"og:url\" content=\"https:\/\/cleitonpinheiro.com.br\/site\/sebrae-na-agrotins-2025-conhecimento-negocios-e-inovacao-no-agronegocio\/\" \/>\n<meta property=\"og:site_name\" content=\"PORTAL DE NOT\u00cdCIAS CLEITON PINHEIRO\" \/>\n<meta property=\"article:publisher\" content=\"https:\/\/www.facebook.com\/portalcpnoticias\/\" \/>\n<meta property=\"article:published_time\" content=\"2025-05-13T14:38:15+00:00\" \/>\n<meta property=\"article:modified_time\" content=\"2025-05-13T14:38:43+00:00\" \/>\n<meta property=\"og:image\" content=\"https:\/\/cleitonpinheiro.com.br\/site\/wp-content\/uploads\/2024\/07\/Fachada-SEDE-Sebrae-2022-2.jpeg\" \/>\n\t<meta property=\"og:image:width\" content=\"1600\" \/>\n\t<meta property=\"og:image:height\" content=\"900\" \/>\n\t<meta property=\"og:image:type\" content=\"image\/jpeg\" \/>\n<meta name=\"author\" content=\"Reda\u00e7\u00e3o CP\" \/>\n<meta name=\"twitter:card\" content=\"summary_large_image\" \/>\n<meta name=\"twitter:label1\" content=\"Escrito por\" \/>\n\t<meta name=\"twitter:data1\" content=\"Reda\u00e7\u00e3o CP\" \/>\n\t<meta name=\"twitter:label2\" content=\"Est. tempo de leitura\" \/>\n\t<meta name=\"twitter:data2\" content=\"2 minutos\" \/>\n<script type=\"application\/ld+json\" class=\"yoast-schema-graph\">{\"@context\":\"https:\/\/schema.org\",\"@graph\":[{\"@type\":\"Article\",\"@id\":\"https:\/\/cleitonpinheiro.com.br\/site\/sebrae-na-agrotins-2025-conhecimento-negocios-e-inovacao-no-agronegocio\/#article\",\"isPartOf\":{\"@id\":\"https:\/\/cleitonpinheiro.com.br\/site\/sebrae-na-agrotins-2025-conhecimento-negocios-e-inovacao-no-agronegocio\/\"},\"author\":{\"name\":\"Reda\u00e7\u00e3o CP\",\"@id\":\"https:\/\/cleitonpinheiro.com.br\/site\/#\/schema\/person\/8f04544e0bc40a1b68775b08360f87db\"},\"headline\":\"Sebrae na Agrotins 2025: conhecimento, neg\u00f3cios e inova\u00e7\u00e3o no agroneg\u00f3cio\",\"datePublished\":\"2025-05-13T14:38:15+00:00\",\"dateModified\":\"2025-05-13T14:38:43+00:00\",\"mainEntityOfPage\":{\"@id\":\"https:\/\/cleitonpinheiro.com.br\/site\/sebrae-na-agrotins-2025-conhecimento-negocios-e-inovacao-no-agronegocio\/\"},\"wordCount\":346,\"commentCount\":0,\"publisher\":{\"@id\":\"https:\/\/cleitonpinheiro.com.br\/site\/#organization\"},\"image\":{\"@id\":\"https:\/\/cleitonpinheiro.com.br\/site\/sebrae-na-agrotins-2025-conhecimento-negocios-e-inovacao-no-agronegocio\/#primaryimage\"},\"thumbnailUrl\":\"https:\/\/cleitonpinheiro.com.br\/site\/wp-content\/uploads\/2024\/07\/Fachada-SEDE-Sebrae-2022-2.jpeg\",\"articleSection\":[\"ESTADO\",\"NOT\u00cdCIAS EM DESTAQUE\",\"TODAS NOTICIAS\"],\"inLanguage\":\"pt-BR\",\"potentialAction\":[{\"@type\":\"CommentAction\",\"name\":\"Comment\",\"target\":[\"https:\/\/cleitonpinheiro.com.br\/site\/sebrae-na-agrotins-2025-conhecimento-negocios-e-inovacao-no-agronegocio\/#respond\"]}]},{\"@type\":\"WebPage\",\"@id\":\"https:\/\/cleitonpinheiro.com.br\/site\/sebrae-na-agrotins-2025-conhecimento-negocios-e-inovacao-no-agronegocio\/\",\"url\":\"https:\/\/cleitonpinheiro.com.br\/site\/sebrae-na-agrotins-2025-conhecimento-negocios-e-inovacao-no-agronegocio\/\",\"name\":\"Sebrae na Agrotins 2025: conhecimento, neg\u00f3cios e inova\u00e7\u00e3o no agroneg\u00f3cio - PORTAL DE NOT\u00cdCIAS CLEITON PINHEIRO\",\"isPartOf\":{\"@id\":\"https:\/\/cleitonpinheiro.com.br\/site\/#website\"},\"primaryImageOfPage\":{\"@id\":\"https:\/\/cleitonpinheiro.com.br\/site\/sebrae-na-agrotins-2025-conhecimento-negocios-e-inovacao-no-agronegocio\/#primaryimage\"},\"image\":{\"@id\":\"https:\/\/cleitonpinheiro.com.br\/site\/sebrae-na-agrotins-2025-conhecimento-negocios-e-inovacao-no-agronegocio\/#primaryimage\"},\"thumbnailUrl\":\"https:\/\/cleitonpinheiro.com.br\/site\/wp-content\/uploads\/2024\/07\/Fachada-SEDE-Sebrae-2022-2.jpeg\",\"datePublished\":\"2025-05-13T14:38:15+00:00\",\"dateModified\":\"2025-05-13T14:38:43+00:00\",\"breadcrumb\":{\"@id\":\"https:\/\/cleitonpinheiro.com.br\/site\/sebrae-na-agrotins-2025-conhecimento-negocios-e-inovacao-no-agronegocio\/#breadcrumb\"},\"inLanguage\":\"pt-BR\",\"potentialAction\":[{\"@type\":\"ReadAction\",\"target\":[\"https:\/\/cleitonpinheiro.com.br\/site\/sebrae-na-agrotins-2025-conhecimento-negocios-e-inovacao-no-agronegocio\/\"]}]},{\"@type\":\"ImageObject\",\"inLanguage\":\"pt-BR\",\"@id\":\"https:\/\/cleitonpinheiro.com.br\/site\/sebrae-na-agrotins-2025-conhecimento-negocios-e-inovacao-no-agronegocio\/#primaryimage\",\"url\":\"https:\/\/cleitonpinheiro.com.br\/site\/wp-content\/uploads\/2024\/07\/Fachada-SEDE-Sebrae-2022-2.jpeg\",\"contentUrl\":\"https:\/\/cleitonpinheiro.com.br\/site\/wp-content\/uploads\/2024\/07\/Fachada-SEDE-Sebrae-2022-2.jpeg\",\"width\":1600,\"height\":900},{\"@type\":\"BreadcrumbList\",\"@id\":\"https:\/\/cleitonpinheiro.com.br\/site\/sebrae-na-agrotins-2025-conhecimento-negocios-e-inovacao-no-agronegocio\/#breadcrumb\",\"itemListElement\":[{\"@type\":\"ListItem\",\"position\":1,\"name\":\"In\u00edcio\",\"item\":\"https:\/\/cleitonpinheiro.com.br\/site\/\"},{\"@type\":\"ListItem\",\"position\":2,\"name\":\"Sebrae na Agrotins 2025: conhecimento, neg\u00f3cios e inova\u00e7\u00e3o no agroneg\u00f3cio\"}]},{\"@type\":\"WebSite\",\"@id\":\"https:\/\/cleitonpinheiro.com.br\/site\/#website\",\"url\":\"https:\/\/cleitonpinheiro.com.br\/site\/\",\"name\":\"PORTAL DE NOT\u00cdCIAS CLEITON PINHEIRO\",\"description\":\"FALANDO A VERDADE\",\"publisher\":{\"@id\":\"https:\/\/cleitonpinheiro.com.br\/site\/#organization\"},\"potentialAction\":[{\"@type\":\"SearchAction\",\"target\":{\"@type\":\"EntryPoint\",\"urlTemplate\":\"https:\/\/cleitonpinheiro.com.br\/site\/?s={search_term_string}\"},\"query-input\":{\"@type\":\"PropertyValueSpecification\",\"valueRequired\":true,\"valueName\":\"search_term_string\"}}],\"inLanguage\":\"pt-BR\"},{\"@type\":\"Organization\",\"@id\":\"https:\/\/cleitonpinheiro.com.br\/site\/#organization\",\"name\":\"CPNOT\u00cdCIAS\",\"url\":\"https:\/\/cleitonpinheiro.com.br\/site\/\",\"logo\":{\"@type\":\"ImageObject\",\"inLanguage\":\"pt-BR\",\"@id\":\"https:\/\/cleitonpinheiro.com.br\/site\/#\/schema\/logo\/image\/\",\"url\":\"https:\/\/cleitonpinheiro.com.br\/site\/wp-content\/uploads\/2022\/08\/Logo-pequena-2.png\",\"contentUrl\":\"https:\/\/cleitonpinheiro.com.br\/site\/wp-content\/uploads\/2022\/08\/Logo-pequena-2.png\",\"width\":500,\"height\":500,\"caption\":\"CPNOT\u00cdCIAS\"},\"image\":{\"@id\":\"https:\/\/cleitonpinheiro.com.br\/site\/#\/schema\/logo\/image\/\"},\"sameAs\":[\"https:\/\/www.facebook.com\/portalcpnoticias\/\"]},{\"@type\":\"Person\",\"@id\":\"https:\/\/cleitonpinheiro.com.br\/site\/#\/schema\/person\/8f04544e0bc40a1b68775b08360f87db\",\"name\":\"Reda\u00e7\u00e3o CP\",\"image\":{\"@type\":\"ImageObject\",\"inLanguage\":\"pt-BR\",\"@id\":\"https:\/\/cleitonpinheiro.com.br\/site\/#\/schema\/person\/image\/\",\"url\":\"https:\/\/secure.gravatar.com\/avatar\/0bcf19cb29fdc8fc588c490c7ae1b3e174dac268586a63fbe1d1893a0f9020cd?s=96&r=g\",\"contentUrl\":\"https:\/\/secure.gravatar.com\/avatar\/0bcf19cb29fdc8fc588c490c7ae1b3e174dac268586a63fbe1d1893a0f9020cd?s=96&r=g\",\"caption\":\"Reda\u00e7\u00e3o CP\"},\"url\":\"https:\/\/cleitonpinheiro.com.br\/site\/author\/redacao\/\"}]}<\/script>\n<!-- \/ Yoast SEO plugin. -->","yoast_head_json":{"title":"Sebrae na Agrotins 2025: conhecimento, neg\u00f3cios e inova\u00e7\u00e3o no agroneg\u00f3cio - PORTAL DE NOT\u00cdCIAS CLEITON PINHEIRO","robots":{"index":"index","follow":"follow","max-snippet":"max-snippet:-1","max-image-preview":"max-image-preview:large","max-video-preview":"max-video-preview:-1"},"canonical":"https:\/\/cleitonpinheiro.com.br\/site\/sebrae-na-agrotins-2025-conhecimento-negocios-e-inovacao-no-agronegocio\/","og_locale":"pt_BR","og_type":"article","og_title":"Sebrae na Agrotins 2025: conhecimento, neg\u00f3cios e inova\u00e7\u00e3o no agroneg\u00f3cio - PORTAL DE NOT\u00cdCIAS CLEITON PINHEIRO","og_description":"A Agrotins 2025 se consolida como um dos principais eventos do agroneg\u00f3cio brasileiro, reunindo produtores, empres\u00e1rios e especialistas para debater tend\u00eancias, trocar experi\u00eancias e impulsionar o setor. Entre os destaques da feira, o Sebrae Tocantins marca presen\u00e7a com um espa\u00e7o de mais de 400 metros quadrados e uma programa\u00e7\u00e3o voltada \u00e0 capacita\u00e7\u00e3o e ao desenvolvimento [&hellip;]","og_url":"https:\/\/cleitonpinheiro.com.br\/site\/sebrae-na-agrotins-2025-conhecimento-negocios-e-inovacao-no-agronegocio\/","og_site_name":"PORTAL DE NOT\u00cdCIAS CLEITON PINHEIRO","article_publisher":"https:\/\/www.facebook.com\/portalcpnoticias\/","article_published_time":"2025-05-13T14:38:15+00:00","article_modified_time":"2025-05-13T14:38:43+00:00","og_image":[{"width":1600,"height":900,"url":"https:\/\/cleitonpinheiro.com.br\/site\/wp-content\/uploads\/2024\/07\/Fachada-SEDE-Sebrae-2022-2.jpeg","type":"image\/jpeg"}],"author":"Reda\u00e7\u00e3o CP","twitter_card":"summary_large_image","twitter_misc":{"Escrito por":"Reda\u00e7\u00e3o CP","Est. tempo de leitura":"2 minutos"},"schema":{"@context":"https:\/\/schema.org","@graph":[{"@type":"Article","@id":"https:\/\/cleitonpinheiro.com.br\/site\/sebrae-na-agrotins-2025-conhecimento-negocios-e-inovacao-no-agronegocio\/#article","isPartOf":{"@id":"https:\/\/cleitonpinheiro.com.br\/site\/sebrae-na-agrotins-2025-conhecimento-negocios-e-inovacao-no-agronegocio\/"},"author":{"name":"Reda\u00e7\u00e3o CP","@id":"https:\/\/cleitonpinheiro.com.br\/site\/#\/schema\/person\/8f04544e0bc40a1b68775b08360f87db"},"headline":"Sebrae na Agrotins 2025: conhecimento, neg\u00f3cios e inova\u00e7\u00e3o no agroneg\u00f3cio","datePublished":"2025-05-13T14:38:15+00:00","dateModified":"2025-05-13T14:38:43+00:00","mainEntityOfPage":{"@id":"https:\/\/cleitonpinheiro.com.br\/site\/sebrae-na-agrotins-2025-conhecimento-negocios-e-inovacao-no-agronegocio\/"},"wordCount":346,"commentCount":0,"publisher":{"@id":"https:\/\/cleitonpinheiro.com.br\/site\/#organization"},"image":{"@id":"https:\/\/cleitonpinheiro.com.br\/site\/sebrae-na-agrotins-2025-conhecimento-negocios-e-inovacao-no-agronegocio\/#primaryimage"},"thumbnailUrl":"https:\/\/cleitonpinheiro.com.br\/site\/wp-content\/uploads\/2024\/07\/Fachada-SEDE-Sebrae-2022-2.jpeg","articleSection":["ESTADO","NOT\u00cdCIAS EM DESTAQUE","TODAS NOTICIAS"],"inLanguage":"pt-BR","potentialAction":[{"@type":"CommentAction","name":"Comment","target":["https:\/\/cleitonpinheiro.com.br\/site\/sebrae-na-agrotins-2025-conhecimento-negocios-e-inovacao-no-agronegocio\/#respond"]}]},{"@type":"WebPage","@id":"https:\/\/cleitonpinheiro.com.br\/site\/sebrae-na-agrotins-2025-conhecimento-negocios-e-inovacao-no-agronegocio\/","url":"https:\/\/cleitonpinheiro.com.br\/site\/sebrae-na-agrotins-2025-conhecimento-negocios-e-inovacao-no-agronegocio\/","name":"Sebrae na Agrotins 2025: conhecimento, neg\u00f3cios e inova\u00e7\u00e3o no agroneg\u00f3cio - PORTAL DE NOT\u00cdCIAS CLEITON PINHEIRO","isPartOf":{"@id":"https:\/\/cleitonpinheiro.com.br\/site\/#website"},"primaryImageOfPage":{"@id":"https:\/\/cleitonpinheiro.com.br\/site\/sebrae-na-agrotins-2025-conhecimento-negocios-e-inovacao-no-agronegocio\/#primaryimage"},"image":{"@id":"https:\/\/cleitonpinheiro.com.br\/site\/sebrae-na-agrotins-2025-conhecimento-negocios-e-inovacao-no-agronegocio\/#primaryimage"},"thumbnailUrl":"https:\/\/cleitonpinheiro.com.br\/site\/wp-content\/uploads\/2024\/07\/Fachada-SEDE-Sebrae-2022-2.jpeg","datePublished":"2025-05-13T14:38:15+00:00","dateModified":"2025-05-13T14:38:43+00:00","breadcrumb":{"@id":"https:\/\/cleitonpinheiro.com.br\/site\/sebrae-na-agrotins-2025-conhecimento-negocios-e-inovacao-no-agronegocio\/#breadcrumb"},"inLanguage":"pt-BR","potentialAction":[{"@type":"ReadAction","target":["https:\/\/cleitonpinheiro.com.br\/site\/sebrae-na-agrotins-2025-conhecimento-negocios-e-inovacao-no-agronegocio\/"]}]},{"@type":"ImageObject","inLanguage":"pt-BR","@id":"https:\/\/cleitonpinheiro.com.br\/site\/sebrae-na-agrotins-2025-conhecimento-negocios-e-inovacao-no-agronegocio\/#primaryimage","url":"https:\/\/cleitonpinheiro.com.br\/site\/wp-content\/uploads\/2024\/07\/Fachada-SEDE-Sebrae-2022-2.jpeg","contentUrl":"https:\/\/cleitonpinheiro.com.br\/site\/wp-content\/uploads\/2024\/07\/Fachada-SEDE-Sebrae-2022-2.jpeg","width":1600,"height":900},{"@type":"BreadcrumbList","@id":"https:\/\/cleitonpinheiro.com.br\/site\/sebrae-na-agrotins-2025-conhecimento-negocios-e-inovacao-no-agronegocio\/#breadcrumb","itemListElement":[{"@type":"ListItem","position":1,"name":"In\u00edcio","item":"https:\/\/cleitonpinheiro.com.br\/site\/"},{"@type":"ListItem","position":2,"name":"Sebrae na Agrotins 2025: conhecimento, neg\u00f3cios e inova\u00e7\u00e3o no agroneg\u00f3cio"}]},{"@type":"WebSite","@id":"https:\/\/cleitonpinheiro.com.br\/site\/#website","url":"https:\/\/cleitonpinheiro.com.br\/site\/","name":"PORTAL DE NOT\u00cdCIAS CLEITON PINHEIRO","description":"FALANDO A VERDADE","publisher":{"@id":"https:\/\/cleitonpinheiro.com.br\/site\/#organization"},"potentialAction":[{"@type":"SearchAction","target":{"@type":"EntryPoint","urlTemplate":"https:\/\/cleitonpinheiro.com.br\/site\/?s={search_term_string}"},"query-input":{"@type":"PropertyValueSpecification","valueRequired":true,"valueName":"search_term_string"}}],"inLanguage":"pt-BR"},{"@type":"Organization","@id":"https:\/\/cleitonpinheiro.com.br\/site\/#organization","name":"CPNOT\u00cdCIAS","url":"https:\/\/cleitonpinheiro.com.br\/site\/","logo":{"@type":"ImageObject","inLanguage":"pt-BR","@id":"https:\/\/cleitonpinheiro.com.br\/site\/#\/schema\/logo\/image\/","url":"https:\/\/cleitonpinheiro.com.br\/site\/wp-content\/uploads\/2022\/08\/Logo-pequena-2.png","contentUrl":"https:\/\/cleitonpinheiro.com.br\/site\/wp-content\/uploads\/2022\/08\/Logo-pequena-2.png","width":500,"height":500,"caption":"CPNOT\u00cdCIAS"},"image":{"@id":"https:\/\/cleitonpinheiro.com.br\/site\/#\/schema\/logo\/image\/"},"sameAs":["https:\/\/www.facebook.com\/portalcpnoticias\/"]},{"@type":"Person","@id":"https:\/\/cleitonpinheiro.com.br\/site\/#\/schema\/person\/8f04544e0bc40a1b68775b08360f87db","name":"Reda\u00e7\u00e3o CP","image":{"@type":"ImageObject","inLanguage":"pt-BR","@id":"https:\/\/cleitonpinheiro.com.br\/site\/#\/schema\/person\/image\/","url":"https:\/\/secure.gravatar.com\/avatar\/0bcf19cb29fdc8fc588c490c7ae1b3e174dac268586a63fbe1d1893a0f9020cd?s=96&r=g","contentUrl":"https:\/\/secure.gravatar.com\/avatar\/0bcf19cb29fdc8fc588c490c7ae1b3e174dac268586a63fbe1d1893a0f9020cd?s=96&r=g","caption":"Reda\u00e7\u00e3o CP"},"url":"https:\/\/cleitonpinheiro.com.br\/site\/author\/redacao\/"}]}},"views":174,"_links":{"self":[{"href":"https:\/\/cleitonpinheiro.com.br\/site\/wp-json\/wp\/v2\/posts\/85527","targetHints":{"allow":["GET"]}}],"collection":[{"href":"https:\/\/cleitonpinheiro.com.br\/site\/wp-json\/wp\/v2\/posts"}],"about":[{"href":"https:\/\/cleitonpinheiro.com.br\/site\/wp-json\/wp\/v2\/types\/post"}],"author":[{"embeddable":true,"href":"https:\/\/cleitonpinheiro.com.br\/site\/wp-json\/wp\/v2\/users\/13"}],"replies":[{"embeddable":true,"href":"https:\/\/cleitonpinheiro.com.br\/site\/wp-json\/wp\/v2\/comments?post=85527"}],"version-history":[{"count":1,"href":"https:\/\/cleitonpinheiro.com.br\/site\/wp-json\/wp\/v2\/posts\/85527\/revisions"}],"predecessor-version":[{"id":85528,"href":"https:\/\/cleitonpinheiro.com.br\/site\/wp-json\/wp\/v2\/posts\/85527\/revisions\/85528"}],"wp:featuredmedia":[{"embeddable":true,"href":"https:\/\/cleitonpinheiro.com.br\/site\/wp-json\/wp\/v2\/media\/78360"}],"wp:attachment":[{"href":"https:\/\/cleitonpinheiro.com.br\/site\/wp-json\/wp\/v2\/media?parent=85527"}],"wp:term":[{"taxonomy":"category","embeddable":true,"href":"https:\/\/cleitonpinheiro.com.br\/site\/wp-json\/wp\/v2\/categories?post=85527"},{"taxonomy":"post_tag","embeddable":true,"href":"https:\/\/cleitonpinheiro.com.br\/site\/wp-json\/wp\/v2\/tags?post=85527"}],"curies":[{"name":"wp","href":"https:\/\/api.w.org\/{rel}","templated":true}]}}