{"id":85532,"date":"2025-05-14T11:37:13","date_gmt":"2025-05-14T14:37:13","guid":{"rendered":"https:\/\/cleitonpinheiro.com.br\/site\/?p=85532"},"modified":"2025-05-16T10:05:06","modified_gmt":"2025-05-16T13:05:06","slug":"saude-de-palmas-monitora-circulacao-de-virus-respiratorios","status":"publish","type":"post","link":"https:\/\/cleitonpinheiro.com.br\/site\/saude-de-palmas-monitora-circulacao-de-virus-respiratorios\/","title":{"rendered":"Sa\u00fade de Palmas monitora circula\u00e7\u00e3o de v\u00edrus respirat\u00f3rios"},"content":{"rendered":"\n<figure class=\"wp-block-image size-large\"><img fetchpriority=\"high\" decoding=\"async\" width=\"1024\" height=\"576\" src=\"https:\/\/cleitonpinheiro.com.br\/site\/wp-content\/uploads\/2025\/05\/PSX_20220203_153157-2048x1152-1-1024x576.jpg\" alt=\"\" class=\"wp-image-85533\" srcset=\"https:\/\/cleitonpinheiro.com.br\/site\/wp-content\/uploads\/2025\/05\/PSX_20220203_153157-2048x1152-1-1024x576.jpg 1024w, https:\/\/cleitonpinheiro.com.br\/site\/wp-content\/uploads\/2025\/05\/PSX_20220203_153157-2048x1152-1-300x169.jpg 300w, https:\/\/cleitonpinheiro.com.br\/site\/wp-content\/uploads\/2025\/05\/PSX_20220203_153157-2048x1152-1-768x432.jpg 768w, https:\/\/cleitonpinheiro.com.br\/site\/wp-content\/uploads\/2025\/05\/PSX_20220203_153157-2048x1152-1-1536x864.jpg 1536w, https:\/\/cleitonpinheiro.com.br\/site\/wp-content\/uploads\/2025\/05\/PSX_20220203_153157-2048x1152-1.jpg 2048w\" sizes=\"(max-width: 1024px) 100vw, 1024px\" \/><\/figure>\n\n\n\n<p>A Secretaria de Sa\u00fade (Semus) da Prefeitura de Palmas est\u00e1 atenta \u00e0 circula\u00e7\u00e3o dos v\u00edrus respirat\u00f3rios nas \u00faltimas semanas na Capital. Devido \u00e0 sazonalidade, com o fim do per\u00edodo chuvoso, houve um crescimento esperado de casos gripais, especialmente de influenza A e do V\u00edrus Sincicial Respirat\u00f3rio (VSR), com maior incid\u00eancia em crian\u00e7as e idosos. Apesar desse aumento, os n\u00fameros registrados ainda s\u00e3o menores que os do mesmo per\u00edodo do ano passado.<\/p>\n\n\n\n<p>Em 2025, entre a 1\u00aa e a 18\u00aa semana epidemiol\u00f3gica (de 29 de dezembro de 2024 a 3 de maio de 2025), foram registrados 375 casos de S\u00edndrome Respirat\u00f3ria Aguda Grave (SRAG), o que representa uma redu\u00e7\u00e3o de 12,38% em rela\u00e7\u00e3o \u00e0 mesma semana epidemiol\u00f3gica de 2024.<\/p>\n\n\n\n<p>Em rela\u00e7\u00e3o aos atendimentos nas Unidades de Sa\u00fade da Fam\u00edlia (USFs) de crian\u00e7as entre 0 e 12 anos com sintomas gripais, o n\u00famero tamb\u00e9m foi menor. Entre janeiro e maio de 2024, foram atendidos 6.033 pacientes com sinais de resfriados comuns, tosse, gripe, dor de garganta e Covid-19. No mesmo per\u00edodo deste ano, foram realizados 4.749 atendimentos do p\u00fablico infantil com as mesmas queixas.<\/p>\n\n\n\n<p><strong>Monitoramento<br><\/strong>O monitoramento da situa\u00e7\u00e3o epidemiol\u00f3gica na Capital \u00e9 uma atividade cont\u00ednua, realizada pela Vigil\u00e2ncia em Sa\u00fade da Semus, e os boletins s\u00e3o divulgados semanalmente no site da Prefeitura de Palmas.<\/p>\n\n\n\n<p>A coordenadora t\u00e9cnica de Doen\u00e7as Imunopreven\u00edveis da Semus, Fernanda Fernandes, explica que o monitoramento acontece desde antes da pandemia da covid-19 e serve para acompanhar e analisar os dados. \u201c\u00c9 por meio desse acompanhamento que conseguimos identificar surtos e agir de forma proativa e\/ou preventiva para controlar problemas de sa\u00fade. Esses dados foram coletados de pacientes que procuraram as Unidades de Pronto Atendimento\u201d, explicou.<\/p>\n\n\n\n<p><strong>Vacina\u00e7\u00e3o<br><\/strong>A Semus refor\u00e7a a import\u00e2ncia da vacina\u00e7\u00e3o contra a gripe. Desde o dia 1\u00ba de setembro de 2024 at\u00e9 5 de maio de 2025, apenas 56.241 pessoas foram vacinadas contra a influenza em Palmas.<\/p>\n\n\n\n<p>O imunizante continua dispon\u00edvel nas Unidades de Sa\u00fade da Fam\u00edlia (USFs), de segunda a sexta-feira, das 7h30 \u00e0s 18h30, at\u00e9 o dia 31 de julho. Qualquer pessoa a partir dos seis meses de idade pode receber a dose para garantir a prote\u00e7\u00e3o contra a gripe. Vale destacar que a vacina deve ser tomada anualmente, com as atualiza\u00e7\u00f5es das cepas em circula\u00e7\u00e3o.<\/p>\n\n\n\n<p>Texto: Gabriela Letrari \/ Prefeitura de Palmas<\/p>\n","protected":false},"excerpt":{"rendered":"<p>A Secretaria de Sa\u00fade (Semus) da Prefeitura de Palmas est\u00e1 atenta \u00e0 circula\u00e7\u00e3o dos v\u00edrus respirat\u00f3rios nas \u00faltimas semanas na Capital. Devido \u00e0 sazonalidade, com o fim do per\u00edodo chuvoso, houve um crescimento esperado de casos gripais, especialmente de influenza A e do V\u00edrus Sincicial Respirat\u00f3rio (VSR), com maior incid\u00eancia em crian\u00e7as e idosos. Apesar [&hellip;]<\/p>\n","protected":false},"author":13,"featured_media":85533,"comment_status":"open","ping_status":"open","sticky":false,"template":"","format":"standard","meta":{"_acf_changed":false,"footnotes":""},"categories":[22,20,21],"tags":[],"class_list":["post-85532","post","type-post","status-publish","format-standard","has-post-thumbnail","hentry","category-cidades","category-noticias-em-destaque","category-todas-noticias"],"acf":[],"yoast_head":"<!-- This site is optimized with the Yoast SEO plugin v24.4 - https:\/\/yoast.com\/wordpress\/plugins\/seo\/ -->\n<title>Sa\u00fade de Palmas monitora circula\u00e7\u00e3o de v\u00edrus respirat\u00f3rios - PORTAL DE NOT\u00cdCIAS CLEITON PINHEIRO<\/title>\n<meta name=\"robots\" content=\"index, follow, max-snippet:-1, max-image-preview:large, max-video-preview:-1\" \/>\n<link rel=\"canonical\" href=\"https:\/\/cleitonpinheiro.com.br\/site\/saude-de-palmas-monitora-circulacao-de-virus-respiratorios\/\" \/>\n<meta property=\"og:locale\" content=\"pt_BR\" \/>\n<meta property=\"og:type\" content=\"article\" \/>\n<meta property=\"og:title\" content=\"Sa\u00fade de Palmas monitora circula\u00e7\u00e3o de v\u00edrus respirat\u00f3rios - PORTAL DE NOT\u00cdCIAS CLEITON PINHEIRO\" \/>\n<meta property=\"og:description\" content=\"A Secretaria de Sa\u00fade (Semus) da Prefeitura de Palmas est\u00e1 atenta \u00e0 circula\u00e7\u00e3o dos v\u00edrus respirat\u00f3rios nas \u00faltimas semanas na Capital. Devido \u00e0 sazonalidade, com o fim do per\u00edodo chuvoso, houve um crescimento esperado de casos gripais, especialmente de influenza A e do V\u00edrus Sincicial Respirat\u00f3rio (VSR), com maior incid\u00eancia em crian\u00e7as e idosos. Apesar [&hellip;]\" \/>\n<meta property=\"og:url\" content=\"https:\/\/cleitonpinheiro.com.br\/site\/saude-de-palmas-monitora-circulacao-de-virus-respiratorios\/\" \/>\n<meta property=\"og:site_name\" content=\"PORTAL DE NOT\u00cdCIAS CLEITON PINHEIRO\" \/>\n<meta property=\"article:publisher\" content=\"https:\/\/www.facebook.com\/portalcpnoticias\/\" \/>\n<meta property=\"article:published_time\" content=\"2025-05-14T14:37:13+00:00\" \/>\n<meta property=\"article:modified_time\" content=\"2025-05-16T13:05:06+00:00\" \/>\n<meta property=\"og:image\" content=\"https:\/\/cleitonpinheiro.com.br\/site\/wp-content\/uploads\/2025\/05\/PSX_20220203_153157-2048x1152-1.jpg\" \/>\n\t<meta property=\"og:image:width\" content=\"2048\" \/>\n\t<meta property=\"og:image:height\" content=\"1152\" \/>\n\t<meta property=\"og:image:type\" content=\"image\/jpeg\" \/>\n<meta name=\"author\" content=\"Reda\u00e7\u00e3o CP\" \/>\n<meta name=\"twitter:card\" content=\"summary_large_image\" \/>\n<meta name=\"twitter:label1\" content=\"Escrito por\" \/>\n\t<meta name=\"twitter:data1\" content=\"Reda\u00e7\u00e3o CP\" \/>\n\t<meta name=\"twitter:label2\" content=\"Est. tempo de leitura\" \/>\n\t<meta name=\"twitter:data2\" content=\"3 minutos\" \/>\n<script type=\"application\/ld+json\" class=\"yoast-schema-graph\">{\"@context\":\"https:\/\/schema.org\",\"@graph\":[{\"@type\":\"Article\",\"@id\":\"https:\/\/cleitonpinheiro.com.br\/site\/saude-de-palmas-monitora-circulacao-de-virus-respiratorios\/#article\",\"isPartOf\":{\"@id\":\"https:\/\/cleitonpinheiro.com.br\/site\/saude-de-palmas-monitora-circulacao-de-virus-respiratorios\/\"},\"author\":{\"name\":\"Reda\u00e7\u00e3o CP\",\"@id\":\"https:\/\/cleitonpinheiro.com.br\/site\/#\/schema\/person\/8f04544e0bc40a1b68775b08360f87db\"},\"headline\":\"Sa\u00fade de Palmas monitora circula\u00e7\u00e3o de v\u00edrus respirat\u00f3rios\",\"datePublished\":\"2025-05-14T14:37:13+00:00\",\"dateModified\":\"2025-05-16T13:05:06+00:00\",\"mainEntityOfPage\":{\"@id\":\"https:\/\/cleitonpinheiro.com.br\/site\/saude-de-palmas-monitora-circulacao-de-virus-respiratorios\/\"},\"wordCount\":412,\"commentCount\":0,\"publisher\":{\"@id\":\"https:\/\/cleitonpinheiro.com.br\/site\/#organization\"},\"image\":{\"@id\":\"https:\/\/cleitonpinheiro.com.br\/site\/saude-de-palmas-monitora-circulacao-de-virus-respiratorios\/#primaryimage\"},\"thumbnailUrl\":\"https:\/\/cleitonpinheiro.com.br\/site\/wp-content\/uploads\/2025\/05\/PSX_20220203_153157-2048x1152-1.jpg\",\"articleSection\":[\"CIDADES\",\"NOT\u00cdCIAS EM DESTAQUE\",\"TODAS NOTICIAS\"],\"inLanguage\":\"pt-BR\",\"potentialAction\":[{\"@type\":\"CommentAction\",\"name\":\"Comment\",\"target\":[\"https:\/\/cleitonpinheiro.com.br\/site\/saude-de-palmas-monitora-circulacao-de-virus-respiratorios\/#respond\"]}]},{\"@type\":\"WebPage\",\"@id\":\"https:\/\/cleitonpinheiro.com.br\/site\/saude-de-palmas-monitora-circulacao-de-virus-respiratorios\/\",\"url\":\"https:\/\/cleitonpinheiro.com.br\/site\/saude-de-palmas-monitora-circulacao-de-virus-respiratorios\/\",\"name\":\"Sa\u00fade de Palmas monitora circula\u00e7\u00e3o de v\u00edrus respirat\u00f3rios - PORTAL DE NOT\u00cdCIAS CLEITON PINHEIRO\",\"isPartOf\":{\"@id\":\"https:\/\/cleitonpinheiro.com.br\/site\/#website\"},\"primaryImageOfPage\":{\"@id\":\"https:\/\/cleitonpinheiro.com.br\/site\/saude-de-palmas-monitora-circulacao-de-virus-respiratorios\/#primaryimage\"},\"image\":{\"@id\":\"https:\/\/cleitonpinheiro.com.br\/site\/saude-de-palmas-monitora-circulacao-de-virus-respiratorios\/#primaryimage\"},\"thumbnailUrl\":\"https:\/\/cleitonpinheiro.com.br\/site\/wp-content\/uploads\/2025\/05\/PSX_20220203_153157-2048x1152-1.jpg\",\"datePublished\":\"2025-05-14T14:37:13+00:00\",\"dateModified\":\"2025-05-16T13:05:06+00:00\",\"breadcrumb\":{\"@id\":\"https:\/\/cleitonpinheiro.com.br\/site\/saude-de-palmas-monitora-circulacao-de-virus-respiratorios\/#breadcrumb\"},\"inLanguage\":\"pt-BR\",\"potentialAction\":[{\"@type\":\"ReadAction\",\"target\":[\"https:\/\/cleitonpinheiro.com.br\/site\/saude-de-palmas-monitora-circulacao-de-virus-respiratorios\/\"]}]},{\"@type\":\"ImageObject\",\"inLanguage\":\"pt-BR\",\"@id\":\"https:\/\/cleitonpinheiro.com.br\/site\/saude-de-palmas-monitora-circulacao-de-virus-respiratorios\/#primaryimage\",\"url\":\"https:\/\/cleitonpinheiro.com.br\/site\/wp-content\/uploads\/2025\/05\/PSX_20220203_153157-2048x1152-1.jpg\",\"contentUrl\":\"https:\/\/cleitonpinheiro.com.br\/site\/wp-content\/uploads\/2025\/05\/PSX_20220203_153157-2048x1152-1.jpg\",\"width\":2048,\"height\":1152},{\"@type\":\"BreadcrumbList\",\"@id\":\"https:\/\/cleitonpinheiro.com.br\/site\/saude-de-palmas-monitora-circulacao-de-virus-respiratorios\/#breadcrumb\",\"itemListElement\":[{\"@type\":\"ListItem\",\"position\":1,\"name\":\"In\u00edcio\",\"item\":\"https:\/\/cleitonpinheiro.com.br\/site\/\"},{\"@type\":\"ListItem\",\"position\":2,\"name\":\"Sa\u00fade de Palmas monitora circula\u00e7\u00e3o de v\u00edrus respirat\u00f3rios\"}]},{\"@type\":\"WebSite\",\"@id\":\"https:\/\/cleitonpinheiro.com.br\/site\/#website\",\"url\":\"https:\/\/cleitonpinheiro.com.br\/site\/\",\"name\":\"PORTAL DE NOT\u00cdCIAS CLEITON PINHEIRO\",\"description\":\"FALANDO A VERDADE\",\"publisher\":{\"@id\":\"https:\/\/cleitonpinheiro.com.br\/site\/#organization\"},\"potentialAction\":[{\"@type\":\"SearchAction\",\"target\":{\"@type\":\"EntryPoint\",\"urlTemplate\":\"https:\/\/cleitonpinheiro.com.br\/site\/?s={search_term_string}\"},\"query-input\":{\"@type\":\"PropertyValueSpecification\",\"valueRequired\":true,\"valueName\":\"search_term_string\"}}],\"inLanguage\":\"pt-BR\"},{\"@type\":\"Organization\",\"@id\":\"https:\/\/cleitonpinheiro.com.br\/site\/#organization\",\"name\":\"CPNOT\u00cdCIAS\",\"url\":\"https:\/\/cleitonpinheiro.com.br\/site\/\",\"logo\":{\"@type\":\"ImageObject\",\"inLanguage\":\"pt-BR\",\"@id\":\"https:\/\/cleitonpinheiro.com.br\/site\/#\/schema\/logo\/image\/\",\"url\":\"https:\/\/cleitonpinheiro.com.br\/site\/wp-content\/uploads\/2022\/08\/Logo-pequena-2.png\",\"contentUrl\":\"https:\/\/cleitonpinheiro.com.br\/site\/wp-content\/uploads\/2022\/08\/Logo-pequena-2.png\",\"width\":500,\"height\":500,\"caption\":\"CPNOT\u00cdCIAS\"},\"image\":{\"@id\":\"https:\/\/cleitonpinheiro.com.br\/site\/#\/schema\/logo\/image\/\"},\"sameAs\":[\"https:\/\/www.facebook.com\/portalcpnoticias\/\"]},{\"@type\":\"Person\",\"@id\":\"https:\/\/cleitonpinheiro.com.br\/site\/#\/schema\/person\/8f04544e0bc40a1b68775b08360f87db\",\"name\":\"Reda\u00e7\u00e3o CP\",\"image\":{\"@type\":\"ImageObject\",\"inLanguage\":\"pt-BR\",\"@id\":\"https:\/\/cleitonpinheiro.com.br\/site\/#\/schema\/person\/image\/\",\"url\":\"https:\/\/secure.gravatar.com\/avatar\/0bcf19cb29fdc8fc588c490c7ae1b3e174dac268586a63fbe1d1893a0f9020cd?s=96&r=g\",\"contentUrl\":\"https:\/\/secure.gravatar.com\/avatar\/0bcf19cb29fdc8fc588c490c7ae1b3e174dac268586a63fbe1d1893a0f9020cd?s=96&r=g\",\"caption\":\"Reda\u00e7\u00e3o CP\"},\"url\":\"https:\/\/cleitonpinheiro.com.br\/site\/author\/redacao\/\"}]}<\/script>\n<!-- \/ Yoast SEO plugin. -->","yoast_head_json":{"title":"Sa\u00fade de Palmas monitora circula\u00e7\u00e3o de v\u00edrus respirat\u00f3rios - PORTAL DE NOT\u00cdCIAS CLEITON PINHEIRO","robots":{"index":"index","follow":"follow","max-snippet":"max-snippet:-1","max-image-preview":"max-image-preview:large","max-video-preview":"max-video-preview:-1"},"canonical":"https:\/\/cleitonpinheiro.com.br\/site\/saude-de-palmas-monitora-circulacao-de-virus-respiratorios\/","og_locale":"pt_BR","og_type":"article","og_title":"Sa\u00fade de Palmas monitora circula\u00e7\u00e3o de v\u00edrus respirat\u00f3rios - PORTAL DE NOT\u00cdCIAS CLEITON PINHEIRO","og_description":"A Secretaria de Sa\u00fade (Semus) da Prefeitura de Palmas est\u00e1 atenta \u00e0 circula\u00e7\u00e3o dos v\u00edrus respirat\u00f3rios nas \u00faltimas semanas na Capital. Devido \u00e0 sazonalidade, com o fim do per\u00edodo chuvoso, houve um crescimento esperado de casos gripais, especialmente de influenza A e do V\u00edrus Sincicial Respirat\u00f3rio (VSR), com maior incid\u00eancia em crian\u00e7as e idosos. Apesar [&hellip;]","og_url":"https:\/\/cleitonpinheiro.com.br\/site\/saude-de-palmas-monitora-circulacao-de-virus-respiratorios\/","og_site_name":"PORTAL DE NOT\u00cdCIAS CLEITON PINHEIRO","article_publisher":"https:\/\/www.facebook.com\/portalcpnoticias\/","article_published_time":"2025-05-14T14:37:13+00:00","article_modified_time":"2025-05-16T13:05:06+00:00","og_image":[{"width":2048,"height":1152,"url":"https:\/\/cleitonpinheiro.com.br\/site\/wp-content\/uploads\/2025\/05\/PSX_20220203_153157-2048x1152-1.jpg","type":"image\/jpeg"}],"author":"Reda\u00e7\u00e3o CP","twitter_card":"summary_large_image","twitter_misc":{"Escrito por":"Reda\u00e7\u00e3o CP","Est. tempo de leitura":"3 minutos"},"schema":{"@context":"https:\/\/schema.org","@graph":[{"@type":"Article","@id":"https:\/\/cleitonpinheiro.com.br\/site\/saude-de-palmas-monitora-circulacao-de-virus-respiratorios\/#article","isPartOf":{"@id":"https:\/\/cleitonpinheiro.com.br\/site\/saude-de-palmas-monitora-circulacao-de-virus-respiratorios\/"},"author":{"name":"Reda\u00e7\u00e3o CP","@id":"https:\/\/cleitonpinheiro.com.br\/site\/#\/schema\/person\/8f04544e0bc40a1b68775b08360f87db"},"headline":"Sa\u00fade de Palmas monitora circula\u00e7\u00e3o de v\u00edrus respirat\u00f3rios","datePublished":"2025-05-14T14:37:13+00:00","dateModified":"2025-05-16T13:05:06+00:00","mainEntityOfPage":{"@id":"https:\/\/cleitonpinheiro.com.br\/site\/saude-de-palmas-monitora-circulacao-de-virus-respiratorios\/"},"wordCount":412,"commentCount":0,"publisher":{"@id":"https:\/\/cleitonpinheiro.com.br\/site\/#organization"},"image":{"@id":"https:\/\/cleitonpinheiro.com.br\/site\/saude-de-palmas-monitora-circulacao-de-virus-respiratorios\/#primaryimage"},"thumbnailUrl":"https:\/\/cleitonpinheiro.com.br\/site\/wp-content\/uploads\/2025\/05\/PSX_20220203_153157-2048x1152-1.jpg","articleSection":["CIDADES","NOT\u00cdCIAS EM DESTAQUE","TODAS NOTICIAS"],"inLanguage":"pt-BR","potentialAction":[{"@type":"CommentAction","name":"Comment","target":["https:\/\/cleitonpinheiro.com.br\/site\/saude-de-palmas-monitora-circulacao-de-virus-respiratorios\/#respond"]}]},{"@type":"WebPage","@id":"https:\/\/cleitonpinheiro.com.br\/site\/saude-de-palmas-monitora-circulacao-de-virus-respiratorios\/","url":"https:\/\/cleitonpinheiro.com.br\/site\/saude-de-palmas-monitora-circulacao-de-virus-respiratorios\/","name":"Sa\u00fade de Palmas monitora circula\u00e7\u00e3o de v\u00edrus respirat\u00f3rios - PORTAL DE NOT\u00cdCIAS CLEITON PINHEIRO","isPartOf":{"@id":"https:\/\/cleitonpinheiro.com.br\/site\/#website"},"primaryImageOfPage":{"@id":"https:\/\/cleitonpinheiro.com.br\/site\/saude-de-palmas-monitora-circulacao-de-virus-respiratorios\/#primaryimage"},"image":{"@id":"https:\/\/cleitonpinheiro.com.br\/site\/saude-de-palmas-monitora-circulacao-de-virus-respiratorios\/#primaryimage"},"thumbnailUrl":"https:\/\/cleitonpinheiro.com.br\/site\/wp-content\/uploads\/2025\/05\/PSX_20220203_153157-2048x1152-1.jpg","datePublished":"2025-05-14T14:37:13+00:00","dateModified":"2025-05-16T13:05:06+00:00","breadcrumb":{"@id":"https:\/\/cleitonpinheiro.com.br\/site\/saude-de-palmas-monitora-circulacao-de-virus-respiratorios\/#breadcrumb"},"inLanguage":"pt-BR","potentialAction":[{"@type":"ReadAction","target":["https:\/\/cleitonpinheiro.com.br\/site\/saude-de-palmas-monitora-circulacao-de-virus-respiratorios\/"]}]},{"@type":"ImageObject","inLanguage":"pt-BR","@id":"https:\/\/cleitonpinheiro.com.br\/site\/saude-de-palmas-monitora-circulacao-de-virus-respiratorios\/#primaryimage","url":"https:\/\/cleitonpinheiro.com.br\/site\/wp-content\/uploads\/2025\/05\/PSX_20220203_153157-2048x1152-1.jpg","contentUrl":"https:\/\/cleitonpinheiro.com.br\/site\/wp-content\/uploads\/2025\/05\/PSX_20220203_153157-2048x1152-1.jpg","width":2048,"height":1152},{"@type":"BreadcrumbList","@id":"https:\/\/cleitonpinheiro.com.br\/site\/saude-de-palmas-monitora-circulacao-de-virus-respiratorios\/#breadcrumb","itemListElement":[{"@type":"ListItem","position":1,"name":"In\u00edcio","item":"https:\/\/cleitonpinheiro.com.br\/site\/"},{"@type":"ListItem","position":2,"name":"Sa\u00fade de Palmas monitora circula\u00e7\u00e3o de v\u00edrus respirat\u00f3rios"}]},{"@type":"WebSite","@id":"https:\/\/cleitonpinheiro.com.br\/site\/#website","url":"https:\/\/cleitonpinheiro.com.br\/site\/","name":"PORTAL DE NOT\u00cdCIAS CLEITON PINHEIRO","description":"FALANDO A VERDADE","publisher":{"@id":"https:\/\/cleitonpinheiro.com.br\/site\/#organization"},"potentialAction":[{"@type":"SearchAction","target":{"@type":"EntryPoint","urlTemplate":"https:\/\/cleitonpinheiro.com.br\/site\/?s={search_term_string}"},"query-input":{"@type":"PropertyValueSpecification","valueRequired":true,"valueName":"search_term_string"}}],"inLanguage":"pt-BR"},{"@type":"Organization","@id":"https:\/\/cleitonpinheiro.com.br\/site\/#organization","name":"CPNOT\u00cdCIAS","url":"https:\/\/cleitonpinheiro.com.br\/site\/","logo":{"@type":"ImageObject","inLanguage":"pt-BR","@id":"https:\/\/cleitonpinheiro.com.br\/site\/#\/schema\/logo\/image\/","url":"https:\/\/cleitonpinheiro.com.br\/site\/wp-content\/uploads\/2022\/08\/Logo-pequena-2.png","contentUrl":"https:\/\/cleitonpinheiro.com.br\/site\/wp-content\/uploads\/2022\/08\/Logo-pequena-2.png","width":500,"height":500,"caption":"CPNOT\u00cdCIAS"},"image":{"@id":"https:\/\/cleitonpinheiro.com.br\/site\/#\/schema\/logo\/image\/"},"sameAs":["https:\/\/www.facebook.com\/portalcpnoticias\/"]},{"@type":"Person","@id":"https:\/\/cleitonpinheiro.com.br\/site\/#\/schema\/person\/8f04544e0bc40a1b68775b08360f87db","name":"Reda\u00e7\u00e3o CP","image":{"@type":"ImageObject","inLanguage":"pt-BR","@id":"https:\/\/cleitonpinheiro.com.br\/site\/#\/schema\/person\/image\/","url":"https:\/\/secure.gravatar.com\/avatar\/0bcf19cb29fdc8fc588c490c7ae1b3e174dac268586a63fbe1d1893a0f9020cd?s=96&r=g","contentUrl":"https:\/\/secure.gravatar.com\/avatar\/0bcf19cb29fdc8fc588c490c7ae1b3e174dac268586a63fbe1d1893a0f9020cd?s=96&r=g","caption":"Reda\u00e7\u00e3o CP"},"url":"https:\/\/cleitonpinheiro.com.br\/site\/author\/redacao\/"}]}},"views":180,"_links":{"self":[{"href":"https:\/\/cleitonpinheiro.com.br\/site\/wp-json\/wp\/v2\/posts\/85532","targetHints":{"allow":["GET"]}}],"collection":[{"href":"https:\/\/cleitonpinheiro.com.br\/site\/wp-json\/wp\/v2\/posts"}],"about":[{"href":"https:\/\/cleitonpinheiro.com.br\/site\/wp-json\/wp\/v2\/types\/post"}],"author":[{"embeddable":true,"href":"https:\/\/cleitonpinheiro.com.br\/site\/wp-json\/wp\/v2\/users\/13"}],"replies":[{"embeddable":true,"href":"https:\/\/cleitonpinheiro.com.br\/site\/wp-json\/wp\/v2\/comments?post=85532"}],"version-history":[{"count":1,"href":"https:\/\/cleitonpinheiro.com.br\/site\/wp-json\/wp\/v2\/posts\/85532\/revisions"}],"predecessor-version":[{"id":85534,"href":"https:\/\/cleitonpinheiro.com.br\/site\/wp-json\/wp\/v2\/posts\/85532\/revisions\/85534"}],"wp:featuredmedia":[{"embeddable":true,"href":"https:\/\/cleitonpinheiro.com.br\/site\/wp-json\/wp\/v2\/media\/85533"}],"wp:attachment":[{"href":"https:\/\/cleitonpinheiro.com.br\/site\/wp-json\/wp\/v2\/media?parent=85532"}],"wp:term":[{"taxonomy":"category","embeddable":true,"href":"https:\/\/cleitonpinheiro.com.br\/site\/wp-json\/wp\/v2\/categories?post=85532"},{"taxonomy":"post_tag","embeddable":true,"href":"https:\/\/cleitonpinheiro.com.br\/site\/wp-json\/wp\/v2\/tags?post=85532"}],"curies":[{"name":"wp","href":"https:\/\/api.w.org\/{rel}","templated":true}]}}