{"id":85535,"date":"2025-05-15T11:30:33","date_gmt":"2025-05-15T14:30:33","guid":{"rendered":"https:\/\/cleitonpinheiro.com.br\/site\/?p=85535"},"modified":"2025-05-15T11:30:39","modified_gmt":"2025-05-15T14:30:39","slug":"fundacao-de-meio-ambiente-realiza-doacao-de-mudas-e-coleta-seletiva-na-agrotins-2025","status":"publish","type":"post","link":"https:\/\/cleitonpinheiro.com.br\/site\/fundacao-de-meio-ambiente-realiza-doacao-de-mudas-e-coleta-seletiva-na-agrotins-2025\/","title":{"rendered":"Funda\u00e7\u00e3o de Meio Ambiente realiza doa\u00e7\u00e3o de mudas e coleta seletiva na Agrotins 2025"},"content":{"rendered":"\n<figure class=\"wp-block-image size-full\"><img fetchpriority=\"high\" decoding=\"async\" width=\"1024\" height=\"683\" src=\"https:\/\/cleitonpinheiro.com.br\/site\/wp-content\/uploads\/2025\/05\/Estande-da-FMA-fica-localizado-na-Fazendinha-\u2013-Foto-Lia-Mara.jpeg\" alt=\"\" class=\"wp-image-85536\" srcset=\"https:\/\/cleitonpinheiro.com.br\/site\/wp-content\/uploads\/2025\/05\/Estande-da-FMA-fica-localizado-na-Fazendinha-\u2013-Foto-Lia-Mara.jpeg 1024w, https:\/\/cleitonpinheiro.com.br\/site\/wp-content\/uploads\/2025\/05\/Estande-da-FMA-fica-localizado-na-Fazendinha-\u2013-Foto-Lia-Mara-300x200.jpeg 300w, https:\/\/cleitonpinheiro.com.br\/site\/wp-content\/uploads\/2025\/05\/Estande-da-FMA-fica-localizado-na-Fazendinha-\u2013-Foto-Lia-Mara-768x512.jpeg 768w\" sizes=\"(max-width: 1024px) 100vw, 1024px\" \/><figcaption class=\"wp-element-caption\">Foto: Lia Mara<\/figcaption><\/figure>\n\n\n\n<p>A Prefeitura de Palmas, por meio da Funda\u00e7\u00e3o Municipal do Meio Ambiente (FMA), promove a\u00e7\u00f5es educativas sobre sustentabilidade e conserva\u00e7\u00e3o dos recursos naturais durante a Agrotins 2025, a maior feira agrotecnol\u00f3gica da regi\u00e3o Norte do pa\u00eds. Em destaque est\u00e1 a doa\u00e7\u00e3o de mudas de esp\u00e9cies nativas do cerrado.<\/p>\n\n\n\n<p>O estande da FMA na Fazendinha conta com mais de 30 esp\u00e9cies de plantas ornamentais, \u00e1rvores frut\u00edferas, entre outras. Todas est\u00e3o dispon\u00edveis para doa\u00e7\u00e3o, sendo uma muda por pessoa, at\u00e9 a pr\u00f3xima sexta-feira, 16. \u201cTemos plantas do cerrado, de jardim, de quintal e de ch\u00e1caras e fazendas. Para facilitar o transporte, optamos por trazer mudas mais baixas\u201d, explicou o jardineiro do Viveiro Municipal de Palmas, Lu\u00eds Carlos.<\/p>\n\n\n\n<p>Os interessados precisam apenas realizar um breve cadastro e indicar qual esp\u00e9cie desejam levar. A produtora rural Valdete Neto de Souza aproveitou a oportunidade. \u201cEu sou \u2018doida\u2019 por cupua\u00e7u e ainda tive a oportunidade de ganhar uma muda, fiquei muito feliz. Acho essa a\u00e7\u00e3o muito interessante, porque eu mesma compraria se tivesse para vender, mas como est\u00e1 doando, eu apaixonei\u201d, declarou.<\/p>\n\n\n\n<p><strong>Coleta seletiva<\/strong><br>Todos os dias, alunos das escolas que visitam o estande da FMA participam de uma din\u00e2mica em que precisam indicar o local correto para descarte de res\u00edduos, conforme o tipo de material. O vencedor recebe um brinde: uma ecobag e uma garrafa de \u00e1gua. Al\u00e9m disso, os t\u00e9cnicos tamb\u00e9m oferecem orienta\u00e7\u00f5es sobre compostagem.<\/p>\n\n\n\n<p>Quem visita a Fazendinha tamb\u00e9m conhece um modelo dos ecopontos dispon\u00edveis na Capital, onde a popula\u00e7\u00e3o palmense pode descartar papel\/papel\u00e3o, pl\u00e1stico, metal e vidro de forma adequada. O ecoponto mais pr\u00f3ximo pode ser localizado por meio deste mapa.<br><strong><br>Confira a programa\u00e7\u00e3o completa<\/strong><\/p>\n\n\n\n<p><strong>Quinta-feira \u2013 15\/05\/2025<br>Manh\u00e3:<\/strong><br>8h \u00e0s 12h \u2013 Atendimento ao p\u00fablico \u2013 Diretoria de Gest\u00e3o Ambiental<br>8h \u00e0s 12h \u2013 Manejo integrado do fogo e outras a\u00e7\u00f5es de preven\u00e7\u00e3o a queimadas e inc\u00eandios florestais junto \u00e0 comunidade urbana e rural \u2013 Defesa Civil<br>8h \u00e0s 12h \u2013 Educa\u00e7\u00e3o Ambiental \u2013 Diretoria de Gest\u00e3o Ambiental<br>8h \u00e0s 12h \u2013 Doa\u00e7\u00e3o de mudas \u2013 Diretoria de Gest\u00e3o Ambiental<br><strong>Tarde:<\/strong><br>14h \u00e0s 17h \u2013 Atendimento ao p\u00fablico \u2013 Diretoria de Gest\u00e3o Ambiental<br>14h \u00e0s 17h \u2013 Educa\u00e7\u00e3o Ambiental \u2013 Diretoria de Mudan\u00e7as Clim\u00e1ticas \u2013 Escolas Municipais<br>14h \u00e0s 17h \u2013 Doa\u00e7\u00e3o de mudas \u2013 Diretoria de Gest\u00e3o Ambiental<\/p>\n\n\n\n<p><strong>Sexta-feira \u2013 16\/05\/2025<br>Manh\u00e3:<\/strong><br>8h \u00e0s 12h \u2013 Atendimento ao p\u00fablico \u2013 Diretoria de Gest\u00e3o Ambiental<br>8h \u00e0s 12h \u2013 Licenciamento e monitoramento ambiental \u2013 Diretoria de Licenciamento Ambiental<br>8h \u00e0s 12h \u2013 Educa\u00e7\u00e3o Ambiental \u2013 Diretoria de Gest\u00e3o Ambiental \u2013 Escolas Municipais<br>8h \u00e0s 12h \u2013 Doa\u00e7\u00e3o de mudas \u2013 Diretoria de Gest\u00e3o Ambiental<\/p>\n\n\n\n<p><strong>Tarde:<\/strong><br>14h \u00e0s 17h \u2013 Atendimento ao p\u00fablico (arboriza\u00e7\u00e3o) \u2013 Diretoria de Gest\u00e3o Ambiental<br>14h \u00e0s 17h \u2013 Educa\u00e7\u00e3o Ambiental \u2013 Diretoria de Mudan\u00e7as Clim\u00e1ticas \u2013 Escolas Municipais<br>14h \u00e0s 17h \u2013 Licenciamento e monitoramento ambiental \u2013 Diretoria de Licenciamento Ambiental<br>14h \u00e0s 17h \u2013 Doa\u00e7\u00e3o de mudas \u2013 Diretoria de Gest\u00e3o Ambiental<\/p>\n\n\n\n<p>Texto: Cyntia Miranda &#8211; Prefeitura de Palmas<\/p>\n","protected":false},"excerpt":{"rendered":"<p>A Prefeitura de Palmas, por meio da Funda\u00e7\u00e3o Municipal do Meio Ambiente (FMA), promove a\u00e7\u00f5es educativas sobre sustentabilidade e conserva\u00e7\u00e3o dos recursos naturais durante a Agrotins 2025, a maior feira agrotecnol\u00f3gica da regi\u00e3o Norte do pa\u00eds. Em destaque est\u00e1 a doa\u00e7\u00e3o de mudas de esp\u00e9cies nativas do cerrado. O estande da FMA na Fazendinha conta [&hellip;]<\/p>\n","protected":false},"author":13,"featured_media":85536,"comment_status":"open","ping_status":"open","sticky":false,"template":"","format":"standard","meta":{"_acf_changed":false,"footnotes":""},"categories":[22,898,21],"tags":[],"class_list":["post-85535","post","type-post","status-publish","format-standard","has-post-thumbnail","hentry","category-cidades","category-manchete-segundaria","category-todas-noticias"],"acf":[],"yoast_head":"<!-- This site is optimized with the Yoast SEO plugin v24.4 - https:\/\/yoast.com\/wordpress\/plugins\/seo\/ -->\n<title>Funda\u00e7\u00e3o de Meio Ambiente realiza doa\u00e7\u00e3o de mudas e coleta seletiva na Agrotins 2025 - PORTAL DE NOT\u00cdCIAS CLEITON PINHEIRO<\/title>\n<meta name=\"robots\" content=\"index, follow, max-snippet:-1, max-image-preview:large, max-video-preview:-1\" \/>\n<link rel=\"canonical\" href=\"https:\/\/cleitonpinheiro.com.br\/site\/fundacao-de-meio-ambiente-realiza-doacao-de-mudas-e-coleta-seletiva-na-agrotins-2025\/\" \/>\n<meta property=\"og:locale\" content=\"pt_BR\" \/>\n<meta property=\"og:type\" content=\"article\" \/>\n<meta property=\"og:title\" content=\"Funda\u00e7\u00e3o de Meio Ambiente realiza doa\u00e7\u00e3o de mudas e coleta seletiva na Agrotins 2025 - PORTAL DE NOT\u00cdCIAS CLEITON PINHEIRO\" \/>\n<meta property=\"og:description\" content=\"A Prefeitura de Palmas, por meio da Funda\u00e7\u00e3o Municipal do Meio Ambiente (FMA), promove a\u00e7\u00f5es educativas sobre sustentabilidade e conserva\u00e7\u00e3o dos recursos naturais durante a Agrotins 2025, a maior feira agrotecnol\u00f3gica da regi\u00e3o Norte do pa\u00eds. Em destaque est\u00e1 a doa\u00e7\u00e3o de mudas de esp\u00e9cies nativas do cerrado. O estande da FMA na Fazendinha conta [&hellip;]\" \/>\n<meta property=\"og:url\" content=\"https:\/\/cleitonpinheiro.com.br\/site\/fundacao-de-meio-ambiente-realiza-doacao-de-mudas-e-coleta-seletiva-na-agrotins-2025\/\" \/>\n<meta property=\"og:site_name\" content=\"PORTAL DE NOT\u00cdCIAS CLEITON PINHEIRO\" \/>\n<meta property=\"article:publisher\" content=\"https:\/\/www.facebook.com\/portalcpnoticias\/\" \/>\n<meta property=\"article:published_time\" content=\"2025-05-15T14:30:33+00:00\" \/>\n<meta property=\"article:modified_time\" content=\"2025-05-15T14:30:39+00:00\" \/>\n<meta property=\"og:image\" content=\"https:\/\/cleitonpinheiro.com.br\/site\/wp-content\/uploads\/2025\/05\/Estande-da-FMA-fica-localizado-na-Fazendinha-\u2013-Foto-Lia-Mara.jpeg\" \/>\n\t<meta property=\"og:image:width\" content=\"1024\" \/>\n\t<meta property=\"og:image:height\" content=\"683\" \/>\n\t<meta property=\"og:image:type\" content=\"image\/jpeg\" \/>\n<meta name=\"author\" content=\"Reda\u00e7\u00e3o CP\" \/>\n<meta name=\"twitter:card\" content=\"summary_large_image\" \/>\n<meta name=\"twitter:label1\" content=\"Escrito por\" \/>\n\t<meta name=\"twitter:data1\" content=\"Reda\u00e7\u00e3o CP\" \/>\n\t<meta name=\"twitter:label2\" content=\"Est. tempo de leitura\" \/>\n\t<meta name=\"twitter:data2\" content=\"3 minutos\" \/>\n<script type=\"application\/ld+json\" class=\"yoast-schema-graph\">{\"@context\":\"https:\/\/schema.org\",\"@graph\":[{\"@type\":\"Article\",\"@id\":\"https:\/\/cleitonpinheiro.com.br\/site\/fundacao-de-meio-ambiente-realiza-doacao-de-mudas-e-coleta-seletiva-na-agrotins-2025\/#article\",\"isPartOf\":{\"@id\":\"https:\/\/cleitonpinheiro.com.br\/site\/fundacao-de-meio-ambiente-realiza-doacao-de-mudas-e-coleta-seletiva-na-agrotins-2025\/\"},\"author\":{\"name\":\"Reda\u00e7\u00e3o CP\",\"@id\":\"https:\/\/cleitonpinheiro.com.br\/site\/#\/schema\/person\/8f04544e0bc40a1b68775b08360f87db\"},\"headline\":\"Funda\u00e7\u00e3o de Meio Ambiente realiza doa\u00e7\u00e3o de mudas e coleta seletiva na Agrotins 2025\",\"datePublished\":\"2025-05-15T14:30:33+00:00\",\"dateModified\":\"2025-05-15T14:30:39+00:00\",\"mainEntityOfPage\":{\"@id\":\"https:\/\/cleitonpinheiro.com.br\/site\/fundacao-de-meio-ambiente-realiza-doacao-de-mudas-e-coleta-seletiva-na-agrotins-2025\/\"},\"wordCount\":533,\"commentCount\":0,\"publisher\":{\"@id\":\"https:\/\/cleitonpinheiro.com.br\/site\/#organization\"},\"image\":{\"@id\":\"https:\/\/cleitonpinheiro.com.br\/site\/fundacao-de-meio-ambiente-realiza-doacao-de-mudas-e-coleta-seletiva-na-agrotins-2025\/#primaryimage\"},\"thumbnailUrl\":\"https:\/\/cleitonpinheiro.com.br\/site\/wp-content\/uploads\/2025\/05\/Estande-da-FMA-fica-localizado-na-Fazendinha-\u2013-Foto-Lia-Mara.jpeg\",\"articleSection\":[\"CIDADES\",\"MANCHETE SEGUND\u00c1RIA\",\"TODAS NOTICIAS\"],\"inLanguage\":\"pt-BR\",\"potentialAction\":[{\"@type\":\"CommentAction\",\"name\":\"Comment\",\"target\":[\"https:\/\/cleitonpinheiro.com.br\/site\/fundacao-de-meio-ambiente-realiza-doacao-de-mudas-e-coleta-seletiva-na-agrotins-2025\/#respond\"]}]},{\"@type\":\"WebPage\",\"@id\":\"https:\/\/cleitonpinheiro.com.br\/site\/fundacao-de-meio-ambiente-realiza-doacao-de-mudas-e-coleta-seletiva-na-agrotins-2025\/\",\"url\":\"https:\/\/cleitonpinheiro.com.br\/site\/fundacao-de-meio-ambiente-realiza-doacao-de-mudas-e-coleta-seletiva-na-agrotins-2025\/\",\"name\":\"Funda\u00e7\u00e3o de Meio Ambiente realiza doa\u00e7\u00e3o de mudas e coleta seletiva na Agrotins 2025 - PORTAL DE NOT\u00cdCIAS CLEITON PINHEIRO\",\"isPartOf\":{\"@id\":\"https:\/\/cleitonpinheiro.com.br\/site\/#website\"},\"primaryImageOfPage\":{\"@id\":\"https:\/\/cleitonpinheiro.com.br\/site\/fundacao-de-meio-ambiente-realiza-doacao-de-mudas-e-coleta-seletiva-na-agrotins-2025\/#primaryimage\"},\"image\":{\"@id\":\"https:\/\/cleitonpinheiro.com.br\/site\/fundacao-de-meio-ambiente-realiza-doacao-de-mudas-e-coleta-seletiva-na-agrotins-2025\/#primaryimage\"},\"thumbnailUrl\":\"https:\/\/cleitonpinheiro.com.br\/site\/wp-content\/uploads\/2025\/05\/Estande-da-FMA-fica-localizado-na-Fazendinha-\u2013-Foto-Lia-Mara.jpeg\",\"datePublished\":\"2025-05-15T14:30:33+00:00\",\"dateModified\":\"2025-05-15T14:30:39+00:00\",\"breadcrumb\":{\"@id\":\"https:\/\/cleitonpinheiro.com.br\/site\/fundacao-de-meio-ambiente-realiza-doacao-de-mudas-e-coleta-seletiva-na-agrotins-2025\/#breadcrumb\"},\"inLanguage\":\"pt-BR\",\"potentialAction\":[{\"@type\":\"ReadAction\",\"target\":[\"https:\/\/cleitonpinheiro.com.br\/site\/fundacao-de-meio-ambiente-realiza-doacao-de-mudas-e-coleta-seletiva-na-agrotins-2025\/\"]}]},{\"@type\":\"ImageObject\",\"inLanguage\":\"pt-BR\",\"@id\":\"https:\/\/cleitonpinheiro.com.br\/site\/fundacao-de-meio-ambiente-realiza-doacao-de-mudas-e-coleta-seletiva-na-agrotins-2025\/#primaryimage\",\"url\":\"https:\/\/cleitonpinheiro.com.br\/site\/wp-content\/uploads\/2025\/05\/Estande-da-FMA-fica-localizado-na-Fazendinha-\u2013-Foto-Lia-Mara.jpeg\",\"contentUrl\":\"https:\/\/cleitonpinheiro.com.br\/site\/wp-content\/uploads\/2025\/05\/Estande-da-FMA-fica-localizado-na-Fazendinha-\u2013-Foto-Lia-Mara.jpeg\",\"width\":1024,\"height\":683,\"caption\":\"Foto: Lia Mara\"},{\"@type\":\"BreadcrumbList\",\"@id\":\"https:\/\/cleitonpinheiro.com.br\/site\/fundacao-de-meio-ambiente-realiza-doacao-de-mudas-e-coleta-seletiva-na-agrotins-2025\/#breadcrumb\",\"itemListElement\":[{\"@type\":\"ListItem\",\"position\":1,\"name\":\"In\u00edcio\",\"item\":\"https:\/\/cleitonpinheiro.com.br\/site\/\"},{\"@type\":\"ListItem\",\"position\":2,\"name\":\"Funda\u00e7\u00e3o de Meio Ambiente realiza doa\u00e7\u00e3o de mudas e coleta seletiva na Agrotins 2025\"}]},{\"@type\":\"WebSite\",\"@id\":\"https:\/\/cleitonpinheiro.com.br\/site\/#website\",\"url\":\"https:\/\/cleitonpinheiro.com.br\/site\/\",\"name\":\"PORTAL DE NOT\u00cdCIAS CLEITON PINHEIRO\",\"description\":\"FALANDO A VERDADE\",\"publisher\":{\"@id\":\"https:\/\/cleitonpinheiro.com.br\/site\/#organization\"},\"potentialAction\":[{\"@type\":\"SearchAction\",\"target\":{\"@type\":\"EntryPoint\",\"urlTemplate\":\"https:\/\/cleitonpinheiro.com.br\/site\/?s={search_term_string}\"},\"query-input\":{\"@type\":\"PropertyValueSpecification\",\"valueRequired\":true,\"valueName\":\"search_term_string\"}}],\"inLanguage\":\"pt-BR\"},{\"@type\":\"Organization\",\"@id\":\"https:\/\/cleitonpinheiro.com.br\/site\/#organization\",\"name\":\"CPNOT\u00cdCIAS\",\"url\":\"https:\/\/cleitonpinheiro.com.br\/site\/\",\"logo\":{\"@type\":\"ImageObject\",\"inLanguage\":\"pt-BR\",\"@id\":\"https:\/\/cleitonpinheiro.com.br\/site\/#\/schema\/logo\/image\/\",\"url\":\"https:\/\/cleitonpinheiro.com.br\/site\/wp-content\/uploads\/2022\/08\/Logo-pequena-2.png\",\"contentUrl\":\"https:\/\/cleitonpinheiro.com.br\/site\/wp-content\/uploads\/2022\/08\/Logo-pequena-2.png\",\"width\":500,\"height\":500,\"caption\":\"CPNOT\u00cdCIAS\"},\"image\":{\"@id\":\"https:\/\/cleitonpinheiro.com.br\/site\/#\/schema\/logo\/image\/\"},\"sameAs\":[\"https:\/\/www.facebook.com\/portalcpnoticias\/\"]},{\"@type\":\"Person\",\"@id\":\"https:\/\/cleitonpinheiro.com.br\/site\/#\/schema\/person\/8f04544e0bc40a1b68775b08360f87db\",\"name\":\"Reda\u00e7\u00e3o CP\",\"image\":{\"@type\":\"ImageObject\",\"inLanguage\":\"pt-BR\",\"@id\":\"https:\/\/cleitonpinheiro.com.br\/site\/#\/schema\/person\/image\/\",\"url\":\"https:\/\/secure.gravatar.com\/avatar\/0bcf19cb29fdc8fc588c490c7ae1b3e174dac268586a63fbe1d1893a0f9020cd?s=96&r=g\",\"contentUrl\":\"https:\/\/secure.gravatar.com\/avatar\/0bcf19cb29fdc8fc588c490c7ae1b3e174dac268586a63fbe1d1893a0f9020cd?s=96&r=g\",\"caption\":\"Reda\u00e7\u00e3o CP\"},\"url\":\"https:\/\/cleitonpinheiro.com.br\/site\/author\/redacao\/\"}]}<\/script>\n<!-- \/ Yoast SEO plugin. -->","yoast_head_json":{"title":"Funda\u00e7\u00e3o de Meio Ambiente realiza doa\u00e7\u00e3o de mudas e coleta seletiva na Agrotins 2025 - PORTAL DE NOT\u00cdCIAS CLEITON PINHEIRO","robots":{"index":"index","follow":"follow","max-snippet":"max-snippet:-1","max-image-preview":"max-image-preview:large","max-video-preview":"max-video-preview:-1"},"canonical":"https:\/\/cleitonpinheiro.com.br\/site\/fundacao-de-meio-ambiente-realiza-doacao-de-mudas-e-coleta-seletiva-na-agrotins-2025\/","og_locale":"pt_BR","og_type":"article","og_title":"Funda\u00e7\u00e3o de Meio Ambiente realiza doa\u00e7\u00e3o de mudas e coleta seletiva na Agrotins 2025 - PORTAL DE NOT\u00cdCIAS CLEITON PINHEIRO","og_description":"A Prefeitura de Palmas, por meio da Funda\u00e7\u00e3o Municipal do Meio Ambiente (FMA), promove a\u00e7\u00f5es educativas sobre sustentabilidade e conserva\u00e7\u00e3o dos recursos naturais durante a Agrotins 2025, a maior feira agrotecnol\u00f3gica da regi\u00e3o Norte do pa\u00eds. Em destaque est\u00e1 a doa\u00e7\u00e3o de mudas de esp\u00e9cies nativas do cerrado. O estande da FMA na Fazendinha conta [&hellip;]","og_url":"https:\/\/cleitonpinheiro.com.br\/site\/fundacao-de-meio-ambiente-realiza-doacao-de-mudas-e-coleta-seletiva-na-agrotins-2025\/","og_site_name":"PORTAL DE NOT\u00cdCIAS CLEITON PINHEIRO","article_publisher":"https:\/\/www.facebook.com\/portalcpnoticias\/","article_published_time":"2025-05-15T14:30:33+00:00","article_modified_time":"2025-05-15T14:30:39+00:00","og_image":[{"width":1024,"height":683,"url":"https:\/\/cleitonpinheiro.com.br\/site\/wp-content\/uploads\/2025\/05\/Estande-da-FMA-fica-localizado-na-Fazendinha-\u2013-Foto-Lia-Mara.jpeg","type":"image\/jpeg"}],"author":"Reda\u00e7\u00e3o CP","twitter_card":"summary_large_image","twitter_misc":{"Escrito por":"Reda\u00e7\u00e3o CP","Est. tempo de leitura":"3 minutos"},"schema":{"@context":"https:\/\/schema.org","@graph":[{"@type":"Article","@id":"https:\/\/cleitonpinheiro.com.br\/site\/fundacao-de-meio-ambiente-realiza-doacao-de-mudas-e-coleta-seletiva-na-agrotins-2025\/#article","isPartOf":{"@id":"https:\/\/cleitonpinheiro.com.br\/site\/fundacao-de-meio-ambiente-realiza-doacao-de-mudas-e-coleta-seletiva-na-agrotins-2025\/"},"author":{"name":"Reda\u00e7\u00e3o CP","@id":"https:\/\/cleitonpinheiro.com.br\/site\/#\/schema\/person\/8f04544e0bc40a1b68775b08360f87db"},"headline":"Funda\u00e7\u00e3o de Meio Ambiente realiza doa\u00e7\u00e3o de mudas e coleta seletiva na Agrotins 2025","datePublished":"2025-05-15T14:30:33+00:00","dateModified":"2025-05-15T14:30:39+00:00","mainEntityOfPage":{"@id":"https:\/\/cleitonpinheiro.com.br\/site\/fundacao-de-meio-ambiente-realiza-doacao-de-mudas-e-coleta-seletiva-na-agrotins-2025\/"},"wordCount":533,"commentCount":0,"publisher":{"@id":"https:\/\/cleitonpinheiro.com.br\/site\/#organization"},"image":{"@id":"https:\/\/cleitonpinheiro.com.br\/site\/fundacao-de-meio-ambiente-realiza-doacao-de-mudas-e-coleta-seletiva-na-agrotins-2025\/#primaryimage"},"thumbnailUrl":"https:\/\/cleitonpinheiro.com.br\/site\/wp-content\/uploads\/2025\/05\/Estande-da-FMA-fica-localizado-na-Fazendinha-\u2013-Foto-Lia-Mara.jpeg","articleSection":["CIDADES","MANCHETE SEGUND\u00c1RIA","TODAS NOTICIAS"],"inLanguage":"pt-BR","potentialAction":[{"@type":"CommentAction","name":"Comment","target":["https:\/\/cleitonpinheiro.com.br\/site\/fundacao-de-meio-ambiente-realiza-doacao-de-mudas-e-coleta-seletiva-na-agrotins-2025\/#respond"]}]},{"@type":"WebPage","@id":"https:\/\/cleitonpinheiro.com.br\/site\/fundacao-de-meio-ambiente-realiza-doacao-de-mudas-e-coleta-seletiva-na-agrotins-2025\/","url":"https:\/\/cleitonpinheiro.com.br\/site\/fundacao-de-meio-ambiente-realiza-doacao-de-mudas-e-coleta-seletiva-na-agrotins-2025\/","name":"Funda\u00e7\u00e3o de Meio Ambiente realiza doa\u00e7\u00e3o de mudas e coleta seletiva na Agrotins 2025 - PORTAL DE NOT\u00cdCIAS CLEITON PINHEIRO","isPartOf":{"@id":"https:\/\/cleitonpinheiro.com.br\/site\/#website"},"primaryImageOfPage":{"@id":"https:\/\/cleitonpinheiro.com.br\/site\/fundacao-de-meio-ambiente-realiza-doacao-de-mudas-e-coleta-seletiva-na-agrotins-2025\/#primaryimage"},"image":{"@id":"https:\/\/cleitonpinheiro.com.br\/site\/fundacao-de-meio-ambiente-realiza-doacao-de-mudas-e-coleta-seletiva-na-agrotins-2025\/#primaryimage"},"thumbnailUrl":"https:\/\/cleitonpinheiro.com.br\/site\/wp-content\/uploads\/2025\/05\/Estande-da-FMA-fica-localizado-na-Fazendinha-\u2013-Foto-Lia-Mara.jpeg","datePublished":"2025-05-15T14:30:33+00:00","dateModified":"2025-05-15T14:30:39+00:00","breadcrumb":{"@id":"https:\/\/cleitonpinheiro.com.br\/site\/fundacao-de-meio-ambiente-realiza-doacao-de-mudas-e-coleta-seletiva-na-agrotins-2025\/#breadcrumb"},"inLanguage":"pt-BR","potentialAction":[{"@type":"ReadAction","target":["https:\/\/cleitonpinheiro.com.br\/site\/fundacao-de-meio-ambiente-realiza-doacao-de-mudas-e-coleta-seletiva-na-agrotins-2025\/"]}]},{"@type":"ImageObject","inLanguage":"pt-BR","@id":"https:\/\/cleitonpinheiro.com.br\/site\/fundacao-de-meio-ambiente-realiza-doacao-de-mudas-e-coleta-seletiva-na-agrotins-2025\/#primaryimage","url":"https:\/\/cleitonpinheiro.com.br\/site\/wp-content\/uploads\/2025\/05\/Estande-da-FMA-fica-localizado-na-Fazendinha-\u2013-Foto-Lia-Mara.jpeg","contentUrl":"https:\/\/cleitonpinheiro.com.br\/site\/wp-content\/uploads\/2025\/05\/Estande-da-FMA-fica-localizado-na-Fazendinha-\u2013-Foto-Lia-Mara.jpeg","width":1024,"height":683,"caption":"Foto: Lia Mara"},{"@type":"BreadcrumbList","@id":"https:\/\/cleitonpinheiro.com.br\/site\/fundacao-de-meio-ambiente-realiza-doacao-de-mudas-e-coleta-seletiva-na-agrotins-2025\/#breadcrumb","itemListElement":[{"@type":"ListItem","position":1,"name":"In\u00edcio","item":"https:\/\/cleitonpinheiro.com.br\/site\/"},{"@type":"ListItem","position":2,"name":"Funda\u00e7\u00e3o de Meio Ambiente realiza doa\u00e7\u00e3o de mudas e coleta seletiva na Agrotins 2025"}]},{"@type":"WebSite","@id":"https:\/\/cleitonpinheiro.com.br\/site\/#website","url":"https:\/\/cleitonpinheiro.com.br\/site\/","name":"PORTAL DE NOT\u00cdCIAS CLEITON PINHEIRO","description":"FALANDO A VERDADE","publisher":{"@id":"https:\/\/cleitonpinheiro.com.br\/site\/#organization"},"potentialAction":[{"@type":"SearchAction","target":{"@type":"EntryPoint","urlTemplate":"https:\/\/cleitonpinheiro.com.br\/site\/?s={search_term_string}"},"query-input":{"@type":"PropertyValueSpecification","valueRequired":true,"valueName":"search_term_string"}}],"inLanguage":"pt-BR"},{"@type":"Organization","@id":"https:\/\/cleitonpinheiro.com.br\/site\/#organization","name":"CPNOT\u00cdCIAS","url":"https:\/\/cleitonpinheiro.com.br\/site\/","logo":{"@type":"ImageObject","inLanguage":"pt-BR","@id":"https:\/\/cleitonpinheiro.com.br\/site\/#\/schema\/logo\/image\/","url":"https:\/\/cleitonpinheiro.com.br\/site\/wp-content\/uploads\/2022\/08\/Logo-pequena-2.png","contentUrl":"https:\/\/cleitonpinheiro.com.br\/site\/wp-content\/uploads\/2022\/08\/Logo-pequena-2.png","width":500,"height":500,"caption":"CPNOT\u00cdCIAS"},"image":{"@id":"https:\/\/cleitonpinheiro.com.br\/site\/#\/schema\/logo\/image\/"},"sameAs":["https:\/\/www.facebook.com\/portalcpnoticias\/"]},{"@type":"Person","@id":"https:\/\/cleitonpinheiro.com.br\/site\/#\/schema\/person\/8f04544e0bc40a1b68775b08360f87db","name":"Reda\u00e7\u00e3o CP","image":{"@type":"ImageObject","inLanguage":"pt-BR","@id":"https:\/\/cleitonpinheiro.com.br\/site\/#\/schema\/person\/image\/","url":"https:\/\/secure.gravatar.com\/avatar\/0bcf19cb29fdc8fc588c490c7ae1b3e174dac268586a63fbe1d1893a0f9020cd?s=96&r=g","contentUrl":"https:\/\/secure.gravatar.com\/avatar\/0bcf19cb29fdc8fc588c490c7ae1b3e174dac268586a63fbe1d1893a0f9020cd?s=96&r=g","caption":"Reda\u00e7\u00e3o CP"},"url":"https:\/\/cleitonpinheiro.com.br\/site\/author\/redacao\/"}]}},"views":135,"_links":{"self":[{"href":"https:\/\/cleitonpinheiro.com.br\/site\/wp-json\/wp\/v2\/posts\/85535","targetHints":{"allow":["GET"]}}],"collection":[{"href":"https:\/\/cleitonpinheiro.com.br\/site\/wp-json\/wp\/v2\/posts"}],"about":[{"href":"https:\/\/cleitonpinheiro.com.br\/site\/wp-json\/wp\/v2\/types\/post"}],"author":[{"embeddable":true,"href":"https:\/\/cleitonpinheiro.com.br\/site\/wp-json\/wp\/v2\/users\/13"}],"replies":[{"embeddable":true,"href":"https:\/\/cleitonpinheiro.com.br\/site\/wp-json\/wp\/v2\/comments?post=85535"}],"version-history":[{"count":1,"href":"https:\/\/cleitonpinheiro.com.br\/site\/wp-json\/wp\/v2\/posts\/85535\/revisions"}],"predecessor-version":[{"id":85537,"href":"https:\/\/cleitonpinheiro.com.br\/site\/wp-json\/wp\/v2\/posts\/85535\/revisions\/85537"}],"wp:featuredmedia":[{"embeddable":true,"href":"https:\/\/cleitonpinheiro.com.br\/site\/wp-json\/wp\/v2\/media\/85536"}],"wp:attachment":[{"href":"https:\/\/cleitonpinheiro.com.br\/site\/wp-json\/wp\/v2\/media?parent=85535"}],"wp:term":[{"taxonomy":"category","embeddable":true,"href":"https:\/\/cleitonpinheiro.com.br\/site\/wp-json\/wp\/v2\/categories?post=85535"},{"taxonomy":"post_tag","embeddable":true,"href":"https:\/\/cleitonpinheiro.com.br\/site\/wp-json\/wp\/v2\/tags?post=85535"}],"curies":[{"name":"wp","href":"https:\/\/api.w.org\/{rel}","templated":true}]}}