{"id":85544,"date":"2025-05-15T16:04:16","date_gmt":"2025-05-15T19:04:16","guid":{"rendered":"https:\/\/cleitonpinheiro.com.br\/site\/?p=85544"},"modified":"2025-05-15T16:04:32","modified_gmt":"2025-05-15T19:04:32","slug":"detran-to-garante-seguranca-viaria-da-agrotins-e-leva-acoes-da-campanha-maio-amarelo-2025-aos-visitantes-da-feira","status":"publish","type":"post","link":"https:\/\/cleitonpinheiro.com.br\/site\/detran-to-garante-seguranca-viaria-da-agrotins-e-leva-acoes-da-campanha-maio-amarelo-2025-aos-visitantes-da-feira\/","title":{"rendered":"Detran\/TO garante seguran\u00e7a vi\u00e1ria da Agrotins e leva a\u00e7\u00f5es da Campanha Maio Amarelo 2025 aos visitantes da Feira"},"content":{"rendered":"\n<figure class=\"wp-block-image size-large\"><img fetchpriority=\"high\" decoding=\"async\" width=\"1024\" height=\"682\" src=\"https:\/\/cleitonpinheiro.com.br\/site\/wp-content\/uploads\/2025\/05\/FOTO-1-1024x682.jpeg\" alt=\"\" class=\"wp-image-85545\" srcset=\"https:\/\/cleitonpinheiro.com.br\/site\/wp-content\/uploads\/2025\/05\/FOTO-1-1024x682.jpeg 1024w, https:\/\/cleitonpinheiro.com.br\/site\/wp-content\/uploads\/2025\/05\/FOTO-1-300x200.jpeg 300w, https:\/\/cleitonpinheiro.com.br\/site\/wp-content\/uploads\/2025\/05\/FOTO-1-768x512.jpeg 768w, https:\/\/cleitonpinheiro.com.br\/site\/wp-content\/uploads\/2025\/05\/FOTO-1-1536x1023.jpeg 1536w, https:\/\/cleitonpinheiro.com.br\/site\/wp-content\/uploads\/2025\/05\/FOTO-1.jpeg 1600w\" sizes=\"(max-width: 1024px) 100vw, 1024px\" \/><\/figure>\n\n\n\n<p>O Governo do Tocantins desenvolve uma s\u00e9rie de a\u00e7\u00f5es em diversas frentes na 25\u00aa edi\u00e7\u00e3o da Feira Agrotecnol\u00f3gica do Tocantins (Agrotins). No \u00e2mbito da seguran\u00e7a vi\u00e1ria, o Governo do Estado, por meio do Departamento Estadual de Tr\u00e2nsito do Tocantins (Detran\/TO), disponibiliza 28 agentes de tr\u00e2nsito dispostos em oito viaturas na feira, com o objetivo de garantir a seguran\u00e7a do tr\u00e2nsito a todos os visitantes da feira.<\/p>\n\n\n\n<p>O \u00f3rg\u00e3o realiza o controle de fluxo de ve\u00edculos nas vias que d\u00e3o acesso ao Parque Agrotecnol\u00f3gico Engenheiro Agr\u00f4nomo Mauro Mendanha, em Palmas, local onde acontece a Feira, at\u00e9 s\u00e1bado, 17, \u00faltimo dia de evento.<\/p>\n\n\n\n<p>Segundo o gerente de fiscaliza\u00e7\u00e3o e seguran\u00e7a, Enildo Leite, as equipes est\u00e3o dispostas em locais estrat\u00e9gicos junto \u00e0s demais for\u00e7as de seguran\u00e7a do estado, em um esfor\u00e7o conjunto para garantir que todos aproveitem a feira de maneira segura. \u201cOs agentes est\u00e3o posicionados na rotat\u00f3ria da BR que d\u00e1 acesso \u00e0 Agrotins, no trevo entre o Taquari e a feira, no portal e na entrada do estacionamento. Estes locais s\u00e3o estrat\u00e9gicos, onde as equipes atuar\u00e3o n\u00e3o apenas para controlar o fluxo de ve\u00edculos, como tamb\u00e9m para conscientizar os condutores da import\u00e2ncia de uma dire\u00e7\u00e3o segura. Todo este trabalho re\u00fane outros \u00f3rg\u00e3os de seguran\u00e7a visando tornar o ambiente mais seguro e pac\u00edfico aos visitantes\u201d, explica o gerente.<\/p>\n\n\n\n<p><strong>Orienta\u00e7\u00f5es<\/strong><\/p>\n\n\n\n<p>O Detran\/TO refor\u00e7a algumas orienta\u00e7\u00f5es aos condutores que forem visitar a Agrotins 2025, em especial, o respeito \u00e0s sinaliza\u00e7\u00f5es de tr\u00e2nsito, principalmente, os limites de velocidade; o uso do cinto de seguran\u00e7a; crian\u00e7as com menos de 10 anos, ou com altura inferior a 1,45 metros, devem ser transportadas no banco traseiro do ve\u00edculo, no beb\u00ea conforto ou cadeirinha; e se beber, n\u00e3o assuma a dire\u00e7\u00e3o do ve\u00edculo ap\u00f3s ingerir bebida alc\u00f3olica. Al\u00e9m disso, o cuidado \u00e9 redobrado com as ultrapassagens.<\/p>\n\n\n\n<p><strong>Educa\u00e7\u00e3o para o Tr\u00e2nsito<br><\/strong><br>O Detran\/TO conta com um estande na Agrotins 2025, aberto ao p\u00fablico, onde ser\u00e3o realizadas palestras educativas a alunos de diversas escolas. No espa\u00e7o, o \u00f3rg\u00e3o ir\u00e1 receber estudantes do Col\u00e9gio Operimm, Col\u00e9gio Estadual S\u00e3o Jos\u00e9, da Escola Municipal Padre Josimo, Escola Municipal Maria Ver\u00f4nica, Escola Estadual Maria dos Reis e Escola Municipal Luis Rodrigues. Na entrada principal da feira, equipes de educa\u00e7\u00e3o para o tr\u00e2nsito realizam a entrega de materiais did\u00e1ticos da campanha, levando a mensagem do movimento a todos os visitantes.<\/p>\n\n\n\n<p><strong>Maio Amarelo<br><\/strong><br>O trabalho do Detran\/TO na Agrotins 2025 contempla a programa\u00e7\u00e3o da Campanha Maio Amarelo 2025, um movimento internacional que busca tem o objetivo de sensibilizar toda a popula\u00e7\u00e3o sobre \u00edndices de sinistros e mortes no tr\u00e2nsito. Com o tema Desacelere, seu bem maior \u00e9 a vida , a mensagem da campanha deste ano tem como foco alertar a popula\u00e7\u00e3o sobre os riscos e as consequ\u00eancias em rela\u00e7\u00e3o ao excesso de velocidade. &nbsp;<\/p>\n\n\n\n<p><strong>Agrotins 25 anos<br><\/strong><br>Em sua 25\u00aa edi\u00e7\u00e3o, a Agrotins se consolidou com a maior feira agropecu\u00e1ria da Regi\u00e3o Norte do pa\u00eds. Com o tema AgroEvolu\u00e7\u00e3o, o evento reunir\u00e1 inova\u00e7\u00f5es, neg\u00f3cios e importantes debates sobre o agroneg\u00f3cio.<\/p>\n\n\n\n<p>A feira \u00e9 uma realiza\u00e7\u00e3o do Governo do Tocantins, por meio da Secretaria de Estado da Agricultura e Pecu\u00e1ria (Seagro), da Secretaria de Estado da Ind\u00fastria, Com\u00e9rcio e Servi\u00e7os (Sics), da Ag\u00eancia de Defesa Agropecu\u00e1ria (Adapec), do Instituto de Desenvolvimento Rural do Tocantins (Ruraltins), da Funda\u00e7\u00e3o de Amparo \u00e0 Pesquisa do Tocantins (Fapt) e da Tocantins Parcerias, em conjunto com empresas do agro, \u00f3rg\u00e3os p\u00fablicos e institui\u00e7\u00f5es de pesquisas e educacionais.<\/p>\n\n\n\n<p>Por Gabriel Moraes \/ Governo do Tocantins<\/p>\n","protected":false},"excerpt":{"rendered":"<p>O Governo do Tocantins desenvolve uma s\u00e9rie de a\u00e7\u00f5es em diversas frentes na 25\u00aa edi\u00e7\u00e3o da Feira Agrotecnol\u00f3gica do Tocantins (Agrotins). No \u00e2mbito da seguran\u00e7a vi\u00e1ria, o Governo do Estado, por meio do Departamento Estadual de Tr\u00e2nsito do Tocantins (Detran\/TO), disponibiliza 28 agentes de tr\u00e2nsito dispostos em oito viaturas na feira, com o objetivo de [&hellip;]<\/p>\n","protected":false},"author":13,"featured_media":85545,"comment_status":"open","ping_status":"open","sticky":false,"template":"","format":"standard","meta":{"_acf_changed":false,"footnotes":""},"categories":[22,898,21],"tags":[],"class_list":["post-85544","post","type-post","status-publish","format-standard","has-post-thumbnail","hentry","category-cidades","category-manchete-segundaria","category-todas-noticias"],"acf":[],"yoast_head":"<!-- This site is optimized with the Yoast SEO plugin v24.4 - https:\/\/yoast.com\/wordpress\/plugins\/seo\/ -->\n<title>Detran\/TO garante seguran\u00e7a vi\u00e1ria da Agrotins e leva a\u00e7\u00f5es da Campanha Maio Amarelo 2025 aos visitantes da Feira - PORTAL DE NOT\u00cdCIAS CLEITON PINHEIRO<\/title>\n<meta name=\"robots\" content=\"index, follow, max-snippet:-1, max-image-preview:large, max-video-preview:-1\" \/>\n<link rel=\"canonical\" href=\"https:\/\/cleitonpinheiro.com.br\/site\/detran-to-garante-seguranca-viaria-da-agrotins-e-leva-acoes-da-campanha-maio-amarelo-2025-aos-visitantes-da-feira\/\" \/>\n<meta property=\"og:locale\" content=\"pt_BR\" \/>\n<meta property=\"og:type\" content=\"article\" \/>\n<meta property=\"og:title\" content=\"Detran\/TO garante seguran\u00e7a vi\u00e1ria da Agrotins e leva a\u00e7\u00f5es da Campanha Maio Amarelo 2025 aos visitantes da Feira - PORTAL DE NOT\u00cdCIAS CLEITON PINHEIRO\" \/>\n<meta property=\"og:description\" content=\"O Governo do Tocantins desenvolve uma s\u00e9rie de a\u00e7\u00f5es em diversas frentes na 25\u00aa edi\u00e7\u00e3o da Feira Agrotecnol\u00f3gica do Tocantins (Agrotins). No \u00e2mbito da seguran\u00e7a vi\u00e1ria, o Governo do Estado, por meio do Departamento Estadual de Tr\u00e2nsito do Tocantins (Detran\/TO), disponibiliza 28 agentes de tr\u00e2nsito dispostos em oito viaturas na feira, com o objetivo de [&hellip;]\" \/>\n<meta property=\"og:url\" content=\"https:\/\/cleitonpinheiro.com.br\/site\/detran-to-garante-seguranca-viaria-da-agrotins-e-leva-acoes-da-campanha-maio-amarelo-2025-aos-visitantes-da-feira\/\" \/>\n<meta property=\"og:site_name\" content=\"PORTAL DE NOT\u00cdCIAS CLEITON PINHEIRO\" \/>\n<meta property=\"article:publisher\" content=\"https:\/\/www.facebook.com\/portalcpnoticias\/\" \/>\n<meta property=\"article:published_time\" content=\"2025-05-15T19:04:16+00:00\" \/>\n<meta property=\"article:modified_time\" content=\"2025-05-15T19:04:32+00:00\" \/>\n<meta property=\"og:image\" content=\"https:\/\/cleitonpinheiro.com.br\/site\/wp-content\/uploads\/2025\/05\/FOTO-1.jpeg\" \/>\n\t<meta property=\"og:image:width\" content=\"1600\" \/>\n\t<meta property=\"og:image:height\" content=\"1066\" \/>\n\t<meta property=\"og:image:type\" content=\"image\/jpeg\" \/>\n<meta name=\"author\" content=\"Reda\u00e7\u00e3o CP\" \/>\n<meta name=\"twitter:card\" content=\"summary_large_image\" \/>\n<meta name=\"twitter:label1\" content=\"Escrito por\" \/>\n\t<meta name=\"twitter:data1\" content=\"Reda\u00e7\u00e3o CP\" \/>\n\t<meta name=\"twitter:label2\" content=\"Est. tempo de leitura\" \/>\n\t<meta name=\"twitter:data2\" content=\"4 minutos\" \/>\n<script type=\"application\/ld+json\" class=\"yoast-schema-graph\">{\"@context\":\"https:\/\/schema.org\",\"@graph\":[{\"@type\":\"Article\",\"@id\":\"https:\/\/cleitonpinheiro.com.br\/site\/detran-to-garante-seguranca-viaria-da-agrotins-e-leva-acoes-da-campanha-maio-amarelo-2025-aos-visitantes-da-feira\/#article\",\"isPartOf\":{\"@id\":\"https:\/\/cleitonpinheiro.com.br\/site\/detran-to-garante-seguranca-viaria-da-agrotins-e-leva-acoes-da-campanha-maio-amarelo-2025-aos-visitantes-da-feira\/\"},\"author\":{\"name\":\"Reda\u00e7\u00e3o CP\",\"@id\":\"https:\/\/cleitonpinheiro.com.br\/site\/#\/schema\/person\/8f04544e0bc40a1b68775b08360f87db\"},\"headline\":\"Detran\/TO garante seguran\u00e7a vi\u00e1ria da Agrotins e leva a\u00e7\u00f5es da Campanha Maio Amarelo 2025 aos visitantes da Feira\",\"datePublished\":\"2025-05-15T19:04:16+00:00\",\"dateModified\":\"2025-05-15T19:04:32+00:00\",\"mainEntityOfPage\":{\"@id\":\"https:\/\/cleitonpinheiro.com.br\/site\/detran-to-garante-seguranca-viaria-da-agrotins-e-leva-acoes-da-campanha-maio-amarelo-2025-aos-visitantes-da-feira\/\"},\"wordCount\":668,\"commentCount\":0,\"publisher\":{\"@id\":\"https:\/\/cleitonpinheiro.com.br\/site\/#organization\"},\"image\":{\"@id\":\"https:\/\/cleitonpinheiro.com.br\/site\/detran-to-garante-seguranca-viaria-da-agrotins-e-leva-acoes-da-campanha-maio-amarelo-2025-aos-visitantes-da-feira\/#primaryimage\"},\"thumbnailUrl\":\"https:\/\/cleitonpinheiro.com.br\/site\/wp-content\/uploads\/2025\/05\/FOTO-1.jpeg\",\"articleSection\":[\"CIDADES\",\"MANCHETE SEGUND\u00c1RIA\",\"TODAS NOTICIAS\"],\"inLanguage\":\"pt-BR\",\"potentialAction\":[{\"@type\":\"CommentAction\",\"name\":\"Comment\",\"target\":[\"https:\/\/cleitonpinheiro.com.br\/site\/detran-to-garante-seguranca-viaria-da-agrotins-e-leva-acoes-da-campanha-maio-amarelo-2025-aos-visitantes-da-feira\/#respond\"]}]},{\"@type\":\"WebPage\",\"@id\":\"https:\/\/cleitonpinheiro.com.br\/site\/detran-to-garante-seguranca-viaria-da-agrotins-e-leva-acoes-da-campanha-maio-amarelo-2025-aos-visitantes-da-feira\/\",\"url\":\"https:\/\/cleitonpinheiro.com.br\/site\/detran-to-garante-seguranca-viaria-da-agrotins-e-leva-acoes-da-campanha-maio-amarelo-2025-aos-visitantes-da-feira\/\",\"name\":\"Detran\/TO garante seguran\u00e7a vi\u00e1ria da Agrotins e leva a\u00e7\u00f5es da Campanha Maio Amarelo 2025 aos visitantes da Feira - PORTAL DE NOT\u00cdCIAS CLEITON PINHEIRO\",\"isPartOf\":{\"@id\":\"https:\/\/cleitonpinheiro.com.br\/site\/#website\"},\"primaryImageOfPage\":{\"@id\":\"https:\/\/cleitonpinheiro.com.br\/site\/detran-to-garante-seguranca-viaria-da-agrotins-e-leva-acoes-da-campanha-maio-amarelo-2025-aos-visitantes-da-feira\/#primaryimage\"},\"image\":{\"@id\":\"https:\/\/cleitonpinheiro.com.br\/site\/detran-to-garante-seguranca-viaria-da-agrotins-e-leva-acoes-da-campanha-maio-amarelo-2025-aos-visitantes-da-feira\/#primaryimage\"},\"thumbnailUrl\":\"https:\/\/cleitonpinheiro.com.br\/site\/wp-content\/uploads\/2025\/05\/FOTO-1.jpeg\",\"datePublished\":\"2025-05-15T19:04:16+00:00\",\"dateModified\":\"2025-05-15T19:04:32+00:00\",\"breadcrumb\":{\"@id\":\"https:\/\/cleitonpinheiro.com.br\/site\/detran-to-garante-seguranca-viaria-da-agrotins-e-leva-acoes-da-campanha-maio-amarelo-2025-aos-visitantes-da-feira\/#breadcrumb\"},\"inLanguage\":\"pt-BR\",\"potentialAction\":[{\"@type\":\"ReadAction\",\"target\":[\"https:\/\/cleitonpinheiro.com.br\/site\/detran-to-garante-seguranca-viaria-da-agrotins-e-leva-acoes-da-campanha-maio-amarelo-2025-aos-visitantes-da-feira\/\"]}]},{\"@type\":\"ImageObject\",\"inLanguage\":\"pt-BR\",\"@id\":\"https:\/\/cleitonpinheiro.com.br\/site\/detran-to-garante-seguranca-viaria-da-agrotins-e-leva-acoes-da-campanha-maio-amarelo-2025-aos-visitantes-da-feira\/#primaryimage\",\"url\":\"https:\/\/cleitonpinheiro.com.br\/site\/wp-content\/uploads\/2025\/05\/FOTO-1.jpeg\",\"contentUrl\":\"https:\/\/cleitonpinheiro.com.br\/site\/wp-content\/uploads\/2025\/05\/FOTO-1.jpeg\",\"width\":1600,\"height\":1066},{\"@type\":\"BreadcrumbList\",\"@id\":\"https:\/\/cleitonpinheiro.com.br\/site\/detran-to-garante-seguranca-viaria-da-agrotins-e-leva-acoes-da-campanha-maio-amarelo-2025-aos-visitantes-da-feira\/#breadcrumb\",\"itemListElement\":[{\"@type\":\"ListItem\",\"position\":1,\"name\":\"In\u00edcio\",\"item\":\"https:\/\/cleitonpinheiro.com.br\/site\/\"},{\"@type\":\"ListItem\",\"position\":2,\"name\":\"Detran\/TO garante seguran\u00e7a vi\u00e1ria da Agrotins e leva a\u00e7\u00f5es da Campanha Maio Amarelo 2025 aos visitantes da Feira\"}]},{\"@type\":\"WebSite\",\"@id\":\"https:\/\/cleitonpinheiro.com.br\/site\/#website\",\"url\":\"https:\/\/cleitonpinheiro.com.br\/site\/\",\"name\":\"PORTAL DE NOT\u00cdCIAS CLEITON PINHEIRO\",\"description\":\"FALANDO A VERDADE\",\"publisher\":{\"@id\":\"https:\/\/cleitonpinheiro.com.br\/site\/#organization\"},\"potentialAction\":[{\"@type\":\"SearchAction\",\"target\":{\"@type\":\"EntryPoint\",\"urlTemplate\":\"https:\/\/cleitonpinheiro.com.br\/site\/?s={search_term_string}\"},\"query-input\":{\"@type\":\"PropertyValueSpecification\",\"valueRequired\":true,\"valueName\":\"search_term_string\"}}],\"inLanguage\":\"pt-BR\"},{\"@type\":\"Organization\",\"@id\":\"https:\/\/cleitonpinheiro.com.br\/site\/#organization\",\"name\":\"CPNOT\u00cdCIAS\",\"url\":\"https:\/\/cleitonpinheiro.com.br\/site\/\",\"logo\":{\"@type\":\"ImageObject\",\"inLanguage\":\"pt-BR\",\"@id\":\"https:\/\/cleitonpinheiro.com.br\/site\/#\/schema\/logo\/image\/\",\"url\":\"https:\/\/cleitonpinheiro.com.br\/site\/wp-content\/uploads\/2022\/08\/Logo-pequena-2.png\",\"contentUrl\":\"https:\/\/cleitonpinheiro.com.br\/site\/wp-content\/uploads\/2022\/08\/Logo-pequena-2.png\",\"width\":500,\"height\":500,\"caption\":\"CPNOT\u00cdCIAS\"},\"image\":{\"@id\":\"https:\/\/cleitonpinheiro.com.br\/site\/#\/schema\/logo\/image\/\"},\"sameAs\":[\"https:\/\/www.facebook.com\/portalcpnoticias\/\"]},{\"@type\":\"Person\",\"@id\":\"https:\/\/cleitonpinheiro.com.br\/site\/#\/schema\/person\/8f04544e0bc40a1b68775b08360f87db\",\"name\":\"Reda\u00e7\u00e3o CP\",\"image\":{\"@type\":\"ImageObject\",\"inLanguage\":\"pt-BR\",\"@id\":\"https:\/\/cleitonpinheiro.com.br\/site\/#\/schema\/person\/image\/\",\"url\":\"https:\/\/secure.gravatar.com\/avatar\/0bcf19cb29fdc8fc588c490c7ae1b3e174dac268586a63fbe1d1893a0f9020cd?s=96&r=g\",\"contentUrl\":\"https:\/\/secure.gravatar.com\/avatar\/0bcf19cb29fdc8fc588c490c7ae1b3e174dac268586a63fbe1d1893a0f9020cd?s=96&r=g\",\"caption\":\"Reda\u00e7\u00e3o CP\"},\"url\":\"https:\/\/cleitonpinheiro.com.br\/site\/author\/redacao\/\"}]}<\/script>\n<!-- \/ Yoast SEO plugin. -->","yoast_head_json":{"title":"Detran\/TO garante seguran\u00e7a vi\u00e1ria da Agrotins e leva a\u00e7\u00f5es da Campanha Maio Amarelo 2025 aos visitantes da Feira - PORTAL DE NOT\u00cdCIAS CLEITON PINHEIRO","robots":{"index":"index","follow":"follow","max-snippet":"max-snippet:-1","max-image-preview":"max-image-preview:large","max-video-preview":"max-video-preview:-1"},"canonical":"https:\/\/cleitonpinheiro.com.br\/site\/detran-to-garante-seguranca-viaria-da-agrotins-e-leva-acoes-da-campanha-maio-amarelo-2025-aos-visitantes-da-feira\/","og_locale":"pt_BR","og_type":"article","og_title":"Detran\/TO garante seguran\u00e7a vi\u00e1ria da Agrotins e leva a\u00e7\u00f5es da Campanha Maio Amarelo 2025 aos visitantes da Feira - PORTAL DE NOT\u00cdCIAS CLEITON PINHEIRO","og_description":"O Governo do Tocantins desenvolve uma s\u00e9rie de a\u00e7\u00f5es em diversas frentes na 25\u00aa edi\u00e7\u00e3o da Feira Agrotecnol\u00f3gica do Tocantins (Agrotins). No \u00e2mbito da seguran\u00e7a vi\u00e1ria, o Governo do Estado, por meio do Departamento Estadual de Tr\u00e2nsito do Tocantins (Detran\/TO), disponibiliza 28 agentes de tr\u00e2nsito dispostos em oito viaturas na feira, com o objetivo de [&hellip;]","og_url":"https:\/\/cleitonpinheiro.com.br\/site\/detran-to-garante-seguranca-viaria-da-agrotins-e-leva-acoes-da-campanha-maio-amarelo-2025-aos-visitantes-da-feira\/","og_site_name":"PORTAL DE NOT\u00cdCIAS CLEITON PINHEIRO","article_publisher":"https:\/\/www.facebook.com\/portalcpnoticias\/","article_published_time":"2025-05-15T19:04:16+00:00","article_modified_time":"2025-05-15T19:04:32+00:00","og_image":[{"width":1600,"height":1066,"url":"https:\/\/cleitonpinheiro.com.br\/site\/wp-content\/uploads\/2025\/05\/FOTO-1.jpeg","type":"image\/jpeg"}],"author":"Reda\u00e7\u00e3o CP","twitter_card":"summary_large_image","twitter_misc":{"Escrito por":"Reda\u00e7\u00e3o CP","Est. tempo de leitura":"4 minutos"},"schema":{"@context":"https:\/\/schema.org","@graph":[{"@type":"Article","@id":"https:\/\/cleitonpinheiro.com.br\/site\/detran-to-garante-seguranca-viaria-da-agrotins-e-leva-acoes-da-campanha-maio-amarelo-2025-aos-visitantes-da-feira\/#article","isPartOf":{"@id":"https:\/\/cleitonpinheiro.com.br\/site\/detran-to-garante-seguranca-viaria-da-agrotins-e-leva-acoes-da-campanha-maio-amarelo-2025-aos-visitantes-da-feira\/"},"author":{"name":"Reda\u00e7\u00e3o CP","@id":"https:\/\/cleitonpinheiro.com.br\/site\/#\/schema\/person\/8f04544e0bc40a1b68775b08360f87db"},"headline":"Detran\/TO garante seguran\u00e7a vi\u00e1ria da Agrotins e leva a\u00e7\u00f5es da Campanha Maio Amarelo 2025 aos visitantes da Feira","datePublished":"2025-05-15T19:04:16+00:00","dateModified":"2025-05-15T19:04:32+00:00","mainEntityOfPage":{"@id":"https:\/\/cleitonpinheiro.com.br\/site\/detran-to-garante-seguranca-viaria-da-agrotins-e-leva-acoes-da-campanha-maio-amarelo-2025-aos-visitantes-da-feira\/"},"wordCount":668,"commentCount":0,"publisher":{"@id":"https:\/\/cleitonpinheiro.com.br\/site\/#organization"},"image":{"@id":"https:\/\/cleitonpinheiro.com.br\/site\/detran-to-garante-seguranca-viaria-da-agrotins-e-leva-acoes-da-campanha-maio-amarelo-2025-aos-visitantes-da-feira\/#primaryimage"},"thumbnailUrl":"https:\/\/cleitonpinheiro.com.br\/site\/wp-content\/uploads\/2025\/05\/FOTO-1.jpeg","articleSection":["CIDADES","MANCHETE SEGUND\u00c1RIA","TODAS NOTICIAS"],"inLanguage":"pt-BR","potentialAction":[{"@type":"CommentAction","name":"Comment","target":["https:\/\/cleitonpinheiro.com.br\/site\/detran-to-garante-seguranca-viaria-da-agrotins-e-leva-acoes-da-campanha-maio-amarelo-2025-aos-visitantes-da-feira\/#respond"]}]},{"@type":"WebPage","@id":"https:\/\/cleitonpinheiro.com.br\/site\/detran-to-garante-seguranca-viaria-da-agrotins-e-leva-acoes-da-campanha-maio-amarelo-2025-aos-visitantes-da-feira\/","url":"https:\/\/cleitonpinheiro.com.br\/site\/detran-to-garante-seguranca-viaria-da-agrotins-e-leva-acoes-da-campanha-maio-amarelo-2025-aos-visitantes-da-feira\/","name":"Detran\/TO garante seguran\u00e7a vi\u00e1ria da Agrotins e leva a\u00e7\u00f5es da Campanha Maio Amarelo 2025 aos visitantes da Feira - PORTAL DE NOT\u00cdCIAS CLEITON PINHEIRO","isPartOf":{"@id":"https:\/\/cleitonpinheiro.com.br\/site\/#website"},"primaryImageOfPage":{"@id":"https:\/\/cleitonpinheiro.com.br\/site\/detran-to-garante-seguranca-viaria-da-agrotins-e-leva-acoes-da-campanha-maio-amarelo-2025-aos-visitantes-da-feira\/#primaryimage"},"image":{"@id":"https:\/\/cleitonpinheiro.com.br\/site\/detran-to-garante-seguranca-viaria-da-agrotins-e-leva-acoes-da-campanha-maio-amarelo-2025-aos-visitantes-da-feira\/#primaryimage"},"thumbnailUrl":"https:\/\/cleitonpinheiro.com.br\/site\/wp-content\/uploads\/2025\/05\/FOTO-1.jpeg","datePublished":"2025-05-15T19:04:16+00:00","dateModified":"2025-05-15T19:04:32+00:00","breadcrumb":{"@id":"https:\/\/cleitonpinheiro.com.br\/site\/detran-to-garante-seguranca-viaria-da-agrotins-e-leva-acoes-da-campanha-maio-amarelo-2025-aos-visitantes-da-feira\/#breadcrumb"},"inLanguage":"pt-BR","potentialAction":[{"@type":"ReadAction","target":["https:\/\/cleitonpinheiro.com.br\/site\/detran-to-garante-seguranca-viaria-da-agrotins-e-leva-acoes-da-campanha-maio-amarelo-2025-aos-visitantes-da-feira\/"]}]},{"@type":"ImageObject","inLanguage":"pt-BR","@id":"https:\/\/cleitonpinheiro.com.br\/site\/detran-to-garante-seguranca-viaria-da-agrotins-e-leva-acoes-da-campanha-maio-amarelo-2025-aos-visitantes-da-feira\/#primaryimage","url":"https:\/\/cleitonpinheiro.com.br\/site\/wp-content\/uploads\/2025\/05\/FOTO-1.jpeg","contentUrl":"https:\/\/cleitonpinheiro.com.br\/site\/wp-content\/uploads\/2025\/05\/FOTO-1.jpeg","width":1600,"height":1066},{"@type":"BreadcrumbList","@id":"https:\/\/cleitonpinheiro.com.br\/site\/detran-to-garante-seguranca-viaria-da-agrotins-e-leva-acoes-da-campanha-maio-amarelo-2025-aos-visitantes-da-feira\/#breadcrumb","itemListElement":[{"@type":"ListItem","position":1,"name":"In\u00edcio","item":"https:\/\/cleitonpinheiro.com.br\/site\/"},{"@type":"ListItem","position":2,"name":"Detran\/TO garante seguran\u00e7a vi\u00e1ria da Agrotins e leva a\u00e7\u00f5es da Campanha Maio Amarelo 2025 aos visitantes da Feira"}]},{"@type":"WebSite","@id":"https:\/\/cleitonpinheiro.com.br\/site\/#website","url":"https:\/\/cleitonpinheiro.com.br\/site\/","name":"PORTAL DE NOT\u00cdCIAS CLEITON PINHEIRO","description":"FALANDO A VERDADE","publisher":{"@id":"https:\/\/cleitonpinheiro.com.br\/site\/#organization"},"potentialAction":[{"@type":"SearchAction","target":{"@type":"EntryPoint","urlTemplate":"https:\/\/cleitonpinheiro.com.br\/site\/?s={search_term_string}"},"query-input":{"@type":"PropertyValueSpecification","valueRequired":true,"valueName":"search_term_string"}}],"inLanguage":"pt-BR"},{"@type":"Organization","@id":"https:\/\/cleitonpinheiro.com.br\/site\/#organization","name":"CPNOT\u00cdCIAS","url":"https:\/\/cleitonpinheiro.com.br\/site\/","logo":{"@type":"ImageObject","inLanguage":"pt-BR","@id":"https:\/\/cleitonpinheiro.com.br\/site\/#\/schema\/logo\/image\/","url":"https:\/\/cleitonpinheiro.com.br\/site\/wp-content\/uploads\/2022\/08\/Logo-pequena-2.png","contentUrl":"https:\/\/cleitonpinheiro.com.br\/site\/wp-content\/uploads\/2022\/08\/Logo-pequena-2.png","width":500,"height":500,"caption":"CPNOT\u00cdCIAS"},"image":{"@id":"https:\/\/cleitonpinheiro.com.br\/site\/#\/schema\/logo\/image\/"},"sameAs":["https:\/\/www.facebook.com\/portalcpnoticias\/"]},{"@type":"Person","@id":"https:\/\/cleitonpinheiro.com.br\/site\/#\/schema\/person\/8f04544e0bc40a1b68775b08360f87db","name":"Reda\u00e7\u00e3o CP","image":{"@type":"ImageObject","inLanguage":"pt-BR","@id":"https:\/\/cleitonpinheiro.com.br\/site\/#\/schema\/person\/image\/","url":"https:\/\/secure.gravatar.com\/avatar\/0bcf19cb29fdc8fc588c490c7ae1b3e174dac268586a63fbe1d1893a0f9020cd?s=96&r=g","contentUrl":"https:\/\/secure.gravatar.com\/avatar\/0bcf19cb29fdc8fc588c490c7ae1b3e174dac268586a63fbe1d1893a0f9020cd?s=96&r=g","caption":"Reda\u00e7\u00e3o CP"},"url":"https:\/\/cleitonpinheiro.com.br\/site\/author\/redacao\/"}]}},"views":141,"_links":{"self":[{"href":"https:\/\/cleitonpinheiro.com.br\/site\/wp-json\/wp\/v2\/posts\/85544","targetHints":{"allow":["GET"]}}],"collection":[{"href":"https:\/\/cleitonpinheiro.com.br\/site\/wp-json\/wp\/v2\/posts"}],"about":[{"href":"https:\/\/cleitonpinheiro.com.br\/site\/wp-json\/wp\/v2\/types\/post"}],"author":[{"embeddable":true,"href":"https:\/\/cleitonpinheiro.com.br\/site\/wp-json\/wp\/v2\/users\/13"}],"replies":[{"embeddable":true,"href":"https:\/\/cleitonpinheiro.com.br\/site\/wp-json\/wp\/v2\/comments?post=85544"}],"version-history":[{"count":1,"href":"https:\/\/cleitonpinheiro.com.br\/site\/wp-json\/wp\/v2\/posts\/85544\/revisions"}],"predecessor-version":[{"id":85546,"href":"https:\/\/cleitonpinheiro.com.br\/site\/wp-json\/wp\/v2\/posts\/85544\/revisions\/85546"}],"wp:featuredmedia":[{"embeddable":true,"href":"https:\/\/cleitonpinheiro.com.br\/site\/wp-json\/wp\/v2\/media\/85545"}],"wp:attachment":[{"href":"https:\/\/cleitonpinheiro.com.br\/site\/wp-json\/wp\/v2\/media?parent=85544"}],"wp:term":[{"taxonomy":"category","embeddable":true,"href":"https:\/\/cleitonpinheiro.com.br\/site\/wp-json\/wp\/v2\/categories?post=85544"},{"taxonomy":"post_tag","embeddable":true,"href":"https:\/\/cleitonpinheiro.com.br\/site\/wp-json\/wp\/v2\/tags?post=85544"}],"curies":[{"name":"wp","href":"https:\/\/api.w.org\/{rel}","templated":true}]}}