{"id":85553,"date":"2025-05-16T09:58:51","date_gmt":"2025-05-16T12:58:51","guid":{"rendered":"https:\/\/cleitonpinheiro.com.br\/site\/?p=85553"},"modified":"2025-05-17T11:51:41","modified_gmt":"2025-05-17T14:51:41","slug":"prefeitura-de-palmas-anuncia-que-fara-emprestimo-de-r-300-milhoes-com-o-banco-do-brasil","status":"publish","type":"post","link":"https:\/\/cleitonpinheiro.com.br\/site\/prefeitura-de-palmas-anuncia-que-fara-emprestimo-de-r-300-milhoes-com-o-banco-do-brasil\/","title":{"rendered":"Prefeitura de Palmas anuncia que far\u00e1 empr\u00e9stimo de R$ 300 milh\u00f5es com o Banco do Brasil"},"content":{"rendered":"\n<figure class=\"wp-block-image size-large\"><img fetchpriority=\"high\" decoding=\"async\" width=\"1024\" height=\"683\" src=\"https:\/\/cleitonpinheiro.com.br\/site\/wp-content\/uploads\/2025\/05\/Foto-Cidade-de-palmas-entrada-de-Luz-Regiane-Rocha2-2048x1365-1-1024x683.jpg\" alt=\"\" class=\"wp-image-85560\" srcset=\"https:\/\/cleitonpinheiro.com.br\/site\/wp-content\/uploads\/2025\/05\/Foto-Cidade-de-palmas-entrada-de-Luz-Regiane-Rocha2-2048x1365-1-1024x683.jpg 1024w, https:\/\/cleitonpinheiro.com.br\/site\/wp-content\/uploads\/2025\/05\/Foto-Cidade-de-palmas-entrada-de-Luz-Regiane-Rocha2-2048x1365-1-300x200.jpg 300w, https:\/\/cleitonpinheiro.com.br\/site\/wp-content\/uploads\/2025\/05\/Foto-Cidade-de-palmas-entrada-de-Luz-Regiane-Rocha2-2048x1365-1-768x512.jpg 768w, https:\/\/cleitonpinheiro.com.br\/site\/wp-content\/uploads\/2025\/05\/Foto-Cidade-de-palmas-entrada-de-Luz-Regiane-Rocha2-2048x1365-1-1536x1024.jpg 1536w, https:\/\/cleitonpinheiro.com.br\/site\/wp-content\/uploads\/2025\/05\/Foto-Cidade-de-palmas-entrada-de-Luz-Regiane-Rocha2-2048x1365-1.jpg 2048w\" sizes=\"(max-width: 1024px) 100vw, 1024px\" \/><figcaption class=\"wp-element-caption\">Foto: Regiane Rocha<\/figcaption><\/figure>\n\n\n\n<p><strong><em>Projeto depende de aprova\u00e7\u00e3o na C\u00e2mara Municipal de Vereadores; o investimento ser\u00e1 destinado para o programa Avan\u00e7a Palmas e ser\u00e1 desenvolvido pela Secretaria de Infraestrutura e Servi\u00e7os P\u00fablicos<\/em><\/strong><\/p>\n\n\n\n<p>A Prefeitura de Palmas planeja um grande pacote de obras para melhorar a infraestrutura da capital. O projeto, que conta com um investimento de R$ 300 milh\u00f5es provenientes de um financiamento do Banco do Brasil, tem garantia do governo federal e atualmente tramita na C\u00e2mara Municipal de Vereadores, que precisa autorizar o empr\u00e9stimo. O investimento faz parte do programa \u2018Avan\u00e7a Palmas\u2019, desenvolvido pela Secretaria de Infraestrutura e Servi\u00e7os P\u00fablicos (Seiop). <\/p>\n\n\n\n<p>Dentre as obras previstas est\u00e3o a constru\u00e7\u00e3o de 14 pra\u00e7as p\u00fablicas, dois pr\u00e9dios p\u00fablicos e a pavimenta\u00e7\u00e3o de mais de 1,4 milh\u00e3o de metros quadrados de ruas, utilizando diferentes t\u00e9cnicas como recapeamento em CBUQ, microrrevestimento e lama asf\u00e1ltica. Al\u00e9m disso, mais de 93 mil metros quadrados de novas vias tamb\u00e9m ser\u00e3o pavimentadas, contribuindo para uma cidade mais moderna e acess\u00edvel para todos.<\/p>\n\n\n\n<p>O secret\u00e1rio da Seiop, Paulo Cezar Monteiro, afirma que o programa \u2018Avan\u00e7a Palmas\u2019 representa um marco no planejamento urbano do munic\u00edpio. \u201cCom esse pacote de obras estruturantes, estamos atendendo demandas hist\u00f3ricas da popula\u00e7\u00e3o \u2014 obras necess\u00e1rias por anos e que agora sair\u00e3o do papel. A proposta n\u00e3o \u00e9 apenas pavimentar ruas, construir pontes ou executar drenagens. \u00c9 transformar a mobilidade, garantir acesso e preparar a cidade para o futuro. Estamos falando de interven\u00e7\u00f5es em \u00e1reas estrat\u00e9gicas, como o prolongamento da Avenida Teot\u00f4nio Segurado, com a constru\u00e7\u00e3o de tr\u00eas novas pontes, e a requalifica\u00e7\u00e3o de vias fundamentais para a integra\u00e7\u00e3o entre bairros.\u201d<\/p>\n\n\n\n<p>Al\u00e9m destes, o titular da Seiop refor\u00e7a o prop\u00f3sito de levar infraestrutura completa a regi\u00f5es como Irm\u00e3 Dulce, Lago Norte, Universit\u00e1rio e tantos outros setores que aguardam pelo olhar do poder p\u00fablico h\u00e1 muito tempo. \u201c\u00c9 mais do que um programa de obras. \u00c9 a resposta que a popula\u00e7\u00e3o esperava e que agora come\u00e7a a ser constru\u00edda com seriedade e compromisso\u201d, declarou.<\/p>\n\n\n\n<p>Entre as principais interven\u00e7\u00f5es listadas est\u00e3o a duplica\u00e7\u00e3o e infraestrutura da Avenida Teot\u00f4nio Segurado, no trecho entre a Avenida NS-15 e o acesso \u00e0 estrada da Agrotins, incluindo a constru\u00e7\u00e3o de tr\u00eas pontes: sobre o ribeir\u00e3o Taquaru\u00e7u, o c\u00f3rrego Santa B\u00e1rbara e o c\u00f3rrego Taquari. Tamb\u00e9m est\u00e1 inclusa a implanta\u00e7\u00e3o de drenagem, pavimenta\u00e7\u00e3o e sinaliza\u00e7\u00e3o em diversos setores, como Lago Norte, Irm\u00e3 Dulce, Universit\u00e1rio, Uni\u00e3o Sul, Jardim Aeroporto e Loteamento Bela Vista.<\/p>\n\n\n\n<p><strong>Mais obras<\/strong><\/p>\n\n\n\n<p>Al\u00e9m destas, est\u00e3o previstas obras em importantes corredores urbanos como as avenidas LO-03, LO-23, LO-33, NS-10, NS-02, NS-05 e NS-15, contemplando drenagem pluvial, terraplanagem, sinaliza\u00e7\u00e3o, ciclovias e cal\u00e7adas com acessibilidade, bem como a constru\u00e7\u00e3o de tr\u00eas novas pontes de concreto armado, sendo duas no setor Morada do Sol e uma no prolongamento da Avenida Teot\u00f4nio Segurado.<\/p>\n\n\n\n<p>Por \u00faltimo, de acordo com a gest\u00e3o municipal, tamb\u00e9m est\u00e1 prevista a execu\u00e7\u00e3o de projetos de macrodrenagem em \u00e1reas estrat\u00e9gicas, como nas avenidas NS-02 e LO-33, e a implanta\u00e7\u00e3o de ciclovias conectando diversas regi\u00f5es da Capital. Al\u00e9m da requalifica\u00e7\u00e3o da liga\u00e7\u00e3o entre a Avenida NS-15 e os bairros da regi\u00e3o norte, como Sonho Meu e os setores de condom\u00ednios e mineradoras, com a implanta\u00e7\u00e3o de bueiro celular sobre o c\u00f3rrego \u00c1gua Fria. O programa \u2018Avan\u00e7a Palmas\u2019 ser\u00e1 executado em etapas, com cronograma de obras que dever\u00e1 ser detalhado ap\u00f3s a libera\u00e7\u00e3o dos recursos.<\/p>\n\n\n\n<p>Texto: Hugo Gross &#8211; Prefeitura de Palmas<\/p>\n","protected":false},"excerpt":{"rendered":"<p>Projeto depende de aprova\u00e7\u00e3o na C\u00e2mara Municipal de Vereadores; o investimento ser\u00e1 destinado para o programa Avan\u00e7a Palmas e ser\u00e1 desenvolvido pela Secretaria de Infraestrutura e Servi\u00e7os P\u00fablicos A Prefeitura de Palmas planeja um grande pacote de obras para melhorar a infraestrutura da capital. O projeto, que conta com um investimento de R$ 300 milh\u00f5es [&hellip;]<\/p>\n","protected":false},"author":13,"featured_media":85560,"comment_status":"open","ping_status":"open","sticky":false,"template":"","format":"standard","meta":{"_acf_changed":false,"footnotes":""},"categories":[22,898,21],"tags":[],"class_list":["post-85553","post","type-post","status-publish","format-standard","has-post-thumbnail","hentry","category-cidades","category-manchete-segundaria","category-todas-noticias"],"acf":[],"yoast_head":"<!-- This site is optimized with the Yoast SEO plugin v24.4 - https:\/\/yoast.com\/wordpress\/plugins\/seo\/ -->\n<title>Prefeitura de Palmas anuncia que far\u00e1 empr\u00e9stimo de R$ 300 milh\u00f5es com o Banco do Brasil - PORTAL DE NOT\u00cdCIAS CLEITON PINHEIRO<\/title>\n<meta name=\"robots\" content=\"index, follow, max-snippet:-1, max-image-preview:large, max-video-preview:-1\" \/>\n<link rel=\"canonical\" href=\"https:\/\/cleitonpinheiro.com.br\/site\/prefeitura-de-palmas-anuncia-que-fara-emprestimo-de-r-300-milhoes-com-o-banco-do-brasil\/\" \/>\n<meta property=\"og:locale\" content=\"pt_BR\" \/>\n<meta property=\"og:type\" content=\"article\" \/>\n<meta property=\"og:title\" content=\"Prefeitura de Palmas anuncia que far\u00e1 empr\u00e9stimo de R$ 300 milh\u00f5es com o Banco do Brasil - PORTAL DE NOT\u00cdCIAS CLEITON PINHEIRO\" \/>\n<meta property=\"og:description\" content=\"Projeto depende de aprova\u00e7\u00e3o na C\u00e2mara Municipal de Vereadores; o investimento ser\u00e1 destinado para o programa Avan\u00e7a Palmas e ser\u00e1 desenvolvido pela Secretaria de Infraestrutura e Servi\u00e7os P\u00fablicos A Prefeitura de Palmas planeja um grande pacote de obras para melhorar a infraestrutura da capital. O projeto, que conta com um investimento de R$ 300 milh\u00f5es [&hellip;]\" \/>\n<meta property=\"og:url\" content=\"https:\/\/cleitonpinheiro.com.br\/site\/prefeitura-de-palmas-anuncia-que-fara-emprestimo-de-r-300-milhoes-com-o-banco-do-brasil\/\" \/>\n<meta property=\"og:site_name\" content=\"PORTAL DE NOT\u00cdCIAS CLEITON PINHEIRO\" \/>\n<meta property=\"article:publisher\" content=\"https:\/\/www.facebook.com\/portalcpnoticias\/\" \/>\n<meta property=\"article:published_time\" content=\"2025-05-16T12:58:51+00:00\" \/>\n<meta property=\"article:modified_time\" content=\"2025-05-17T14:51:41+00:00\" \/>\n<meta property=\"og:image\" content=\"https:\/\/cleitonpinheiro.com.br\/site\/wp-content\/uploads\/2025\/05\/Foto-Cidade-de-palmas-entrada-de-Luz-Regiane-Rocha2-2048x1365-1.jpg\" \/>\n\t<meta property=\"og:image:width\" content=\"2048\" \/>\n\t<meta property=\"og:image:height\" content=\"1365\" \/>\n\t<meta property=\"og:image:type\" content=\"image\/jpeg\" \/>\n<meta name=\"author\" content=\"Reda\u00e7\u00e3o CP\" \/>\n<meta name=\"twitter:card\" content=\"summary_large_image\" \/>\n<meta name=\"twitter:label1\" content=\"Escrito por\" \/>\n\t<meta name=\"twitter:data1\" content=\"Reda\u00e7\u00e3o CP\" \/>\n\t<meta name=\"twitter:label2\" content=\"Est. tempo de leitura\" \/>\n\t<meta name=\"twitter:data2\" content=\"4 minutos\" \/>\n<script type=\"application\/ld+json\" class=\"yoast-schema-graph\">{\"@context\":\"https:\/\/schema.org\",\"@graph\":[{\"@type\":\"Article\",\"@id\":\"https:\/\/cleitonpinheiro.com.br\/site\/prefeitura-de-palmas-anuncia-que-fara-emprestimo-de-r-300-milhoes-com-o-banco-do-brasil\/#article\",\"isPartOf\":{\"@id\":\"https:\/\/cleitonpinheiro.com.br\/site\/prefeitura-de-palmas-anuncia-que-fara-emprestimo-de-r-300-milhoes-com-o-banco-do-brasil\/\"},\"author\":{\"name\":\"Reda\u00e7\u00e3o CP\",\"@id\":\"https:\/\/cleitonpinheiro.com.br\/site\/#\/schema\/person\/8f04544e0bc40a1b68775b08360f87db\"},\"headline\":\"Prefeitura de Palmas anuncia que far\u00e1 empr\u00e9stimo de R$ 300 milh\u00f5es com o Banco do Brasil\",\"datePublished\":\"2025-05-16T12:58:51+00:00\",\"dateModified\":\"2025-05-17T14:51:41+00:00\",\"mainEntityOfPage\":{\"@id\":\"https:\/\/cleitonpinheiro.com.br\/site\/prefeitura-de-palmas-anuncia-que-fara-emprestimo-de-r-300-milhoes-com-o-banco-do-brasil\/\"},\"wordCount\":652,\"commentCount\":0,\"publisher\":{\"@id\":\"https:\/\/cleitonpinheiro.com.br\/site\/#organization\"},\"image\":{\"@id\":\"https:\/\/cleitonpinheiro.com.br\/site\/prefeitura-de-palmas-anuncia-que-fara-emprestimo-de-r-300-milhoes-com-o-banco-do-brasil\/#primaryimage\"},\"thumbnailUrl\":\"https:\/\/cleitonpinheiro.com.br\/site\/wp-content\/uploads\/2025\/05\/Foto-Cidade-de-palmas-entrada-de-Luz-Regiane-Rocha2-2048x1365-1.jpg\",\"articleSection\":[\"CIDADES\",\"MANCHETE SEGUND\u00c1RIA\",\"TODAS NOTICIAS\"],\"inLanguage\":\"pt-BR\",\"potentialAction\":[{\"@type\":\"CommentAction\",\"name\":\"Comment\",\"target\":[\"https:\/\/cleitonpinheiro.com.br\/site\/prefeitura-de-palmas-anuncia-que-fara-emprestimo-de-r-300-milhoes-com-o-banco-do-brasil\/#respond\"]}]},{\"@type\":\"WebPage\",\"@id\":\"https:\/\/cleitonpinheiro.com.br\/site\/prefeitura-de-palmas-anuncia-que-fara-emprestimo-de-r-300-milhoes-com-o-banco-do-brasil\/\",\"url\":\"https:\/\/cleitonpinheiro.com.br\/site\/prefeitura-de-palmas-anuncia-que-fara-emprestimo-de-r-300-milhoes-com-o-banco-do-brasil\/\",\"name\":\"Prefeitura de Palmas anuncia que far\u00e1 empr\u00e9stimo de R$ 300 milh\u00f5es com o Banco do Brasil - PORTAL DE NOT\u00cdCIAS CLEITON PINHEIRO\",\"isPartOf\":{\"@id\":\"https:\/\/cleitonpinheiro.com.br\/site\/#website\"},\"primaryImageOfPage\":{\"@id\":\"https:\/\/cleitonpinheiro.com.br\/site\/prefeitura-de-palmas-anuncia-que-fara-emprestimo-de-r-300-milhoes-com-o-banco-do-brasil\/#primaryimage\"},\"image\":{\"@id\":\"https:\/\/cleitonpinheiro.com.br\/site\/prefeitura-de-palmas-anuncia-que-fara-emprestimo-de-r-300-milhoes-com-o-banco-do-brasil\/#primaryimage\"},\"thumbnailUrl\":\"https:\/\/cleitonpinheiro.com.br\/site\/wp-content\/uploads\/2025\/05\/Foto-Cidade-de-palmas-entrada-de-Luz-Regiane-Rocha2-2048x1365-1.jpg\",\"datePublished\":\"2025-05-16T12:58:51+00:00\",\"dateModified\":\"2025-05-17T14:51:41+00:00\",\"breadcrumb\":{\"@id\":\"https:\/\/cleitonpinheiro.com.br\/site\/prefeitura-de-palmas-anuncia-que-fara-emprestimo-de-r-300-milhoes-com-o-banco-do-brasil\/#breadcrumb\"},\"inLanguage\":\"pt-BR\",\"potentialAction\":[{\"@type\":\"ReadAction\",\"target\":[\"https:\/\/cleitonpinheiro.com.br\/site\/prefeitura-de-palmas-anuncia-que-fara-emprestimo-de-r-300-milhoes-com-o-banco-do-brasil\/\"]}]},{\"@type\":\"ImageObject\",\"inLanguage\":\"pt-BR\",\"@id\":\"https:\/\/cleitonpinheiro.com.br\/site\/prefeitura-de-palmas-anuncia-que-fara-emprestimo-de-r-300-milhoes-com-o-banco-do-brasil\/#primaryimage\",\"url\":\"https:\/\/cleitonpinheiro.com.br\/site\/wp-content\/uploads\/2025\/05\/Foto-Cidade-de-palmas-entrada-de-Luz-Regiane-Rocha2-2048x1365-1.jpg\",\"contentUrl\":\"https:\/\/cleitonpinheiro.com.br\/site\/wp-content\/uploads\/2025\/05\/Foto-Cidade-de-palmas-entrada-de-Luz-Regiane-Rocha2-2048x1365-1.jpg\",\"width\":2048,\"height\":1365},{\"@type\":\"BreadcrumbList\",\"@id\":\"https:\/\/cleitonpinheiro.com.br\/site\/prefeitura-de-palmas-anuncia-que-fara-emprestimo-de-r-300-milhoes-com-o-banco-do-brasil\/#breadcrumb\",\"itemListElement\":[{\"@type\":\"ListItem\",\"position\":1,\"name\":\"In\u00edcio\",\"item\":\"https:\/\/cleitonpinheiro.com.br\/site\/\"},{\"@type\":\"ListItem\",\"position\":2,\"name\":\"Prefeitura de Palmas anuncia que far\u00e1 empr\u00e9stimo de R$ 300 milh\u00f5es com o Banco do Brasil\"}]},{\"@type\":\"WebSite\",\"@id\":\"https:\/\/cleitonpinheiro.com.br\/site\/#website\",\"url\":\"https:\/\/cleitonpinheiro.com.br\/site\/\",\"name\":\"PORTAL DE NOT\u00cdCIAS CLEITON PINHEIRO\",\"description\":\"FALANDO A VERDADE\",\"publisher\":{\"@id\":\"https:\/\/cleitonpinheiro.com.br\/site\/#organization\"},\"potentialAction\":[{\"@type\":\"SearchAction\",\"target\":{\"@type\":\"EntryPoint\",\"urlTemplate\":\"https:\/\/cleitonpinheiro.com.br\/site\/?s={search_term_string}\"},\"query-input\":{\"@type\":\"PropertyValueSpecification\",\"valueRequired\":true,\"valueName\":\"search_term_string\"}}],\"inLanguage\":\"pt-BR\"},{\"@type\":\"Organization\",\"@id\":\"https:\/\/cleitonpinheiro.com.br\/site\/#organization\",\"name\":\"CPNOT\u00cdCIAS\",\"url\":\"https:\/\/cleitonpinheiro.com.br\/site\/\",\"logo\":{\"@type\":\"ImageObject\",\"inLanguage\":\"pt-BR\",\"@id\":\"https:\/\/cleitonpinheiro.com.br\/site\/#\/schema\/logo\/image\/\",\"url\":\"https:\/\/cleitonpinheiro.com.br\/site\/wp-content\/uploads\/2022\/08\/Logo-pequena-2.png\",\"contentUrl\":\"https:\/\/cleitonpinheiro.com.br\/site\/wp-content\/uploads\/2022\/08\/Logo-pequena-2.png\",\"width\":500,\"height\":500,\"caption\":\"CPNOT\u00cdCIAS\"},\"image\":{\"@id\":\"https:\/\/cleitonpinheiro.com.br\/site\/#\/schema\/logo\/image\/\"},\"sameAs\":[\"https:\/\/www.facebook.com\/portalcpnoticias\/\"]},{\"@type\":\"Person\",\"@id\":\"https:\/\/cleitonpinheiro.com.br\/site\/#\/schema\/person\/8f04544e0bc40a1b68775b08360f87db\",\"name\":\"Reda\u00e7\u00e3o CP\",\"image\":{\"@type\":\"ImageObject\",\"inLanguage\":\"pt-BR\",\"@id\":\"https:\/\/cleitonpinheiro.com.br\/site\/#\/schema\/person\/image\/\",\"url\":\"https:\/\/secure.gravatar.com\/avatar\/0bcf19cb29fdc8fc588c490c7ae1b3e174dac268586a63fbe1d1893a0f9020cd?s=96&r=g\",\"contentUrl\":\"https:\/\/secure.gravatar.com\/avatar\/0bcf19cb29fdc8fc588c490c7ae1b3e174dac268586a63fbe1d1893a0f9020cd?s=96&r=g\",\"caption\":\"Reda\u00e7\u00e3o CP\"},\"url\":\"https:\/\/cleitonpinheiro.com.br\/site\/author\/redacao\/\"}]}<\/script>\n<!-- \/ Yoast SEO plugin. -->","yoast_head_json":{"title":"Prefeitura de Palmas anuncia que far\u00e1 empr\u00e9stimo de R$ 300 milh\u00f5es com o Banco do Brasil - PORTAL DE NOT\u00cdCIAS CLEITON PINHEIRO","robots":{"index":"index","follow":"follow","max-snippet":"max-snippet:-1","max-image-preview":"max-image-preview:large","max-video-preview":"max-video-preview:-1"},"canonical":"https:\/\/cleitonpinheiro.com.br\/site\/prefeitura-de-palmas-anuncia-que-fara-emprestimo-de-r-300-milhoes-com-o-banco-do-brasil\/","og_locale":"pt_BR","og_type":"article","og_title":"Prefeitura de Palmas anuncia que far\u00e1 empr\u00e9stimo de R$ 300 milh\u00f5es com o Banco do Brasil - PORTAL DE NOT\u00cdCIAS CLEITON PINHEIRO","og_description":"Projeto depende de aprova\u00e7\u00e3o na C\u00e2mara Municipal de Vereadores; o investimento ser\u00e1 destinado para o programa Avan\u00e7a Palmas e ser\u00e1 desenvolvido pela Secretaria de Infraestrutura e Servi\u00e7os P\u00fablicos A Prefeitura de Palmas planeja um grande pacote de obras para melhorar a infraestrutura da capital. O projeto, que conta com um investimento de R$ 300 milh\u00f5es [&hellip;]","og_url":"https:\/\/cleitonpinheiro.com.br\/site\/prefeitura-de-palmas-anuncia-que-fara-emprestimo-de-r-300-milhoes-com-o-banco-do-brasil\/","og_site_name":"PORTAL DE NOT\u00cdCIAS CLEITON PINHEIRO","article_publisher":"https:\/\/www.facebook.com\/portalcpnoticias\/","article_published_time":"2025-05-16T12:58:51+00:00","article_modified_time":"2025-05-17T14:51:41+00:00","og_image":[{"width":2048,"height":1365,"url":"https:\/\/cleitonpinheiro.com.br\/site\/wp-content\/uploads\/2025\/05\/Foto-Cidade-de-palmas-entrada-de-Luz-Regiane-Rocha2-2048x1365-1.jpg","type":"image\/jpeg"}],"author":"Reda\u00e7\u00e3o CP","twitter_card":"summary_large_image","twitter_misc":{"Escrito por":"Reda\u00e7\u00e3o CP","Est. tempo de leitura":"4 minutos"},"schema":{"@context":"https:\/\/schema.org","@graph":[{"@type":"Article","@id":"https:\/\/cleitonpinheiro.com.br\/site\/prefeitura-de-palmas-anuncia-que-fara-emprestimo-de-r-300-milhoes-com-o-banco-do-brasil\/#article","isPartOf":{"@id":"https:\/\/cleitonpinheiro.com.br\/site\/prefeitura-de-palmas-anuncia-que-fara-emprestimo-de-r-300-milhoes-com-o-banco-do-brasil\/"},"author":{"name":"Reda\u00e7\u00e3o CP","@id":"https:\/\/cleitonpinheiro.com.br\/site\/#\/schema\/person\/8f04544e0bc40a1b68775b08360f87db"},"headline":"Prefeitura de Palmas anuncia que far\u00e1 empr\u00e9stimo de R$ 300 milh\u00f5es com o Banco do Brasil","datePublished":"2025-05-16T12:58:51+00:00","dateModified":"2025-05-17T14:51:41+00:00","mainEntityOfPage":{"@id":"https:\/\/cleitonpinheiro.com.br\/site\/prefeitura-de-palmas-anuncia-que-fara-emprestimo-de-r-300-milhoes-com-o-banco-do-brasil\/"},"wordCount":652,"commentCount":0,"publisher":{"@id":"https:\/\/cleitonpinheiro.com.br\/site\/#organization"},"image":{"@id":"https:\/\/cleitonpinheiro.com.br\/site\/prefeitura-de-palmas-anuncia-que-fara-emprestimo-de-r-300-milhoes-com-o-banco-do-brasil\/#primaryimage"},"thumbnailUrl":"https:\/\/cleitonpinheiro.com.br\/site\/wp-content\/uploads\/2025\/05\/Foto-Cidade-de-palmas-entrada-de-Luz-Regiane-Rocha2-2048x1365-1.jpg","articleSection":["CIDADES","MANCHETE SEGUND\u00c1RIA","TODAS NOTICIAS"],"inLanguage":"pt-BR","potentialAction":[{"@type":"CommentAction","name":"Comment","target":["https:\/\/cleitonpinheiro.com.br\/site\/prefeitura-de-palmas-anuncia-que-fara-emprestimo-de-r-300-milhoes-com-o-banco-do-brasil\/#respond"]}]},{"@type":"WebPage","@id":"https:\/\/cleitonpinheiro.com.br\/site\/prefeitura-de-palmas-anuncia-que-fara-emprestimo-de-r-300-milhoes-com-o-banco-do-brasil\/","url":"https:\/\/cleitonpinheiro.com.br\/site\/prefeitura-de-palmas-anuncia-que-fara-emprestimo-de-r-300-milhoes-com-o-banco-do-brasil\/","name":"Prefeitura de Palmas anuncia que far\u00e1 empr\u00e9stimo de R$ 300 milh\u00f5es com o Banco do Brasil - PORTAL DE NOT\u00cdCIAS CLEITON PINHEIRO","isPartOf":{"@id":"https:\/\/cleitonpinheiro.com.br\/site\/#website"},"primaryImageOfPage":{"@id":"https:\/\/cleitonpinheiro.com.br\/site\/prefeitura-de-palmas-anuncia-que-fara-emprestimo-de-r-300-milhoes-com-o-banco-do-brasil\/#primaryimage"},"image":{"@id":"https:\/\/cleitonpinheiro.com.br\/site\/prefeitura-de-palmas-anuncia-que-fara-emprestimo-de-r-300-milhoes-com-o-banco-do-brasil\/#primaryimage"},"thumbnailUrl":"https:\/\/cleitonpinheiro.com.br\/site\/wp-content\/uploads\/2025\/05\/Foto-Cidade-de-palmas-entrada-de-Luz-Regiane-Rocha2-2048x1365-1.jpg","datePublished":"2025-05-16T12:58:51+00:00","dateModified":"2025-05-17T14:51:41+00:00","breadcrumb":{"@id":"https:\/\/cleitonpinheiro.com.br\/site\/prefeitura-de-palmas-anuncia-que-fara-emprestimo-de-r-300-milhoes-com-o-banco-do-brasil\/#breadcrumb"},"inLanguage":"pt-BR","potentialAction":[{"@type":"ReadAction","target":["https:\/\/cleitonpinheiro.com.br\/site\/prefeitura-de-palmas-anuncia-que-fara-emprestimo-de-r-300-milhoes-com-o-banco-do-brasil\/"]}]},{"@type":"ImageObject","inLanguage":"pt-BR","@id":"https:\/\/cleitonpinheiro.com.br\/site\/prefeitura-de-palmas-anuncia-que-fara-emprestimo-de-r-300-milhoes-com-o-banco-do-brasil\/#primaryimage","url":"https:\/\/cleitonpinheiro.com.br\/site\/wp-content\/uploads\/2025\/05\/Foto-Cidade-de-palmas-entrada-de-Luz-Regiane-Rocha2-2048x1365-1.jpg","contentUrl":"https:\/\/cleitonpinheiro.com.br\/site\/wp-content\/uploads\/2025\/05\/Foto-Cidade-de-palmas-entrada-de-Luz-Regiane-Rocha2-2048x1365-1.jpg","width":2048,"height":1365},{"@type":"BreadcrumbList","@id":"https:\/\/cleitonpinheiro.com.br\/site\/prefeitura-de-palmas-anuncia-que-fara-emprestimo-de-r-300-milhoes-com-o-banco-do-brasil\/#breadcrumb","itemListElement":[{"@type":"ListItem","position":1,"name":"In\u00edcio","item":"https:\/\/cleitonpinheiro.com.br\/site\/"},{"@type":"ListItem","position":2,"name":"Prefeitura de Palmas anuncia que far\u00e1 empr\u00e9stimo de R$ 300 milh\u00f5es com o Banco do Brasil"}]},{"@type":"WebSite","@id":"https:\/\/cleitonpinheiro.com.br\/site\/#website","url":"https:\/\/cleitonpinheiro.com.br\/site\/","name":"PORTAL DE NOT\u00cdCIAS CLEITON PINHEIRO","description":"FALANDO A VERDADE","publisher":{"@id":"https:\/\/cleitonpinheiro.com.br\/site\/#organization"},"potentialAction":[{"@type":"SearchAction","target":{"@type":"EntryPoint","urlTemplate":"https:\/\/cleitonpinheiro.com.br\/site\/?s={search_term_string}"},"query-input":{"@type":"PropertyValueSpecification","valueRequired":true,"valueName":"search_term_string"}}],"inLanguage":"pt-BR"},{"@type":"Organization","@id":"https:\/\/cleitonpinheiro.com.br\/site\/#organization","name":"CPNOT\u00cdCIAS","url":"https:\/\/cleitonpinheiro.com.br\/site\/","logo":{"@type":"ImageObject","inLanguage":"pt-BR","@id":"https:\/\/cleitonpinheiro.com.br\/site\/#\/schema\/logo\/image\/","url":"https:\/\/cleitonpinheiro.com.br\/site\/wp-content\/uploads\/2022\/08\/Logo-pequena-2.png","contentUrl":"https:\/\/cleitonpinheiro.com.br\/site\/wp-content\/uploads\/2022\/08\/Logo-pequena-2.png","width":500,"height":500,"caption":"CPNOT\u00cdCIAS"},"image":{"@id":"https:\/\/cleitonpinheiro.com.br\/site\/#\/schema\/logo\/image\/"},"sameAs":["https:\/\/www.facebook.com\/portalcpnoticias\/"]},{"@type":"Person","@id":"https:\/\/cleitonpinheiro.com.br\/site\/#\/schema\/person\/8f04544e0bc40a1b68775b08360f87db","name":"Reda\u00e7\u00e3o CP","image":{"@type":"ImageObject","inLanguage":"pt-BR","@id":"https:\/\/cleitonpinheiro.com.br\/site\/#\/schema\/person\/image\/","url":"https:\/\/secure.gravatar.com\/avatar\/0bcf19cb29fdc8fc588c490c7ae1b3e174dac268586a63fbe1d1893a0f9020cd?s=96&r=g","contentUrl":"https:\/\/secure.gravatar.com\/avatar\/0bcf19cb29fdc8fc588c490c7ae1b3e174dac268586a63fbe1d1893a0f9020cd?s=96&r=g","caption":"Reda\u00e7\u00e3o CP"},"url":"https:\/\/cleitonpinheiro.com.br\/site\/author\/redacao\/"}]}},"views":151,"_links":{"self":[{"href":"https:\/\/cleitonpinheiro.com.br\/site\/wp-json\/wp\/v2\/posts\/85553","targetHints":{"allow":["GET"]}}],"collection":[{"href":"https:\/\/cleitonpinheiro.com.br\/site\/wp-json\/wp\/v2\/posts"}],"about":[{"href":"https:\/\/cleitonpinheiro.com.br\/site\/wp-json\/wp\/v2\/types\/post"}],"author":[{"embeddable":true,"href":"https:\/\/cleitonpinheiro.com.br\/site\/wp-json\/wp\/v2\/users\/13"}],"replies":[{"embeddable":true,"href":"https:\/\/cleitonpinheiro.com.br\/site\/wp-json\/wp\/v2\/comments?post=85553"}],"version-history":[{"count":2,"href":"https:\/\/cleitonpinheiro.com.br\/site\/wp-json\/wp\/v2\/posts\/85553\/revisions"}],"predecessor-version":[{"id":85563,"href":"https:\/\/cleitonpinheiro.com.br\/site\/wp-json\/wp\/v2\/posts\/85553\/revisions\/85563"}],"wp:featuredmedia":[{"embeddable":true,"href":"https:\/\/cleitonpinheiro.com.br\/site\/wp-json\/wp\/v2\/media\/85560"}],"wp:attachment":[{"href":"https:\/\/cleitonpinheiro.com.br\/site\/wp-json\/wp\/v2\/media?parent=85553"}],"wp:term":[{"taxonomy":"category","embeddable":true,"href":"https:\/\/cleitonpinheiro.com.br\/site\/wp-json\/wp\/v2\/categories?post=85553"},{"taxonomy":"post_tag","embeddable":true,"href":"https:\/\/cleitonpinheiro.com.br\/site\/wp-json\/wp\/v2\/tags?post=85553"}],"curies":[{"name":"wp","href":"https:\/\/api.w.org\/{rel}","templated":true}]}}