{"id":85575,"date":"2025-05-17T11:53:07","date_gmt":"2025-05-17T14:53:07","guid":{"rendered":"https:\/\/cleitonpinheiro.com.br\/site\/?p=85575"},"modified":"2025-05-17T11:53:38","modified_gmt":"2025-05-17T14:53:38","slug":"governo-altera-regra-de-transicao-do-bolsa-familia-entenda","status":"publish","type":"post","link":"https:\/\/cleitonpinheiro.com.br\/site\/governo-altera-regra-de-transicao-do-bolsa-familia-entenda\/","title":{"rendered":"Governo altera regra de transi\u00e7\u00e3o do Bolsa Fam\u00edlia; entenda"},"content":{"rendered":"\n<figure class=\"wp-block-image size-full\"><img decoding=\"async\" src=\"https:\/\/cleitonpinheiro.com.br\/site\/wp-content\/uploads\/2023\/07\/novo-cartao-bolsa-familia.jpg\" alt=\"\" class=\"wp-image-72881\"\/><figcaption class=\"wp-element-caption\">Foto: MDAS<\/figcaption><\/figure>\n\n\n\n<p>O governo federal atualizou nesta quinta-feira (15) as regras de transi\u00e7\u00e3o para as fam\u00edlias benefici\u00e1rias do Bolsa Fam\u00edlia que passam a ter renda superior ao limite de entrada no programa. A nova norma de prote\u00e7\u00e3o entra em vigor a partir de junho e foi publicada em&nbsp;<a href=\"https:\/\/www.in.gov.br\/web\/dou\/-\/portaria-mds-n-1.084-de-14-de-maio-de-2025-629477045\" target=\"_blank\" rel=\"noreferrer noopener\">portaria do Minist\u00e9rio do Desenvolvimento e Assist\u00eancia Social, Fam\u00edlia e Combate \u00e0 Fome<\/a>&nbsp;no Di\u00e1rio Oficial da Uni\u00e3o.<img decoding=\"async\" src=\"https:\/\/agenciabrasil.ebc.com.br\/ebc.png?id=1642786&amp;o=node\"><img decoding=\"async\" src=\"https:\/\/agenciabrasil.ebc.com.br\/ebc.gif?id=1642786&amp;o=node\"><\/p>\n\n\n\n<p>Em nota, a pasta informou que a nova regra de prote\u00e7\u00e3o entra em vigor a partir de junho deste ano, com o objetivo de ampliar o foco em fam\u00edlias em situa\u00e7\u00e3o de maior vulnerabilidade e promover ajustes \u201cpara manter a sustentabilidade e a efetividade do programa\u201d.<\/p>\n\n\n\n<p>Apesar de entrar em vigor em junho, os efeitos na gest\u00e3o dos benef\u00edcios do programa ser\u00e3o sentidos a partir da folha de pagamentos de julho de 2025. \u201dOu seja, as altera\u00e7\u00f5es se aplicam exclusivamente \u00e0s fam\u00edlias que ingressarem na regra de prote\u00e7\u00e3o a partir do m\u00eas de junho\u201d, destacou o minist\u00e9rio.<br><br><a href=\"https:\/\/www.whatsapp.com\/channel\/0029VaoRTgrInlqYLSk59B2M\" target=\"_blank\" rel=\"noreferrer noopener\">&gt;&gt; Siga o canal da&nbsp;<strong>Ag\u00eancia Brasil&nbsp;<\/strong>no WhatsApp<\/a><\/p>\n\n\n\n<h2 class=\"wp-block-heading\">O que muda<\/h2>\n\n\n\n<p>Com a altera\u00e7\u00e3o, fam\u00edlias que ultrapassarem o limite de renda para entrada no Bolsa Fam\u00edlia \u2013 de R$ 218 per capita \u2013 poder\u00e3o seguir no programa por mais 12 meses, recebendo 50% do valor do benef\u00edcio a que a fam\u00edlia faz jus, desde que a renda familiar per capita mensal n\u00e3o supere o valor de R$ 706.<\/p>\n\n\n\n<p>\u201cA fixa\u00e7\u00e3o do novo limite de renda est\u00e1 alinhada \u00e0 linha de pobreza internacional, estabelecida a partir de estudos sobre a distribui\u00e7\u00e3o de renda em diversos pa\u00edses do mundo\u201d, ressaltou o comunicado.<\/p>\n\n\n\n<p>Al\u00e9m disso, fam\u00edlias cuja renda seja considerada est\u00e1vel ou permanente \u2013 como as que recebem aposentadoria, pens\u00e3o ou Benef\u00edcio de Presta\u00e7\u00e3o Continuada (BPC) \u2013 poder\u00e3o permanecer com o aux\u00edlio do Bolsa Fam\u00edlia por at\u00e9 dois meses.<\/p>\n\n\n\n<p>\u201cNesses casos, j\u00e1 h\u00e1 uma prote\u00e7\u00e3o social cont\u00ednua assegurada pelo Estado, o que contribui para maior previsibilidade ao or\u00e7amento familiar\u201d, destacou o minist\u00e9rio.<\/p>\n\n\n\n<p>J\u00e1 no caso de fam\u00edlias com pessoas com defici\u00eancia que recebem o BPC, o tempo m\u00e1ximo de perman\u00eancia na nova regra de prote\u00e7\u00e3o ser\u00e1 de 12 meses.<\/p>\n\n\n\n<p>\u201cA aten\u00e7\u00e3o diferenciada considera que o benef\u00edcio, em seu regramento, passa por revis\u00f5es peri\u00f3dicas em se tratando de pessoas com defici\u00eancia\u201d, detalhou a pasta.<\/p>\n\n\n\n<ul class=\"wp-block-list\">\n<li><\/li>\n<\/ul>\n\n\n\n<p><strong>&gt;&gt; Como funcionava at\u00e9 maio de 2025?<\/strong><\/p>\n\n\n\n<p>At\u00e9 essa data, fam\u00edlias com renda acima de R$ 218 por pessoa, mas abaixo de meio sal\u00e1rio m\u00ednimo, podiam permanecer no Bolsa Fam\u00edlia por at\u00e9 24 meses, recebendo 50% do valor original do benef\u00edcio.<\/p>\n\n\n\n<p><strong>&gt;&gt; Como passa a funcionar a partir de junho de 2025?<\/strong><\/p>\n\n\n\n<p>A nova Regra de Prote\u00e7\u00e3o define tr\u00eas p\u00fablicos distintos:<\/p>\n\n\n\n<ul class=\"wp-block-list\">\n<li>P\u00fablico 1: Fam\u00edlias que j\u00e1 estavam na regra de prote\u00e7\u00e3o at\u00e9 junho de 2025. Mant\u00eam o limite de meio sal\u00e1rio m\u00ednimo por pessoa (R$ 759) e podem seguir no Programa por at\u00e9 24 meses, conforme as regras anteriores.<\/li>\n\n\n\n<li>P\u00fablico 2: Fam\u00edlias que entram na regra de prote\u00e7\u00e3o a partir da folha de pagamento de julho e n\u00e3o t\u00eam integrantes com renda est\u00e1vel. Limite de renda: R$ 706 por pessoa. Perman\u00eancia: at\u00e9 12 meses.<\/li>\n\n\n\n<li>P\u00fablico 3: Fam\u00edlias que entram na regra de prote\u00e7\u00e3o a partir da folha de pagamento de julho e possuem integrantes com renda est\u00e1vel (aposentadoria, pens\u00e3o, BPC-Idoso). Limite de renda: R$ 706 por pessoa. Perman\u00eancia no programa: at\u00e9 2 meses.<\/li>\n<\/ul>\n\n\n\n<h2 class=\"wp-block-heading\">O que n\u00e3o muda<\/h2>\n\n\n\n<p>Fam\u00edlias que j\u00e1 estavam inseridas na regra de prote\u00e7\u00e3o vigente at\u00e9 junho de 2025, segundo o minist\u00e9rio, seguem protegidas pelo regramento anterior, que prev\u00ea o prazo de at\u00e9 24 meses de perman\u00eancia.<\/p>\n\n\n\n<p>Caso a renda da fam\u00edlia oscile novamente e retorne aos crit\u00e9rios de elegibilidade do programa, o valor integral do aux\u00edlio ser\u00e1 restabelecido.<\/p>\n\n\n\n<p>\u201cAs fam\u00edlias na regra de prote\u00e7\u00e3o que, atrav\u00e9s da renda do trabalho, conseguirem superar a pobreza, ap\u00f3s o per\u00edodo de 24 meses, ter\u00e3o o pagamento do Bolsa Fam\u00edlia encerrado, com base no entendimento de que a fam\u00edlia alcan\u00e7ou estabilidade na gera\u00e7\u00e3o e manuten\u00e7\u00e3o de renda pr\u00f3pria\u201d, informou a nota.<\/p>\n\n\n\n<p>Al\u00e9m disso, todas as fam\u00edlias que deixarem o programa ap\u00f3s o fim da regra de prote\u00e7\u00e3o poder\u00e3o retornar com prioridade, caso voltem \u00e0 situa\u00e7\u00e3o de pobreza.<\/p>\n\n\n\n<p>\u201cIsso ser\u00e1 poss\u00edvel por meio do mecanismo do retorno garantido, que \u00e9 v\u00e1lido por at\u00e9 36 meses e permite a revers\u00e3o do cancelamento e a reintegra\u00e7\u00e3o da fam\u00edlia ao programa\u201d, destacou a pasta.<\/p>\n\n\n\n<h2 class=\"wp-block-heading\">Justificativa<\/h2>\n\n\n\n<p>De acordo com o minist\u00e9rio, a regra de prote\u00e7\u00e3o foi criada para garantir seguran\u00e7a extra \u00e0s fam\u00edlias que aumentam sua renda \u2013 especialmente quando um ou mais de seus integrantes ingressam no mercado de trabalho formal.<\/p>\n\n\n\n<blockquote class=\"wp-block-quote is-layout-flow wp-block-quote-is-layout-flow\">\n<p>\u201cA l\u00f3gica \u00e9 evitar o cancelamento imediato do benef\u00edcio, reconhecendo que a supera\u00e7\u00e3o da pobreza n\u00e3o ocorre de forma autom\u00e1tica com a obten\u00e7\u00e3o de um emprego. Trata-se de um processo gradual, que exige um per\u00edodo de adapta\u00e7\u00e3o e estabiliza\u00e7\u00e3o no novo cen\u00e1rio.\u201d<\/p>\n<\/blockquote>\n\n\n\n<p>Ao fixar o novo prazo em 12 meses, a pasta defende que as fam\u00edlias ter\u00e3o tempo suficiente para acessar o seguro-desemprego e outros direitos da seguridade social sem ficarem desprotegidas.<\/p>\n\n\n\n<p>\u201cO programa acompanha as din\u00e2micas da economia e deve ser ajustado sempre que necess\u00e1rio para manter sua efetividade e garantir que os recursos cheguem \u00e0s fam\u00edlias que mais precisam\u201d, completou o comunicado.<\/p>\n\n\n\n<p>\u201cAs mudan\u00e7as representam maior qualifica\u00e7\u00e3o do gasto p\u00fablico e do atendimento \u00e0s fam\u00edlias que mais precisam, garantindo a seguran\u00e7a na transi\u00e7\u00e3o para o mercado de trabalho e mantendo o Bolsa Fam\u00edlia como um dos programas sociais mais eficientes do mundo\u201d, concluiu o minist\u00e9rio.<\/p>\n\n\n\n<p>Foto: Paula Laboissi\u00e8re \u2013 Rep\u00f3rter da Ag\u00eancia Brasil<\/p>\n\n\n\n<p><\/p>\n","protected":false},"excerpt":{"rendered":"<p>O governo federal atualizou nesta quinta-feira (15) as regras de transi\u00e7\u00e3o para as fam\u00edlias benefici\u00e1rias do Bolsa Fam\u00edlia que passam a ter renda superior ao limite de entrada no programa. A nova norma de prote\u00e7\u00e3o entra em vigor a partir de junho e foi publicada em&nbsp;portaria do Minist\u00e9rio do Desenvolvimento e Assist\u00eancia Social, Fam\u00edlia e [&hellip;]<\/p>\n","protected":false},"author":13,"featured_media":0,"comment_status":"open","ping_status":"open","sticky":false,"template":"","format":"standard","meta":{"_acf_changed":false,"footnotes":""},"categories":[19,898,21],"tags":[],"class_list":["post-85575","post","type-post","status-publish","format-standard","hentry","category-brasil-mundo","category-manchete-segundaria","category-todas-noticias"],"acf":[],"yoast_head":"<!-- This site is optimized with the Yoast SEO plugin v24.4 - https:\/\/yoast.com\/wordpress\/plugins\/seo\/ -->\n<title>Governo altera regra de transi\u00e7\u00e3o do Bolsa Fam\u00edlia; entenda - PORTAL DE NOT\u00cdCIAS CLEITON PINHEIRO<\/title>\n<meta name=\"robots\" content=\"index, follow, max-snippet:-1, max-image-preview:large, max-video-preview:-1\" \/>\n<link rel=\"canonical\" href=\"https:\/\/cleitonpinheiro.com.br\/site\/governo-altera-regra-de-transicao-do-bolsa-familia-entenda\/\" \/>\n<meta property=\"og:locale\" content=\"pt_BR\" \/>\n<meta property=\"og:type\" content=\"article\" \/>\n<meta property=\"og:title\" content=\"Governo altera regra de transi\u00e7\u00e3o do Bolsa Fam\u00edlia; entenda - PORTAL DE NOT\u00cdCIAS CLEITON PINHEIRO\" \/>\n<meta property=\"og:description\" content=\"O governo federal atualizou nesta quinta-feira (15) as regras de transi\u00e7\u00e3o para as fam\u00edlias benefici\u00e1rias do Bolsa Fam\u00edlia que passam a ter renda superior ao limite de entrada no programa. A nova norma de prote\u00e7\u00e3o entra em vigor a partir de junho e foi publicada em&nbsp;portaria do Minist\u00e9rio do Desenvolvimento e Assist\u00eancia Social, Fam\u00edlia e [&hellip;]\" \/>\n<meta property=\"og:url\" content=\"https:\/\/cleitonpinheiro.com.br\/site\/governo-altera-regra-de-transicao-do-bolsa-familia-entenda\/\" \/>\n<meta property=\"og:site_name\" content=\"PORTAL DE NOT\u00cdCIAS CLEITON PINHEIRO\" \/>\n<meta property=\"article:publisher\" content=\"https:\/\/www.facebook.com\/portalcpnoticias\/\" \/>\n<meta property=\"article:published_time\" content=\"2025-05-17T14:53:07+00:00\" \/>\n<meta property=\"article:modified_time\" content=\"2025-05-17T14:53:38+00:00\" \/>\n<meta property=\"og:image\" content=\"https:\/\/cleitonpinheiro.com.br\/site\/wp-content\/uploads\/2023\/07\/novo-cartao-bolsa-familia.jpg\" \/>\n\t<meta property=\"og:image:width\" content=\"1170\" \/>\n\t<meta property=\"og:image:height\" content=\"700\" \/>\n\t<meta property=\"og:image:type\" content=\"image\/jpeg\" \/>\n<meta name=\"author\" content=\"Reda\u00e7\u00e3o CP\" \/>\n<meta name=\"twitter:card\" content=\"summary_large_image\" \/>\n<meta name=\"twitter:label1\" content=\"Escrito por\" \/>\n\t<meta name=\"twitter:data1\" content=\"Reda\u00e7\u00e3o CP\" \/>\n\t<meta name=\"twitter:label2\" content=\"Est. tempo de leitura\" \/>\n\t<meta name=\"twitter:data2\" content=\"6 minutos\" \/>\n<script type=\"application\/ld+json\" class=\"yoast-schema-graph\">{\"@context\":\"https:\/\/schema.org\",\"@graph\":[{\"@type\":\"Article\",\"@id\":\"https:\/\/cleitonpinheiro.com.br\/site\/governo-altera-regra-de-transicao-do-bolsa-familia-entenda\/#article\",\"isPartOf\":{\"@id\":\"https:\/\/cleitonpinheiro.com.br\/site\/governo-altera-regra-de-transicao-do-bolsa-familia-entenda\/\"},\"author\":{\"name\":\"Reda\u00e7\u00e3o CP\",\"@id\":\"https:\/\/cleitonpinheiro.com.br\/site\/#\/schema\/person\/8f04544e0bc40a1b68775b08360f87db\"},\"headline\":\"Governo altera regra de transi\u00e7\u00e3o do Bolsa Fam\u00edlia; entenda\",\"datePublished\":\"2025-05-17T14:53:07+00:00\",\"dateModified\":\"2025-05-17T14:53:38+00:00\",\"mainEntityOfPage\":{\"@id\":\"https:\/\/cleitonpinheiro.com.br\/site\/governo-altera-regra-de-transicao-do-bolsa-familia-entenda\/\"},\"wordCount\":1028,\"commentCount\":0,\"publisher\":{\"@id\":\"https:\/\/cleitonpinheiro.com.br\/site\/#organization\"},\"image\":{\"@id\":\"https:\/\/cleitonpinheiro.com.br\/site\/governo-altera-regra-de-transicao-do-bolsa-familia-entenda\/#primaryimage\"},\"thumbnailUrl\":\"https:\/\/cleitonpinheiro.com.br\/site\/wp-content\/uploads\/2023\/07\/novo-cartao-bolsa-familia.jpg\",\"articleSection\":[\"BRASIL \/ MUNDO\",\"MANCHETE SEGUND\u00c1RIA\",\"TODAS NOTICIAS\"],\"inLanguage\":\"pt-BR\",\"potentialAction\":[{\"@type\":\"CommentAction\",\"name\":\"Comment\",\"target\":[\"https:\/\/cleitonpinheiro.com.br\/site\/governo-altera-regra-de-transicao-do-bolsa-familia-entenda\/#respond\"]}]},{\"@type\":\"WebPage\",\"@id\":\"https:\/\/cleitonpinheiro.com.br\/site\/governo-altera-regra-de-transicao-do-bolsa-familia-entenda\/\",\"url\":\"https:\/\/cleitonpinheiro.com.br\/site\/governo-altera-regra-de-transicao-do-bolsa-familia-entenda\/\",\"name\":\"Governo altera regra de transi\u00e7\u00e3o do Bolsa Fam\u00edlia; entenda - PORTAL DE NOT\u00cdCIAS CLEITON PINHEIRO\",\"isPartOf\":{\"@id\":\"https:\/\/cleitonpinheiro.com.br\/site\/#website\"},\"primaryImageOfPage\":{\"@id\":\"https:\/\/cleitonpinheiro.com.br\/site\/governo-altera-regra-de-transicao-do-bolsa-familia-entenda\/#primaryimage\"},\"image\":{\"@id\":\"https:\/\/cleitonpinheiro.com.br\/site\/governo-altera-regra-de-transicao-do-bolsa-familia-entenda\/#primaryimage\"},\"thumbnailUrl\":\"https:\/\/cleitonpinheiro.com.br\/site\/wp-content\/uploads\/2023\/07\/novo-cartao-bolsa-familia.jpg\",\"datePublished\":\"2025-05-17T14:53:07+00:00\",\"dateModified\":\"2025-05-17T14:53:38+00:00\",\"breadcrumb\":{\"@id\":\"https:\/\/cleitonpinheiro.com.br\/site\/governo-altera-regra-de-transicao-do-bolsa-familia-entenda\/#breadcrumb\"},\"inLanguage\":\"pt-BR\",\"potentialAction\":[{\"@type\":\"ReadAction\",\"target\":[\"https:\/\/cleitonpinheiro.com.br\/site\/governo-altera-regra-de-transicao-do-bolsa-familia-entenda\/\"]}]},{\"@type\":\"ImageObject\",\"inLanguage\":\"pt-BR\",\"@id\":\"https:\/\/cleitonpinheiro.com.br\/site\/governo-altera-regra-de-transicao-do-bolsa-familia-entenda\/#primaryimage\",\"url\":\"\",\"contentUrl\":\"\"},{\"@type\":\"BreadcrumbList\",\"@id\":\"https:\/\/cleitonpinheiro.com.br\/site\/governo-altera-regra-de-transicao-do-bolsa-familia-entenda\/#breadcrumb\",\"itemListElement\":[{\"@type\":\"ListItem\",\"position\":1,\"name\":\"In\u00edcio\",\"item\":\"https:\/\/cleitonpinheiro.com.br\/site\/\"},{\"@type\":\"ListItem\",\"position\":2,\"name\":\"Governo altera regra de transi\u00e7\u00e3o do Bolsa Fam\u00edlia; entenda\"}]},{\"@type\":\"WebSite\",\"@id\":\"https:\/\/cleitonpinheiro.com.br\/site\/#website\",\"url\":\"https:\/\/cleitonpinheiro.com.br\/site\/\",\"name\":\"PORTAL DE NOT\u00cdCIAS CLEITON PINHEIRO\",\"description\":\"FALANDO A VERDADE\",\"publisher\":{\"@id\":\"https:\/\/cleitonpinheiro.com.br\/site\/#organization\"},\"potentialAction\":[{\"@type\":\"SearchAction\",\"target\":{\"@type\":\"EntryPoint\",\"urlTemplate\":\"https:\/\/cleitonpinheiro.com.br\/site\/?s={search_term_string}\"},\"query-input\":{\"@type\":\"PropertyValueSpecification\",\"valueRequired\":true,\"valueName\":\"search_term_string\"}}],\"inLanguage\":\"pt-BR\"},{\"@type\":\"Organization\",\"@id\":\"https:\/\/cleitonpinheiro.com.br\/site\/#organization\",\"name\":\"CPNOT\u00cdCIAS\",\"url\":\"https:\/\/cleitonpinheiro.com.br\/site\/\",\"logo\":{\"@type\":\"ImageObject\",\"inLanguage\":\"pt-BR\",\"@id\":\"https:\/\/cleitonpinheiro.com.br\/site\/#\/schema\/logo\/image\/\",\"url\":\"https:\/\/cleitonpinheiro.com.br\/site\/wp-content\/uploads\/2022\/08\/Logo-pequena-2.png\",\"contentUrl\":\"https:\/\/cleitonpinheiro.com.br\/site\/wp-content\/uploads\/2022\/08\/Logo-pequena-2.png\",\"width\":500,\"height\":500,\"caption\":\"CPNOT\u00cdCIAS\"},\"image\":{\"@id\":\"https:\/\/cleitonpinheiro.com.br\/site\/#\/schema\/logo\/image\/\"},\"sameAs\":[\"https:\/\/www.facebook.com\/portalcpnoticias\/\"]},{\"@type\":\"Person\",\"@id\":\"https:\/\/cleitonpinheiro.com.br\/site\/#\/schema\/person\/8f04544e0bc40a1b68775b08360f87db\",\"name\":\"Reda\u00e7\u00e3o CP\",\"image\":{\"@type\":\"ImageObject\",\"inLanguage\":\"pt-BR\",\"@id\":\"https:\/\/cleitonpinheiro.com.br\/site\/#\/schema\/person\/image\/\",\"url\":\"https:\/\/secure.gravatar.com\/avatar\/0bcf19cb29fdc8fc588c490c7ae1b3e174dac268586a63fbe1d1893a0f9020cd?s=96&r=g\",\"contentUrl\":\"https:\/\/secure.gravatar.com\/avatar\/0bcf19cb29fdc8fc588c490c7ae1b3e174dac268586a63fbe1d1893a0f9020cd?s=96&r=g\",\"caption\":\"Reda\u00e7\u00e3o CP\"},\"url\":\"https:\/\/cleitonpinheiro.com.br\/site\/author\/redacao\/\"}]}<\/script>\n<!-- \/ Yoast SEO plugin. -->","yoast_head_json":{"title":"Governo altera regra de transi\u00e7\u00e3o do Bolsa Fam\u00edlia; entenda - PORTAL DE NOT\u00cdCIAS CLEITON PINHEIRO","robots":{"index":"index","follow":"follow","max-snippet":"max-snippet:-1","max-image-preview":"max-image-preview:large","max-video-preview":"max-video-preview:-1"},"canonical":"https:\/\/cleitonpinheiro.com.br\/site\/governo-altera-regra-de-transicao-do-bolsa-familia-entenda\/","og_locale":"pt_BR","og_type":"article","og_title":"Governo altera regra de transi\u00e7\u00e3o do Bolsa Fam\u00edlia; entenda - PORTAL DE NOT\u00cdCIAS CLEITON PINHEIRO","og_description":"O governo federal atualizou nesta quinta-feira (15) as regras de transi\u00e7\u00e3o para as fam\u00edlias benefici\u00e1rias do Bolsa Fam\u00edlia que passam a ter renda superior ao limite de entrada no programa. A nova norma de prote\u00e7\u00e3o entra em vigor a partir de junho e foi publicada em&nbsp;portaria do Minist\u00e9rio do Desenvolvimento e Assist\u00eancia Social, Fam\u00edlia e [&hellip;]","og_url":"https:\/\/cleitonpinheiro.com.br\/site\/governo-altera-regra-de-transicao-do-bolsa-familia-entenda\/","og_site_name":"PORTAL DE NOT\u00cdCIAS CLEITON PINHEIRO","article_publisher":"https:\/\/www.facebook.com\/portalcpnoticias\/","article_published_time":"2025-05-17T14:53:07+00:00","article_modified_time":"2025-05-17T14:53:38+00:00","og_image":[{"width":1170,"height":700,"url":"https:\/\/cleitonpinheiro.com.br\/site\/wp-content\/uploads\/2023\/07\/novo-cartao-bolsa-familia.jpg","type":"image\/jpeg"}],"author":"Reda\u00e7\u00e3o CP","twitter_card":"summary_large_image","twitter_misc":{"Escrito por":"Reda\u00e7\u00e3o CP","Est. tempo de leitura":"6 minutos"},"schema":{"@context":"https:\/\/schema.org","@graph":[{"@type":"Article","@id":"https:\/\/cleitonpinheiro.com.br\/site\/governo-altera-regra-de-transicao-do-bolsa-familia-entenda\/#article","isPartOf":{"@id":"https:\/\/cleitonpinheiro.com.br\/site\/governo-altera-regra-de-transicao-do-bolsa-familia-entenda\/"},"author":{"name":"Reda\u00e7\u00e3o CP","@id":"https:\/\/cleitonpinheiro.com.br\/site\/#\/schema\/person\/8f04544e0bc40a1b68775b08360f87db"},"headline":"Governo altera regra de transi\u00e7\u00e3o do Bolsa Fam\u00edlia; entenda","datePublished":"2025-05-17T14:53:07+00:00","dateModified":"2025-05-17T14:53:38+00:00","mainEntityOfPage":{"@id":"https:\/\/cleitonpinheiro.com.br\/site\/governo-altera-regra-de-transicao-do-bolsa-familia-entenda\/"},"wordCount":1028,"commentCount":0,"publisher":{"@id":"https:\/\/cleitonpinheiro.com.br\/site\/#organization"},"image":{"@id":"https:\/\/cleitonpinheiro.com.br\/site\/governo-altera-regra-de-transicao-do-bolsa-familia-entenda\/#primaryimage"},"thumbnailUrl":"https:\/\/cleitonpinheiro.com.br\/site\/wp-content\/uploads\/2023\/07\/novo-cartao-bolsa-familia.jpg","articleSection":["BRASIL \/ MUNDO","MANCHETE SEGUND\u00c1RIA","TODAS NOTICIAS"],"inLanguage":"pt-BR","potentialAction":[{"@type":"CommentAction","name":"Comment","target":["https:\/\/cleitonpinheiro.com.br\/site\/governo-altera-regra-de-transicao-do-bolsa-familia-entenda\/#respond"]}]},{"@type":"WebPage","@id":"https:\/\/cleitonpinheiro.com.br\/site\/governo-altera-regra-de-transicao-do-bolsa-familia-entenda\/","url":"https:\/\/cleitonpinheiro.com.br\/site\/governo-altera-regra-de-transicao-do-bolsa-familia-entenda\/","name":"Governo altera regra de transi\u00e7\u00e3o do Bolsa Fam\u00edlia; entenda - PORTAL DE NOT\u00cdCIAS CLEITON PINHEIRO","isPartOf":{"@id":"https:\/\/cleitonpinheiro.com.br\/site\/#website"},"primaryImageOfPage":{"@id":"https:\/\/cleitonpinheiro.com.br\/site\/governo-altera-regra-de-transicao-do-bolsa-familia-entenda\/#primaryimage"},"image":{"@id":"https:\/\/cleitonpinheiro.com.br\/site\/governo-altera-regra-de-transicao-do-bolsa-familia-entenda\/#primaryimage"},"thumbnailUrl":"https:\/\/cleitonpinheiro.com.br\/site\/wp-content\/uploads\/2023\/07\/novo-cartao-bolsa-familia.jpg","datePublished":"2025-05-17T14:53:07+00:00","dateModified":"2025-05-17T14:53:38+00:00","breadcrumb":{"@id":"https:\/\/cleitonpinheiro.com.br\/site\/governo-altera-regra-de-transicao-do-bolsa-familia-entenda\/#breadcrumb"},"inLanguage":"pt-BR","potentialAction":[{"@type":"ReadAction","target":["https:\/\/cleitonpinheiro.com.br\/site\/governo-altera-regra-de-transicao-do-bolsa-familia-entenda\/"]}]},{"@type":"ImageObject","inLanguage":"pt-BR","@id":"https:\/\/cleitonpinheiro.com.br\/site\/governo-altera-regra-de-transicao-do-bolsa-familia-entenda\/#primaryimage","url":"","contentUrl":""},{"@type":"BreadcrumbList","@id":"https:\/\/cleitonpinheiro.com.br\/site\/governo-altera-regra-de-transicao-do-bolsa-familia-entenda\/#breadcrumb","itemListElement":[{"@type":"ListItem","position":1,"name":"In\u00edcio","item":"https:\/\/cleitonpinheiro.com.br\/site\/"},{"@type":"ListItem","position":2,"name":"Governo altera regra de transi\u00e7\u00e3o do Bolsa Fam\u00edlia; entenda"}]},{"@type":"WebSite","@id":"https:\/\/cleitonpinheiro.com.br\/site\/#website","url":"https:\/\/cleitonpinheiro.com.br\/site\/","name":"PORTAL DE NOT\u00cdCIAS CLEITON PINHEIRO","description":"FALANDO A VERDADE","publisher":{"@id":"https:\/\/cleitonpinheiro.com.br\/site\/#organization"},"potentialAction":[{"@type":"SearchAction","target":{"@type":"EntryPoint","urlTemplate":"https:\/\/cleitonpinheiro.com.br\/site\/?s={search_term_string}"},"query-input":{"@type":"PropertyValueSpecification","valueRequired":true,"valueName":"search_term_string"}}],"inLanguage":"pt-BR"},{"@type":"Organization","@id":"https:\/\/cleitonpinheiro.com.br\/site\/#organization","name":"CPNOT\u00cdCIAS","url":"https:\/\/cleitonpinheiro.com.br\/site\/","logo":{"@type":"ImageObject","inLanguage":"pt-BR","@id":"https:\/\/cleitonpinheiro.com.br\/site\/#\/schema\/logo\/image\/","url":"https:\/\/cleitonpinheiro.com.br\/site\/wp-content\/uploads\/2022\/08\/Logo-pequena-2.png","contentUrl":"https:\/\/cleitonpinheiro.com.br\/site\/wp-content\/uploads\/2022\/08\/Logo-pequena-2.png","width":500,"height":500,"caption":"CPNOT\u00cdCIAS"},"image":{"@id":"https:\/\/cleitonpinheiro.com.br\/site\/#\/schema\/logo\/image\/"},"sameAs":["https:\/\/www.facebook.com\/portalcpnoticias\/"]},{"@type":"Person","@id":"https:\/\/cleitonpinheiro.com.br\/site\/#\/schema\/person\/8f04544e0bc40a1b68775b08360f87db","name":"Reda\u00e7\u00e3o CP","image":{"@type":"ImageObject","inLanguage":"pt-BR","@id":"https:\/\/cleitonpinheiro.com.br\/site\/#\/schema\/person\/image\/","url":"https:\/\/secure.gravatar.com\/avatar\/0bcf19cb29fdc8fc588c490c7ae1b3e174dac268586a63fbe1d1893a0f9020cd?s=96&r=g","contentUrl":"https:\/\/secure.gravatar.com\/avatar\/0bcf19cb29fdc8fc588c490c7ae1b3e174dac268586a63fbe1d1893a0f9020cd?s=96&r=g","caption":"Reda\u00e7\u00e3o CP"},"url":"https:\/\/cleitonpinheiro.com.br\/site\/author\/redacao\/"}]}},"views":165,"_links":{"self":[{"href":"https:\/\/cleitonpinheiro.com.br\/site\/wp-json\/wp\/v2\/posts\/85575","targetHints":{"allow":["GET"]}}],"collection":[{"href":"https:\/\/cleitonpinheiro.com.br\/site\/wp-json\/wp\/v2\/posts"}],"about":[{"href":"https:\/\/cleitonpinheiro.com.br\/site\/wp-json\/wp\/v2\/types\/post"}],"author":[{"embeddable":true,"href":"https:\/\/cleitonpinheiro.com.br\/site\/wp-json\/wp\/v2\/users\/13"}],"replies":[{"embeddable":true,"href":"https:\/\/cleitonpinheiro.com.br\/site\/wp-json\/wp\/v2\/comments?post=85575"}],"version-history":[{"count":1,"href":"https:\/\/cleitonpinheiro.com.br\/site\/wp-json\/wp\/v2\/posts\/85575\/revisions"}],"predecessor-version":[{"id":85576,"href":"https:\/\/cleitonpinheiro.com.br\/site\/wp-json\/wp\/v2\/posts\/85575\/revisions\/85576"}],"wp:attachment":[{"href":"https:\/\/cleitonpinheiro.com.br\/site\/wp-json\/wp\/v2\/media?parent=85575"}],"wp:term":[{"taxonomy":"category","embeddable":true,"href":"https:\/\/cleitonpinheiro.com.br\/site\/wp-json\/wp\/v2\/categories?post=85575"},{"taxonomy":"post_tag","embeddable":true,"href":"https:\/\/cleitonpinheiro.com.br\/site\/wp-json\/wp\/v2\/tags?post=85575"}],"curies":[{"name":"wp","href":"https:\/\/api.w.org\/{rel}","templated":true}]}}