{"id":85586,"date":"2025-05-17T11:48:56","date_gmt":"2025-05-17T14:48:56","guid":{"rendered":"https:\/\/cleitonpinheiro.com.br\/site\/?p=85586"},"modified":"2025-05-17T11:49:01","modified_gmt":"2025-05-17T14:49:01","slug":"saude-amplia-tratamento-para-casos-graves-de-alzheimer-no-sus","status":"publish","type":"post","link":"https:\/\/cleitonpinheiro.com.br\/site\/saude-amplia-tratamento-para-casos-graves-de-alzheimer-no-sus\/","title":{"rendered":"Sa\u00fade amplia tratamento para casos graves de Alzheimer no SUS"},"content":{"rendered":"\n<figure class=\"wp-block-image size-large\"><img fetchpriority=\"high\" decoding=\"async\" width=\"1024\" height=\"613\" src=\"https:\/\/cleitonpinheiro.com.br\/site\/wp-content\/uploads\/2025\/05\/raf05560-1024x613.webp\" alt=\"\" class=\"wp-image-85587\" srcset=\"https:\/\/cleitonpinheiro.com.br\/site\/wp-content\/uploads\/2025\/05\/raf05560-1024x613.webp 1024w, https:\/\/cleitonpinheiro.com.br\/site\/wp-content\/uploads\/2025\/05\/raf05560-300x179.webp 300w, https:\/\/cleitonpinheiro.com.br\/site\/wp-content\/uploads\/2025\/05\/raf05560-768x459.webp 768w, https:\/\/cleitonpinheiro.com.br\/site\/wp-content\/uploads\/2025\/05\/raf05560.webp 1170w\" sizes=\"(max-width: 1024px) 100vw, 1024px\" \/><figcaption class=\"wp-element-caption\">\u00a9 Rafa Neddermeyer\/Ag\u00eancia Brasil\n<\/figcaption><\/figure>\n\n\n\n<p><strong>Uma&nbsp;<a href=\"https:\/\/www.in.gov.br\/en\/web\/dou\/-\/portaria-sectics\/ms-n-20-de-12-de-maio-de-2025-629493334\">portaria do Minist\u00e9rio da Sa\u00fade<\/a>&nbsp;publicada nesta quinta-feira (15) no Di\u00e1rio Oficial da Uni\u00e3o determina a amplia\u00e7\u00e3o do uso da donepezila para pacientes com forma grave da doen\u00e7a de Alzheimer via Sistema \u00danico de Sa\u00fade (SUS).<\/strong><img decoding=\"async\" src=\"https:\/\/agenciabrasil.ebc.com.br\/ebc.png?id=1642820&amp;o=node\"><img decoding=\"async\" src=\"https:\/\/agenciabrasil.ebc.com.br\/ebc.gif?id=1642820&amp;o=node\"><\/p>\n\n\n\n<p>At\u00e9 ent\u00e3o, o medicamento, que ajuda a preservar as fun\u00e7\u00f5es cognitivas e a capacidade funcional, era disponibilizado na rede p\u00fablica apenas para pessoas com formas leves ou moderadas da doen\u00e7a.<\/p>\n\n\n\n<p>Em nota, a pasta informou que,&nbsp;<strong>a partir de agora, pacientes com forma grave da doen\u00e7a poder\u00e3o usar a donepezila em conjunto ou n\u00e3o com a memantina<\/strong>, medica\u00e7\u00e3o j\u00e1 disponibilizada pelo SUS.<\/p>\n\n\n\n<blockquote class=\"wp-block-quote is-layout-flow wp-block-quote-is-layout-flow\">\n<p>\u201cO cuidado cont\u00ednuo por meio desses medicamentos auxilia na redu\u00e7\u00e3o de sintomas da doen\u00e7a, como confus\u00e3o mental, apatia e altera\u00e7\u00f5es de comportamento nos pacientes\u201d, destacou o comunicado.<\/p>\n<\/blockquote>\n\n\n\n<p>A demanda para amplia\u00e7\u00e3o do uso da donepezila \u00e9 do pr\u00f3prio Minist\u00e9rio e surgiu durante o processo de atualiza\u00e7\u00e3o do Protocolo Cl\u00ednico e Diretrizes Terap\u00eauticas (PCDT) da doen\u00e7a de Alzheimer.<\/p>\n\n\n\n<p><strong>A estimativa da pasta \u00e9 que\u00a0cerca de 10 mil pessoas sejam beneficiadas\u00a0no primeiro ano da oferta do medicamento.<\/strong><\/p>\n\n\n\n<h2 class=\"wp-block-heading\">Doen\u00e7a<\/h2>\n\n\n\n<p><strong>A doen\u00e7a de Alzheimer \u00e9 uma condi\u00e7\u00e3o neurodegenerativa progressiva que atinge a mem\u00f3ria, o comportamento e a autonomia dos pacientes.&nbsp;<\/strong>Embora n\u00e3o haja cura, o tratamento pode contribuir para a redu\u00e7\u00e3o do ritmo da perda de capacidades.<\/p>\n\n\n\n<blockquote class=\"wp-block-quote is-layout-flow wp-block-quote-is-layout-flow\">\n<p>\u201cNos est\u00e1gios graves, o cuidado precisa ser ainda mais presente e o acesso a medicamentos eficazes se torna um aliado fundamental\u201d, destacou o minist\u00e9rio.<\/p>\n<\/blockquote>\n\n\n\n<p>Estudos apresentados \u00e0 Comiss\u00e3o Nacional de Incorpora\u00e7\u00e3o de Tecnologias no SUS (Conitec) apontam que a continuidade do uso da donepezila pode melhorar sintomas como agita\u00e7\u00e3o, apatia e confus\u00e3o, al\u00e9m de adiar a necessidade de institucionaliza\u00e7\u00e3o.<\/p>\n\n\n\n<p>Texto: Paula Laboissi\u00e8re \u2013 Rep\u00f3rter da Ag\u00eancia Brasil<\/p>\n","protected":false},"excerpt":{"rendered":"<p>Uma&nbsp;portaria do Minist\u00e9rio da Sa\u00fade&nbsp;publicada nesta quinta-feira (15) no Di\u00e1rio Oficial da Uni\u00e3o determina a amplia\u00e7\u00e3o do uso da donepezila para pacientes com forma grave da doen\u00e7a de Alzheimer via Sistema \u00danico de Sa\u00fade (SUS). At\u00e9 ent\u00e3o, o medicamento, que ajuda a preservar as fun\u00e7\u00f5es cognitivas e a capacidade funcional, era disponibilizado na rede p\u00fablica [&hellip;]<\/p>\n","protected":false},"author":13,"featured_media":85587,"comment_status":"open","ping_status":"open","sticky":false,"template":"","format":"standard","meta":{"_acf_changed":false,"footnotes":""},"categories":[19,898,21],"tags":[],"class_list":["post-85586","post","type-post","status-publish","format-standard","has-post-thumbnail","hentry","category-brasil-mundo","category-manchete-segundaria","category-todas-noticias"],"acf":[],"yoast_head":"<!-- This site is optimized with the Yoast SEO plugin v24.4 - https:\/\/yoast.com\/wordpress\/plugins\/seo\/ -->\n<title>Sa\u00fade amplia tratamento para casos graves de Alzheimer no SUS - PORTAL DE NOT\u00cdCIAS CLEITON PINHEIRO<\/title>\n<meta name=\"robots\" content=\"index, follow, max-snippet:-1, max-image-preview:large, max-video-preview:-1\" \/>\n<link rel=\"canonical\" href=\"https:\/\/cleitonpinheiro.com.br\/site\/saude-amplia-tratamento-para-casos-graves-de-alzheimer-no-sus\/\" \/>\n<meta property=\"og:locale\" content=\"pt_BR\" \/>\n<meta property=\"og:type\" content=\"article\" \/>\n<meta property=\"og:title\" content=\"Sa\u00fade amplia tratamento para casos graves de Alzheimer no SUS - PORTAL DE NOT\u00cdCIAS CLEITON PINHEIRO\" \/>\n<meta property=\"og:description\" content=\"Uma&nbsp;portaria do Minist\u00e9rio da Sa\u00fade&nbsp;publicada nesta quinta-feira (15) no Di\u00e1rio Oficial da Uni\u00e3o determina a amplia\u00e7\u00e3o do uso da donepezila para pacientes com forma grave da doen\u00e7a de Alzheimer via Sistema \u00danico de Sa\u00fade (SUS). At\u00e9 ent\u00e3o, o medicamento, que ajuda a preservar as fun\u00e7\u00f5es cognitivas e a capacidade funcional, era disponibilizado na rede p\u00fablica [&hellip;]\" \/>\n<meta property=\"og:url\" content=\"https:\/\/cleitonpinheiro.com.br\/site\/saude-amplia-tratamento-para-casos-graves-de-alzheimer-no-sus\/\" \/>\n<meta property=\"og:site_name\" content=\"PORTAL DE NOT\u00cdCIAS CLEITON PINHEIRO\" \/>\n<meta property=\"article:publisher\" content=\"https:\/\/www.facebook.com\/portalcpnoticias\/\" \/>\n<meta property=\"article:published_time\" content=\"2025-05-17T14:48:56+00:00\" \/>\n<meta property=\"article:modified_time\" content=\"2025-05-17T14:49:01+00:00\" \/>\n<meta property=\"og:image\" content=\"https:\/\/cleitonpinheiro.com.br\/site\/wp-content\/uploads\/2025\/05\/raf05560.webp\" \/>\n\t<meta property=\"og:image:width\" content=\"1170\" \/>\n\t<meta property=\"og:image:height\" content=\"700\" \/>\n\t<meta property=\"og:image:type\" content=\"image\/webp\" \/>\n<meta name=\"author\" content=\"Reda\u00e7\u00e3o CP\" \/>\n<meta name=\"twitter:card\" content=\"summary_large_image\" \/>\n<meta name=\"twitter:label1\" content=\"Escrito por\" \/>\n\t<meta name=\"twitter:data1\" content=\"Reda\u00e7\u00e3o CP\" \/>\n\t<meta name=\"twitter:label2\" content=\"Est. tempo de leitura\" \/>\n\t<meta name=\"twitter:data2\" content=\"3 minutos\" \/>\n<script type=\"application\/ld+json\" class=\"yoast-schema-graph\">{\"@context\":\"https:\/\/schema.org\",\"@graph\":[{\"@type\":\"Article\",\"@id\":\"https:\/\/cleitonpinheiro.com.br\/site\/saude-amplia-tratamento-para-casos-graves-de-alzheimer-no-sus\/#article\",\"isPartOf\":{\"@id\":\"https:\/\/cleitonpinheiro.com.br\/site\/saude-amplia-tratamento-para-casos-graves-de-alzheimer-no-sus\/\"},\"author\":{\"name\":\"Reda\u00e7\u00e3o CP\",\"@id\":\"https:\/\/cleitonpinheiro.com.br\/site\/#\/schema\/person\/8f04544e0bc40a1b68775b08360f87db\"},\"headline\":\"Sa\u00fade amplia tratamento para casos graves de Alzheimer no SUS\",\"datePublished\":\"2025-05-17T14:48:56+00:00\",\"dateModified\":\"2025-05-17T14:49:01+00:00\",\"mainEntityOfPage\":{\"@id\":\"https:\/\/cleitonpinheiro.com.br\/site\/saude-amplia-tratamento-para-casos-graves-de-alzheimer-no-sus\/\"},\"wordCount\":338,\"commentCount\":0,\"publisher\":{\"@id\":\"https:\/\/cleitonpinheiro.com.br\/site\/#organization\"},\"image\":{\"@id\":\"https:\/\/cleitonpinheiro.com.br\/site\/saude-amplia-tratamento-para-casos-graves-de-alzheimer-no-sus\/#primaryimage\"},\"thumbnailUrl\":\"https:\/\/cleitonpinheiro.com.br\/site\/wp-content\/uploads\/2025\/05\/raf05560.webp\",\"articleSection\":[\"BRASIL \/ MUNDO\",\"MANCHETE SEGUND\u00c1RIA\",\"TODAS NOTICIAS\"],\"inLanguage\":\"pt-BR\",\"potentialAction\":[{\"@type\":\"CommentAction\",\"name\":\"Comment\",\"target\":[\"https:\/\/cleitonpinheiro.com.br\/site\/saude-amplia-tratamento-para-casos-graves-de-alzheimer-no-sus\/#respond\"]}]},{\"@type\":\"WebPage\",\"@id\":\"https:\/\/cleitonpinheiro.com.br\/site\/saude-amplia-tratamento-para-casos-graves-de-alzheimer-no-sus\/\",\"url\":\"https:\/\/cleitonpinheiro.com.br\/site\/saude-amplia-tratamento-para-casos-graves-de-alzheimer-no-sus\/\",\"name\":\"Sa\u00fade amplia tratamento para casos graves de Alzheimer no SUS - PORTAL DE NOT\u00cdCIAS CLEITON PINHEIRO\",\"isPartOf\":{\"@id\":\"https:\/\/cleitonpinheiro.com.br\/site\/#website\"},\"primaryImageOfPage\":{\"@id\":\"https:\/\/cleitonpinheiro.com.br\/site\/saude-amplia-tratamento-para-casos-graves-de-alzheimer-no-sus\/#primaryimage\"},\"image\":{\"@id\":\"https:\/\/cleitonpinheiro.com.br\/site\/saude-amplia-tratamento-para-casos-graves-de-alzheimer-no-sus\/#primaryimage\"},\"thumbnailUrl\":\"https:\/\/cleitonpinheiro.com.br\/site\/wp-content\/uploads\/2025\/05\/raf05560.webp\",\"datePublished\":\"2025-05-17T14:48:56+00:00\",\"dateModified\":\"2025-05-17T14:49:01+00:00\",\"breadcrumb\":{\"@id\":\"https:\/\/cleitonpinheiro.com.br\/site\/saude-amplia-tratamento-para-casos-graves-de-alzheimer-no-sus\/#breadcrumb\"},\"inLanguage\":\"pt-BR\",\"potentialAction\":[{\"@type\":\"ReadAction\",\"target\":[\"https:\/\/cleitonpinheiro.com.br\/site\/saude-amplia-tratamento-para-casos-graves-de-alzheimer-no-sus\/\"]}]},{\"@type\":\"ImageObject\",\"inLanguage\":\"pt-BR\",\"@id\":\"https:\/\/cleitonpinheiro.com.br\/site\/saude-amplia-tratamento-para-casos-graves-de-alzheimer-no-sus\/#primaryimage\",\"url\":\"https:\/\/cleitonpinheiro.com.br\/site\/wp-content\/uploads\/2025\/05\/raf05560.webp\",\"contentUrl\":\"https:\/\/cleitonpinheiro.com.br\/site\/wp-content\/uploads\/2025\/05\/raf05560.webp\",\"width\":1170,\"height\":700,\"caption\":\"\u00a9 Rafa Neddermeyer\/Ag\u00eancia Brasil\"},{\"@type\":\"BreadcrumbList\",\"@id\":\"https:\/\/cleitonpinheiro.com.br\/site\/saude-amplia-tratamento-para-casos-graves-de-alzheimer-no-sus\/#breadcrumb\",\"itemListElement\":[{\"@type\":\"ListItem\",\"position\":1,\"name\":\"In\u00edcio\",\"item\":\"https:\/\/cleitonpinheiro.com.br\/site\/\"},{\"@type\":\"ListItem\",\"position\":2,\"name\":\"Sa\u00fade amplia tratamento para casos graves de Alzheimer no SUS\"}]},{\"@type\":\"WebSite\",\"@id\":\"https:\/\/cleitonpinheiro.com.br\/site\/#website\",\"url\":\"https:\/\/cleitonpinheiro.com.br\/site\/\",\"name\":\"PORTAL DE NOT\u00cdCIAS CLEITON PINHEIRO\",\"description\":\"FALANDO A VERDADE\",\"publisher\":{\"@id\":\"https:\/\/cleitonpinheiro.com.br\/site\/#organization\"},\"potentialAction\":[{\"@type\":\"SearchAction\",\"target\":{\"@type\":\"EntryPoint\",\"urlTemplate\":\"https:\/\/cleitonpinheiro.com.br\/site\/?s={search_term_string}\"},\"query-input\":{\"@type\":\"PropertyValueSpecification\",\"valueRequired\":true,\"valueName\":\"search_term_string\"}}],\"inLanguage\":\"pt-BR\"},{\"@type\":\"Organization\",\"@id\":\"https:\/\/cleitonpinheiro.com.br\/site\/#organization\",\"name\":\"CPNOT\u00cdCIAS\",\"url\":\"https:\/\/cleitonpinheiro.com.br\/site\/\",\"logo\":{\"@type\":\"ImageObject\",\"inLanguage\":\"pt-BR\",\"@id\":\"https:\/\/cleitonpinheiro.com.br\/site\/#\/schema\/logo\/image\/\",\"url\":\"https:\/\/cleitonpinheiro.com.br\/site\/wp-content\/uploads\/2022\/08\/Logo-pequena-2.png\",\"contentUrl\":\"https:\/\/cleitonpinheiro.com.br\/site\/wp-content\/uploads\/2022\/08\/Logo-pequena-2.png\",\"width\":500,\"height\":500,\"caption\":\"CPNOT\u00cdCIAS\"},\"image\":{\"@id\":\"https:\/\/cleitonpinheiro.com.br\/site\/#\/schema\/logo\/image\/\"},\"sameAs\":[\"https:\/\/www.facebook.com\/portalcpnoticias\/\"]},{\"@type\":\"Person\",\"@id\":\"https:\/\/cleitonpinheiro.com.br\/site\/#\/schema\/person\/8f04544e0bc40a1b68775b08360f87db\",\"name\":\"Reda\u00e7\u00e3o CP\",\"image\":{\"@type\":\"ImageObject\",\"inLanguage\":\"pt-BR\",\"@id\":\"https:\/\/cleitonpinheiro.com.br\/site\/#\/schema\/person\/image\/\",\"url\":\"https:\/\/secure.gravatar.com\/avatar\/0bcf19cb29fdc8fc588c490c7ae1b3e174dac268586a63fbe1d1893a0f9020cd?s=96&r=g\",\"contentUrl\":\"https:\/\/secure.gravatar.com\/avatar\/0bcf19cb29fdc8fc588c490c7ae1b3e174dac268586a63fbe1d1893a0f9020cd?s=96&r=g\",\"caption\":\"Reda\u00e7\u00e3o CP\"},\"url\":\"https:\/\/cleitonpinheiro.com.br\/site\/author\/redacao\/\"}]}<\/script>\n<!-- \/ Yoast SEO plugin. -->","yoast_head_json":{"title":"Sa\u00fade amplia tratamento para casos graves de Alzheimer no SUS - PORTAL DE NOT\u00cdCIAS CLEITON PINHEIRO","robots":{"index":"index","follow":"follow","max-snippet":"max-snippet:-1","max-image-preview":"max-image-preview:large","max-video-preview":"max-video-preview:-1"},"canonical":"https:\/\/cleitonpinheiro.com.br\/site\/saude-amplia-tratamento-para-casos-graves-de-alzheimer-no-sus\/","og_locale":"pt_BR","og_type":"article","og_title":"Sa\u00fade amplia tratamento para casos graves de Alzheimer no SUS - PORTAL DE NOT\u00cdCIAS CLEITON PINHEIRO","og_description":"Uma&nbsp;portaria do Minist\u00e9rio da Sa\u00fade&nbsp;publicada nesta quinta-feira (15) no Di\u00e1rio Oficial da Uni\u00e3o determina a amplia\u00e7\u00e3o do uso da donepezila para pacientes com forma grave da doen\u00e7a de Alzheimer via Sistema \u00danico de Sa\u00fade (SUS). At\u00e9 ent\u00e3o, o medicamento, que ajuda a preservar as fun\u00e7\u00f5es cognitivas e a capacidade funcional, era disponibilizado na rede p\u00fablica [&hellip;]","og_url":"https:\/\/cleitonpinheiro.com.br\/site\/saude-amplia-tratamento-para-casos-graves-de-alzheimer-no-sus\/","og_site_name":"PORTAL DE NOT\u00cdCIAS CLEITON PINHEIRO","article_publisher":"https:\/\/www.facebook.com\/portalcpnoticias\/","article_published_time":"2025-05-17T14:48:56+00:00","article_modified_time":"2025-05-17T14:49:01+00:00","og_image":[{"width":1170,"height":700,"url":"https:\/\/cleitonpinheiro.com.br\/site\/wp-content\/uploads\/2025\/05\/raf05560.webp","type":"image\/webp"}],"author":"Reda\u00e7\u00e3o CP","twitter_card":"summary_large_image","twitter_misc":{"Escrito por":"Reda\u00e7\u00e3o CP","Est. tempo de leitura":"3 minutos"},"schema":{"@context":"https:\/\/schema.org","@graph":[{"@type":"Article","@id":"https:\/\/cleitonpinheiro.com.br\/site\/saude-amplia-tratamento-para-casos-graves-de-alzheimer-no-sus\/#article","isPartOf":{"@id":"https:\/\/cleitonpinheiro.com.br\/site\/saude-amplia-tratamento-para-casos-graves-de-alzheimer-no-sus\/"},"author":{"name":"Reda\u00e7\u00e3o CP","@id":"https:\/\/cleitonpinheiro.com.br\/site\/#\/schema\/person\/8f04544e0bc40a1b68775b08360f87db"},"headline":"Sa\u00fade amplia tratamento para casos graves de Alzheimer no SUS","datePublished":"2025-05-17T14:48:56+00:00","dateModified":"2025-05-17T14:49:01+00:00","mainEntityOfPage":{"@id":"https:\/\/cleitonpinheiro.com.br\/site\/saude-amplia-tratamento-para-casos-graves-de-alzheimer-no-sus\/"},"wordCount":338,"commentCount":0,"publisher":{"@id":"https:\/\/cleitonpinheiro.com.br\/site\/#organization"},"image":{"@id":"https:\/\/cleitonpinheiro.com.br\/site\/saude-amplia-tratamento-para-casos-graves-de-alzheimer-no-sus\/#primaryimage"},"thumbnailUrl":"https:\/\/cleitonpinheiro.com.br\/site\/wp-content\/uploads\/2025\/05\/raf05560.webp","articleSection":["BRASIL \/ MUNDO","MANCHETE SEGUND\u00c1RIA","TODAS NOTICIAS"],"inLanguage":"pt-BR","potentialAction":[{"@type":"CommentAction","name":"Comment","target":["https:\/\/cleitonpinheiro.com.br\/site\/saude-amplia-tratamento-para-casos-graves-de-alzheimer-no-sus\/#respond"]}]},{"@type":"WebPage","@id":"https:\/\/cleitonpinheiro.com.br\/site\/saude-amplia-tratamento-para-casos-graves-de-alzheimer-no-sus\/","url":"https:\/\/cleitonpinheiro.com.br\/site\/saude-amplia-tratamento-para-casos-graves-de-alzheimer-no-sus\/","name":"Sa\u00fade amplia tratamento para casos graves de Alzheimer no SUS - PORTAL DE NOT\u00cdCIAS CLEITON PINHEIRO","isPartOf":{"@id":"https:\/\/cleitonpinheiro.com.br\/site\/#website"},"primaryImageOfPage":{"@id":"https:\/\/cleitonpinheiro.com.br\/site\/saude-amplia-tratamento-para-casos-graves-de-alzheimer-no-sus\/#primaryimage"},"image":{"@id":"https:\/\/cleitonpinheiro.com.br\/site\/saude-amplia-tratamento-para-casos-graves-de-alzheimer-no-sus\/#primaryimage"},"thumbnailUrl":"https:\/\/cleitonpinheiro.com.br\/site\/wp-content\/uploads\/2025\/05\/raf05560.webp","datePublished":"2025-05-17T14:48:56+00:00","dateModified":"2025-05-17T14:49:01+00:00","breadcrumb":{"@id":"https:\/\/cleitonpinheiro.com.br\/site\/saude-amplia-tratamento-para-casos-graves-de-alzheimer-no-sus\/#breadcrumb"},"inLanguage":"pt-BR","potentialAction":[{"@type":"ReadAction","target":["https:\/\/cleitonpinheiro.com.br\/site\/saude-amplia-tratamento-para-casos-graves-de-alzheimer-no-sus\/"]}]},{"@type":"ImageObject","inLanguage":"pt-BR","@id":"https:\/\/cleitonpinheiro.com.br\/site\/saude-amplia-tratamento-para-casos-graves-de-alzheimer-no-sus\/#primaryimage","url":"https:\/\/cleitonpinheiro.com.br\/site\/wp-content\/uploads\/2025\/05\/raf05560.webp","contentUrl":"https:\/\/cleitonpinheiro.com.br\/site\/wp-content\/uploads\/2025\/05\/raf05560.webp","width":1170,"height":700,"caption":"\u00a9 Rafa Neddermeyer\/Ag\u00eancia Brasil"},{"@type":"BreadcrumbList","@id":"https:\/\/cleitonpinheiro.com.br\/site\/saude-amplia-tratamento-para-casos-graves-de-alzheimer-no-sus\/#breadcrumb","itemListElement":[{"@type":"ListItem","position":1,"name":"In\u00edcio","item":"https:\/\/cleitonpinheiro.com.br\/site\/"},{"@type":"ListItem","position":2,"name":"Sa\u00fade amplia tratamento para casos graves de Alzheimer no SUS"}]},{"@type":"WebSite","@id":"https:\/\/cleitonpinheiro.com.br\/site\/#website","url":"https:\/\/cleitonpinheiro.com.br\/site\/","name":"PORTAL DE NOT\u00cdCIAS CLEITON PINHEIRO","description":"FALANDO A VERDADE","publisher":{"@id":"https:\/\/cleitonpinheiro.com.br\/site\/#organization"},"potentialAction":[{"@type":"SearchAction","target":{"@type":"EntryPoint","urlTemplate":"https:\/\/cleitonpinheiro.com.br\/site\/?s={search_term_string}"},"query-input":{"@type":"PropertyValueSpecification","valueRequired":true,"valueName":"search_term_string"}}],"inLanguage":"pt-BR"},{"@type":"Organization","@id":"https:\/\/cleitonpinheiro.com.br\/site\/#organization","name":"CPNOT\u00cdCIAS","url":"https:\/\/cleitonpinheiro.com.br\/site\/","logo":{"@type":"ImageObject","inLanguage":"pt-BR","@id":"https:\/\/cleitonpinheiro.com.br\/site\/#\/schema\/logo\/image\/","url":"https:\/\/cleitonpinheiro.com.br\/site\/wp-content\/uploads\/2022\/08\/Logo-pequena-2.png","contentUrl":"https:\/\/cleitonpinheiro.com.br\/site\/wp-content\/uploads\/2022\/08\/Logo-pequena-2.png","width":500,"height":500,"caption":"CPNOT\u00cdCIAS"},"image":{"@id":"https:\/\/cleitonpinheiro.com.br\/site\/#\/schema\/logo\/image\/"},"sameAs":["https:\/\/www.facebook.com\/portalcpnoticias\/"]},{"@type":"Person","@id":"https:\/\/cleitonpinheiro.com.br\/site\/#\/schema\/person\/8f04544e0bc40a1b68775b08360f87db","name":"Reda\u00e7\u00e3o CP","image":{"@type":"ImageObject","inLanguage":"pt-BR","@id":"https:\/\/cleitonpinheiro.com.br\/site\/#\/schema\/person\/image\/","url":"https:\/\/secure.gravatar.com\/avatar\/0bcf19cb29fdc8fc588c490c7ae1b3e174dac268586a63fbe1d1893a0f9020cd?s=96&r=g","contentUrl":"https:\/\/secure.gravatar.com\/avatar\/0bcf19cb29fdc8fc588c490c7ae1b3e174dac268586a63fbe1d1893a0f9020cd?s=96&r=g","caption":"Reda\u00e7\u00e3o CP"},"url":"https:\/\/cleitonpinheiro.com.br\/site\/author\/redacao\/"}]}},"views":156,"_links":{"self":[{"href":"https:\/\/cleitonpinheiro.com.br\/site\/wp-json\/wp\/v2\/posts\/85586","targetHints":{"allow":["GET"]}}],"collection":[{"href":"https:\/\/cleitonpinheiro.com.br\/site\/wp-json\/wp\/v2\/posts"}],"about":[{"href":"https:\/\/cleitonpinheiro.com.br\/site\/wp-json\/wp\/v2\/types\/post"}],"author":[{"embeddable":true,"href":"https:\/\/cleitonpinheiro.com.br\/site\/wp-json\/wp\/v2\/users\/13"}],"replies":[{"embeddable":true,"href":"https:\/\/cleitonpinheiro.com.br\/site\/wp-json\/wp\/v2\/comments?post=85586"}],"version-history":[{"count":1,"href":"https:\/\/cleitonpinheiro.com.br\/site\/wp-json\/wp\/v2\/posts\/85586\/revisions"}],"predecessor-version":[{"id":85588,"href":"https:\/\/cleitonpinheiro.com.br\/site\/wp-json\/wp\/v2\/posts\/85586\/revisions\/85588"}],"wp:featuredmedia":[{"embeddable":true,"href":"https:\/\/cleitonpinheiro.com.br\/site\/wp-json\/wp\/v2\/media\/85587"}],"wp:attachment":[{"href":"https:\/\/cleitonpinheiro.com.br\/site\/wp-json\/wp\/v2\/media?parent=85586"}],"wp:term":[{"taxonomy":"category","embeddable":true,"href":"https:\/\/cleitonpinheiro.com.br\/site\/wp-json\/wp\/v2\/categories?post=85586"},{"taxonomy":"post_tag","embeddable":true,"href":"https:\/\/cleitonpinheiro.com.br\/site\/wp-json\/wp\/v2\/tags?post=85586"}],"curies":[{"name":"wp","href":"https:\/\/api.w.org\/{rel}","templated":true}]}}