{"id":85589,"date":"2025-05-16T10:36:07","date_gmt":"2025-05-16T13:36:07","guid":{"rendered":"https:\/\/cleitonpinheiro.com.br\/site\/?p=85589"},"modified":"2025-05-16T10:36:14","modified_gmt":"2025-05-16T13:36:14","slug":"torcedor-chileno-e-preso-apos-gestos-racistas-em-jogo-no-maracana","status":"publish","type":"post","link":"https:\/\/cleitonpinheiro.com.br\/site\/torcedor-chileno-e-preso-apos-gestos-racistas-em-jogo-no-maracana\/","title":{"rendered":"Torcedor chileno \u00e9 preso ap\u00f3s gestos racistas em jogo no Maracan\u00e3"},"content":{"rendered":"\n<figure class=\"wp-block-image size-large\"><img fetchpriority=\"high\" decoding=\"async\" width=\"1024\" height=\"613\" src=\"https:\/\/cleitonpinheiro.com.br\/site\/wp-content\/uploads\/2025\/05\/908652-a-alma-na\u0303o-tem-cor-na\u0303o-ao-racismo-8974-1024x613.webp\" alt=\"\" class=\"wp-image-85590\" srcset=\"https:\/\/cleitonpinheiro.com.br\/site\/wp-content\/uploads\/2025\/05\/908652-a-alma-na\u0303o-tem-cor-na\u0303o-ao-racismo-8974-1024x613.webp 1024w, https:\/\/cleitonpinheiro.com.br\/site\/wp-content\/uploads\/2025\/05\/908652-a-alma-na\u0303o-tem-cor-na\u0303o-ao-racismo-8974-300x179.webp 300w, https:\/\/cleitonpinheiro.com.br\/site\/wp-content\/uploads\/2025\/05\/908652-a-alma-na\u0303o-tem-cor-na\u0303o-ao-racismo-8974-768x459.webp 768w, https:\/\/cleitonpinheiro.com.br\/site\/wp-content\/uploads\/2025\/05\/908652-a-alma-na\u0303o-tem-cor-na\u0303o-ao-racismo-8974.webp 1170w\" sizes=\"(max-width: 1024px) 100vw, 1024px\" \/><figcaption class=\"wp-element-caption\">\u00a9 Tania Rego\/Ag\u00eancia Brasil\n<\/figcaption><\/figure>\n\n\n\n<p><strong>O torcedor chileno Baltazar Martin Garc\u00eas Lopez teve a pris\u00e3o preventiva decretada pela Justi\u00e7a por ter feito gestos racistas contra a torcida do Fluminense durante o jogo entre o time carioca e o Uni\u00f3n Espa\u00f1ola<\/strong>, pela Copa Sul-Americana, nesta quarta-feira (14) no est\u00e1dio do Maracan\u00e3, no Rio de Janeiro.&nbsp;<img decoding=\"async\" src=\"https:\/\/agenciabrasil.ebc.com.br\/ebc.png?id=1642869&amp;o=node\"><img decoding=\"async\" src=\"https:\/\/agenciabrasil.ebc.com.br\/ebc.gif?id=1642869&amp;o=node\"><\/p>\n\n\n\n<p>A partida marcou o in\u00edcio da campanha&nbsp;<em>Estamos Vigilantes<\/em>, do Minist\u00e9rio P\u00fablico do Rio de Janeiro para prevenir o racismo durante as partidas das Copas Sul-Americana e Libertadores realizadas no estado.&nbsp;<\/p>\n\n\n\n<p><strong>Durante a partida, o torcedor chileno fez gestos imitando um macaco, em dire\u00e7\u00e3o \u00e0&nbsp;torcida do Fluminense.<\/strong>&nbsp;Seguran\u00e7as do est\u00e1dio acionaram o Batalh\u00e3o Especial de Policiamento em Est\u00e1dios.&nbsp;<\/p>\n\n\n\n<p>Com a confirma\u00e7\u00e3o do ato, por meio de imagens do Centro de Comando e Controle do Maracan\u00e3, agentes da Pol\u00edcia Militar conduziram Lopez para uma audi\u00eancia de cust\u00f3dia no Juizado Especial do Torcedor que, ao analisar o caso, converteu a pris\u00e3o em flagrante do acusado em preventiva.<\/p>\n\n\n\n<p>A campanha&nbsp;<em>Estamos Vigilantes<\/em>&nbsp;tem a finalidade de estimular todas as pessoas que observem poss\u00edveis casos de racismo nas pra\u00e7as esportivas denunciem os fatos \u00e0s autoridades. Promotores de Justi\u00e7a do Grupo de Atua\u00e7\u00e3o Especializada do Desporto e Defesa do Torcedor estar\u00e3o presentes em todos os jogos nos est\u00e1dios cariocas, para monitorar as arquibancadas e atuar em casos de flagrante ou den\u00fancia de atos racistas e xenof\u00f3bicos.&nbsp;<\/p>\n\n\n\n<h2 class=\"wp-block-heading\">Participa\u00e7\u00e3o ativa<\/h2>\n\n\n\n<p><strong>A campanha destaca a import\u00e2ncia da participa\u00e7\u00e3o ativa dos torcedores e profissionais envolvidos nas partidas na constru\u00e7\u00e3o de um ambiente mais seguro e respeitoso,<\/strong>&nbsp;ressaltando que denunciar \u00e9 dever de todos. A iniciativa re\u00fane jogadores dos principais clubes cariocas, torcedores, jornalistas, profissionais de seguran\u00e7a e servi\u00e7os que atuam nos est\u00e1dios e promotores de Justi\u00e7a.&nbsp;<\/p>\n\n\n\n<p>A iniciativa conta com apoio da Divis\u00e3o de Evid\u00eancias Digitais e Tecnologia do MP, cujos peritos realizaram visitas t\u00e9cnicas aos est\u00e1dios para avaliar o sistema de c\u00e2meras e sugerir melhorias para o monitoramento e reconhecimento dos autores. A a\u00e7\u00e3o tem apoio da Confedera\u00e7\u00e3o Brasileira de Futebol (CBF) e da Confedera\u00e7\u00e3o Sul-Americana (Conmebol).<\/p>\n\n\n\n<p>Texto: Douglas Corr\u00eaa &#8211; Rep\u00f3rter da Ag\u00eancia Brasil<\/p>\n","protected":false},"excerpt":{"rendered":"<p>O torcedor chileno Baltazar Martin Garc\u00eas Lopez teve a pris\u00e3o preventiva decretada pela Justi\u00e7a por ter feito gestos racistas contra a torcida do Fluminense durante o jogo entre o time carioca e o Uni\u00f3n Espa\u00f1ola, pela Copa Sul-Americana, nesta quarta-feira (14) no est\u00e1dio do Maracan\u00e3, no Rio de Janeiro.&nbsp; A partida marcou o in\u00edcio da [&hellip;]<\/p>\n","protected":false},"author":13,"featured_media":85590,"comment_status":"open","ping_status":"open","sticky":false,"template":"","format":"standard","meta":{"_acf_changed":false,"footnotes":""},"categories":[1,898,21],"tags":[],"class_list":["post-85589","post","type-post","status-publish","format-standard","has-post-thumbnail","hentry","category-esporte","category-manchete-segundaria","category-todas-noticias"],"acf":[],"yoast_head":"<!-- This site is optimized with the Yoast SEO plugin v24.4 - https:\/\/yoast.com\/wordpress\/plugins\/seo\/ -->\n<title>Torcedor chileno \u00e9 preso ap\u00f3s gestos racistas em jogo no Maracan\u00e3 - PORTAL DE NOT\u00cdCIAS CLEITON PINHEIRO<\/title>\n<meta name=\"robots\" content=\"index, follow, max-snippet:-1, max-image-preview:large, max-video-preview:-1\" \/>\n<link rel=\"canonical\" href=\"https:\/\/cleitonpinheiro.com.br\/site\/torcedor-chileno-e-preso-apos-gestos-racistas-em-jogo-no-maracana\/\" \/>\n<meta property=\"og:locale\" content=\"pt_BR\" \/>\n<meta property=\"og:type\" content=\"article\" \/>\n<meta property=\"og:title\" content=\"Torcedor chileno \u00e9 preso ap\u00f3s gestos racistas em jogo no Maracan\u00e3 - PORTAL DE NOT\u00cdCIAS CLEITON PINHEIRO\" \/>\n<meta property=\"og:description\" content=\"O torcedor chileno Baltazar Martin Garc\u00eas Lopez teve a pris\u00e3o preventiva decretada pela Justi\u00e7a por ter feito gestos racistas contra a torcida do Fluminense durante o jogo entre o time carioca e o Uni\u00f3n Espa\u00f1ola, pela Copa Sul-Americana, nesta quarta-feira (14) no est\u00e1dio do Maracan\u00e3, no Rio de Janeiro.&nbsp; A partida marcou o in\u00edcio da [&hellip;]\" \/>\n<meta property=\"og:url\" content=\"https:\/\/cleitonpinheiro.com.br\/site\/torcedor-chileno-e-preso-apos-gestos-racistas-em-jogo-no-maracana\/\" \/>\n<meta property=\"og:site_name\" content=\"PORTAL DE NOT\u00cdCIAS CLEITON PINHEIRO\" \/>\n<meta property=\"article:publisher\" content=\"https:\/\/www.facebook.com\/portalcpnoticias\/\" \/>\n<meta property=\"article:published_time\" content=\"2025-05-16T13:36:07+00:00\" \/>\n<meta property=\"article:modified_time\" content=\"2025-05-16T13:36:14+00:00\" \/>\n<meta property=\"og:image\" content=\"https:\/\/cleitonpinheiro.com.br\/site\/wp-content\/uploads\/2025\/05\/908652-a-alma-na\u0303o-tem-cor-na\u0303o-ao-racismo-8974.webp\" \/>\n\t<meta property=\"og:image:width\" content=\"1170\" \/>\n\t<meta property=\"og:image:height\" content=\"700\" \/>\n\t<meta property=\"og:image:type\" content=\"image\/webp\" \/>\n<meta name=\"author\" content=\"Reda\u00e7\u00e3o CP\" \/>\n<meta name=\"twitter:card\" content=\"summary_large_image\" \/>\n<meta name=\"twitter:label1\" content=\"Escrito por\" \/>\n\t<meta name=\"twitter:data1\" content=\"Reda\u00e7\u00e3o CP\" \/>\n\t<meta name=\"twitter:label2\" content=\"Est. tempo de leitura\" \/>\n\t<meta name=\"twitter:data2\" content=\"3 minutos\" \/>\n<script type=\"application\/ld+json\" class=\"yoast-schema-graph\">{\"@context\":\"https:\/\/schema.org\",\"@graph\":[{\"@type\":\"Article\",\"@id\":\"https:\/\/cleitonpinheiro.com.br\/site\/torcedor-chileno-e-preso-apos-gestos-racistas-em-jogo-no-maracana\/#article\",\"isPartOf\":{\"@id\":\"https:\/\/cleitonpinheiro.com.br\/site\/torcedor-chileno-e-preso-apos-gestos-racistas-em-jogo-no-maracana\/\"},\"author\":{\"name\":\"Reda\u00e7\u00e3o CP\",\"@id\":\"https:\/\/cleitonpinheiro.com.br\/site\/#\/schema\/person\/8f04544e0bc40a1b68775b08360f87db\"},\"headline\":\"Torcedor chileno \u00e9 preso ap\u00f3s gestos racistas em jogo no Maracan\u00e3\",\"datePublished\":\"2025-05-16T13:36:07+00:00\",\"dateModified\":\"2025-05-16T13:36:14+00:00\",\"mainEntityOfPage\":{\"@id\":\"https:\/\/cleitonpinheiro.com.br\/site\/torcedor-chileno-e-preso-apos-gestos-racistas-em-jogo-no-maracana\/\"},\"wordCount\":408,\"commentCount\":0,\"publisher\":{\"@id\":\"https:\/\/cleitonpinheiro.com.br\/site\/#organization\"},\"image\":{\"@id\":\"https:\/\/cleitonpinheiro.com.br\/site\/torcedor-chileno-e-preso-apos-gestos-racistas-em-jogo-no-maracana\/#primaryimage\"},\"thumbnailUrl\":\"https:\/\/cleitonpinheiro.com.br\/site\/wp-content\/uploads\/2025\/05\/908652-a-alma-na\u0303o-tem-cor-na\u0303o-ao-racismo-8974.webp\",\"articleSection\":[\"ESPORTE\",\"MANCHETE SEGUND\u00c1RIA\",\"TODAS NOTICIAS\"],\"inLanguage\":\"pt-BR\",\"potentialAction\":[{\"@type\":\"CommentAction\",\"name\":\"Comment\",\"target\":[\"https:\/\/cleitonpinheiro.com.br\/site\/torcedor-chileno-e-preso-apos-gestos-racistas-em-jogo-no-maracana\/#respond\"]}]},{\"@type\":\"WebPage\",\"@id\":\"https:\/\/cleitonpinheiro.com.br\/site\/torcedor-chileno-e-preso-apos-gestos-racistas-em-jogo-no-maracana\/\",\"url\":\"https:\/\/cleitonpinheiro.com.br\/site\/torcedor-chileno-e-preso-apos-gestos-racistas-em-jogo-no-maracana\/\",\"name\":\"Torcedor chileno \u00e9 preso ap\u00f3s gestos racistas em jogo no Maracan\u00e3 - PORTAL DE NOT\u00cdCIAS CLEITON PINHEIRO\",\"isPartOf\":{\"@id\":\"https:\/\/cleitonpinheiro.com.br\/site\/#website\"},\"primaryImageOfPage\":{\"@id\":\"https:\/\/cleitonpinheiro.com.br\/site\/torcedor-chileno-e-preso-apos-gestos-racistas-em-jogo-no-maracana\/#primaryimage\"},\"image\":{\"@id\":\"https:\/\/cleitonpinheiro.com.br\/site\/torcedor-chileno-e-preso-apos-gestos-racistas-em-jogo-no-maracana\/#primaryimage\"},\"thumbnailUrl\":\"https:\/\/cleitonpinheiro.com.br\/site\/wp-content\/uploads\/2025\/05\/908652-a-alma-na\u0303o-tem-cor-na\u0303o-ao-racismo-8974.webp\",\"datePublished\":\"2025-05-16T13:36:07+00:00\",\"dateModified\":\"2025-05-16T13:36:14+00:00\",\"breadcrumb\":{\"@id\":\"https:\/\/cleitonpinheiro.com.br\/site\/torcedor-chileno-e-preso-apos-gestos-racistas-em-jogo-no-maracana\/#breadcrumb\"},\"inLanguage\":\"pt-BR\",\"potentialAction\":[{\"@type\":\"ReadAction\",\"target\":[\"https:\/\/cleitonpinheiro.com.br\/site\/torcedor-chileno-e-preso-apos-gestos-racistas-em-jogo-no-maracana\/\"]}]},{\"@type\":\"ImageObject\",\"inLanguage\":\"pt-BR\",\"@id\":\"https:\/\/cleitonpinheiro.com.br\/site\/torcedor-chileno-e-preso-apos-gestos-racistas-em-jogo-no-maracana\/#primaryimage\",\"url\":\"https:\/\/cleitonpinheiro.com.br\/site\/wp-content\/uploads\/2025\/05\/908652-a-alma-na\u0303o-tem-cor-na\u0303o-ao-racismo-8974.webp\",\"contentUrl\":\"https:\/\/cleitonpinheiro.com.br\/site\/wp-content\/uploads\/2025\/05\/908652-a-alma-na\u0303o-tem-cor-na\u0303o-ao-racismo-8974.webp\",\"width\":1170,\"height\":700,\"caption\":\"\u00a9 Tania Rego\/Ag\u00eancia Brasil\"},{\"@type\":\"BreadcrumbList\",\"@id\":\"https:\/\/cleitonpinheiro.com.br\/site\/torcedor-chileno-e-preso-apos-gestos-racistas-em-jogo-no-maracana\/#breadcrumb\",\"itemListElement\":[{\"@type\":\"ListItem\",\"position\":1,\"name\":\"In\u00edcio\",\"item\":\"https:\/\/cleitonpinheiro.com.br\/site\/\"},{\"@type\":\"ListItem\",\"position\":2,\"name\":\"Torcedor chileno \u00e9 preso ap\u00f3s gestos racistas em jogo no Maracan\u00e3\"}]},{\"@type\":\"WebSite\",\"@id\":\"https:\/\/cleitonpinheiro.com.br\/site\/#website\",\"url\":\"https:\/\/cleitonpinheiro.com.br\/site\/\",\"name\":\"PORTAL DE NOT\u00cdCIAS CLEITON PINHEIRO\",\"description\":\"FALANDO A VERDADE\",\"publisher\":{\"@id\":\"https:\/\/cleitonpinheiro.com.br\/site\/#organization\"},\"potentialAction\":[{\"@type\":\"SearchAction\",\"target\":{\"@type\":\"EntryPoint\",\"urlTemplate\":\"https:\/\/cleitonpinheiro.com.br\/site\/?s={search_term_string}\"},\"query-input\":{\"@type\":\"PropertyValueSpecification\",\"valueRequired\":true,\"valueName\":\"search_term_string\"}}],\"inLanguage\":\"pt-BR\"},{\"@type\":\"Organization\",\"@id\":\"https:\/\/cleitonpinheiro.com.br\/site\/#organization\",\"name\":\"CPNOT\u00cdCIAS\",\"url\":\"https:\/\/cleitonpinheiro.com.br\/site\/\",\"logo\":{\"@type\":\"ImageObject\",\"inLanguage\":\"pt-BR\",\"@id\":\"https:\/\/cleitonpinheiro.com.br\/site\/#\/schema\/logo\/image\/\",\"url\":\"https:\/\/cleitonpinheiro.com.br\/site\/wp-content\/uploads\/2022\/08\/Logo-pequena-2.png\",\"contentUrl\":\"https:\/\/cleitonpinheiro.com.br\/site\/wp-content\/uploads\/2022\/08\/Logo-pequena-2.png\",\"width\":500,\"height\":500,\"caption\":\"CPNOT\u00cdCIAS\"},\"image\":{\"@id\":\"https:\/\/cleitonpinheiro.com.br\/site\/#\/schema\/logo\/image\/\"},\"sameAs\":[\"https:\/\/www.facebook.com\/portalcpnoticias\/\"]},{\"@type\":\"Person\",\"@id\":\"https:\/\/cleitonpinheiro.com.br\/site\/#\/schema\/person\/8f04544e0bc40a1b68775b08360f87db\",\"name\":\"Reda\u00e7\u00e3o CP\",\"image\":{\"@type\":\"ImageObject\",\"inLanguage\":\"pt-BR\",\"@id\":\"https:\/\/cleitonpinheiro.com.br\/site\/#\/schema\/person\/image\/\",\"url\":\"https:\/\/secure.gravatar.com\/avatar\/0bcf19cb29fdc8fc588c490c7ae1b3e174dac268586a63fbe1d1893a0f9020cd?s=96&r=g\",\"contentUrl\":\"https:\/\/secure.gravatar.com\/avatar\/0bcf19cb29fdc8fc588c490c7ae1b3e174dac268586a63fbe1d1893a0f9020cd?s=96&r=g\",\"caption\":\"Reda\u00e7\u00e3o CP\"},\"url\":\"https:\/\/cleitonpinheiro.com.br\/site\/author\/redacao\/\"}]}<\/script>\n<!-- \/ Yoast SEO plugin. -->","yoast_head_json":{"title":"Torcedor chileno \u00e9 preso ap\u00f3s gestos racistas em jogo no Maracan\u00e3 - PORTAL DE NOT\u00cdCIAS CLEITON PINHEIRO","robots":{"index":"index","follow":"follow","max-snippet":"max-snippet:-1","max-image-preview":"max-image-preview:large","max-video-preview":"max-video-preview:-1"},"canonical":"https:\/\/cleitonpinheiro.com.br\/site\/torcedor-chileno-e-preso-apos-gestos-racistas-em-jogo-no-maracana\/","og_locale":"pt_BR","og_type":"article","og_title":"Torcedor chileno \u00e9 preso ap\u00f3s gestos racistas em jogo no Maracan\u00e3 - PORTAL DE NOT\u00cdCIAS CLEITON PINHEIRO","og_description":"O torcedor chileno Baltazar Martin Garc\u00eas Lopez teve a pris\u00e3o preventiva decretada pela Justi\u00e7a por ter feito gestos racistas contra a torcida do Fluminense durante o jogo entre o time carioca e o Uni\u00f3n Espa\u00f1ola, pela Copa Sul-Americana, nesta quarta-feira (14) no est\u00e1dio do Maracan\u00e3, no Rio de Janeiro.&nbsp; A partida marcou o in\u00edcio da [&hellip;]","og_url":"https:\/\/cleitonpinheiro.com.br\/site\/torcedor-chileno-e-preso-apos-gestos-racistas-em-jogo-no-maracana\/","og_site_name":"PORTAL DE NOT\u00cdCIAS CLEITON PINHEIRO","article_publisher":"https:\/\/www.facebook.com\/portalcpnoticias\/","article_published_time":"2025-05-16T13:36:07+00:00","article_modified_time":"2025-05-16T13:36:14+00:00","og_image":[{"width":1170,"height":700,"url":"https:\/\/cleitonpinheiro.com.br\/site\/wp-content\/uploads\/2025\/05\/908652-a-alma-na\u0303o-tem-cor-na\u0303o-ao-racismo-8974.webp","type":"image\/webp"}],"author":"Reda\u00e7\u00e3o CP","twitter_card":"summary_large_image","twitter_misc":{"Escrito por":"Reda\u00e7\u00e3o CP","Est. tempo de leitura":"3 minutos"},"schema":{"@context":"https:\/\/schema.org","@graph":[{"@type":"Article","@id":"https:\/\/cleitonpinheiro.com.br\/site\/torcedor-chileno-e-preso-apos-gestos-racistas-em-jogo-no-maracana\/#article","isPartOf":{"@id":"https:\/\/cleitonpinheiro.com.br\/site\/torcedor-chileno-e-preso-apos-gestos-racistas-em-jogo-no-maracana\/"},"author":{"name":"Reda\u00e7\u00e3o CP","@id":"https:\/\/cleitonpinheiro.com.br\/site\/#\/schema\/person\/8f04544e0bc40a1b68775b08360f87db"},"headline":"Torcedor chileno \u00e9 preso ap\u00f3s gestos racistas em jogo no Maracan\u00e3","datePublished":"2025-05-16T13:36:07+00:00","dateModified":"2025-05-16T13:36:14+00:00","mainEntityOfPage":{"@id":"https:\/\/cleitonpinheiro.com.br\/site\/torcedor-chileno-e-preso-apos-gestos-racistas-em-jogo-no-maracana\/"},"wordCount":408,"commentCount":0,"publisher":{"@id":"https:\/\/cleitonpinheiro.com.br\/site\/#organization"},"image":{"@id":"https:\/\/cleitonpinheiro.com.br\/site\/torcedor-chileno-e-preso-apos-gestos-racistas-em-jogo-no-maracana\/#primaryimage"},"thumbnailUrl":"https:\/\/cleitonpinheiro.com.br\/site\/wp-content\/uploads\/2025\/05\/908652-a-alma-na\u0303o-tem-cor-na\u0303o-ao-racismo-8974.webp","articleSection":["ESPORTE","MANCHETE SEGUND\u00c1RIA","TODAS NOTICIAS"],"inLanguage":"pt-BR","potentialAction":[{"@type":"CommentAction","name":"Comment","target":["https:\/\/cleitonpinheiro.com.br\/site\/torcedor-chileno-e-preso-apos-gestos-racistas-em-jogo-no-maracana\/#respond"]}]},{"@type":"WebPage","@id":"https:\/\/cleitonpinheiro.com.br\/site\/torcedor-chileno-e-preso-apos-gestos-racistas-em-jogo-no-maracana\/","url":"https:\/\/cleitonpinheiro.com.br\/site\/torcedor-chileno-e-preso-apos-gestos-racistas-em-jogo-no-maracana\/","name":"Torcedor chileno \u00e9 preso ap\u00f3s gestos racistas em jogo no Maracan\u00e3 - PORTAL DE NOT\u00cdCIAS CLEITON PINHEIRO","isPartOf":{"@id":"https:\/\/cleitonpinheiro.com.br\/site\/#website"},"primaryImageOfPage":{"@id":"https:\/\/cleitonpinheiro.com.br\/site\/torcedor-chileno-e-preso-apos-gestos-racistas-em-jogo-no-maracana\/#primaryimage"},"image":{"@id":"https:\/\/cleitonpinheiro.com.br\/site\/torcedor-chileno-e-preso-apos-gestos-racistas-em-jogo-no-maracana\/#primaryimage"},"thumbnailUrl":"https:\/\/cleitonpinheiro.com.br\/site\/wp-content\/uploads\/2025\/05\/908652-a-alma-na\u0303o-tem-cor-na\u0303o-ao-racismo-8974.webp","datePublished":"2025-05-16T13:36:07+00:00","dateModified":"2025-05-16T13:36:14+00:00","breadcrumb":{"@id":"https:\/\/cleitonpinheiro.com.br\/site\/torcedor-chileno-e-preso-apos-gestos-racistas-em-jogo-no-maracana\/#breadcrumb"},"inLanguage":"pt-BR","potentialAction":[{"@type":"ReadAction","target":["https:\/\/cleitonpinheiro.com.br\/site\/torcedor-chileno-e-preso-apos-gestos-racistas-em-jogo-no-maracana\/"]}]},{"@type":"ImageObject","inLanguage":"pt-BR","@id":"https:\/\/cleitonpinheiro.com.br\/site\/torcedor-chileno-e-preso-apos-gestos-racistas-em-jogo-no-maracana\/#primaryimage","url":"https:\/\/cleitonpinheiro.com.br\/site\/wp-content\/uploads\/2025\/05\/908652-a-alma-na\u0303o-tem-cor-na\u0303o-ao-racismo-8974.webp","contentUrl":"https:\/\/cleitonpinheiro.com.br\/site\/wp-content\/uploads\/2025\/05\/908652-a-alma-na\u0303o-tem-cor-na\u0303o-ao-racismo-8974.webp","width":1170,"height":700,"caption":"\u00a9 Tania Rego\/Ag\u00eancia Brasil"},{"@type":"BreadcrumbList","@id":"https:\/\/cleitonpinheiro.com.br\/site\/torcedor-chileno-e-preso-apos-gestos-racistas-em-jogo-no-maracana\/#breadcrumb","itemListElement":[{"@type":"ListItem","position":1,"name":"In\u00edcio","item":"https:\/\/cleitonpinheiro.com.br\/site\/"},{"@type":"ListItem","position":2,"name":"Torcedor chileno \u00e9 preso ap\u00f3s gestos racistas em jogo no Maracan\u00e3"}]},{"@type":"WebSite","@id":"https:\/\/cleitonpinheiro.com.br\/site\/#website","url":"https:\/\/cleitonpinheiro.com.br\/site\/","name":"PORTAL DE NOT\u00cdCIAS CLEITON PINHEIRO","description":"FALANDO A VERDADE","publisher":{"@id":"https:\/\/cleitonpinheiro.com.br\/site\/#organization"},"potentialAction":[{"@type":"SearchAction","target":{"@type":"EntryPoint","urlTemplate":"https:\/\/cleitonpinheiro.com.br\/site\/?s={search_term_string}"},"query-input":{"@type":"PropertyValueSpecification","valueRequired":true,"valueName":"search_term_string"}}],"inLanguage":"pt-BR"},{"@type":"Organization","@id":"https:\/\/cleitonpinheiro.com.br\/site\/#organization","name":"CPNOT\u00cdCIAS","url":"https:\/\/cleitonpinheiro.com.br\/site\/","logo":{"@type":"ImageObject","inLanguage":"pt-BR","@id":"https:\/\/cleitonpinheiro.com.br\/site\/#\/schema\/logo\/image\/","url":"https:\/\/cleitonpinheiro.com.br\/site\/wp-content\/uploads\/2022\/08\/Logo-pequena-2.png","contentUrl":"https:\/\/cleitonpinheiro.com.br\/site\/wp-content\/uploads\/2022\/08\/Logo-pequena-2.png","width":500,"height":500,"caption":"CPNOT\u00cdCIAS"},"image":{"@id":"https:\/\/cleitonpinheiro.com.br\/site\/#\/schema\/logo\/image\/"},"sameAs":["https:\/\/www.facebook.com\/portalcpnoticias\/"]},{"@type":"Person","@id":"https:\/\/cleitonpinheiro.com.br\/site\/#\/schema\/person\/8f04544e0bc40a1b68775b08360f87db","name":"Reda\u00e7\u00e3o CP","image":{"@type":"ImageObject","inLanguage":"pt-BR","@id":"https:\/\/cleitonpinheiro.com.br\/site\/#\/schema\/person\/image\/","url":"https:\/\/secure.gravatar.com\/avatar\/0bcf19cb29fdc8fc588c490c7ae1b3e174dac268586a63fbe1d1893a0f9020cd?s=96&r=g","contentUrl":"https:\/\/secure.gravatar.com\/avatar\/0bcf19cb29fdc8fc588c490c7ae1b3e174dac268586a63fbe1d1893a0f9020cd?s=96&r=g","caption":"Reda\u00e7\u00e3o CP"},"url":"https:\/\/cleitonpinheiro.com.br\/site\/author\/redacao\/"}]}},"views":197,"_links":{"self":[{"href":"https:\/\/cleitonpinheiro.com.br\/site\/wp-json\/wp\/v2\/posts\/85589","targetHints":{"allow":["GET"]}}],"collection":[{"href":"https:\/\/cleitonpinheiro.com.br\/site\/wp-json\/wp\/v2\/posts"}],"about":[{"href":"https:\/\/cleitonpinheiro.com.br\/site\/wp-json\/wp\/v2\/types\/post"}],"author":[{"embeddable":true,"href":"https:\/\/cleitonpinheiro.com.br\/site\/wp-json\/wp\/v2\/users\/13"}],"replies":[{"embeddable":true,"href":"https:\/\/cleitonpinheiro.com.br\/site\/wp-json\/wp\/v2\/comments?post=85589"}],"version-history":[{"count":1,"href":"https:\/\/cleitonpinheiro.com.br\/site\/wp-json\/wp\/v2\/posts\/85589\/revisions"}],"predecessor-version":[{"id":85591,"href":"https:\/\/cleitonpinheiro.com.br\/site\/wp-json\/wp\/v2\/posts\/85589\/revisions\/85591"}],"wp:featuredmedia":[{"embeddable":true,"href":"https:\/\/cleitonpinheiro.com.br\/site\/wp-json\/wp\/v2\/media\/85590"}],"wp:attachment":[{"href":"https:\/\/cleitonpinheiro.com.br\/site\/wp-json\/wp\/v2\/media?parent=85589"}],"wp:term":[{"taxonomy":"category","embeddable":true,"href":"https:\/\/cleitonpinheiro.com.br\/site\/wp-json\/wp\/v2\/categories?post=85589"},{"taxonomy":"post_tag","embeddable":true,"href":"https:\/\/cleitonpinheiro.com.br\/site\/wp-json\/wp\/v2\/tags?post=85589"}],"curies":[{"name":"wp","href":"https:\/\/api.w.org\/{rel}","templated":true}]}}