{"id":85598,"date":"2025-05-21T11:21:37","date_gmt":"2025-05-21T14:21:37","guid":{"rendered":"https:\/\/cleitonpinheiro.com.br\/site\/?p=85598"},"modified":"2025-05-21T11:21:44","modified_gmt":"2025-05-21T14:21:44","slug":"stf-torna-mais-10-reus-pela-trama-golpista-total-chega-a-31","status":"publish","type":"post","link":"https:\/\/cleitonpinheiro.com.br\/site\/stf-torna-mais-10-reus-pela-trama-golpista-total-chega-a-31\/","title":{"rendered":"STF torna mais 10 r\u00e9us pela trama golpista; total chega a 31"},"content":{"rendered":"\n<figure class=\"wp-block-image size-large\"><img fetchpriority=\"high\" decoding=\"async\" width=\"1024\" height=\"613\" src=\"https:\/\/cleitonpinheiro.com.br\/site\/wp-content\/uploads\/2025\/05\/stf_turma01-1024x613.webp\" alt=\"\" class=\"wp-image-85599\" srcset=\"https:\/\/cleitonpinheiro.com.br\/site\/wp-content\/uploads\/2025\/05\/stf_turma01-1024x613.webp 1024w, https:\/\/cleitonpinheiro.com.br\/site\/wp-content\/uploads\/2025\/05\/stf_turma01-300x179.webp 300w, https:\/\/cleitonpinheiro.com.br\/site\/wp-content\/uploads\/2025\/05\/stf_turma01-768x459.webp 768w, https:\/\/cleitonpinheiro.com.br\/site\/wp-content\/uploads\/2025\/05\/stf_turma01.webp 1170w\" sizes=\"(max-width: 1024px) 100vw, 1024px\" \/><figcaption class=\"wp-element-caption\">\u00a9 Rosinei Coutinho\/STF\n<\/figcaption><\/figure>\n\n\n\n<p><strong>Por unanimidade<\/strong>, a&nbsp;<strong>Primeira Turma do Supremo Tribunal Federal (STF) decidiu nesta ter\u00e7a-feira (20) tornar r\u00e9us mais dez denunciados pelo envolvimento no n\u00facleo 3 da trama golpista&nbsp;<\/strong>durante o governo do ex-presidente Jair Bolsonaro.<img decoding=\"async\" src=\"https:\/\/agenciabrasil.ebc.com.br\/ebc.png?id=1643380&amp;o=node\"><img decoding=\"async\" src=\"https:\/\/agenciabrasil.ebc.com.br\/ebc.gif?id=1643380&amp;o=node\"><\/p>\n\n\n\n<p>O<strong>&nbsp;colegiado tamb\u00e9m rejeitou as duas primeiras den\u00fancias da Procuradoria-Geral da Rep\u00fablica (PGR) sobre a tentativa de golpe<\/strong>.<\/p>\n\n\n\n<p>Por falta de provas, os ministros rejeitaram as acusa\u00e7\u00f5es contra o tenente-coronel Cleverson Ney Magalh\u00e3es, ex-assessor do general Estevam Theophilo, e o general Nilton Diniz Rodrigues, ex-assessor do ex-comandante do Ex\u00e9rcito Freire Gomes.&nbsp;<\/p>\n\n\n\n<p>Com a decis\u00e3o,&nbsp;<strong>31 dos 34 denunciados pela procuradoria se tornaram r\u00e9us e v\u00e3o responder pelos crimes de organiza\u00e7\u00e3o criminosa armada, tentativa de aboli\u00e7\u00e3o violenta do Estado Democr\u00e1tico de Direito, golpe de Estado, dano qualificado pela viol\u00eancia e grave amea\u00e7a e deteriora\u00e7\u00e3o de patrim\u00f4nio tombado<\/strong>.<\/p>\n\n\n\n<p><a href=\"https:\/\/www.whatsapp.com\/channel\/0029VaoRTgrInlqYLSk59B2M\" target=\"_blank\" rel=\"noreferrer noopener\">&gt;&gt; Siga o canal da&nbsp;<strong>Ag\u00eancia Brasil&nbsp;<\/strong>no WhatsApp<\/a><\/p>\n\n\n\n<p>Em mar\u00e7o deste ano, o ex-presidente<a href=\"https:\/\/agenciabrasil.ebc.com.br\/justica\/noticia\/2025-04\/stf-publica-acordao-que-tornou-bolsonaro-reu-saiba-proximos-passos\" target=\"_blank\" rel=\"noreferrer noopener\">&nbsp;Jair Bolsonaro e outros sete denunciados foram os primeiros acusados a se tornarem r\u00e9us<\/a>. Eles&nbsp;<strong>fazem parte do n\u00facleo 1 da investiga\u00e7\u00e3o<\/strong>.&nbsp;<\/p>\n\n\n\n<p>Al\u00e9m desse n\u00facleo, j\u00e1&nbsp;<strong>foram julgados os n\u00facleos 2, 3 e 4<\/strong>.&nbsp;<strong>Falta o julgamento contra o n\u00facleo 5<\/strong>, que \u00e9 formado pelo empres\u00e1rio Paulo Figueiredo, neto de Jo\u00e3o Figueiredo, \u00faltimo presidente da Rep\u00fablica no per\u00edodo da ditadura militar. Ele mora dos Estados Unidos, n\u00e3o apresentou defesa no processo e pode ser julgado \u00e0 revelia.<\/p>\n\n\n\n<h2 class=\"wp-block-heading\">N\u00facleo 3<\/h2>\n\n\n\n<p>Durante o julgamento, por unanimidade, os&nbsp;<strong>ministros da Primeira Turma aceitaram den\u00fancia da PGR contra nove militares do Ex\u00e9rcito e um policial federal<\/strong>. O<strong>&nbsp;colegiado concordou que h\u00e1 ind\u00edcios de que os acusados planejaram a\u00e7\u00f5es para efetivar o plano golpista de Bolsonaro<\/strong>.<\/p>\n\n\n\n<p>Parte dos militares fazia parte das for\u00e7as especiais do Ex\u00e9rcito, grupo conhecido como kids pretos.&nbsp;<\/p>\n\n\n\n<p><strong>Com a decis\u00e3o, se tornaram r\u00e9us os seguintes acusados:&nbsp;<\/strong><\/p>\n\n\n\n<ul class=\"wp-block-list\">\n<li>Bernardo Rom\u00e3o Correa Netto (coronel);<\/li>\n\n\n\n<li>Estevam Theophilo (general);<\/li>\n\n\n\n<li>Fabr\u00edcio Moreira de Bastos (coronel);<\/li>\n\n\n\n<li>H\u00e9lio Ferreira (tenente-coronel);<\/li>\n\n\n\n<li>M\u00e1rcio Nunes de Resende J\u00fanior (coronel);<\/li>\n\n\n\n<li>Rafael Martins de Oliveira (tenente-coronel);<\/li>\n\n\n\n<li>Rodrigo Bezerra de Azevedo (tenente-coronel);<\/li>\n\n\n\n<li>Ronald Ferreira de Ara\u00fajo J\u00fanior (tenente-coronel);<\/li>\n\n\n\n<li>S\u00e9rgio Ricardo Cavaliere de Medeiros (tenente-coronel);<\/li>\n\n\n\n<li>Wladimir Matos Soares (policial federal).<\/li>\n<\/ul>\n\n\n\n<h2 class=\"wp-block-heading\">Relator&nbsp;<\/h2>\n\n\n\n<p>O&nbsp;<strong>placar un\u00e2nime do julgamento foi obtido com o voto do relator, ministro Alexandre de Moraes<\/strong>, e dos&nbsp;<strong>ministros Fl\u00e1vio Dino, Luiz Fux, C\u00e1rmen L\u00facia e Cristiano Zanin<\/strong>.&nbsp;<\/p>\n\n\n\n<p>Para&nbsp;<strong>Moraes<\/strong>, a&nbsp;<strong>acusa\u00e7\u00e3o conseguiu apontar ind\u00edcios de que houve mobiliza\u00e7\u00e3o dos acusados para efetiva\u00e7\u00e3o de a\u00e7\u00f5es em prol da tentativa golpista<\/strong>.&nbsp;<\/p>\n\n\n\n<p>O ministro citou&nbsp;<strong>reuni\u00f5es entre os kids pretos para elabora\u00e7\u00e3o de estrat\u00e9gias para pressionar os comandantes das For\u00e7as Armadas<\/strong>&nbsp;a aderirem \u00e0 trama golpista.&nbsp;<\/p>\n\n\n\n<blockquote class=\"wp-block-quote is-layout-flow wp-block-quote-is-layout-flow\">\n<p>&#8220;N\u00e3o era uma reuni\u00e3o de amigos como foi dito [pelas defesas], conversa de bar, jogar conversa fora. Na verdade, era para jogar a democracia fora&#8221;, disse.<\/p>\n<\/blockquote>\n\n\n\n<p>Al\u00e9m disso, Moraes mencionou&nbsp;outra&nbsp;<strong>reuni\u00e3o entre o chefe de opera\u00e7\u00f5es terrestres do Ex\u00e9rcito, general Estevam Theophilo, um dos r\u00e9us, e Bolsonaro, no final de 2022<\/strong>, dois dias ap\u00f3s o ent\u00e3o comandante do Ex\u00e9rcito, general Freire Gomes, se recusar a aderir \u00e0 tentativa golpista.&nbsp;<\/p>\n\n\n\n<p>Segundo o ministro, n\u00e3o \u00e9 normal o presidente da Rep\u00fablica se reunir com chefes de departamentos das For\u00e7as Armadas. No&nbsp;<strong>entendimento de Moraes, Bolsonaro tentou cooptar o general para obter apoio ao golpe<\/strong>.&nbsp;<\/p>\n\n\n\n<blockquote class=\"wp-block-quote is-layout-flow wp-block-quote-is-layout-flow\">\n<p>&#8220;Quem se re\u00fane com o presidente \u00e9 o comandante do Ex\u00e9rcito. \u00c9 o comandante da for\u00e7a que se re\u00fane com o presidente&#8221;, concluiu.&nbsp;<\/p>\n<\/blockquote>\n\n\n\n<h2 class=\"wp-block-heading\">Pr\u00f3ximas etapas<\/h2>\n\n\n\n<p>Com a<strong>&nbsp;aceita\u00e7\u00e3o da den\u00fancia<\/strong>,&nbsp;<strong>ser\u00e1 aberta uma a\u00e7\u00e3o penal na Corte<\/strong>. A&nbsp;<strong>abertura marca o in\u00edcio a instru\u00e7\u00e3o processual<\/strong>, fase na qual os&nbsp;<strong>advogados poder\u00e3o indicar testemunhas e pedir a produ\u00e7\u00e3o de novas provas para comprovarem as teses de defesa<\/strong>.<\/p>\n\n\n\n<p>Os&nbsp;<strong>acusados tamb\u00e9m ser\u00e3o interrogados ao final dessa fase<\/strong>. Os trabalhos ser\u00e3o conduzidos pelo gabinete do ministro Alexandre de Moraes, relator do caso.<\/p>\n\n\n\n<p>Ap\u00f3s o fim da instru\u00e7\u00e3o, o julgamento ser\u00e1 marcado, e os ministros v\u00e3o decidir se o ex-presidente e os demais acusados ser\u00e3o condenados \u00e0 pris\u00e3o ou absolvidos.&nbsp;<strong>N\u00e3o h\u00e1 data definida para o julgamento<\/strong>.<\/p>\n\n\n\n<p>Em caso de condena\u00e7\u00e3o, a&nbsp;<strong>soma das penas para os crimes passa de 30 anos de pris\u00e3o<\/strong>.<\/p>\n\n\n\n<h2 class=\"wp-block-heading\">Defesas<\/h2>\n\n\n\n<p>Durante o julgamento, as&nbsp;<a href=\"http:\/\/%20https\/\/agenciabrasil.ebc.com.br\/justica\/noticia\/2025-05\/defesas-de-acusados-do-nucleo-3-dizem-que-pgr-nao-apresentou-provas\" target=\"_blank\" rel=\"noreferrer noopener\">defesas dos r\u00e9us negaram as acusa\u00e7\u00f5es e sustentaram que a PGR n\u00e3o apresentou provas<\/a>.&nbsp;<\/p>\n","protected":false},"excerpt":{"rendered":"<p>Por unanimidade, a&nbsp;Primeira Turma do Supremo Tribunal Federal (STF) decidiu nesta ter\u00e7a-feira (20) tornar r\u00e9us mais dez denunciados pelo envolvimento no n\u00facleo 3 da trama golpista&nbsp;durante o governo do ex-presidente Jair Bolsonaro. O&nbsp;colegiado tamb\u00e9m rejeitou as duas primeiras den\u00fancias da Procuradoria-Geral da Rep\u00fablica (PGR) sobre a tentativa de golpe. Por falta de provas, os ministros [&hellip;]<\/p>\n","protected":false},"author":13,"featured_media":85599,"comment_status":"open","ping_status":"open","sticky":false,"template":"","format":"standard","meta":{"_acf_changed":false,"footnotes":""},"categories":[898,23,21],"tags":[],"class_list":["post-85598","post","type-post","status-publish","format-standard","has-post-thumbnail","hentry","category-manchete-segundaria","category-politica","category-todas-noticias"],"acf":[],"yoast_head":"<!-- This site is optimized with the Yoast SEO plugin v24.4 - https:\/\/yoast.com\/wordpress\/plugins\/seo\/ -->\n<title>STF torna mais 10 r\u00e9us pela trama golpista; total chega a 31 - PORTAL DE NOT\u00cdCIAS CLEITON PINHEIRO<\/title>\n<meta name=\"robots\" content=\"index, follow, max-snippet:-1, max-image-preview:large, max-video-preview:-1\" \/>\n<link rel=\"canonical\" href=\"https:\/\/cleitonpinheiro.com.br\/site\/stf-torna-mais-10-reus-pela-trama-golpista-total-chega-a-31\/\" \/>\n<meta property=\"og:locale\" content=\"pt_BR\" \/>\n<meta property=\"og:type\" content=\"article\" \/>\n<meta property=\"og:title\" content=\"STF torna mais 10 r\u00e9us pela trama golpista; total chega a 31 - PORTAL DE NOT\u00cdCIAS CLEITON PINHEIRO\" \/>\n<meta property=\"og:description\" content=\"Por unanimidade, a&nbsp;Primeira Turma do Supremo Tribunal Federal (STF) decidiu nesta ter\u00e7a-feira (20) tornar r\u00e9us mais dez denunciados pelo envolvimento no n\u00facleo 3 da trama golpista&nbsp;durante o governo do ex-presidente Jair Bolsonaro. O&nbsp;colegiado tamb\u00e9m rejeitou as duas primeiras den\u00fancias da Procuradoria-Geral da Rep\u00fablica (PGR) sobre a tentativa de golpe. Por falta de provas, os ministros [&hellip;]\" \/>\n<meta property=\"og:url\" content=\"https:\/\/cleitonpinheiro.com.br\/site\/stf-torna-mais-10-reus-pela-trama-golpista-total-chega-a-31\/\" \/>\n<meta property=\"og:site_name\" content=\"PORTAL DE NOT\u00cdCIAS CLEITON PINHEIRO\" \/>\n<meta property=\"article:publisher\" content=\"https:\/\/www.facebook.com\/portalcpnoticias\/\" \/>\n<meta property=\"article:published_time\" content=\"2025-05-21T14:21:37+00:00\" \/>\n<meta property=\"article:modified_time\" content=\"2025-05-21T14:21:44+00:00\" \/>\n<meta property=\"og:image\" content=\"https:\/\/cleitonpinheiro.com.br\/site\/wp-content\/uploads\/2025\/05\/stf_turma01.webp\" \/>\n\t<meta property=\"og:image:width\" content=\"1170\" \/>\n\t<meta property=\"og:image:height\" content=\"700\" \/>\n\t<meta property=\"og:image:type\" content=\"image\/webp\" \/>\n<meta name=\"author\" content=\"Reda\u00e7\u00e3o CP\" \/>\n<meta name=\"twitter:card\" content=\"summary_large_image\" \/>\n<meta name=\"twitter:label1\" content=\"Escrito por\" \/>\n\t<meta name=\"twitter:data1\" content=\"Reda\u00e7\u00e3o CP\" \/>\n\t<meta name=\"twitter:label2\" content=\"Est. tempo de leitura\" \/>\n\t<meta name=\"twitter:data2\" content=\"5 minutos\" \/>\n<script type=\"application\/ld+json\" class=\"yoast-schema-graph\">{\"@context\":\"https:\/\/schema.org\",\"@graph\":[{\"@type\":\"Article\",\"@id\":\"https:\/\/cleitonpinheiro.com.br\/site\/stf-torna-mais-10-reus-pela-trama-golpista-total-chega-a-31\/#article\",\"isPartOf\":{\"@id\":\"https:\/\/cleitonpinheiro.com.br\/site\/stf-torna-mais-10-reus-pela-trama-golpista-total-chega-a-31\/\"},\"author\":{\"name\":\"Reda\u00e7\u00e3o CP\",\"@id\":\"https:\/\/cleitonpinheiro.com.br\/site\/#\/schema\/person\/8f04544e0bc40a1b68775b08360f87db\"},\"headline\":\"STF torna mais 10 r\u00e9us pela trama golpista; total chega a 31\",\"datePublished\":\"2025-05-21T14:21:37+00:00\",\"dateModified\":\"2025-05-21T14:21:44+00:00\",\"mainEntityOfPage\":{\"@id\":\"https:\/\/cleitonpinheiro.com.br\/site\/stf-torna-mais-10-reus-pela-trama-golpista-total-chega-a-31\/\"},\"wordCount\":814,\"commentCount\":0,\"publisher\":{\"@id\":\"https:\/\/cleitonpinheiro.com.br\/site\/#organization\"},\"image\":{\"@id\":\"https:\/\/cleitonpinheiro.com.br\/site\/stf-torna-mais-10-reus-pela-trama-golpista-total-chega-a-31\/#primaryimage\"},\"thumbnailUrl\":\"https:\/\/cleitonpinheiro.com.br\/site\/wp-content\/uploads\/2025\/05\/stf_turma01.webp\",\"articleSection\":[\"MANCHETE SEGUND\u00c1RIA\",\"POL\u00cdTICA\",\"TODAS NOTICIAS\"],\"inLanguage\":\"pt-BR\",\"potentialAction\":[{\"@type\":\"CommentAction\",\"name\":\"Comment\",\"target\":[\"https:\/\/cleitonpinheiro.com.br\/site\/stf-torna-mais-10-reus-pela-trama-golpista-total-chega-a-31\/#respond\"]}]},{\"@type\":\"WebPage\",\"@id\":\"https:\/\/cleitonpinheiro.com.br\/site\/stf-torna-mais-10-reus-pela-trama-golpista-total-chega-a-31\/\",\"url\":\"https:\/\/cleitonpinheiro.com.br\/site\/stf-torna-mais-10-reus-pela-trama-golpista-total-chega-a-31\/\",\"name\":\"STF torna mais 10 r\u00e9us pela trama golpista; total chega a 31 - PORTAL DE NOT\u00cdCIAS CLEITON PINHEIRO\",\"isPartOf\":{\"@id\":\"https:\/\/cleitonpinheiro.com.br\/site\/#website\"},\"primaryImageOfPage\":{\"@id\":\"https:\/\/cleitonpinheiro.com.br\/site\/stf-torna-mais-10-reus-pela-trama-golpista-total-chega-a-31\/#primaryimage\"},\"image\":{\"@id\":\"https:\/\/cleitonpinheiro.com.br\/site\/stf-torna-mais-10-reus-pela-trama-golpista-total-chega-a-31\/#primaryimage\"},\"thumbnailUrl\":\"https:\/\/cleitonpinheiro.com.br\/site\/wp-content\/uploads\/2025\/05\/stf_turma01.webp\",\"datePublished\":\"2025-05-21T14:21:37+00:00\",\"dateModified\":\"2025-05-21T14:21:44+00:00\",\"breadcrumb\":{\"@id\":\"https:\/\/cleitonpinheiro.com.br\/site\/stf-torna-mais-10-reus-pela-trama-golpista-total-chega-a-31\/#breadcrumb\"},\"inLanguage\":\"pt-BR\",\"potentialAction\":[{\"@type\":\"ReadAction\",\"target\":[\"https:\/\/cleitonpinheiro.com.br\/site\/stf-torna-mais-10-reus-pela-trama-golpista-total-chega-a-31\/\"]}]},{\"@type\":\"ImageObject\",\"inLanguage\":\"pt-BR\",\"@id\":\"https:\/\/cleitonpinheiro.com.br\/site\/stf-torna-mais-10-reus-pela-trama-golpista-total-chega-a-31\/#primaryimage\",\"url\":\"https:\/\/cleitonpinheiro.com.br\/site\/wp-content\/uploads\/2025\/05\/stf_turma01.webp\",\"contentUrl\":\"https:\/\/cleitonpinheiro.com.br\/site\/wp-content\/uploads\/2025\/05\/stf_turma01.webp\",\"width\":1170,\"height\":700,\"caption\":\"\u00a9 Rosinei Coutinho\/STF\"},{\"@type\":\"BreadcrumbList\",\"@id\":\"https:\/\/cleitonpinheiro.com.br\/site\/stf-torna-mais-10-reus-pela-trama-golpista-total-chega-a-31\/#breadcrumb\",\"itemListElement\":[{\"@type\":\"ListItem\",\"position\":1,\"name\":\"In\u00edcio\",\"item\":\"https:\/\/cleitonpinheiro.com.br\/site\/\"},{\"@type\":\"ListItem\",\"position\":2,\"name\":\"STF torna mais 10 r\u00e9us pela trama golpista; total chega a 31\"}]},{\"@type\":\"WebSite\",\"@id\":\"https:\/\/cleitonpinheiro.com.br\/site\/#website\",\"url\":\"https:\/\/cleitonpinheiro.com.br\/site\/\",\"name\":\"PORTAL DE NOT\u00cdCIAS CLEITON PINHEIRO\",\"description\":\"FALANDO A VERDADE\",\"publisher\":{\"@id\":\"https:\/\/cleitonpinheiro.com.br\/site\/#organization\"},\"potentialAction\":[{\"@type\":\"SearchAction\",\"target\":{\"@type\":\"EntryPoint\",\"urlTemplate\":\"https:\/\/cleitonpinheiro.com.br\/site\/?s={search_term_string}\"},\"query-input\":{\"@type\":\"PropertyValueSpecification\",\"valueRequired\":true,\"valueName\":\"search_term_string\"}}],\"inLanguage\":\"pt-BR\"},{\"@type\":\"Organization\",\"@id\":\"https:\/\/cleitonpinheiro.com.br\/site\/#organization\",\"name\":\"CPNOT\u00cdCIAS\",\"url\":\"https:\/\/cleitonpinheiro.com.br\/site\/\",\"logo\":{\"@type\":\"ImageObject\",\"inLanguage\":\"pt-BR\",\"@id\":\"https:\/\/cleitonpinheiro.com.br\/site\/#\/schema\/logo\/image\/\",\"url\":\"https:\/\/cleitonpinheiro.com.br\/site\/wp-content\/uploads\/2022\/08\/Logo-pequena-2.png\",\"contentUrl\":\"https:\/\/cleitonpinheiro.com.br\/site\/wp-content\/uploads\/2022\/08\/Logo-pequena-2.png\",\"width\":500,\"height\":500,\"caption\":\"CPNOT\u00cdCIAS\"},\"image\":{\"@id\":\"https:\/\/cleitonpinheiro.com.br\/site\/#\/schema\/logo\/image\/\"},\"sameAs\":[\"https:\/\/www.facebook.com\/portalcpnoticias\/\"]},{\"@type\":\"Person\",\"@id\":\"https:\/\/cleitonpinheiro.com.br\/site\/#\/schema\/person\/8f04544e0bc40a1b68775b08360f87db\",\"name\":\"Reda\u00e7\u00e3o CP\",\"image\":{\"@type\":\"ImageObject\",\"inLanguage\":\"pt-BR\",\"@id\":\"https:\/\/cleitonpinheiro.com.br\/site\/#\/schema\/person\/image\/\",\"url\":\"https:\/\/secure.gravatar.com\/avatar\/0bcf19cb29fdc8fc588c490c7ae1b3e174dac268586a63fbe1d1893a0f9020cd?s=96&r=g\",\"contentUrl\":\"https:\/\/secure.gravatar.com\/avatar\/0bcf19cb29fdc8fc588c490c7ae1b3e174dac268586a63fbe1d1893a0f9020cd?s=96&r=g\",\"caption\":\"Reda\u00e7\u00e3o CP\"},\"url\":\"https:\/\/cleitonpinheiro.com.br\/site\/author\/redacao\/\"}]}<\/script>\n<!-- \/ Yoast SEO plugin. -->","yoast_head_json":{"title":"STF torna mais 10 r\u00e9us pela trama golpista; total chega a 31 - PORTAL DE NOT\u00cdCIAS CLEITON PINHEIRO","robots":{"index":"index","follow":"follow","max-snippet":"max-snippet:-1","max-image-preview":"max-image-preview:large","max-video-preview":"max-video-preview:-1"},"canonical":"https:\/\/cleitonpinheiro.com.br\/site\/stf-torna-mais-10-reus-pela-trama-golpista-total-chega-a-31\/","og_locale":"pt_BR","og_type":"article","og_title":"STF torna mais 10 r\u00e9us pela trama golpista; total chega a 31 - PORTAL DE NOT\u00cdCIAS CLEITON PINHEIRO","og_description":"Por unanimidade, a&nbsp;Primeira Turma do Supremo Tribunal Federal (STF) decidiu nesta ter\u00e7a-feira (20) tornar r\u00e9us mais dez denunciados pelo envolvimento no n\u00facleo 3 da trama golpista&nbsp;durante o governo do ex-presidente Jair Bolsonaro. O&nbsp;colegiado tamb\u00e9m rejeitou as duas primeiras den\u00fancias da Procuradoria-Geral da Rep\u00fablica (PGR) sobre a tentativa de golpe. Por falta de provas, os ministros [&hellip;]","og_url":"https:\/\/cleitonpinheiro.com.br\/site\/stf-torna-mais-10-reus-pela-trama-golpista-total-chega-a-31\/","og_site_name":"PORTAL DE NOT\u00cdCIAS CLEITON PINHEIRO","article_publisher":"https:\/\/www.facebook.com\/portalcpnoticias\/","article_published_time":"2025-05-21T14:21:37+00:00","article_modified_time":"2025-05-21T14:21:44+00:00","og_image":[{"width":1170,"height":700,"url":"https:\/\/cleitonpinheiro.com.br\/site\/wp-content\/uploads\/2025\/05\/stf_turma01.webp","type":"image\/webp"}],"author":"Reda\u00e7\u00e3o CP","twitter_card":"summary_large_image","twitter_misc":{"Escrito por":"Reda\u00e7\u00e3o CP","Est. tempo de leitura":"5 minutos"},"schema":{"@context":"https:\/\/schema.org","@graph":[{"@type":"Article","@id":"https:\/\/cleitonpinheiro.com.br\/site\/stf-torna-mais-10-reus-pela-trama-golpista-total-chega-a-31\/#article","isPartOf":{"@id":"https:\/\/cleitonpinheiro.com.br\/site\/stf-torna-mais-10-reus-pela-trama-golpista-total-chega-a-31\/"},"author":{"name":"Reda\u00e7\u00e3o CP","@id":"https:\/\/cleitonpinheiro.com.br\/site\/#\/schema\/person\/8f04544e0bc40a1b68775b08360f87db"},"headline":"STF torna mais 10 r\u00e9us pela trama golpista; total chega a 31","datePublished":"2025-05-21T14:21:37+00:00","dateModified":"2025-05-21T14:21:44+00:00","mainEntityOfPage":{"@id":"https:\/\/cleitonpinheiro.com.br\/site\/stf-torna-mais-10-reus-pela-trama-golpista-total-chega-a-31\/"},"wordCount":814,"commentCount":0,"publisher":{"@id":"https:\/\/cleitonpinheiro.com.br\/site\/#organization"},"image":{"@id":"https:\/\/cleitonpinheiro.com.br\/site\/stf-torna-mais-10-reus-pela-trama-golpista-total-chega-a-31\/#primaryimage"},"thumbnailUrl":"https:\/\/cleitonpinheiro.com.br\/site\/wp-content\/uploads\/2025\/05\/stf_turma01.webp","articleSection":["MANCHETE SEGUND\u00c1RIA","POL\u00cdTICA","TODAS NOTICIAS"],"inLanguage":"pt-BR","potentialAction":[{"@type":"CommentAction","name":"Comment","target":["https:\/\/cleitonpinheiro.com.br\/site\/stf-torna-mais-10-reus-pela-trama-golpista-total-chega-a-31\/#respond"]}]},{"@type":"WebPage","@id":"https:\/\/cleitonpinheiro.com.br\/site\/stf-torna-mais-10-reus-pela-trama-golpista-total-chega-a-31\/","url":"https:\/\/cleitonpinheiro.com.br\/site\/stf-torna-mais-10-reus-pela-trama-golpista-total-chega-a-31\/","name":"STF torna mais 10 r\u00e9us pela trama golpista; total chega a 31 - PORTAL DE NOT\u00cdCIAS CLEITON PINHEIRO","isPartOf":{"@id":"https:\/\/cleitonpinheiro.com.br\/site\/#website"},"primaryImageOfPage":{"@id":"https:\/\/cleitonpinheiro.com.br\/site\/stf-torna-mais-10-reus-pela-trama-golpista-total-chega-a-31\/#primaryimage"},"image":{"@id":"https:\/\/cleitonpinheiro.com.br\/site\/stf-torna-mais-10-reus-pela-trama-golpista-total-chega-a-31\/#primaryimage"},"thumbnailUrl":"https:\/\/cleitonpinheiro.com.br\/site\/wp-content\/uploads\/2025\/05\/stf_turma01.webp","datePublished":"2025-05-21T14:21:37+00:00","dateModified":"2025-05-21T14:21:44+00:00","breadcrumb":{"@id":"https:\/\/cleitonpinheiro.com.br\/site\/stf-torna-mais-10-reus-pela-trama-golpista-total-chega-a-31\/#breadcrumb"},"inLanguage":"pt-BR","potentialAction":[{"@type":"ReadAction","target":["https:\/\/cleitonpinheiro.com.br\/site\/stf-torna-mais-10-reus-pela-trama-golpista-total-chega-a-31\/"]}]},{"@type":"ImageObject","inLanguage":"pt-BR","@id":"https:\/\/cleitonpinheiro.com.br\/site\/stf-torna-mais-10-reus-pela-trama-golpista-total-chega-a-31\/#primaryimage","url":"https:\/\/cleitonpinheiro.com.br\/site\/wp-content\/uploads\/2025\/05\/stf_turma01.webp","contentUrl":"https:\/\/cleitonpinheiro.com.br\/site\/wp-content\/uploads\/2025\/05\/stf_turma01.webp","width":1170,"height":700,"caption":"\u00a9 Rosinei Coutinho\/STF"},{"@type":"BreadcrumbList","@id":"https:\/\/cleitonpinheiro.com.br\/site\/stf-torna-mais-10-reus-pela-trama-golpista-total-chega-a-31\/#breadcrumb","itemListElement":[{"@type":"ListItem","position":1,"name":"In\u00edcio","item":"https:\/\/cleitonpinheiro.com.br\/site\/"},{"@type":"ListItem","position":2,"name":"STF torna mais 10 r\u00e9us pela trama golpista; total chega a 31"}]},{"@type":"WebSite","@id":"https:\/\/cleitonpinheiro.com.br\/site\/#website","url":"https:\/\/cleitonpinheiro.com.br\/site\/","name":"PORTAL DE NOT\u00cdCIAS CLEITON PINHEIRO","description":"FALANDO A VERDADE","publisher":{"@id":"https:\/\/cleitonpinheiro.com.br\/site\/#organization"},"potentialAction":[{"@type":"SearchAction","target":{"@type":"EntryPoint","urlTemplate":"https:\/\/cleitonpinheiro.com.br\/site\/?s={search_term_string}"},"query-input":{"@type":"PropertyValueSpecification","valueRequired":true,"valueName":"search_term_string"}}],"inLanguage":"pt-BR"},{"@type":"Organization","@id":"https:\/\/cleitonpinheiro.com.br\/site\/#organization","name":"CPNOT\u00cdCIAS","url":"https:\/\/cleitonpinheiro.com.br\/site\/","logo":{"@type":"ImageObject","inLanguage":"pt-BR","@id":"https:\/\/cleitonpinheiro.com.br\/site\/#\/schema\/logo\/image\/","url":"https:\/\/cleitonpinheiro.com.br\/site\/wp-content\/uploads\/2022\/08\/Logo-pequena-2.png","contentUrl":"https:\/\/cleitonpinheiro.com.br\/site\/wp-content\/uploads\/2022\/08\/Logo-pequena-2.png","width":500,"height":500,"caption":"CPNOT\u00cdCIAS"},"image":{"@id":"https:\/\/cleitonpinheiro.com.br\/site\/#\/schema\/logo\/image\/"},"sameAs":["https:\/\/www.facebook.com\/portalcpnoticias\/"]},{"@type":"Person","@id":"https:\/\/cleitonpinheiro.com.br\/site\/#\/schema\/person\/8f04544e0bc40a1b68775b08360f87db","name":"Reda\u00e7\u00e3o CP","image":{"@type":"ImageObject","inLanguage":"pt-BR","@id":"https:\/\/cleitonpinheiro.com.br\/site\/#\/schema\/person\/image\/","url":"https:\/\/secure.gravatar.com\/avatar\/0bcf19cb29fdc8fc588c490c7ae1b3e174dac268586a63fbe1d1893a0f9020cd?s=96&r=g","contentUrl":"https:\/\/secure.gravatar.com\/avatar\/0bcf19cb29fdc8fc588c490c7ae1b3e174dac268586a63fbe1d1893a0f9020cd?s=96&r=g","caption":"Reda\u00e7\u00e3o CP"},"url":"https:\/\/cleitonpinheiro.com.br\/site\/author\/redacao\/"}]}},"views":151,"_links":{"self":[{"href":"https:\/\/cleitonpinheiro.com.br\/site\/wp-json\/wp\/v2\/posts\/85598","targetHints":{"allow":["GET"]}}],"collection":[{"href":"https:\/\/cleitonpinheiro.com.br\/site\/wp-json\/wp\/v2\/posts"}],"about":[{"href":"https:\/\/cleitonpinheiro.com.br\/site\/wp-json\/wp\/v2\/types\/post"}],"author":[{"embeddable":true,"href":"https:\/\/cleitonpinheiro.com.br\/site\/wp-json\/wp\/v2\/users\/13"}],"replies":[{"embeddable":true,"href":"https:\/\/cleitonpinheiro.com.br\/site\/wp-json\/wp\/v2\/comments?post=85598"}],"version-history":[{"count":1,"href":"https:\/\/cleitonpinheiro.com.br\/site\/wp-json\/wp\/v2\/posts\/85598\/revisions"}],"predecessor-version":[{"id":85600,"href":"https:\/\/cleitonpinheiro.com.br\/site\/wp-json\/wp\/v2\/posts\/85598\/revisions\/85600"}],"wp:featuredmedia":[{"embeddable":true,"href":"https:\/\/cleitonpinheiro.com.br\/site\/wp-json\/wp\/v2\/media\/85599"}],"wp:attachment":[{"href":"https:\/\/cleitonpinheiro.com.br\/site\/wp-json\/wp\/v2\/media?parent=85598"}],"wp:term":[{"taxonomy":"category","embeddable":true,"href":"https:\/\/cleitonpinheiro.com.br\/site\/wp-json\/wp\/v2\/categories?post=85598"},{"taxonomy":"post_tag","embeddable":true,"href":"https:\/\/cleitonpinheiro.com.br\/site\/wp-json\/wp\/v2\/tags?post=85598"}],"curies":[{"name":"wp","href":"https:\/\/api.w.org\/{rel}","templated":true}]}}