{"id":85601,"date":"2025-05-21T13:37:54","date_gmt":"2025-05-21T16:37:54","guid":{"rendered":"https:\/\/cleitonpinheiro.com.br\/site\/?p=85601"},"modified":"2025-05-23T10:58:44","modified_gmt":"2025-05-23T13:58:44","slug":"prefeitura-de-palmas-prorroga-gratuidade-da-tarifa-do-transporte-coletivo-ate-dia-25","status":"publish","type":"post","link":"https:\/\/cleitonpinheiro.com.br\/site\/prefeitura-de-palmas-prorroga-gratuidade-da-tarifa-do-transporte-coletivo-ate-dia-25\/","title":{"rendered":"Prefeitura de Palmas prorroga gratuidade da tarifa do transporte coletivo at\u00e9 dia 25"},"content":{"rendered":"\n<h2 class=\"wp-block-heading\"><em>Atendimento para emiss\u00e3o dos cart\u00f5es segue no Espa\u00e7o Cultural; nova tarifa, no valor de R$ 4,85, come\u00e7a a ser cobrada no dia 26 de maio<\/em><\/h2>\n\n\n\n<figure class=\"wp-block-image size-large\"><img fetchpriority=\"high\" decoding=\"async\" width=\"1024\" height=\"683\" src=\"https:\/\/cleitonpinheiro.com.br\/site\/wp-content\/uploads\/2025\/05\/Prefeito-Eduardo-Siqueira-Campos-entrega-novos-onibus-Foto-Lia-Mara-13-2048x1365-1-1024x683.jpg\" alt=\"\" class=\"wp-image-85441\" srcset=\"https:\/\/cleitonpinheiro.com.br\/site\/wp-content\/uploads\/2025\/05\/Prefeito-Eduardo-Siqueira-Campos-entrega-novos-onibus-Foto-Lia-Mara-13-2048x1365-1-1024x683.jpg 1024w, https:\/\/cleitonpinheiro.com.br\/site\/wp-content\/uploads\/2025\/05\/Prefeito-Eduardo-Siqueira-Campos-entrega-novos-onibus-Foto-Lia-Mara-13-2048x1365-1-300x200.jpg 300w, https:\/\/cleitonpinheiro.com.br\/site\/wp-content\/uploads\/2025\/05\/Prefeito-Eduardo-Siqueira-Campos-entrega-novos-onibus-Foto-Lia-Mara-13-2048x1365-1-768x512.jpg 768w, https:\/\/cleitonpinheiro.com.br\/site\/wp-content\/uploads\/2025\/05\/Prefeito-Eduardo-Siqueira-Campos-entrega-novos-onibus-Foto-Lia-Mara-13-2048x1365-1-1536x1024.jpg 1536w, https:\/\/cleitonpinheiro.com.br\/site\/wp-content\/uploads\/2025\/05\/Prefeito-Eduardo-Siqueira-Campos-entrega-novos-onibus-Foto-Lia-Mara-13-2048x1365-1.jpg 2048w\" sizes=\"(max-width: 1024px) 100vw, 1024px\" \/><figcaption class=\"wp-element-caption\">Foto: Lia Mara<\/figcaption><\/figure>\n\n\n\n<p>O prefeito de Palmas, Eduardo Siqueira Campos, determinou a prorroga\u00e7\u00e3o da gratuidade da tarifa do transporte coletivo at\u00e9 domingo, 25 de maio. A cobran\u00e7a, no valor de R$ 4,85, come\u00e7a no dia seguinte. O an\u00fancio foi feito nesta ter\u00e7a-feira, 20, data em que a Capital comemora 36 anos.<\/p>\n\n\n\n<p>A gratuidade \u00e9 para que todos os usu\u00e1rios do transporte coletivo fa\u00e7am o cadastro e solicitem a emiss\u00e3o do novo cart\u00e3o, sem qualquer preju\u00edzo. At\u00e9 esta segunda-feira, 19, mais de 31 mil (31.190) carteirinhas j\u00e1 haviam sido emitidas.<\/p>\n\n\n\n<p><strong>Pontos de atendimento<br><\/strong>Para atendimento ao usu\u00e1rio, uma estrutura foi montada com tendas, cadeiras, \u00e1gua, ar-condicionado, no Espa\u00e7o Cultural Jos\u00e9 Gomes Sobrinho, e deve permanecer at\u00e9 o dia 31 de maio, com o servi\u00e7o das 8 \u00e0s 18 horas. No Resolve Palmas de Taquaralto tamb\u00e9m \u00e9 poss\u00edvel solicitar o cart\u00e3o, no mesmo hor\u00e1rio. Idosos e pessoas com defici\u00eancia t\u00eam atendimento exclusivo na sede da Ag\u00eancia de Transporte Coletivo de Palmas (ATCP), de segunda a sexta-feira, das 8 \u00e0s 16 horas. Empresas que oferecem vale-transporte podem fazer o cadastro de forma on-line, por meio deste<a href=\"https:\/\/salesportal.palmas.prodatamobility.com.br\/login\/\">&nbsp;link<\/a>, ou podem ir tamb\u00e9m at\u00e9 a ATCP.<\/p>\n\n\n\n<p><strong>Documentos<br><\/strong>Para realizar o cadastro, o usu\u00e1rio deve apresentar um documento de identifica\u00e7\u00e3o e um comprovante de endere\u00e7o. Os estudantes, al\u00e9m disso, precisam levar uma c\u00f3pia da declara\u00e7\u00e3o de matr\u00edcula da escola.<strong><\/strong><\/p>\n\n\n\n<p><strong>Cr\u00e9dito<\/strong><br>J\u00e1 em rela\u00e7\u00e3o aos cr\u00e9ditos, a Ag\u00eancia de Transporte Coletivo de Palmas (ATCP) ressalta que a transfer\u00eancia est\u00e1 sendo feita de forma gradativa e diretamente pelo sistema, ou seja, ao embarcar no \u00f4nibus e aproximar o cart\u00e3o no validador, o sistema reconhecer\u00e1 e transferir\u00e1 automaticamente os cr\u00e9ditos antigos. Todos os cr\u00e9ditos existentes ser\u00e3o devidamente preservados, sem qualquer preju\u00edzo.<\/p>\n\n\n\n<p><strong>Pontos de recarga<br><\/strong>Os usu\u00e1rios do transporte coletivo de Palmas contam com pontos f\u00edsicos credenciados para recarga do cart\u00e3o, em diversas regi\u00f5es da cidade. Nesses locais foram disponibilizadas m\u00e1quinas&nbsp;<em>Point of Sale<\/em>&nbsp;(POS), tornando o processo de recarga mais pr\u00e1tico e acess\u00edvel. Ser\u00e3o instalados ainda terminais de autoatendimento no Resolve Palmas JK e na Farm\u00e1cia Biovida da Arse 112 (1106 Sul). O distrito de Buritirana j\u00e1 possui um estabelecimento credenciado e, nos pr\u00f3ximos dias, Taquaru\u00e7u tamb\u00e9m contar\u00e1 com um ponto de recarga. O pagamento pode ser feito em dinheiro, d\u00e9bito, cr\u00e9dito ou Pix.<\/p>\n\n\n\n<p><strong>Estabelecimentos credenciados<\/strong><strong><\/strong><\/p>\n\n\n\n<ol start=\"1\" class=\"wp-block-list\">\n<li>Farm\u00e1cia Biovida Arse 112 (1106 Sul)<\/li>\n\n\n\n<li>Farm\u00e1cia Biovida 401 Sul (Regi\u00e3o Hospitalar)<\/li>\n\n\n\n<li>Farm\u00e1cia Biovida 402 Sul (Esta\u00e7\u00e3o Xambio\u00e1)<\/li>\n\n\n\n<li>Quarteto Loja Norte<\/li>\n\n\n\n<li>Quarteto Loja Centro<\/li>\n\n\n\n<li>Quarteto Loja Taquaralto<\/li>\n\n\n\n<li>Quarteto Loja Bertaville<\/li>\n\n\n\n<li>Atacad\u00e3o dos Pre\u00e7os Baixos Loja Arso 42 (405 Sul)<\/li>\n\n\n\n<li>Atacad\u00e3o dos Pre\u00e7os Baixos Loja Arne 61 (504 Norte)<\/li>\n\n\n\n<li>Atacad\u00e3o dos Pre\u00e7os Baixos Loja Aureny I<\/li>\n\n\n\n<li>Atacad\u00e3o dos Pre\u00e7os Baixos Loja Taquari<\/li>\n\n\n\n<li>Pharma\u00e9tica Taquaralto<\/li>\n\n\n\n<li>Super L\u00edder (Esta\u00e7\u00e3o Karaj\u00e1)<\/li>\n\n\n\n<li>Pink Store (Esta\u00e7\u00e3o Apinaj\u00e9s)<\/li>\n\n\n\n<li>Resolve Palmas JK<\/li>\n\n\n\n<li>Sede da ATCP<\/li>\n\n\n\n<li>Super Nosso Supermercado (Buritirana)<\/li>\n<\/ol>\n\n\n\n<p>Texto: Elis\u00e2ngela Farias &#8211; Prefeitura de Palmas<\/p>\n\n\n\n<p><\/p>\n","protected":false},"excerpt":{"rendered":"<p>Atendimento para emiss\u00e3o dos cart\u00f5es segue no Espa\u00e7o Cultural; nova tarifa, no valor de R$ 4,85, come\u00e7a a ser cobrada no dia 26 de maio O prefeito de Palmas, Eduardo Siqueira Campos, determinou a prorroga\u00e7\u00e3o da gratuidade da tarifa do transporte coletivo at\u00e9 domingo, 25 de maio. A cobran\u00e7a, no valor de R$ 4,85, come\u00e7a [&hellip;]<\/p>\n","protected":false},"author":13,"featured_media":85441,"comment_status":"open","ping_status":"open","sticky":false,"template":"","format":"standard","meta":{"_acf_changed":false,"footnotes":""},"categories":[22,898,21],"tags":[],"class_list":["post-85601","post","type-post","status-publish","format-standard","has-post-thumbnail","hentry","category-cidades","category-manchete-segundaria","category-todas-noticias"],"acf":[],"yoast_head":"<!-- This site is optimized with the Yoast SEO plugin v24.4 - https:\/\/yoast.com\/wordpress\/plugins\/seo\/ -->\n<title>Prefeitura de Palmas prorroga gratuidade da tarifa do transporte coletivo at\u00e9 dia 25 - PORTAL DE NOT\u00cdCIAS CLEITON PINHEIRO<\/title>\n<meta name=\"robots\" content=\"index, follow, max-snippet:-1, max-image-preview:large, max-video-preview:-1\" \/>\n<link rel=\"canonical\" href=\"https:\/\/cleitonpinheiro.com.br\/site\/prefeitura-de-palmas-prorroga-gratuidade-da-tarifa-do-transporte-coletivo-ate-dia-25\/\" \/>\n<meta property=\"og:locale\" content=\"pt_BR\" \/>\n<meta property=\"og:type\" content=\"article\" \/>\n<meta property=\"og:title\" content=\"Prefeitura de Palmas prorroga gratuidade da tarifa do transporte coletivo at\u00e9 dia 25 - PORTAL DE NOT\u00cdCIAS CLEITON PINHEIRO\" \/>\n<meta property=\"og:description\" content=\"Atendimento para emiss\u00e3o dos cart\u00f5es segue no Espa\u00e7o Cultural; nova tarifa, no valor de R$ 4,85, come\u00e7a a ser cobrada no dia 26 de maio O prefeito de Palmas, Eduardo Siqueira Campos, determinou a prorroga\u00e7\u00e3o da gratuidade da tarifa do transporte coletivo at\u00e9 domingo, 25 de maio. A cobran\u00e7a, no valor de R$ 4,85, come\u00e7a [&hellip;]\" \/>\n<meta property=\"og:url\" content=\"https:\/\/cleitonpinheiro.com.br\/site\/prefeitura-de-palmas-prorroga-gratuidade-da-tarifa-do-transporte-coletivo-ate-dia-25\/\" \/>\n<meta property=\"og:site_name\" content=\"PORTAL DE NOT\u00cdCIAS CLEITON PINHEIRO\" \/>\n<meta property=\"article:publisher\" content=\"https:\/\/www.facebook.com\/portalcpnoticias\/\" \/>\n<meta property=\"article:published_time\" content=\"2025-05-21T16:37:54+00:00\" \/>\n<meta property=\"article:modified_time\" content=\"2025-05-23T13:58:44+00:00\" \/>\n<meta property=\"og:image\" content=\"https:\/\/cleitonpinheiro.com.br\/site\/wp-content\/uploads\/2025\/05\/Prefeito-Eduardo-Siqueira-Campos-entrega-novos-onibus-Foto-Lia-Mara-13-2048x1365-1.jpg\" \/>\n\t<meta property=\"og:image:width\" content=\"2048\" \/>\n\t<meta property=\"og:image:height\" content=\"1365\" \/>\n\t<meta property=\"og:image:type\" content=\"image\/jpeg\" \/>\n<meta name=\"author\" content=\"Reda\u00e7\u00e3o CP\" \/>\n<meta name=\"twitter:card\" content=\"summary_large_image\" \/>\n<meta name=\"twitter:label1\" content=\"Escrito por\" \/>\n\t<meta name=\"twitter:data1\" content=\"Reda\u00e7\u00e3o CP\" \/>\n\t<meta name=\"twitter:label2\" content=\"Est. tempo de leitura\" \/>\n\t<meta name=\"twitter:data2\" content=\"4 minutos\" \/>\n<script type=\"application\/ld+json\" class=\"yoast-schema-graph\">{\"@context\":\"https:\/\/schema.org\",\"@graph\":[{\"@type\":\"Article\",\"@id\":\"https:\/\/cleitonpinheiro.com.br\/site\/prefeitura-de-palmas-prorroga-gratuidade-da-tarifa-do-transporte-coletivo-ate-dia-25\/#article\",\"isPartOf\":{\"@id\":\"https:\/\/cleitonpinheiro.com.br\/site\/prefeitura-de-palmas-prorroga-gratuidade-da-tarifa-do-transporte-coletivo-ate-dia-25\/\"},\"author\":{\"name\":\"Reda\u00e7\u00e3o CP\",\"@id\":\"https:\/\/cleitonpinheiro.com.br\/site\/#\/schema\/person\/8f04544e0bc40a1b68775b08360f87db\"},\"headline\":\"Prefeitura de Palmas prorroga gratuidade da tarifa do transporte coletivo at\u00e9 dia 25\",\"datePublished\":\"2025-05-21T16:37:54+00:00\",\"dateModified\":\"2025-05-23T13:58:44+00:00\",\"mainEntityOfPage\":{\"@id\":\"https:\/\/cleitonpinheiro.com.br\/site\/prefeitura-de-palmas-prorroga-gratuidade-da-tarifa-do-transporte-coletivo-ate-dia-25\/\"},\"wordCount\":554,\"commentCount\":0,\"publisher\":{\"@id\":\"https:\/\/cleitonpinheiro.com.br\/site\/#organization\"},\"image\":{\"@id\":\"https:\/\/cleitonpinheiro.com.br\/site\/prefeitura-de-palmas-prorroga-gratuidade-da-tarifa-do-transporte-coletivo-ate-dia-25\/#primaryimage\"},\"thumbnailUrl\":\"https:\/\/cleitonpinheiro.com.br\/site\/wp-content\/uploads\/2025\/05\/Prefeito-Eduardo-Siqueira-Campos-entrega-novos-onibus-Foto-Lia-Mara-13-2048x1365-1.jpg\",\"articleSection\":[\"CIDADES\",\"MANCHETE SEGUND\u00c1RIA\",\"TODAS NOTICIAS\"],\"inLanguage\":\"pt-BR\",\"potentialAction\":[{\"@type\":\"CommentAction\",\"name\":\"Comment\",\"target\":[\"https:\/\/cleitonpinheiro.com.br\/site\/prefeitura-de-palmas-prorroga-gratuidade-da-tarifa-do-transporte-coletivo-ate-dia-25\/#respond\"]}]},{\"@type\":\"WebPage\",\"@id\":\"https:\/\/cleitonpinheiro.com.br\/site\/prefeitura-de-palmas-prorroga-gratuidade-da-tarifa-do-transporte-coletivo-ate-dia-25\/\",\"url\":\"https:\/\/cleitonpinheiro.com.br\/site\/prefeitura-de-palmas-prorroga-gratuidade-da-tarifa-do-transporte-coletivo-ate-dia-25\/\",\"name\":\"Prefeitura de Palmas prorroga gratuidade da tarifa do transporte coletivo at\u00e9 dia 25 - PORTAL DE NOT\u00cdCIAS CLEITON PINHEIRO\",\"isPartOf\":{\"@id\":\"https:\/\/cleitonpinheiro.com.br\/site\/#website\"},\"primaryImageOfPage\":{\"@id\":\"https:\/\/cleitonpinheiro.com.br\/site\/prefeitura-de-palmas-prorroga-gratuidade-da-tarifa-do-transporte-coletivo-ate-dia-25\/#primaryimage\"},\"image\":{\"@id\":\"https:\/\/cleitonpinheiro.com.br\/site\/prefeitura-de-palmas-prorroga-gratuidade-da-tarifa-do-transporte-coletivo-ate-dia-25\/#primaryimage\"},\"thumbnailUrl\":\"https:\/\/cleitonpinheiro.com.br\/site\/wp-content\/uploads\/2025\/05\/Prefeito-Eduardo-Siqueira-Campos-entrega-novos-onibus-Foto-Lia-Mara-13-2048x1365-1.jpg\",\"datePublished\":\"2025-05-21T16:37:54+00:00\",\"dateModified\":\"2025-05-23T13:58:44+00:00\",\"breadcrumb\":{\"@id\":\"https:\/\/cleitonpinheiro.com.br\/site\/prefeitura-de-palmas-prorroga-gratuidade-da-tarifa-do-transporte-coletivo-ate-dia-25\/#breadcrumb\"},\"inLanguage\":\"pt-BR\",\"potentialAction\":[{\"@type\":\"ReadAction\",\"target\":[\"https:\/\/cleitonpinheiro.com.br\/site\/prefeitura-de-palmas-prorroga-gratuidade-da-tarifa-do-transporte-coletivo-ate-dia-25\/\"]}]},{\"@type\":\"ImageObject\",\"inLanguage\":\"pt-BR\",\"@id\":\"https:\/\/cleitonpinheiro.com.br\/site\/prefeitura-de-palmas-prorroga-gratuidade-da-tarifa-do-transporte-coletivo-ate-dia-25\/#primaryimage\",\"url\":\"https:\/\/cleitonpinheiro.com.br\/site\/wp-content\/uploads\/2025\/05\/Prefeito-Eduardo-Siqueira-Campos-entrega-novos-onibus-Foto-Lia-Mara-13-2048x1365-1.jpg\",\"contentUrl\":\"https:\/\/cleitonpinheiro.com.br\/site\/wp-content\/uploads\/2025\/05\/Prefeito-Eduardo-Siqueira-Campos-entrega-novos-onibus-Foto-Lia-Mara-13-2048x1365-1.jpg\",\"width\":2048,\"height\":1365,\"caption\":\"Foto: Lia Mara\"},{\"@type\":\"BreadcrumbList\",\"@id\":\"https:\/\/cleitonpinheiro.com.br\/site\/prefeitura-de-palmas-prorroga-gratuidade-da-tarifa-do-transporte-coletivo-ate-dia-25\/#breadcrumb\",\"itemListElement\":[{\"@type\":\"ListItem\",\"position\":1,\"name\":\"In\u00edcio\",\"item\":\"https:\/\/cleitonpinheiro.com.br\/site\/\"},{\"@type\":\"ListItem\",\"position\":2,\"name\":\"Prefeitura de Palmas prorroga gratuidade da tarifa do transporte coletivo at\u00e9 dia 25\"}]},{\"@type\":\"WebSite\",\"@id\":\"https:\/\/cleitonpinheiro.com.br\/site\/#website\",\"url\":\"https:\/\/cleitonpinheiro.com.br\/site\/\",\"name\":\"PORTAL DE NOT\u00cdCIAS CLEITON PINHEIRO\",\"description\":\"FALANDO A VERDADE\",\"publisher\":{\"@id\":\"https:\/\/cleitonpinheiro.com.br\/site\/#organization\"},\"potentialAction\":[{\"@type\":\"SearchAction\",\"target\":{\"@type\":\"EntryPoint\",\"urlTemplate\":\"https:\/\/cleitonpinheiro.com.br\/site\/?s={search_term_string}\"},\"query-input\":{\"@type\":\"PropertyValueSpecification\",\"valueRequired\":true,\"valueName\":\"search_term_string\"}}],\"inLanguage\":\"pt-BR\"},{\"@type\":\"Organization\",\"@id\":\"https:\/\/cleitonpinheiro.com.br\/site\/#organization\",\"name\":\"CPNOT\u00cdCIAS\",\"url\":\"https:\/\/cleitonpinheiro.com.br\/site\/\",\"logo\":{\"@type\":\"ImageObject\",\"inLanguage\":\"pt-BR\",\"@id\":\"https:\/\/cleitonpinheiro.com.br\/site\/#\/schema\/logo\/image\/\",\"url\":\"https:\/\/cleitonpinheiro.com.br\/site\/wp-content\/uploads\/2022\/08\/Logo-pequena-2.png\",\"contentUrl\":\"https:\/\/cleitonpinheiro.com.br\/site\/wp-content\/uploads\/2022\/08\/Logo-pequena-2.png\",\"width\":500,\"height\":500,\"caption\":\"CPNOT\u00cdCIAS\"},\"image\":{\"@id\":\"https:\/\/cleitonpinheiro.com.br\/site\/#\/schema\/logo\/image\/\"},\"sameAs\":[\"https:\/\/www.facebook.com\/portalcpnoticias\/\"]},{\"@type\":\"Person\",\"@id\":\"https:\/\/cleitonpinheiro.com.br\/site\/#\/schema\/person\/8f04544e0bc40a1b68775b08360f87db\",\"name\":\"Reda\u00e7\u00e3o CP\",\"image\":{\"@type\":\"ImageObject\",\"inLanguage\":\"pt-BR\",\"@id\":\"https:\/\/cleitonpinheiro.com.br\/site\/#\/schema\/person\/image\/\",\"url\":\"https:\/\/secure.gravatar.com\/avatar\/0bcf19cb29fdc8fc588c490c7ae1b3e174dac268586a63fbe1d1893a0f9020cd?s=96&r=g\",\"contentUrl\":\"https:\/\/secure.gravatar.com\/avatar\/0bcf19cb29fdc8fc588c490c7ae1b3e174dac268586a63fbe1d1893a0f9020cd?s=96&r=g\",\"caption\":\"Reda\u00e7\u00e3o CP\"},\"url\":\"https:\/\/cleitonpinheiro.com.br\/site\/author\/redacao\/\"}]}<\/script>\n<!-- \/ Yoast SEO plugin. -->","yoast_head_json":{"title":"Prefeitura de Palmas prorroga gratuidade da tarifa do transporte coletivo at\u00e9 dia 25 - PORTAL DE NOT\u00cdCIAS CLEITON PINHEIRO","robots":{"index":"index","follow":"follow","max-snippet":"max-snippet:-1","max-image-preview":"max-image-preview:large","max-video-preview":"max-video-preview:-1"},"canonical":"https:\/\/cleitonpinheiro.com.br\/site\/prefeitura-de-palmas-prorroga-gratuidade-da-tarifa-do-transporte-coletivo-ate-dia-25\/","og_locale":"pt_BR","og_type":"article","og_title":"Prefeitura de Palmas prorroga gratuidade da tarifa do transporte coletivo at\u00e9 dia 25 - PORTAL DE NOT\u00cdCIAS CLEITON PINHEIRO","og_description":"Atendimento para emiss\u00e3o dos cart\u00f5es segue no Espa\u00e7o Cultural; nova tarifa, no valor de R$ 4,85, come\u00e7a a ser cobrada no dia 26 de maio O prefeito de Palmas, Eduardo Siqueira Campos, determinou a prorroga\u00e7\u00e3o da gratuidade da tarifa do transporte coletivo at\u00e9 domingo, 25 de maio. A cobran\u00e7a, no valor de R$ 4,85, come\u00e7a [&hellip;]","og_url":"https:\/\/cleitonpinheiro.com.br\/site\/prefeitura-de-palmas-prorroga-gratuidade-da-tarifa-do-transporte-coletivo-ate-dia-25\/","og_site_name":"PORTAL DE NOT\u00cdCIAS CLEITON PINHEIRO","article_publisher":"https:\/\/www.facebook.com\/portalcpnoticias\/","article_published_time":"2025-05-21T16:37:54+00:00","article_modified_time":"2025-05-23T13:58:44+00:00","og_image":[{"width":2048,"height":1365,"url":"https:\/\/cleitonpinheiro.com.br\/site\/wp-content\/uploads\/2025\/05\/Prefeito-Eduardo-Siqueira-Campos-entrega-novos-onibus-Foto-Lia-Mara-13-2048x1365-1.jpg","type":"image\/jpeg"}],"author":"Reda\u00e7\u00e3o CP","twitter_card":"summary_large_image","twitter_misc":{"Escrito por":"Reda\u00e7\u00e3o CP","Est. tempo de leitura":"4 minutos"},"schema":{"@context":"https:\/\/schema.org","@graph":[{"@type":"Article","@id":"https:\/\/cleitonpinheiro.com.br\/site\/prefeitura-de-palmas-prorroga-gratuidade-da-tarifa-do-transporte-coletivo-ate-dia-25\/#article","isPartOf":{"@id":"https:\/\/cleitonpinheiro.com.br\/site\/prefeitura-de-palmas-prorroga-gratuidade-da-tarifa-do-transporte-coletivo-ate-dia-25\/"},"author":{"name":"Reda\u00e7\u00e3o CP","@id":"https:\/\/cleitonpinheiro.com.br\/site\/#\/schema\/person\/8f04544e0bc40a1b68775b08360f87db"},"headline":"Prefeitura de Palmas prorroga gratuidade da tarifa do transporte coletivo at\u00e9 dia 25","datePublished":"2025-05-21T16:37:54+00:00","dateModified":"2025-05-23T13:58:44+00:00","mainEntityOfPage":{"@id":"https:\/\/cleitonpinheiro.com.br\/site\/prefeitura-de-palmas-prorroga-gratuidade-da-tarifa-do-transporte-coletivo-ate-dia-25\/"},"wordCount":554,"commentCount":0,"publisher":{"@id":"https:\/\/cleitonpinheiro.com.br\/site\/#organization"},"image":{"@id":"https:\/\/cleitonpinheiro.com.br\/site\/prefeitura-de-palmas-prorroga-gratuidade-da-tarifa-do-transporte-coletivo-ate-dia-25\/#primaryimage"},"thumbnailUrl":"https:\/\/cleitonpinheiro.com.br\/site\/wp-content\/uploads\/2025\/05\/Prefeito-Eduardo-Siqueira-Campos-entrega-novos-onibus-Foto-Lia-Mara-13-2048x1365-1.jpg","articleSection":["CIDADES","MANCHETE SEGUND\u00c1RIA","TODAS NOTICIAS"],"inLanguage":"pt-BR","potentialAction":[{"@type":"CommentAction","name":"Comment","target":["https:\/\/cleitonpinheiro.com.br\/site\/prefeitura-de-palmas-prorroga-gratuidade-da-tarifa-do-transporte-coletivo-ate-dia-25\/#respond"]}]},{"@type":"WebPage","@id":"https:\/\/cleitonpinheiro.com.br\/site\/prefeitura-de-palmas-prorroga-gratuidade-da-tarifa-do-transporte-coletivo-ate-dia-25\/","url":"https:\/\/cleitonpinheiro.com.br\/site\/prefeitura-de-palmas-prorroga-gratuidade-da-tarifa-do-transporte-coletivo-ate-dia-25\/","name":"Prefeitura de Palmas prorroga gratuidade da tarifa do transporte coletivo at\u00e9 dia 25 - PORTAL DE NOT\u00cdCIAS CLEITON PINHEIRO","isPartOf":{"@id":"https:\/\/cleitonpinheiro.com.br\/site\/#website"},"primaryImageOfPage":{"@id":"https:\/\/cleitonpinheiro.com.br\/site\/prefeitura-de-palmas-prorroga-gratuidade-da-tarifa-do-transporte-coletivo-ate-dia-25\/#primaryimage"},"image":{"@id":"https:\/\/cleitonpinheiro.com.br\/site\/prefeitura-de-palmas-prorroga-gratuidade-da-tarifa-do-transporte-coletivo-ate-dia-25\/#primaryimage"},"thumbnailUrl":"https:\/\/cleitonpinheiro.com.br\/site\/wp-content\/uploads\/2025\/05\/Prefeito-Eduardo-Siqueira-Campos-entrega-novos-onibus-Foto-Lia-Mara-13-2048x1365-1.jpg","datePublished":"2025-05-21T16:37:54+00:00","dateModified":"2025-05-23T13:58:44+00:00","breadcrumb":{"@id":"https:\/\/cleitonpinheiro.com.br\/site\/prefeitura-de-palmas-prorroga-gratuidade-da-tarifa-do-transporte-coletivo-ate-dia-25\/#breadcrumb"},"inLanguage":"pt-BR","potentialAction":[{"@type":"ReadAction","target":["https:\/\/cleitonpinheiro.com.br\/site\/prefeitura-de-palmas-prorroga-gratuidade-da-tarifa-do-transporte-coletivo-ate-dia-25\/"]}]},{"@type":"ImageObject","inLanguage":"pt-BR","@id":"https:\/\/cleitonpinheiro.com.br\/site\/prefeitura-de-palmas-prorroga-gratuidade-da-tarifa-do-transporte-coletivo-ate-dia-25\/#primaryimage","url":"https:\/\/cleitonpinheiro.com.br\/site\/wp-content\/uploads\/2025\/05\/Prefeito-Eduardo-Siqueira-Campos-entrega-novos-onibus-Foto-Lia-Mara-13-2048x1365-1.jpg","contentUrl":"https:\/\/cleitonpinheiro.com.br\/site\/wp-content\/uploads\/2025\/05\/Prefeito-Eduardo-Siqueira-Campos-entrega-novos-onibus-Foto-Lia-Mara-13-2048x1365-1.jpg","width":2048,"height":1365,"caption":"Foto: Lia Mara"},{"@type":"BreadcrumbList","@id":"https:\/\/cleitonpinheiro.com.br\/site\/prefeitura-de-palmas-prorroga-gratuidade-da-tarifa-do-transporte-coletivo-ate-dia-25\/#breadcrumb","itemListElement":[{"@type":"ListItem","position":1,"name":"In\u00edcio","item":"https:\/\/cleitonpinheiro.com.br\/site\/"},{"@type":"ListItem","position":2,"name":"Prefeitura de Palmas prorroga gratuidade da tarifa do transporte coletivo at\u00e9 dia 25"}]},{"@type":"WebSite","@id":"https:\/\/cleitonpinheiro.com.br\/site\/#website","url":"https:\/\/cleitonpinheiro.com.br\/site\/","name":"PORTAL DE NOT\u00cdCIAS CLEITON PINHEIRO","description":"FALANDO A VERDADE","publisher":{"@id":"https:\/\/cleitonpinheiro.com.br\/site\/#organization"},"potentialAction":[{"@type":"SearchAction","target":{"@type":"EntryPoint","urlTemplate":"https:\/\/cleitonpinheiro.com.br\/site\/?s={search_term_string}"},"query-input":{"@type":"PropertyValueSpecification","valueRequired":true,"valueName":"search_term_string"}}],"inLanguage":"pt-BR"},{"@type":"Organization","@id":"https:\/\/cleitonpinheiro.com.br\/site\/#organization","name":"CPNOT\u00cdCIAS","url":"https:\/\/cleitonpinheiro.com.br\/site\/","logo":{"@type":"ImageObject","inLanguage":"pt-BR","@id":"https:\/\/cleitonpinheiro.com.br\/site\/#\/schema\/logo\/image\/","url":"https:\/\/cleitonpinheiro.com.br\/site\/wp-content\/uploads\/2022\/08\/Logo-pequena-2.png","contentUrl":"https:\/\/cleitonpinheiro.com.br\/site\/wp-content\/uploads\/2022\/08\/Logo-pequena-2.png","width":500,"height":500,"caption":"CPNOT\u00cdCIAS"},"image":{"@id":"https:\/\/cleitonpinheiro.com.br\/site\/#\/schema\/logo\/image\/"},"sameAs":["https:\/\/www.facebook.com\/portalcpnoticias\/"]},{"@type":"Person","@id":"https:\/\/cleitonpinheiro.com.br\/site\/#\/schema\/person\/8f04544e0bc40a1b68775b08360f87db","name":"Reda\u00e7\u00e3o CP","image":{"@type":"ImageObject","inLanguage":"pt-BR","@id":"https:\/\/cleitonpinheiro.com.br\/site\/#\/schema\/person\/image\/","url":"https:\/\/secure.gravatar.com\/avatar\/0bcf19cb29fdc8fc588c490c7ae1b3e174dac268586a63fbe1d1893a0f9020cd?s=96&r=g","contentUrl":"https:\/\/secure.gravatar.com\/avatar\/0bcf19cb29fdc8fc588c490c7ae1b3e174dac268586a63fbe1d1893a0f9020cd?s=96&r=g","caption":"Reda\u00e7\u00e3o CP"},"url":"https:\/\/cleitonpinheiro.com.br\/site\/author\/redacao\/"}]}},"views":156,"_links":{"self":[{"href":"https:\/\/cleitonpinheiro.com.br\/site\/wp-json\/wp\/v2\/posts\/85601","targetHints":{"allow":["GET"]}}],"collection":[{"href":"https:\/\/cleitonpinheiro.com.br\/site\/wp-json\/wp\/v2\/posts"}],"about":[{"href":"https:\/\/cleitonpinheiro.com.br\/site\/wp-json\/wp\/v2\/types\/post"}],"author":[{"embeddable":true,"href":"https:\/\/cleitonpinheiro.com.br\/site\/wp-json\/wp\/v2\/users\/13"}],"replies":[{"embeddable":true,"href":"https:\/\/cleitonpinheiro.com.br\/site\/wp-json\/wp\/v2\/comments?post=85601"}],"version-history":[{"count":1,"href":"https:\/\/cleitonpinheiro.com.br\/site\/wp-json\/wp\/v2\/posts\/85601\/revisions"}],"predecessor-version":[{"id":85602,"href":"https:\/\/cleitonpinheiro.com.br\/site\/wp-json\/wp\/v2\/posts\/85601\/revisions\/85602"}],"wp:featuredmedia":[{"embeddable":true,"href":"https:\/\/cleitonpinheiro.com.br\/site\/wp-json\/wp\/v2\/media\/85441"}],"wp:attachment":[{"href":"https:\/\/cleitonpinheiro.com.br\/site\/wp-json\/wp\/v2\/media?parent=85601"}],"wp:term":[{"taxonomy":"category","embeddable":true,"href":"https:\/\/cleitonpinheiro.com.br\/site\/wp-json\/wp\/v2\/categories?post=85601"},{"taxonomy":"post_tag","embeddable":true,"href":"https:\/\/cleitonpinheiro.com.br\/site\/wp-json\/wp\/v2\/tags?post=85601"}],"curies":[{"name":"wp","href":"https:\/\/api.w.org\/{rel}","templated":true}]}}