{"id":85606,"date":"2025-05-23T11:01:06","date_gmt":"2025-05-23T14:01:06","guid":{"rendered":"https:\/\/cleitonpinheiro.com.br\/site\/?p=85606"},"modified":"2025-05-23T11:01:11","modified_gmt":"2025-05-23T14:01:11","slug":"adapec-alerta-produtores-rurais-sobre-prazo-para-declaracao-obrigatoria-que-encerra-dia-31-de-maio","status":"publish","type":"post","link":"https:\/\/cleitonpinheiro.com.br\/site\/adapec-alerta-produtores-rurais-sobre-prazo-para-declaracao-obrigatoria-que-encerra-dia-31-de-maio\/","title":{"rendered":"Adapec alerta produtores rurais sobre prazo para declara\u00e7\u00e3o obrigat\u00f3ria que encerra dia 31 de maio"},"content":{"rendered":"\n<figure class=\"wp-block-image size-full\"><img fetchpriority=\"high\" decoding=\"async\" width=\"883\" height=\"546\" src=\"https:\/\/cleitonpinheiro.com.br\/site\/wp-content\/uploads\/2025\/05\/426205.jpg\" alt=\"\" class=\"wp-image-85607\" srcset=\"https:\/\/cleitonpinheiro.com.br\/site\/wp-content\/uploads\/2025\/05\/426205.jpg 883w, https:\/\/cleitonpinheiro.com.br\/site\/wp-content\/uploads\/2025\/05\/426205-300x186.jpg 300w, https:\/\/cleitonpinheiro.com.br\/site\/wp-content\/uploads\/2025\/05\/426205-768x475.jpg 768w\" sizes=\"(max-width: 883px) 100vw, 883px\" \/><figcaption class=\"wp-element-caption\">Foto: Keven Lopes\/Governo do Tocantins<\/figcaption><\/figure>\n\n\n\n<p>O Governo do Tocantins, por meio da Ag\u00eancia de Defesa Agropecu\u00e1ria (Adapec), orienta os produtores rurais a ficarem atentos ao fim do prazo para a declara\u00e7\u00e3o obrigat\u00f3ria de informa\u00e7\u00f5es pecu\u00e1rias que encerra dia 31 de maio. A expectativa \u00e9 receber a declara\u00e7\u00e3o das 58 mil propriedades cadastradas na Adapec com registros de animais.<\/p>\n\n\n\n<p>Para fazer a declara\u00e7\u00e3o basta ir at\u00e9 um escrit\u00f3rio da Adapec e preencher o formul\u00e1rio de informa\u00e7\u00f5es pecu\u00e1rias. Quem deixar de declarar os animais da sua propriedade, pagar\u00e1 multa de R$ 127,69 por propriedade e ter\u00e1 a ficha de movimenta\u00e7\u00e3o bloqueada at\u00e9 a regulariza\u00e7\u00e3o.<\/p>\n\n\n\n<p>O produtor deve declarar na Adapec todas as esp\u00e9cies animais existentes na propriedade, tais como: bovinos, b\u00fafalos, equinos, asininos, muares, su\u00ednos, ovinos, caprinos, aves, abelhas e animais aqu\u00e1ticos.<\/p>\n\n\n\n<p>Texto: Welcton de Oliveira \/ Governo do Tocantins<\/p>\n","protected":false},"excerpt":{"rendered":"<p>O Governo do Tocantins, por meio da Ag\u00eancia de Defesa Agropecu\u00e1ria (Adapec), orienta os produtores rurais a ficarem atentos ao fim do prazo para a declara\u00e7\u00e3o obrigat\u00f3ria de informa\u00e7\u00f5es pecu\u00e1rias que encerra dia 31 de maio. A expectativa \u00e9 receber a declara\u00e7\u00e3o das 58 mil propriedades cadastradas na Adapec com registros de animais. Para fazer [&hellip;]<\/p>\n","protected":false},"author":13,"featured_media":85607,"comment_status":"open","ping_status":"open","sticky":false,"template":"","format":"standard","meta":{"_acf_changed":false,"footnotes":""},"categories":[8,898,21],"tags":[],"class_list":["post-85606","post","type-post","status-publish","format-standard","has-post-thumbnail","hentry","category-estado","category-manchete-segundaria","category-todas-noticias"],"acf":[],"yoast_head":"<!-- This site is optimized with the Yoast SEO plugin v24.4 - https:\/\/yoast.com\/wordpress\/plugins\/seo\/ -->\n<title>Adapec alerta produtores rurais sobre prazo para declara\u00e7\u00e3o obrigat\u00f3ria que encerra dia 31 de maio - PORTAL DE NOT\u00cdCIAS CLEITON PINHEIRO<\/title>\n<meta name=\"robots\" content=\"index, follow, max-snippet:-1, max-image-preview:large, max-video-preview:-1\" \/>\n<link rel=\"canonical\" href=\"https:\/\/cleitonpinheiro.com.br\/site\/adapec-alerta-produtores-rurais-sobre-prazo-para-declaracao-obrigatoria-que-encerra-dia-31-de-maio\/\" \/>\n<meta property=\"og:locale\" content=\"pt_BR\" \/>\n<meta property=\"og:type\" content=\"article\" \/>\n<meta property=\"og:title\" content=\"Adapec alerta produtores rurais sobre prazo para declara\u00e7\u00e3o obrigat\u00f3ria que encerra dia 31 de maio - PORTAL DE NOT\u00cdCIAS CLEITON PINHEIRO\" \/>\n<meta property=\"og:description\" content=\"O Governo do Tocantins, por meio da Ag\u00eancia de Defesa Agropecu\u00e1ria (Adapec), orienta os produtores rurais a ficarem atentos ao fim do prazo para a declara\u00e7\u00e3o obrigat\u00f3ria de informa\u00e7\u00f5es pecu\u00e1rias que encerra dia 31 de maio. A expectativa \u00e9 receber a declara\u00e7\u00e3o das 58 mil propriedades cadastradas na Adapec com registros de animais. Para fazer [&hellip;]\" \/>\n<meta property=\"og:url\" content=\"https:\/\/cleitonpinheiro.com.br\/site\/adapec-alerta-produtores-rurais-sobre-prazo-para-declaracao-obrigatoria-que-encerra-dia-31-de-maio\/\" \/>\n<meta property=\"og:site_name\" content=\"PORTAL DE NOT\u00cdCIAS CLEITON PINHEIRO\" \/>\n<meta property=\"article:publisher\" content=\"https:\/\/www.facebook.com\/portalcpnoticias\/\" \/>\n<meta property=\"article:published_time\" content=\"2025-05-23T14:01:06+00:00\" \/>\n<meta property=\"article:modified_time\" content=\"2025-05-23T14:01:11+00:00\" \/>\n<meta property=\"og:image\" content=\"https:\/\/cleitonpinheiro.com.br\/site\/wp-content\/uploads\/2025\/05\/426205.jpg\" \/>\n\t<meta property=\"og:image:width\" content=\"883\" \/>\n\t<meta property=\"og:image:height\" content=\"546\" \/>\n\t<meta property=\"og:image:type\" content=\"image\/jpeg\" \/>\n<meta name=\"author\" content=\"Reda\u00e7\u00e3o CP\" \/>\n<meta name=\"twitter:card\" content=\"summary_large_image\" \/>\n<meta name=\"twitter:label1\" content=\"Escrito por\" \/>\n\t<meta name=\"twitter:data1\" content=\"Reda\u00e7\u00e3o CP\" \/>\n\t<meta name=\"twitter:label2\" content=\"Est. tempo de leitura\" \/>\n\t<meta name=\"twitter:data2\" content=\"2 minutos\" \/>\n<script type=\"application\/ld+json\" class=\"yoast-schema-graph\">{\"@context\":\"https:\/\/schema.org\",\"@graph\":[{\"@type\":\"Article\",\"@id\":\"https:\/\/cleitonpinheiro.com.br\/site\/adapec-alerta-produtores-rurais-sobre-prazo-para-declaracao-obrigatoria-que-encerra-dia-31-de-maio\/#article\",\"isPartOf\":{\"@id\":\"https:\/\/cleitonpinheiro.com.br\/site\/adapec-alerta-produtores-rurais-sobre-prazo-para-declaracao-obrigatoria-que-encerra-dia-31-de-maio\/\"},\"author\":{\"name\":\"Reda\u00e7\u00e3o CP\",\"@id\":\"https:\/\/cleitonpinheiro.com.br\/site\/#\/schema\/person\/8f04544e0bc40a1b68775b08360f87db\"},\"headline\":\"Adapec alerta produtores rurais sobre prazo para declara\u00e7\u00e3o obrigat\u00f3ria que encerra dia 31 de maio\",\"datePublished\":\"2025-05-23T14:01:06+00:00\",\"dateModified\":\"2025-05-23T14:01:11+00:00\",\"mainEntityOfPage\":{\"@id\":\"https:\/\/cleitonpinheiro.com.br\/site\/adapec-alerta-produtores-rurais-sobre-prazo-para-declaracao-obrigatoria-que-encerra-dia-31-de-maio\/\"},\"wordCount\":168,\"commentCount\":0,\"publisher\":{\"@id\":\"https:\/\/cleitonpinheiro.com.br\/site\/#organization\"},\"image\":{\"@id\":\"https:\/\/cleitonpinheiro.com.br\/site\/adapec-alerta-produtores-rurais-sobre-prazo-para-declaracao-obrigatoria-que-encerra-dia-31-de-maio\/#primaryimage\"},\"thumbnailUrl\":\"https:\/\/cleitonpinheiro.com.br\/site\/wp-content\/uploads\/2025\/05\/426205.jpg\",\"articleSection\":[\"ESTADO\",\"MANCHETE SEGUND\u00c1RIA\",\"TODAS NOTICIAS\"],\"inLanguage\":\"pt-BR\",\"potentialAction\":[{\"@type\":\"CommentAction\",\"name\":\"Comment\",\"target\":[\"https:\/\/cleitonpinheiro.com.br\/site\/adapec-alerta-produtores-rurais-sobre-prazo-para-declaracao-obrigatoria-que-encerra-dia-31-de-maio\/#respond\"]}]},{\"@type\":\"WebPage\",\"@id\":\"https:\/\/cleitonpinheiro.com.br\/site\/adapec-alerta-produtores-rurais-sobre-prazo-para-declaracao-obrigatoria-que-encerra-dia-31-de-maio\/\",\"url\":\"https:\/\/cleitonpinheiro.com.br\/site\/adapec-alerta-produtores-rurais-sobre-prazo-para-declaracao-obrigatoria-que-encerra-dia-31-de-maio\/\",\"name\":\"Adapec alerta produtores rurais sobre prazo para declara\u00e7\u00e3o obrigat\u00f3ria que encerra dia 31 de maio - PORTAL DE NOT\u00cdCIAS CLEITON PINHEIRO\",\"isPartOf\":{\"@id\":\"https:\/\/cleitonpinheiro.com.br\/site\/#website\"},\"primaryImageOfPage\":{\"@id\":\"https:\/\/cleitonpinheiro.com.br\/site\/adapec-alerta-produtores-rurais-sobre-prazo-para-declaracao-obrigatoria-que-encerra-dia-31-de-maio\/#primaryimage\"},\"image\":{\"@id\":\"https:\/\/cleitonpinheiro.com.br\/site\/adapec-alerta-produtores-rurais-sobre-prazo-para-declaracao-obrigatoria-que-encerra-dia-31-de-maio\/#primaryimage\"},\"thumbnailUrl\":\"https:\/\/cleitonpinheiro.com.br\/site\/wp-content\/uploads\/2025\/05\/426205.jpg\",\"datePublished\":\"2025-05-23T14:01:06+00:00\",\"dateModified\":\"2025-05-23T14:01:11+00:00\",\"breadcrumb\":{\"@id\":\"https:\/\/cleitonpinheiro.com.br\/site\/adapec-alerta-produtores-rurais-sobre-prazo-para-declaracao-obrigatoria-que-encerra-dia-31-de-maio\/#breadcrumb\"},\"inLanguage\":\"pt-BR\",\"potentialAction\":[{\"@type\":\"ReadAction\",\"target\":[\"https:\/\/cleitonpinheiro.com.br\/site\/adapec-alerta-produtores-rurais-sobre-prazo-para-declaracao-obrigatoria-que-encerra-dia-31-de-maio\/\"]}]},{\"@type\":\"ImageObject\",\"inLanguage\":\"pt-BR\",\"@id\":\"https:\/\/cleitonpinheiro.com.br\/site\/adapec-alerta-produtores-rurais-sobre-prazo-para-declaracao-obrigatoria-que-encerra-dia-31-de-maio\/#primaryimage\",\"url\":\"https:\/\/cleitonpinheiro.com.br\/site\/wp-content\/uploads\/2025\/05\/426205.jpg\",\"contentUrl\":\"https:\/\/cleitonpinheiro.com.br\/site\/wp-content\/uploads\/2025\/05\/426205.jpg\",\"width\":883,\"height\":546,\"caption\":\"Foto: Keven Lopes\/Governo do Tocantins\"},{\"@type\":\"BreadcrumbList\",\"@id\":\"https:\/\/cleitonpinheiro.com.br\/site\/adapec-alerta-produtores-rurais-sobre-prazo-para-declaracao-obrigatoria-que-encerra-dia-31-de-maio\/#breadcrumb\",\"itemListElement\":[{\"@type\":\"ListItem\",\"position\":1,\"name\":\"In\u00edcio\",\"item\":\"https:\/\/cleitonpinheiro.com.br\/site\/\"},{\"@type\":\"ListItem\",\"position\":2,\"name\":\"Adapec alerta produtores rurais sobre prazo para declara\u00e7\u00e3o obrigat\u00f3ria que encerra dia 31 de maio\"}]},{\"@type\":\"WebSite\",\"@id\":\"https:\/\/cleitonpinheiro.com.br\/site\/#website\",\"url\":\"https:\/\/cleitonpinheiro.com.br\/site\/\",\"name\":\"PORTAL DE NOT\u00cdCIAS CLEITON PINHEIRO\",\"description\":\"FALANDO A VERDADE\",\"publisher\":{\"@id\":\"https:\/\/cleitonpinheiro.com.br\/site\/#organization\"},\"potentialAction\":[{\"@type\":\"SearchAction\",\"target\":{\"@type\":\"EntryPoint\",\"urlTemplate\":\"https:\/\/cleitonpinheiro.com.br\/site\/?s={search_term_string}\"},\"query-input\":{\"@type\":\"PropertyValueSpecification\",\"valueRequired\":true,\"valueName\":\"search_term_string\"}}],\"inLanguage\":\"pt-BR\"},{\"@type\":\"Organization\",\"@id\":\"https:\/\/cleitonpinheiro.com.br\/site\/#organization\",\"name\":\"CPNOT\u00cdCIAS\",\"url\":\"https:\/\/cleitonpinheiro.com.br\/site\/\",\"logo\":{\"@type\":\"ImageObject\",\"inLanguage\":\"pt-BR\",\"@id\":\"https:\/\/cleitonpinheiro.com.br\/site\/#\/schema\/logo\/image\/\",\"url\":\"https:\/\/cleitonpinheiro.com.br\/site\/wp-content\/uploads\/2022\/08\/Logo-pequena-2.png\",\"contentUrl\":\"https:\/\/cleitonpinheiro.com.br\/site\/wp-content\/uploads\/2022\/08\/Logo-pequena-2.png\",\"width\":500,\"height\":500,\"caption\":\"CPNOT\u00cdCIAS\"},\"image\":{\"@id\":\"https:\/\/cleitonpinheiro.com.br\/site\/#\/schema\/logo\/image\/\"},\"sameAs\":[\"https:\/\/www.facebook.com\/portalcpnoticias\/\"]},{\"@type\":\"Person\",\"@id\":\"https:\/\/cleitonpinheiro.com.br\/site\/#\/schema\/person\/8f04544e0bc40a1b68775b08360f87db\",\"name\":\"Reda\u00e7\u00e3o CP\",\"image\":{\"@type\":\"ImageObject\",\"inLanguage\":\"pt-BR\",\"@id\":\"https:\/\/cleitonpinheiro.com.br\/site\/#\/schema\/person\/image\/\",\"url\":\"https:\/\/secure.gravatar.com\/avatar\/0bcf19cb29fdc8fc588c490c7ae1b3e174dac268586a63fbe1d1893a0f9020cd?s=96&r=g\",\"contentUrl\":\"https:\/\/secure.gravatar.com\/avatar\/0bcf19cb29fdc8fc588c490c7ae1b3e174dac268586a63fbe1d1893a0f9020cd?s=96&r=g\",\"caption\":\"Reda\u00e7\u00e3o CP\"},\"url\":\"https:\/\/cleitonpinheiro.com.br\/site\/author\/redacao\/\"}]}<\/script>\n<!-- \/ Yoast SEO plugin. -->","yoast_head_json":{"title":"Adapec alerta produtores rurais sobre prazo para declara\u00e7\u00e3o obrigat\u00f3ria que encerra dia 31 de maio - PORTAL DE NOT\u00cdCIAS CLEITON PINHEIRO","robots":{"index":"index","follow":"follow","max-snippet":"max-snippet:-1","max-image-preview":"max-image-preview:large","max-video-preview":"max-video-preview:-1"},"canonical":"https:\/\/cleitonpinheiro.com.br\/site\/adapec-alerta-produtores-rurais-sobre-prazo-para-declaracao-obrigatoria-que-encerra-dia-31-de-maio\/","og_locale":"pt_BR","og_type":"article","og_title":"Adapec alerta produtores rurais sobre prazo para declara\u00e7\u00e3o obrigat\u00f3ria que encerra dia 31 de maio - PORTAL DE NOT\u00cdCIAS CLEITON PINHEIRO","og_description":"O Governo do Tocantins, por meio da Ag\u00eancia de Defesa Agropecu\u00e1ria (Adapec), orienta os produtores rurais a ficarem atentos ao fim do prazo para a declara\u00e7\u00e3o obrigat\u00f3ria de informa\u00e7\u00f5es pecu\u00e1rias que encerra dia 31 de maio. A expectativa \u00e9 receber a declara\u00e7\u00e3o das 58 mil propriedades cadastradas na Adapec com registros de animais. Para fazer [&hellip;]","og_url":"https:\/\/cleitonpinheiro.com.br\/site\/adapec-alerta-produtores-rurais-sobre-prazo-para-declaracao-obrigatoria-que-encerra-dia-31-de-maio\/","og_site_name":"PORTAL DE NOT\u00cdCIAS CLEITON PINHEIRO","article_publisher":"https:\/\/www.facebook.com\/portalcpnoticias\/","article_published_time":"2025-05-23T14:01:06+00:00","article_modified_time":"2025-05-23T14:01:11+00:00","og_image":[{"width":883,"height":546,"url":"https:\/\/cleitonpinheiro.com.br\/site\/wp-content\/uploads\/2025\/05\/426205.jpg","type":"image\/jpeg"}],"author":"Reda\u00e7\u00e3o CP","twitter_card":"summary_large_image","twitter_misc":{"Escrito por":"Reda\u00e7\u00e3o CP","Est. tempo de leitura":"2 minutos"},"schema":{"@context":"https:\/\/schema.org","@graph":[{"@type":"Article","@id":"https:\/\/cleitonpinheiro.com.br\/site\/adapec-alerta-produtores-rurais-sobre-prazo-para-declaracao-obrigatoria-que-encerra-dia-31-de-maio\/#article","isPartOf":{"@id":"https:\/\/cleitonpinheiro.com.br\/site\/adapec-alerta-produtores-rurais-sobre-prazo-para-declaracao-obrigatoria-que-encerra-dia-31-de-maio\/"},"author":{"name":"Reda\u00e7\u00e3o CP","@id":"https:\/\/cleitonpinheiro.com.br\/site\/#\/schema\/person\/8f04544e0bc40a1b68775b08360f87db"},"headline":"Adapec alerta produtores rurais sobre prazo para declara\u00e7\u00e3o obrigat\u00f3ria que encerra dia 31 de maio","datePublished":"2025-05-23T14:01:06+00:00","dateModified":"2025-05-23T14:01:11+00:00","mainEntityOfPage":{"@id":"https:\/\/cleitonpinheiro.com.br\/site\/adapec-alerta-produtores-rurais-sobre-prazo-para-declaracao-obrigatoria-que-encerra-dia-31-de-maio\/"},"wordCount":168,"commentCount":0,"publisher":{"@id":"https:\/\/cleitonpinheiro.com.br\/site\/#organization"},"image":{"@id":"https:\/\/cleitonpinheiro.com.br\/site\/adapec-alerta-produtores-rurais-sobre-prazo-para-declaracao-obrigatoria-que-encerra-dia-31-de-maio\/#primaryimage"},"thumbnailUrl":"https:\/\/cleitonpinheiro.com.br\/site\/wp-content\/uploads\/2025\/05\/426205.jpg","articleSection":["ESTADO","MANCHETE SEGUND\u00c1RIA","TODAS NOTICIAS"],"inLanguage":"pt-BR","potentialAction":[{"@type":"CommentAction","name":"Comment","target":["https:\/\/cleitonpinheiro.com.br\/site\/adapec-alerta-produtores-rurais-sobre-prazo-para-declaracao-obrigatoria-que-encerra-dia-31-de-maio\/#respond"]}]},{"@type":"WebPage","@id":"https:\/\/cleitonpinheiro.com.br\/site\/adapec-alerta-produtores-rurais-sobre-prazo-para-declaracao-obrigatoria-que-encerra-dia-31-de-maio\/","url":"https:\/\/cleitonpinheiro.com.br\/site\/adapec-alerta-produtores-rurais-sobre-prazo-para-declaracao-obrigatoria-que-encerra-dia-31-de-maio\/","name":"Adapec alerta produtores rurais sobre prazo para declara\u00e7\u00e3o obrigat\u00f3ria que encerra dia 31 de maio - PORTAL DE NOT\u00cdCIAS CLEITON PINHEIRO","isPartOf":{"@id":"https:\/\/cleitonpinheiro.com.br\/site\/#website"},"primaryImageOfPage":{"@id":"https:\/\/cleitonpinheiro.com.br\/site\/adapec-alerta-produtores-rurais-sobre-prazo-para-declaracao-obrigatoria-que-encerra-dia-31-de-maio\/#primaryimage"},"image":{"@id":"https:\/\/cleitonpinheiro.com.br\/site\/adapec-alerta-produtores-rurais-sobre-prazo-para-declaracao-obrigatoria-que-encerra-dia-31-de-maio\/#primaryimage"},"thumbnailUrl":"https:\/\/cleitonpinheiro.com.br\/site\/wp-content\/uploads\/2025\/05\/426205.jpg","datePublished":"2025-05-23T14:01:06+00:00","dateModified":"2025-05-23T14:01:11+00:00","breadcrumb":{"@id":"https:\/\/cleitonpinheiro.com.br\/site\/adapec-alerta-produtores-rurais-sobre-prazo-para-declaracao-obrigatoria-que-encerra-dia-31-de-maio\/#breadcrumb"},"inLanguage":"pt-BR","potentialAction":[{"@type":"ReadAction","target":["https:\/\/cleitonpinheiro.com.br\/site\/adapec-alerta-produtores-rurais-sobre-prazo-para-declaracao-obrigatoria-que-encerra-dia-31-de-maio\/"]}]},{"@type":"ImageObject","inLanguage":"pt-BR","@id":"https:\/\/cleitonpinheiro.com.br\/site\/adapec-alerta-produtores-rurais-sobre-prazo-para-declaracao-obrigatoria-que-encerra-dia-31-de-maio\/#primaryimage","url":"https:\/\/cleitonpinheiro.com.br\/site\/wp-content\/uploads\/2025\/05\/426205.jpg","contentUrl":"https:\/\/cleitonpinheiro.com.br\/site\/wp-content\/uploads\/2025\/05\/426205.jpg","width":883,"height":546,"caption":"Foto: Keven Lopes\/Governo do Tocantins"},{"@type":"BreadcrumbList","@id":"https:\/\/cleitonpinheiro.com.br\/site\/adapec-alerta-produtores-rurais-sobre-prazo-para-declaracao-obrigatoria-que-encerra-dia-31-de-maio\/#breadcrumb","itemListElement":[{"@type":"ListItem","position":1,"name":"In\u00edcio","item":"https:\/\/cleitonpinheiro.com.br\/site\/"},{"@type":"ListItem","position":2,"name":"Adapec alerta produtores rurais sobre prazo para declara\u00e7\u00e3o obrigat\u00f3ria que encerra dia 31 de maio"}]},{"@type":"WebSite","@id":"https:\/\/cleitonpinheiro.com.br\/site\/#website","url":"https:\/\/cleitonpinheiro.com.br\/site\/","name":"PORTAL DE NOT\u00cdCIAS CLEITON PINHEIRO","description":"FALANDO A VERDADE","publisher":{"@id":"https:\/\/cleitonpinheiro.com.br\/site\/#organization"},"potentialAction":[{"@type":"SearchAction","target":{"@type":"EntryPoint","urlTemplate":"https:\/\/cleitonpinheiro.com.br\/site\/?s={search_term_string}"},"query-input":{"@type":"PropertyValueSpecification","valueRequired":true,"valueName":"search_term_string"}}],"inLanguage":"pt-BR"},{"@type":"Organization","@id":"https:\/\/cleitonpinheiro.com.br\/site\/#organization","name":"CPNOT\u00cdCIAS","url":"https:\/\/cleitonpinheiro.com.br\/site\/","logo":{"@type":"ImageObject","inLanguage":"pt-BR","@id":"https:\/\/cleitonpinheiro.com.br\/site\/#\/schema\/logo\/image\/","url":"https:\/\/cleitonpinheiro.com.br\/site\/wp-content\/uploads\/2022\/08\/Logo-pequena-2.png","contentUrl":"https:\/\/cleitonpinheiro.com.br\/site\/wp-content\/uploads\/2022\/08\/Logo-pequena-2.png","width":500,"height":500,"caption":"CPNOT\u00cdCIAS"},"image":{"@id":"https:\/\/cleitonpinheiro.com.br\/site\/#\/schema\/logo\/image\/"},"sameAs":["https:\/\/www.facebook.com\/portalcpnoticias\/"]},{"@type":"Person","@id":"https:\/\/cleitonpinheiro.com.br\/site\/#\/schema\/person\/8f04544e0bc40a1b68775b08360f87db","name":"Reda\u00e7\u00e3o CP","image":{"@type":"ImageObject","inLanguage":"pt-BR","@id":"https:\/\/cleitonpinheiro.com.br\/site\/#\/schema\/person\/image\/","url":"https:\/\/secure.gravatar.com\/avatar\/0bcf19cb29fdc8fc588c490c7ae1b3e174dac268586a63fbe1d1893a0f9020cd?s=96&r=g","contentUrl":"https:\/\/secure.gravatar.com\/avatar\/0bcf19cb29fdc8fc588c490c7ae1b3e174dac268586a63fbe1d1893a0f9020cd?s=96&r=g","caption":"Reda\u00e7\u00e3o CP"},"url":"https:\/\/cleitonpinheiro.com.br\/site\/author\/redacao\/"}]}},"views":144,"_links":{"self":[{"href":"https:\/\/cleitonpinheiro.com.br\/site\/wp-json\/wp\/v2\/posts\/85606","targetHints":{"allow":["GET"]}}],"collection":[{"href":"https:\/\/cleitonpinheiro.com.br\/site\/wp-json\/wp\/v2\/posts"}],"about":[{"href":"https:\/\/cleitonpinheiro.com.br\/site\/wp-json\/wp\/v2\/types\/post"}],"author":[{"embeddable":true,"href":"https:\/\/cleitonpinheiro.com.br\/site\/wp-json\/wp\/v2\/users\/13"}],"replies":[{"embeddable":true,"href":"https:\/\/cleitonpinheiro.com.br\/site\/wp-json\/wp\/v2\/comments?post=85606"}],"version-history":[{"count":1,"href":"https:\/\/cleitonpinheiro.com.br\/site\/wp-json\/wp\/v2\/posts\/85606\/revisions"}],"predecessor-version":[{"id":85608,"href":"https:\/\/cleitonpinheiro.com.br\/site\/wp-json\/wp\/v2\/posts\/85606\/revisions\/85608"}],"wp:featuredmedia":[{"embeddable":true,"href":"https:\/\/cleitonpinheiro.com.br\/site\/wp-json\/wp\/v2\/media\/85607"}],"wp:attachment":[{"href":"https:\/\/cleitonpinheiro.com.br\/site\/wp-json\/wp\/v2\/media?parent=85606"}],"wp:term":[{"taxonomy":"category","embeddable":true,"href":"https:\/\/cleitonpinheiro.com.br\/site\/wp-json\/wp\/v2\/categories?post=85606"},{"taxonomy":"post_tag","embeddable":true,"href":"https:\/\/cleitonpinheiro.com.br\/site\/wp-json\/wp\/v2\/tags?post=85606"}],"curies":[{"name":"wp","href":"https:\/\/api.w.org\/{rel}","templated":true}]}}