{"id":85609,"date":"2025-05-23T11:37:19","date_gmt":"2025-05-23T14:37:19","guid":{"rendered":"https:\/\/cleitonpinheiro.com.br\/site\/?p=85609"},"modified":"2025-05-28T11:39:03","modified_gmt":"2025-05-28T14:39:03","slug":"ajusp-to-anuncia-reajuste-negociado-no-plano-de-saude-unimed-palmas-a-partir-de-julho-de-2025","status":"publish","type":"post","link":"https:\/\/cleitonpinheiro.com.br\/site\/ajusp-to-anuncia-reajuste-negociado-no-plano-de-saude-unimed-palmas-a-partir-de-julho-de-2025\/","title":{"rendered":"AJUSP-TO anuncia reajuste negociado no plano de sa\u00fade Unimed Palmas a partir de julho de 2025"},"content":{"rendered":"\n<figure class=\"wp-block-image size-full\"><img fetchpriority=\"high\" decoding=\"async\" width=\"565\" height=\"640\" src=\"https:\/\/cleitonpinheiro.com.br\/site\/wp-content\/uploads\/2025\/05\/medical-5459654_640.webp\" alt=\"\" class=\"wp-image-85610\" srcset=\"https:\/\/cleitonpinheiro.com.br\/site\/wp-content\/uploads\/2025\/05\/medical-5459654_640.webp 565w, https:\/\/cleitonpinheiro.com.br\/site\/wp-content\/uploads\/2025\/05\/medical-5459654_640-265x300.webp 265w\" sizes=\"(max-width: 565px) 100vw, 565px\" \/><\/figure>\n\n\n\n<p>A Associa\u00e7\u00e3o de Assist\u00eancia Jur\u00eddica dos Servidores no Estado do Tocantins (AJUSP-TO) informa aos seus associados e usu\u00e1rios do plano de sa\u00fade UNIMED PALMAS que, a partir de julho de 2025, ser\u00e1 aplicado um reajuste de 9,90% nas mensalidades do conv\u00eanio firmado com a Allcare\/Operadora UNIMED PALMAS.<\/p>\n\n\n\n<p>O reajuste anual est\u00e1 previsto contratualmente e \u00e9 necess\u00e1rio para garantir o equil\u00edbrio econ\u00f4mico-financeiro da parceria vigente. Inicialmente, a operadora prop\u00f4s um \u00edndice de 17,92%, mas, ap\u00f3s intensa negocia\u00e7\u00e3o conduzida pela AJUSP-TO junto \u00e0 Allcare, o percentual foi reduzido em quase 50%, assegurando um impacto menor ao bolso dos associados.<\/p>\n\n\n\n<p>A decis\u00e3o foi baseada em relat\u00f3rios t\u00e9cnicos apresentados pela operadora, que demonstraram a necessidade de atualiza\u00e7\u00e3o dos valores. A diretoria da AJUSP-TO refor\u00e7a que atuou de forma firme e estrat\u00e9gica para minimizar os efeitos do reajuste e preservar o acesso dos servidores a um plano de sa\u00fade de qualidade.<\/p>\n\n\n\n<p>\u201cO reajuste \u00e9 uma realidade de todos os planos de sa\u00fade, mas a nossa gest\u00e3o tem o compromisso de defender os interesses dos nossos associados. Com di\u00e1logo e responsabilidade, conseguimos reduzir significativamente o \u00edndice inicial proposto. Essa atualiza\u00e7\u00e3o \u00e9 essencial para garantir a continuidade dos servi\u00e7os com qualidade\u201d, destacou o presidente da AJUSP-TO, Cleiton Pinheiro.<\/p>\n\n\n\n<p>Para mais informa\u00e7\u00f5es: https:\/\/ajuspto.com.br\/portal\/<\/p>\n\n\n\n<p><\/p>\n","protected":false},"excerpt":{"rendered":"<p>A Associa\u00e7\u00e3o de Assist\u00eancia Jur\u00eddica dos Servidores no Estado do Tocantins (AJUSP-TO) informa aos seus associados e usu\u00e1rios do plano de sa\u00fade UNIMED PALMAS que, a partir de julho de 2025, ser\u00e1 aplicado um reajuste de 9,90% nas mensalidades do conv\u00eanio firmado com a Allcare\/Operadora UNIMED PALMAS. O reajuste anual est\u00e1 previsto contratualmente e \u00e9 [&hellip;]<\/p>\n","protected":false},"author":13,"featured_media":85610,"comment_status":"open","ping_status":"open","sticky":false,"template":"","format":"standard","meta":{"_acf_changed":false,"footnotes":""},"categories":[25,898,21],"tags":[],"class_list":["post-85609","post","type-post","status-publish","format-standard","has-post-thumbnail","hentry","category-funcionalismo","category-manchete-segundaria","category-todas-noticias"],"acf":[],"yoast_head":"<!-- This site is optimized with the Yoast SEO plugin v24.4 - https:\/\/yoast.com\/wordpress\/plugins\/seo\/ -->\n<title>AJUSP-TO anuncia reajuste negociado no plano de sa\u00fade Unimed Palmas a partir de julho de 2025 - PORTAL DE NOT\u00cdCIAS CLEITON PINHEIRO<\/title>\n<meta name=\"robots\" content=\"index, follow, max-snippet:-1, max-image-preview:large, max-video-preview:-1\" \/>\n<link rel=\"canonical\" href=\"https:\/\/cleitonpinheiro.com.br\/site\/ajusp-to-anuncia-reajuste-negociado-no-plano-de-saude-unimed-palmas-a-partir-de-julho-de-2025\/\" \/>\n<meta property=\"og:locale\" content=\"pt_BR\" \/>\n<meta property=\"og:type\" content=\"article\" \/>\n<meta property=\"og:title\" content=\"AJUSP-TO anuncia reajuste negociado no plano de sa\u00fade Unimed Palmas a partir de julho de 2025 - PORTAL DE NOT\u00cdCIAS CLEITON PINHEIRO\" \/>\n<meta property=\"og:description\" content=\"A Associa\u00e7\u00e3o de Assist\u00eancia Jur\u00eddica dos Servidores no Estado do Tocantins (AJUSP-TO) informa aos seus associados e usu\u00e1rios do plano de sa\u00fade UNIMED PALMAS que, a partir de julho de 2025, ser\u00e1 aplicado um reajuste de 9,90% nas mensalidades do conv\u00eanio firmado com a Allcare\/Operadora UNIMED PALMAS. O reajuste anual est\u00e1 previsto contratualmente e \u00e9 [&hellip;]\" \/>\n<meta property=\"og:url\" content=\"https:\/\/cleitonpinheiro.com.br\/site\/ajusp-to-anuncia-reajuste-negociado-no-plano-de-saude-unimed-palmas-a-partir-de-julho-de-2025\/\" \/>\n<meta property=\"og:site_name\" content=\"PORTAL DE NOT\u00cdCIAS CLEITON PINHEIRO\" \/>\n<meta property=\"article:publisher\" content=\"https:\/\/www.facebook.com\/portalcpnoticias\/\" \/>\n<meta property=\"article:published_time\" content=\"2025-05-23T14:37:19+00:00\" \/>\n<meta property=\"article:modified_time\" content=\"2025-05-28T14:39:03+00:00\" \/>\n<meta property=\"og:image\" content=\"https:\/\/cleitonpinheiro.com.br\/site\/wp-content\/uploads\/2025\/05\/medical-5459654_640.webp\" \/>\n\t<meta property=\"og:image:width\" content=\"565\" \/>\n\t<meta property=\"og:image:height\" content=\"640\" \/>\n\t<meta property=\"og:image:type\" content=\"image\/webp\" \/>\n<meta name=\"author\" content=\"Reda\u00e7\u00e3o CP\" \/>\n<meta name=\"twitter:card\" content=\"summary_large_image\" \/>\n<meta name=\"twitter:label1\" content=\"Escrito por\" \/>\n\t<meta name=\"twitter:data1\" content=\"Reda\u00e7\u00e3o CP\" \/>\n\t<meta name=\"twitter:label2\" content=\"Est. tempo de leitura\" \/>\n\t<meta name=\"twitter:data2\" content=\"2 minutos\" \/>\n<script type=\"application\/ld+json\" class=\"yoast-schema-graph\">{\"@context\":\"https:\/\/schema.org\",\"@graph\":[{\"@type\":\"Article\",\"@id\":\"https:\/\/cleitonpinheiro.com.br\/site\/ajusp-to-anuncia-reajuste-negociado-no-plano-de-saude-unimed-palmas-a-partir-de-julho-de-2025\/#article\",\"isPartOf\":{\"@id\":\"https:\/\/cleitonpinheiro.com.br\/site\/ajusp-to-anuncia-reajuste-negociado-no-plano-de-saude-unimed-palmas-a-partir-de-julho-de-2025\/\"},\"author\":{\"name\":\"Reda\u00e7\u00e3o CP\",\"@id\":\"https:\/\/cleitonpinheiro.com.br\/site\/#\/schema\/person\/8f04544e0bc40a1b68775b08360f87db\"},\"headline\":\"AJUSP-TO anuncia reajuste negociado no plano de sa\u00fade Unimed Palmas a partir de julho de 2025\",\"datePublished\":\"2025-05-23T14:37:19+00:00\",\"dateModified\":\"2025-05-28T14:39:03+00:00\",\"mainEntityOfPage\":{\"@id\":\"https:\/\/cleitonpinheiro.com.br\/site\/ajusp-to-anuncia-reajuste-negociado-no-plano-de-saude-unimed-palmas-a-partir-de-julho-de-2025\/\"},\"wordCount\":243,\"commentCount\":0,\"publisher\":{\"@id\":\"https:\/\/cleitonpinheiro.com.br\/site\/#organization\"},\"image\":{\"@id\":\"https:\/\/cleitonpinheiro.com.br\/site\/ajusp-to-anuncia-reajuste-negociado-no-plano-de-saude-unimed-palmas-a-partir-de-julho-de-2025\/#primaryimage\"},\"thumbnailUrl\":\"https:\/\/cleitonpinheiro.com.br\/site\/wp-content\/uploads\/2025\/05\/medical-5459654_640.webp\",\"articleSection\":[\"FUNCIONALISMO\",\"MANCHETE SEGUND\u00c1RIA\",\"TODAS NOTICIAS\"],\"inLanguage\":\"pt-BR\",\"potentialAction\":[{\"@type\":\"CommentAction\",\"name\":\"Comment\",\"target\":[\"https:\/\/cleitonpinheiro.com.br\/site\/ajusp-to-anuncia-reajuste-negociado-no-plano-de-saude-unimed-palmas-a-partir-de-julho-de-2025\/#respond\"]}]},{\"@type\":\"WebPage\",\"@id\":\"https:\/\/cleitonpinheiro.com.br\/site\/ajusp-to-anuncia-reajuste-negociado-no-plano-de-saude-unimed-palmas-a-partir-de-julho-de-2025\/\",\"url\":\"https:\/\/cleitonpinheiro.com.br\/site\/ajusp-to-anuncia-reajuste-negociado-no-plano-de-saude-unimed-palmas-a-partir-de-julho-de-2025\/\",\"name\":\"AJUSP-TO anuncia reajuste negociado no plano de sa\u00fade Unimed Palmas a partir de julho de 2025 - PORTAL DE NOT\u00cdCIAS CLEITON PINHEIRO\",\"isPartOf\":{\"@id\":\"https:\/\/cleitonpinheiro.com.br\/site\/#website\"},\"primaryImageOfPage\":{\"@id\":\"https:\/\/cleitonpinheiro.com.br\/site\/ajusp-to-anuncia-reajuste-negociado-no-plano-de-saude-unimed-palmas-a-partir-de-julho-de-2025\/#primaryimage\"},\"image\":{\"@id\":\"https:\/\/cleitonpinheiro.com.br\/site\/ajusp-to-anuncia-reajuste-negociado-no-plano-de-saude-unimed-palmas-a-partir-de-julho-de-2025\/#primaryimage\"},\"thumbnailUrl\":\"https:\/\/cleitonpinheiro.com.br\/site\/wp-content\/uploads\/2025\/05\/medical-5459654_640.webp\",\"datePublished\":\"2025-05-23T14:37:19+00:00\",\"dateModified\":\"2025-05-28T14:39:03+00:00\",\"breadcrumb\":{\"@id\":\"https:\/\/cleitonpinheiro.com.br\/site\/ajusp-to-anuncia-reajuste-negociado-no-plano-de-saude-unimed-palmas-a-partir-de-julho-de-2025\/#breadcrumb\"},\"inLanguage\":\"pt-BR\",\"potentialAction\":[{\"@type\":\"ReadAction\",\"target\":[\"https:\/\/cleitonpinheiro.com.br\/site\/ajusp-to-anuncia-reajuste-negociado-no-plano-de-saude-unimed-palmas-a-partir-de-julho-de-2025\/\"]}]},{\"@type\":\"ImageObject\",\"inLanguage\":\"pt-BR\",\"@id\":\"https:\/\/cleitonpinheiro.com.br\/site\/ajusp-to-anuncia-reajuste-negociado-no-plano-de-saude-unimed-palmas-a-partir-de-julho-de-2025\/#primaryimage\",\"url\":\"https:\/\/cleitonpinheiro.com.br\/site\/wp-content\/uploads\/2025\/05\/medical-5459654_640.webp\",\"contentUrl\":\"https:\/\/cleitonpinheiro.com.br\/site\/wp-content\/uploads\/2025\/05\/medical-5459654_640.webp\",\"width\":565,\"height\":640},{\"@type\":\"BreadcrumbList\",\"@id\":\"https:\/\/cleitonpinheiro.com.br\/site\/ajusp-to-anuncia-reajuste-negociado-no-plano-de-saude-unimed-palmas-a-partir-de-julho-de-2025\/#breadcrumb\",\"itemListElement\":[{\"@type\":\"ListItem\",\"position\":1,\"name\":\"In\u00edcio\",\"item\":\"https:\/\/cleitonpinheiro.com.br\/site\/\"},{\"@type\":\"ListItem\",\"position\":2,\"name\":\"AJUSP-TO anuncia reajuste negociado no plano de sa\u00fade Unimed Palmas a partir de julho de 2025\"}]},{\"@type\":\"WebSite\",\"@id\":\"https:\/\/cleitonpinheiro.com.br\/site\/#website\",\"url\":\"https:\/\/cleitonpinheiro.com.br\/site\/\",\"name\":\"PORTAL DE NOT\u00cdCIAS CLEITON PINHEIRO\",\"description\":\"FALANDO A VERDADE\",\"publisher\":{\"@id\":\"https:\/\/cleitonpinheiro.com.br\/site\/#organization\"},\"potentialAction\":[{\"@type\":\"SearchAction\",\"target\":{\"@type\":\"EntryPoint\",\"urlTemplate\":\"https:\/\/cleitonpinheiro.com.br\/site\/?s={search_term_string}\"},\"query-input\":{\"@type\":\"PropertyValueSpecification\",\"valueRequired\":true,\"valueName\":\"search_term_string\"}}],\"inLanguage\":\"pt-BR\"},{\"@type\":\"Organization\",\"@id\":\"https:\/\/cleitonpinheiro.com.br\/site\/#organization\",\"name\":\"CPNOT\u00cdCIAS\",\"url\":\"https:\/\/cleitonpinheiro.com.br\/site\/\",\"logo\":{\"@type\":\"ImageObject\",\"inLanguage\":\"pt-BR\",\"@id\":\"https:\/\/cleitonpinheiro.com.br\/site\/#\/schema\/logo\/image\/\",\"url\":\"https:\/\/cleitonpinheiro.com.br\/site\/wp-content\/uploads\/2022\/08\/Logo-pequena-2.png\",\"contentUrl\":\"https:\/\/cleitonpinheiro.com.br\/site\/wp-content\/uploads\/2022\/08\/Logo-pequena-2.png\",\"width\":500,\"height\":500,\"caption\":\"CPNOT\u00cdCIAS\"},\"image\":{\"@id\":\"https:\/\/cleitonpinheiro.com.br\/site\/#\/schema\/logo\/image\/\"},\"sameAs\":[\"https:\/\/www.facebook.com\/portalcpnoticias\/\"]},{\"@type\":\"Person\",\"@id\":\"https:\/\/cleitonpinheiro.com.br\/site\/#\/schema\/person\/8f04544e0bc40a1b68775b08360f87db\",\"name\":\"Reda\u00e7\u00e3o CP\",\"image\":{\"@type\":\"ImageObject\",\"inLanguage\":\"pt-BR\",\"@id\":\"https:\/\/cleitonpinheiro.com.br\/site\/#\/schema\/person\/image\/\",\"url\":\"https:\/\/secure.gravatar.com\/avatar\/0bcf19cb29fdc8fc588c490c7ae1b3e174dac268586a63fbe1d1893a0f9020cd?s=96&r=g\",\"contentUrl\":\"https:\/\/secure.gravatar.com\/avatar\/0bcf19cb29fdc8fc588c490c7ae1b3e174dac268586a63fbe1d1893a0f9020cd?s=96&r=g\",\"caption\":\"Reda\u00e7\u00e3o CP\"},\"url\":\"https:\/\/cleitonpinheiro.com.br\/site\/author\/redacao\/\"}]}<\/script>\n<!-- \/ Yoast SEO plugin. -->","yoast_head_json":{"title":"AJUSP-TO anuncia reajuste negociado no plano de sa\u00fade Unimed Palmas a partir de julho de 2025 - PORTAL DE NOT\u00cdCIAS CLEITON PINHEIRO","robots":{"index":"index","follow":"follow","max-snippet":"max-snippet:-1","max-image-preview":"max-image-preview:large","max-video-preview":"max-video-preview:-1"},"canonical":"https:\/\/cleitonpinheiro.com.br\/site\/ajusp-to-anuncia-reajuste-negociado-no-plano-de-saude-unimed-palmas-a-partir-de-julho-de-2025\/","og_locale":"pt_BR","og_type":"article","og_title":"AJUSP-TO anuncia reajuste negociado no plano de sa\u00fade Unimed Palmas a partir de julho de 2025 - PORTAL DE NOT\u00cdCIAS CLEITON PINHEIRO","og_description":"A Associa\u00e7\u00e3o de Assist\u00eancia Jur\u00eddica dos Servidores no Estado do Tocantins (AJUSP-TO) informa aos seus associados e usu\u00e1rios do plano de sa\u00fade UNIMED PALMAS que, a partir de julho de 2025, ser\u00e1 aplicado um reajuste de 9,90% nas mensalidades do conv\u00eanio firmado com a Allcare\/Operadora UNIMED PALMAS. O reajuste anual est\u00e1 previsto contratualmente e \u00e9 [&hellip;]","og_url":"https:\/\/cleitonpinheiro.com.br\/site\/ajusp-to-anuncia-reajuste-negociado-no-plano-de-saude-unimed-palmas-a-partir-de-julho-de-2025\/","og_site_name":"PORTAL DE NOT\u00cdCIAS CLEITON PINHEIRO","article_publisher":"https:\/\/www.facebook.com\/portalcpnoticias\/","article_published_time":"2025-05-23T14:37:19+00:00","article_modified_time":"2025-05-28T14:39:03+00:00","og_image":[{"width":565,"height":640,"url":"https:\/\/cleitonpinheiro.com.br\/site\/wp-content\/uploads\/2025\/05\/medical-5459654_640.webp","type":"image\/webp"}],"author":"Reda\u00e7\u00e3o CP","twitter_card":"summary_large_image","twitter_misc":{"Escrito por":"Reda\u00e7\u00e3o CP","Est. tempo de leitura":"2 minutos"},"schema":{"@context":"https:\/\/schema.org","@graph":[{"@type":"Article","@id":"https:\/\/cleitonpinheiro.com.br\/site\/ajusp-to-anuncia-reajuste-negociado-no-plano-de-saude-unimed-palmas-a-partir-de-julho-de-2025\/#article","isPartOf":{"@id":"https:\/\/cleitonpinheiro.com.br\/site\/ajusp-to-anuncia-reajuste-negociado-no-plano-de-saude-unimed-palmas-a-partir-de-julho-de-2025\/"},"author":{"name":"Reda\u00e7\u00e3o CP","@id":"https:\/\/cleitonpinheiro.com.br\/site\/#\/schema\/person\/8f04544e0bc40a1b68775b08360f87db"},"headline":"AJUSP-TO anuncia reajuste negociado no plano de sa\u00fade Unimed Palmas a partir de julho de 2025","datePublished":"2025-05-23T14:37:19+00:00","dateModified":"2025-05-28T14:39:03+00:00","mainEntityOfPage":{"@id":"https:\/\/cleitonpinheiro.com.br\/site\/ajusp-to-anuncia-reajuste-negociado-no-plano-de-saude-unimed-palmas-a-partir-de-julho-de-2025\/"},"wordCount":243,"commentCount":0,"publisher":{"@id":"https:\/\/cleitonpinheiro.com.br\/site\/#organization"},"image":{"@id":"https:\/\/cleitonpinheiro.com.br\/site\/ajusp-to-anuncia-reajuste-negociado-no-plano-de-saude-unimed-palmas-a-partir-de-julho-de-2025\/#primaryimage"},"thumbnailUrl":"https:\/\/cleitonpinheiro.com.br\/site\/wp-content\/uploads\/2025\/05\/medical-5459654_640.webp","articleSection":["FUNCIONALISMO","MANCHETE SEGUND\u00c1RIA","TODAS NOTICIAS"],"inLanguage":"pt-BR","potentialAction":[{"@type":"CommentAction","name":"Comment","target":["https:\/\/cleitonpinheiro.com.br\/site\/ajusp-to-anuncia-reajuste-negociado-no-plano-de-saude-unimed-palmas-a-partir-de-julho-de-2025\/#respond"]}]},{"@type":"WebPage","@id":"https:\/\/cleitonpinheiro.com.br\/site\/ajusp-to-anuncia-reajuste-negociado-no-plano-de-saude-unimed-palmas-a-partir-de-julho-de-2025\/","url":"https:\/\/cleitonpinheiro.com.br\/site\/ajusp-to-anuncia-reajuste-negociado-no-plano-de-saude-unimed-palmas-a-partir-de-julho-de-2025\/","name":"AJUSP-TO anuncia reajuste negociado no plano de sa\u00fade Unimed Palmas a partir de julho de 2025 - PORTAL DE NOT\u00cdCIAS CLEITON PINHEIRO","isPartOf":{"@id":"https:\/\/cleitonpinheiro.com.br\/site\/#website"},"primaryImageOfPage":{"@id":"https:\/\/cleitonpinheiro.com.br\/site\/ajusp-to-anuncia-reajuste-negociado-no-plano-de-saude-unimed-palmas-a-partir-de-julho-de-2025\/#primaryimage"},"image":{"@id":"https:\/\/cleitonpinheiro.com.br\/site\/ajusp-to-anuncia-reajuste-negociado-no-plano-de-saude-unimed-palmas-a-partir-de-julho-de-2025\/#primaryimage"},"thumbnailUrl":"https:\/\/cleitonpinheiro.com.br\/site\/wp-content\/uploads\/2025\/05\/medical-5459654_640.webp","datePublished":"2025-05-23T14:37:19+00:00","dateModified":"2025-05-28T14:39:03+00:00","breadcrumb":{"@id":"https:\/\/cleitonpinheiro.com.br\/site\/ajusp-to-anuncia-reajuste-negociado-no-plano-de-saude-unimed-palmas-a-partir-de-julho-de-2025\/#breadcrumb"},"inLanguage":"pt-BR","potentialAction":[{"@type":"ReadAction","target":["https:\/\/cleitonpinheiro.com.br\/site\/ajusp-to-anuncia-reajuste-negociado-no-plano-de-saude-unimed-palmas-a-partir-de-julho-de-2025\/"]}]},{"@type":"ImageObject","inLanguage":"pt-BR","@id":"https:\/\/cleitonpinheiro.com.br\/site\/ajusp-to-anuncia-reajuste-negociado-no-plano-de-saude-unimed-palmas-a-partir-de-julho-de-2025\/#primaryimage","url":"https:\/\/cleitonpinheiro.com.br\/site\/wp-content\/uploads\/2025\/05\/medical-5459654_640.webp","contentUrl":"https:\/\/cleitonpinheiro.com.br\/site\/wp-content\/uploads\/2025\/05\/medical-5459654_640.webp","width":565,"height":640},{"@type":"BreadcrumbList","@id":"https:\/\/cleitonpinheiro.com.br\/site\/ajusp-to-anuncia-reajuste-negociado-no-plano-de-saude-unimed-palmas-a-partir-de-julho-de-2025\/#breadcrumb","itemListElement":[{"@type":"ListItem","position":1,"name":"In\u00edcio","item":"https:\/\/cleitonpinheiro.com.br\/site\/"},{"@type":"ListItem","position":2,"name":"AJUSP-TO anuncia reajuste negociado no plano de sa\u00fade Unimed Palmas a partir de julho de 2025"}]},{"@type":"WebSite","@id":"https:\/\/cleitonpinheiro.com.br\/site\/#website","url":"https:\/\/cleitonpinheiro.com.br\/site\/","name":"PORTAL DE NOT\u00cdCIAS CLEITON PINHEIRO","description":"FALANDO A VERDADE","publisher":{"@id":"https:\/\/cleitonpinheiro.com.br\/site\/#organization"},"potentialAction":[{"@type":"SearchAction","target":{"@type":"EntryPoint","urlTemplate":"https:\/\/cleitonpinheiro.com.br\/site\/?s={search_term_string}"},"query-input":{"@type":"PropertyValueSpecification","valueRequired":true,"valueName":"search_term_string"}}],"inLanguage":"pt-BR"},{"@type":"Organization","@id":"https:\/\/cleitonpinheiro.com.br\/site\/#organization","name":"CPNOT\u00cdCIAS","url":"https:\/\/cleitonpinheiro.com.br\/site\/","logo":{"@type":"ImageObject","inLanguage":"pt-BR","@id":"https:\/\/cleitonpinheiro.com.br\/site\/#\/schema\/logo\/image\/","url":"https:\/\/cleitonpinheiro.com.br\/site\/wp-content\/uploads\/2022\/08\/Logo-pequena-2.png","contentUrl":"https:\/\/cleitonpinheiro.com.br\/site\/wp-content\/uploads\/2022\/08\/Logo-pequena-2.png","width":500,"height":500,"caption":"CPNOT\u00cdCIAS"},"image":{"@id":"https:\/\/cleitonpinheiro.com.br\/site\/#\/schema\/logo\/image\/"},"sameAs":["https:\/\/www.facebook.com\/portalcpnoticias\/"]},{"@type":"Person","@id":"https:\/\/cleitonpinheiro.com.br\/site\/#\/schema\/person\/8f04544e0bc40a1b68775b08360f87db","name":"Reda\u00e7\u00e3o CP","image":{"@type":"ImageObject","inLanguage":"pt-BR","@id":"https:\/\/cleitonpinheiro.com.br\/site\/#\/schema\/person\/image\/","url":"https:\/\/secure.gravatar.com\/avatar\/0bcf19cb29fdc8fc588c490c7ae1b3e174dac268586a63fbe1d1893a0f9020cd?s=96&r=g","contentUrl":"https:\/\/secure.gravatar.com\/avatar\/0bcf19cb29fdc8fc588c490c7ae1b3e174dac268586a63fbe1d1893a0f9020cd?s=96&r=g","caption":"Reda\u00e7\u00e3o CP"},"url":"https:\/\/cleitonpinheiro.com.br\/site\/author\/redacao\/"}]}},"views":156,"_links":{"self":[{"href":"https:\/\/cleitonpinheiro.com.br\/site\/wp-json\/wp\/v2\/posts\/85609","targetHints":{"allow":["GET"]}}],"collection":[{"href":"https:\/\/cleitonpinheiro.com.br\/site\/wp-json\/wp\/v2\/posts"}],"about":[{"href":"https:\/\/cleitonpinheiro.com.br\/site\/wp-json\/wp\/v2\/types\/post"}],"author":[{"embeddable":true,"href":"https:\/\/cleitonpinheiro.com.br\/site\/wp-json\/wp\/v2\/users\/13"}],"replies":[{"embeddable":true,"href":"https:\/\/cleitonpinheiro.com.br\/site\/wp-json\/wp\/v2\/comments?post=85609"}],"version-history":[{"count":1,"href":"https:\/\/cleitonpinheiro.com.br\/site\/wp-json\/wp\/v2\/posts\/85609\/revisions"}],"predecessor-version":[{"id":85611,"href":"https:\/\/cleitonpinheiro.com.br\/site\/wp-json\/wp\/v2\/posts\/85609\/revisions\/85611"}],"wp:featuredmedia":[{"embeddable":true,"href":"https:\/\/cleitonpinheiro.com.br\/site\/wp-json\/wp\/v2\/media\/85610"}],"wp:attachment":[{"href":"https:\/\/cleitonpinheiro.com.br\/site\/wp-json\/wp\/v2\/media?parent=85609"}],"wp:term":[{"taxonomy":"category","embeddable":true,"href":"https:\/\/cleitonpinheiro.com.br\/site\/wp-json\/wp\/v2\/categories?post=85609"},{"taxonomy":"post_tag","embeddable":true,"href":"https:\/\/cleitonpinheiro.com.br\/site\/wp-json\/wp\/v2\/tags?post=85609"}],"curies":[{"name":"wp","href":"https:\/\/api.w.org\/{rel}","templated":true}]}}