{"id":85612,"date":"2025-05-23T12:47:32","date_gmt":"2025-05-23T15:47:32","guid":{"rendered":"https:\/\/cleitonpinheiro.com.br\/site\/?p=85612"},"modified":"2025-05-23T12:47:37","modified_gmt":"2025-05-23T15:47:37","slug":"governo-do-tocantins-institui-plano-estadual-para-erradicar-o-trabalho-escravo","status":"publish","type":"post","link":"https:\/\/cleitonpinheiro.com.br\/site\/governo-do-tocantins-institui-plano-estadual-para-erradicar-o-trabalho-escravo\/","title":{"rendered":"Governo do Tocantins institui plano estadual para erradicar o trabalho escravo"},"content":{"rendered":"\n<figure class=\"wp-block-image size-full\"><img fetchpriority=\"high\" decoding=\"async\" width=\"883\" height=\"546\" src=\"https:\/\/cleitonpinheiro.com.br\/site\/wp-content\/uploads\/2025\/05\/426249.jpg\" alt=\"\" class=\"wp-image-85613\" srcset=\"https:\/\/cleitonpinheiro.com.br\/site\/wp-content\/uploads\/2025\/05\/426249.jpg 883w, https:\/\/cleitonpinheiro.com.br\/site\/wp-content\/uploads\/2025\/05\/426249-300x186.jpg 300w, https:\/\/cleitonpinheiro.com.br\/site\/wp-content\/uploads\/2025\/05\/426249-768x475.jpg 768w\" sizes=\"(max-width: 883px) 100vw, 883px\" \/><\/figure>\n\n\n\n<p>O Governo do Tocantins publicou no Di\u00e1rio Oficial do Estado desta quarta-feira, 21, o <em>Decreto n\u00ba 6.962<\/em>, que aprova o Plano Estadual para a Erradica\u00e7\u00e3o do Trabalho Escravo (Peete\/TO). O documento foi elaborado pela Comiss\u00e3o Estadual de Erradica\u00e7\u00e3o do Trabalho Escravo (Coetrae\/TO), vinculada \u00e0 Secretaria de Estado da Cidadania e Justi\u00e7a (Seciju), e tem como foco principal o enfrentamento ao trabalho em condi\u00e7\u00f5es an\u00e1logas \u00e0 de escravo, com base na promo\u00e7\u00e3o da dignidade humana, da valoriza\u00e7\u00e3o do trabalho e da garantia dos direitos fundamentais.<\/p>\n\n\n\n<p>Conforme o decreto, caber\u00e1 aos \u00f3rg\u00e3os e entidades do Poder Executivo estadual executar a\u00e7\u00f5es estruturadas em cinco eixos: gest\u00e3o e or\u00e7amento; forma\u00e7\u00e3o e capacita\u00e7\u00e3o; fiscaliza\u00e7\u00e3o, investiga\u00e7\u00e3o e responsabiliza\u00e7\u00e3o; atendimento \u00e0s v\u00edtimas e quebra do ciclo da explora\u00e7\u00e3o. O plano ter\u00e1 validade de quatro anos e contar\u00e1 com acompanhamento e avalia\u00e7\u00e3o permanentes por mecanismos de controle social, como a pr\u00f3pria Coetrae\/TO.<\/p>\n\n\n\n<p>Para o presidente da Comiss\u00e3o, Jess\u00e9 Nascimento, que tamb\u00e9m atua como superintendente de Direitos Humanos e Pol\u00edtica de Drogas da Seciju, o plano \u00e9 uma ferramenta estrat\u00e9gica para enfrentar o problema de forma eficaz e articulada. \u201cEle define metas, indicadores e a\u00e7\u00f5es voltadas \u00e0 preven\u00e7\u00e3o, repress\u00e3o e reinser\u00e7\u00e3o social das v\u00edtimas, al\u00e9m de assegurar a participa\u00e7\u00e3o da sociedade nesse processo. \u00c9 um instrumento que visa proteger trabalhadores submetidos ao trabalho for\u00e7ado, \u00e0 jornada exaustiva, a condi\u00e7\u00f5es degradantes ou \u00e0 servid\u00e3o por d\u00edvida\u201d, destaca.<\/p>\n\n\n\n<p>O vice-presidente da Coetrae\/TO e representante da Comiss\u00e3o Pastoral da Terra, Frei Xavier Plassat, tamb\u00e9m enfatiza a import\u00e2ncia do plano como resultado de um trabalho coletivo. \u201cRevisamos os avan\u00e7os e lacunas do plano anterior e constru\u00edmos um novo documento com base na articula\u00e7\u00e3o entre \u00f3rg\u00e3os p\u00fablicos e entidades da sociedade civil, visando um atendimento mais completo e eficaz \u00e0s v\u00edtimas\u201d, afirma.<\/p>\n\n\n\n<p>O Peete\/TO est\u00e1 em conformidade com os compromissos nacionais e internacionais assumidos pelo Brasil no combate ao trabalho escravo contempor\u00e2neo e refor\u00e7a o papel do Estado na constru\u00e7\u00e3o de uma sociedade mais justa e livre de viola\u00e7\u00f5es.<\/p>\n","protected":false},"excerpt":{"rendered":"<p>O Governo do Tocantins publicou no Di\u00e1rio Oficial do Estado desta quarta-feira, 21, o Decreto n\u00ba 6.962, que aprova o Plano Estadual para a Erradica\u00e7\u00e3o do Trabalho Escravo (Peete\/TO). O documento foi elaborado pela Comiss\u00e3o Estadual de Erradica\u00e7\u00e3o do Trabalho Escravo (Coetrae\/TO), vinculada \u00e0 Secretaria de Estado da Cidadania e Justi\u00e7a (Seciju), e tem como [&hellip;]<\/p>\n","protected":false},"author":13,"featured_media":85613,"comment_status":"open","ping_status":"open","sticky":false,"template":"","format":"standard","meta":{"_acf_changed":false,"footnotes":""},"categories":[8,20,21],"tags":[],"class_list":["post-85612","post","type-post","status-publish","format-standard","has-post-thumbnail","hentry","category-estado","category-noticias-em-destaque","category-todas-noticias"],"acf":[],"yoast_head":"<!-- This site is optimized with the Yoast SEO plugin v24.4 - https:\/\/yoast.com\/wordpress\/plugins\/seo\/ -->\n<title>Governo do Tocantins institui plano estadual para erradicar o trabalho escravo - PORTAL DE NOT\u00cdCIAS CLEITON PINHEIRO<\/title>\n<meta name=\"robots\" content=\"index, follow, max-snippet:-1, max-image-preview:large, max-video-preview:-1\" \/>\n<link rel=\"canonical\" href=\"https:\/\/cleitonpinheiro.com.br\/site\/governo-do-tocantins-institui-plano-estadual-para-erradicar-o-trabalho-escravo\/\" \/>\n<meta property=\"og:locale\" content=\"pt_BR\" \/>\n<meta property=\"og:type\" content=\"article\" \/>\n<meta property=\"og:title\" content=\"Governo do Tocantins institui plano estadual para erradicar o trabalho escravo - PORTAL DE NOT\u00cdCIAS CLEITON PINHEIRO\" \/>\n<meta property=\"og:description\" content=\"O Governo do Tocantins publicou no Di\u00e1rio Oficial do Estado desta quarta-feira, 21, o Decreto n\u00ba 6.962, que aprova o Plano Estadual para a Erradica\u00e7\u00e3o do Trabalho Escravo (Peete\/TO). O documento foi elaborado pela Comiss\u00e3o Estadual de Erradica\u00e7\u00e3o do Trabalho Escravo (Coetrae\/TO), vinculada \u00e0 Secretaria de Estado da Cidadania e Justi\u00e7a (Seciju), e tem como [&hellip;]\" \/>\n<meta property=\"og:url\" content=\"https:\/\/cleitonpinheiro.com.br\/site\/governo-do-tocantins-institui-plano-estadual-para-erradicar-o-trabalho-escravo\/\" \/>\n<meta property=\"og:site_name\" content=\"PORTAL DE NOT\u00cdCIAS CLEITON PINHEIRO\" \/>\n<meta property=\"article:publisher\" content=\"https:\/\/www.facebook.com\/portalcpnoticias\/\" \/>\n<meta property=\"article:published_time\" content=\"2025-05-23T15:47:32+00:00\" \/>\n<meta property=\"article:modified_time\" content=\"2025-05-23T15:47:37+00:00\" \/>\n<meta property=\"og:image\" content=\"https:\/\/cleitonpinheiro.com.br\/site\/wp-content\/uploads\/2025\/05\/426249.jpg\" \/>\n\t<meta property=\"og:image:width\" content=\"883\" \/>\n\t<meta property=\"og:image:height\" content=\"546\" \/>\n\t<meta property=\"og:image:type\" content=\"image\/jpeg\" \/>\n<meta name=\"author\" content=\"Reda\u00e7\u00e3o CP\" \/>\n<meta name=\"twitter:card\" content=\"summary_large_image\" \/>\n<meta name=\"twitter:label1\" content=\"Escrito por\" \/>\n\t<meta name=\"twitter:data1\" content=\"Reda\u00e7\u00e3o CP\" \/>\n\t<meta name=\"twitter:label2\" content=\"Est. tempo de leitura\" \/>\n\t<meta name=\"twitter:data2\" content=\"3 minutos\" \/>\n<script type=\"application\/ld+json\" class=\"yoast-schema-graph\">{\"@context\":\"https:\/\/schema.org\",\"@graph\":[{\"@type\":\"Article\",\"@id\":\"https:\/\/cleitonpinheiro.com.br\/site\/governo-do-tocantins-institui-plano-estadual-para-erradicar-o-trabalho-escravo\/#article\",\"isPartOf\":{\"@id\":\"https:\/\/cleitonpinheiro.com.br\/site\/governo-do-tocantins-institui-plano-estadual-para-erradicar-o-trabalho-escravo\/\"},\"author\":{\"name\":\"Reda\u00e7\u00e3o CP\",\"@id\":\"https:\/\/cleitonpinheiro.com.br\/site\/#\/schema\/person\/8f04544e0bc40a1b68775b08360f87db\"},\"headline\":\"Governo do Tocantins institui plano estadual para erradicar o trabalho escravo\",\"datePublished\":\"2025-05-23T15:47:32+00:00\",\"dateModified\":\"2025-05-23T15:47:37+00:00\",\"mainEntityOfPage\":{\"@id\":\"https:\/\/cleitonpinheiro.com.br\/site\/governo-do-tocantins-institui-plano-estadual-para-erradicar-o-trabalho-escravo\/\"},\"wordCount\":382,\"commentCount\":0,\"publisher\":{\"@id\":\"https:\/\/cleitonpinheiro.com.br\/site\/#organization\"},\"image\":{\"@id\":\"https:\/\/cleitonpinheiro.com.br\/site\/governo-do-tocantins-institui-plano-estadual-para-erradicar-o-trabalho-escravo\/#primaryimage\"},\"thumbnailUrl\":\"https:\/\/cleitonpinheiro.com.br\/site\/wp-content\/uploads\/2025\/05\/426249.jpg\",\"articleSection\":[\"ESTADO\",\"NOT\u00cdCIAS EM DESTAQUE\",\"TODAS NOTICIAS\"],\"inLanguage\":\"pt-BR\",\"potentialAction\":[{\"@type\":\"CommentAction\",\"name\":\"Comment\",\"target\":[\"https:\/\/cleitonpinheiro.com.br\/site\/governo-do-tocantins-institui-plano-estadual-para-erradicar-o-trabalho-escravo\/#respond\"]}]},{\"@type\":\"WebPage\",\"@id\":\"https:\/\/cleitonpinheiro.com.br\/site\/governo-do-tocantins-institui-plano-estadual-para-erradicar-o-trabalho-escravo\/\",\"url\":\"https:\/\/cleitonpinheiro.com.br\/site\/governo-do-tocantins-institui-plano-estadual-para-erradicar-o-trabalho-escravo\/\",\"name\":\"Governo do Tocantins institui plano estadual para erradicar o trabalho escravo - PORTAL DE NOT\u00cdCIAS CLEITON PINHEIRO\",\"isPartOf\":{\"@id\":\"https:\/\/cleitonpinheiro.com.br\/site\/#website\"},\"primaryImageOfPage\":{\"@id\":\"https:\/\/cleitonpinheiro.com.br\/site\/governo-do-tocantins-institui-plano-estadual-para-erradicar-o-trabalho-escravo\/#primaryimage\"},\"image\":{\"@id\":\"https:\/\/cleitonpinheiro.com.br\/site\/governo-do-tocantins-institui-plano-estadual-para-erradicar-o-trabalho-escravo\/#primaryimage\"},\"thumbnailUrl\":\"https:\/\/cleitonpinheiro.com.br\/site\/wp-content\/uploads\/2025\/05\/426249.jpg\",\"datePublished\":\"2025-05-23T15:47:32+00:00\",\"dateModified\":\"2025-05-23T15:47:37+00:00\",\"breadcrumb\":{\"@id\":\"https:\/\/cleitonpinheiro.com.br\/site\/governo-do-tocantins-institui-plano-estadual-para-erradicar-o-trabalho-escravo\/#breadcrumb\"},\"inLanguage\":\"pt-BR\",\"potentialAction\":[{\"@type\":\"ReadAction\",\"target\":[\"https:\/\/cleitonpinheiro.com.br\/site\/governo-do-tocantins-institui-plano-estadual-para-erradicar-o-trabalho-escravo\/\"]}]},{\"@type\":\"ImageObject\",\"inLanguage\":\"pt-BR\",\"@id\":\"https:\/\/cleitonpinheiro.com.br\/site\/governo-do-tocantins-institui-plano-estadual-para-erradicar-o-trabalho-escravo\/#primaryimage\",\"url\":\"https:\/\/cleitonpinheiro.com.br\/site\/wp-content\/uploads\/2025\/05\/426249.jpg\",\"contentUrl\":\"https:\/\/cleitonpinheiro.com.br\/site\/wp-content\/uploads\/2025\/05\/426249.jpg\",\"width\":883,\"height\":546},{\"@type\":\"BreadcrumbList\",\"@id\":\"https:\/\/cleitonpinheiro.com.br\/site\/governo-do-tocantins-institui-plano-estadual-para-erradicar-o-trabalho-escravo\/#breadcrumb\",\"itemListElement\":[{\"@type\":\"ListItem\",\"position\":1,\"name\":\"In\u00edcio\",\"item\":\"https:\/\/cleitonpinheiro.com.br\/site\/\"},{\"@type\":\"ListItem\",\"position\":2,\"name\":\"Governo do Tocantins institui plano estadual para erradicar o trabalho escravo\"}]},{\"@type\":\"WebSite\",\"@id\":\"https:\/\/cleitonpinheiro.com.br\/site\/#website\",\"url\":\"https:\/\/cleitonpinheiro.com.br\/site\/\",\"name\":\"PORTAL DE NOT\u00cdCIAS CLEITON PINHEIRO\",\"description\":\"FALANDO A VERDADE\",\"publisher\":{\"@id\":\"https:\/\/cleitonpinheiro.com.br\/site\/#organization\"},\"potentialAction\":[{\"@type\":\"SearchAction\",\"target\":{\"@type\":\"EntryPoint\",\"urlTemplate\":\"https:\/\/cleitonpinheiro.com.br\/site\/?s={search_term_string}\"},\"query-input\":{\"@type\":\"PropertyValueSpecification\",\"valueRequired\":true,\"valueName\":\"search_term_string\"}}],\"inLanguage\":\"pt-BR\"},{\"@type\":\"Organization\",\"@id\":\"https:\/\/cleitonpinheiro.com.br\/site\/#organization\",\"name\":\"CPNOT\u00cdCIAS\",\"url\":\"https:\/\/cleitonpinheiro.com.br\/site\/\",\"logo\":{\"@type\":\"ImageObject\",\"inLanguage\":\"pt-BR\",\"@id\":\"https:\/\/cleitonpinheiro.com.br\/site\/#\/schema\/logo\/image\/\",\"url\":\"https:\/\/cleitonpinheiro.com.br\/site\/wp-content\/uploads\/2022\/08\/Logo-pequena-2.png\",\"contentUrl\":\"https:\/\/cleitonpinheiro.com.br\/site\/wp-content\/uploads\/2022\/08\/Logo-pequena-2.png\",\"width\":500,\"height\":500,\"caption\":\"CPNOT\u00cdCIAS\"},\"image\":{\"@id\":\"https:\/\/cleitonpinheiro.com.br\/site\/#\/schema\/logo\/image\/\"},\"sameAs\":[\"https:\/\/www.facebook.com\/portalcpnoticias\/\"]},{\"@type\":\"Person\",\"@id\":\"https:\/\/cleitonpinheiro.com.br\/site\/#\/schema\/person\/8f04544e0bc40a1b68775b08360f87db\",\"name\":\"Reda\u00e7\u00e3o CP\",\"image\":{\"@type\":\"ImageObject\",\"inLanguage\":\"pt-BR\",\"@id\":\"https:\/\/cleitonpinheiro.com.br\/site\/#\/schema\/person\/image\/\",\"url\":\"https:\/\/secure.gravatar.com\/avatar\/0bcf19cb29fdc8fc588c490c7ae1b3e174dac268586a63fbe1d1893a0f9020cd?s=96&r=g\",\"contentUrl\":\"https:\/\/secure.gravatar.com\/avatar\/0bcf19cb29fdc8fc588c490c7ae1b3e174dac268586a63fbe1d1893a0f9020cd?s=96&r=g\",\"caption\":\"Reda\u00e7\u00e3o CP\"},\"url\":\"https:\/\/cleitonpinheiro.com.br\/site\/author\/redacao\/\"}]}<\/script>\n<!-- \/ Yoast SEO plugin. -->","yoast_head_json":{"title":"Governo do Tocantins institui plano estadual para erradicar o trabalho escravo - PORTAL DE NOT\u00cdCIAS CLEITON PINHEIRO","robots":{"index":"index","follow":"follow","max-snippet":"max-snippet:-1","max-image-preview":"max-image-preview:large","max-video-preview":"max-video-preview:-1"},"canonical":"https:\/\/cleitonpinheiro.com.br\/site\/governo-do-tocantins-institui-plano-estadual-para-erradicar-o-trabalho-escravo\/","og_locale":"pt_BR","og_type":"article","og_title":"Governo do Tocantins institui plano estadual para erradicar o trabalho escravo - PORTAL DE NOT\u00cdCIAS CLEITON PINHEIRO","og_description":"O Governo do Tocantins publicou no Di\u00e1rio Oficial do Estado desta quarta-feira, 21, o Decreto n\u00ba 6.962, que aprova o Plano Estadual para a Erradica\u00e7\u00e3o do Trabalho Escravo (Peete\/TO). O documento foi elaborado pela Comiss\u00e3o Estadual de Erradica\u00e7\u00e3o do Trabalho Escravo (Coetrae\/TO), vinculada \u00e0 Secretaria de Estado da Cidadania e Justi\u00e7a (Seciju), e tem como [&hellip;]","og_url":"https:\/\/cleitonpinheiro.com.br\/site\/governo-do-tocantins-institui-plano-estadual-para-erradicar-o-trabalho-escravo\/","og_site_name":"PORTAL DE NOT\u00cdCIAS CLEITON PINHEIRO","article_publisher":"https:\/\/www.facebook.com\/portalcpnoticias\/","article_published_time":"2025-05-23T15:47:32+00:00","article_modified_time":"2025-05-23T15:47:37+00:00","og_image":[{"width":883,"height":546,"url":"https:\/\/cleitonpinheiro.com.br\/site\/wp-content\/uploads\/2025\/05\/426249.jpg","type":"image\/jpeg"}],"author":"Reda\u00e7\u00e3o CP","twitter_card":"summary_large_image","twitter_misc":{"Escrito por":"Reda\u00e7\u00e3o CP","Est. tempo de leitura":"3 minutos"},"schema":{"@context":"https:\/\/schema.org","@graph":[{"@type":"Article","@id":"https:\/\/cleitonpinheiro.com.br\/site\/governo-do-tocantins-institui-plano-estadual-para-erradicar-o-trabalho-escravo\/#article","isPartOf":{"@id":"https:\/\/cleitonpinheiro.com.br\/site\/governo-do-tocantins-institui-plano-estadual-para-erradicar-o-trabalho-escravo\/"},"author":{"name":"Reda\u00e7\u00e3o CP","@id":"https:\/\/cleitonpinheiro.com.br\/site\/#\/schema\/person\/8f04544e0bc40a1b68775b08360f87db"},"headline":"Governo do Tocantins institui plano estadual para erradicar o trabalho escravo","datePublished":"2025-05-23T15:47:32+00:00","dateModified":"2025-05-23T15:47:37+00:00","mainEntityOfPage":{"@id":"https:\/\/cleitonpinheiro.com.br\/site\/governo-do-tocantins-institui-plano-estadual-para-erradicar-o-trabalho-escravo\/"},"wordCount":382,"commentCount":0,"publisher":{"@id":"https:\/\/cleitonpinheiro.com.br\/site\/#organization"},"image":{"@id":"https:\/\/cleitonpinheiro.com.br\/site\/governo-do-tocantins-institui-plano-estadual-para-erradicar-o-trabalho-escravo\/#primaryimage"},"thumbnailUrl":"https:\/\/cleitonpinheiro.com.br\/site\/wp-content\/uploads\/2025\/05\/426249.jpg","articleSection":["ESTADO","NOT\u00cdCIAS EM DESTAQUE","TODAS NOTICIAS"],"inLanguage":"pt-BR","potentialAction":[{"@type":"CommentAction","name":"Comment","target":["https:\/\/cleitonpinheiro.com.br\/site\/governo-do-tocantins-institui-plano-estadual-para-erradicar-o-trabalho-escravo\/#respond"]}]},{"@type":"WebPage","@id":"https:\/\/cleitonpinheiro.com.br\/site\/governo-do-tocantins-institui-plano-estadual-para-erradicar-o-trabalho-escravo\/","url":"https:\/\/cleitonpinheiro.com.br\/site\/governo-do-tocantins-institui-plano-estadual-para-erradicar-o-trabalho-escravo\/","name":"Governo do Tocantins institui plano estadual para erradicar o trabalho escravo - PORTAL DE NOT\u00cdCIAS CLEITON PINHEIRO","isPartOf":{"@id":"https:\/\/cleitonpinheiro.com.br\/site\/#website"},"primaryImageOfPage":{"@id":"https:\/\/cleitonpinheiro.com.br\/site\/governo-do-tocantins-institui-plano-estadual-para-erradicar-o-trabalho-escravo\/#primaryimage"},"image":{"@id":"https:\/\/cleitonpinheiro.com.br\/site\/governo-do-tocantins-institui-plano-estadual-para-erradicar-o-trabalho-escravo\/#primaryimage"},"thumbnailUrl":"https:\/\/cleitonpinheiro.com.br\/site\/wp-content\/uploads\/2025\/05\/426249.jpg","datePublished":"2025-05-23T15:47:32+00:00","dateModified":"2025-05-23T15:47:37+00:00","breadcrumb":{"@id":"https:\/\/cleitonpinheiro.com.br\/site\/governo-do-tocantins-institui-plano-estadual-para-erradicar-o-trabalho-escravo\/#breadcrumb"},"inLanguage":"pt-BR","potentialAction":[{"@type":"ReadAction","target":["https:\/\/cleitonpinheiro.com.br\/site\/governo-do-tocantins-institui-plano-estadual-para-erradicar-o-trabalho-escravo\/"]}]},{"@type":"ImageObject","inLanguage":"pt-BR","@id":"https:\/\/cleitonpinheiro.com.br\/site\/governo-do-tocantins-institui-plano-estadual-para-erradicar-o-trabalho-escravo\/#primaryimage","url":"https:\/\/cleitonpinheiro.com.br\/site\/wp-content\/uploads\/2025\/05\/426249.jpg","contentUrl":"https:\/\/cleitonpinheiro.com.br\/site\/wp-content\/uploads\/2025\/05\/426249.jpg","width":883,"height":546},{"@type":"BreadcrumbList","@id":"https:\/\/cleitonpinheiro.com.br\/site\/governo-do-tocantins-institui-plano-estadual-para-erradicar-o-trabalho-escravo\/#breadcrumb","itemListElement":[{"@type":"ListItem","position":1,"name":"In\u00edcio","item":"https:\/\/cleitonpinheiro.com.br\/site\/"},{"@type":"ListItem","position":2,"name":"Governo do Tocantins institui plano estadual para erradicar o trabalho escravo"}]},{"@type":"WebSite","@id":"https:\/\/cleitonpinheiro.com.br\/site\/#website","url":"https:\/\/cleitonpinheiro.com.br\/site\/","name":"PORTAL DE NOT\u00cdCIAS CLEITON PINHEIRO","description":"FALANDO A VERDADE","publisher":{"@id":"https:\/\/cleitonpinheiro.com.br\/site\/#organization"},"potentialAction":[{"@type":"SearchAction","target":{"@type":"EntryPoint","urlTemplate":"https:\/\/cleitonpinheiro.com.br\/site\/?s={search_term_string}"},"query-input":{"@type":"PropertyValueSpecification","valueRequired":true,"valueName":"search_term_string"}}],"inLanguage":"pt-BR"},{"@type":"Organization","@id":"https:\/\/cleitonpinheiro.com.br\/site\/#organization","name":"CPNOT\u00cdCIAS","url":"https:\/\/cleitonpinheiro.com.br\/site\/","logo":{"@type":"ImageObject","inLanguage":"pt-BR","@id":"https:\/\/cleitonpinheiro.com.br\/site\/#\/schema\/logo\/image\/","url":"https:\/\/cleitonpinheiro.com.br\/site\/wp-content\/uploads\/2022\/08\/Logo-pequena-2.png","contentUrl":"https:\/\/cleitonpinheiro.com.br\/site\/wp-content\/uploads\/2022\/08\/Logo-pequena-2.png","width":500,"height":500,"caption":"CPNOT\u00cdCIAS"},"image":{"@id":"https:\/\/cleitonpinheiro.com.br\/site\/#\/schema\/logo\/image\/"},"sameAs":["https:\/\/www.facebook.com\/portalcpnoticias\/"]},{"@type":"Person","@id":"https:\/\/cleitonpinheiro.com.br\/site\/#\/schema\/person\/8f04544e0bc40a1b68775b08360f87db","name":"Reda\u00e7\u00e3o CP","image":{"@type":"ImageObject","inLanguage":"pt-BR","@id":"https:\/\/cleitonpinheiro.com.br\/site\/#\/schema\/person\/image\/","url":"https:\/\/secure.gravatar.com\/avatar\/0bcf19cb29fdc8fc588c490c7ae1b3e174dac268586a63fbe1d1893a0f9020cd?s=96&r=g","contentUrl":"https:\/\/secure.gravatar.com\/avatar\/0bcf19cb29fdc8fc588c490c7ae1b3e174dac268586a63fbe1d1893a0f9020cd?s=96&r=g","caption":"Reda\u00e7\u00e3o CP"},"url":"https:\/\/cleitonpinheiro.com.br\/site\/author\/redacao\/"}]}},"views":159,"_links":{"self":[{"href":"https:\/\/cleitonpinheiro.com.br\/site\/wp-json\/wp\/v2\/posts\/85612","targetHints":{"allow":["GET"]}}],"collection":[{"href":"https:\/\/cleitonpinheiro.com.br\/site\/wp-json\/wp\/v2\/posts"}],"about":[{"href":"https:\/\/cleitonpinheiro.com.br\/site\/wp-json\/wp\/v2\/types\/post"}],"author":[{"embeddable":true,"href":"https:\/\/cleitonpinheiro.com.br\/site\/wp-json\/wp\/v2\/users\/13"}],"replies":[{"embeddable":true,"href":"https:\/\/cleitonpinheiro.com.br\/site\/wp-json\/wp\/v2\/comments?post=85612"}],"version-history":[{"count":1,"href":"https:\/\/cleitonpinheiro.com.br\/site\/wp-json\/wp\/v2\/posts\/85612\/revisions"}],"predecessor-version":[{"id":85614,"href":"https:\/\/cleitonpinheiro.com.br\/site\/wp-json\/wp\/v2\/posts\/85612\/revisions\/85614"}],"wp:featuredmedia":[{"embeddable":true,"href":"https:\/\/cleitonpinheiro.com.br\/site\/wp-json\/wp\/v2\/media\/85613"}],"wp:attachment":[{"href":"https:\/\/cleitonpinheiro.com.br\/site\/wp-json\/wp\/v2\/media?parent=85612"}],"wp:term":[{"taxonomy":"category","embeddable":true,"href":"https:\/\/cleitonpinheiro.com.br\/site\/wp-json\/wp\/v2\/categories?post=85612"},{"taxonomy":"post_tag","embeddable":true,"href":"https:\/\/cleitonpinheiro.com.br\/site\/wp-json\/wp\/v2\/tags?post=85612"}],"curies":[{"name":"wp","href":"https:\/\/api.w.org\/{rel}","templated":true}]}}