{"id":85623,"date":"2025-05-23T15:06:35","date_gmt":"2025-05-23T18:06:35","guid":{"rendered":"https:\/\/cleitonpinheiro.com.br\/site\/?p=85623"},"modified":"2025-05-27T10:21:43","modified_gmt":"2025-05-27T13:21:43","slug":"saude-do-to-realiza-chamamento-publico-de-medicos-especialistas-em-pediatria-ginecologia-e-obstetricia","status":"publish","type":"post","link":"https:\/\/cleitonpinheiro.com.br\/site\/saude-do-to-realiza-chamamento-publico-de-medicos-especialistas-em-pediatria-ginecologia-e-obstetricia\/","title":{"rendered":"Sa\u00fade do TO realiza chamamento p\u00fablico de m\u00e9dicos especialistas em pediatria, ginecologia e obstetr\u00edcia"},"content":{"rendered":"\n<figure class=\"wp-block-image size-full\"><img fetchpriority=\"high\" decoding=\"async\" width=\"883\" height=\"546\" src=\"https:\/\/cleitonpinheiro.com.br\/site\/wp-content\/uploads\/2025\/05\/426274.jpg\" alt=\"\" class=\"wp-image-85624\" srcset=\"https:\/\/cleitonpinheiro.com.br\/site\/wp-content\/uploads\/2025\/05\/426274.jpg 883w, https:\/\/cleitonpinheiro.com.br\/site\/wp-content\/uploads\/2025\/05\/426274-300x186.jpg 300w, https:\/\/cleitonpinheiro.com.br\/site\/wp-content\/uploads\/2025\/05\/426274-768x475.jpg 768w\" sizes=\"(max-width: 883px) 100vw, 883px\" \/><figcaption class=\"wp-element-caption\">Foto: Ananda Santos\/Governo do Tocantins<\/figcaption><\/figure>\n\n\n\n<p>A Secretaria de Estado da Sa\u00fade (SES\/TO) publicou, nessa quinta-feira, 22, no Di\u00e1rio Oficial do Estado (DOE) n\u00ba 6.820, o chamamento p\u00fablico de m\u00e9dicos especialistas nas \u00e1reas de pediatria, ginecologia e obstetr\u00edcia.<\/p>\n\n\n\n<p>As contrata\u00e7\u00f5es ser\u00e3o tempor\u00e1rias e obedecer\u00e3o \u00e0 Lei n\u00ba 3.422, de 8 de mar\u00e7o de 2019, que disp\u00f5e sobre a contrata\u00e7\u00e3o de pessoal por tempo determinado, visando atender a necessidade tempor\u00e1ria de excepcional interesse p\u00fablico.<\/p>\n\n\n\n<p>Os interessados devem encaminhar o curr\u00edculo profissional e demais documentos especificados no edital, que est\u00e1 dispon\u00edvel no link, para o seguinte e-mail: sestochamamento@gmail.com.<\/p>\n\n\n\n<p>Haver\u00e1 indeniza\u00e7\u00e3o por insalubridade que pode ser de 8%, 10% ou 12%, e adicional noturno, conforme as regras estabelecidas nas legisla\u00e7\u00f5es vigentes.<\/p>\n\n\n\n<p>De acordo com o edital, as remunera\u00e7\u00f5es para os m\u00e9dicos especialistas ser\u00e3o: R$ 7.499,70 para a carga hor\u00e1ria de 90 horas; R$ 14.999,40 (180 horas) e R$ 22.499,00 (270 horas).<\/p>\n\n\n\n<p>As unidades de lota\u00e7\u00e3o s\u00e3o o Hospital Regional de Para\u00edso Doutor Alfredo Oliveira Barros (HRP); o Centro Integrado de Assist\u00eancia \u00e0 Mulher e \u00e0 Crian\u00e7a Dona Regina Siqueira Campos, em Palmas (HMDR); o Hospital de Refer\u00eancia de Miracema do Tocantins (HRM); o Hospital e Maternidade Infantil Edmunda Cavalcante &#8211; Tia Ded\u00e9, em Porto Nacional (HMITD); o Hospital de Refer\u00eancia de Guara\u00ed (HRGUA); e o Hospital de Refer\u00eancia de Gurupi (HRG).<\/p>\n\n\n\n<p>Texto: Ananda Santos\/Governo do Tocantins<\/p>\n","protected":false},"excerpt":{"rendered":"<p>A Secretaria de Estado da Sa\u00fade (SES\/TO) publicou, nessa quinta-feira, 22, no Di\u00e1rio Oficial do Estado (DOE) n\u00ba 6.820, o chamamento p\u00fablico de m\u00e9dicos especialistas nas \u00e1reas de pediatria, ginecologia e obstetr\u00edcia. As contrata\u00e7\u00f5es ser\u00e3o tempor\u00e1rias e obedecer\u00e3o \u00e0 Lei n\u00ba 3.422, de 8 de mar\u00e7o de 2019, que disp\u00f5e sobre a contrata\u00e7\u00e3o de pessoal [&hellip;]<\/p>\n","protected":false},"author":13,"featured_media":85624,"comment_status":"open","ping_status":"open","sticky":false,"template":"","format":"standard","meta":{"_acf_changed":false,"footnotes":""},"categories":[25,20,21],"tags":[],"class_list":["post-85623","post","type-post","status-publish","format-standard","has-post-thumbnail","hentry","category-funcionalismo","category-noticias-em-destaque","category-todas-noticias"],"acf":[],"yoast_head":"<!-- This site is optimized with the Yoast SEO plugin v24.4 - https:\/\/yoast.com\/wordpress\/plugins\/seo\/ -->\n<title>Sa\u00fade do TO realiza chamamento p\u00fablico de m\u00e9dicos especialistas em pediatria, ginecologia e obstetr\u00edcia - PORTAL DE NOT\u00cdCIAS CLEITON PINHEIRO<\/title>\n<meta name=\"robots\" content=\"index, follow, max-snippet:-1, max-image-preview:large, max-video-preview:-1\" \/>\n<link rel=\"canonical\" href=\"https:\/\/cleitonpinheiro.com.br\/site\/saude-do-to-realiza-chamamento-publico-de-medicos-especialistas-em-pediatria-ginecologia-e-obstetricia\/\" \/>\n<meta property=\"og:locale\" content=\"pt_BR\" \/>\n<meta property=\"og:type\" content=\"article\" \/>\n<meta property=\"og:title\" content=\"Sa\u00fade do TO realiza chamamento p\u00fablico de m\u00e9dicos especialistas em pediatria, ginecologia e obstetr\u00edcia - PORTAL DE NOT\u00cdCIAS CLEITON PINHEIRO\" \/>\n<meta property=\"og:description\" content=\"A Secretaria de Estado da Sa\u00fade (SES\/TO) publicou, nessa quinta-feira, 22, no Di\u00e1rio Oficial do Estado (DOE) n\u00ba 6.820, o chamamento p\u00fablico de m\u00e9dicos especialistas nas \u00e1reas de pediatria, ginecologia e obstetr\u00edcia. As contrata\u00e7\u00f5es ser\u00e3o tempor\u00e1rias e obedecer\u00e3o \u00e0 Lei n\u00ba 3.422, de 8 de mar\u00e7o de 2019, que disp\u00f5e sobre a contrata\u00e7\u00e3o de pessoal [&hellip;]\" \/>\n<meta property=\"og:url\" content=\"https:\/\/cleitonpinheiro.com.br\/site\/saude-do-to-realiza-chamamento-publico-de-medicos-especialistas-em-pediatria-ginecologia-e-obstetricia\/\" \/>\n<meta property=\"og:site_name\" content=\"PORTAL DE NOT\u00cdCIAS CLEITON PINHEIRO\" \/>\n<meta property=\"article:publisher\" content=\"https:\/\/www.facebook.com\/portalcpnoticias\/\" \/>\n<meta property=\"article:published_time\" content=\"2025-05-23T18:06:35+00:00\" \/>\n<meta property=\"article:modified_time\" content=\"2025-05-27T13:21:43+00:00\" \/>\n<meta property=\"og:image\" content=\"https:\/\/cleitonpinheiro.com.br\/site\/wp-content\/uploads\/2025\/05\/426274.jpg\" \/>\n\t<meta property=\"og:image:width\" content=\"883\" \/>\n\t<meta property=\"og:image:height\" content=\"546\" \/>\n\t<meta property=\"og:image:type\" content=\"image\/jpeg\" \/>\n<meta name=\"author\" content=\"Reda\u00e7\u00e3o CP\" \/>\n<meta name=\"twitter:card\" content=\"summary_large_image\" \/>\n<meta name=\"twitter:label1\" content=\"Escrito por\" \/>\n\t<meta name=\"twitter:data1\" content=\"Reda\u00e7\u00e3o CP\" \/>\n\t<meta name=\"twitter:label2\" content=\"Est. tempo de leitura\" \/>\n\t<meta name=\"twitter:data2\" content=\"2 minutos\" \/>\n<script type=\"application\/ld+json\" class=\"yoast-schema-graph\">{\"@context\":\"https:\/\/schema.org\",\"@graph\":[{\"@type\":\"Article\",\"@id\":\"https:\/\/cleitonpinheiro.com.br\/site\/saude-do-to-realiza-chamamento-publico-de-medicos-especialistas-em-pediatria-ginecologia-e-obstetricia\/#article\",\"isPartOf\":{\"@id\":\"https:\/\/cleitonpinheiro.com.br\/site\/saude-do-to-realiza-chamamento-publico-de-medicos-especialistas-em-pediatria-ginecologia-e-obstetricia\/\"},\"author\":{\"name\":\"Reda\u00e7\u00e3o CP\",\"@id\":\"https:\/\/cleitonpinheiro.com.br\/site\/#\/schema\/person\/8f04544e0bc40a1b68775b08360f87db\"},\"headline\":\"Sa\u00fade do TO realiza chamamento p\u00fablico de m\u00e9dicos especialistas em pediatria, ginecologia e obstetr\u00edcia\",\"datePublished\":\"2025-05-23T18:06:35+00:00\",\"dateModified\":\"2025-05-27T13:21:43+00:00\",\"mainEntityOfPage\":{\"@id\":\"https:\/\/cleitonpinheiro.com.br\/site\/saude-do-to-realiza-chamamento-publico-de-medicos-especialistas-em-pediatria-ginecologia-e-obstetricia\/\"},\"wordCount\":258,\"commentCount\":0,\"publisher\":{\"@id\":\"https:\/\/cleitonpinheiro.com.br\/site\/#organization\"},\"image\":{\"@id\":\"https:\/\/cleitonpinheiro.com.br\/site\/saude-do-to-realiza-chamamento-publico-de-medicos-especialistas-em-pediatria-ginecologia-e-obstetricia\/#primaryimage\"},\"thumbnailUrl\":\"https:\/\/cleitonpinheiro.com.br\/site\/wp-content\/uploads\/2025\/05\/426274.jpg\",\"articleSection\":[\"FUNCIONALISMO\",\"NOT\u00cdCIAS EM DESTAQUE\",\"TODAS NOTICIAS\"],\"inLanguage\":\"pt-BR\",\"potentialAction\":[{\"@type\":\"CommentAction\",\"name\":\"Comment\",\"target\":[\"https:\/\/cleitonpinheiro.com.br\/site\/saude-do-to-realiza-chamamento-publico-de-medicos-especialistas-em-pediatria-ginecologia-e-obstetricia\/#respond\"]}]},{\"@type\":\"WebPage\",\"@id\":\"https:\/\/cleitonpinheiro.com.br\/site\/saude-do-to-realiza-chamamento-publico-de-medicos-especialistas-em-pediatria-ginecologia-e-obstetricia\/\",\"url\":\"https:\/\/cleitonpinheiro.com.br\/site\/saude-do-to-realiza-chamamento-publico-de-medicos-especialistas-em-pediatria-ginecologia-e-obstetricia\/\",\"name\":\"Sa\u00fade do TO realiza chamamento p\u00fablico de m\u00e9dicos especialistas em pediatria, ginecologia e obstetr\u00edcia - PORTAL DE NOT\u00cdCIAS CLEITON PINHEIRO\",\"isPartOf\":{\"@id\":\"https:\/\/cleitonpinheiro.com.br\/site\/#website\"},\"primaryImageOfPage\":{\"@id\":\"https:\/\/cleitonpinheiro.com.br\/site\/saude-do-to-realiza-chamamento-publico-de-medicos-especialistas-em-pediatria-ginecologia-e-obstetricia\/#primaryimage\"},\"image\":{\"@id\":\"https:\/\/cleitonpinheiro.com.br\/site\/saude-do-to-realiza-chamamento-publico-de-medicos-especialistas-em-pediatria-ginecologia-e-obstetricia\/#primaryimage\"},\"thumbnailUrl\":\"https:\/\/cleitonpinheiro.com.br\/site\/wp-content\/uploads\/2025\/05\/426274.jpg\",\"datePublished\":\"2025-05-23T18:06:35+00:00\",\"dateModified\":\"2025-05-27T13:21:43+00:00\",\"breadcrumb\":{\"@id\":\"https:\/\/cleitonpinheiro.com.br\/site\/saude-do-to-realiza-chamamento-publico-de-medicos-especialistas-em-pediatria-ginecologia-e-obstetricia\/#breadcrumb\"},\"inLanguage\":\"pt-BR\",\"potentialAction\":[{\"@type\":\"ReadAction\",\"target\":[\"https:\/\/cleitonpinheiro.com.br\/site\/saude-do-to-realiza-chamamento-publico-de-medicos-especialistas-em-pediatria-ginecologia-e-obstetricia\/\"]}]},{\"@type\":\"ImageObject\",\"inLanguage\":\"pt-BR\",\"@id\":\"https:\/\/cleitonpinheiro.com.br\/site\/saude-do-to-realiza-chamamento-publico-de-medicos-especialistas-em-pediatria-ginecologia-e-obstetricia\/#primaryimage\",\"url\":\"https:\/\/cleitonpinheiro.com.br\/site\/wp-content\/uploads\/2025\/05\/426274.jpg\",\"contentUrl\":\"https:\/\/cleitonpinheiro.com.br\/site\/wp-content\/uploads\/2025\/05\/426274.jpg\",\"width\":883,\"height\":546,\"caption\":\"Foto: Ananda Santos\/Governo do Tocantins\"},{\"@type\":\"BreadcrumbList\",\"@id\":\"https:\/\/cleitonpinheiro.com.br\/site\/saude-do-to-realiza-chamamento-publico-de-medicos-especialistas-em-pediatria-ginecologia-e-obstetricia\/#breadcrumb\",\"itemListElement\":[{\"@type\":\"ListItem\",\"position\":1,\"name\":\"In\u00edcio\",\"item\":\"https:\/\/cleitonpinheiro.com.br\/site\/\"},{\"@type\":\"ListItem\",\"position\":2,\"name\":\"Sa\u00fade do TO realiza chamamento p\u00fablico de m\u00e9dicos especialistas em pediatria, ginecologia e obstetr\u00edcia\"}]},{\"@type\":\"WebSite\",\"@id\":\"https:\/\/cleitonpinheiro.com.br\/site\/#website\",\"url\":\"https:\/\/cleitonpinheiro.com.br\/site\/\",\"name\":\"PORTAL DE NOT\u00cdCIAS CLEITON PINHEIRO\",\"description\":\"FALANDO A VERDADE\",\"publisher\":{\"@id\":\"https:\/\/cleitonpinheiro.com.br\/site\/#organization\"},\"potentialAction\":[{\"@type\":\"SearchAction\",\"target\":{\"@type\":\"EntryPoint\",\"urlTemplate\":\"https:\/\/cleitonpinheiro.com.br\/site\/?s={search_term_string}\"},\"query-input\":{\"@type\":\"PropertyValueSpecification\",\"valueRequired\":true,\"valueName\":\"search_term_string\"}}],\"inLanguage\":\"pt-BR\"},{\"@type\":\"Organization\",\"@id\":\"https:\/\/cleitonpinheiro.com.br\/site\/#organization\",\"name\":\"CPNOT\u00cdCIAS\",\"url\":\"https:\/\/cleitonpinheiro.com.br\/site\/\",\"logo\":{\"@type\":\"ImageObject\",\"inLanguage\":\"pt-BR\",\"@id\":\"https:\/\/cleitonpinheiro.com.br\/site\/#\/schema\/logo\/image\/\",\"url\":\"https:\/\/cleitonpinheiro.com.br\/site\/wp-content\/uploads\/2022\/08\/Logo-pequena-2.png\",\"contentUrl\":\"https:\/\/cleitonpinheiro.com.br\/site\/wp-content\/uploads\/2022\/08\/Logo-pequena-2.png\",\"width\":500,\"height\":500,\"caption\":\"CPNOT\u00cdCIAS\"},\"image\":{\"@id\":\"https:\/\/cleitonpinheiro.com.br\/site\/#\/schema\/logo\/image\/\"},\"sameAs\":[\"https:\/\/www.facebook.com\/portalcpnoticias\/\"]},{\"@type\":\"Person\",\"@id\":\"https:\/\/cleitonpinheiro.com.br\/site\/#\/schema\/person\/8f04544e0bc40a1b68775b08360f87db\",\"name\":\"Reda\u00e7\u00e3o CP\",\"image\":{\"@type\":\"ImageObject\",\"inLanguage\":\"pt-BR\",\"@id\":\"https:\/\/cleitonpinheiro.com.br\/site\/#\/schema\/person\/image\/\",\"url\":\"https:\/\/secure.gravatar.com\/avatar\/0bcf19cb29fdc8fc588c490c7ae1b3e174dac268586a63fbe1d1893a0f9020cd?s=96&r=g\",\"contentUrl\":\"https:\/\/secure.gravatar.com\/avatar\/0bcf19cb29fdc8fc588c490c7ae1b3e174dac268586a63fbe1d1893a0f9020cd?s=96&r=g\",\"caption\":\"Reda\u00e7\u00e3o CP\"},\"url\":\"https:\/\/cleitonpinheiro.com.br\/site\/author\/redacao\/\"}]}<\/script>\n<!-- \/ Yoast SEO plugin. -->","yoast_head_json":{"title":"Sa\u00fade do TO realiza chamamento p\u00fablico de m\u00e9dicos especialistas em pediatria, ginecologia e obstetr\u00edcia - PORTAL DE NOT\u00cdCIAS CLEITON PINHEIRO","robots":{"index":"index","follow":"follow","max-snippet":"max-snippet:-1","max-image-preview":"max-image-preview:large","max-video-preview":"max-video-preview:-1"},"canonical":"https:\/\/cleitonpinheiro.com.br\/site\/saude-do-to-realiza-chamamento-publico-de-medicos-especialistas-em-pediatria-ginecologia-e-obstetricia\/","og_locale":"pt_BR","og_type":"article","og_title":"Sa\u00fade do TO realiza chamamento p\u00fablico de m\u00e9dicos especialistas em pediatria, ginecologia e obstetr\u00edcia - PORTAL DE NOT\u00cdCIAS CLEITON PINHEIRO","og_description":"A Secretaria de Estado da Sa\u00fade (SES\/TO) publicou, nessa quinta-feira, 22, no Di\u00e1rio Oficial do Estado (DOE) n\u00ba 6.820, o chamamento p\u00fablico de m\u00e9dicos especialistas nas \u00e1reas de pediatria, ginecologia e obstetr\u00edcia. As contrata\u00e7\u00f5es ser\u00e3o tempor\u00e1rias e obedecer\u00e3o \u00e0 Lei n\u00ba 3.422, de 8 de mar\u00e7o de 2019, que disp\u00f5e sobre a contrata\u00e7\u00e3o de pessoal [&hellip;]","og_url":"https:\/\/cleitonpinheiro.com.br\/site\/saude-do-to-realiza-chamamento-publico-de-medicos-especialistas-em-pediatria-ginecologia-e-obstetricia\/","og_site_name":"PORTAL DE NOT\u00cdCIAS CLEITON PINHEIRO","article_publisher":"https:\/\/www.facebook.com\/portalcpnoticias\/","article_published_time":"2025-05-23T18:06:35+00:00","article_modified_time":"2025-05-27T13:21:43+00:00","og_image":[{"width":883,"height":546,"url":"https:\/\/cleitonpinheiro.com.br\/site\/wp-content\/uploads\/2025\/05\/426274.jpg","type":"image\/jpeg"}],"author":"Reda\u00e7\u00e3o CP","twitter_card":"summary_large_image","twitter_misc":{"Escrito por":"Reda\u00e7\u00e3o CP","Est. tempo de leitura":"2 minutos"},"schema":{"@context":"https:\/\/schema.org","@graph":[{"@type":"Article","@id":"https:\/\/cleitonpinheiro.com.br\/site\/saude-do-to-realiza-chamamento-publico-de-medicos-especialistas-em-pediatria-ginecologia-e-obstetricia\/#article","isPartOf":{"@id":"https:\/\/cleitonpinheiro.com.br\/site\/saude-do-to-realiza-chamamento-publico-de-medicos-especialistas-em-pediatria-ginecologia-e-obstetricia\/"},"author":{"name":"Reda\u00e7\u00e3o CP","@id":"https:\/\/cleitonpinheiro.com.br\/site\/#\/schema\/person\/8f04544e0bc40a1b68775b08360f87db"},"headline":"Sa\u00fade do TO realiza chamamento p\u00fablico de m\u00e9dicos especialistas em pediatria, ginecologia e obstetr\u00edcia","datePublished":"2025-05-23T18:06:35+00:00","dateModified":"2025-05-27T13:21:43+00:00","mainEntityOfPage":{"@id":"https:\/\/cleitonpinheiro.com.br\/site\/saude-do-to-realiza-chamamento-publico-de-medicos-especialistas-em-pediatria-ginecologia-e-obstetricia\/"},"wordCount":258,"commentCount":0,"publisher":{"@id":"https:\/\/cleitonpinheiro.com.br\/site\/#organization"},"image":{"@id":"https:\/\/cleitonpinheiro.com.br\/site\/saude-do-to-realiza-chamamento-publico-de-medicos-especialistas-em-pediatria-ginecologia-e-obstetricia\/#primaryimage"},"thumbnailUrl":"https:\/\/cleitonpinheiro.com.br\/site\/wp-content\/uploads\/2025\/05\/426274.jpg","articleSection":["FUNCIONALISMO","NOT\u00cdCIAS EM DESTAQUE","TODAS NOTICIAS"],"inLanguage":"pt-BR","potentialAction":[{"@type":"CommentAction","name":"Comment","target":["https:\/\/cleitonpinheiro.com.br\/site\/saude-do-to-realiza-chamamento-publico-de-medicos-especialistas-em-pediatria-ginecologia-e-obstetricia\/#respond"]}]},{"@type":"WebPage","@id":"https:\/\/cleitonpinheiro.com.br\/site\/saude-do-to-realiza-chamamento-publico-de-medicos-especialistas-em-pediatria-ginecologia-e-obstetricia\/","url":"https:\/\/cleitonpinheiro.com.br\/site\/saude-do-to-realiza-chamamento-publico-de-medicos-especialistas-em-pediatria-ginecologia-e-obstetricia\/","name":"Sa\u00fade do TO realiza chamamento p\u00fablico de m\u00e9dicos especialistas em pediatria, ginecologia e obstetr\u00edcia - PORTAL DE NOT\u00cdCIAS CLEITON PINHEIRO","isPartOf":{"@id":"https:\/\/cleitonpinheiro.com.br\/site\/#website"},"primaryImageOfPage":{"@id":"https:\/\/cleitonpinheiro.com.br\/site\/saude-do-to-realiza-chamamento-publico-de-medicos-especialistas-em-pediatria-ginecologia-e-obstetricia\/#primaryimage"},"image":{"@id":"https:\/\/cleitonpinheiro.com.br\/site\/saude-do-to-realiza-chamamento-publico-de-medicos-especialistas-em-pediatria-ginecologia-e-obstetricia\/#primaryimage"},"thumbnailUrl":"https:\/\/cleitonpinheiro.com.br\/site\/wp-content\/uploads\/2025\/05\/426274.jpg","datePublished":"2025-05-23T18:06:35+00:00","dateModified":"2025-05-27T13:21:43+00:00","breadcrumb":{"@id":"https:\/\/cleitonpinheiro.com.br\/site\/saude-do-to-realiza-chamamento-publico-de-medicos-especialistas-em-pediatria-ginecologia-e-obstetricia\/#breadcrumb"},"inLanguage":"pt-BR","potentialAction":[{"@type":"ReadAction","target":["https:\/\/cleitonpinheiro.com.br\/site\/saude-do-to-realiza-chamamento-publico-de-medicos-especialistas-em-pediatria-ginecologia-e-obstetricia\/"]}]},{"@type":"ImageObject","inLanguage":"pt-BR","@id":"https:\/\/cleitonpinheiro.com.br\/site\/saude-do-to-realiza-chamamento-publico-de-medicos-especialistas-em-pediatria-ginecologia-e-obstetricia\/#primaryimage","url":"https:\/\/cleitonpinheiro.com.br\/site\/wp-content\/uploads\/2025\/05\/426274.jpg","contentUrl":"https:\/\/cleitonpinheiro.com.br\/site\/wp-content\/uploads\/2025\/05\/426274.jpg","width":883,"height":546,"caption":"Foto: Ananda Santos\/Governo do Tocantins"},{"@type":"BreadcrumbList","@id":"https:\/\/cleitonpinheiro.com.br\/site\/saude-do-to-realiza-chamamento-publico-de-medicos-especialistas-em-pediatria-ginecologia-e-obstetricia\/#breadcrumb","itemListElement":[{"@type":"ListItem","position":1,"name":"In\u00edcio","item":"https:\/\/cleitonpinheiro.com.br\/site\/"},{"@type":"ListItem","position":2,"name":"Sa\u00fade do TO realiza chamamento p\u00fablico de m\u00e9dicos especialistas em pediatria, ginecologia e obstetr\u00edcia"}]},{"@type":"WebSite","@id":"https:\/\/cleitonpinheiro.com.br\/site\/#website","url":"https:\/\/cleitonpinheiro.com.br\/site\/","name":"PORTAL DE NOT\u00cdCIAS CLEITON PINHEIRO","description":"FALANDO A VERDADE","publisher":{"@id":"https:\/\/cleitonpinheiro.com.br\/site\/#organization"},"potentialAction":[{"@type":"SearchAction","target":{"@type":"EntryPoint","urlTemplate":"https:\/\/cleitonpinheiro.com.br\/site\/?s={search_term_string}"},"query-input":{"@type":"PropertyValueSpecification","valueRequired":true,"valueName":"search_term_string"}}],"inLanguage":"pt-BR"},{"@type":"Organization","@id":"https:\/\/cleitonpinheiro.com.br\/site\/#organization","name":"CPNOT\u00cdCIAS","url":"https:\/\/cleitonpinheiro.com.br\/site\/","logo":{"@type":"ImageObject","inLanguage":"pt-BR","@id":"https:\/\/cleitonpinheiro.com.br\/site\/#\/schema\/logo\/image\/","url":"https:\/\/cleitonpinheiro.com.br\/site\/wp-content\/uploads\/2022\/08\/Logo-pequena-2.png","contentUrl":"https:\/\/cleitonpinheiro.com.br\/site\/wp-content\/uploads\/2022\/08\/Logo-pequena-2.png","width":500,"height":500,"caption":"CPNOT\u00cdCIAS"},"image":{"@id":"https:\/\/cleitonpinheiro.com.br\/site\/#\/schema\/logo\/image\/"},"sameAs":["https:\/\/www.facebook.com\/portalcpnoticias\/"]},{"@type":"Person","@id":"https:\/\/cleitonpinheiro.com.br\/site\/#\/schema\/person\/8f04544e0bc40a1b68775b08360f87db","name":"Reda\u00e7\u00e3o CP","image":{"@type":"ImageObject","inLanguage":"pt-BR","@id":"https:\/\/cleitonpinheiro.com.br\/site\/#\/schema\/person\/image\/","url":"https:\/\/secure.gravatar.com\/avatar\/0bcf19cb29fdc8fc588c490c7ae1b3e174dac268586a63fbe1d1893a0f9020cd?s=96&r=g","contentUrl":"https:\/\/secure.gravatar.com\/avatar\/0bcf19cb29fdc8fc588c490c7ae1b3e174dac268586a63fbe1d1893a0f9020cd?s=96&r=g","caption":"Reda\u00e7\u00e3o CP"},"url":"https:\/\/cleitonpinheiro.com.br\/site\/author\/redacao\/"}]}},"views":180,"_links":{"self":[{"href":"https:\/\/cleitonpinheiro.com.br\/site\/wp-json\/wp\/v2\/posts\/85623","targetHints":{"allow":["GET"]}}],"collection":[{"href":"https:\/\/cleitonpinheiro.com.br\/site\/wp-json\/wp\/v2\/posts"}],"about":[{"href":"https:\/\/cleitonpinheiro.com.br\/site\/wp-json\/wp\/v2\/types\/post"}],"author":[{"embeddable":true,"href":"https:\/\/cleitonpinheiro.com.br\/site\/wp-json\/wp\/v2\/users\/13"}],"replies":[{"embeddable":true,"href":"https:\/\/cleitonpinheiro.com.br\/site\/wp-json\/wp\/v2\/comments?post=85623"}],"version-history":[{"count":1,"href":"https:\/\/cleitonpinheiro.com.br\/site\/wp-json\/wp\/v2\/posts\/85623\/revisions"}],"predecessor-version":[{"id":85625,"href":"https:\/\/cleitonpinheiro.com.br\/site\/wp-json\/wp\/v2\/posts\/85623\/revisions\/85625"}],"wp:featuredmedia":[{"embeddable":true,"href":"https:\/\/cleitonpinheiro.com.br\/site\/wp-json\/wp\/v2\/media\/85624"}],"wp:attachment":[{"href":"https:\/\/cleitonpinheiro.com.br\/site\/wp-json\/wp\/v2\/media?parent=85623"}],"wp:term":[{"taxonomy":"category","embeddable":true,"href":"https:\/\/cleitonpinheiro.com.br\/site\/wp-json\/wp\/v2\/categories?post=85623"},{"taxonomy":"post_tag","embeddable":true,"href":"https:\/\/cleitonpinheiro.com.br\/site\/wp-json\/wp\/v2\/tags?post=85623"}],"curies":[{"name":"wp","href":"https:\/\/api.w.org\/{rel}","templated":true}]}}