{"id":85629,"date":"2025-05-27T11:35:02","date_gmt":"2025-05-27T14:35:02","guid":{"rendered":"https:\/\/cleitonpinheiro.com.br\/site\/?p=85629"},"modified":"2025-05-28T11:40:00","modified_gmt":"2025-05-28T14:40:00","slug":"mutirao-de-negociacoes-fiscais-de-palmas-tem-inicio-na-segunda-feira-2-de-junho","status":"publish","type":"post","link":"https:\/\/cleitonpinheiro.com.br\/site\/mutirao-de-negociacoes-fiscais-de-palmas-tem-inicio-na-segunda-feira-2-de-junho\/","title":{"rendered":"Mutir\u00e3o de Negocia\u00e7\u00f5es Fiscais de Palmas tem in\u00edcio na segunda-feira, 2 de junho"},"content":{"rendered":"\n<figure class=\"wp-block-image size-large\"><img fetchpriority=\"high\" decoding=\"async\" width=\"1024\" height=\"683\" src=\"https:\/\/cleitonpinheiro.com.br\/site\/wp-content\/uploads\/2025\/05\/Foto-Cidade-de-palmas-entrada-de-Luz-Regiane-Rocha3-2048x1365-1-1024x683.jpg\" alt=\"\" class=\"wp-image-85630\" srcset=\"https:\/\/cleitonpinheiro.com.br\/site\/wp-content\/uploads\/2025\/05\/Foto-Cidade-de-palmas-entrada-de-Luz-Regiane-Rocha3-2048x1365-1-1024x683.jpg 1024w, https:\/\/cleitonpinheiro.com.br\/site\/wp-content\/uploads\/2025\/05\/Foto-Cidade-de-palmas-entrada-de-Luz-Regiane-Rocha3-2048x1365-1-300x200.jpg 300w, https:\/\/cleitonpinheiro.com.br\/site\/wp-content\/uploads\/2025\/05\/Foto-Cidade-de-palmas-entrada-de-Luz-Regiane-Rocha3-2048x1365-1-768x512.jpg 768w, https:\/\/cleitonpinheiro.com.br\/site\/wp-content\/uploads\/2025\/05\/Foto-Cidade-de-palmas-entrada-de-Luz-Regiane-Rocha3-2048x1365-1-1536x1024.jpg 1536w, https:\/\/cleitonpinheiro.com.br\/site\/wp-content\/uploads\/2025\/05\/Foto-Cidade-de-palmas-entrada-de-Luz-Regiane-Rocha3-2048x1365-1.jpg 2048w\" sizes=\"(max-width: 1024px) 100vw, 1024px\" \/><figcaption class=\"wp-element-caption\">Foto: Regiane Rocha<\/figcaption><\/figure>\n\n\n\n<p>O Mutir\u00e3o de Negocia\u00e7\u00f5es Fiscais 2025 de Palmas ser\u00e1 realizado do dia 2 a 8 de junho. A Prefeitura da Capital, por meio da Secretaria Municipal de Finan\u00e7as (Sefin), aderiu ao programa do Conselho Nacional de Justi\u00e7a (CNJ) conforme decreto publicado no Di\u00e1rio Oficial do Munic\u00edpio (DOM) desta segunda-feira, 26. O Programa de Recupera\u00e7\u00e3o Fiscal (Refis) deste ano ser\u00e1 realizado no Centro de Conven\u00e7\u00f5es Parque do Povo e os atendimentos ser\u00e3o das 8 \u00e0s 18 horas, de forma ininterrupta.<\/p>\n\n\n\n<p>Os contribuintes interessados em negociar seus d\u00e9bitos durante o mutir\u00e3o ter\u00e3o a op\u00e7\u00e3o de buscar o atendimento presencial tamb\u00e9m durante o final de semana, j\u00e1 que o Refis ter\u00e1 at\u00e9 as 18 horas do domingo, oito. As senhas no local ser\u00e3o distribu\u00eddas das 7h30 minutos \u00e0s 17 horas.<\/p>\n\n\n\n<p>Tanto pessoas f\u00edsicas quanto jur\u00eddicas poder\u00e3o aderir ao Mutir\u00e3o de Negocia\u00e7\u00f5es Fiscais 2025. Basta comparecer ao local do evento, com os documentos necess\u00e1rios. Para pessoa f\u00edsica, Carteira de Identidade e CPF; para jur\u00eddica, Identidade e CPF do respons\u00e1vel legal pela empresa.<\/p>\n\n\n\n<h2 class=\"wp-block-heading\">Descontos<\/h2>\n\n\n\n<p>Durante o Mutir\u00e3o de Negocia\u00e7\u00f5es Fiscais 2025, os contribuintes poder\u00e3o negociar d\u00edvidas vencidas at\u00e9 o dia 30 de abril deste ano. S\u00e3o eles:<\/p>\n\n\n\n<p><strong>Cr\u00e9ditos tribut\u00e1rios<\/strong><\/p>\n\n\n\n<ul class=\"wp-block-list\">\n<li>\u2013 IPTU, ITBI, e ISS<\/li>\n\n\n\n<li>\u2013 Taxas em geral (Alvar\u00e1 de Funcionamento, Licen\u00e7a, Sanit\u00e1ria, Coleta de Lixo, etc.)<\/li>\n\n\n\n<li>\u2013 Pre\u00e7os p\u00fablicos, inclusive Outorga Onerosa e indeniza\u00e7\u00f5es de qualquer natureza<\/li>\n\n\n\n<li>\u2013 Multas<\/li>\n\n\n\n<li>\u2013 D\u00edvidas do Banco do povo<\/li>\n<\/ul>\n\n\n\n<p>Para os cr\u00e9ditos tribut\u00e1rios, pre\u00e7os p\u00fablicos e indeniza\u00e7\u00f5es, os contribuintes que optarem pelo pagamento \u00e0 vista poder\u00e3o ter descontos de at\u00e9 100% em multas e juros. Para o pagamento parcelado em at\u00e9 150 vezes, a depender do valor, o desconto ser\u00e1 de 50% a 95%.<\/p>\n\n\n\n<p>No caso das multas por descumprimento de obriga\u00e7\u00f5es tribut\u00e1rias e multas aplicadas pela fiscaliza\u00e7\u00e3o de obras e posturas, meio ambiente e vigil\u00e2ncia sanit\u00e1ria, os descontos podem chegar a 60% nas multas e juros. Al\u00e9m disso, quem optar pelo parcelamento em at\u00e9 26 vezes, os descontos variam de 30% a 50%. J\u00e1 para as multas de licita\u00e7\u00f5es e contratos, ser\u00e3o concedidos 40% de desconto do valor total, al\u00e9m de 10% a 35% de desconto do valor total para pagamento em at\u00e9 26 vezes.<\/p>\n\n\n\n<p>Por fim, as d\u00edvidas com o Banco do Povo ter\u00e3o 100% de desconto de juros, mas para o pagamento em at\u00e9 48 vezes os descontos ser\u00e3o entre 60% e 95%.<\/p>\n\n\n\n<p>Tais benef\u00edcios fiscais est\u00e3o previstos na Lei 2.619, de 29 de setembro de 2021. Com isso, o Poder Executivo de Palmas est\u00e1 autorizado a aderir ao Programa Nacional de Governan\u00e7a das Execu\u00e7\u00f5es Fiscais do Conselho Nacional de Justi\u00e7a (CNJ).<\/p>\n\n\n\n<h2 class=\"wp-block-heading\">O Mutir\u00e3o<\/h2>\n\n\n\n<p>O Mutir\u00e3o de Negocia\u00e7\u00f5es Fiscais 2025 \u00e9 uma realiza\u00e7\u00e3o do Conselho Nacional de Justi\u00e7a, Corregedoria Nacional de Justi\u00e7a, Poder Judici\u00e1rio, Tribunal de Justi\u00e7a do Estado do Tocantins, Central de Execu\u00e7\u00f5es Fiscais de Palmas, Centro Judici\u00e1rio de Solu\u00e7\u00e3o de Conflitos e Cidadania (Cejusc), Munic\u00edpio de Palmas, Secretaria Municipal de Finan\u00e7as e Procuradoria Geral do Munic\u00edpio.<\/p>\n\n\n\n<p>Texto: Cyntia Miranda &#8211; Prefeitura de Palmas<\/p>\n","protected":false},"excerpt":{"rendered":"<p>O Mutir\u00e3o de Negocia\u00e7\u00f5es Fiscais 2025 de Palmas ser\u00e1 realizado do dia 2 a 8 de junho. A Prefeitura da Capital, por meio da Secretaria Municipal de Finan\u00e7as (Sefin), aderiu ao programa do Conselho Nacional de Justi\u00e7a (CNJ) conforme decreto publicado no Di\u00e1rio Oficial do Munic\u00edpio (DOM) desta segunda-feira, 26. O Programa de Recupera\u00e7\u00e3o Fiscal [&hellip;]<\/p>\n","protected":false},"author":13,"featured_media":85630,"comment_status":"open","ping_status":"open","sticky":false,"template":"","format":"standard","meta":{"_acf_changed":false,"footnotes":""},"categories":[22,20,21],"tags":[],"class_list":["post-85629","post","type-post","status-publish","format-standard","has-post-thumbnail","hentry","category-cidades","category-noticias-em-destaque","category-todas-noticias"],"acf":[],"yoast_head":"<!-- This site is optimized with the Yoast SEO plugin v24.4 - https:\/\/yoast.com\/wordpress\/plugins\/seo\/ -->\n<title>Mutir\u00e3o de Negocia\u00e7\u00f5es Fiscais de Palmas tem in\u00edcio na segunda-feira, 2 de junho - PORTAL DE NOT\u00cdCIAS CLEITON PINHEIRO<\/title>\n<meta name=\"robots\" content=\"index, follow, max-snippet:-1, max-image-preview:large, max-video-preview:-1\" \/>\n<link rel=\"canonical\" href=\"https:\/\/cleitonpinheiro.com.br\/site\/mutirao-de-negociacoes-fiscais-de-palmas-tem-inicio-na-segunda-feira-2-de-junho\/\" \/>\n<meta property=\"og:locale\" content=\"pt_BR\" \/>\n<meta property=\"og:type\" content=\"article\" \/>\n<meta property=\"og:title\" content=\"Mutir\u00e3o de Negocia\u00e7\u00f5es Fiscais de Palmas tem in\u00edcio na segunda-feira, 2 de junho - PORTAL DE NOT\u00cdCIAS CLEITON PINHEIRO\" \/>\n<meta property=\"og:description\" content=\"O Mutir\u00e3o de Negocia\u00e7\u00f5es Fiscais 2025 de Palmas ser\u00e1 realizado do dia 2 a 8 de junho. A Prefeitura da Capital, por meio da Secretaria Municipal de Finan\u00e7as (Sefin), aderiu ao programa do Conselho Nacional de Justi\u00e7a (CNJ) conforme decreto publicado no Di\u00e1rio Oficial do Munic\u00edpio (DOM) desta segunda-feira, 26. O Programa de Recupera\u00e7\u00e3o Fiscal [&hellip;]\" \/>\n<meta property=\"og:url\" content=\"https:\/\/cleitonpinheiro.com.br\/site\/mutirao-de-negociacoes-fiscais-de-palmas-tem-inicio-na-segunda-feira-2-de-junho\/\" \/>\n<meta property=\"og:site_name\" content=\"PORTAL DE NOT\u00cdCIAS CLEITON PINHEIRO\" \/>\n<meta property=\"article:publisher\" content=\"https:\/\/www.facebook.com\/portalcpnoticias\/\" \/>\n<meta property=\"article:published_time\" content=\"2025-05-27T14:35:02+00:00\" \/>\n<meta property=\"article:modified_time\" content=\"2025-05-28T14:40:00+00:00\" \/>\n<meta property=\"og:image\" content=\"https:\/\/cleitonpinheiro.com.br\/site\/wp-content\/uploads\/2025\/05\/Foto-Cidade-de-palmas-entrada-de-Luz-Regiane-Rocha3-2048x1365-1.jpg\" \/>\n\t<meta property=\"og:image:width\" content=\"2048\" \/>\n\t<meta property=\"og:image:height\" content=\"1365\" \/>\n\t<meta property=\"og:image:type\" content=\"image\/jpeg\" \/>\n<meta name=\"author\" content=\"Reda\u00e7\u00e3o CP\" \/>\n<meta name=\"twitter:card\" content=\"summary_large_image\" \/>\n<meta name=\"twitter:label1\" content=\"Escrito por\" \/>\n\t<meta name=\"twitter:data1\" content=\"Reda\u00e7\u00e3o CP\" \/>\n\t<meta name=\"twitter:label2\" content=\"Est. tempo de leitura\" \/>\n\t<meta name=\"twitter:data2\" content=\"4 minutos\" \/>\n<script type=\"application\/ld+json\" class=\"yoast-schema-graph\">{\"@context\":\"https:\/\/schema.org\",\"@graph\":[{\"@type\":\"Article\",\"@id\":\"https:\/\/cleitonpinheiro.com.br\/site\/mutirao-de-negociacoes-fiscais-de-palmas-tem-inicio-na-segunda-feira-2-de-junho\/#article\",\"isPartOf\":{\"@id\":\"https:\/\/cleitonpinheiro.com.br\/site\/mutirao-de-negociacoes-fiscais-de-palmas-tem-inicio-na-segunda-feira-2-de-junho\/\"},\"author\":{\"name\":\"Reda\u00e7\u00e3o CP\",\"@id\":\"https:\/\/cleitonpinheiro.com.br\/site\/#\/schema\/person\/8f04544e0bc40a1b68775b08360f87db\"},\"headline\":\"Mutir\u00e3o de Negocia\u00e7\u00f5es Fiscais de Palmas tem in\u00edcio na segunda-feira, 2 de junho\",\"datePublished\":\"2025-05-27T14:35:02+00:00\",\"dateModified\":\"2025-05-28T14:40:00+00:00\",\"mainEntityOfPage\":{\"@id\":\"https:\/\/cleitonpinheiro.com.br\/site\/mutirao-de-negociacoes-fiscais-de-palmas-tem-inicio-na-segunda-feira-2-de-junho\/\"},\"wordCount\":545,\"commentCount\":0,\"publisher\":{\"@id\":\"https:\/\/cleitonpinheiro.com.br\/site\/#organization\"},\"image\":{\"@id\":\"https:\/\/cleitonpinheiro.com.br\/site\/mutirao-de-negociacoes-fiscais-de-palmas-tem-inicio-na-segunda-feira-2-de-junho\/#primaryimage\"},\"thumbnailUrl\":\"https:\/\/cleitonpinheiro.com.br\/site\/wp-content\/uploads\/2025\/05\/Foto-Cidade-de-palmas-entrada-de-Luz-Regiane-Rocha3-2048x1365-1.jpg\",\"articleSection\":[\"CIDADES\",\"NOT\u00cdCIAS EM DESTAQUE\",\"TODAS NOTICIAS\"],\"inLanguage\":\"pt-BR\",\"potentialAction\":[{\"@type\":\"CommentAction\",\"name\":\"Comment\",\"target\":[\"https:\/\/cleitonpinheiro.com.br\/site\/mutirao-de-negociacoes-fiscais-de-palmas-tem-inicio-na-segunda-feira-2-de-junho\/#respond\"]}]},{\"@type\":\"WebPage\",\"@id\":\"https:\/\/cleitonpinheiro.com.br\/site\/mutirao-de-negociacoes-fiscais-de-palmas-tem-inicio-na-segunda-feira-2-de-junho\/\",\"url\":\"https:\/\/cleitonpinheiro.com.br\/site\/mutirao-de-negociacoes-fiscais-de-palmas-tem-inicio-na-segunda-feira-2-de-junho\/\",\"name\":\"Mutir\u00e3o de Negocia\u00e7\u00f5es Fiscais de Palmas tem in\u00edcio na segunda-feira, 2 de junho - PORTAL DE NOT\u00cdCIAS CLEITON PINHEIRO\",\"isPartOf\":{\"@id\":\"https:\/\/cleitonpinheiro.com.br\/site\/#website\"},\"primaryImageOfPage\":{\"@id\":\"https:\/\/cleitonpinheiro.com.br\/site\/mutirao-de-negociacoes-fiscais-de-palmas-tem-inicio-na-segunda-feira-2-de-junho\/#primaryimage\"},\"image\":{\"@id\":\"https:\/\/cleitonpinheiro.com.br\/site\/mutirao-de-negociacoes-fiscais-de-palmas-tem-inicio-na-segunda-feira-2-de-junho\/#primaryimage\"},\"thumbnailUrl\":\"https:\/\/cleitonpinheiro.com.br\/site\/wp-content\/uploads\/2025\/05\/Foto-Cidade-de-palmas-entrada-de-Luz-Regiane-Rocha3-2048x1365-1.jpg\",\"datePublished\":\"2025-05-27T14:35:02+00:00\",\"dateModified\":\"2025-05-28T14:40:00+00:00\",\"breadcrumb\":{\"@id\":\"https:\/\/cleitonpinheiro.com.br\/site\/mutirao-de-negociacoes-fiscais-de-palmas-tem-inicio-na-segunda-feira-2-de-junho\/#breadcrumb\"},\"inLanguage\":\"pt-BR\",\"potentialAction\":[{\"@type\":\"ReadAction\",\"target\":[\"https:\/\/cleitonpinheiro.com.br\/site\/mutirao-de-negociacoes-fiscais-de-palmas-tem-inicio-na-segunda-feira-2-de-junho\/\"]}]},{\"@type\":\"ImageObject\",\"inLanguage\":\"pt-BR\",\"@id\":\"https:\/\/cleitonpinheiro.com.br\/site\/mutirao-de-negociacoes-fiscais-de-palmas-tem-inicio-na-segunda-feira-2-de-junho\/#primaryimage\",\"url\":\"https:\/\/cleitonpinheiro.com.br\/site\/wp-content\/uploads\/2025\/05\/Foto-Cidade-de-palmas-entrada-de-Luz-Regiane-Rocha3-2048x1365-1.jpg\",\"contentUrl\":\"https:\/\/cleitonpinheiro.com.br\/site\/wp-content\/uploads\/2025\/05\/Foto-Cidade-de-palmas-entrada-de-Luz-Regiane-Rocha3-2048x1365-1.jpg\",\"width\":2048,\"height\":1365,\"caption\":\"Foto: Regiane Rocha\"},{\"@type\":\"BreadcrumbList\",\"@id\":\"https:\/\/cleitonpinheiro.com.br\/site\/mutirao-de-negociacoes-fiscais-de-palmas-tem-inicio-na-segunda-feira-2-de-junho\/#breadcrumb\",\"itemListElement\":[{\"@type\":\"ListItem\",\"position\":1,\"name\":\"In\u00edcio\",\"item\":\"https:\/\/cleitonpinheiro.com.br\/site\/\"},{\"@type\":\"ListItem\",\"position\":2,\"name\":\"Mutir\u00e3o de Negocia\u00e7\u00f5es Fiscais de Palmas tem in\u00edcio na segunda-feira, 2 de junho\"}]},{\"@type\":\"WebSite\",\"@id\":\"https:\/\/cleitonpinheiro.com.br\/site\/#website\",\"url\":\"https:\/\/cleitonpinheiro.com.br\/site\/\",\"name\":\"PORTAL DE NOT\u00cdCIAS CLEITON PINHEIRO\",\"description\":\"FALANDO A VERDADE\",\"publisher\":{\"@id\":\"https:\/\/cleitonpinheiro.com.br\/site\/#organization\"},\"potentialAction\":[{\"@type\":\"SearchAction\",\"target\":{\"@type\":\"EntryPoint\",\"urlTemplate\":\"https:\/\/cleitonpinheiro.com.br\/site\/?s={search_term_string}\"},\"query-input\":{\"@type\":\"PropertyValueSpecification\",\"valueRequired\":true,\"valueName\":\"search_term_string\"}}],\"inLanguage\":\"pt-BR\"},{\"@type\":\"Organization\",\"@id\":\"https:\/\/cleitonpinheiro.com.br\/site\/#organization\",\"name\":\"CPNOT\u00cdCIAS\",\"url\":\"https:\/\/cleitonpinheiro.com.br\/site\/\",\"logo\":{\"@type\":\"ImageObject\",\"inLanguage\":\"pt-BR\",\"@id\":\"https:\/\/cleitonpinheiro.com.br\/site\/#\/schema\/logo\/image\/\",\"url\":\"https:\/\/cleitonpinheiro.com.br\/site\/wp-content\/uploads\/2022\/08\/Logo-pequena-2.png\",\"contentUrl\":\"https:\/\/cleitonpinheiro.com.br\/site\/wp-content\/uploads\/2022\/08\/Logo-pequena-2.png\",\"width\":500,\"height\":500,\"caption\":\"CPNOT\u00cdCIAS\"},\"image\":{\"@id\":\"https:\/\/cleitonpinheiro.com.br\/site\/#\/schema\/logo\/image\/\"},\"sameAs\":[\"https:\/\/www.facebook.com\/portalcpnoticias\/\"]},{\"@type\":\"Person\",\"@id\":\"https:\/\/cleitonpinheiro.com.br\/site\/#\/schema\/person\/8f04544e0bc40a1b68775b08360f87db\",\"name\":\"Reda\u00e7\u00e3o CP\",\"image\":{\"@type\":\"ImageObject\",\"inLanguage\":\"pt-BR\",\"@id\":\"https:\/\/cleitonpinheiro.com.br\/site\/#\/schema\/person\/image\/\",\"url\":\"https:\/\/secure.gravatar.com\/avatar\/0bcf19cb29fdc8fc588c490c7ae1b3e174dac268586a63fbe1d1893a0f9020cd?s=96&r=g\",\"contentUrl\":\"https:\/\/secure.gravatar.com\/avatar\/0bcf19cb29fdc8fc588c490c7ae1b3e174dac268586a63fbe1d1893a0f9020cd?s=96&r=g\",\"caption\":\"Reda\u00e7\u00e3o CP\"},\"url\":\"https:\/\/cleitonpinheiro.com.br\/site\/author\/redacao\/\"}]}<\/script>\n<!-- \/ Yoast SEO plugin. -->","yoast_head_json":{"title":"Mutir\u00e3o de Negocia\u00e7\u00f5es Fiscais de Palmas tem in\u00edcio na segunda-feira, 2 de junho - PORTAL DE NOT\u00cdCIAS CLEITON PINHEIRO","robots":{"index":"index","follow":"follow","max-snippet":"max-snippet:-1","max-image-preview":"max-image-preview:large","max-video-preview":"max-video-preview:-1"},"canonical":"https:\/\/cleitonpinheiro.com.br\/site\/mutirao-de-negociacoes-fiscais-de-palmas-tem-inicio-na-segunda-feira-2-de-junho\/","og_locale":"pt_BR","og_type":"article","og_title":"Mutir\u00e3o de Negocia\u00e7\u00f5es Fiscais de Palmas tem in\u00edcio na segunda-feira, 2 de junho - PORTAL DE NOT\u00cdCIAS CLEITON PINHEIRO","og_description":"O Mutir\u00e3o de Negocia\u00e7\u00f5es Fiscais 2025 de Palmas ser\u00e1 realizado do dia 2 a 8 de junho. A Prefeitura da Capital, por meio da Secretaria Municipal de Finan\u00e7as (Sefin), aderiu ao programa do Conselho Nacional de Justi\u00e7a (CNJ) conforme decreto publicado no Di\u00e1rio Oficial do Munic\u00edpio (DOM) desta segunda-feira, 26. O Programa de Recupera\u00e7\u00e3o Fiscal [&hellip;]","og_url":"https:\/\/cleitonpinheiro.com.br\/site\/mutirao-de-negociacoes-fiscais-de-palmas-tem-inicio-na-segunda-feira-2-de-junho\/","og_site_name":"PORTAL DE NOT\u00cdCIAS CLEITON PINHEIRO","article_publisher":"https:\/\/www.facebook.com\/portalcpnoticias\/","article_published_time":"2025-05-27T14:35:02+00:00","article_modified_time":"2025-05-28T14:40:00+00:00","og_image":[{"width":2048,"height":1365,"url":"https:\/\/cleitonpinheiro.com.br\/site\/wp-content\/uploads\/2025\/05\/Foto-Cidade-de-palmas-entrada-de-Luz-Regiane-Rocha3-2048x1365-1.jpg","type":"image\/jpeg"}],"author":"Reda\u00e7\u00e3o CP","twitter_card":"summary_large_image","twitter_misc":{"Escrito por":"Reda\u00e7\u00e3o CP","Est. tempo de leitura":"4 minutos"},"schema":{"@context":"https:\/\/schema.org","@graph":[{"@type":"Article","@id":"https:\/\/cleitonpinheiro.com.br\/site\/mutirao-de-negociacoes-fiscais-de-palmas-tem-inicio-na-segunda-feira-2-de-junho\/#article","isPartOf":{"@id":"https:\/\/cleitonpinheiro.com.br\/site\/mutirao-de-negociacoes-fiscais-de-palmas-tem-inicio-na-segunda-feira-2-de-junho\/"},"author":{"name":"Reda\u00e7\u00e3o CP","@id":"https:\/\/cleitonpinheiro.com.br\/site\/#\/schema\/person\/8f04544e0bc40a1b68775b08360f87db"},"headline":"Mutir\u00e3o de Negocia\u00e7\u00f5es Fiscais de Palmas tem in\u00edcio na segunda-feira, 2 de junho","datePublished":"2025-05-27T14:35:02+00:00","dateModified":"2025-05-28T14:40:00+00:00","mainEntityOfPage":{"@id":"https:\/\/cleitonpinheiro.com.br\/site\/mutirao-de-negociacoes-fiscais-de-palmas-tem-inicio-na-segunda-feira-2-de-junho\/"},"wordCount":545,"commentCount":0,"publisher":{"@id":"https:\/\/cleitonpinheiro.com.br\/site\/#organization"},"image":{"@id":"https:\/\/cleitonpinheiro.com.br\/site\/mutirao-de-negociacoes-fiscais-de-palmas-tem-inicio-na-segunda-feira-2-de-junho\/#primaryimage"},"thumbnailUrl":"https:\/\/cleitonpinheiro.com.br\/site\/wp-content\/uploads\/2025\/05\/Foto-Cidade-de-palmas-entrada-de-Luz-Regiane-Rocha3-2048x1365-1.jpg","articleSection":["CIDADES","NOT\u00cdCIAS EM DESTAQUE","TODAS NOTICIAS"],"inLanguage":"pt-BR","potentialAction":[{"@type":"CommentAction","name":"Comment","target":["https:\/\/cleitonpinheiro.com.br\/site\/mutirao-de-negociacoes-fiscais-de-palmas-tem-inicio-na-segunda-feira-2-de-junho\/#respond"]}]},{"@type":"WebPage","@id":"https:\/\/cleitonpinheiro.com.br\/site\/mutirao-de-negociacoes-fiscais-de-palmas-tem-inicio-na-segunda-feira-2-de-junho\/","url":"https:\/\/cleitonpinheiro.com.br\/site\/mutirao-de-negociacoes-fiscais-de-palmas-tem-inicio-na-segunda-feira-2-de-junho\/","name":"Mutir\u00e3o de Negocia\u00e7\u00f5es Fiscais de Palmas tem in\u00edcio na segunda-feira, 2 de junho - PORTAL DE NOT\u00cdCIAS CLEITON PINHEIRO","isPartOf":{"@id":"https:\/\/cleitonpinheiro.com.br\/site\/#website"},"primaryImageOfPage":{"@id":"https:\/\/cleitonpinheiro.com.br\/site\/mutirao-de-negociacoes-fiscais-de-palmas-tem-inicio-na-segunda-feira-2-de-junho\/#primaryimage"},"image":{"@id":"https:\/\/cleitonpinheiro.com.br\/site\/mutirao-de-negociacoes-fiscais-de-palmas-tem-inicio-na-segunda-feira-2-de-junho\/#primaryimage"},"thumbnailUrl":"https:\/\/cleitonpinheiro.com.br\/site\/wp-content\/uploads\/2025\/05\/Foto-Cidade-de-palmas-entrada-de-Luz-Regiane-Rocha3-2048x1365-1.jpg","datePublished":"2025-05-27T14:35:02+00:00","dateModified":"2025-05-28T14:40:00+00:00","breadcrumb":{"@id":"https:\/\/cleitonpinheiro.com.br\/site\/mutirao-de-negociacoes-fiscais-de-palmas-tem-inicio-na-segunda-feira-2-de-junho\/#breadcrumb"},"inLanguage":"pt-BR","potentialAction":[{"@type":"ReadAction","target":["https:\/\/cleitonpinheiro.com.br\/site\/mutirao-de-negociacoes-fiscais-de-palmas-tem-inicio-na-segunda-feira-2-de-junho\/"]}]},{"@type":"ImageObject","inLanguage":"pt-BR","@id":"https:\/\/cleitonpinheiro.com.br\/site\/mutirao-de-negociacoes-fiscais-de-palmas-tem-inicio-na-segunda-feira-2-de-junho\/#primaryimage","url":"https:\/\/cleitonpinheiro.com.br\/site\/wp-content\/uploads\/2025\/05\/Foto-Cidade-de-palmas-entrada-de-Luz-Regiane-Rocha3-2048x1365-1.jpg","contentUrl":"https:\/\/cleitonpinheiro.com.br\/site\/wp-content\/uploads\/2025\/05\/Foto-Cidade-de-palmas-entrada-de-Luz-Regiane-Rocha3-2048x1365-1.jpg","width":2048,"height":1365,"caption":"Foto: Regiane Rocha"},{"@type":"BreadcrumbList","@id":"https:\/\/cleitonpinheiro.com.br\/site\/mutirao-de-negociacoes-fiscais-de-palmas-tem-inicio-na-segunda-feira-2-de-junho\/#breadcrumb","itemListElement":[{"@type":"ListItem","position":1,"name":"In\u00edcio","item":"https:\/\/cleitonpinheiro.com.br\/site\/"},{"@type":"ListItem","position":2,"name":"Mutir\u00e3o de Negocia\u00e7\u00f5es Fiscais de Palmas tem in\u00edcio na segunda-feira, 2 de junho"}]},{"@type":"WebSite","@id":"https:\/\/cleitonpinheiro.com.br\/site\/#website","url":"https:\/\/cleitonpinheiro.com.br\/site\/","name":"PORTAL DE NOT\u00cdCIAS CLEITON PINHEIRO","description":"FALANDO A VERDADE","publisher":{"@id":"https:\/\/cleitonpinheiro.com.br\/site\/#organization"},"potentialAction":[{"@type":"SearchAction","target":{"@type":"EntryPoint","urlTemplate":"https:\/\/cleitonpinheiro.com.br\/site\/?s={search_term_string}"},"query-input":{"@type":"PropertyValueSpecification","valueRequired":true,"valueName":"search_term_string"}}],"inLanguage":"pt-BR"},{"@type":"Organization","@id":"https:\/\/cleitonpinheiro.com.br\/site\/#organization","name":"CPNOT\u00cdCIAS","url":"https:\/\/cleitonpinheiro.com.br\/site\/","logo":{"@type":"ImageObject","inLanguage":"pt-BR","@id":"https:\/\/cleitonpinheiro.com.br\/site\/#\/schema\/logo\/image\/","url":"https:\/\/cleitonpinheiro.com.br\/site\/wp-content\/uploads\/2022\/08\/Logo-pequena-2.png","contentUrl":"https:\/\/cleitonpinheiro.com.br\/site\/wp-content\/uploads\/2022\/08\/Logo-pequena-2.png","width":500,"height":500,"caption":"CPNOT\u00cdCIAS"},"image":{"@id":"https:\/\/cleitonpinheiro.com.br\/site\/#\/schema\/logo\/image\/"},"sameAs":["https:\/\/www.facebook.com\/portalcpnoticias\/"]},{"@type":"Person","@id":"https:\/\/cleitonpinheiro.com.br\/site\/#\/schema\/person\/8f04544e0bc40a1b68775b08360f87db","name":"Reda\u00e7\u00e3o CP","image":{"@type":"ImageObject","inLanguage":"pt-BR","@id":"https:\/\/cleitonpinheiro.com.br\/site\/#\/schema\/person\/image\/","url":"https:\/\/secure.gravatar.com\/avatar\/0bcf19cb29fdc8fc588c490c7ae1b3e174dac268586a63fbe1d1893a0f9020cd?s=96&r=g","contentUrl":"https:\/\/secure.gravatar.com\/avatar\/0bcf19cb29fdc8fc588c490c7ae1b3e174dac268586a63fbe1d1893a0f9020cd?s=96&r=g","caption":"Reda\u00e7\u00e3o CP"},"url":"https:\/\/cleitonpinheiro.com.br\/site\/author\/redacao\/"}]}},"views":131,"_links":{"self":[{"href":"https:\/\/cleitonpinheiro.com.br\/site\/wp-json\/wp\/v2\/posts\/85629","targetHints":{"allow":["GET"]}}],"collection":[{"href":"https:\/\/cleitonpinheiro.com.br\/site\/wp-json\/wp\/v2\/posts"}],"about":[{"href":"https:\/\/cleitonpinheiro.com.br\/site\/wp-json\/wp\/v2\/types\/post"}],"author":[{"embeddable":true,"href":"https:\/\/cleitonpinheiro.com.br\/site\/wp-json\/wp\/v2\/users\/13"}],"replies":[{"embeddable":true,"href":"https:\/\/cleitonpinheiro.com.br\/site\/wp-json\/wp\/v2\/comments?post=85629"}],"version-history":[{"count":1,"href":"https:\/\/cleitonpinheiro.com.br\/site\/wp-json\/wp\/v2\/posts\/85629\/revisions"}],"predecessor-version":[{"id":85631,"href":"https:\/\/cleitonpinheiro.com.br\/site\/wp-json\/wp\/v2\/posts\/85629\/revisions\/85631"}],"wp:featuredmedia":[{"embeddable":true,"href":"https:\/\/cleitonpinheiro.com.br\/site\/wp-json\/wp\/v2\/media\/85630"}],"wp:attachment":[{"href":"https:\/\/cleitonpinheiro.com.br\/site\/wp-json\/wp\/v2\/media?parent=85629"}],"wp:term":[{"taxonomy":"category","embeddable":true,"href":"https:\/\/cleitonpinheiro.com.br\/site\/wp-json\/wp\/v2\/categories?post=85629"},{"taxonomy":"post_tag","embeddable":true,"href":"https:\/\/cleitonpinheiro.com.br\/site\/wp-json\/wp\/v2\/tags?post=85629"}],"curies":[{"name":"wp","href":"https:\/\/api.w.org\/{rel}","templated":true}]}}