{"id":85635,"date":"2025-05-27T15:45:02","date_gmt":"2025-05-27T18:45:02","guid":{"rendered":"https:\/\/cleitonpinheiro.com.br\/site\/?p=85635"},"modified":"2025-05-27T15:50:38","modified_gmt":"2025-05-27T18:50:38","slug":"por-decisao-do-prefeito-eduardo-quatro-diretores-tem-exoneracoes-revertidas","status":"publish","type":"post","link":"https:\/\/cleitonpinheiro.com.br\/site\/por-decisao-do-prefeito-eduardo-quatro-diretores-tem-exoneracoes-revertidas\/","title":{"rendered":"Por decis\u00e3o do prefeito Eduardo, quatro diretores t\u00eam exonera\u00e7\u00f5es revertidas"},"content":{"rendered":"\n<figure class=\"wp-block-image size-full\"><img fetchpriority=\"high\" decoding=\"async\" width=\"984\" height=\"654\" src=\"https:\/\/cleitonpinheiro.com.br\/site\/wp-content\/uploads\/2025\/05\/escola-palmas.webp\" alt=\"\" class=\"wp-image-85636\" srcset=\"https:\/\/cleitonpinheiro.com.br\/site\/wp-content\/uploads\/2025\/05\/escola-palmas.webp 984w, https:\/\/cleitonpinheiro.com.br\/site\/wp-content\/uploads\/2025\/05\/escola-palmas-300x199.webp 300w, https:\/\/cleitonpinheiro.com.br\/site\/wp-content\/uploads\/2025\/05\/escola-palmas-768x510.webp 768w\" sizes=\"(max-width: 984px) 100vw, 984px\" \/><\/figure>\n\n\n\n<p>Quatro diretores de escolas municipais de Palmas, que haviam sido dispensados de suas fun\u00e7\u00f5es na \u00faltima sexta-feira, 23, foram readmitidos nesta segunda-feira, 26. A decis\u00e3o de reverter as exonera\u00e7\u00f5es partiu do prefeito Eduardo Siqueira Campos (PSDB), que n\u00e3o concordou com as demiss\u00f5es solicitadas pela secret\u00e1ria da Educa\u00e7\u00e3o, D\u00e9bora Guedes.<\/p>\n\n\n\n<p>Inicialmente, seis diretores haviam sido exonerados. No entanto, ap\u00f3s a interven\u00e7\u00e3o do prefeito, quatro deles foram reconduzidos aos seus cargos.<\/p>\n\n\n\n<p><strong>Fernando Os\u00f3rio Pereira<\/strong>, da Escola Municipal de Tempo Integral An\u00edsio Sp\u00ednola Teixeira.<br><strong>Idelma Pereira de Bastos Santos<\/strong>, da Escola Municipal de Tempo Integral Olga Ben\u00e1rio.<br><strong>Francisco da Silva de Oliveira Filho<\/strong>, da Escola Municipal Paulo Leivas Macal\u00e3o.<br><strong>Ivo Hemkemeier<\/strong>, da Escola Municipal de Tempo Integral Monsenhor Pedro Pereira Piaget.<\/p>\n","protected":false},"excerpt":{"rendered":"<p>Quatro diretores de escolas municipais de Palmas, que haviam sido dispensados de suas fun\u00e7\u00f5es na \u00faltima sexta-feira, 23, foram readmitidos nesta segunda-feira, 26. A decis\u00e3o de reverter as exonera\u00e7\u00f5es partiu do prefeito Eduardo Siqueira Campos (PSDB), que n\u00e3o concordou com as demiss\u00f5es solicitadas pela secret\u00e1ria da Educa\u00e7\u00e3o, D\u00e9bora Guedes. Inicialmente, seis diretores haviam sido exonerados. [&hellip;]<\/p>\n","protected":false},"author":13,"featured_media":85636,"comment_status":"open","ping_status":"open","sticky":false,"template":"","format":"standard","meta":{"_acf_changed":false,"footnotes":""},"categories":[898,23,21],"tags":[],"class_list":["post-85635","post","type-post","status-publish","format-standard","has-post-thumbnail","hentry","category-manchete-segundaria","category-politica","category-todas-noticias"],"acf":[],"yoast_head":"<!-- This site is optimized with the Yoast SEO plugin v24.4 - https:\/\/yoast.com\/wordpress\/plugins\/seo\/ -->\n<title>Por decis\u00e3o do prefeito Eduardo, quatro diretores t\u00eam exonera\u00e7\u00f5es revertidas - PORTAL DE NOT\u00cdCIAS CLEITON PINHEIRO<\/title>\n<meta name=\"robots\" content=\"index, follow, max-snippet:-1, max-image-preview:large, max-video-preview:-1\" \/>\n<link rel=\"canonical\" href=\"https:\/\/cleitonpinheiro.com.br\/site\/por-decisao-do-prefeito-eduardo-quatro-diretores-tem-exoneracoes-revertidas\/\" \/>\n<meta property=\"og:locale\" content=\"pt_BR\" \/>\n<meta property=\"og:type\" content=\"article\" \/>\n<meta property=\"og:title\" content=\"Por decis\u00e3o do prefeito Eduardo, quatro diretores t\u00eam exonera\u00e7\u00f5es revertidas - PORTAL DE NOT\u00cdCIAS CLEITON PINHEIRO\" \/>\n<meta property=\"og:description\" content=\"Quatro diretores de escolas municipais de Palmas, que haviam sido dispensados de suas fun\u00e7\u00f5es na \u00faltima sexta-feira, 23, foram readmitidos nesta segunda-feira, 26. A decis\u00e3o de reverter as exonera\u00e7\u00f5es partiu do prefeito Eduardo Siqueira Campos (PSDB), que n\u00e3o concordou com as demiss\u00f5es solicitadas pela secret\u00e1ria da Educa\u00e7\u00e3o, D\u00e9bora Guedes. Inicialmente, seis diretores haviam sido exonerados. [&hellip;]\" \/>\n<meta property=\"og:url\" content=\"https:\/\/cleitonpinheiro.com.br\/site\/por-decisao-do-prefeito-eduardo-quatro-diretores-tem-exoneracoes-revertidas\/\" \/>\n<meta property=\"og:site_name\" content=\"PORTAL DE NOT\u00cdCIAS CLEITON PINHEIRO\" \/>\n<meta property=\"article:publisher\" content=\"https:\/\/www.facebook.com\/portalcpnoticias\/\" \/>\n<meta property=\"article:published_time\" content=\"2025-05-27T18:45:02+00:00\" \/>\n<meta property=\"article:modified_time\" content=\"2025-05-27T18:50:38+00:00\" \/>\n<meta property=\"og:image\" content=\"https:\/\/cleitonpinheiro.com.br\/site\/wp-content\/uploads\/2025\/05\/escola-palmas.webp\" \/>\n\t<meta property=\"og:image:width\" content=\"984\" \/>\n\t<meta property=\"og:image:height\" content=\"654\" \/>\n\t<meta property=\"og:image:type\" content=\"image\/webp\" \/>\n<meta name=\"author\" content=\"Reda\u00e7\u00e3o CP\" \/>\n<meta name=\"twitter:card\" content=\"summary_large_image\" \/>\n<meta name=\"twitter:label1\" content=\"Escrito por\" \/>\n\t<meta name=\"twitter:data1\" content=\"Reda\u00e7\u00e3o CP\" \/>\n\t<meta name=\"twitter:label2\" content=\"Est. tempo de leitura\" \/>\n\t<meta name=\"twitter:data2\" content=\"2 minutos\" \/>\n<script type=\"application\/ld+json\" class=\"yoast-schema-graph\">{\"@context\":\"https:\/\/schema.org\",\"@graph\":[{\"@type\":\"Article\",\"@id\":\"https:\/\/cleitonpinheiro.com.br\/site\/por-decisao-do-prefeito-eduardo-quatro-diretores-tem-exoneracoes-revertidas\/#article\",\"isPartOf\":{\"@id\":\"https:\/\/cleitonpinheiro.com.br\/site\/por-decisao-do-prefeito-eduardo-quatro-diretores-tem-exoneracoes-revertidas\/\"},\"author\":{\"name\":\"Reda\u00e7\u00e3o CP\",\"@id\":\"https:\/\/cleitonpinheiro.com.br\/site\/#\/schema\/person\/8f04544e0bc40a1b68775b08360f87db\"},\"headline\":\"Por decis\u00e3o do prefeito Eduardo, quatro diretores t\u00eam exonera\u00e7\u00f5es revertidas\",\"datePublished\":\"2025-05-27T18:45:02+00:00\",\"dateModified\":\"2025-05-27T18:50:38+00:00\",\"mainEntityOfPage\":{\"@id\":\"https:\/\/cleitonpinheiro.com.br\/site\/por-decisao-do-prefeito-eduardo-quatro-diretores-tem-exoneracoes-revertidas\/\"},\"wordCount\":144,\"commentCount\":0,\"publisher\":{\"@id\":\"https:\/\/cleitonpinheiro.com.br\/site\/#organization\"},\"image\":{\"@id\":\"https:\/\/cleitonpinheiro.com.br\/site\/por-decisao-do-prefeito-eduardo-quatro-diretores-tem-exoneracoes-revertidas\/#primaryimage\"},\"thumbnailUrl\":\"https:\/\/cleitonpinheiro.com.br\/site\/wp-content\/uploads\/2025\/05\/escola-palmas.webp\",\"articleSection\":[\"MANCHETE SEGUND\u00c1RIA\",\"POL\u00cdTICA\",\"TODAS NOTICIAS\"],\"inLanguage\":\"pt-BR\",\"potentialAction\":[{\"@type\":\"CommentAction\",\"name\":\"Comment\",\"target\":[\"https:\/\/cleitonpinheiro.com.br\/site\/por-decisao-do-prefeito-eduardo-quatro-diretores-tem-exoneracoes-revertidas\/#respond\"]}]},{\"@type\":\"WebPage\",\"@id\":\"https:\/\/cleitonpinheiro.com.br\/site\/por-decisao-do-prefeito-eduardo-quatro-diretores-tem-exoneracoes-revertidas\/\",\"url\":\"https:\/\/cleitonpinheiro.com.br\/site\/por-decisao-do-prefeito-eduardo-quatro-diretores-tem-exoneracoes-revertidas\/\",\"name\":\"Por decis\u00e3o do prefeito Eduardo, quatro diretores t\u00eam exonera\u00e7\u00f5es revertidas - PORTAL DE NOT\u00cdCIAS CLEITON PINHEIRO\",\"isPartOf\":{\"@id\":\"https:\/\/cleitonpinheiro.com.br\/site\/#website\"},\"primaryImageOfPage\":{\"@id\":\"https:\/\/cleitonpinheiro.com.br\/site\/por-decisao-do-prefeito-eduardo-quatro-diretores-tem-exoneracoes-revertidas\/#primaryimage\"},\"image\":{\"@id\":\"https:\/\/cleitonpinheiro.com.br\/site\/por-decisao-do-prefeito-eduardo-quatro-diretores-tem-exoneracoes-revertidas\/#primaryimage\"},\"thumbnailUrl\":\"https:\/\/cleitonpinheiro.com.br\/site\/wp-content\/uploads\/2025\/05\/escola-palmas.webp\",\"datePublished\":\"2025-05-27T18:45:02+00:00\",\"dateModified\":\"2025-05-27T18:50:38+00:00\",\"breadcrumb\":{\"@id\":\"https:\/\/cleitonpinheiro.com.br\/site\/por-decisao-do-prefeito-eduardo-quatro-diretores-tem-exoneracoes-revertidas\/#breadcrumb\"},\"inLanguage\":\"pt-BR\",\"potentialAction\":[{\"@type\":\"ReadAction\",\"target\":[\"https:\/\/cleitonpinheiro.com.br\/site\/por-decisao-do-prefeito-eduardo-quatro-diretores-tem-exoneracoes-revertidas\/\"]}]},{\"@type\":\"ImageObject\",\"inLanguage\":\"pt-BR\",\"@id\":\"https:\/\/cleitonpinheiro.com.br\/site\/por-decisao-do-prefeito-eduardo-quatro-diretores-tem-exoneracoes-revertidas\/#primaryimage\",\"url\":\"https:\/\/cleitonpinheiro.com.br\/site\/wp-content\/uploads\/2025\/05\/escola-palmas.webp\",\"contentUrl\":\"https:\/\/cleitonpinheiro.com.br\/site\/wp-content\/uploads\/2025\/05\/escola-palmas.webp\",\"width\":984,\"height\":654},{\"@type\":\"BreadcrumbList\",\"@id\":\"https:\/\/cleitonpinheiro.com.br\/site\/por-decisao-do-prefeito-eduardo-quatro-diretores-tem-exoneracoes-revertidas\/#breadcrumb\",\"itemListElement\":[{\"@type\":\"ListItem\",\"position\":1,\"name\":\"In\u00edcio\",\"item\":\"https:\/\/cleitonpinheiro.com.br\/site\/\"},{\"@type\":\"ListItem\",\"position\":2,\"name\":\"Por decis\u00e3o do prefeito Eduardo, quatro diretores t\u00eam exonera\u00e7\u00f5es revertidas\"}]},{\"@type\":\"WebSite\",\"@id\":\"https:\/\/cleitonpinheiro.com.br\/site\/#website\",\"url\":\"https:\/\/cleitonpinheiro.com.br\/site\/\",\"name\":\"PORTAL DE NOT\u00cdCIAS CLEITON PINHEIRO\",\"description\":\"FALANDO A VERDADE\",\"publisher\":{\"@id\":\"https:\/\/cleitonpinheiro.com.br\/site\/#organization\"},\"potentialAction\":[{\"@type\":\"SearchAction\",\"target\":{\"@type\":\"EntryPoint\",\"urlTemplate\":\"https:\/\/cleitonpinheiro.com.br\/site\/?s={search_term_string}\"},\"query-input\":{\"@type\":\"PropertyValueSpecification\",\"valueRequired\":true,\"valueName\":\"search_term_string\"}}],\"inLanguage\":\"pt-BR\"},{\"@type\":\"Organization\",\"@id\":\"https:\/\/cleitonpinheiro.com.br\/site\/#organization\",\"name\":\"CPNOT\u00cdCIAS\",\"url\":\"https:\/\/cleitonpinheiro.com.br\/site\/\",\"logo\":{\"@type\":\"ImageObject\",\"inLanguage\":\"pt-BR\",\"@id\":\"https:\/\/cleitonpinheiro.com.br\/site\/#\/schema\/logo\/image\/\",\"url\":\"https:\/\/cleitonpinheiro.com.br\/site\/wp-content\/uploads\/2022\/08\/Logo-pequena-2.png\",\"contentUrl\":\"https:\/\/cleitonpinheiro.com.br\/site\/wp-content\/uploads\/2022\/08\/Logo-pequena-2.png\",\"width\":500,\"height\":500,\"caption\":\"CPNOT\u00cdCIAS\"},\"image\":{\"@id\":\"https:\/\/cleitonpinheiro.com.br\/site\/#\/schema\/logo\/image\/\"},\"sameAs\":[\"https:\/\/www.facebook.com\/portalcpnoticias\/\"]},{\"@type\":\"Person\",\"@id\":\"https:\/\/cleitonpinheiro.com.br\/site\/#\/schema\/person\/8f04544e0bc40a1b68775b08360f87db\",\"name\":\"Reda\u00e7\u00e3o CP\",\"image\":{\"@type\":\"ImageObject\",\"inLanguage\":\"pt-BR\",\"@id\":\"https:\/\/cleitonpinheiro.com.br\/site\/#\/schema\/person\/image\/\",\"url\":\"https:\/\/secure.gravatar.com\/avatar\/0bcf19cb29fdc8fc588c490c7ae1b3e174dac268586a63fbe1d1893a0f9020cd?s=96&r=g\",\"contentUrl\":\"https:\/\/secure.gravatar.com\/avatar\/0bcf19cb29fdc8fc588c490c7ae1b3e174dac268586a63fbe1d1893a0f9020cd?s=96&r=g\",\"caption\":\"Reda\u00e7\u00e3o CP\"},\"url\":\"https:\/\/cleitonpinheiro.com.br\/site\/author\/redacao\/\"}]}<\/script>\n<!-- \/ Yoast SEO plugin. -->","yoast_head_json":{"title":"Por decis\u00e3o do prefeito Eduardo, quatro diretores t\u00eam exonera\u00e7\u00f5es revertidas - PORTAL DE NOT\u00cdCIAS CLEITON PINHEIRO","robots":{"index":"index","follow":"follow","max-snippet":"max-snippet:-1","max-image-preview":"max-image-preview:large","max-video-preview":"max-video-preview:-1"},"canonical":"https:\/\/cleitonpinheiro.com.br\/site\/por-decisao-do-prefeito-eduardo-quatro-diretores-tem-exoneracoes-revertidas\/","og_locale":"pt_BR","og_type":"article","og_title":"Por decis\u00e3o do prefeito Eduardo, quatro diretores t\u00eam exonera\u00e7\u00f5es revertidas - PORTAL DE NOT\u00cdCIAS CLEITON PINHEIRO","og_description":"Quatro diretores de escolas municipais de Palmas, que haviam sido dispensados de suas fun\u00e7\u00f5es na \u00faltima sexta-feira, 23, foram readmitidos nesta segunda-feira, 26. A decis\u00e3o de reverter as exonera\u00e7\u00f5es partiu do prefeito Eduardo Siqueira Campos (PSDB), que n\u00e3o concordou com as demiss\u00f5es solicitadas pela secret\u00e1ria da Educa\u00e7\u00e3o, D\u00e9bora Guedes. Inicialmente, seis diretores haviam sido exonerados. [&hellip;]","og_url":"https:\/\/cleitonpinheiro.com.br\/site\/por-decisao-do-prefeito-eduardo-quatro-diretores-tem-exoneracoes-revertidas\/","og_site_name":"PORTAL DE NOT\u00cdCIAS CLEITON PINHEIRO","article_publisher":"https:\/\/www.facebook.com\/portalcpnoticias\/","article_published_time":"2025-05-27T18:45:02+00:00","article_modified_time":"2025-05-27T18:50:38+00:00","og_image":[{"width":984,"height":654,"url":"https:\/\/cleitonpinheiro.com.br\/site\/wp-content\/uploads\/2025\/05\/escola-palmas.webp","type":"image\/webp"}],"author":"Reda\u00e7\u00e3o CP","twitter_card":"summary_large_image","twitter_misc":{"Escrito por":"Reda\u00e7\u00e3o CP","Est. tempo de leitura":"2 minutos"},"schema":{"@context":"https:\/\/schema.org","@graph":[{"@type":"Article","@id":"https:\/\/cleitonpinheiro.com.br\/site\/por-decisao-do-prefeito-eduardo-quatro-diretores-tem-exoneracoes-revertidas\/#article","isPartOf":{"@id":"https:\/\/cleitonpinheiro.com.br\/site\/por-decisao-do-prefeito-eduardo-quatro-diretores-tem-exoneracoes-revertidas\/"},"author":{"name":"Reda\u00e7\u00e3o CP","@id":"https:\/\/cleitonpinheiro.com.br\/site\/#\/schema\/person\/8f04544e0bc40a1b68775b08360f87db"},"headline":"Por decis\u00e3o do prefeito Eduardo, quatro diretores t\u00eam exonera\u00e7\u00f5es revertidas","datePublished":"2025-05-27T18:45:02+00:00","dateModified":"2025-05-27T18:50:38+00:00","mainEntityOfPage":{"@id":"https:\/\/cleitonpinheiro.com.br\/site\/por-decisao-do-prefeito-eduardo-quatro-diretores-tem-exoneracoes-revertidas\/"},"wordCount":144,"commentCount":0,"publisher":{"@id":"https:\/\/cleitonpinheiro.com.br\/site\/#organization"},"image":{"@id":"https:\/\/cleitonpinheiro.com.br\/site\/por-decisao-do-prefeito-eduardo-quatro-diretores-tem-exoneracoes-revertidas\/#primaryimage"},"thumbnailUrl":"https:\/\/cleitonpinheiro.com.br\/site\/wp-content\/uploads\/2025\/05\/escola-palmas.webp","articleSection":["MANCHETE SEGUND\u00c1RIA","POL\u00cdTICA","TODAS NOTICIAS"],"inLanguage":"pt-BR","potentialAction":[{"@type":"CommentAction","name":"Comment","target":["https:\/\/cleitonpinheiro.com.br\/site\/por-decisao-do-prefeito-eduardo-quatro-diretores-tem-exoneracoes-revertidas\/#respond"]}]},{"@type":"WebPage","@id":"https:\/\/cleitonpinheiro.com.br\/site\/por-decisao-do-prefeito-eduardo-quatro-diretores-tem-exoneracoes-revertidas\/","url":"https:\/\/cleitonpinheiro.com.br\/site\/por-decisao-do-prefeito-eduardo-quatro-diretores-tem-exoneracoes-revertidas\/","name":"Por decis\u00e3o do prefeito Eduardo, quatro diretores t\u00eam exonera\u00e7\u00f5es revertidas - PORTAL DE NOT\u00cdCIAS CLEITON PINHEIRO","isPartOf":{"@id":"https:\/\/cleitonpinheiro.com.br\/site\/#website"},"primaryImageOfPage":{"@id":"https:\/\/cleitonpinheiro.com.br\/site\/por-decisao-do-prefeito-eduardo-quatro-diretores-tem-exoneracoes-revertidas\/#primaryimage"},"image":{"@id":"https:\/\/cleitonpinheiro.com.br\/site\/por-decisao-do-prefeito-eduardo-quatro-diretores-tem-exoneracoes-revertidas\/#primaryimage"},"thumbnailUrl":"https:\/\/cleitonpinheiro.com.br\/site\/wp-content\/uploads\/2025\/05\/escola-palmas.webp","datePublished":"2025-05-27T18:45:02+00:00","dateModified":"2025-05-27T18:50:38+00:00","breadcrumb":{"@id":"https:\/\/cleitonpinheiro.com.br\/site\/por-decisao-do-prefeito-eduardo-quatro-diretores-tem-exoneracoes-revertidas\/#breadcrumb"},"inLanguage":"pt-BR","potentialAction":[{"@type":"ReadAction","target":["https:\/\/cleitonpinheiro.com.br\/site\/por-decisao-do-prefeito-eduardo-quatro-diretores-tem-exoneracoes-revertidas\/"]}]},{"@type":"ImageObject","inLanguage":"pt-BR","@id":"https:\/\/cleitonpinheiro.com.br\/site\/por-decisao-do-prefeito-eduardo-quatro-diretores-tem-exoneracoes-revertidas\/#primaryimage","url":"https:\/\/cleitonpinheiro.com.br\/site\/wp-content\/uploads\/2025\/05\/escola-palmas.webp","contentUrl":"https:\/\/cleitonpinheiro.com.br\/site\/wp-content\/uploads\/2025\/05\/escola-palmas.webp","width":984,"height":654},{"@type":"BreadcrumbList","@id":"https:\/\/cleitonpinheiro.com.br\/site\/por-decisao-do-prefeito-eduardo-quatro-diretores-tem-exoneracoes-revertidas\/#breadcrumb","itemListElement":[{"@type":"ListItem","position":1,"name":"In\u00edcio","item":"https:\/\/cleitonpinheiro.com.br\/site\/"},{"@type":"ListItem","position":2,"name":"Por decis\u00e3o do prefeito Eduardo, quatro diretores t\u00eam exonera\u00e7\u00f5es revertidas"}]},{"@type":"WebSite","@id":"https:\/\/cleitonpinheiro.com.br\/site\/#website","url":"https:\/\/cleitonpinheiro.com.br\/site\/","name":"PORTAL DE NOT\u00cdCIAS CLEITON PINHEIRO","description":"FALANDO A VERDADE","publisher":{"@id":"https:\/\/cleitonpinheiro.com.br\/site\/#organization"},"potentialAction":[{"@type":"SearchAction","target":{"@type":"EntryPoint","urlTemplate":"https:\/\/cleitonpinheiro.com.br\/site\/?s={search_term_string}"},"query-input":{"@type":"PropertyValueSpecification","valueRequired":true,"valueName":"search_term_string"}}],"inLanguage":"pt-BR"},{"@type":"Organization","@id":"https:\/\/cleitonpinheiro.com.br\/site\/#organization","name":"CPNOT\u00cdCIAS","url":"https:\/\/cleitonpinheiro.com.br\/site\/","logo":{"@type":"ImageObject","inLanguage":"pt-BR","@id":"https:\/\/cleitonpinheiro.com.br\/site\/#\/schema\/logo\/image\/","url":"https:\/\/cleitonpinheiro.com.br\/site\/wp-content\/uploads\/2022\/08\/Logo-pequena-2.png","contentUrl":"https:\/\/cleitonpinheiro.com.br\/site\/wp-content\/uploads\/2022\/08\/Logo-pequena-2.png","width":500,"height":500,"caption":"CPNOT\u00cdCIAS"},"image":{"@id":"https:\/\/cleitonpinheiro.com.br\/site\/#\/schema\/logo\/image\/"},"sameAs":["https:\/\/www.facebook.com\/portalcpnoticias\/"]},{"@type":"Person","@id":"https:\/\/cleitonpinheiro.com.br\/site\/#\/schema\/person\/8f04544e0bc40a1b68775b08360f87db","name":"Reda\u00e7\u00e3o CP","image":{"@type":"ImageObject","inLanguage":"pt-BR","@id":"https:\/\/cleitonpinheiro.com.br\/site\/#\/schema\/person\/image\/","url":"https:\/\/secure.gravatar.com\/avatar\/0bcf19cb29fdc8fc588c490c7ae1b3e174dac268586a63fbe1d1893a0f9020cd?s=96&r=g","contentUrl":"https:\/\/secure.gravatar.com\/avatar\/0bcf19cb29fdc8fc588c490c7ae1b3e174dac268586a63fbe1d1893a0f9020cd?s=96&r=g","caption":"Reda\u00e7\u00e3o CP"},"url":"https:\/\/cleitonpinheiro.com.br\/site\/author\/redacao\/"}]}},"views":133,"_links":{"self":[{"href":"https:\/\/cleitonpinheiro.com.br\/site\/wp-json\/wp\/v2\/posts\/85635","targetHints":{"allow":["GET"]}}],"collection":[{"href":"https:\/\/cleitonpinheiro.com.br\/site\/wp-json\/wp\/v2\/posts"}],"about":[{"href":"https:\/\/cleitonpinheiro.com.br\/site\/wp-json\/wp\/v2\/types\/post"}],"author":[{"embeddable":true,"href":"https:\/\/cleitonpinheiro.com.br\/site\/wp-json\/wp\/v2\/users\/13"}],"replies":[{"embeddable":true,"href":"https:\/\/cleitonpinheiro.com.br\/site\/wp-json\/wp\/v2\/comments?post=85635"}],"version-history":[{"count":2,"href":"https:\/\/cleitonpinheiro.com.br\/site\/wp-json\/wp\/v2\/posts\/85635\/revisions"}],"predecessor-version":[{"id":85644,"href":"https:\/\/cleitonpinheiro.com.br\/site\/wp-json\/wp\/v2\/posts\/85635\/revisions\/85644"}],"wp:featuredmedia":[{"embeddable":true,"href":"https:\/\/cleitonpinheiro.com.br\/site\/wp-json\/wp\/v2\/media\/85636"}],"wp:attachment":[{"href":"https:\/\/cleitonpinheiro.com.br\/site\/wp-json\/wp\/v2\/media?parent=85635"}],"wp:term":[{"taxonomy":"category","embeddable":true,"href":"https:\/\/cleitonpinheiro.com.br\/site\/wp-json\/wp\/v2\/categories?post=85635"},{"taxonomy":"post_tag","embeddable":true,"href":"https:\/\/cleitonpinheiro.com.br\/site\/wp-json\/wp\/v2\/tags?post=85635"}],"curies":[{"name":"wp","href":"https:\/\/api.w.org\/{rel}","templated":true}]}}