{"id":85645,"date":"2025-05-27T15:52:50","date_gmt":"2025-05-27T18:52:50","guid":{"rendered":"https:\/\/cleitonpinheiro.com.br\/site\/?p=85645"},"modified":"2025-05-27T15:53:05","modified_gmt":"2025-05-27T18:53:05","slug":"porto-nacional-servidores-municipais-comemoram-conquista-da-data-base-de-532-para-efetivos","status":"publish","type":"post","link":"https:\/\/cleitonpinheiro.com.br\/site\/porto-nacional-servidores-municipais-comemoram-conquista-da-data-base-de-532-para-efetivos\/","title":{"rendered":"Porto Nacional: servidores municipais comemoram conquista da data-base de 5,32% para efetivos"},"content":{"rendered":"\n<figure class=\"wp-block-image size-large\"><img fetchpriority=\"high\" decoding=\"async\" width=\"1024\" height=\"412\" src=\"https:\/\/cleitonpinheiro.com.br\/site\/wp-content\/uploads\/2025\/05\/DJI_20240607085405_0011_D-1024x412.jpg\" alt=\"\" class=\"wp-image-85646\" srcset=\"https:\/\/cleitonpinheiro.com.br\/site\/wp-content\/uploads\/2025\/05\/DJI_20240607085405_0011_D-1024x412.jpg 1024w, https:\/\/cleitonpinheiro.com.br\/site\/wp-content\/uploads\/2025\/05\/DJI_20240607085405_0011_D-300x121.jpg 300w, https:\/\/cleitonpinheiro.com.br\/site\/wp-content\/uploads\/2025\/05\/DJI_20240607085405_0011_D-768x309.jpg 768w, https:\/\/cleitonpinheiro.com.br\/site\/wp-content\/uploads\/2025\/05\/DJI_20240607085405_0011_D-1536x617.jpg 1536w, https:\/\/cleitonpinheiro.com.br\/site\/wp-content\/uploads\/2025\/05\/DJI_20240607085405_0011_D-2048x823.jpg 2048w\" sizes=\"(max-width: 1024px) 100vw, 1024px\" \/><\/figure>\n\n\n\n<p>O prefeito Ronivon Maciel assinou nesta semana o ato que autoriza o pagamento da Data-Base 2025 para os servidores efetivos da prefeitura de Porto Nacional. A medida beneficia mais de 800 funcion\u00e1rios p\u00fablicos concursados de todas as secretarias, exceto Educa\u00e7\u00e3o, Agentes de Sa\u00fade e de Endemias, pois j\u00e1 haviam recebido o reajuste em fevereiro deste ano e, por isso, n\u00e3o est\u00e3o inclu\u00eddos nesta etapa.<\/p>\n\n\n\n<p>A conquista foi celebrada pelo presidente da Associa\u00e7\u00e3o dos Servidores P\u00fablicos Municipais (Aspmet), Ronaldo S\u00e9rgio, como um marco hist\u00f3rico na valoriza\u00e7\u00e3o dos profissionais da administra\u00e7\u00e3o p\u00fablica municipal. \u201cEssa data-base de 5,32% \u00e9 uma conquista para todos n\u00f3s, isso mostra o comprometimento do prefeito com os servidores de carreira e com a valoriza\u00e7\u00e3o real do nosso trabalho. \u00c9 um avan\u00e7o expressivo e motivo de comemora\u00e7\u00e3o para toda a categoria\u201d, destacou Ronaldo.<\/p>\n\n\n\n<p>A reposi\u00e7\u00e3o salarial de 5,32% concedida pela prefeitura representa a maior data-base j\u00e1 paga pelo munic\u00edpio, superando inclusive o \u00edndice aplicado pelo Governo do Estado e come\u00e7ar\u00e1 a ser aplicada j\u00e1 na folha de pagamento do m\u00eas de junho. Os servidores das \u00e1reas da Educa\u00e7\u00e3o, al\u00e9m dos Agentes de Sa\u00fade e de Endemias, j\u00e1 haviam recebido o reajuste em fevereiro deste ano e, por isso, n\u00e3o est\u00e3o inclu\u00eddos nesta etapa.<\/p>\n\n\n\n<p>Ronaldo S\u00e9rgio ressaltou ainda que essa conquista \u00e9 fruto de um di\u00e1logo permanente entre a Aspmet e a administra\u00e7\u00e3o municipal. \u201cTemos mantido um canal de comunica\u00e7\u00e3o muito forte com a gest\u00e3o, buscando sempre solu\u00e7\u00f5es vi\u00e1veis para atender \u00e0s demandas dos servidores. Essa reposi\u00e7\u00e3o \u00e9 resultado direto desse di\u00e1logo respons\u00e1vel e produtivo\u201d, afirmou Ronaldo.<\/p>\n\n\n\n<p>A medida refor\u00e7a o respeito \u00e0 legisla\u00e7\u00e3o e evidencia o compromisso da prefeitura de Porto Nacional com a valoriza\u00e7\u00e3o do funcionalismo p\u00fablico, reconhecendo seu papel essencial na presta\u00e7\u00e3o de servi\u00e7os \u00e0 comunidade.<\/p>\n","protected":false},"excerpt":{"rendered":"<p>O prefeito Ronivon Maciel assinou nesta semana o ato que autoriza o pagamento da Data-Base 2025 para os servidores efetivos da prefeitura de Porto Nacional. A medida beneficia mais de 800 funcion\u00e1rios p\u00fablicos concursados de todas as secretarias, exceto Educa\u00e7\u00e3o, Agentes de Sa\u00fade e de Endemias, pois j\u00e1 haviam recebido o reajuste em fevereiro deste [&hellip;]<\/p>\n","protected":false},"author":13,"featured_media":85646,"comment_status":"open","ping_status":"open","sticky":false,"template":"","format":"standard","meta":{"_acf_changed":false,"footnotes":""},"categories":[25,898,21],"tags":[],"class_list":["post-85645","post","type-post","status-publish","format-standard","has-post-thumbnail","hentry","category-funcionalismo","category-manchete-segundaria","category-todas-noticias"],"acf":[],"yoast_head":"<!-- This site is optimized with the Yoast SEO plugin v24.4 - https:\/\/yoast.com\/wordpress\/plugins\/seo\/ -->\n<title>Porto Nacional: servidores municipais comemoram conquista da data-base de 5,32% para efetivos - PORTAL DE NOT\u00cdCIAS CLEITON PINHEIRO<\/title>\n<meta name=\"robots\" content=\"index, follow, max-snippet:-1, max-image-preview:large, max-video-preview:-1\" \/>\n<link rel=\"canonical\" href=\"https:\/\/cleitonpinheiro.com.br\/site\/porto-nacional-servidores-municipais-comemoram-conquista-da-data-base-de-532-para-efetivos\/\" \/>\n<meta property=\"og:locale\" content=\"pt_BR\" \/>\n<meta property=\"og:type\" content=\"article\" \/>\n<meta property=\"og:title\" content=\"Porto Nacional: servidores municipais comemoram conquista da data-base de 5,32% para efetivos - PORTAL DE NOT\u00cdCIAS CLEITON PINHEIRO\" \/>\n<meta property=\"og:description\" content=\"O prefeito Ronivon Maciel assinou nesta semana o ato que autoriza o pagamento da Data-Base 2025 para os servidores efetivos da prefeitura de Porto Nacional. A medida beneficia mais de 800 funcion\u00e1rios p\u00fablicos concursados de todas as secretarias, exceto Educa\u00e7\u00e3o, Agentes de Sa\u00fade e de Endemias, pois j\u00e1 haviam recebido o reajuste em fevereiro deste [&hellip;]\" \/>\n<meta property=\"og:url\" content=\"https:\/\/cleitonpinheiro.com.br\/site\/porto-nacional-servidores-municipais-comemoram-conquista-da-data-base-de-532-para-efetivos\/\" \/>\n<meta property=\"og:site_name\" content=\"PORTAL DE NOT\u00cdCIAS CLEITON PINHEIRO\" \/>\n<meta property=\"article:publisher\" content=\"https:\/\/www.facebook.com\/portalcpnoticias\/\" \/>\n<meta property=\"article:published_time\" content=\"2025-05-27T18:52:50+00:00\" \/>\n<meta property=\"article:modified_time\" content=\"2025-05-27T18:53:05+00:00\" \/>\n<meta property=\"og:image\" content=\"https:\/\/cleitonpinheiro.com.br\/site\/wp-content\/uploads\/2025\/05\/DJI_20240607085405_0011_D-scaled.jpg\" \/>\n\t<meta property=\"og:image:width\" content=\"2560\" \/>\n\t<meta property=\"og:image:height\" content=\"1029\" \/>\n\t<meta property=\"og:image:type\" content=\"image\/jpeg\" \/>\n<meta name=\"author\" content=\"Reda\u00e7\u00e3o CP\" \/>\n<meta name=\"twitter:card\" content=\"summary_large_image\" \/>\n<meta name=\"twitter:label1\" content=\"Escrito por\" \/>\n\t<meta name=\"twitter:data1\" content=\"Reda\u00e7\u00e3o CP\" \/>\n\t<meta name=\"twitter:label2\" content=\"Est. tempo de leitura\" \/>\n\t<meta name=\"twitter:data2\" content=\"2 minutos\" \/>\n<script type=\"application\/ld+json\" class=\"yoast-schema-graph\">{\"@context\":\"https:\/\/schema.org\",\"@graph\":[{\"@type\":\"Article\",\"@id\":\"https:\/\/cleitonpinheiro.com.br\/site\/porto-nacional-servidores-municipais-comemoram-conquista-da-data-base-de-532-para-efetivos\/#article\",\"isPartOf\":{\"@id\":\"https:\/\/cleitonpinheiro.com.br\/site\/porto-nacional-servidores-municipais-comemoram-conquista-da-data-base-de-532-para-efetivos\/\"},\"author\":{\"name\":\"Reda\u00e7\u00e3o CP\",\"@id\":\"https:\/\/cleitonpinheiro.com.br\/site\/#\/schema\/person\/8f04544e0bc40a1b68775b08360f87db\"},\"headline\":\"Porto Nacional: servidores municipais comemoram conquista da data-base de 5,32% para efetivos\",\"datePublished\":\"2025-05-27T18:52:50+00:00\",\"dateModified\":\"2025-05-27T18:53:05+00:00\",\"mainEntityOfPage\":{\"@id\":\"https:\/\/cleitonpinheiro.com.br\/site\/porto-nacional-servidores-municipais-comemoram-conquista-da-data-base-de-532-para-efetivos\/\"},\"wordCount\":334,\"commentCount\":0,\"publisher\":{\"@id\":\"https:\/\/cleitonpinheiro.com.br\/site\/#organization\"},\"image\":{\"@id\":\"https:\/\/cleitonpinheiro.com.br\/site\/porto-nacional-servidores-municipais-comemoram-conquista-da-data-base-de-532-para-efetivos\/#primaryimage\"},\"thumbnailUrl\":\"https:\/\/cleitonpinheiro.com.br\/site\/wp-content\/uploads\/2025\/05\/DJI_20240607085405_0011_D-scaled.jpg\",\"articleSection\":[\"FUNCIONALISMO\",\"MANCHETE SEGUND\u00c1RIA\",\"TODAS NOTICIAS\"],\"inLanguage\":\"pt-BR\",\"potentialAction\":[{\"@type\":\"CommentAction\",\"name\":\"Comment\",\"target\":[\"https:\/\/cleitonpinheiro.com.br\/site\/porto-nacional-servidores-municipais-comemoram-conquista-da-data-base-de-532-para-efetivos\/#respond\"]}]},{\"@type\":\"WebPage\",\"@id\":\"https:\/\/cleitonpinheiro.com.br\/site\/porto-nacional-servidores-municipais-comemoram-conquista-da-data-base-de-532-para-efetivos\/\",\"url\":\"https:\/\/cleitonpinheiro.com.br\/site\/porto-nacional-servidores-municipais-comemoram-conquista-da-data-base-de-532-para-efetivos\/\",\"name\":\"Porto Nacional: servidores municipais comemoram conquista da data-base de 5,32% para efetivos - PORTAL DE NOT\u00cdCIAS CLEITON PINHEIRO\",\"isPartOf\":{\"@id\":\"https:\/\/cleitonpinheiro.com.br\/site\/#website\"},\"primaryImageOfPage\":{\"@id\":\"https:\/\/cleitonpinheiro.com.br\/site\/porto-nacional-servidores-municipais-comemoram-conquista-da-data-base-de-532-para-efetivos\/#primaryimage\"},\"image\":{\"@id\":\"https:\/\/cleitonpinheiro.com.br\/site\/porto-nacional-servidores-municipais-comemoram-conquista-da-data-base-de-532-para-efetivos\/#primaryimage\"},\"thumbnailUrl\":\"https:\/\/cleitonpinheiro.com.br\/site\/wp-content\/uploads\/2025\/05\/DJI_20240607085405_0011_D-scaled.jpg\",\"datePublished\":\"2025-05-27T18:52:50+00:00\",\"dateModified\":\"2025-05-27T18:53:05+00:00\",\"breadcrumb\":{\"@id\":\"https:\/\/cleitonpinheiro.com.br\/site\/porto-nacional-servidores-municipais-comemoram-conquista-da-data-base-de-532-para-efetivos\/#breadcrumb\"},\"inLanguage\":\"pt-BR\",\"potentialAction\":[{\"@type\":\"ReadAction\",\"target\":[\"https:\/\/cleitonpinheiro.com.br\/site\/porto-nacional-servidores-municipais-comemoram-conquista-da-data-base-de-532-para-efetivos\/\"]}]},{\"@type\":\"ImageObject\",\"inLanguage\":\"pt-BR\",\"@id\":\"https:\/\/cleitonpinheiro.com.br\/site\/porto-nacional-servidores-municipais-comemoram-conquista-da-data-base-de-532-para-efetivos\/#primaryimage\",\"url\":\"https:\/\/cleitonpinheiro.com.br\/site\/wp-content\/uploads\/2025\/05\/DJI_20240607085405_0011_D-scaled.jpg\",\"contentUrl\":\"https:\/\/cleitonpinheiro.com.br\/site\/wp-content\/uploads\/2025\/05\/DJI_20240607085405_0011_D-scaled.jpg\",\"width\":2560,\"height\":1029},{\"@type\":\"BreadcrumbList\",\"@id\":\"https:\/\/cleitonpinheiro.com.br\/site\/porto-nacional-servidores-municipais-comemoram-conquista-da-data-base-de-532-para-efetivos\/#breadcrumb\",\"itemListElement\":[{\"@type\":\"ListItem\",\"position\":1,\"name\":\"In\u00edcio\",\"item\":\"https:\/\/cleitonpinheiro.com.br\/site\/\"},{\"@type\":\"ListItem\",\"position\":2,\"name\":\"Porto Nacional: servidores municipais comemoram conquista da data-base de 5,32% para efetivos\"}]},{\"@type\":\"WebSite\",\"@id\":\"https:\/\/cleitonpinheiro.com.br\/site\/#website\",\"url\":\"https:\/\/cleitonpinheiro.com.br\/site\/\",\"name\":\"PORTAL DE NOT\u00cdCIAS CLEITON PINHEIRO\",\"description\":\"FALANDO A VERDADE\",\"publisher\":{\"@id\":\"https:\/\/cleitonpinheiro.com.br\/site\/#organization\"},\"potentialAction\":[{\"@type\":\"SearchAction\",\"target\":{\"@type\":\"EntryPoint\",\"urlTemplate\":\"https:\/\/cleitonpinheiro.com.br\/site\/?s={search_term_string}\"},\"query-input\":{\"@type\":\"PropertyValueSpecification\",\"valueRequired\":true,\"valueName\":\"search_term_string\"}}],\"inLanguage\":\"pt-BR\"},{\"@type\":\"Organization\",\"@id\":\"https:\/\/cleitonpinheiro.com.br\/site\/#organization\",\"name\":\"CPNOT\u00cdCIAS\",\"url\":\"https:\/\/cleitonpinheiro.com.br\/site\/\",\"logo\":{\"@type\":\"ImageObject\",\"inLanguage\":\"pt-BR\",\"@id\":\"https:\/\/cleitonpinheiro.com.br\/site\/#\/schema\/logo\/image\/\",\"url\":\"https:\/\/cleitonpinheiro.com.br\/site\/wp-content\/uploads\/2022\/08\/Logo-pequena-2.png\",\"contentUrl\":\"https:\/\/cleitonpinheiro.com.br\/site\/wp-content\/uploads\/2022\/08\/Logo-pequena-2.png\",\"width\":500,\"height\":500,\"caption\":\"CPNOT\u00cdCIAS\"},\"image\":{\"@id\":\"https:\/\/cleitonpinheiro.com.br\/site\/#\/schema\/logo\/image\/\"},\"sameAs\":[\"https:\/\/www.facebook.com\/portalcpnoticias\/\"]},{\"@type\":\"Person\",\"@id\":\"https:\/\/cleitonpinheiro.com.br\/site\/#\/schema\/person\/8f04544e0bc40a1b68775b08360f87db\",\"name\":\"Reda\u00e7\u00e3o CP\",\"image\":{\"@type\":\"ImageObject\",\"inLanguage\":\"pt-BR\",\"@id\":\"https:\/\/cleitonpinheiro.com.br\/site\/#\/schema\/person\/image\/\",\"url\":\"https:\/\/secure.gravatar.com\/avatar\/0bcf19cb29fdc8fc588c490c7ae1b3e174dac268586a63fbe1d1893a0f9020cd?s=96&r=g\",\"contentUrl\":\"https:\/\/secure.gravatar.com\/avatar\/0bcf19cb29fdc8fc588c490c7ae1b3e174dac268586a63fbe1d1893a0f9020cd?s=96&r=g\",\"caption\":\"Reda\u00e7\u00e3o CP\"},\"url\":\"https:\/\/cleitonpinheiro.com.br\/site\/author\/redacao\/\"}]}<\/script>\n<!-- \/ Yoast SEO plugin. -->","yoast_head_json":{"title":"Porto Nacional: servidores municipais comemoram conquista da data-base de 5,32% para efetivos - PORTAL DE NOT\u00cdCIAS CLEITON PINHEIRO","robots":{"index":"index","follow":"follow","max-snippet":"max-snippet:-1","max-image-preview":"max-image-preview:large","max-video-preview":"max-video-preview:-1"},"canonical":"https:\/\/cleitonpinheiro.com.br\/site\/porto-nacional-servidores-municipais-comemoram-conquista-da-data-base-de-532-para-efetivos\/","og_locale":"pt_BR","og_type":"article","og_title":"Porto Nacional: servidores municipais comemoram conquista da data-base de 5,32% para efetivos - PORTAL DE NOT\u00cdCIAS CLEITON PINHEIRO","og_description":"O prefeito Ronivon Maciel assinou nesta semana o ato que autoriza o pagamento da Data-Base 2025 para os servidores efetivos da prefeitura de Porto Nacional. A medida beneficia mais de 800 funcion\u00e1rios p\u00fablicos concursados de todas as secretarias, exceto Educa\u00e7\u00e3o, Agentes de Sa\u00fade e de Endemias, pois j\u00e1 haviam recebido o reajuste em fevereiro deste [&hellip;]","og_url":"https:\/\/cleitonpinheiro.com.br\/site\/porto-nacional-servidores-municipais-comemoram-conquista-da-data-base-de-532-para-efetivos\/","og_site_name":"PORTAL DE NOT\u00cdCIAS CLEITON PINHEIRO","article_publisher":"https:\/\/www.facebook.com\/portalcpnoticias\/","article_published_time":"2025-05-27T18:52:50+00:00","article_modified_time":"2025-05-27T18:53:05+00:00","og_image":[{"width":2560,"height":1029,"url":"https:\/\/cleitonpinheiro.com.br\/site\/wp-content\/uploads\/2025\/05\/DJI_20240607085405_0011_D-scaled.jpg","type":"image\/jpeg"}],"author":"Reda\u00e7\u00e3o CP","twitter_card":"summary_large_image","twitter_misc":{"Escrito por":"Reda\u00e7\u00e3o CP","Est. tempo de leitura":"2 minutos"},"schema":{"@context":"https:\/\/schema.org","@graph":[{"@type":"Article","@id":"https:\/\/cleitonpinheiro.com.br\/site\/porto-nacional-servidores-municipais-comemoram-conquista-da-data-base-de-532-para-efetivos\/#article","isPartOf":{"@id":"https:\/\/cleitonpinheiro.com.br\/site\/porto-nacional-servidores-municipais-comemoram-conquista-da-data-base-de-532-para-efetivos\/"},"author":{"name":"Reda\u00e7\u00e3o CP","@id":"https:\/\/cleitonpinheiro.com.br\/site\/#\/schema\/person\/8f04544e0bc40a1b68775b08360f87db"},"headline":"Porto Nacional: servidores municipais comemoram conquista da data-base de 5,32% para efetivos","datePublished":"2025-05-27T18:52:50+00:00","dateModified":"2025-05-27T18:53:05+00:00","mainEntityOfPage":{"@id":"https:\/\/cleitonpinheiro.com.br\/site\/porto-nacional-servidores-municipais-comemoram-conquista-da-data-base-de-532-para-efetivos\/"},"wordCount":334,"commentCount":0,"publisher":{"@id":"https:\/\/cleitonpinheiro.com.br\/site\/#organization"},"image":{"@id":"https:\/\/cleitonpinheiro.com.br\/site\/porto-nacional-servidores-municipais-comemoram-conquista-da-data-base-de-532-para-efetivos\/#primaryimage"},"thumbnailUrl":"https:\/\/cleitonpinheiro.com.br\/site\/wp-content\/uploads\/2025\/05\/DJI_20240607085405_0011_D-scaled.jpg","articleSection":["FUNCIONALISMO","MANCHETE SEGUND\u00c1RIA","TODAS NOTICIAS"],"inLanguage":"pt-BR","potentialAction":[{"@type":"CommentAction","name":"Comment","target":["https:\/\/cleitonpinheiro.com.br\/site\/porto-nacional-servidores-municipais-comemoram-conquista-da-data-base-de-532-para-efetivos\/#respond"]}]},{"@type":"WebPage","@id":"https:\/\/cleitonpinheiro.com.br\/site\/porto-nacional-servidores-municipais-comemoram-conquista-da-data-base-de-532-para-efetivos\/","url":"https:\/\/cleitonpinheiro.com.br\/site\/porto-nacional-servidores-municipais-comemoram-conquista-da-data-base-de-532-para-efetivos\/","name":"Porto Nacional: servidores municipais comemoram conquista da data-base de 5,32% para efetivos - PORTAL DE NOT\u00cdCIAS CLEITON PINHEIRO","isPartOf":{"@id":"https:\/\/cleitonpinheiro.com.br\/site\/#website"},"primaryImageOfPage":{"@id":"https:\/\/cleitonpinheiro.com.br\/site\/porto-nacional-servidores-municipais-comemoram-conquista-da-data-base-de-532-para-efetivos\/#primaryimage"},"image":{"@id":"https:\/\/cleitonpinheiro.com.br\/site\/porto-nacional-servidores-municipais-comemoram-conquista-da-data-base-de-532-para-efetivos\/#primaryimage"},"thumbnailUrl":"https:\/\/cleitonpinheiro.com.br\/site\/wp-content\/uploads\/2025\/05\/DJI_20240607085405_0011_D-scaled.jpg","datePublished":"2025-05-27T18:52:50+00:00","dateModified":"2025-05-27T18:53:05+00:00","breadcrumb":{"@id":"https:\/\/cleitonpinheiro.com.br\/site\/porto-nacional-servidores-municipais-comemoram-conquista-da-data-base-de-532-para-efetivos\/#breadcrumb"},"inLanguage":"pt-BR","potentialAction":[{"@type":"ReadAction","target":["https:\/\/cleitonpinheiro.com.br\/site\/porto-nacional-servidores-municipais-comemoram-conquista-da-data-base-de-532-para-efetivos\/"]}]},{"@type":"ImageObject","inLanguage":"pt-BR","@id":"https:\/\/cleitonpinheiro.com.br\/site\/porto-nacional-servidores-municipais-comemoram-conquista-da-data-base-de-532-para-efetivos\/#primaryimage","url":"https:\/\/cleitonpinheiro.com.br\/site\/wp-content\/uploads\/2025\/05\/DJI_20240607085405_0011_D-scaled.jpg","contentUrl":"https:\/\/cleitonpinheiro.com.br\/site\/wp-content\/uploads\/2025\/05\/DJI_20240607085405_0011_D-scaled.jpg","width":2560,"height":1029},{"@type":"BreadcrumbList","@id":"https:\/\/cleitonpinheiro.com.br\/site\/porto-nacional-servidores-municipais-comemoram-conquista-da-data-base-de-532-para-efetivos\/#breadcrumb","itemListElement":[{"@type":"ListItem","position":1,"name":"In\u00edcio","item":"https:\/\/cleitonpinheiro.com.br\/site\/"},{"@type":"ListItem","position":2,"name":"Porto Nacional: servidores municipais comemoram conquista da data-base de 5,32% para efetivos"}]},{"@type":"WebSite","@id":"https:\/\/cleitonpinheiro.com.br\/site\/#website","url":"https:\/\/cleitonpinheiro.com.br\/site\/","name":"PORTAL DE NOT\u00cdCIAS CLEITON PINHEIRO","description":"FALANDO A VERDADE","publisher":{"@id":"https:\/\/cleitonpinheiro.com.br\/site\/#organization"},"potentialAction":[{"@type":"SearchAction","target":{"@type":"EntryPoint","urlTemplate":"https:\/\/cleitonpinheiro.com.br\/site\/?s={search_term_string}"},"query-input":{"@type":"PropertyValueSpecification","valueRequired":true,"valueName":"search_term_string"}}],"inLanguage":"pt-BR"},{"@type":"Organization","@id":"https:\/\/cleitonpinheiro.com.br\/site\/#organization","name":"CPNOT\u00cdCIAS","url":"https:\/\/cleitonpinheiro.com.br\/site\/","logo":{"@type":"ImageObject","inLanguage":"pt-BR","@id":"https:\/\/cleitonpinheiro.com.br\/site\/#\/schema\/logo\/image\/","url":"https:\/\/cleitonpinheiro.com.br\/site\/wp-content\/uploads\/2022\/08\/Logo-pequena-2.png","contentUrl":"https:\/\/cleitonpinheiro.com.br\/site\/wp-content\/uploads\/2022\/08\/Logo-pequena-2.png","width":500,"height":500,"caption":"CPNOT\u00cdCIAS"},"image":{"@id":"https:\/\/cleitonpinheiro.com.br\/site\/#\/schema\/logo\/image\/"},"sameAs":["https:\/\/www.facebook.com\/portalcpnoticias\/"]},{"@type":"Person","@id":"https:\/\/cleitonpinheiro.com.br\/site\/#\/schema\/person\/8f04544e0bc40a1b68775b08360f87db","name":"Reda\u00e7\u00e3o CP","image":{"@type":"ImageObject","inLanguage":"pt-BR","@id":"https:\/\/cleitonpinheiro.com.br\/site\/#\/schema\/person\/image\/","url":"https:\/\/secure.gravatar.com\/avatar\/0bcf19cb29fdc8fc588c490c7ae1b3e174dac268586a63fbe1d1893a0f9020cd?s=96&r=g","contentUrl":"https:\/\/secure.gravatar.com\/avatar\/0bcf19cb29fdc8fc588c490c7ae1b3e174dac268586a63fbe1d1893a0f9020cd?s=96&r=g","caption":"Reda\u00e7\u00e3o CP"},"url":"https:\/\/cleitonpinheiro.com.br\/site\/author\/redacao\/"}]}},"views":116,"_links":{"self":[{"href":"https:\/\/cleitonpinheiro.com.br\/site\/wp-json\/wp\/v2\/posts\/85645","targetHints":{"allow":["GET"]}}],"collection":[{"href":"https:\/\/cleitonpinheiro.com.br\/site\/wp-json\/wp\/v2\/posts"}],"about":[{"href":"https:\/\/cleitonpinheiro.com.br\/site\/wp-json\/wp\/v2\/types\/post"}],"author":[{"embeddable":true,"href":"https:\/\/cleitonpinheiro.com.br\/site\/wp-json\/wp\/v2\/users\/13"}],"replies":[{"embeddable":true,"href":"https:\/\/cleitonpinheiro.com.br\/site\/wp-json\/wp\/v2\/comments?post=85645"}],"version-history":[{"count":1,"href":"https:\/\/cleitonpinheiro.com.br\/site\/wp-json\/wp\/v2\/posts\/85645\/revisions"}],"predecessor-version":[{"id":85647,"href":"https:\/\/cleitonpinheiro.com.br\/site\/wp-json\/wp\/v2\/posts\/85645\/revisions\/85647"}],"wp:featuredmedia":[{"embeddable":true,"href":"https:\/\/cleitonpinheiro.com.br\/site\/wp-json\/wp\/v2\/media\/85646"}],"wp:attachment":[{"href":"https:\/\/cleitonpinheiro.com.br\/site\/wp-json\/wp\/v2\/media?parent=85645"}],"wp:term":[{"taxonomy":"category","embeddable":true,"href":"https:\/\/cleitonpinheiro.com.br\/site\/wp-json\/wp\/v2\/categories?post=85645"},{"taxonomy":"post_tag","embeddable":true,"href":"https:\/\/cleitonpinheiro.com.br\/site\/wp-json\/wp\/v2\/tags?post=85645"}],"curies":[{"name":"wp","href":"https:\/\/api.w.org\/{rel}","templated":true}]}}