{"id":85648,"date":"2025-05-26T17:55:00","date_gmt":"2025-05-26T20:55:00","guid":{"rendered":"https:\/\/cleitonpinheiro.com.br\/site\/?p=85648"},"modified":"2025-05-27T15:58:50","modified_gmt":"2025-05-27T18:58:50","slug":"com-casemiro-e-sem-neymar-ancelotti-faz-primeira-convocacao-na-cbf","status":"publish","type":"post","link":"https:\/\/cleitonpinheiro.com.br\/site\/com-casemiro-e-sem-neymar-ancelotti-faz-primeira-convocacao-na-cbf\/","title":{"rendered":"Com Casemiro e sem Neymar, Ancelotti faz primeira convoca\u00e7\u00e3o na CBF"},"content":{"rendered":"\n<figure class=\"wp-block-image aligncenter size-full\"><img fetchpriority=\"high\" decoding=\"async\" width=\"463\" height=\"309\" src=\"https:\/\/cleitonpinheiro.com.br\/site\/wp-content\/uploads\/2025\/05\/mg_1348.webp\" alt=\"\" class=\"wp-image-85649\" srcset=\"https:\/\/cleitonpinheiro.com.br\/site\/wp-content\/uploads\/2025\/05\/mg_1348.webp 463w, https:\/\/cleitonpinheiro.com.br\/site\/wp-content\/uploads\/2025\/05\/mg_1348-300x200.webp 300w\" sizes=\"(max-width: 463px) 100vw, 463px\" \/><figcaption class=\"wp-element-caption\">Foto: Bruno Peres\/Ag\u00eancia Brasil<\/figcaption><\/figure>\n\n\n\n<p>Come\u00e7ou a Era Carlo Ancelotti no comando da Sele\u00e7\u00e3o Brasileira. Na tarde desta segunda-feira (26), na Barra da Tijuca (RJ), o t\u00e9cnico foi apresentado e anunciou sua primeira convoca\u00e7\u00e3o. A lista traz a volta do volante Casemiro, do Manchester United; do lateral \u2013 que tamb\u00e9m atua como zagueiro \u2013 Danilo, do Flamengo; al\u00e9m da aus\u00eancia de Neymar, voltando de les\u00e3o no Santos.<img decoding=\"async\" src=\"https:\/\/agenciabrasil.ebc.com.br\/ebc.png?id=1644192&amp;o=node\"><img decoding=\"async\" src=\"https:\/\/agenciabrasil.ebc.com.br\/ebc.gif?id=1644192&amp;o=node\"><\/p>\n\n\n\n<p>Em coletiva de imprensa, Ancelotti afirmou que foi recebido com carinho no Brasil e vem para trazer a era de t\u00edtulos de volta \u00e0 Sele\u00e7\u00e3o Brasileira.<\/p>\n\n\n\n<p>&#8220;\u00c9 uma honra, um grande orgulho comandar a sele\u00e7\u00e3o, que \u00e9 a melhor do mundo. Eu tenho um grande trabalho para fazer com que Brasil volte a ser campe\u00e3o, vamos juntos. Precisamos de todos voc\u00eas. Eu fui recebido aqui com muito carinho. \u00c9 a minha primeira vez, e estou muito contente. Eu estou muito animado e acho que vamos fazer um trabalho&#8221;, celebrou o t\u00e9cnico italiano.<\/p>\n\n\n\n<h2 class=\"wp-block-heading\">Lista de convocados<\/h2>\n\n\n\n<p><strong>Goleiros<\/strong>: Alisson (Liverpool), Bento (Al-Nassr) e Hugo Souza (Corinthians)<\/p>\n\n\n\n<p><strong>Defensores<\/strong>: Alex Sandro (Flamengo), Alexsandro (Lille), Beraldo (PSG), Carlos Augusto (Inter de Mil\u00e3o), Danilo (Flamengo), L\u00e9o Ortiz (Flamengo), Marquinhos (PSG), Vanderson (Monaco), Wesley (Flamengo)<\/p>\n\n\n\n<p><strong>Meio-campistas<\/strong>: Andreas Pereira (Fulham), Andrey Santos (Strasbourg), Bruno Guimar\u00e3es (Newcastle), Casemiro (Manchester United), Ederson (Atalanta), Gerson (Flamengo)<\/p>\n\n\n\n<p><strong>Atacantes<\/strong>: Antony (Betis), Est\u00eav\u00e3o (Palmeiras), Gabriel Martinelli (Arsenal), Matheus Cunha (Wolverhampton), Raphinha (Barcelona), Richarlison (Tottenham), Vin\u00edcius J\u00fanior (Real Madrid).<\/p>\n\n\n\n<h2 class=\"wp-block-heading\">Boas-vindas<\/h2>\n\n\n\n<p>Durante a cerim\u00f4nia, entre diversas mensagens de personalidades do esporte verde e amarelo, Luiz Felipe Scolari (t\u00e9cnico pentacampe\u00e3o mundial em 2002) deixou as boas-vindas ao novo comandante da Sele\u00e7\u00e3o.<\/p>\n\n\n\n<p>\u201c\u00c9 uma alegria, uma satisfa\u00e7\u00e3o, uma felicidade estar contigo. E que desejamos o melhor poss\u00edvel. Seja a pessoa que sempre foi e vai conseguir no Brasil tudo aquilo que conseguiu na sua vida. Tudo de bom! E o melhor para o nosso Brasil &#8220;.<\/p>\n\n\n\n<p>Entre outros grandes nomes do futebol brasileiro a deixarem uma mensagem de boas-vindas a Ancelotti estavam Zico, Bebeto, G\u00e9rson &#8220;Canhotinha de Ouro&#8221; e Rivelino.<\/p>\n\n\n\n<p>Maior campe\u00e3o da Champions League, com cinco t\u00edtulos (tr\u00eas pelo Real Madrid e dois pelo Milan), e \u00fanico t\u00e9cnico a conquistar os campeonatos nacionais das cinco principais ligas europeias (Inglaterra, Espanha, Alemanha, It\u00e1lia e Fran\u00e7a), ele tem como desafio garantir a classifica\u00e7\u00e3o para o Mundial do pr\u00f3ximo ano, nos Estados Unidos, e ir em busca do hexa da Copa.<\/p>\n\n\n\n<p>O pr\u00f3ximo jogo do Brasil \u00e9 contra o Equador, no Est\u00e1dio Monumental de Guayaquil, no dia 5 de junho, pela 15\u00aa rodada das Eliminat\u00f3rias Sul-Americanas. A primeira reuni\u00e3o do grupo sob orienta\u00e7\u00e3o de Carlo Ancelotti se encerra no dia dez de junho, na Neo Qu\u00edmica Arena, em S\u00e3o Paulo, contra o Paraguai.<\/p>\n\n\n\n<p>Depois de 14 rodadas das Eliminat\u00f3rias continentais, o Brasil \u00e9 o quarto colocado com 21 pontos. De forma direta, s\u00e3o seis vagas \u00e0 Copa do Mundo de 2026 nos Estados Unidos, Canad\u00e1 e M\u00e9xico. O s\u00e9timo colocado disputar\u00e1 ainda uma repescagem.<\/p>\n\n\n\n<p>Juliano Justo &#8211; Rep\u00f3rter EBC<\/p>\n","protected":false},"excerpt":{"rendered":"<p>Come\u00e7ou a Era Carlo Ancelotti no comando da Sele\u00e7\u00e3o Brasileira. Na tarde desta segunda-feira (26), na Barra da Tijuca (RJ), o t\u00e9cnico foi apresentado e anunciou sua primeira convoca\u00e7\u00e3o. A lista traz a volta do volante Casemiro, do Manchester United; do lateral \u2013 que tamb\u00e9m atua como zagueiro \u2013 Danilo, do Flamengo; al\u00e9m da aus\u00eancia [&hellip;]<\/p>\n","protected":false},"author":13,"featured_media":85649,"comment_status":"open","ping_status":"open","sticky":false,"template":"","format":"standard","meta":{"_acf_changed":false,"footnotes":""},"categories":[1,20,21],"tags":[],"class_list":["post-85648","post","type-post","status-publish","format-standard","has-post-thumbnail","hentry","category-esporte","category-noticias-em-destaque","category-todas-noticias"],"acf":[],"yoast_head":"<!-- This site is optimized with the Yoast SEO plugin v24.4 - https:\/\/yoast.com\/wordpress\/plugins\/seo\/ -->\n<title>Com Casemiro e sem Neymar, Ancelotti faz primeira convoca\u00e7\u00e3o na CBF - PORTAL DE NOT\u00cdCIAS CLEITON PINHEIRO<\/title>\n<meta name=\"robots\" content=\"index, follow, max-snippet:-1, max-image-preview:large, max-video-preview:-1\" \/>\n<link rel=\"canonical\" href=\"https:\/\/cleitonpinheiro.com.br\/site\/com-casemiro-e-sem-neymar-ancelotti-faz-primeira-convocacao-na-cbf\/\" \/>\n<meta property=\"og:locale\" content=\"pt_BR\" \/>\n<meta property=\"og:type\" content=\"article\" \/>\n<meta property=\"og:title\" content=\"Com Casemiro e sem Neymar, Ancelotti faz primeira convoca\u00e7\u00e3o na CBF - PORTAL DE NOT\u00cdCIAS CLEITON PINHEIRO\" \/>\n<meta property=\"og:description\" content=\"Come\u00e7ou a Era Carlo Ancelotti no comando da Sele\u00e7\u00e3o Brasileira. Na tarde desta segunda-feira (26), na Barra da Tijuca (RJ), o t\u00e9cnico foi apresentado e anunciou sua primeira convoca\u00e7\u00e3o. A lista traz a volta do volante Casemiro, do Manchester United; do lateral \u2013 que tamb\u00e9m atua como zagueiro \u2013 Danilo, do Flamengo; al\u00e9m da aus\u00eancia [&hellip;]\" \/>\n<meta property=\"og:url\" content=\"https:\/\/cleitonpinheiro.com.br\/site\/com-casemiro-e-sem-neymar-ancelotti-faz-primeira-convocacao-na-cbf\/\" \/>\n<meta property=\"og:site_name\" content=\"PORTAL DE NOT\u00cdCIAS CLEITON PINHEIRO\" \/>\n<meta property=\"article:publisher\" content=\"https:\/\/www.facebook.com\/portalcpnoticias\/\" \/>\n<meta property=\"article:published_time\" content=\"2025-05-26T20:55:00+00:00\" \/>\n<meta property=\"article:modified_time\" content=\"2025-05-27T18:58:50+00:00\" \/>\n<meta property=\"og:image\" content=\"https:\/\/cleitonpinheiro.com.br\/site\/wp-content\/uploads\/2025\/05\/mg_1348.webp\" \/>\n\t<meta property=\"og:image:width\" content=\"463\" \/>\n\t<meta property=\"og:image:height\" content=\"309\" \/>\n\t<meta property=\"og:image:type\" content=\"image\/webp\" \/>\n<meta name=\"author\" content=\"Reda\u00e7\u00e3o CP\" \/>\n<meta name=\"twitter:card\" content=\"summary_large_image\" \/>\n<meta name=\"twitter:label1\" content=\"Escrito por\" \/>\n\t<meta name=\"twitter:data1\" content=\"Reda\u00e7\u00e3o CP\" \/>\n\t<meta name=\"twitter:label2\" content=\"Est. tempo de leitura\" \/>\n\t<meta name=\"twitter:data2\" content=\"4 minutos\" \/>\n<script type=\"application\/ld+json\" class=\"yoast-schema-graph\">{\"@context\":\"https:\/\/schema.org\",\"@graph\":[{\"@type\":\"Article\",\"@id\":\"https:\/\/cleitonpinheiro.com.br\/site\/com-casemiro-e-sem-neymar-ancelotti-faz-primeira-convocacao-na-cbf\/#article\",\"isPartOf\":{\"@id\":\"https:\/\/cleitonpinheiro.com.br\/site\/com-casemiro-e-sem-neymar-ancelotti-faz-primeira-convocacao-na-cbf\/\"},\"author\":{\"name\":\"Reda\u00e7\u00e3o CP\",\"@id\":\"https:\/\/cleitonpinheiro.com.br\/site\/#\/schema\/person\/8f04544e0bc40a1b68775b08360f87db\"},\"headline\":\"Com Casemiro e sem Neymar, Ancelotti faz primeira convoca\u00e7\u00e3o na CBF\",\"datePublished\":\"2025-05-26T20:55:00+00:00\",\"dateModified\":\"2025-05-27T18:58:50+00:00\",\"mainEntityOfPage\":{\"@id\":\"https:\/\/cleitonpinheiro.com.br\/site\/com-casemiro-e-sem-neymar-ancelotti-faz-primeira-convocacao-na-cbf\/\"},\"wordCount\":529,\"commentCount\":0,\"publisher\":{\"@id\":\"https:\/\/cleitonpinheiro.com.br\/site\/#organization\"},\"image\":{\"@id\":\"https:\/\/cleitonpinheiro.com.br\/site\/com-casemiro-e-sem-neymar-ancelotti-faz-primeira-convocacao-na-cbf\/#primaryimage\"},\"thumbnailUrl\":\"https:\/\/cleitonpinheiro.com.br\/site\/wp-content\/uploads\/2025\/05\/mg_1348.webp\",\"articleSection\":[\"ESPORTE\",\"NOT\u00cdCIAS EM DESTAQUE\",\"TODAS NOTICIAS\"],\"inLanguage\":\"pt-BR\",\"potentialAction\":[{\"@type\":\"CommentAction\",\"name\":\"Comment\",\"target\":[\"https:\/\/cleitonpinheiro.com.br\/site\/com-casemiro-e-sem-neymar-ancelotti-faz-primeira-convocacao-na-cbf\/#respond\"]}]},{\"@type\":\"WebPage\",\"@id\":\"https:\/\/cleitonpinheiro.com.br\/site\/com-casemiro-e-sem-neymar-ancelotti-faz-primeira-convocacao-na-cbf\/\",\"url\":\"https:\/\/cleitonpinheiro.com.br\/site\/com-casemiro-e-sem-neymar-ancelotti-faz-primeira-convocacao-na-cbf\/\",\"name\":\"Com Casemiro e sem Neymar, Ancelotti faz primeira convoca\u00e7\u00e3o na CBF - PORTAL DE NOT\u00cdCIAS CLEITON PINHEIRO\",\"isPartOf\":{\"@id\":\"https:\/\/cleitonpinheiro.com.br\/site\/#website\"},\"primaryImageOfPage\":{\"@id\":\"https:\/\/cleitonpinheiro.com.br\/site\/com-casemiro-e-sem-neymar-ancelotti-faz-primeira-convocacao-na-cbf\/#primaryimage\"},\"image\":{\"@id\":\"https:\/\/cleitonpinheiro.com.br\/site\/com-casemiro-e-sem-neymar-ancelotti-faz-primeira-convocacao-na-cbf\/#primaryimage\"},\"thumbnailUrl\":\"https:\/\/cleitonpinheiro.com.br\/site\/wp-content\/uploads\/2025\/05\/mg_1348.webp\",\"datePublished\":\"2025-05-26T20:55:00+00:00\",\"dateModified\":\"2025-05-27T18:58:50+00:00\",\"breadcrumb\":{\"@id\":\"https:\/\/cleitonpinheiro.com.br\/site\/com-casemiro-e-sem-neymar-ancelotti-faz-primeira-convocacao-na-cbf\/#breadcrumb\"},\"inLanguage\":\"pt-BR\",\"potentialAction\":[{\"@type\":\"ReadAction\",\"target\":[\"https:\/\/cleitonpinheiro.com.br\/site\/com-casemiro-e-sem-neymar-ancelotti-faz-primeira-convocacao-na-cbf\/\"]}]},{\"@type\":\"ImageObject\",\"inLanguage\":\"pt-BR\",\"@id\":\"https:\/\/cleitonpinheiro.com.br\/site\/com-casemiro-e-sem-neymar-ancelotti-faz-primeira-convocacao-na-cbf\/#primaryimage\",\"url\":\"https:\/\/cleitonpinheiro.com.br\/site\/wp-content\/uploads\/2025\/05\/mg_1348.webp\",\"contentUrl\":\"https:\/\/cleitonpinheiro.com.br\/site\/wp-content\/uploads\/2025\/05\/mg_1348.webp\",\"width\":463,\"height\":309,\"caption\":\"Foto: Bruno Peres\/Ag\u00eancia Brasil\"},{\"@type\":\"BreadcrumbList\",\"@id\":\"https:\/\/cleitonpinheiro.com.br\/site\/com-casemiro-e-sem-neymar-ancelotti-faz-primeira-convocacao-na-cbf\/#breadcrumb\",\"itemListElement\":[{\"@type\":\"ListItem\",\"position\":1,\"name\":\"In\u00edcio\",\"item\":\"https:\/\/cleitonpinheiro.com.br\/site\/\"},{\"@type\":\"ListItem\",\"position\":2,\"name\":\"Com Casemiro e sem Neymar, Ancelotti faz primeira convoca\u00e7\u00e3o na CBF\"}]},{\"@type\":\"WebSite\",\"@id\":\"https:\/\/cleitonpinheiro.com.br\/site\/#website\",\"url\":\"https:\/\/cleitonpinheiro.com.br\/site\/\",\"name\":\"PORTAL DE NOT\u00cdCIAS CLEITON PINHEIRO\",\"description\":\"FALANDO A VERDADE\",\"publisher\":{\"@id\":\"https:\/\/cleitonpinheiro.com.br\/site\/#organization\"},\"potentialAction\":[{\"@type\":\"SearchAction\",\"target\":{\"@type\":\"EntryPoint\",\"urlTemplate\":\"https:\/\/cleitonpinheiro.com.br\/site\/?s={search_term_string}\"},\"query-input\":{\"@type\":\"PropertyValueSpecification\",\"valueRequired\":true,\"valueName\":\"search_term_string\"}}],\"inLanguage\":\"pt-BR\"},{\"@type\":\"Organization\",\"@id\":\"https:\/\/cleitonpinheiro.com.br\/site\/#organization\",\"name\":\"CPNOT\u00cdCIAS\",\"url\":\"https:\/\/cleitonpinheiro.com.br\/site\/\",\"logo\":{\"@type\":\"ImageObject\",\"inLanguage\":\"pt-BR\",\"@id\":\"https:\/\/cleitonpinheiro.com.br\/site\/#\/schema\/logo\/image\/\",\"url\":\"https:\/\/cleitonpinheiro.com.br\/site\/wp-content\/uploads\/2022\/08\/Logo-pequena-2.png\",\"contentUrl\":\"https:\/\/cleitonpinheiro.com.br\/site\/wp-content\/uploads\/2022\/08\/Logo-pequena-2.png\",\"width\":500,\"height\":500,\"caption\":\"CPNOT\u00cdCIAS\"},\"image\":{\"@id\":\"https:\/\/cleitonpinheiro.com.br\/site\/#\/schema\/logo\/image\/\"},\"sameAs\":[\"https:\/\/www.facebook.com\/portalcpnoticias\/\"]},{\"@type\":\"Person\",\"@id\":\"https:\/\/cleitonpinheiro.com.br\/site\/#\/schema\/person\/8f04544e0bc40a1b68775b08360f87db\",\"name\":\"Reda\u00e7\u00e3o CP\",\"image\":{\"@type\":\"ImageObject\",\"inLanguage\":\"pt-BR\",\"@id\":\"https:\/\/cleitonpinheiro.com.br\/site\/#\/schema\/person\/image\/\",\"url\":\"https:\/\/secure.gravatar.com\/avatar\/0bcf19cb29fdc8fc588c490c7ae1b3e174dac268586a63fbe1d1893a0f9020cd?s=96&r=g\",\"contentUrl\":\"https:\/\/secure.gravatar.com\/avatar\/0bcf19cb29fdc8fc588c490c7ae1b3e174dac268586a63fbe1d1893a0f9020cd?s=96&r=g\",\"caption\":\"Reda\u00e7\u00e3o CP\"},\"url\":\"https:\/\/cleitonpinheiro.com.br\/site\/author\/redacao\/\"}]}<\/script>\n<!-- \/ Yoast SEO plugin. -->","yoast_head_json":{"title":"Com Casemiro e sem Neymar, Ancelotti faz primeira convoca\u00e7\u00e3o na CBF - PORTAL DE NOT\u00cdCIAS CLEITON PINHEIRO","robots":{"index":"index","follow":"follow","max-snippet":"max-snippet:-1","max-image-preview":"max-image-preview:large","max-video-preview":"max-video-preview:-1"},"canonical":"https:\/\/cleitonpinheiro.com.br\/site\/com-casemiro-e-sem-neymar-ancelotti-faz-primeira-convocacao-na-cbf\/","og_locale":"pt_BR","og_type":"article","og_title":"Com Casemiro e sem Neymar, Ancelotti faz primeira convoca\u00e7\u00e3o na CBF - PORTAL DE NOT\u00cdCIAS CLEITON PINHEIRO","og_description":"Come\u00e7ou a Era Carlo Ancelotti no comando da Sele\u00e7\u00e3o Brasileira. Na tarde desta segunda-feira (26), na Barra da Tijuca (RJ), o t\u00e9cnico foi apresentado e anunciou sua primeira convoca\u00e7\u00e3o. A lista traz a volta do volante Casemiro, do Manchester United; do lateral \u2013 que tamb\u00e9m atua como zagueiro \u2013 Danilo, do Flamengo; al\u00e9m da aus\u00eancia [&hellip;]","og_url":"https:\/\/cleitonpinheiro.com.br\/site\/com-casemiro-e-sem-neymar-ancelotti-faz-primeira-convocacao-na-cbf\/","og_site_name":"PORTAL DE NOT\u00cdCIAS CLEITON PINHEIRO","article_publisher":"https:\/\/www.facebook.com\/portalcpnoticias\/","article_published_time":"2025-05-26T20:55:00+00:00","article_modified_time":"2025-05-27T18:58:50+00:00","og_image":[{"width":463,"height":309,"url":"https:\/\/cleitonpinheiro.com.br\/site\/wp-content\/uploads\/2025\/05\/mg_1348.webp","type":"image\/webp"}],"author":"Reda\u00e7\u00e3o CP","twitter_card":"summary_large_image","twitter_misc":{"Escrito por":"Reda\u00e7\u00e3o CP","Est. tempo de leitura":"4 minutos"},"schema":{"@context":"https:\/\/schema.org","@graph":[{"@type":"Article","@id":"https:\/\/cleitonpinheiro.com.br\/site\/com-casemiro-e-sem-neymar-ancelotti-faz-primeira-convocacao-na-cbf\/#article","isPartOf":{"@id":"https:\/\/cleitonpinheiro.com.br\/site\/com-casemiro-e-sem-neymar-ancelotti-faz-primeira-convocacao-na-cbf\/"},"author":{"name":"Reda\u00e7\u00e3o CP","@id":"https:\/\/cleitonpinheiro.com.br\/site\/#\/schema\/person\/8f04544e0bc40a1b68775b08360f87db"},"headline":"Com Casemiro e sem Neymar, Ancelotti faz primeira convoca\u00e7\u00e3o na CBF","datePublished":"2025-05-26T20:55:00+00:00","dateModified":"2025-05-27T18:58:50+00:00","mainEntityOfPage":{"@id":"https:\/\/cleitonpinheiro.com.br\/site\/com-casemiro-e-sem-neymar-ancelotti-faz-primeira-convocacao-na-cbf\/"},"wordCount":529,"commentCount":0,"publisher":{"@id":"https:\/\/cleitonpinheiro.com.br\/site\/#organization"},"image":{"@id":"https:\/\/cleitonpinheiro.com.br\/site\/com-casemiro-e-sem-neymar-ancelotti-faz-primeira-convocacao-na-cbf\/#primaryimage"},"thumbnailUrl":"https:\/\/cleitonpinheiro.com.br\/site\/wp-content\/uploads\/2025\/05\/mg_1348.webp","articleSection":["ESPORTE","NOT\u00cdCIAS EM DESTAQUE","TODAS NOTICIAS"],"inLanguage":"pt-BR","potentialAction":[{"@type":"CommentAction","name":"Comment","target":["https:\/\/cleitonpinheiro.com.br\/site\/com-casemiro-e-sem-neymar-ancelotti-faz-primeira-convocacao-na-cbf\/#respond"]}]},{"@type":"WebPage","@id":"https:\/\/cleitonpinheiro.com.br\/site\/com-casemiro-e-sem-neymar-ancelotti-faz-primeira-convocacao-na-cbf\/","url":"https:\/\/cleitonpinheiro.com.br\/site\/com-casemiro-e-sem-neymar-ancelotti-faz-primeira-convocacao-na-cbf\/","name":"Com Casemiro e sem Neymar, Ancelotti faz primeira convoca\u00e7\u00e3o na CBF - PORTAL DE NOT\u00cdCIAS CLEITON PINHEIRO","isPartOf":{"@id":"https:\/\/cleitonpinheiro.com.br\/site\/#website"},"primaryImageOfPage":{"@id":"https:\/\/cleitonpinheiro.com.br\/site\/com-casemiro-e-sem-neymar-ancelotti-faz-primeira-convocacao-na-cbf\/#primaryimage"},"image":{"@id":"https:\/\/cleitonpinheiro.com.br\/site\/com-casemiro-e-sem-neymar-ancelotti-faz-primeira-convocacao-na-cbf\/#primaryimage"},"thumbnailUrl":"https:\/\/cleitonpinheiro.com.br\/site\/wp-content\/uploads\/2025\/05\/mg_1348.webp","datePublished":"2025-05-26T20:55:00+00:00","dateModified":"2025-05-27T18:58:50+00:00","breadcrumb":{"@id":"https:\/\/cleitonpinheiro.com.br\/site\/com-casemiro-e-sem-neymar-ancelotti-faz-primeira-convocacao-na-cbf\/#breadcrumb"},"inLanguage":"pt-BR","potentialAction":[{"@type":"ReadAction","target":["https:\/\/cleitonpinheiro.com.br\/site\/com-casemiro-e-sem-neymar-ancelotti-faz-primeira-convocacao-na-cbf\/"]}]},{"@type":"ImageObject","inLanguage":"pt-BR","@id":"https:\/\/cleitonpinheiro.com.br\/site\/com-casemiro-e-sem-neymar-ancelotti-faz-primeira-convocacao-na-cbf\/#primaryimage","url":"https:\/\/cleitonpinheiro.com.br\/site\/wp-content\/uploads\/2025\/05\/mg_1348.webp","contentUrl":"https:\/\/cleitonpinheiro.com.br\/site\/wp-content\/uploads\/2025\/05\/mg_1348.webp","width":463,"height":309,"caption":"Foto: Bruno Peres\/Ag\u00eancia Brasil"},{"@type":"BreadcrumbList","@id":"https:\/\/cleitonpinheiro.com.br\/site\/com-casemiro-e-sem-neymar-ancelotti-faz-primeira-convocacao-na-cbf\/#breadcrumb","itemListElement":[{"@type":"ListItem","position":1,"name":"In\u00edcio","item":"https:\/\/cleitonpinheiro.com.br\/site\/"},{"@type":"ListItem","position":2,"name":"Com Casemiro e sem Neymar, Ancelotti faz primeira convoca\u00e7\u00e3o na CBF"}]},{"@type":"WebSite","@id":"https:\/\/cleitonpinheiro.com.br\/site\/#website","url":"https:\/\/cleitonpinheiro.com.br\/site\/","name":"PORTAL DE NOT\u00cdCIAS CLEITON PINHEIRO","description":"FALANDO A VERDADE","publisher":{"@id":"https:\/\/cleitonpinheiro.com.br\/site\/#organization"},"potentialAction":[{"@type":"SearchAction","target":{"@type":"EntryPoint","urlTemplate":"https:\/\/cleitonpinheiro.com.br\/site\/?s={search_term_string}"},"query-input":{"@type":"PropertyValueSpecification","valueRequired":true,"valueName":"search_term_string"}}],"inLanguage":"pt-BR"},{"@type":"Organization","@id":"https:\/\/cleitonpinheiro.com.br\/site\/#organization","name":"CPNOT\u00cdCIAS","url":"https:\/\/cleitonpinheiro.com.br\/site\/","logo":{"@type":"ImageObject","inLanguage":"pt-BR","@id":"https:\/\/cleitonpinheiro.com.br\/site\/#\/schema\/logo\/image\/","url":"https:\/\/cleitonpinheiro.com.br\/site\/wp-content\/uploads\/2022\/08\/Logo-pequena-2.png","contentUrl":"https:\/\/cleitonpinheiro.com.br\/site\/wp-content\/uploads\/2022\/08\/Logo-pequena-2.png","width":500,"height":500,"caption":"CPNOT\u00cdCIAS"},"image":{"@id":"https:\/\/cleitonpinheiro.com.br\/site\/#\/schema\/logo\/image\/"},"sameAs":["https:\/\/www.facebook.com\/portalcpnoticias\/"]},{"@type":"Person","@id":"https:\/\/cleitonpinheiro.com.br\/site\/#\/schema\/person\/8f04544e0bc40a1b68775b08360f87db","name":"Reda\u00e7\u00e3o CP","image":{"@type":"ImageObject","inLanguage":"pt-BR","@id":"https:\/\/cleitonpinheiro.com.br\/site\/#\/schema\/person\/image\/","url":"https:\/\/secure.gravatar.com\/avatar\/0bcf19cb29fdc8fc588c490c7ae1b3e174dac268586a63fbe1d1893a0f9020cd?s=96&r=g","contentUrl":"https:\/\/secure.gravatar.com\/avatar\/0bcf19cb29fdc8fc588c490c7ae1b3e174dac268586a63fbe1d1893a0f9020cd?s=96&r=g","caption":"Reda\u00e7\u00e3o CP"},"url":"https:\/\/cleitonpinheiro.com.br\/site\/author\/redacao\/"}]}},"views":132,"_links":{"self":[{"href":"https:\/\/cleitonpinheiro.com.br\/site\/wp-json\/wp\/v2\/posts\/85648","targetHints":{"allow":["GET"]}}],"collection":[{"href":"https:\/\/cleitonpinheiro.com.br\/site\/wp-json\/wp\/v2\/posts"}],"about":[{"href":"https:\/\/cleitonpinheiro.com.br\/site\/wp-json\/wp\/v2\/types\/post"}],"author":[{"embeddable":true,"href":"https:\/\/cleitonpinheiro.com.br\/site\/wp-json\/wp\/v2\/users\/13"}],"replies":[{"embeddable":true,"href":"https:\/\/cleitonpinheiro.com.br\/site\/wp-json\/wp\/v2\/comments?post=85648"}],"version-history":[{"count":1,"href":"https:\/\/cleitonpinheiro.com.br\/site\/wp-json\/wp\/v2\/posts\/85648\/revisions"}],"predecessor-version":[{"id":85650,"href":"https:\/\/cleitonpinheiro.com.br\/site\/wp-json\/wp\/v2\/posts\/85648\/revisions\/85650"}],"wp:featuredmedia":[{"embeddable":true,"href":"https:\/\/cleitonpinheiro.com.br\/site\/wp-json\/wp\/v2\/media\/85649"}],"wp:attachment":[{"href":"https:\/\/cleitonpinheiro.com.br\/site\/wp-json\/wp\/v2\/media?parent=85648"}],"wp:term":[{"taxonomy":"category","embeddable":true,"href":"https:\/\/cleitonpinheiro.com.br\/site\/wp-json\/wp\/v2\/categories?post=85648"},{"taxonomy":"post_tag","embeddable":true,"href":"https:\/\/cleitonpinheiro.com.br\/site\/wp-json\/wp\/v2\/tags?post=85648"}],"curies":[{"name":"wp","href":"https:\/\/api.w.org\/{rel}","templated":true}]}}