{"id":85661,"date":"2025-05-28T11:36:34","date_gmt":"2025-05-28T14:36:34","guid":{"rendered":"https:\/\/cleitonpinheiro.com.br\/site\/?p=85661"},"modified":"2025-05-28T11:36:50","modified_gmt":"2025-05-28T14:36:50","slug":"senado-aprova-pec-que-inclui-guarda-municipal-na-seguranca-publica","status":"publish","type":"post","link":"https:\/\/cleitonpinheiro.com.br\/site\/senado-aprova-pec-que-inclui-guarda-municipal-na-seguranca-publica\/","title":{"rendered":"Senado aprova PEC que inclui guarda municipal na seguran\u00e7a p\u00fablica"},"content":{"rendered":"\n<figure class=\"wp-block-image size-large\"><img fetchpriority=\"high\" decoding=\"async\" width=\"1024\" height=\"613\" src=\"https:\/\/cleitonpinheiro.com.br\/site\/wp-content\/uploads\/2025\/05\/lula4419-1024x613.webp\" alt=\"\" class=\"wp-image-85662\" srcset=\"https:\/\/cleitonpinheiro.com.br\/site\/wp-content\/uploads\/2025\/05\/lula4419-1024x613.webp 1024w, https:\/\/cleitonpinheiro.com.br\/site\/wp-content\/uploads\/2025\/05\/lula4419-300x179.webp 300w, https:\/\/cleitonpinheiro.com.br\/site\/wp-content\/uploads\/2025\/05\/lula4419-768x459.webp 768w, https:\/\/cleitonpinheiro.com.br\/site\/wp-content\/uploads\/2025\/05\/lula4419.webp 1170w\" sizes=\"(max-width: 1024px) 100vw, 1024px\" \/><figcaption class=\"wp-element-caption\">\u00a9 Lula Marques\/Ag\u00eancia Brasil\n<\/figcaption><\/figure>\n\n\n\n<p>O Senado aprovou nesta ter\u00e7a-feira (27) a proposta de emenda \u00e0 Constitui\u00e7\u00e3o (PEC) que incorpora as guardas municipais e os agentes de tr\u00e2nsito aos \u00f3rg\u00e3os de seguran\u00e7a p\u00fablica.<\/p>\n\n\n\n<p>O texto foi aprovado em primeiro e segundo turnos e vai para vota\u00e7\u00e3o na C\u00e2mara dos Deputados.<\/p>\n\n\n\n<p>A Constitui\u00e7\u00e3o elenca, atualmente, como seguran\u00e7a p\u00fablica os seguintes \u00f3rg\u00e3os: Pol\u00edcia Federal; Pol\u00edcia Rodovi\u00e1ria Federal; Pol\u00edcia Ferrovi\u00e1ria Federal; pol\u00edcias civis; pol\u00edcias militares e corpos de bombeiros militares; e pol\u00edcias penais federal, estaduais e distrital.<\/p>\n\n\n\n<p>Pela PEC 37\/2022, aprovada pelos senadores, os munic\u00edpios poder\u00e3o atribuir fun\u00e7\u00f5es \u00e0s guardas ou pol\u00edcias municipais, como prote\u00e7\u00e3o de seus bens, servi\u00e7os, instala\u00e7\u00f5es; policiamento ostensivo local e comunit\u00e1rio; exerc\u00edcio de a\u00e7\u00f5es de seguran\u00e7a em seus territ\u00f3rios; e apoio e colabora\u00e7\u00e3o com os demais \u00f3rg\u00e3os de seguran\u00e7a p\u00fablica.<\/p>\n\n\n\n<p>Para isso, os munic\u00edpios poder\u00e3o mudar a lei o nome das guardas para &#8220;pol\u00edcia municipal&#8221;, &#8220;guarda civil&#8221;, &#8220;guarda civil municipal&#8221;, &#8220;guarda metropolitana&#8221; ou &#8220;guarda civil metropolitana&#8221;.<\/p>\n\n\n\n<p>No entanto, a altera\u00e7\u00e3o de nomenclatura ter\u00e1 de ser feita por meio de concurso p\u00fablico ou transforma\u00e7\u00e3o dos cargos e carreiras dos guardas municipais<\/p>\n","protected":false},"excerpt":{"rendered":"<p>O Senado aprovou nesta ter\u00e7a-feira (27) a proposta de emenda \u00e0 Constitui\u00e7\u00e3o (PEC) que incorpora as guardas municipais e os agentes de tr\u00e2nsito aos \u00f3rg\u00e3os de seguran\u00e7a p\u00fablica. O texto foi aprovado em primeiro e segundo turnos e vai para vota\u00e7\u00e3o na C\u00e2mara dos Deputados. A Constitui\u00e7\u00e3o elenca, atualmente, como seguran\u00e7a p\u00fablica os seguintes \u00f3rg\u00e3os: [&hellip;]<\/p>\n","protected":false},"author":13,"featured_media":85662,"comment_status":"open","ping_status":"open","sticky":false,"template":"","format":"standard","meta":{"_acf_changed":false,"footnotes":""},"categories":[898,23,21],"tags":[],"class_list":["post-85661","post","type-post","status-publish","format-standard","has-post-thumbnail","hentry","category-manchete-segundaria","category-politica","category-todas-noticias"],"acf":[],"yoast_head":"<!-- This site is optimized with the Yoast SEO plugin v24.4 - https:\/\/yoast.com\/wordpress\/plugins\/seo\/ -->\n<title>Senado aprova PEC que inclui guarda municipal na seguran\u00e7a p\u00fablica - PORTAL DE NOT\u00cdCIAS CLEITON PINHEIRO<\/title>\n<meta name=\"robots\" content=\"index, follow, max-snippet:-1, max-image-preview:large, max-video-preview:-1\" \/>\n<link rel=\"canonical\" href=\"https:\/\/cleitonpinheiro.com.br\/site\/senado-aprova-pec-que-inclui-guarda-municipal-na-seguranca-publica\/\" \/>\n<meta property=\"og:locale\" content=\"pt_BR\" \/>\n<meta property=\"og:type\" content=\"article\" \/>\n<meta property=\"og:title\" content=\"Senado aprova PEC que inclui guarda municipal na seguran\u00e7a p\u00fablica - PORTAL DE NOT\u00cdCIAS CLEITON PINHEIRO\" \/>\n<meta property=\"og:description\" content=\"O Senado aprovou nesta ter\u00e7a-feira (27) a proposta de emenda \u00e0 Constitui\u00e7\u00e3o (PEC) que incorpora as guardas municipais e os agentes de tr\u00e2nsito aos \u00f3rg\u00e3os de seguran\u00e7a p\u00fablica. O texto foi aprovado em primeiro e segundo turnos e vai para vota\u00e7\u00e3o na C\u00e2mara dos Deputados. A Constitui\u00e7\u00e3o elenca, atualmente, como seguran\u00e7a p\u00fablica os seguintes \u00f3rg\u00e3os: [&hellip;]\" \/>\n<meta property=\"og:url\" content=\"https:\/\/cleitonpinheiro.com.br\/site\/senado-aprova-pec-que-inclui-guarda-municipal-na-seguranca-publica\/\" \/>\n<meta property=\"og:site_name\" content=\"PORTAL DE NOT\u00cdCIAS CLEITON PINHEIRO\" \/>\n<meta property=\"article:publisher\" content=\"https:\/\/www.facebook.com\/portalcpnoticias\/\" \/>\n<meta property=\"article:published_time\" content=\"2025-05-28T14:36:34+00:00\" \/>\n<meta property=\"article:modified_time\" content=\"2025-05-28T14:36:50+00:00\" \/>\n<meta property=\"og:image\" content=\"https:\/\/cleitonpinheiro.com.br\/site\/wp-content\/uploads\/2025\/05\/lula4419.webp\" \/>\n\t<meta property=\"og:image:width\" content=\"1170\" \/>\n\t<meta property=\"og:image:height\" content=\"700\" \/>\n\t<meta property=\"og:image:type\" content=\"image\/webp\" \/>\n<meta name=\"author\" content=\"Reda\u00e7\u00e3o CP\" \/>\n<meta name=\"twitter:card\" content=\"summary_large_image\" \/>\n<meta name=\"twitter:label1\" content=\"Escrito por\" \/>\n\t<meta name=\"twitter:data1\" content=\"Reda\u00e7\u00e3o CP\" \/>\n\t<meta name=\"twitter:label2\" content=\"Est. tempo de leitura\" \/>\n\t<meta name=\"twitter:data2\" content=\"2 minutos\" \/>\n<script type=\"application\/ld+json\" class=\"yoast-schema-graph\">{\"@context\":\"https:\/\/schema.org\",\"@graph\":[{\"@type\":\"Article\",\"@id\":\"https:\/\/cleitonpinheiro.com.br\/site\/senado-aprova-pec-que-inclui-guarda-municipal-na-seguranca-publica\/#article\",\"isPartOf\":{\"@id\":\"https:\/\/cleitonpinheiro.com.br\/site\/senado-aprova-pec-que-inclui-guarda-municipal-na-seguranca-publica\/\"},\"author\":{\"name\":\"Reda\u00e7\u00e3o CP\",\"@id\":\"https:\/\/cleitonpinheiro.com.br\/site\/#\/schema\/person\/8f04544e0bc40a1b68775b08360f87db\"},\"headline\":\"Senado aprova PEC que inclui guarda municipal na seguran\u00e7a p\u00fablica\",\"datePublished\":\"2025-05-28T14:36:34+00:00\",\"dateModified\":\"2025-05-28T14:36:50+00:00\",\"mainEntityOfPage\":{\"@id\":\"https:\/\/cleitonpinheiro.com.br\/site\/senado-aprova-pec-que-inclui-guarda-municipal-na-seguranca-publica\/\"},\"wordCount\":232,\"commentCount\":0,\"publisher\":{\"@id\":\"https:\/\/cleitonpinheiro.com.br\/site\/#organization\"},\"image\":{\"@id\":\"https:\/\/cleitonpinheiro.com.br\/site\/senado-aprova-pec-que-inclui-guarda-municipal-na-seguranca-publica\/#primaryimage\"},\"thumbnailUrl\":\"https:\/\/cleitonpinheiro.com.br\/site\/wp-content\/uploads\/2025\/05\/lula4419.webp\",\"articleSection\":[\"MANCHETE SEGUND\u00c1RIA\",\"POL\u00cdTICA\",\"TODAS NOTICIAS\"],\"inLanguage\":\"pt-BR\",\"potentialAction\":[{\"@type\":\"CommentAction\",\"name\":\"Comment\",\"target\":[\"https:\/\/cleitonpinheiro.com.br\/site\/senado-aprova-pec-que-inclui-guarda-municipal-na-seguranca-publica\/#respond\"]}]},{\"@type\":\"WebPage\",\"@id\":\"https:\/\/cleitonpinheiro.com.br\/site\/senado-aprova-pec-que-inclui-guarda-municipal-na-seguranca-publica\/\",\"url\":\"https:\/\/cleitonpinheiro.com.br\/site\/senado-aprova-pec-que-inclui-guarda-municipal-na-seguranca-publica\/\",\"name\":\"Senado aprova PEC que inclui guarda municipal na seguran\u00e7a p\u00fablica - PORTAL DE NOT\u00cdCIAS CLEITON PINHEIRO\",\"isPartOf\":{\"@id\":\"https:\/\/cleitonpinheiro.com.br\/site\/#website\"},\"primaryImageOfPage\":{\"@id\":\"https:\/\/cleitonpinheiro.com.br\/site\/senado-aprova-pec-que-inclui-guarda-municipal-na-seguranca-publica\/#primaryimage\"},\"image\":{\"@id\":\"https:\/\/cleitonpinheiro.com.br\/site\/senado-aprova-pec-que-inclui-guarda-municipal-na-seguranca-publica\/#primaryimage\"},\"thumbnailUrl\":\"https:\/\/cleitonpinheiro.com.br\/site\/wp-content\/uploads\/2025\/05\/lula4419.webp\",\"datePublished\":\"2025-05-28T14:36:34+00:00\",\"dateModified\":\"2025-05-28T14:36:50+00:00\",\"breadcrumb\":{\"@id\":\"https:\/\/cleitonpinheiro.com.br\/site\/senado-aprova-pec-que-inclui-guarda-municipal-na-seguranca-publica\/#breadcrumb\"},\"inLanguage\":\"pt-BR\",\"potentialAction\":[{\"@type\":\"ReadAction\",\"target\":[\"https:\/\/cleitonpinheiro.com.br\/site\/senado-aprova-pec-que-inclui-guarda-municipal-na-seguranca-publica\/\"]}]},{\"@type\":\"ImageObject\",\"inLanguage\":\"pt-BR\",\"@id\":\"https:\/\/cleitonpinheiro.com.br\/site\/senado-aprova-pec-que-inclui-guarda-municipal-na-seguranca-publica\/#primaryimage\",\"url\":\"https:\/\/cleitonpinheiro.com.br\/site\/wp-content\/uploads\/2025\/05\/lula4419.webp\",\"contentUrl\":\"https:\/\/cleitonpinheiro.com.br\/site\/wp-content\/uploads\/2025\/05\/lula4419.webp\",\"width\":1170,\"height\":700,\"caption\":\"\u00a9 Lula Marques\/Ag\u00eancia Brasil\"},{\"@type\":\"BreadcrumbList\",\"@id\":\"https:\/\/cleitonpinheiro.com.br\/site\/senado-aprova-pec-que-inclui-guarda-municipal-na-seguranca-publica\/#breadcrumb\",\"itemListElement\":[{\"@type\":\"ListItem\",\"position\":1,\"name\":\"In\u00edcio\",\"item\":\"https:\/\/cleitonpinheiro.com.br\/site\/\"},{\"@type\":\"ListItem\",\"position\":2,\"name\":\"Senado aprova PEC que inclui guarda municipal na seguran\u00e7a p\u00fablica\"}]},{\"@type\":\"WebSite\",\"@id\":\"https:\/\/cleitonpinheiro.com.br\/site\/#website\",\"url\":\"https:\/\/cleitonpinheiro.com.br\/site\/\",\"name\":\"PORTAL DE NOT\u00cdCIAS CLEITON PINHEIRO\",\"description\":\"FALANDO A VERDADE\",\"publisher\":{\"@id\":\"https:\/\/cleitonpinheiro.com.br\/site\/#organization\"},\"potentialAction\":[{\"@type\":\"SearchAction\",\"target\":{\"@type\":\"EntryPoint\",\"urlTemplate\":\"https:\/\/cleitonpinheiro.com.br\/site\/?s={search_term_string}\"},\"query-input\":{\"@type\":\"PropertyValueSpecification\",\"valueRequired\":true,\"valueName\":\"search_term_string\"}}],\"inLanguage\":\"pt-BR\"},{\"@type\":\"Organization\",\"@id\":\"https:\/\/cleitonpinheiro.com.br\/site\/#organization\",\"name\":\"CPNOT\u00cdCIAS\",\"url\":\"https:\/\/cleitonpinheiro.com.br\/site\/\",\"logo\":{\"@type\":\"ImageObject\",\"inLanguage\":\"pt-BR\",\"@id\":\"https:\/\/cleitonpinheiro.com.br\/site\/#\/schema\/logo\/image\/\",\"url\":\"https:\/\/cleitonpinheiro.com.br\/site\/wp-content\/uploads\/2022\/08\/Logo-pequena-2.png\",\"contentUrl\":\"https:\/\/cleitonpinheiro.com.br\/site\/wp-content\/uploads\/2022\/08\/Logo-pequena-2.png\",\"width\":500,\"height\":500,\"caption\":\"CPNOT\u00cdCIAS\"},\"image\":{\"@id\":\"https:\/\/cleitonpinheiro.com.br\/site\/#\/schema\/logo\/image\/\"},\"sameAs\":[\"https:\/\/www.facebook.com\/portalcpnoticias\/\"]},{\"@type\":\"Person\",\"@id\":\"https:\/\/cleitonpinheiro.com.br\/site\/#\/schema\/person\/8f04544e0bc40a1b68775b08360f87db\",\"name\":\"Reda\u00e7\u00e3o CP\",\"image\":{\"@type\":\"ImageObject\",\"inLanguage\":\"pt-BR\",\"@id\":\"https:\/\/cleitonpinheiro.com.br\/site\/#\/schema\/person\/image\/\",\"url\":\"https:\/\/secure.gravatar.com\/avatar\/0bcf19cb29fdc8fc588c490c7ae1b3e174dac268586a63fbe1d1893a0f9020cd?s=96&r=g\",\"contentUrl\":\"https:\/\/secure.gravatar.com\/avatar\/0bcf19cb29fdc8fc588c490c7ae1b3e174dac268586a63fbe1d1893a0f9020cd?s=96&r=g\",\"caption\":\"Reda\u00e7\u00e3o CP\"},\"url\":\"https:\/\/cleitonpinheiro.com.br\/site\/author\/redacao\/\"}]}<\/script>\n<!-- \/ Yoast SEO plugin. -->","yoast_head_json":{"title":"Senado aprova PEC que inclui guarda municipal na seguran\u00e7a p\u00fablica - PORTAL DE NOT\u00cdCIAS CLEITON PINHEIRO","robots":{"index":"index","follow":"follow","max-snippet":"max-snippet:-1","max-image-preview":"max-image-preview:large","max-video-preview":"max-video-preview:-1"},"canonical":"https:\/\/cleitonpinheiro.com.br\/site\/senado-aprova-pec-que-inclui-guarda-municipal-na-seguranca-publica\/","og_locale":"pt_BR","og_type":"article","og_title":"Senado aprova PEC que inclui guarda municipal na seguran\u00e7a p\u00fablica - PORTAL DE NOT\u00cdCIAS CLEITON PINHEIRO","og_description":"O Senado aprovou nesta ter\u00e7a-feira (27) a proposta de emenda \u00e0 Constitui\u00e7\u00e3o (PEC) que incorpora as guardas municipais e os agentes de tr\u00e2nsito aos \u00f3rg\u00e3os de seguran\u00e7a p\u00fablica. O texto foi aprovado em primeiro e segundo turnos e vai para vota\u00e7\u00e3o na C\u00e2mara dos Deputados. A Constitui\u00e7\u00e3o elenca, atualmente, como seguran\u00e7a p\u00fablica os seguintes \u00f3rg\u00e3os: [&hellip;]","og_url":"https:\/\/cleitonpinheiro.com.br\/site\/senado-aprova-pec-que-inclui-guarda-municipal-na-seguranca-publica\/","og_site_name":"PORTAL DE NOT\u00cdCIAS CLEITON PINHEIRO","article_publisher":"https:\/\/www.facebook.com\/portalcpnoticias\/","article_published_time":"2025-05-28T14:36:34+00:00","article_modified_time":"2025-05-28T14:36:50+00:00","og_image":[{"width":1170,"height":700,"url":"https:\/\/cleitonpinheiro.com.br\/site\/wp-content\/uploads\/2025\/05\/lula4419.webp","type":"image\/webp"}],"author":"Reda\u00e7\u00e3o CP","twitter_card":"summary_large_image","twitter_misc":{"Escrito por":"Reda\u00e7\u00e3o CP","Est. tempo de leitura":"2 minutos"},"schema":{"@context":"https:\/\/schema.org","@graph":[{"@type":"Article","@id":"https:\/\/cleitonpinheiro.com.br\/site\/senado-aprova-pec-que-inclui-guarda-municipal-na-seguranca-publica\/#article","isPartOf":{"@id":"https:\/\/cleitonpinheiro.com.br\/site\/senado-aprova-pec-que-inclui-guarda-municipal-na-seguranca-publica\/"},"author":{"name":"Reda\u00e7\u00e3o CP","@id":"https:\/\/cleitonpinheiro.com.br\/site\/#\/schema\/person\/8f04544e0bc40a1b68775b08360f87db"},"headline":"Senado aprova PEC que inclui guarda municipal na seguran\u00e7a p\u00fablica","datePublished":"2025-05-28T14:36:34+00:00","dateModified":"2025-05-28T14:36:50+00:00","mainEntityOfPage":{"@id":"https:\/\/cleitonpinheiro.com.br\/site\/senado-aprova-pec-que-inclui-guarda-municipal-na-seguranca-publica\/"},"wordCount":232,"commentCount":0,"publisher":{"@id":"https:\/\/cleitonpinheiro.com.br\/site\/#organization"},"image":{"@id":"https:\/\/cleitonpinheiro.com.br\/site\/senado-aprova-pec-que-inclui-guarda-municipal-na-seguranca-publica\/#primaryimage"},"thumbnailUrl":"https:\/\/cleitonpinheiro.com.br\/site\/wp-content\/uploads\/2025\/05\/lula4419.webp","articleSection":["MANCHETE SEGUND\u00c1RIA","POL\u00cdTICA","TODAS NOTICIAS"],"inLanguage":"pt-BR","potentialAction":[{"@type":"CommentAction","name":"Comment","target":["https:\/\/cleitonpinheiro.com.br\/site\/senado-aprova-pec-que-inclui-guarda-municipal-na-seguranca-publica\/#respond"]}]},{"@type":"WebPage","@id":"https:\/\/cleitonpinheiro.com.br\/site\/senado-aprova-pec-que-inclui-guarda-municipal-na-seguranca-publica\/","url":"https:\/\/cleitonpinheiro.com.br\/site\/senado-aprova-pec-que-inclui-guarda-municipal-na-seguranca-publica\/","name":"Senado aprova PEC que inclui guarda municipal na seguran\u00e7a p\u00fablica - PORTAL DE NOT\u00cdCIAS CLEITON PINHEIRO","isPartOf":{"@id":"https:\/\/cleitonpinheiro.com.br\/site\/#website"},"primaryImageOfPage":{"@id":"https:\/\/cleitonpinheiro.com.br\/site\/senado-aprova-pec-que-inclui-guarda-municipal-na-seguranca-publica\/#primaryimage"},"image":{"@id":"https:\/\/cleitonpinheiro.com.br\/site\/senado-aprova-pec-que-inclui-guarda-municipal-na-seguranca-publica\/#primaryimage"},"thumbnailUrl":"https:\/\/cleitonpinheiro.com.br\/site\/wp-content\/uploads\/2025\/05\/lula4419.webp","datePublished":"2025-05-28T14:36:34+00:00","dateModified":"2025-05-28T14:36:50+00:00","breadcrumb":{"@id":"https:\/\/cleitonpinheiro.com.br\/site\/senado-aprova-pec-que-inclui-guarda-municipal-na-seguranca-publica\/#breadcrumb"},"inLanguage":"pt-BR","potentialAction":[{"@type":"ReadAction","target":["https:\/\/cleitonpinheiro.com.br\/site\/senado-aprova-pec-que-inclui-guarda-municipal-na-seguranca-publica\/"]}]},{"@type":"ImageObject","inLanguage":"pt-BR","@id":"https:\/\/cleitonpinheiro.com.br\/site\/senado-aprova-pec-que-inclui-guarda-municipal-na-seguranca-publica\/#primaryimage","url":"https:\/\/cleitonpinheiro.com.br\/site\/wp-content\/uploads\/2025\/05\/lula4419.webp","contentUrl":"https:\/\/cleitonpinheiro.com.br\/site\/wp-content\/uploads\/2025\/05\/lula4419.webp","width":1170,"height":700,"caption":"\u00a9 Lula Marques\/Ag\u00eancia Brasil"},{"@type":"BreadcrumbList","@id":"https:\/\/cleitonpinheiro.com.br\/site\/senado-aprova-pec-que-inclui-guarda-municipal-na-seguranca-publica\/#breadcrumb","itemListElement":[{"@type":"ListItem","position":1,"name":"In\u00edcio","item":"https:\/\/cleitonpinheiro.com.br\/site\/"},{"@type":"ListItem","position":2,"name":"Senado aprova PEC que inclui guarda municipal na seguran\u00e7a p\u00fablica"}]},{"@type":"WebSite","@id":"https:\/\/cleitonpinheiro.com.br\/site\/#website","url":"https:\/\/cleitonpinheiro.com.br\/site\/","name":"PORTAL DE NOT\u00cdCIAS CLEITON PINHEIRO","description":"FALANDO A VERDADE","publisher":{"@id":"https:\/\/cleitonpinheiro.com.br\/site\/#organization"},"potentialAction":[{"@type":"SearchAction","target":{"@type":"EntryPoint","urlTemplate":"https:\/\/cleitonpinheiro.com.br\/site\/?s={search_term_string}"},"query-input":{"@type":"PropertyValueSpecification","valueRequired":true,"valueName":"search_term_string"}}],"inLanguage":"pt-BR"},{"@type":"Organization","@id":"https:\/\/cleitonpinheiro.com.br\/site\/#organization","name":"CPNOT\u00cdCIAS","url":"https:\/\/cleitonpinheiro.com.br\/site\/","logo":{"@type":"ImageObject","inLanguage":"pt-BR","@id":"https:\/\/cleitonpinheiro.com.br\/site\/#\/schema\/logo\/image\/","url":"https:\/\/cleitonpinheiro.com.br\/site\/wp-content\/uploads\/2022\/08\/Logo-pequena-2.png","contentUrl":"https:\/\/cleitonpinheiro.com.br\/site\/wp-content\/uploads\/2022\/08\/Logo-pequena-2.png","width":500,"height":500,"caption":"CPNOT\u00cdCIAS"},"image":{"@id":"https:\/\/cleitonpinheiro.com.br\/site\/#\/schema\/logo\/image\/"},"sameAs":["https:\/\/www.facebook.com\/portalcpnoticias\/"]},{"@type":"Person","@id":"https:\/\/cleitonpinheiro.com.br\/site\/#\/schema\/person\/8f04544e0bc40a1b68775b08360f87db","name":"Reda\u00e7\u00e3o CP","image":{"@type":"ImageObject","inLanguage":"pt-BR","@id":"https:\/\/cleitonpinheiro.com.br\/site\/#\/schema\/person\/image\/","url":"https:\/\/secure.gravatar.com\/avatar\/0bcf19cb29fdc8fc588c490c7ae1b3e174dac268586a63fbe1d1893a0f9020cd?s=96&r=g","contentUrl":"https:\/\/secure.gravatar.com\/avatar\/0bcf19cb29fdc8fc588c490c7ae1b3e174dac268586a63fbe1d1893a0f9020cd?s=96&r=g","caption":"Reda\u00e7\u00e3o CP"},"url":"https:\/\/cleitonpinheiro.com.br\/site\/author\/redacao\/"}]}},"views":151,"_links":{"self":[{"href":"https:\/\/cleitonpinheiro.com.br\/site\/wp-json\/wp\/v2\/posts\/85661","targetHints":{"allow":["GET"]}}],"collection":[{"href":"https:\/\/cleitonpinheiro.com.br\/site\/wp-json\/wp\/v2\/posts"}],"about":[{"href":"https:\/\/cleitonpinheiro.com.br\/site\/wp-json\/wp\/v2\/types\/post"}],"author":[{"embeddable":true,"href":"https:\/\/cleitonpinheiro.com.br\/site\/wp-json\/wp\/v2\/users\/13"}],"replies":[{"embeddable":true,"href":"https:\/\/cleitonpinheiro.com.br\/site\/wp-json\/wp\/v2\/comments?post=85661"}],"version-history":[{"count":1,"href":"https:\/\/cleitonpinheiro.com.br\/site\/wp-json\/wp\/v2\/posts\/85661\/revisions"}],"predecessor-version":[{"id":85663,"href":"https:\/\/cleitonpinheiro.com.br\/site\/wp-json\/wp\/v2\/posts\/85661\/revisions\/85663"}],"wp:featuredmedia":[{"embeddable":true,"href":"https:\/\/cleitonpinheiro.com.br\/site\/wp-json\/wp\/v2\/media\/85662"}],"wp:attachment":[{"href":"https:\/\/cleitonpinheiro.com.br\/site\/wp-json\/wp\/v2\/media?parent=85661"}],"wp:term":[{"taxonomy":"category","embeddable":true,"href":"https:\/\/cleitonpinheiro.com.br\/site\/wp-json\/wp\/v2\/categories?post=85661"},{"taxonomy":"post_tag","embeddable":true,"href":"https:\/\/cleitonpinheiro.com.br\/site\/wp-json\/wp\/v2\/tags?post=85661"}],"curies":[{"name":"wp","href":"https:\/\/api.w.org\/{rel}","templated":true}]}}